{"id":2335,"date":"2022-06-24T01:42:29","date_gmt":"2022-06-24T01:42:29","guid":{"rendered":"https:\/\/www.sensorialsunsets.com\/lhymne-national-du-costa-rica\/"},"modified":"2022-06-27T21:11:34","modified_gmt":"2022-06-27T21:11:34","slug":"lhymne-national-du-costa-rica","status":"publish","type":"post","link":"https:\/\/www.sensorialsunsets.com\/fr\/lhymne-national-du-costa-rica\/","title":{"rendered":"L&rsquo;hymne national du Costa Rica"},"content":{"rendered":"\n<p>L&rsquo;hymne national, symbole national de la R\u00e9publique du Costa Rica, a \u00e9t\u00e9 cr\u00e9\u00e9 d&rsquo;une mani\u00e8re assez curieuse. La musique et les paroles de l&rsquo;actuel hymne national du Costa Rica datent de dates diff\u00e9rentes.<\/p>\n\n<h2 class=\"wp-block-heading\">Histoire de l&rsquo;hymne national du Costa Rica<\/h2>\n\n<p><strong>La musique<\/strong>&#13;\nContrairement aux autres pays voisins, le Costa Rica n&rsquo;a pas d&rsquo;hymne. En juin 1852, Juan Rafael Mora Porras re\u00e7oit la visite d&rsquo;importantes missions diplomatiques de Grande-Bretagne et des \u00c9tats-Unis et demande la cr\u00e9ation d&rsquo;un hymne pour ce jour. Don Jos\u00e9 Joaqu\u00edn Mora, le fr\u00e8re du pr\u00e9sident, demande au jeune musicien Manuel Mar\u00eda Guti\u00e9rrez, directeur g\u00e9n\u00e9ral des fanfares et directeur de la fanfare militaire de San Jos\u00e9, de composer la musique d&rsquo;un hymne national pour le Costa Rica. La l\u00e9gende veut que le compositeur Manuel Mar\u00eda Guti\u00e9rrez ait d\u00fb composer la musique de l&rsquo;hymne enferm\u00e9 dans une cellule, pour avoir refus\u00e9 l&rsquo;ordre que lui avait donn\u00e9 le pr\u00e9sident de composer l&rsquo;hymne en vingt-quatre heures.&#13;\nLe 11 juin 1852 \u00e0 midi, \u00e0 la Maison du gouvernement, la fanfare militaire de San Jos\u00e9 a jou\u00e9 pour la premi\u00e8re fois les notes de l&rsquo;hymne national du Costa Rica.&#13;\nLa musique a d\u00fb attendre 127 ans avant d&rsquo;\u00eatre officialis\u00e9e, et ce n&rsquo;est que le 1er septembre 1979, par le biais du d\u00e9cret N\u00ba 10471-E du pr\u00e9sident Rodrigo Carazo, que le d\u00e9cret correspondant a \u00e9t\u00e9 promulgu\u00e9.<\/p>\n\n<p><strong>Les paroles<\/strong><\/p>\n\n<p>Fait curieux : il y a eu trois textes diff\u00e9rents avant le texte actuel.&#13;\nLe premier texte a \u00e9t\u00e9 \u00e9crit par le po\u00e8te colombien Jos\u00e9 Manuel Lleras et a \u00e9t\u00e9 cr\u00e9\u00e9 en 1873. En 1879, la seconde a \u00e9t\u00e9 r\u00e9alis\u00e9e par le s\u00e9minariste de Cartago, Juan Garita y Guill\u00e9n. Le troisi\u00e8me a \u00e9t\u00e9 \u00e9crit en 1888 par le p\u00e9dagogue espagnol Juan Fern\u00e1ndez Ferraz, avec des arrangements de Jos\u00e9 Campabadal.&#13;\nLe 2 juillet 1903, le pr\u00e9sident Ascenci\u00f3n Esquivel Ibarra organise un concours public. Le 24 ao\u00fbt 1903, un jury a d\u00e9cern\u00e9 le prix au jeune po\u00e8te Jos\u00e9 Mar\u00eda \u00ab\u00a0Billo\u00a0\u00bb Zeled\u00f3n.&#13;\nLe 10 juin 1949, le pr\u00e9sident Figueres Ferrer, par le d\u00e9cret n\u00b0 551, d\u00e9clare officiellement les textes.<\/p>\n\n<figure class=\"wp-block-image size-large is-resized\"><img loading=\"lazy\" decoding=\"async\" src=\"https:\/\/www.sensorialsunsets.com\/wp-content\/uploads\/2022\/06\/800px-Musica_del_Himno_Nacional_de_Costa_Rica_1-742x1024.jpg\" alt=\"hymne-national-costa-rica-sensorial-sunsets\" class=\"wp-image-2333\" width=\"598\" height=\"825\" srcset=\"https:\/\/www.sensorialsunsets.com\/wp-content\/uploads\/2022\/06\/800px-Musica_del_Himno_Nacional_de_Costa_Rica_1-742x1024.jpg 742w, https:\/\/www.sensorialsunsets.com\/wp-content\/uploads\/2022\/06\/800px-Musica_del_Himno_Nacional_de_Costa_Rica_1-217x300.jpg 217w, https:\/\/www.sensorialsunsets.com\/wp-content\/uploads\/2022\/06\/800px-Musica_del_Himno_Nacional_de_Costa_Rica_1-768x1060.jpg 768w, https:\/\/www.sensorialsunsets.com\/wp-content\/uploads\/2022\/06\/800px-Musica_del_Himno_Nacional_de_Costa_Rica_1.jpg 800w\" sizes=\"auto, (max-width: 598px) 100vw, 598px\" \/><figcaption>L&rsquo;hymne national du Costa Rica<\/figcaption><\/figure>\n<h2 class=\"wp-block-heading\">Pol\u00e9mique moderne \u00e0 propos des paroles<\/h2>\n\n<p>\u00a0&#13;\n&#13;\nEn 2010, une controverse a \u00e9clat\u00e9 au sujet des paroles. En effet, l&rsquo;hymne chante :&#13;\n\u00ab\u00a0tu verras ton peuple, brave et viril, l&rsquo;outil grossier transformer en arme\u00a0\u00bb et&#13;\n\u00ab\u00a0dans la lutte tenace du travail fructueux qui rougit le visage de l&rsquo;homme\u00a0\u00bb, excluant ainsi les femmes costariciennes. Bien s\u00fbr, cette lettre a \u00e9t\u00e9 \u00e9crite en 1903, \u00e0 une \u00e9poque o\u00f9 les hommes dominaient l&rsquo;ensemble de la vie au Costa Rica.&#13;\n&#13;\nL&rsquo;affaire a \u00e9t\u00e9 port\u00e9e devant la Chambre constitutionnelle, lorsqu&rsquo;une femme a d\u00e9pos\u00e9 une plainte demandant la modification et la modernisation des textes.<\/p>\n\n<p><\/p>\n\n<p><strong>Auteure<\/strong>: M. Barrantes pour Sensorial Sunsets<\/p>\n\n<p><\/p>\n\n<h2 class=\"wp-block-heading\">R\u00e9f\u00e9rences<\/h2>\n\n<p><a href=\"https:\/\/www.ucr.ac.cr\/noticias\/2021\/09\/27\/las-palabras-de-los-himnos-nacionales-de-costa-rica-se-exalto-siempre-el-trabajo-y-la-paz.html\">https:\/\/www.ucr.ac.cr\/noticias\/2021\/09\/27\/las-palabras-de-los-himnos-nacionales-de-costa-rica-se-exalto-siempre-el-trabajo-y-la-paz.html<\/a><\/p>\n\n<p><a href=\"https:\/\/www.bbc.com\/mundo\/noticias\/2010\/11\/101119_costa_rica_himno_polemica_vh\">https:\/\/www.bbc.com\/mundo\/noticias\/2010\/11\/101119_costa_rica_himno_polemica_vh<\/a><\/p>\n\n<p><br\/><br\/><\/p>\n\n<p><br\/><br\/><\/p>\n","protected":false},"excerpt":{"rendered":"<p>L&rsquo;hymne national, symbole national de la R\u00e9publique du Costa Rica, a \u00e9t\u00e9 cr\u00e9\u00e9 d&rsquo;une mani\u00e8re assez curieuse. La musique et les paroles de l&rsquo;actuel hymne national du Costa Rica datent de dates diff\u00e9rentes. Histoire de l&rsquo;hymne national du Costa Rica La musique&#13; Contrairement aux autres pays voisins, le Costa Rica n&rsquo;a pas d&rsquo;hymne. En juin [&hellip;]<\/p>\n","protected":false},"author":5,"featured_media":2330,"comment_status":"closed","ping_status":"closed","sticky":false,"template":"","format":"standard","meta":{"_acf_changed":false,"inline_featured_image":false,"_monsterinsights_skip_tracking":false,"_monsterinsights_sitenote_active":false,"_monsterinsights_sitenote_note":"","_monsterinsights_sitenote_category":0,"footnotes":""},"categories":[100,104],"tags":[],"class_list":["post-2335","post","type-post","status-publish","format-standard","has-post-thumbnail","hentry","category-costa-rica-fr","category-culture-fr"],"acf":[],"yoast_head":"<!-- This site is optimized with the Yoast SEO plugin v27.4 - https:\/\/yoast.com\/product\/yoast-seo-wordpress\/ -->\n<title>L&#039;hymne national du Costa Rica - SensorialSunsets<\/title>\n<meta name=\"description\" content=\"L&#039;hymne national a \u00e9t\u00e9 cr\u00e9\u00e9 d&#039;une mani\u00e8re curieuse. La musique et les paroles de l&#039;hymne national actuel du Costa Rica datent de diff\u00e9rentes dates.\" \/>\n<meta name=\"robots\" content=\"index, follow, max-snippet:-1, max-image-preview:large, max-video-preview:-1\" \/>\n<link rel=\"canonical\" href=\"https:\/\/www.sensorialsunsets.com\/fr\/lhymne-national-du-costa-rica\/\" \/>\n<meta property=\"og:locale\" content=\"fr_FR\" \/>\n<meta property=\"og:type\" content=\"article\" \/>\n<meta property=\"og:title\" content=\"L&#039;hymne national du Costa Rica - SensorialSunsets\" \/>\n<meta property=\"og:description\" content=\"L&#039;hymne national a \u00e9t\u00e9 cr\u00e9\u00e9 d&#039;une mani\u00e8re curieuse. La musique et les paroles de l&#039;hymne national actuel du Costa Rica datent de diff\u00e9rentes dates.\" \/>\n<meta property=\"og:url\" content=\"https:\/\/www.sensorialsunsets.com\/fr\/lhymne-national-du-costa-rica\/\" \/>\n<meta property=\"og:site_name\" content=\"SensorialSunsets\" \/>\n<meta property=\"article:publisher\" content=\"https:\/\/www.facebook.com\/Sensorial-Sunsets-109180614715562\" \/>\n<meta property=\"article:published_time\" content=\"2022-06-24T01:42:29+00:00\" \/>\n<meta property=\"article:modified_time\" content=\"2022-06-27T21:11:34+00:00\" \/>\n<meta property=\"og:image\" content=\"https:\/\/www.sensorialsunsets.com\/wp-content\/uploads\/2022\/06\/800px-Himno_Nacional_de_Costa_Rica_portada.jpg\" \/>\n\t<meta property=\"og:image:width\" content=\"800\" \/>\n\t<meta property=\"og:image:height\" content=\"1232\" \/>\n\t<meta property=\"og:image:type\" content=\"image\/jpeg\" \/>\n<meta name=\"author\" content=\"Marian Barrantes\" \/>\n<meta name=\"twitter:card\" content=\"summary_large_image\" \/>\n<meta name=\"twitter:label1\" content=\"\u00c9crit par\" \/>\n\t<meta name=\"twitter:data1\" content=\"Marian Barrantes\" \/>\n\t<meta name=\"twitter:label2\" content=\"Dur\u00e9e de lecture estim\u00e9e\" \/>\n\t<meta name=\"twitter:data2\" content=\"2 minutes\" \/>\n<script type=\"application\/ld+json\" class=\"yoast-schema-graph\">{\"@context\":\"https:\\\/\\\/schema.org\",\"@graph\":[{\"@type\":\"Article\",\"@id\":\"https:\\\/\\\/www.sensorialsunsets.com\\\/fr\\\/lhymne-national-du-costa-rica\\\/#article\",\"isPartOf\":{\"@id\":\"https:\\\/\\\/www.sensorialsunsets.com\\\/fr\\\/lhymne-national-du-costa-rica\\\/\"},\"author\":{\"name\":\"Marian Barrantes\",\"@id\":\"https:\\\/\\\/www.sensorialsunsets.com\\\/fr\\\/#\\\/schema\\\/person\\\/a8336a4dbeee633f087a194db2ca482f\"},\"headline\":\"L&rsquo;hymne national du Costa Rica\",\"datePublished\":\"2022-06-24T01:42:29+00:00\",\"dateModified\":\"2022-06-27T21:11:34+00:00\",\"mainEntityOfPage\":{\"@id\":\"https:\\\/\\\/www.sensorialsunsets.com\\\/fr\\\/lhymne-national-du-costa-rica\\\/\"},\"wordCount\":519,\"publisher\":{\"@id\":\"https:\\\/\\\/www.sensorialsunsets.com\\\/fr\\\/#organization\"},\"image\":{\"@id\":\"https:\\\/\\\/www.sensorialsunsets.com\\\/fr\\\/lhymne-national-du-costa-rica\\\/#primaryimage\"},\"thumbnailUrl\":\"https:\\\/\\\/www.sensorialsunsets.com\\\/wp-content\\\/uploads\\\/2022\\\/06\\\/800px-Himno_Nacional_de_Costa_Rica_portada.jpg\",\"articleSection\":[\"Costa Rica\",\"Culture\"],\"inLanguage\":\"fr-FR\"},{\"@type\":\"WebPage\",\"@id\":\"https:\\\/\\\/www.sensorialsunsets.com\\\/fr\\\/lhymne-national-du-costa-rica\\\/\",\"url\":\"https:\\\/\\\/www.sensorialsunsets.com\\\/fr\\\/lhymne-national-du-costa-rica\\\/\",\"name\":\"L'hymne national du Costa Rica - SensorialSunsets\",\"isPartOf\":{\"@id\":\"https:\\\/\\\/www.sensorialsunsets.com\\\/fr\\\/#website\"},\"primaryImageOfPage\":{\"@id\":\"https:\\\/\\\/www.sensorialsunsets.com\\\/fr\\\/lhymne-national-du-costa-rica\\\/#primaryimage\"},\"image\":{\"@id\":\"https:\\\/\\\/www.sensorialsunsets.com\\\/fr\\\/lhymne-national-du-costa-rica\\\/#primaryimage\"},\"thumbnailUrl\":\"https:\\\/\\\/www.sensorialsunsets.com\\\/wp-content\\\/uploads\\\/2022\\\/06\\\/800px-Himno_Nacional_de_Costa_Rica_portada.jpg\",\"datePublished\":\"2022-06-24T01:42:29+00:00\",\"dateModified\":\"2022-06-27T21:11:34+00:00\",\"description\":\"L'hymne national a \u00e9t\u00e9 cr\u00e9\u00e9 d'une mani\u00e8re curieuse. La musique et les paroles de l'hymne national actuel du Costa Rica datent de diff\u00e9rentes dates.\",\"inLanguage\":\"fr-FR\",\"potentialAction\":[{\"@type\":\"ReadAction\",\"target\":[\"https:\\\/\\\/www.sensorialsunsets.com\\\/fr\\\/lhymne-national-du-costa-rica\\\/\"]}]},{\"@type\":\"ImageObject\",\"inLanguage\":\"fr-FR\",\"@id\":\"https:\\\/\\\/www.sensorialsunsets.com\\\/fr\\\/lhymne-national-du-costa-rica\\\/#primaryimage\",\"url\":\"https:\\\/\\\/www.sensorialsunsets.com\\\/wp-content\\\/uploads\\\/2022\\\/06\\\/800px-Himno_Nacional_de_Costa_Rica_portada.jpg\",\"contentUrl\":\"https:\\\/\\\/www.sensorialsunsets.com\\\/wp-content\\\/uploads\\\/2022\\\/06\\\/800px-Himno_Nacional_de_Costa_Rica_portada.jpg\",\"width\":800,\"height\":1232},{\"@type\":\"WebSite\",\"@id\":\"https:\\\/\\\/www.sensorialsunsets.com\\\/fr\\\/#website\",\"url\":\"https:\\\/\\\/www.sensorialsunsets.com\\\/fr\\\/\",\"name\":\"SensorialSunsets.com\",\"description\":\"D\u00e9couvrez la culture et la soci\u00e9t\u00e9 du Costa Rica sur notre blog. Explorez des articles captivants et partagez le contenu.\",\"publisher\":{\"@id\":\"https:\\\/\\\/www.sensorialsunsets.com\\\/fr\\\/#organization\"},\"alternateName\":\"Costa Rica Live Blog\",\"potentialAction\":[{\"@type\":\"SearchAction\",\"target\":{\"@type\":\"EntryPoint\",\"urlTemplate\":\"https:\\\/\\\/www.sensorialsunsets.com\\\/fr\\\/?s={search_term_string}\"},\"query-input\":{\"@type\":\"PropertyValueSpecification\",\"valueRequired\":true,\"valueName\":\"search_term_string\"}}],\"inLanguage\":\"fr-FR\"},{\"@type\":\"Organization\",\"@id\":\"https:\\\/\\\/www.sensorialsunsets.com\\\/fr\\\/#organization\",\"name\":\"SensorialSunsets\",\"url\":\"https:\\\/\\\/www.sensorialsunsets.com\\\/fr\\\/\",\"logo\":{\"@type\":\"ImageObject\",\"inLanguage\":\"fr-FR\",\"@id\":\"https:\\\/\\\/www.sensorialsunsets.com\\\/fr\\\/#\\\/schema\\\/logo\\\/image\\\/\",\"url\":\"https:\\\/\\\/www.sensorialsunsets.com\\\/wp-content\\\/uploads\\\/2023\\\/04\\\/Logo_base_line_fond_clair.svg\",\"contentUrl\":\"https:\\\/\\\/www.sensorialsunsets.com\\\/wp-content\\\/uploads\\\/2023\\\/04\\\/Logo_base_line_fond_clair.svg\",\"width\":\"1024\",\"height\":\"1024\",\"caption\":\"SensorialSunsets\"},\"image\":{\"@id\":\"https:\\\/\\\/www.sensorialsunsets.com\\\/fr\\\/#\\\/schema\\\/logo\\\/image\\\/\"},\"sameAs\":[\"https:\\\/\\\/www.facebook.com\\\/Sensorial-Sunsets-109180614715562\",\"https:\\\/\\\/www.instagram.com\\\/sensorialsunsets\\\/\"]},{\"@type\":\"Person\",\"@id\":\"https:\\\/\\\/www.sensorialsunsets.com\\\/fr\\\/#\\\/schema\\\/person\\\/a8336a4dbeee633f087a194db2ca482f\",\"name\":\"Marian Barrantes\",\"image\":{\"@type\":\"ImageObject\",\"inLanguage\":\"fr-FR\",\"@id\":\"https:\\\/\\\/secure.gravatar.com\\\/avatar\\\/fafbfab67eb28029818d03f44e3037bd798e04434d8d5c0cfc2eea8ec2882a22?s=96&d=mm&r=g\",\"url\":\"https:\\\/\\\/secure.gravatar.com\\\/avatar\\\/fafbfab67eb28029818d03f44e3037bd798e04434d8d5c0cfc2eea8ec2882a22?s=96&d=mm&r=g\",\"contentUrl\":\"https:\\\/\\\/secure.gravatar.com\\\/avatar\\\/fafbfab67eb28029818d03f44e3037bd798e04434d8d5c0cfc2eea8ec2882a22?s=96&d=mm&r=g\",\"caption\":\"Marian Barrantes\"},\"sameAs\":[\"https:\\\/\\\/www.sensorialsunsets.com\"],\"url\":\"https:\\\/\\\/www.sensorialsunsets.com\\\/fr\\\/author\\\/mbarrantes\\\/\"}]}<\/script>\n<!-- \/ Yoast SEO plugin. -->","yoast_head_json":{"title":"L'hymne national du Costa Rica - SensorialSunsets","description":"L'hymne national a \u00e9t\u00e9 cr\u00e9\u00e9 d'une mani\u00e8re curieuse. La musique et les paroles de l'hymne national actuel du Costa Rica datent de diff\u00e9rentes dates.","robots":{"index":"index","follow":"follow","max-snippet":"max-snippet:-1","max-image-preview":"max-image-preview:large","max-video-preview":"max-video-preview:-1"},"canonical":"https:\/\/www.sensorialsunsets.com\/fr\/lhymne-national-du-costa-rica\/","og_locale":"fr_FR","og_type":"article","og_title":"L'hymne national du Costa Rica - SensorialSunsets","og_description":"L'hymne national a \u00e9t\u00e9 cr\u00e9\u00e9 d'une mani\u00e8re curieuse. La musique et les paroles de l'hymne national actuel du Costa Rica datent de diff\u00e9rentes dates.","og_url":"https:\/\/www.sensorialsunsets.com\/fr\/lhymne-national-du-costa-rica\/","og_site_name":"SensorialSunsets","article_publisher":"https:\/\/www.facebook.com\/Sensorial-Sunsets-109180614715562","article_published_time":"2022-06-24T01:42:29+00:00","article_modified_time":"2022-06-27T21:11:34+00:00","og_image":[{"width":800,"height":1232,"url":"https:\/\/www.sensorialsunsets.com\/wp-content\/uploads\/2022\/06\/800px-Himno_Nacional_de_Costa_Rica_portada.jpg","type":"image\/jpeg"}],"author":"Marian Barrantes","twitter_card":"summary_large_image","twitter_misc":{"\u00c9crit par":"Marian Barrantes","Dur\u00e9e de lecture estim\u00e9e":"2 minutes"},"schema":{"@context":"https:\/\/schema.org","@graph":[{"@type":"Article","@id":"https:\/\/www.sensorialsunsets.com\/fr\/lhymne-national-du-costa-rica\/#article","isPartOf":{"@id":"https:\/\/www.sensorialsunsets.com\/fr\/lhymne-national-du-costa-rica\/"},"author":{"name":"Marian Barrantes","@id":"https:\/\/www.sensorialsunsets.com\/fr\/#\/schema\/person\/a8336a4dbeee633f087a194db2ca482f"},"headline":"L&rsquo;hymne national du Costa Rica","datePublished":"2022-06-24T01:42:29+00:00","dateModified":"2022-06-27T21:11:34+00:00","mainEntityOfPage":{"@id":"https:\/\/www.sensorialsunsets.com\/fr\/lhymne-national-du-costa-rica\/"},"wordCount":519,"publisher":{"@id":"https:\/\/www.sensorialsunsets.com\/fr\/#organization"},"image":{"@id":"https:\/\/www.sensorialsunsets.com\/fr\/lhymne-national-du-costa-rica\/#primaryimage"},"thumbnailUrl":"https:\/\/www.sensorialsunsets.com\/wp-content\/uploads\/2022\/06\/800px-Himno_Nacional_de_Costa_Rica_portada.jpg","articleSection":["Costa Rica","Culture"],"inLanguage":"fr-FR"},{"@type":"WebPage","@id":"https:\/\/www.sensorialsunsets.com\/fr\/lhymne-national-du-costa-rica\/","url":"https:\/\/www.sensorialsunsets.com\/fr\/lhymne-national-du-costa-rica\/","name":"L'hymne national du Costa Rica - SensorialSunsets","isPartOf":{"@id":"https:\/\/www.sensorialsunsets.com\/fr\/#website"},"primaryImageOfPage":{"@id":"https:\/\/www.sensorialsunsets.com\/fr\/lhymne-national-du-costa-rica\/#primaryimage"},"image":{"@id":"https:\/\/www.sensorialsunsets.com\/fr\/lhymne-national-du-costa-rica\/#primaryimage"},"thumbnailUrl":"https:\/\/www.sensorialsunsets.com\/wp-content\/uploads\/2022\/06\/800px-Himno_Nacional_de_Costa_Rica_portada.jpg","datePublished":"2022-06-24T01:42:29+00:00","dateModified":"2022-06-27T21:11:34+00:00","description":"L'hymne national a \u00e9t\u00e9 cr\u00e9\u00e9 d'une mani\u00e8re curieuse. La musique et les paroles de l'hymne national actuel du Costa Rica datent de diff\u00e9rentes dates.","inLanguage":"fr-FR","potentialAction":[{"@type":"ReadAction","target":["https:\/\/www.sensorialsunsets.com\/fr\/lhymne-national-du-costa-rica\/"]}]},{"@type":"ImageObject","inLanguage":"fr-FR","@id":"https:\/\/www.sensorialsunsets.com\/fr\/lhymne-national-du-costa-rica\/#primaryimage","url":"https:\/\/www.sensorialsunsets.com\/wp-content\/uploads\/2022\/06\/800px-Himno_Nacional_de_Costa_Rica_portada.jpg","contentUrl":"https:\/\/www.sensorialsunsets.com\/wp-content\/uploads\/2022\/06\/800px-Himno_Nacional_de_Costa_Rica_portada.jpg","width":800,"height":1232},{"@type":"WebSite","@id":"https:\/\/www.sensorialsunsets.com\/fr\/#website","url":"https:\/\/www.sensorialsunsets.com\/fr\/","name":"SensorialSunsets.com","description":"D\u00e9couvrez la culture et la soci\u00e9t\u00e9 du Costa Rica sur notre blog. Explorez des articles captivants et partagez le contenu.","publisher":{"@id":"https:\/\/www.sensorialsunsets.com\/fr\/#organization"},"alternateName":"Costa Rica Live Blog","potentialAction":[{"@type":"SearchAction","target":{"@type":"EntryPoint","urlTemplate":"https:\/\/www.sensorialsunsets.com\/fr\/?s={search_term_string}"},"query-input":{"@type":"PropertyValueSpecification","valueRequired":true,"valueName":"search_term_string"}}],"inLanguage":"fr-FR"},{"@type":"Organization","@id":"https:\/\/www.sensorialsunsets.com\/fr\/#organization","name":"SensorialSunsets","url":"https:\/\/www.sensorialsunsets.com\/fr\/","logo":{"@type":"ImageObject","inLanguage":"fr-FR","@id":"https:\/\/www.sensorialsunsets.com\/fr\/#\/schema\/logo\/image\/","url":"https:\/\/www.sensorialsunsets.com\/wp-content\/uploads\/2023\/04\/Logo_base_line_fond_clair.svg","contentUrl":"https:\/\/www.sensorialsunsets.com\/wp-content\/uploads\/2023\/04\/Logo_base_line_fond_clair.svg","width":"1024","height":"1024","caption":"SensorialSunsets"},"image":{"@id":"https:\/\/www.sensorialsunsets.com\/fr\/#\/schema\/logo\/image\/"},"sameAs":["https:\/\/www.facebook.com\/Sensorial-Sunsets-109180614715562","https:\/\/www.instagram.com\/sensorialsunsets\/"]},{"@type":"Person","@id":"https:\/\/www.sensorialsunsets.com\/fr\/#\/schema\/person\/a8336a4dbeee633f087a194db2ca482f","name":"Marian Barrantes","image":{"@type":"ImageObject","inLanguage":"fr-FR","@id":"https:\/\/secure.gravatar.com\/avatar\/fafbfab67eb28029818d03f44e3037bd798e04434d8d5c0cfc2eea8ec2882a22?s=96&d=mm&r=g","url":"https:\/\/secure.gravatar.com\/avatar\/fafbfab67eb28029818d03f44e3037bd798e04434d8d5c0cfc2eea8ec2882a22?s=96&d=mm&r=g","contentUrl":"https:\/\/secure.gravatar.com\/avatar\/fafbfab67eb28029818d03f44e3037bd798e04434d8d5c0cfc2eea8ec2882a22?s=96&d=mm&r=g","caption":"Marian Barrantes"},"sameAs":["https:\/\/www.sensorialsunsets.com"],"url":"https:\/\/www.sensorialsunsets.com\/fr\/author\/mbarrantes\/"}]}},"_links":{"self":[{"href":"https:\/\/www.sensorialsunsets.com\/fr\/wp-json\/wp\/v2\/posts\/2335","targetHints":{"allow":["GET"]}}],"collection":[{"href":"https:\/\/www.sensorialsunsets.com\/fr\/wp-json\/wp\/v2\/posts"}],"about":[{"href":"https:\/\/www.sensorialsunsets.com\/fr\/wp-json\/wp\/v2\/types\/post"}],"author":[{"embeddable":true,"href":"https:\/\/www.sensorialsunsets.com\/fr\/wp-json\/wp\/v2\/users\/5"}],"replies":[{"embeddable":true,"href":"https:\/\/www.sensorialsunsets.com\/fr\/wp-json\/wp\/v2\/comments?post=2335"}],"version-history":[{"count":0,"href":"https:\/\/www.sensorialsunsets.com\/fr\/wp-json\/wp\/v2\/posts\/2335\/revisions"}],"wp:featuredmedia":[{"embeddable":true,"href":"https:\/\/www.sensorialsunsets.com\/fr\/wp-json\/wp\/v2\/media\/2330"}],"wp:attachment":[{"href":"https:\/\/www.sensorialsunsets.com\/fr\/wp-json\/wp\/v2\/media?parent=2335"}],"wp:term":[{"taxonomy":"category","embeddable":true,"href":"https:\/\/www.sensorialsunsets.com\/fr\/wp-json\/wp\/v2\/categories?post=2335"},{"taxonomy":"post_tag","embeddable":true,"href":"https:\/\/www.sensorialsunsets.com\/fr\/wp-json\/wp\/v2\/tags?post=2335"}],"curies":[{"name":"wp","href":"https:\/\/api.w.org\/{rel}","templated":true}]}}