{"id":23430,"date":"2025-10-27T12:54:47","date_gmt":"2025-10-27T18:54:47","guid":{"rendered":"https:\/\/www.sensorialsunsets.com\/refuge-de-vie-sauvage-cerro-dantas-foret-nuageuse-a-heredia\/"},"modified":"2025-10-27T12:54:48","modified_gmt":"2025-10-27T18:54:48","slug":"refuge-de-vie-sauvage-cerro-dantas-foret-nuageuse-a-heredia","status":"publish","type":"post","link":"https:\/\/www.sensorialsunsets.com\/fr\/refuge-de-vie-sauvage-cerro-dantas-foret-nuageuse-a-heredia\/","title":{"rendered":"Refuge de vie sauvage Cerro Dantas : for\u00eat nuageuse \u00e0 Heredia"},"content":{"rendered":"\n<p>Situ\u00e9 dans les montagnes de Heredia, \u00e0 seulement 20 kilom\u00e8tres au nord-est de l&rsquo;Universit\u00e9 nationale et tout pr\u00e8s du parc national Braulio Carrillo, le refuge faunique Cerro Dantas est une destination id\u00e9ale pour les amateurs de randonn\u00e9e, d&rsquo;observation des oiseaux et de contact direct avec la nature. Cette r\u00e9serve, qui prot\u00e8ge environ 57 hectares de for\u00eat nuageuse primaire et secondaire, offre une exp\u00e9rience immersive entre brume, v\u00e9g\u00e9tation luxuriante, ruisseaux et chant constant des oiseaux.<\/p>\n\n<h4 class=\"wp-block-heading\">Sentiers et itin\u00e9raires de randonn\u00e9e<\/h4>\n\n<p>La r\u00e9serve de vie sauvage Cerro Dantas dispose de deux sentiers principaux qui permettent d&rsquo;explorer diff\u00e9rentes zones de la for\u00eat.<\/p>\n\n<p>Le <strong>sentier Expedition<\/strong>, long d&rsquo;environ 3,5 kilom\u00e8tres, traverse une partie de la for\u00eat nuageuse et comprend la visite d&rsquo;une des cascades du refuge. Il est id\u00e9al pour ceux qui recherchent une randonn\u00e9e courte, avec des pentes mod\u00e9r\u00e9es, des passages sur d&rsquo;anciens ponts et des zones boueuses qui ajoutent une touche d&rsquo;aventure. Depuis l&rsquo;endroit o\u00f9 l&rsquo;on laisse g\u00e9n\u00e9ralement son v\u00e9hicule jusqu&rsquo;\u00e0 la r\u00e9ception, la mont\u00e9e initiale est raide et constitue une excellente introduction au terrain montagneux des lieux.<\/p>\n\n<p>Le sentier <strong>Paja de Agua<\/strong>, long d&rsquo;environ 6,5 kilom\u00e8tres, est destin\u00e9 aux randonneurs plus exp\u00e9riment\u00e9s ou en bonne condition physique. Cet itin\u00e9raire interne traverse les zones les plus humides et escarp\u00e9es de la for\u00eat, avec des d\u00e9nivel\u00e9s importants et des tron\u00e7ons difficiles, en particulier pendant la saison des pluies. Il permet de s&rsquo;enfoncer dans les zones les plus intactes du refuge.<\/p>\n\n<div style=\"height:100px\" aria-hidden=\"true\" class=\"wp-block-spacer\"><\/div>\n\n<figure class=\"wp-block-gallery has-nested-images columns-default is-cropped wp-block-gallery-1 is-layout-flex wp-block-gallery-is-layout-flex\">\n<figure class=\"wp-block-image size-large\"><img loading=\"lazy\" decoding=\"async\" width=\"1024\" height=\"768\" data-id=\"23413\" src=\"https:\/\/www.sensorialsunsets.com\/wp-content\/uploads\/2025\/10\/Refugio-de-Vida-Silvestre-Cerro-Dantas-1024x768.jpg\" alt=\"Refuge de vie sauvage Cerro Dantas\" class=\"wp-image-23413\" srcset=\"https:\/\/www.sensorialsunsets.com\/wp-content\/uploads\/2025\/10\/Refugio-de-Vida-Silvestre-Cerro-Dantas-1024x768.jpg 1024w, https:\/\/www.sensorialsunsets.com\/wp-content\/uploads\/2025\/10\/Refugio-de-Vida-Silvestre-Cerro-Dantas-300x225.jpg 300w, https:\/\/www.sensorialsunsets.com\/wp-content\/uploads\/2025\/10\/Refugio-de-Vida-Silvestre-Cerro-Dantas-768x576.jpg 768w, https:\/\/www.sensorialsunsets.com\/wp-content\/uploads\/2025\/10\/Refugio-de-Vida-Silvestre-Cerro-Dantas.jpg 1280w\" sizes=\"auto, (max-width: 1024px) 100vw, 1024px\" \/><\/figure>\n\n\n\n<figure class=\"wp-block-image size-large\"><img loading=\"lazy\" decoding=\"async\" width=\"800\" height=\"601\" data-id=\"23411\" src=\"https:\/\/www.sensorialsunsets.com\/wp-content\/uploads\/2025\/10\/Refugio-de-Vida-Silvestre-Cerro-Dantas3.jpg\" alt=\"Refuge de vie sauvage Cerro Dantas\" class=\"wp-image-23411\" srcset=\"https:\/\/www.sensorialsunsets.com\/wp-content\/uploads\/2025\/10\/Refugio-de-Vida-Silvestre-Cerro-Dantas3.jpg 800w, https:\/\/www.sensorialsunsets.com\/wp-content\/uploads\/2025\/10\/Refugio-de-Vida-Silvestre-Cerro-Dantas3-300x225.jpg 300w, https:\/\/www.sensorialsunsets.com\/wp-content\/uploads\/2025\/10\/Refugio-de-Vida-Silvestre-Cerro-Dantas3-768x577.jpg 768w\" sizes=\"auto, (max-width: 800px) 100vw, 800px\" \/><\/figure>\n\n\n\n<figure class=\"wp-block-image size-large\"><img loading=\"lazy\" decoding=\"async\" width=\"960\" height=\"720\" data-id=\"23412\" src=\"https:\/\/www.sensorialsunsets.com\/wp-content\/uploads\/2025\/10\/Refugio-de-Vida-Silvestre-Cerro-Dantas2.jpg\" alt=\"Refuge de vie sauvage Cerro Dantas\" class=\"wp-image-23412\" srcset=\"https:\/\/www.sensorialsunsets.com\/wp-content\/uploads\/2025\/10\/Refugio-de-Vida-Silvestre-Cerro-Dantas2.jpg 960w, https:\/\/www.sensorialsunsets.com\/wp-content\/uploads\/2025\/10\/Refugio-de-Vida-Silvestre-Cerro-Dantas2-300x225.jpg 300w, https:\/\/www.sensorialsunsets.com\/wp-content\/uploads\/2025\/10\/Refugio-de-Vida-Silvestre-Cerro-Dantas2-768x576.jpg 768w\" sizes=\"auto, (max-width: 960px) 100vw, 960px\" \/><\/figure>\n<\/figure>\n\n<div style=\"height:100px\" aria-hidden=\"true\" class=\"wp-block-spacer\"><\/div>\n\n<p>De plus, la randonn\u00e9e traditionnelle pour rejoindre le refuge depuis le point o\u00f9 sont gar\u00e9s les v\u00e9hicules peut repr\u00e9senter pr\u00e8s de 10 kilom\u00e8tres aller-retour, avec une dur\u00e9e approximative de quatre \u00e0 cinq heures, selon le rythme du visiteur. Ce trajet comprend des pentes, des zones boueuses et des passages sur des ponts, combinant des tron\u00e7ons plats avec des mont\u00e9es et des descentes prononc\u00e9es typiques de la for\u00eat tropicale de montagne.<\/p>\n\n<p>Au total, ceux qui combinent l&rsquo;itin\u00e9raire d&rsquo;acc\u00e8s avec les sentiers internes peuvent parcourir jusqu&rsquo;\u00e0 15 kilom\u00e8tres, avec un niveau de difficult\u00e9 interm\u00e9diaire et une dur\u00e9e estim\u00e9e entre quatre et six heures.<\/p>\n\n<h4 class=\"wp-block-heading\">Cascades et points de vue panoramiques<\/h4>\n\n<p>L&rsquo;une des principales attractions du refuge est la cascade Velo de Novia, situ\u00e9e pr\u00e8s de la r\u00e9ception. Cette cascade entour\u00e9e de v\u00e9g\u00e9tation est parfaite pour profiter du paysage et prendre des photos. Son acc\u00e8s facile en fait une \u00e9tape incontournable pour ceux qui empruntent le sentier court ou visitent le refuge pour la premi\u00e8re fois.<\/p>\n\n<h5 class=\"wp-block-heading\">Flore et faune de la for\u00eat nuageuse<\/h5>\n\n<p>La for\u00eat nuageuse de Cerro Dantas abrite une diversit\u00e9 remarquable d&rsquo;esp\u00e8ces. Sur les sentiers, on peut observer des arbres centenaires, des foug\u00e8res g\u00e9antes, des orchid\u00e9es sauvages, des brom\u00e9liac\u00e9es et des lichens qui prosp\u00e8rent dans l&rsquo;humidit\u00e9 constante. Le refuge abrite \u00e9galement de nombreux oiseaux, notamment des toucans, des trogons et des colibris, ainsi que des amphibiens, des insectes et des petits mammif\u00e8res. Parfois, les visiteurs chanceux peuvent apercevoir des esp\u00e8ces plus grandes comme les pizotes ou les tapirs, qui donnent leur nom au refuge.<\/p>\n\n<p><strong>Sensorial Sunsets<\/strong><\/p>\n","protected":false},"excerpt":{"rendered":"<p>Situ\u00e9 dans les montagnes de Heredia, \u00e0 seulement 20 kilom\u00e8tres au nord-est de l&rsquo;Universit\u00e9 nationale et tout pr\u00e8s du parc national Braulio Carrillo, le refuge faunique Cerro Dantas est une destination id\u00e9ale pour les amateurs de randonn\u00e9e, d&rsquo;observation des oiseaux et de contact direct avec la nature. Cette r\u00e9serve, qui prot\u00e8ge environ 57 hectares de [&hellip;]<\/p>\n","protected":false},"author":4,"featured_media":23429,"comment_status":"closed","ping_status":"closed","sticky":false,"template":"","format":"standard","meta":{"_acf_changed":false,"inline_featured_image":false,"_monsterinsights_skip_tracking":false,"_monsterinsights_sitenote_active":false,"_monsterinsights_sitenote_note":"","_monsterinsights_sitenote_category":0,"footnotes":""},"categories":[168],"tags":[],"class_list":["post-23430","post","type-post","status-publish","format-standard","has-post-thumbnail","hentry","category-actualites"],"acf":[],"yoast_head":"<!-- This site is optimized with the Yoast SEO plugin v27.4 - https:\/\/yoast.com\/product\/yoast-seo-wordpress\/ -->\n<title>Refuge de vie sauvage Cerro Dantas : for\u00eat nuageuse \u00e0 Heredia - SensorialSunsets<\/title>\n<meta name=\"description\" content=\"Le Refuge de vie sauvage Cerro Dantas propose des sentiers et des cascades \u00e0 Heredia, id\u00e9aux pour la randonn\u00e9e, l&#039;observation des oiseaux et la d\u00e9couverte de la nature.\" \/>\n<meta name=\"robots\" content=\"index, follow, max-snippet:-1, max-image-preview:large, max-video-preview:-1\" \/>\n<link rel=\"canonical\" href=\"https:\/\/www.sensorialsunsets.com\/fr\/refuge-de-vie-sauvage-cerro-dantas-foret-nuageuse-a-heredia\/\" \/>\n<meta property=\"og:locale\" content=\"fr_FR\" \/>\n<meta property=\"og:type\" content=\"article\" \/>\n<meta property=\"og:title\" content=\"Refuge de vie sauvage Cerro Dantas : for\u00eat nuageuse \u00e0 Heredia - SensorialSunsets\" \/>\n<meta property=\"og:description\" content=\"Le Refuge de vie sauvage Cerro Dantas propose des sentiers et des cascades \u00e0 Heredia, id\u00e9aux pour la randonn\u00e9e, l&#039;observation des oiseaux et la d\u00e9couverte de la nature.\" \/>\n<meta property=\"og:url\" content=\"https:\/\/www.sensorialsunsets.com\/fr\/refuge-de-vie-sauvage-cerro-dantas-foret-nuageuse-a-heredia\/\" \/>\n<meta property=\"og:site_name\" content=\"SensorialSunsets\" \/>\n<meta property=\"article:publisher\" content=\"https:\/\/www.facebook.com\/Sensorial-Sunsets-109180614715562\" \/>\n<meta property=\"article:published_time\" content=\"2025-10-27T18:54:47+00:00\" \/>\n<meta property=\"article:modified_time\" content=\"2025-10-27T18:54:48+00:00\" \/>\n<meta property=\"og:image\" content=\"https:\/\/www.sensorialsunsets.com\/wp-content\/uploads\/2025\/10\/Refugio-de-Vida-Silvestre-Cerro-Dantas-ofrece-senderos-cascadas-y-bosque-nuboso-en-Heredia-ideal-para-caminatas-observacion-de-aves-y-naturaleza-e1761586123361.webp\" \/>\n\t<meta property=\"og:image:width\" content=\"1080\" \/>\n\t<meta property=\"og:image:height\" content=\"502\" \/>\n\t<meta property=\"og:image:type\" content=\"image\/webp\" \/>\n<meta name=\"author\" content=\"Sensorial Sunsets\" \/>\n<meta name=\"twitter:card\" content=\"summary_large_image\" \/>\n<meta name=\"twitter:label1\" content=\"\u00c9crit par\" \/>\n\t<meta name=\"twitter:data1\" content=\"Sensorial Sunsets\" \/>\n\t<meta name=\"twitter:label2\" content=\"Dur\u00e9e de lecture estim\u00e9e\" \/>\n\t<meta name=\"twitter:data2\" content=\"3 minutes\" \/>\n<script type=\"application\/ld+json\" class=\"yoast-schema-graph\">{\"@context\":\"https:\\\/\\\/schema.org\",\"@graph\":[{\"@type\":\"Article\",\"@id\":\"https:\\\/\\\/www.sensorialsunsets.com\\\/fr\\\/refuge-de-vie-sauvage-cerro-dantas-foret-nuageuse-a-heredia\\\/#article\",\"isPartOf\":{\"@id\":\"https:\\\/\\\/www.sensorialsunsets.com\\\/fr\\\/refuge-de-vie-sauvage-cerro-dantas-foret-nuageuse-a-heredia\\\/\"},\"author\":{\"name\":\"Sensorial Sunsets\",\"@id\":\"https:\\\/\\\/www.sensorialsunsets.com\\\/fr\\\/#\\\/schema\\\/person\\\/77e2fa594135aa94024c47e281d8a94d\"},\"headline\":\"Refuge de vie sauvage Cerro Dantas : for\u00eat nuageuse \u00e0 Heredia\",\"datePublished\":\"2025-10-27T18:54:47+00:00\",\"dateModified\":\"2025-10-27T18:54:48+00:00\",\"mainEntityOfPage\":{\"@id\":\"https:\\\/\\\/www.sensorialsunsets.com\\\/fr\\\/refuge-de-vie-sauvage-cerro-dantas-foret-nuageuse-a-heredia\\\/\"},\"wordCount\":580,\"publisher\":{\"@id\":\"https:\\\/\\\/www.sensorialsunsets.com\\\/fr\\\/#organization\"},\"image\":{\"@id\":\"https:\\\/\\\/www.sensorialsunsets.com\\\/fr\\\/refuge-de-vie-sauvage-cerro-dantas-foret-nuageuse-a-heredia\\\/#primaryimage\"},\"thumbnailUrl\":\"https:\\\/\\\/www.sensorialsunsets.com\\\/wp-content\\\/uploads\\\/2025\\\/10\\\/Refugio-de-Vida-Silvestre-Cerro-Dantas-ofrece-senderos-cascadas-y-bosque-nuboso-en-Heredia-ideal-para-caminatas-observacion-de-aves-y-naturaleza-e1761586123361.webp\",\"articleSection\":[\"Vivez le Costa Rica\"],\"inLanguage\":\"fr-FR\"},{\"@type\":\"WebPage\",\"@id\":\"https:\\\/\\\/www.sensorialsunsets.com\\\/fr\\\/refuge-de-vie-sauvage-cerro-dantas-foret-nuageuse-a-heredia\\\/\",\"url\":\"https:\\\/\\\/www.sensorialsunsets.com\\\/fr\\\/refuge-de-vie-sauvage-cerro-dantas-foret-nuageuse-a-heredia\\\/\",\"name\":\"Refuge de vie sauvage Cerro Dantas : for\u00eat nuageuse \u00e0 Heredia - SensorialSunsets\",\"isPartOf\":{\"@id\":\"https:\\\/\\\/www.sensorialsunsets.com\\\/fr\\\/#website\"},\"primaryImageOfPage\":{\"@id\":\"https:\\\/\\\/www.sensorialsunsets.com\\\/fr\\\/refuge-de-vie-sauvage-cerro-dantas-foret-nuageuse-a-heredia\\\/#primaryimage\"},\"image\":{\"@id\":\"https:\\\/\\\/www.sensorialsunsets.com\\\/fr\\\/refuge-de-vie-sauvage-cerro-dantas-foret-nuageuse-a-heredia\\\/#primaryimage\"},\"thumbnailUrl\":\"https:\\\/\\\/www.sensorialsunsets.com\\\/wp-content\\\/uploads\\\/2025\\\/10\\\/Refugio-de-Vida-Silvestre-Cerro-Dantas-ofrece-senderos-cascadas-y-bosque-nuboso-en-Heredia-ideal-para-caminatas-observacion-de-aves-y-naturaleza-e1761586123361.webp\",\"datePublished\":\"2025-10-27T18:54:47+00:00\",\"dateModified\":\"2025-10-27T18:54:48+00:00\",\"description\":\"Le Refuge de vie sauvage Cerro Dantas propose des sentiers et des cascades \u00e0 Heredia, id\u00e9aux pour la randonn\u00e9e, l'observation des oiseaux et la d\u00e9couverte de la nature.\",\"inLanguage\":\"fr-FR\",\"potentialAction\":[{\"@type\":\"ReadAction\",\"target\":[\"https:\\\/\\\/www.sensorialsunsets.com\\\/fr\\\/refuge-de-vie-sauvage-cerro-dantas-foret-nuageuse-a-heredia\\\/\"]}]},{\"@type\":\"ImageObject\",\"inLanguage\":\"fr-FR\",\"@id\":\"https:\\\/\\\/www.sensorialsunsets.com\\\/fr\\\/refuge-de-vie-sauvage-cerro-dantas-foret-nuageuse-a-heredia\\\/#primaryimage\",\"url\":\"https:\\\/\\\/www.sensorialsunsets.com\\\/wp-content\\\/uploads\\\/2025\\\/10\\\/Refugio-de-Vida-Silvestre-Cerro-Dantas-ofrece-senderos-cascadas-y-bosque-nuboso-en-Heredia-ideal-para-caminatas-observacion-de-aves-y-naturaleza-e1761586123361.webp\",\"contentUrl\":\"https:\\\/\\\/www.sensorialsunsets.com\\\/wp-content\\\/uploads\\\/2025\\\/10\\\/Refugio-de-Vida-Silvestre-Cerro-Dantas-ofrece-senderos-cascadas-y-bosque-nuboso-en-Heredia-ideal-para-caminatas-observacion-de-aves-y-naturaleza-e1761586123361.webp\",\"width\":1080,\"height\":502},{\"@type\":\"WebSite\",\"@id\":\"https:\\\/\\\/www.sensorialsunsets.com\\\/fr\\\/#website\",\"url\":\"https:\\\/\\\/www.sensorialsunsets.com\\\/fr\\\/\",\"name\":\"SensorialSunsets.com\",\"description\":\"D\u00e9couvrez la culture et la soci\u00e9t\u00e9 du Costa Rica sur notre blog. Explorez des articles captivants et partagez le contenu.\",\"publisher\":{\"@id\":\"https:\\\/\\\/www.sensorialsunsets.com\\\/fr\\\/#organization\"},\"alternateName\":\"Costa Rica Live Blog\",\"potentialAction\":[{\"@type\":\"SearchAction\",\"target\":{\"@type\":\"EntryPoint\",\"urlTemplate\":\"https:\\\/\\\/www.sensorialsunsets.com\\\/fr\\\/?s={search_term_string}\"},\"query-input\":{\"@type\":\"PropertyValueSpecification\",\"valueRequired\":true,\"valueName\":\"search_term_string\"}}],\"inLanguage\":\"fr-FR\"},{\"@type\":\"Organization\",\"@id\":\"https:\\\/\\\/www.sensorialsunsets.com\\\/fr\\\/#organization\",\"name\":\"SensorialSunsets\",\"url\":\"https:\\\/\\\/www.sensorialsunsets.com\\\/fr\\\/\",\"logo\":{\"@type\":\"ImageObject\",\"inLanguage\":\"fr-FR\",\"@id\":\"https:\\\/\\\/www.sensorialsunsets.com\\\/fr\\\/#\\\/schema\\\/logo\\\/image\\\/\",\"url\":\"https:\\\/\\\/www.sensorialsunsets.com\\\/wp-content\\\/uploads\\\/2023\\\/04\\\/Logo_base_line_fond_clair.svg\",\"contentUrl\":\"https:\\\/\\\/www.sensorialsunsets.com\\\/wp-content\\\/uploads\\\/2023\\\/04\\\/Logo_base_line_fond_clair.svg\",\"width\":\"1024\",\"height\":\"1024\",\"caption\":\"SensorialSunsets\"},\"image\":{\"@id\":\"https:\\\/\\\/www.sensorialsunsets.com\\\/fr\\\/#\\\/schema\\\/logo\\\/image\\\/\"},\"sameAs\":[\"https:\\\/\\\/www.facebook.com\\\/Sensorial-Sunsets-109180614715562\",\"https:\\\/\\\/www.instagram.com\\\/sensorialsunsets\\\/\"]},{\"@type\":\"Person\",\"@id\":\"https:\\\/\\\/www.sensorialsunsets.com\\\/fr\\\/#\\\/schema\\\/person\\\/77e2fa594135aa94024c47e281d8a94d\",\"name\":\"Sensorial Sunsets\",\"image\":{\"@type\":\"ImageObject\",\"inLanguage\":\"fr-FR\",\"@id\":\"https:\\\/\\\/secure.gravatar.com\\\/avatar\\\/5f2d62681b1dad94c28f1500d4fc75582acdfd32b55fd1acce0a36a3c487eabe?s=96&d=mm&r=g\",\"url\":\"https:\\\/\\\/secure.gravatar.com\\\/avatar\\\/5f2d62681b1dad94c28f1500d4fc75582acdfd32b55fd1acce0a36a3c487eabe?s=96&d=mm&r=g\",\"contentUrl\":\"https:\\\/\\\/secure.gravatar.com\\\/avatar\\\/5f2d62681b1dad94c28f1500d4fc75582acdfd32b55fd1acce0a36a3c487eabe?s=96&d=mm&r=g\",\"caption\":\"Sensorial Sunsets\"},\"url\":\"https:\\\/\\\/www.sensorialsunsets.com\\\/fr\\\/author\\\/asistentes-sensorial-sunsets\\\/\"}]}<\/script>\n<!-- \/ Yoast SEO plugin. -->","yoast_head_json":{"title":"Refuge de vie sauvage Cerro Dantas : for\u00eat nuageuse \u00e0 Heredia - SensorialSunsets","description":"Le Refuge de vie sauvage Cerro Dantas propose des sentiers et des cascades \u00e0 Heredia, id\u00e9aux pour la randonn\u00e9e, l'observation des oiseaux et la d\u00e9couverte de la nature.","robots":{"index":"index","follow":"follow","max-snippet":"max-snippet:-1","max-image-preview":"max-image-preview:large","max-video-preview":"max-video-preview:-1"},"canonical":"https:\/\/www.sensorialsunsets.com\/fr\/refuge-de-vie-sauvage-cerro-dantas-foret-nuageuse-a-heredia\/","og_locale":"fr_FR","og_type":"article","og_title":"Refuge de vie sauvage Cerro Dantas : for\u00eat nuageuse \u00e0 Heredia - SensorialSunsets","og_description":"Le Refuge de vie sauvage Cerro Dantas propose des sentiers et des cascades \u00e0 Heredia, id\u00e9aux pour la randonn\u00e9e, l'observation des oiseaux et la d\u00e9couverte de la nature.","og_url":"https:\/\/www.sensorialsunsets.com\/fr\/refuge-de-vie-sauvage-cerro-dantas-foret-nuageuse-a-heredia\/","og_site_name":"SensorialSunsets","article_publisher":"https:\/\/www.facebook.com\/Sensorial-Sunsets-109180614715562","article_published_time":"2025-10-27T18:54:47+00:00","article_modified_time":"2025-10-27T18:54:48+00:00","og_image":[{"width":1080,"height":502,"url":"https:\/\/www.sensorialsunsets.com\/wp-content\/uploads\/2025\/10\/Refugio-de-Vida-Silvestre-Cerro-Dantas-ofrece-senderos-cascadas-y-bosque-nuboso-en-Heredia-ideal-para-caminatas-observacion-de-aves-y-naturaleza-e1761586123361.webp","type":"image\/webp"}],"author":"Sensorial Sunsets","twitter_card":"summary_large_image","twitter_misc":{"\u00c9crit par":"Sensorial Sunsets","Dur\u00e9e de lecture estim\u00e9e":"3 minutes"},"schema":{"@context":"https:\/\/schema.org","@graph":[{"@type":"Article","@id":"https:\/\/www.sensorialsunsets.com\/fr\/refuge-de-vie-sauvage-cerro-dantas-foret-nuageuse-a-heredia\/#article","isPartOf":{"@id":"https:\/\/www.sensorialsunsets.com\/fr\/refuge-de-vie-sauvage-cerro-dantas-foret-nuageuse-a-heredia\/"},"author":{"name":"Sensorial Sunsets","@id":"https:\/\/www.sensorialsunsets.com\/fr\/#\/schema\/person\/77e2fa594135aa94024c47e281d8a94d"},"headline":"Refuge de vie sauvage Cerro Dantas : for\u00eat nuageuse \u00e0 Heredia","datePublished":"2025-10-27T18:54:47+00:00","dateModified":"2025-10-27T18:54:48+00:00","mainEntityOfPage":{"@id":"https:\/\/www.sensorialsunsets.com\/fr\/refuge-de-vie-sauvage-cerro-dantas-foret-nuageuse-a-heredia\/"},"wordCount":580,"publisher":{"@id":"https:\/\/www.sensorialsunsets.com\/fr\/#organization"},"image":{"@id":"https:\/\/www.sensorialsunsets.com\/fr\/refuge-de-vie-sauvage-cerro-dantas-foret-nuageuse-a-heredia\/#primaryimage"},"thumbnailUrl":"https:\/\/www.sensorialsunsets.com\/wp-content\/uploads\/2025\/10\/Refugio-de-Vida-Silvestre-Cerro-Dantas-ofrece-senderos-cascadas-y-bosque-nuboso-en-Heredia-ideal-para-caminatas-observacion-de-aves-y-naturaleza-e1761586123361.webp","articleSection":["Vivez le Costa Rica"],"inLanguage":"fr-FR"},{"@type":"WebPage","@id":"https:\/\/www.sensorialsunsets.com\/fr\/refuge-de-vie-sauvage-cerro-dantas-foret-nuageuse-a-heredia\/","url":"https:\/\/www.sensorialsunsets.com\/fr\/refuge-de-vie-sauvage-cerro-dantas-foret-nuageuse-a-heredia\/","name":"Refuge de vie sauvage Cerro Dantas : for\u00eat nuageuse \u00e0 Heredia - SensorialSunsets","isPartOf":{"@id":"https:\/\/www.sensorialsunsets.com\/fr\/#website"},"primaryImageOfPage":{"@id":"https:\/\/www.sensorialsunsets.com\/fr\/refuge-de-vie-sauvage-cerro-dantas-foret-nuageuse-a-heredia\/#primaryimage"},"image":{"@id":"https:\/\/www.sensorialsunsets.com\/fr\/refuge-de-vie-sauvage-cerro-dantas-foret-nuageuse-a-heredia\/#primaryimage"},"thumbnailUrl":"https:\/\/www.sensorialsunsets.com\/wp-content\/uploads\/2025\/10\/Refugio-de-Vida-Silvestre-Cerro-Dantas-ofrece-senderos-cascadas-y-bosque-nuboso-en-Heredia-ideal-para-caminatas-observacion-de-aves-y-naturaleza-e1761586123361.webp","datePublished":"2025-10-27T18:54:47+00:00","dateModified":"2025-10-27T18:54:48+00:00","description":"Le Refuge de vie sauvage Cerro Dantas propose des sentiers et des cascades \u00e0 Heredia, id\u00e9aux pour la randonn\u00e9e, l'observation des oiseaux et la d\u00e9couverte de la nature.","inLanguage":"fr-FR","potentialAction":[{"@type":"ReadAction","target":["https:\/\/www.sensorialsunsets.com\/fr\/refuge-de-vie-sauvage-cerro-dantas-foret-nuageuse-a-heredia\/"]}]},{"@type":"ImageObject","inLanguage":"fr-FR","@id":"https:\/\/www.sensorialsunsets.com\/fr\/refuge-de-vie-sauvage-cerro-dantas-foret-nuageuse-a-heredia\/#primaryimage","url":"https:\/\/www.sensorialsunsets.com\/wp-content\/uploads\/2025\/10\/Refugio-de-Vida-Silvestre-Cerro-Dantas-ofrece-senderos-cascadas-y-bosque-nuboso-en-Heredia-ideal-para-caminatas-observacion-de-aves-y-naturaleza-e1761586123361.webp","contentUrl":"https:\/\/www.sensorialsunsets.com\/wp-content\/uploads\/2025\/10\/Refugio-de-Vida-Silvestre-Cerro-Dantas-ofrece-senderos-cascadas-y-bosque-nuboso-en-Heredia-ideal-para-caminatas-observacion-de-aves-y-naturaleza-e1761586123361.webp","width":1080,"height":502},{"@type":"WebSite","@id":"https:\/\/www.sensorialsunsets.com\/fr\/#website","url":"https:\/\/www.sensorialsunsets.com\/fr\/","name":"SensorialSunsets.com","description":"D\u00e9couvrez la culture et la soci\u00e9t\u00e9 du Costa Rica sur notre blog. Explorez des articles captivants et partagez le contenu.","publisher":{"@id":"https:\/\/www.sensorialsunsets.com\/fr\/#organization"},"alternateName":"Costa Rica Live Blog","potentialAction":[{"@type":"SearchAction","target":{"@type":"EntryPoint","urlTemplate":"https:\/\/www.sensorialsunsets.com\/fr\/?s={search_term_string}"},"query-input":{"@type":"PropertyValueSpecification","valueRequired":true,"valueName":"search_term_string"}}],"inLanguage":"fr-FR"},{"@type":"Organization","@id":"https:\/\/www.sensorialsunsets.com\/fr\/#organization","name":"SensorialSunsets","url":"https:\/\/www.sensorialsunsets.com\/fr\/","logo":{"@type":"ImageObject","inLanguage":"fr-FR","@id":"https:\/\/www.sensorialsunsets.com\/fr\/#\/schema\/logo\/image\/","url":"https:\/\/www.sensorialsunsets.com\/wp-content\/uploads\/2023\/04\/Logo_base_line_fond_clair.svg","contentUrl":"https:\/\/www.sensorialsunsets.com\/wp-content\/uploads\/2023\/04\/Logo_base_line_fond_clair.svg","width":"1024","height":"1024","caption":"SensorialSunsets"},"image":{"@id":"https:\/\/www.sensorialsunsets.com\/fr\/#\/schema\/logo\/image\/"},"sameAs":["https:\/\/www.facebook.com\/Sensorial-Sunsets-109180614715562","https:\/\/www.instagram.com\/sensorialsunsets\/"]},{"@type":"Person","@id":"https:\/\/www.sensorialsunsets.com\/fr\/#\/schema\/person\/77e2fa594135aa94024c47e281d8a94d","name":"Sensorial Sunsets","image":{"@type":"ImageObject","inLanguage":"fr-FR","@id":"https:\/\/secure.gravatar.com\/avatar\/5f2d62681b1dad94c28f1500d4fc75582acdfd32b55fd1acce0a36a3c487eabe?s=96&d=mm&r=g","url":"https:\/\/secure.gravatar.com\/avatar\/5f2d62681b1dad94c28f1500d4fc75582acdfd32b55fd1acce0a36a3c487eabe?s=96&d=mm&r=g","contentUrl":"https:\/\/secure.gravatar.com\/avatar\/5f2d62681b1dad94c28f1500d4fc75582acdfd32b55fd1acce0a36a3c487eabe?s=96&d=mm&r=g","caption":"Sensorial Sunsets"},"url":"https:\/\/www.sensorialsunsets.com\/fr\/author\/asistentes-sensorial-sunsets\/"}]}},"_links":{"self":[{"href":"https:\/\/www.sensorialsunsets.com\/fr\/wp-json\/wp\/v2\/posts\/23430","targetHints":{"allow":["GET"]}}],"collection":[{"href":"https:\/\/www.sensorialsunsets.com\/fr\/wp-json\/wp\/v2\/posts"}],"about":[{"href":"https:\/\/www.sensorialsunsets.com\/fr\/wp-json\/wp\/v2\/types\/post"}],"author":[{"embeddable":true,"href":"https:\/\/www.sensorialsunsets.com\/fr\/wp-json\/wp\/v2\/users\/4"}],"replies":[{"embeddable":true,"href":"https:\/\/www.sensorialsunsets.com\/fr\/wp-json\/wp\/v2\/comments?post=23430"}],"version-history":[{"count":1,"href":"https:\/\/www.sensorialsunsets.com\/fr\/wp-json\/wp\/v2\/posts\/23430\/revisions"}],"predecessor-version":[{"id":23432,"href":"https:\/\/www.sensorialsunsets.com\/fr\/wp-json\/wp\/v2\/posts\/23430\/revisions\/23432"}],"wp:featuredmedia":[{"embeddable":true,"href":"https:\/\/www.sensorialsunsets.com\/fr\/wp-json\/wp\/v2\/media\/23429"}],"wp:attachment":[{"href":"https:\/\/www.sensorialsunsets.com\/fr\/wp-json\/wp\/v2\/media?parent=23430"}],"wp:term":[{"taxonomy":"category","embeddable":true,"href":"https:\/\/www.sensorialsunsets.com\/fr\/wp-json\/wp\/v2\/categories?post=23430"},{"taxonomy":"post_tag","embeddable":true,"href":"https:\/\/www.sensorialsunsets.com\/fr\/wp-json\/wp\/v2\/tags?post=23430"}],"curies":[{"name":"wp","href":"https:\/\/api.w.org\/{rel}","templated":true}]}}