{"id":2367,"date":"2022-06-27T15:49:05","date_gmt":"2022-06-27T15:49:05","guid":{"rendered":"https:\/\/www.sensorialsunsets.com\/gay-pride-costa-rica-2022\/"},"modified":"2022-06-27T21:10:05","modified_gmt":"2022-06-27T21:10:05","slug":"gay-pride-costa-rica-2022","status":"publish","type":"post","link":"https:\/\/www.sensorialsunsets.com\/fr\/gay-pride-costa-rica-2022\/","title":{"rendered":"Gay Pride Costa Rica 2022"},"content":{"rendered":"\n<p>Ce dimanche 26 juin, la Gay Pride Costa Rica 2022 a eu lieu apr\u00e8s 2 ans d&rsquo;inactivit\u00e9 due \u00e0 la pand\u00e9mie.<\/p>\n\n<p>Cette ann\u00e9e, nous avons enfin pu c\u00e9l\u00e9brer l&rsquo;adoption de du mariage pour tous, qui a \u00e9t\u00e9 approuv\u00e9 le 26 mai 2020 en pleine pand\u00e9mie. Cette question avait \u00e9t\u00e9 utilis\u00e9e par les partis politiques lors de la campagne \u00e9lectorale de 2018, divisant les Costariciens.&#13;\nIl y a eu 2 itin\u00e9raires diff\u00e9rents : l&rsquo;un traditionnel qui partait de la statue de Le\u00f3n Cort\u00e9s vers la Plaza de la Democracia. L&rsquo;autre, \u00e0 contre-courant, est parti du Parc Central vers la Sabana, en guise de protestation et aussi pour faciliter le trajet des personnes \u00e0 mobilit\u00e9 r\u00e9duite.<\/p>\n\n<h2 class=\"wp-block-heading\">Les raisons de la manifestation<\/h2>\n\n<p><\/p>\n\n<p>La Gay Pride Costa Rica 2022 est une marche contre la discrimination, contre l&rsquo;\u00c9tat oppresseur, sexiste et patriarcal. Il s&rsquo;agit d&rsquo;une marche contre l&rsquo;homophobie, la lesbophobie, la biphobie, la transphobie et l&rsquo;interphobie. Aussi, contre le racisme et l&rsquo;occupation des territoires indig\u00e8nes.<\/p>\n\n<figure class=\"wp-block-image size-large\"><img loading=\"lazy\" decoding=\"async\" width=\"1024\" height=\"683\" src=\"https:\/\/www.sensorialsunsets.com\/wp-content\/uploads\/2022\/06\/yannis-papanastasopoulos-if_29seD7tA-unsplash-1024x683.jpg\" alt=\"drapeau-gay-pride-costa-rica-sensorial-sunsets\" class=\"wp-image-2365\" srcset=\"https:\/\/www.sensorialsunsets.com\/wp-content\/uploads\/2022\/06\/yannis-papanastasopoulos-if_29seD7tA-unsplash-1024x683.jpg 1024w, https:\/\/www.sensorialsunsets.com\/wp-content\/uploads\/2022\/06\/yannis-papanastasopoulos-if_29seD7tA-unsplash-300x200.jpg 300w, https:\/\/www.sensorialsunsets.com\/wp-content\/uploads\/2022\/06\/yannis-papanastasopoulos-if_29seD7tA-unsplash-768x512.jpg 768w, https:\/\/www.sensorialsunsets.com\/wp-content\/uploads\/2022\/06\/yannis-papanastasopoulos-if_29seD7tA-unsplash-1536x1024.jpg 1536w, https:\/\/www.sensorialsunsets.com\/wp-content\/uploads\/2022\/06\/yannis-papanastasopoulos-if_29seD7tA-unsplash-2048x1365.jpg 2048w, https:\/\/www.sensorialsunsets.com\/wp-content\/uploads\/2022\/06\/yannis-papanastasopoulos-if_29seD7tA-unsplash-334x222.jpg 334w, https:\/\/www.sensorialsunsets.com\/wp-content\/uploads\/2022\/06\/yannis-papanastasopoulos-if_29seD7tA-unsplash-1320x880.jpg 1320w\" sizes=\"auto, (max-width: 1024px) 100vw, 1024px\" \/><figcaption>Drapeau Gay Pride Costa Rica<\/figcaption><\/figure>\n<h2 class=\"wp-block-heading\">Le slogan de la Gay Pride Costa Rica 2022<\/h2>\n\n<p>Cette ann\u00e9e, le slogan de la Gay Pride Costa Rica est pass\u00e9 de \u00ab\u00a0Peignons San Jos\u00e9 de toutes les couleurs\u00a0\u00bb \u00e0 \u00a0\u00bb C\u00e9l\u00e9brer, combattre et r\u00e9sister \u00ab\u00a0. Ceci afin de mettre davantage l&rsquo;accent sur la notion de \u00ab\u00a0lutte\u00a0\u00bb et moins sur celle de \u00ab\u00a0f\u00eate\u00a0\u00bb. Ceci, afin de rappeler que les droits de la communaut\u00e9 LGTBQ+ ne sont toujours pas respect\u00e9s et qu&rsquo;il faut se battre pour eux. Parmi les luttes qu&rsquo;il reste \u00e0 mener on trouve:<\/p>\n\n<p>1) Adopter une loi compl\u00e8te pour les personnes trans et non binaires qui leur donne acc\u00e8s \u00e0 des services complets de sant\u00e9 et d&rsquo;insertion professionnelle et qui garantit la pleine reconnaissance de leur identit\u00e9, y compris pour les mineurs.<\/p>\n\n<p>2) \u00c9liminer la clause d&rsquo;objection de conscience dans la Loi sur l&#8217;emploi public.<\/p>\n\n<p>3) Assurer la formation et la sensibilisation des fonctionnaires aux droits des LGBTIQA+.<\/p>\n\n<p>4) Adopter une loi anti-discrimination qui inclut une protection explicite sur la base de l&rsquo;orientation sexuelle et de l&rsquo;identit\u00e9 de genre.<\/p>\n\n<p>5) Adopter une loi sur la protection des personnes intersexu\u00e9es afin d&rsquo;\u00e9liminer les proc\u00e9dures et traitements chirurgicaux non consensuels, promouvoir la d\u00e9pathologisation et la collecte de donn\u00e9es anonymes sur les personnes intersexu\u00e9es.<\/p>\n\n<p>6) Inclure et mettre en \u0153uvre une formation sur le genre, les droits de l&rsquo;homme et les sexualit\u00e9s comme exigence dans l&rsquo;approbation des normes pour l&rsquo;octroi de licences aux centres de soins pour personnes \u00e2g\u00e9es.<\/p>\n\n<p>7) Donner une continuit\u00e9 et un contenu budg\u00e9taire \u00e0 la figure du Commissaire pr\u00e9sidentiel aux affaires LGBTIQA+ et \u00e0 la politique du pouvoir ex\u00e9cutif afin d&rsquo;\u00e9radiquer la discrimination \u00e0 l&rsquo;encontre des populations LGBTIQA+ dans les institutions.<\/p>\n\n<p>8) G\u00e9n\u00e9rer des statistiques au niveau national sur l&rsquo;orientation sexuelle et l&rsquo;identit\u00e9 de genre pour l&rsquo;\u00e9laboration de politiques fond\u00e9es sur des preuves, ainsi que promouvoir la production et l&rsquo;utilisation de statistiques et de donn\u00e9es ouvertes au niveau local.<\/p>\n\n<p>9) Former et sensibiliser aux droits de l&rsquo;homme et \u00e0 la population LGBTIQA+ les parents ou les membres de la famille et les personnes li\u00e9es aux centres \u00e9ducatifs aux niveaux pr\u00e9scolaire, scolaire, coll\u00e9gial et sup\u00e9rieur, et apporter un soutien aux enfants LGBTIQA+ qui peuvent \u00eatre victimes de discrimination pour avoir exprim\u00e9 leur orientation sexuelle ou leur identit\u00e9 de genre.<\/p>\n\n<p>10) Adopter une loi interdisant la torture de conversion (mal nomm\u00e9es \u00ab\u00a0th\u00e9rapies\u00a0\u00bb) et mettre en place une ligne d&rsquo;assistance pour les personnes LGBTIQA+ \u00e0 risque.<\/p>\n\n<p>\u00a0<\/p>\n\n<h2 class=\"wp-block-heading\">Controverse autour du concert pour la Gay Pride Costa Rica 2022<\/h2>\n\n<p>Lors de cette \u00e9dition, un concert a \u00e9t\u00e9 organis\u00e9 avec Paulina Rubio, qui n&rsquo;avait pas chant\u00e9 au Costa Rica depuis 20 ans. Le concert a eu lieu au stade national. Cependant, des frictions sont apparues entre une partie de la communaut\u00e9 LGTBQ+ et la soci\u00e9t\u00e9 de production qui a amen\u00e9 Paulina. En effet, un secteur a accus\u00e9 les organisateurs de profiter de la lutte contre la Gay Pride en faisant payer des prix \u00e9lev\u00e9s pour les billets du concert. Les organisateurs ont alors baiss\u00e9 les tarifs et affirm\u00e9 qu&rsquo;une partie des recettes serait destin\u00e9e \u00e0 la Gay Pride. Le concert a co\u00fbt\u00e9 500 000 dollars.<\/p>\n\n<p><\/p>\n\n<p><\/p>\n\n<p><strong>Auteure<\/strong>: M. Barrantes pour Sensorial Sunsets<\/p>\n\n<h2 class=\"wp-block-heading\">R\u00e9f\u00e9rences bibliographiques<\/h2>\n\n<p><br\/><br\/>https:\/\/www.teletica.com\/nacional\/va-para-el-pride-tome-en-cuenta-estos-aspectos_314214<br\/><\/p>\n\n<p>\u00a0<\/p>\n","protected":false},"excerpt":{"rendered":"<p>Ce dimanche 26 juin, la Gay Pride Costa Rica 2022 a eu lieu apr\u00e8s 2 ans d&rsquo;inactivit\u00e9 due \u00e0 la pand\u00e9mie. Cette ann\u00e9e, nous avons enfin pu c\u00e9l\u00e9brer l&rsquo;adoption de du mariage pour tous, qui a \u00e9t\u00e9 approuv\u00e9 le 26 mai 2020 en pleine pand\u00e9mie. Cette question avait \u00e9t\u00e9 utilis\u00e9e par les partis politiques lors [&hellip;]<\/p>\n","protected":false},"author":5,"featured_media":2362,"comment_status":"closed","ping_status":"closed","sticky":false,"template":"","format":"standard","meta":{"_acf_changed":false,"inline_featured_image":false,"_monsterinsights_skip_tracking":false,"_monsterinsights_sitenote_active":false,"_monsterinsights_sitenote_note":"","_monsterinsights_sitenote_category":0,"footnotes":""},"categories":[100,102],"tags":[],"class_list":["post-2367","post","type-post","status-publish","format-standard","has-post-thumbnail","hentry","category-costa-rica-fr","category-societe-fr"],"acf":[],"yoast_head":"<!-- This site is optimized with the Yoast SEO plugin v27.4 - https:\/\/yoast.com\/product\/yoast-seo-wordpress\/ -->\n<title>Gay Pride Costa Rica 2022 - SensorialSunsets<\/title>\n<meta name=\"description\" content=\"La Gay Pride Costa Rica 2022 a eu lieu le 20 juin. La marche d\u00e9fend les droits de la communaut\u00e9 LGTBQ+.\" \/>\n<meta name=\"robots\" content=\"index, follow, max-snippet:-1, max-image-preview:large, max-video-preview:-1\" \/>\n<link rel=\"canonical\" href=\"https:\/\/www.sensorialsunsets.com\/fr\/gay-pride-costa-rica-2022\/\" \/>\n<meta property=\"og:locale\" content=\"fr_FR\" \/>\n<meta property=\"og:type\" content=\"article\" \/>\n<meta property=\"og:title\" content=\"Gay Pride Costa Rica 2022 - SensorialSunsets\" \/>\n<meta property=\"og:description\" content=\"La Gay Pride Costa Rica 2022 a eu lieu le 20 juin. La marche d\u00e9fend les droits de la communaut\u00e9 LGTBQ+.\" \/>\n<meta property=\"og:url\" content=\"https:\/\/www.sensorialsunsets.com\/fr\/gay-pride-costa-rica-2022\/\" \/>\n<meta property=\"og:site_name\" content=\"SensorialSunsets\" \/>\n<meta property=\"article:publisher\" content=\"https:\/\/www.facebook.com\/Sensorial-Sunsets-109180614715562\" \/>\n<meta property=\"article:published_time\" content=\"2022-06-27T15:49:05+00:00\" \/>\n<meta property=\"article:modified_time\" content=\"2022-06-27T21:10:05+00:00\" \/>\n<meta property=\"og:image\" content=\"https:\/\/www.sensorialsunsets.com\/wp-content\/uploads\/2022\/06\/mercedes-mehling-7J7x8HLXQKA-unsplash-scaled.jpg\" \/>\n\t<meta property=\"og:image:width\" content=\"2560\" \/>\n\t<meta property=\"og:image:height\" content=\"1707\" \/>\n\t<meta property=\"og:image:type\" content=\"image\/jpeg\" \/>\n<meta name=\"author\" content=\"Marian Barrantes\" \/>\n<meta name=\"twitter:card\" content=\"summary_large_image\" \/>\n<meta name=\"twitter:label1\" content=\"\u00c9crit par\" \/>\n\t<meta name=\"twitter:data1\" content=\"Marian Barrantes\" \/>\n\t<meta name=\"twitter:label2\" content=\"Dur\u00e9e de lecture estim\u00e9e\" \/>\n\t<meta name=\"twitter:data2\" content=\"4 minutes\" \/>\n<script type=\"application\/ld+json\" class=\"yoast-schema-graph\">{\"@context\":\"https:\\\/\\\/schema.org\",\"@graph\":[{\"@type\":\"Article\",\"@id\":\"https:\\\/\\\/www.sensorialsunsets.com\\\/fr\\\/gay-pride-costa-rica-2022\\\/#article\",\"isPartOf\":{\"@id\":\"https:\\\/\\\/www.sensorialsunsets.com\\\/fr\\\/gay-pride-costa-rica-2022\\\/\"},\"author\":{\"name\":\"Marian Barrantes\",\"@id\":\"https:\\\/\\\/www.sensorialsunsets.com\\\/fr\\\/#\\\/schema\\\/person\\\/a8336a4dbeee633f087a194db2ca482f\"},\"headline\":\"Gay Pride Costa Rica 2022\",\"datePublished\":\"2022-06-27T15:49:05+00:00\",\"dateModified\":\"2022-06-27T21:10:05+00:00\",\"mainEntityOfPage\":{\"@id\":\"https:\\\/\\\/www.sensorialsunsets.com\\\/fr\\\/gay-pride-costa-rica-2022\\\/\"},\"wordCount\":736,\"publisher\":{\"@id\":\"https:\\\/\\\/www.sensorialsunsets.com\\\/fr\\\/#organization\"},\"image\":{\"@id\":\"https:\\\/\\\/www.sensorialsunsets.com\\\/fr\\\/gay-pride-costa-rica-2022\\\/#primaryimage\"},\"thumbnailUrl\":\"https:\\\/\\\/www.sensorialsunsets.com\\\/wp-content\\\/uploads\\\/2022\\\/06\\\/mercedes-mehling-7J7x8HLXQKA-unsplash-scaled.jpg\",\"articleSection\":[\"Costa Rica\",\"Soci\u00e9t\u00e9\"],\"inLanguage\":\"fr-FR\"},{\"@type\":\"WebPage\",\"@id\":\"https:\\\/\\\/www.sensorialsunsets.com\\\/fr\\\/gay-pride-costa-rica-2022\\\/\",\"url\":\"https:\\\/\\\/www.sensorialsunsets.com\\\/fr\\\/gay-pride-costa-rica-2022\\\/\",\"name\":\"Gay Pride Costa Rica 2022 - SensorialSunsets\",\"isPartOf\":{\"@id\":\"https:\\\/\\\/www.sensorialsunsets.com\\\/fr\\\/#website\"},\"primaryImageOfPage\":{\"@id\":\"https:\\\/\\\/www.sensorialsunsets.com\\\/fr\\\/gay-pride-costa-rica-2022\\\/#primaryimage\"},\"image\":{\"@id\":\"https:\\\/\\\/www.sensorialsunsets.com\\\/fr\\\/gay-pride-costa-rica-2022\\\/#primaryimage\"},\"thumbnailUrl\":\"https:\\\/\\\/www.sensorialsunsets.com\\\/wp-content\\\/uploads\\\/2022\\\/06\\\/mercedes-mehling-7J7x8HLXQKA-unsplash-scaled.jpg\",\"datePublished\":\"2022-06-27T15:49:05+00:00\",\"dateModified\":\"2022-06-27T21:10:05+00:00\",\"description\":\"La Gay Pride Costa Rica 2022 a eu lieu le 20 juin. La marche d\u00e9fend les droits de la communaut\u00e9 LGTBQ+.\",\"inLanguage\":\"fr-FR\",\"potentialAction\":[{\"@type\":\"ReadAction\",\"target\":[\"https:\\\/\\\/www.sensorialsunsets.com\\\/fr\\\/gay-pride-costa-rica-2022\\\/\"]}]},{\"@type\":\"ImageObject\",\"inLanguage\":\"fr-FR\",\"@id\":\"https:\\\/\\\/www.sensorialsunsets.com\\\/fr\\\/gay-pride-costa-rica-2022\\\/#primaryimage\",\"url\":\"https:\\\/\\\/www.sensorialsunsets.com\\\/wp-content\\\/uploads\\\/2022\\\/06\\\/mercedes-mehling-7J7x8HLXQKA-unsplash-scaled.jpg\",\"contentUrl\":\"https:\\\/\\\/www.sensorialsunsets.com\\\/wp-content\\\/uploads\\\/2022\\\/06\\\/mercedes-mehling-7J7x8HLXQKA-unsplash-scaled.jpg\",\"width\":2560,\"height\":1707},{\"@type\":\"WebSite\",\"@id\":\"https:\\\/\\\/www.sensorialsunsets.com\\\/fr\\\/#website\",\"url\":\"https:\\\/\\\/www.sensorialsunsets.com\\\/fr\\\/\",\"name\":\"SensorialSunsets.com\",\"description\":\"D\u00e9couvrez la culture et la soci\u00e9t\u00e9 du Costa Rica sur notre blog. Explorez des articles captivants et partagez le contenu.\",\"publisher\":{\"@id\":\"https:\\\/\\\/www.sensorialsunsets.com\\\/fr\\\/#organization\"},\"alternateName\":\"Costa Rica Live Blog\",\"potentialAction\":[{\"@type\":\"SearchAction\",\"target\":{\"@type\":\"EntryPoint\",\"urlTemplate\":\"https:\\\/\\\/www.sensorialsunsets.com\\\/fr\\\/?s={search_term_string}\"},\"query-input\":{\"@type\":\"PropertyValueSpecification\",\"valueRequired\":true,\"valueName\":\"search_term_string\"}}],\"inLanguage\":\"fr-FR\"},{\"@type\":\"Organization\",\"@id\":\"https:\\\/\\\/www.sensorialsunsets.com\\\/fr\\\/#organization\",\"name\":\"SensorialSunsets\",\"url\":\"https:\\\/\\\/www.sensorialsunsets.com\\\/fr\\\/\",\"logo\":{\"@type\":\"ImageObject\",\"inLanguage\":\"fr-FR\",\"@id\":\"https:\\\/\\\/www.sensorialsunsets.com\\\/fr\\\/#\\\/schema\\\/logo\\\/image\\\/\",\"url\":\"https:\\\/\\\/www.sensorialsunsets.com\\\/wp-content\\\/uploads\\\/2023\\\/04\\\/Logo_base_line_fond_clair.svg\",\"contentUrl\":\"https:\\\/\\\/www.sensorialsunsets.com\\\/wp-content\\\/uploads\\\/2023\\\/04\\\/Logo_base_line_fond_clair.svg\",\"width\":\"1024\",\"height\":\"1024\",\"caption\":\"SensorialSunsets\"},\"image\":{\"@id\":\"https:\\\/\\\/www.sensorialsunsets.com\\\/fr\\\/#\\\/schema\\\/logo\\\/image\\\/\"},\"sameAs\":[\"https:\\\/\\\/www.facebook.com\\\/Sensorial-Sunsets-109180614715562\",\"https:\\\/\\\/www.instagram.com\\\/sensorialsunsets\\\/\"]},{\"@type\":\"Person\",\"@id\":\"https:\\\/\\\/www.sensorialsunsets.com\\\/fr\\\/#\\\/schema\\\/person\\\/a8336a4dbeee633f087a194db2ca482f\",\"name\":\"Marian Barrantes\",\"image\":{\"@type\":\"ImageObject\",\"inLanguage\":\"fr-FR\",\"@id\":\"https:\\\/\\\/secure.gravatar.com\\\/avatar\\\/fafbfab67eb28029818d03f44e3037bd798e04434d8d5c0cfc2eea8ec2882a22?s=96&d=mm&r=g\",\"url\":\"https:\\\/\\\/secure.gravatar.com\\\/avatar\\\/fafbfab67eb28029818d03f44e3037bd798e04434d8d5c0cfc2eea8ec2882a22?s=96&d=mm&r=g\",\"contentUrl\":\"https:\\\/\\\/secure.gravatar.com\\\/avatar\\\/fafbfab67eb28029818d03f44e3037bd798e04434d8d5c0cfc2eea8ec2882a22?s=96&d=mm&r=g\",\"caption\":\"Marian Barrantes\"},\"sameAs\":[\"https:\\\/\\\/www.sensorialsunsets.com\"],\"url\":\"https:\\\/\\\/www.sensorialsunsets.com\\\/fr\\\/author\\\/mbarrantes\\\/\"}]}<\/script>\n<!-- \/ Yoast SEO plugin. -->","yoast_head_json":{"title":"Gay Pride Costa Rica 2022 - SensorialSunsets","description":"La Gay Pride Costa Rica 2022 a eu lieu le 20 juin. La marche d\u00e9fend les droits de la communaut\u00e9 LGTBQ+.","robots":{"index":"index","follow":"follow","max-snippet":"max-snippet:-1","max-image-preview":"max-image-preview:large","max-video-preview":"max-video-preview:-1"},"canonical":"https:\/\/www.sensorialsunsets.com\/fr\/gay-pride-costa-rica-2022\/","og_locale":"fr_FR","og_type":"article","og_title":"Gay Pride Costa Rica 2022 - SensorialSunsets","og_description":"La Gay Pride Costa Rica 2022 a eu lieu le 20 juin. La marche d\u00e9fend les droits de la communaut\u00e9 LGTBQ+.","og_url":"https:\/\/www.sensorialsunsets.com\/fr\/gay-pride-costa-rica-2022\/","og_site_name":"SensorialSunsets","article_publisher":"https:\/\/www.facebook.com\/Sensorial-Sunsets-109180614715562","article_published_time":"2022-06-27T15:49:05+00:00","article_modified_time":"2022-06-27T21:10:05+00:00","og_image":[{"width":2560,"height":1707,"url":"https:\/\/www.sensorialsunsets.com\/wp-content\/uploads\/2022\/06\/mercedes-mehling-7J7x8HLXQKA-unsplash-scaled.jpg","type":"image\/jpeg"}],"author":"Marian Barrantes","twitter_card":"summary_large_image","twitter_misc":{"\u00c9crit par":"Marian Barrantes","Dur\u00e9e de lecture estim\u00e9e":"4 minutes"},"schema":{"@context":"https:\/\/schema.org","@graph":[{"@type":"Article","@id":"https:\/\/www.sensorialsunsets.com\/fr\/gay-pride-costa-rica-2022\/#article","isPartOf":{"@id":"https:\/\/www.sensorialsunsets.com\/fr\/gay-pride-costa-rica-2022\/"},"author":{"name":"Marian Barrantes","@id":"https:\/\/www.sensorialsunsets.com\/fr\/#\/schema\/person\/a8336a4dbeee633f087a194db2ca482f"},"headline":"Gay Pride Costa Rica 2022","datePublished":"2022-06-27T15:49:05+00:00","dateModified":"2022-06-27T21:10:05+00:00","mainEntityOfPage":{"@id":"https:\/\/www.sensorialsunsets.com\/fr\/gay-pride-costa-rica-2022\/"},"wordCount":736,"publisher":{"@id":"https:\/\/www.sensorialsunsets.com\/fr\/#organization"},"image":{"@id":"https:\/\/www.sensorialsunsets.com\/fr\/gay-pride-costa-rica-2022\/#primaryimage"},"thumbnailUrl":"https:\/\/www.sensorialsunsets.com\/wp-content\/uploads\/2022\/06\/mercedes-mehling-7J7x8HLXQKA-unsplash-scaled.jpg","articleSection":["Costa Rica","Soci\u00e9t\u00e9"],"inLanguage":"fr-FR"},{"@type":"WebPage","@id":"https:\/\/www.sensorialsunsets.com\/fr\/gay-pride-costa-rica-2022\/","url":"https:\/\/www.sensorialsunsets.com\/fr\/gay-pride-costa-rica-2022\/","name":"Gay Pride Costa Rica 2022 - SensorialSunsets","isPartOf":{"@id":"https:\/\/www.sensorialsunsets.com\/fr\/#website"},"primaryImageOfPage":{"@id":"https:\/\/www.sensorialsunsets.com\/fr\/gay-pride-costa-rica-2022\/#primaryimage"},"image":{"@id":"https:\/\/www.sensorialsunsets.com\/fr\/gay-pride-costa-rica-2022\/#primaryimage"},"thumbnailUrl":"https:\/\/www.sensorialsunsets.com\/wp-content\/uploads\/2022\/06\/mercedes-mehling-7J7x8HLXQKA-unsplash-scaled.jpg","datePublished":"2022-06-27T15:49:05+00:00","dateModified":"2022-06-27T21:10:05+00:00","description":"La Gay Pride Costa Rica 2022 a eu lieu le 20 juin. La marche d\u00e9fend les droits de la communaut\u00e9 LGTBQ+.","inLanguage":"fr-FR","potentialAction":[{"@type":"ReadAction","target":["https:\/\/www.sensorialsunsets.com\/fr\/gay-pride-costa-rica-2022\/"]}]},{"@type":"ImageObject","inLanguage":"fr-FR","@id":"https:\/\/www.sensorialsunsets.com\/fr\/gay-pride-costa-rica-2022\/#primaryimage","url":"https:\/\/www.sensorialsunsets.com\/wp-content\/uploads\/2022\/06\/mercedes-mehling-7J7x8HLXQKA-unsplash-scaled.jpg","contentUrl":"https:\/\/www.sensorialsunsets.com\/wp-content\/uploads\/2022\/06\/mercedes-mehling-7J7x8HLXQKA-unsplash-scaled.jpg","width":2560,"height":1707},{"@type":"WebSite","@id":"https:\/\/www.sensorialsunsets.com\/fr\/#website","url":"https:\/\/www.sensorialsunsets.com\/fr\/","name":"SensorialSunsets.com","description":"D\u00e9couvrez la culture et la soci\u00e9t\u00e9 du Costa Rica sur notre blog. Explorez des articles captivants et partagez le contenu.","publisher":{"@id":"https:\/\/www.sensorialsunsets.com\/fr\/#organization"},"alternateName":"Costa Rica Live Blog","potentialAction":[{"@type":"SearchAction","target":{"@type":"EntryPoint","urlTemplate":"https:\/\/www.sensorialsunsets.com\/fr\/?s={search_term_string}"},"query-input":{"@type":"PropertyValueSpecification","valueRequired":true,"valueName":"search_term_string"}}],"inLanguage":"fr-FR"},{"@type":"Organization","@id":"https:\/\/www.sensorialsunsets.com\/fr\/#organization","name":"SensorialSunsets","url":"https:\/\/www.sensorialsunsets.com\/fr\/","logo":{"@type":"ImageObject","inLanguage":"fr-FR","@id":"https:\/\/www.sensorialsunsets.com\/fr\/#\/schema\/logo\/image\/","url":"https:\/\/www.sensorialsunsets.com\/wp-content\/uploads\/2023\/04\/Logo_base_line_fond_clair.svg","contentUrl":"https:\/\/www.sensorialsunsets.com\/wp-content\/uploads\/2023\/04\/Logo_base_line_fond_clair.svg","width":"1024","height":"1024","caption":"SensorialSunsets"},"image":{"@id":"https:\/\/www.sensorialsunsets.com\/fr\/#\/schema\/logo\/image\/"},"sameAs":["https:\/\/www.facebook.com\/Sensorial-Sunsets-109180614715562","https:\/\/www.instagram.com\/sensorialsunsets\/"]},{"@type":"Person","@id":"https:\/\/www.sensorialsunsets.com\/fr\/#\/schema\/person\/a8336a4dbeee633f087a194db2ca482f","name":"Marian Barrantes","image":{"@type":"ImageObject","inLanguage":"fr-FR","@id":"https:\/\/secure.gravatar.com\/avatar\/fafbfab67eb28029818d03f44e3037bd798e04434d8d5c0cfc2eea8ec2882a22?s=96&d=mm&r=g","url":"https:\/\/secure.gravatar.com\/avatar\/fafbfab67eb28029818d03f44e3037bd798e04434d8d5c0cfc2eea8ec2882a22?s=96&d=mm&r=g","contentUrl":"https:\/\/secure.gravatar.com\/avatar\/fafbfab67eb28029818d03f44e3037bd798e04434d8d5c0cfc2eea8ec2882a22?s=96&d=mm&r=g","caption":"Marian Barrantes"},"sameAs":["https:\/\/www.sensorialsunsets.com"],"url":"https:\/\/www.sensorialsunsets.com\/fr\/author\/mbarrantes\/"}]}},"_links":{"self":[{"href":"https:\/\/www.sensorialsunsets.com\/fr\/wp-json\/wp\/v2\/posts\/2367","targetHints":{"allow":["GET"]}}],"collection":[{"href":"https:\/\/www.sensorialsunsets.com\/fr\/wp-json\/wp\/v2\/posts"}],"about":[{"href":"https:\/\/www.sensorialsunsets.com\/fr\/wp-json\/wp\/v2\/types\/post"}],"author":[{"embeddable":true,"href":"https:\/\/www.sensorialsunsets.com\/fr\/wp-json\/wp\/v2\/users\/5"}],"replies":[{"embeddable":true,"href":"https:\/\/www.sensorialsunsets.com\/fr\/wp-json\/wp\/v2\/comments?post=2367"}],"version-history":[{"count":0,"href":"https:\/\/www.sensorialsunsets.com\/fr\/wp-json\/wp\/v2\/posts\/2367\/revisions"}],"wp:featuredmedia":[{"embeddable":true,"href":"https:\/\/www.sensorialsunsets.com\/fr\/wp-json\/wp\/v2\/media\/2362"}],"wp:attachment":[{"href":"https:\/\/www.sensorialsunsets.com\/fr\/wp-json\/wp\/v2\/media?parent=2367"}],"wp:term":[{"taxonomy":"category","embeddable":true,"href":"https:\/\/www.sensorialsunsets.com\/fr\/wp-json\/wp\/v2\/categories?post=2367"},{"taxonomy":"post_tag","embeddable":true,"href":"https:\/\/www.sensorialsunsets.com\/fr\/wp-json\/wp\/v2\/tags?post=2367"}],"curies":[{"name":"wp","href":"https:\/\/api.w.org\/{rel}","templated":true}]}}