{"id":2376,"date":"2022-06-27T18:32:18","date_gmt":"2022-06-27T18:32:18","guid":{"rendered":"https:\/\/www.sensorialsunsets.com\/journee-internationale-des-forets-tropicales-richesse-des-especes\/"},"modified":"2022-06-27T21:09:25","modified_gmt":"2022-06-27T21:09:25","slug":"journee-internationale-des-forets-tropicales-richesse-des-especes","status":"publish","type":"post","link":"https:\/\/www.sensorialsunsets.com\/fr\/journee-internationale-des-forets-tropicales-richesse-des-especes\/","title":{"rendered":"Journ\u00e9e internationale des for\u00eats tropicales : richesse des esp\u00e8ces"},"content":{"rendered":"\n<p>Les for\u00eats tropicales sont une ressource naturelle, qui constitue \u00e0 son tour l&rsquo;une des plus importantes sources de biodiversit\u00e9 et de nature. L&rsquo;Organisation mondiale des Nations unies a institu\u00e9 la Journ\u00e9e internationale des for\u00eats tropicales afin de sensibiliser le monde \u00e0 l&rsquo;importance de celles-ci.<\/p>\n\n<h1 class=\"wp-block-heading\">26 juin : Journ\u00e9e mondiale de la for\u00eat tropicale<\/h1>\n\n<p>La Journ\u00e9e internationale des for\u00eats tropicales a \u00e9t\u00e9 cr\u00e9\u00e9e pour sensibiliser \u00e0 l&rsquo;importance des for\u00eats tropicales en tant que ressource naturelle et \u00e0 leur protection contre la d\u00e9forestation. Elle a \u00e9t\u00e9 proclam\u00e9e en 1999 par le Programme des Nations unies pour l&rsquo;environnement.<\/p>\n\n<p>Les for\u00eats tropicales humides constituent l&rsquo;un des \u00e9cosyst\u00e8mes et des environnements les plus importants de notre plan\u00e8te. La for\u00eat tropicale humide du Costa Rica est un sanctuaire plein de formes, de couleurs, de sons et de parfums. Elle abrite plus de la moiti\u00e9 des plantes et des animaux terrestres du monde, notamment des oiseaux exotiques, des papillons, des grenouilles arboricoles et m\u00eame des grenouilles venimeuses. Elle fournit \u00e9galement de nombreux avantages aux Costariciens, comme de l&rsquo;eau potable, de la nourriture, des m\u00e9dicaments et des abris pour la faune.<\/p>\n\n<p>Cependant, ces for\u00eats sont \u00e9galement tr\u00e8s importantes pour l&rsquo;att\u00e9nuation du changement climatique car elles absorbent une grande quantit\u00e9 de dioxyde de carbone de l&rsquo;atmosph\u00e8re. C&rsquo;est pourquoi il est essentiel de les prot\u00e9ger contre la d\u00e9forestation, la pollution et les autres menaces qui les mettent en danger.<\/p>\n\n<h2 class=\"wp-block-heading\">Le Costa Rica et les for\u00eats tropicales<\/h2>\n\n<p>On les trouve dans diverses parties du monde, mais elles sont plus courantes en Afrique, en Am\u00e9rique du Sud, en Asie du Sud-Est et en Oc\u00e9anie. Elles couvrent environ 6 % de la surface de la Terre et stockent plus d&rsquo;un tiers de tout le carbone de la plan\u00e8te. Il s&rsquo;agit d&rsquo;\u00e9cosyst\u00e8mes terrestres, qui se d\u00e9veloppent dans des r\u00e9gions \u00e0 haute temp\u00e9rature et sont appel\u00e9s macro-thermiques. La for\u00eat tropicale humide est l&rsquo;un des types de for\u00eat les plus courants, caract\u00e9ris\u00e9 par un climat chaud et humide, des temp\u00e9ratures \u00e9lev\u00e9es et de fortes pr\u00e9cipitations.\u00a0<\/p>\n\n<p>Au Costa Rica, on le trouve dans les basses terres du nord et dans les Cara\u00efbes. On en trouve d&rsquo;autres dans le sud du Pacifique, mais il existe de nombreuses zones fragment\u00e9es dans tout le pays. Les for\u00eats situ\u00e9es sur le versant Pacifique des cha\u00eenes de montagnes sont principalement une association atmosph\u00e9rique due \u00e0 une saison s\u00e8che plus longue caus\u00e9e par l&rsquo;effet \u00ab\u00a0rideau de pluie\u00a0\u00bb.<\/p>\n\n<figure class=\"wp-block-image size-large\"><img loading=\"lazy\" decoding=\"async\" width=\"1024\" height=\"674\" src=\"https:\/\/www.sensorialsunsets.com\/wp-content\/uploads\/2022\/06\/boudewijn-huysmans-GMjKxyV9oSo-unsplash-1024x674.jpg\" alt=\"foret-tropicale-sensorial-sunsets\" class=\"wp-image-2374\" srcset=\"https:\/\/www.sensorialsunsets.com\/wp-content\/uploads\/2022\/06\/boudewijn-huysmans-GMjKxyV9oSo-unsplash-1024x674.jpg 1024w, https:\/\/www.sensorialsunsets.com\/wp-content\/uploads\/2022\/06\/boudewijn-huysmans-GMjKxyV9oSo-unsplash-300x198.jpg 300w, https:\/\/www.sensorialsunsets.com\/wp-content\/uploads\/2022\/06\/boudewijn-huysmans-GMjKxyV9oSo-unsplash-768x506.jpg 768w, https:\/\/www.sensorialsunsets.com\/wp-content\/uploads\/2022\/06\/boudewijn-huysmans-GMjKxyV9oSo-unsplash-1536x1011.jpg 1536w, https:\/\/www.sensorialsunsets.com\/wp-content\/uploads\/2022\/06\/boudewijn-huysmans-GMjKxyV9oSo-unsplash-2048x1349.jpg 2048w, https:\/\/www.sensorialsunsets.com\/wp-content\/uploads\/2022\/06\/boudewijn-huysmans-GMjKxyV9oSo-unsplash-1320x869.jpg 1320w\" sizes=\"auto, (max-width: 1024px) 100vw, 1024px\" \/><figcaption>For\u00eat Tropicale<\/figcaption><\/figure>\n<h2 class=\"wp-block-heading\">Sensibilisation aux for\u00eats tropicales<\/h2>\n\n<p>Les for\u00eats constituent le principal \u00e9cosyst\u00e8me de la biosph\u00e8re.\u00a0 Ils sont l&rsquo;habitat de milliers d&rsquo;esp\u00e8ces de plantes, d&rsquo;oiseaux, de mammif\u00e8res et de reptiles. Le Costa Rica, consid\u00e9r\u00e9 comme l&rsquo;un des pays les plus riches en biodiversit\u00e9 au monde, tente de sensibiliser sa population afin que leur importance transcende les objectifs touristiques et se concentre sur l&rsquo;\u00e9quilibre \u00e9cologique. Ils abritent \u00e9galement de nombreuses tribus indig\u00e8nes qui vivent dans ces r\u00e9gions. Cependant, elles ont \u00e9t\u00e9 d\u00e9truites par les activit\u00e9s humaines telles que l&rsquo;exploitation foresti\u00e8re, mini\u00e8re et agricole. Cela a entra\u00een\u00e9 une diminution de la couverture foresti\u00e8re, qui est l&rsquo;une des principales causes du r\u00e9chauffement de la plan\u00e8te.<\/p>\n\n<p>Ces zones foresti\u00e8res sont d&rsquo;une grande importance mais sont \u00e9galement confront\u00e9es \u00e0 de grands dangers. Les principaux risques auxquels ils sont soumis sont dus \u00e0 l&rsquo;absence de politiques et de lignes directrices sectorielles. Une autre raison pour laquelle l&rsquo;objectif de cette journ\u00e9e est de sensibiliser le public.<\/p>\n\n<h2 class=\"wp-block-heading\"><strong>En bref<\/strong><\/h2>\n\n<ul class=\"wp-block-list\"><li>Les for\u00eats tropicales sont une ressource naturelle. L&rsquo;une des plus importantes sources de biodiversit\u00e9 et de nature.<\/li><li>Journ\u00e9e mondiale des for\u00eats tropicales, proclam\u00e9e en 1999 par le Programme des Nations unies pour l&rsquo;environnement.<\/li><li>Elles abritent des milliers d&rsquo;esp\u00e8ces de plantes, d&rsquo;oiseaux, de mammif\u00e8res et de reptiles.<\/li><\/ul>\n<p><strong>Auteure<\/strong><\/p>\n\n<p><strong>Zelda Walters pour Sensorial Sunsets<\/strong><\/p>\n\n<h2 class=\"wp-block-heading\"><strong>Bibliographie<\/strong><\/h2>\n\n<p><a href=\"https:\/\/omacha.org\/26-junio-dia-mundial-bosques-tropicales\/\">https:\/\/omacha.org\/26-junio-dia-mundial-bosques-tropicales\/<\/a><\/p>\n\n<p><a href=\"https:\/\/www.ecologiaverde.com\/que-es-un-ecosistema-terrestre-y-sus-caracteristicas-1102.html\">https:\/\/www.ecologiaverde.com\/que-es-un-ecosistema-terrestre-y-sus-caracteristicas-1102.html<\/a><\/p>\n\n<p><a href=\"https:\/\/www.diainternacionalde.com\/ficha\/dia-internacional-bosques-tropicales\">https:\/\/www.diainternacionalde.com\/ficha\/dia-internacional-bosques-<\/a><\/p>\n\n<p><a href=\"https:\/\/ecosistemasdecostarica.blogspot.com\/2011\/08\/bosque-tropical-humedo.html\">https:\/\/ecosistemasdecostarica.blogspot.com\/2011\/08\/bosque-tropical-humedo.html<\/a><\/p>\n","protected":false},"excerpt":{"rendered":"<p>Les for\u00eats tropicales sont une ressource naturelle, qui constitue \u00e0 son tour l&rsquo;une des plus importantes sources de biodiversit\u00e9 et de nature. L&rsquo;Organisation mondiale des Nations unies a institu\u00e9 la Journ\u00e9e internationale des for\u00eats tropicales afin de sensibiliser le monde \u00e0 l&rsquo;importance de celles-ci. 26 juin : Journ\u00e9e mondiale de la for\u00eat tropicale La Journ\u00e9e [&hellip;]<\/p>\n","protected":false},"author":5,"featured_media":2371,"comment_status":"closed","ping_status":"closed","sticky":false,"template":"","format":"standard","meta":{"_acf_changed":false,"inline_featured_image":false,"_monsterinsights_skip_tracking":false,"_monsterinsights_sitenote_active":false,"_monsterinsights_sitenote_note":"","_monsterinsights_sitenote_category":0,"footnotes":""},"categories":[100,111],"tags":[],"class_list":["post-2376","post","type-post","status-publish","format-standard","has-post-thumbnail","hentry","category-costa-rica-fr","category-ecologie-fr"],"acf":[],"yoast_head":"<!-- This site is optimized with the Yoast SEO plugin v27.4 - https:\/\/yoast.com\/product\/yoast-seo-wordpress\/ -->\n<title>Journ\u00e9e internationale des for\u00eats tropicales : richesse des esp\u00e8ces - SensorialSunsets<\/title>\n<meta name=\"description\" content=\"Journ\u00e9e internationale des for\u00eats tropicales, un \u00e9v\u00e9nement proclam\u00e9 en 1999 par le Programme des Nations unies pour l&#039;environnement.\" \/>\n<meta name=\"robots\" content=\"index, follow, max-snippet:-1, max-image-preview:large, max-video-preview:-1\" \/>\n<link rel=\"canonical\" href=\"https:\/\/www.sensorialsunsets.com\/fr\/journee-internationale-des-forets-tropicales-richesse-des-especes\/\" \/>\n<meta property=\"og:locale\" content=\"fr_FR\" \/>\n<meta property=\"og:type\" content=\"article\" \/>\n<meta property=\"og:title\" content=\"Journ\u00e9e internationale des for\u00eats tropicales : richesse des esp\u00e8ces - SensorialSunsets\" \/>\n<meta property=\"og:description\" content=\"Journ\u00e9e internationale des for\u00eats tropicales, un \u00e9v\u00e9nement proclam\u00e9 en 1999 par le Programme des Nations unies pour l&#039;environnement.\" \/>\n<meta property=\"og:url\" content=\"https:\/\/www.sensorialsunsets.com\/fr\/journee-internationale-des-forets-tropicales-richesse-des-especes\/\" \/>\n<meta property=\"og:site_name\" content=\"SensorialSunsets\" \/>\n<meta property=\"article:publisher\" content=\"https:\/\/www.facebook.com\/Sensorial-Sunsets-109180614715562\" \/>\n<meta property=\"article:published_time\" content=\"2022-06-27T18:32:18+00:00\" \/>\n<meta property=\"article:modified_time\" content=\"2022-06-27T21:09:25+00:00\" \/>\n<meta property=\"og:image\" content=\"https:\/\/www.sensorialsunsets.com\/wp-content\/uploads\/2022\/06\/chris-abney-qLW70Aoo8BE-unsplash-scaled.jpg\" \/>\n\t<meta property=\"og:image:width\" content=\"2560\" \/>\n\t<meta property=\"og:image:height\" content=\"1707\" \/>\n\t<meta property=\"og:image:type\" content=\"image\/jpeg\" \/>\n<meta name=\"author\" content=\"Marian Barrantes\" \/>\n<meta name=\"twitter:card\" content=\"summary_large_image\" \/>\n<meta name=\"twitter:label1\" content=\"\u00c9crit par\" \/>\n\t<meta name=\"twitter:data1\" content=\"Marian Barrantes\" \/>\n\t<meta name=\"twitter:label2\" content=\"Dur\u00e9e de lecture estim\u00e9e\" \/>\n\t<meta name=\"twitter:data2\" content=\"3 minutes\" \/>\n<script type=\"application\/ld+json\" class=\"yoast-schema-graph\">{\"@context\":\"https:\\\/\\\/schema.org\",\"@graph\":[{\"@type\":\"Article\",\"@id\":\"https:\\\/\\\/www.sensorialsunsets.com\\\/fr\\\/journee-internationale-des-forets-tropicales-richesse-des-especes\\\/#article\",\"isPartOf\":{\"@id\":\"https:\\\/\\\/www.sensorialsunsets.com\\\/fr\\\/journee-internationale-des-forets-tropicales-richesse-des-especes\\\/\"},\"author\":{\"name\":\"Marian Barrantes\",\"@id\":\"https:\\\/\\\/www.sensorialsunsets.com\\\/fr\\\/#\\\/schema\\\/person\\\/a8336a4dbeee633f087a194db2ca482f\"},\"headline\":\"Journ\u00e9e internationale des for\u00eats tropicales : richesse des esp\u00e8ces\",\"datePublished\":\"2022-06-27T18:32:18+00:00\",\"dateModified\":\"2022-06-27T21:09:25+00:00\",\"mainEntityOfPage\":{\"@id\":\"https:\\\/\\\/www.sensorialsunsets.com\\\/fr\\\/journee-internationale-des-forets-tropicales-richesse-des-especes\\\/\"},\"wordCount\":729,\"publisher\":{\"@id\":\"https:\\\/\\\/www.sensorialsunsets.com\\\/fr\\\/#organization\"},\"image\":{\"@id\":\"https:\\\/\\\/www.sensorialsunsets.com\\\/fr\\\/journee-internationale-des-forets-tropicales-richesse-des-especes\\\/#primaryimage\"},\"thumbnailUrl\":\"https:\\\/\\\/www.sensorialsunsets.com\\\/wp-content\\\/uploads\\\/2022\\\/06\\\/chris-abney-qLW70Aoo8BE-unsplash-scaled.jpg\",\"articleSection\":[\"Costa Rica\",\"Ecologie\"],\"inLanguage\":\"fr-FR\"},{\"@type\":\"WebPage\",\"@id\":\"https:\\\/\\\/www.sensorialsunsets.com\\\/fr\\\/journee-internationale-des-forets-tropicales-richesse-des-especes\\\/\",\"url\":\"https:\\\/\\\/www.sensorialsunsets.com\\\/fr\\\/journee-internationale-des-forets-tropicales-richesse-des-especes\\\/\",\"name\":\"Journ\u00e9e internationale des for\u00eats tropicales : richesse des esp\u00e8ces - SensorialSunsets\",\"isPartOf\":{\"@id\":\"https:\\\/\\\/www.sensorialsunsets.com\\\/fr\\\/#website\"},\"primaryImageOfPage\":{\"@id\":\"https:\\\/\\\/www.sensorialsunsets.com\\\/fr\\\/journee-internationale-des-forets-tropicales-richesse-des-especes\\\/#primaryimage\"},\"image\":{\"@id\":\"https:\\\/\\\/www.sensorialsunsets.com\\\/fr\\\/journee-internationale-des-forets-tropicales-richesse-des-especes\\\/#primaryimage\"},\"thumbnailUrl\":\"https:\\\/\\\/www.sensorialsunsets.com\\\/wp-content\\\/uploads\\\/2022\\\/06\\\/chris-abney-qLW70Aoo8BE-unsplash-scaled.jpg\",\"datePublished\":\"2022-06-27T18:32:18+00:00\",\"dateModified\":\"2022-06-27T21:09:25+00:00\",\"description\":\"Journ\u00e9e internationale des for\u00eats tropicales, un \u00e9v\u00e9nement proclam\u00e9 en 1999 par le Programme des Nations unies pour l'environnement.\",\"inLanguage\":\"fr-FR\",\"potentialAction\":[{\"@type\":\"ReadAction\",\"target\":[\"https:\\\/\\\/www.sensorialsunsets.com\\\/fr\\\/journee-internationale-des-forets-tropicales-richesse-des-especes\\\/\"]}]},{\"@type\":\"ImageObject\",\"inLanguage\":\"fr-FR\",\"@id\":\"https:\\\/\\\/www.sensorialsunsets.com\\\/fr\\\/journee-internationale-des-forets-tropicales-richesse-des-especes\\\/#primaryimage\",\"url\":\"https:\\\/\\\/www.sensorialsunsets.com\\\/wp-content\\\/uploads\\\/2022\\\/06\\\/chris-abney-qLW70Aoo8BE-unsplash-scaled.jpg\",\"contentUrl\":\"https:\\\/\\\/www.sensorialsunsets.com\\\/wp-content\\\/uploads\\\/2022\\\/06\\\/chris-abney-qLW70Aoo8BE-unsplash-scaled.jpg\",\"width\":2560,\"height\":1707},{\"@type\":\"WebSite\",\"@id\":\"https:\\\/\\\/www.sensorialsunsets.com\\\/fr\\\/#website\",\"url\":\"https:\\\/\\\/www.sensorialsunsets.com\\\/fr\\\/\",\"name\":\"SensorialSunsets.com\",\"description\":\"D\u00e9couvrez la culture et la soci\u00e9t\u00e9 du Costa Rica sur notre blog. Explorez des articles captivants et partagez le contenu.\",\"publisher\":{\"@id\":\"https:\\\/\\\/www.sensorialsunsets.com\\\/fr\\\/#organization\"},\"alternateName\":\"Costa Rica Live Blog\",\"potentialAction\":[{\"@type\":\"SearchAction\",\"target\":{\"@type\":\"EntryPoint\",\"urlTemplate\":\"https:\\\/\\\/www.sensorialsunsets.com\\\/fr\\\/?s={search_term_string}\"},\"query-input\":{\"@type\":\"PropertyValueSpecification\",\"valueRequired\":true,\"valueName\":\"search_term_string\"}}],\"inLanguage\":\"fr-FR\"},{\"@type\":\"Organization\",\"@id\":\"https:\\\/\\\/www.sensorialsunsets.com\\\/fr\\\/#organization\",\"name\":\"SensorialSunsets\",\"url\":\"https:\\\/\\\/www.sensorialsunsets.com\\\/fr\\\/\",\"logo\":{\"@type\":\"ImageObject\",\"inLanguage\":\"fr-FR\",\"@id\":\"https:\\\/\\\/www.sensorialsunsets.com\\\/fr\\\/#\\\/schema\\\/logo\\\/image\\\/\",\"url\":\"https:\\\/\\\/www.sensorialsunsets.com\\\/wp-content\\\/uploads\\\/2023\\\/04\\\/Logo_base_line_fond_clair.svg\",\"contentUrl\":\"https:\\\/\\\/www.sensorialsunsets.com\\\/wp-content\\\/uploads\\\/2023\\\/04\\\/Logo_base_line_fond_clair.svg\",\"width\":\"1024\",\"height\":\"1024\",\"caption\":\"SensorialSunsets\"},\"image\":{\"@id\":\"https:\\\/\\\/www.sensorialsunsets.com\\\/fr\\\/#\\\/schema\\\/logo\\\/image\\\/\"},\"sameAs\":[\"https:\\\/\\\/www.facebook.com\\\/Sensorial-Sunsets-109180614715562\",\"https:\\\/\\\/www.instagram.com\\\/sensorialsunsets\\\/\"]},{\"@type\":\"Person\",\"@id\":\"https:\\\/\\\/www.sensorialsunsets.com\\\/fr\\\/#\\\/schema\\\/person\\\/a8336a4dbeee633f087a194db2ca482f\",\"name\":\"Marian Barrantes\",\"image\":{\"@type\":\"ImageObject\",\"inLanguage\":\"fr-FR\",\"@id\":\"https:\\\/\\\/secure.gravatar.com\\\/avatar\\\/fafbfab67eb28029818d03f44e3037bd798e04434d8d5c0cfc2eea8ec2882a22?s=96&d=mm&r=g\",\"url\":\"https:\\\/\\\/secure.gravatar.com\\\/avatar\\\/fafbfab67eb28029818d03f44e3037bd798e04434d8d5c0cfc2eea8ec2882a22?s=96&d=mm&r=g\",\"contentUrl\":\"https:\\\/\\\/secure.gravatar.com\\\/avatar\\\/fafbfab67eb28029818d03f44e3037bd798e04434d8d5c0cfc2eea8ec2882a22?s=96&d=mm&r=g\",\"caption\":\"Marian Barrantes\"},\"sameAs\":[\"https:\\\/\\\/www.sensorialsunsets.com\"],\"url\":\"https:\\\/\\\/www.sensorialsunsets.com\\\/fr\\\/author\\\/mbarrantes\\\/\"}]}<\/script>\n<!-- \/ Yoast SEO plugin. -->","yoast_head_json":{"title":"Journ\u00e9e internationale des for\u00eats tropicales : richesse des esp\u00e8ces - SensorialSunsets","description":"Journ\u00e9e internationale des for\u00eats tropicales, un \u00e9v\u00e9nement proclam\u00e9 en 1999 par le Programme des Nations unies pour l'environnement.","robots":{"index":"index","follow":"follow","max-snippet":"max-snippet:-1","max-image-preview":"max-image-preview:large","max-video-preview":"max-video-preview:-1"},"canonical":"https:\/\/www.sensorialsunsets.com\/fr\/journee-internationale-des-forets-tropicales-richesse-des-especes\/","og_locale":"fr_FR","og_type":"article","og_title":"Journ\u00e9e internationale des for\u00eats tropicales : richesse des esp\u00e8ces - SensorialSunsets","og_description":"Journ\u00e9e internationale des for\u00eats tropicales, un \u00e9v\u00e9nement proclam\u00e9 en 1999 par le Programme des Nations unies pour l'environnement.","og_url":"https:\/\/www.sensorialsunsets.com\/fr\/journee-internationale-des-forets-tropicales-richesse-des-especes\/","og_site_name":"SensorialSunsets","article_publisher":"https:\/\/www.facebook.com\/Sensorial-Sunsets-109180614715562","article_published_time":"2022-06-27T18:32:18+00:00","article_modified_time":"2022-06-27T21:09:25+00:00","og_image":[{"width":2560,"height":1707,"url":"https:\/\/www.sensorialsunsets.com\/wp-content\/uploads\/2022\/06\/chris-abney-qLW70Aoo8BE-unsplash-scaled.jpg","type":"image\/jpeg"}],"author":"Marian Barrantes","twitter_card":"summary_large_image","twitter_misc":{"\u00c9crit par":"Marian Barrantes","Dur\u00e9e de lecture estim\u00e9e":"3 minutes"},"schema":{"@context":"https:\/\/schema.org","@graph":[{"@type":"Article","@id":"https:\/\/www.sensorialsunsets.com\/fr\/journee-internationale-des-forets-tropicales-richesse-des-especes\/#article","isPartOf":{"@id":"https:\/\/www.sensorialsunsets.com\/fr\/journee-internationale-des-forets-tropicales-richesse-des-especes\/"},"author":{"name":"Marian Barrantes","@id":"https:\/\/www.sensorialsunsets.com\/fr\/#\/schema\/person\/a8336a4dbeee633f087a194db2ca482f"},"headline":"Journ\u00e9e internationale des for\u00eats tropicales : richesse des esp\u00e8ces","datePublished":"2022-06-27T18:32:18+00:00","dateModified":"2022-06-27T21:09:25+00:00","mainEntityOfPage":{"@id":"https:\/\/www.sensorialsunsets.com\/fr\/journee-internationale-des-forets-tropicales-richesse-des-especes\/"},"wordCount":729,"publisher":{"@id":"https:\/\/www.sensorialsunsets.com\/fr\/#organization"},"image":{"@id":"https:\/\/www.sensorialsunsets.com\/fr\/journee-internationale-des-forets-tropicales-richesse-des-especes\/#primaryimage"},"thumbnailUrl":"https:\/\/www.sensorialsunsets.com\/wp-content\/uploads\/2022\/06\/chris-abney-qLW70Aoo8BE-unsplash-scaled.jpg","articleSection":["Costa Rica","Ecologie"],"inLanguage":"fr-FR"},{"@type":"WebPage","@id":"https:\/\/www.sensorialsunsets.com\/fr\/journee-internationale-des-forets-tropicales-richesse-des-especes\/","url":"https:\/\/www.sensorialsunsets.com\/fr\/journee-internationale-des-forets-tropicales-richesse-des-especes\/","name":"Journ\u00e9e internationale des for\u00eats tropicales : richesse des esp\u00e8ces - SensorialSunsets","isPartOf":{"@id":"https:\/\/www.sensorialsunsets.com\/fr\/#website"},"primaryImageOfPage":{"@id":"https:\/\/www.sensorialsunsets.com\/fr\/journee-internationale-des-forets-tropicales-richesse-des-especes\/#primaryimage"},"image":{"@id":"https:\/\/www.sensorialsunsets.com\/fr\/journee-internationale-des-forets-tropicales-richesse-des-especes\/#primaryimage"},"thumbnailUrl":"https:\/\/www.sensorialsunsets.com\/wp-content\/uploads\/2022\/06\/chris-abney-qLW70Aoo8BE-unsplash-scaled.jpg","datePublished":"2022-06-27T18:32:18+00:00","dateModified":"2022-06-27T21:09:25+00:00","description":"Journ\u00e9e internationale des for\u00eats tropicales, un \u00e9v\u00e9nement proclam\u00e9 en 1999 par le Programme des Nations unies pour l'environnement.","inLanguage":"fr-FR","potentialAction":[{"@type":"ReadAction","target":["https:\/\/www.sensorialsunsets.com\/fr\/journee-internationale-des-forets-tropicales-richesse-des-especes\/"]}]},{"@type":"ImageObject","inLanguage":"fr-FR","@id":"https:\/\/www.sensorialsunsets.com\/fr\/journee-internationale-des-forets-tropicales-richesse-des-especes\/#primaryimage","url":"https:\/\/www.sensorialsunsets.com\/wp-content\/uploads\/2022\/06\/chris-abney-qLW70Aoo8BE-unsplash-scaled.jpg","contentUrl":"https:\/\/www.sensorialsunsets.com\/wp-content\/uploads\/2022\/06\/chris-abney-qLW70Aoo8BE-unsplash-scaled.jpg","width":2560,"height":1707},{"@type":"WebSite","@id":"https:\/\/www.sensorialsunsets.com\/fr\/#website","url":"https:\/\/www.sensorialsunsets.com\/fr\/","name":"SensorialSunsets.com","description":"D\u00e9couvrez la culture et la soci\u00e9t\u00e9 du Costa Rica sur notre blog. Explorez des articles captivants et partagez le contenu.","publisher":{"@id":"https:\/\/www.sensorialsunsets.com\/fr\/#organization"},"alternateName":"Costa Rica Live Blog","potentialAction":[{"@type":"SearchAction","target":{"@type":"EntryPoint","urlTemplate":"https:\/\/www.sensorialsunsets.com\/fr\/?s={search_term_string}"},"query-input":{"@type":"PropertyValueSpecification","valueRequired":true,"valueName":"search_term_string"}}],"inLanguage":"fr-FR"},{"@type":"Organization","@id":"https:\/\/www.sensorialsunsets.com\/fr\/#organization","name":"SensorialSunsets","url":"https:\/\/www.sensorialsunsets.com\/fr\/","logo":{"@type":"ImageObject","inLanguage":"fr-FR","@id":"https:\/\/www.sensorialsunsets.com\/fr\/#\/schema\/logo\/image\/","url":"https:\/\/www.sensorialsunsets.com\/wp-content\/uploads\/2023\/04\/Logo_base_line_fond_clair.svg","contentUrl":"https:\/\/www.sensorialsunsets.com\/wp-content\/uploads\/2023\/04\/Logo_base_line_fond_clair.svg","width":"1024","height":"1024","caption":"SensorialSunsets"},"image":{"@id":"https:\/\/www.sensorialsunsets.com\/fr\/#\/schema\/logo\/image\/"},"sameAs":["https:\/\/www.facebook.com\/Sensorial-Sunsets-109180614715562","https:\/\/www.instagram.com\/sensorialsunsets\/"]},{"@type":"Person","@id":"https:\/\/www.sensorialsunsets.com\/fr\/#\/schema\/person\/a8336a4dbeee633f087a194db2ca482f","name":"Marian Barrantes","image":{"@type":"ImageObject","inLanguage":"fr-FR","@id":"https:\/\/secure.gravatar.com\/avatar\/fafbfab67eb28029818d03f44e3037bd798e04434d8d5c0cfc2eea8ec2882a22?s=96&d=mm&r=g","url":"https:\/\/secure.gravatar.com\/avatar\/fafbfab67eb28029818d03f44e3037bd798e04434d8d5c0cfc2eea8ec2882a22?s=96&d=mm&r=g","contentUrl":"https:\/\/secure.gravatar.com\/avatar\/fafbfab67eb28029818d03f44e3037bd798e04434d8d5c0cfc2eea8ec2882a22?s=96&d=mm&r=g","caption":"Marian Barrantes"},"sameAs":["https:\/\/www.sensorialsunsets.com"],"url":"https:\/\/www.sensorialsunsets.com\/fr\/author\/mbarrantes\/"}]}},"_links":{"self":[{"href":"https:\/\/www.sensorialsunsets.com\/fr\/wp-json\/wp\/v2\/posts\/2376","targetHints":{"allow":["GET"]}}],"collection":[{"href":"https:\/\/www.sensorialsunsets.com\/fr\/wp-json\/wp\/v2\/posts"}],"about":[{"href":"https:\/\/www.sensorialsunsets.com\/fr\/wp-json\/wp\/v2\/types\/post"}],"author":[{"embeddable":true,"href":"https:\/\/www.sensorialsunsets.com\/fr\/wp-json\/wp\/v2\/users\/5"}],"replies":[{"embeddable":true,"href":"https:\/\/www.sensorialsunsets.com\/fr\/wp-json\/wp\/v2\/comments?post=2376"}],"version-history":[{"count":0,"href":"https:\/\/www.sensorialsunsets.com\/fr\/wp-json\/wp\/v2\/posts\/2376\/revisions"}],"wp:featuredmedia":[{"embeddable":true,"href":"https:\/\/www.sensorialsunsets.com\/fr\/wp-json\/wp\/v2\/media\/2371"}],"wp:attachment":[{"href":"https:\/\/www.sensorialsunsets.com\/fr\/wp-json\/wp\/v2\/media?parent=2376"}],"wp:term":[{"taxonomy":"category","embeddable":true,"href":"https:\/\/www.sensorialsunsets.com\/fr\/wp-json\/wp\/v2\/categories?post=2376"},{"taxonomy":"post_tag","embeddable":true,"href":"https:\/\/www.sensorialsunsets.com\/fr\/wp-json\/wp\/v2\/tags?post=2376"}],"curies":[{"name":"wp","href":"https:\/\/api.w.org\/{rel}","templated":true}]}}