{"id":23870,"date":"2025-12-10T02:14:48","date_gmt":"2025-12-10T08:14:48","guid":{"rendered":"https:\/\/www.sensorialsunsets.com\/festival-de-la-lumiere-2025-fermetures-de-routes-a-san-jose\/"},"modified":"2025-12-10T02:14:50","modified_gmt":"2025-12-10T08:14:50","slug":"festival-de-la-lumiere-2025-fermetures-de-routes-a-san-jose","status":"publish","type":"post","link":"https:\/\/www.sensorialsunsets.com\/fr\/festival-de-la-lumiere-2025-fermetures-de-routes-a-san-jose\/","title":{"rendered":"Festival de la Lumi\u00e8re 2025 : fermetures de routes \u00e0 San Jos\u00e9"},"content":{"rendered":"\n<p>Le <a href=\"https:\/\/www.sensorialsunsets.com\/fr\/fete-des-lumieres-renouveau-naissance-et-diffusion\/\">Festival de la lumi\u00e8re<\/a> 2025 marquera un \u00e9v\u00e9nement historique dans sa c\u00e9l\u00e9bration : pour la premi\u00e8re fois, le parcours sera compl\u00e8tement modifi\u00e9 et se d\u00e9roulera autour du parc m\u00e9tropolitain La Sabana, ce samedi 13 d\u00e9cembre. En raison de ce changement d&rsquo;itin\u00e9raire, la police routi\u00e8re mettra en place des fermetures et des d\u00e9viations qui affecteront la mobilit\u00e9 dans une grande partie du secteur ouest de San Jos\u00e9 \u00e0 partir du mercredi pr\u00e9c\u00e9dant l&rsquo;\u00e9v\u00e9nement.<\/p>\n\n<h3 class=\"wp-block-heading\"><strong>Fermetures nocturnes avant l&rsquo;\u00e9v\u00e9nement<\/strong><\/h3>\n\n<p>Les pr\u00e9paratifs commenceront par des fermetures partielles le mercredi 10 et le jeudi 11 d\u00e9cembre, entre 22 h et 5 h, affectant :<\/p>\n\n<ul class=\"wp-block-list\">\n<li>Rue 42<\/li>\n\n\n\n<li>Route 27<\/li>\n\n\n\n<li>C\u00f4t\u00e9 ouest du parc La Sabana (route 104, Pavas)<\/li>\n<\/ul>\n\n<p>Ces fermetures permettront l&rsquo;installation de podiums, de gradins et d&rsquo;autres infrastructures. Le vendredi 12 d\u00e9cembre, \u00e0 partir de 22 h, les trois premiers p\u00e2t\u00e9s de maisons du Paseo Col\u00f3n, \u00e0 partir de la statue de Le\u00f3n Cort\u00e9s Castro, seront ferm\u00e9s pour accueillir les chars. \u00c0 partir de 23 h, des barri\u00e8res de s\u00e9curit\u00e9 seront install\u00e9es et les fermetures progressives commenceront et se poursuivront jusqu&rsquo;\u00e0 l&rsquo;aube du dimanche 14.<\/p>\n\n<div style=\"height:100px\" aria-hidden=\"true\" class=\"wp-block-spacer\"><\/div>\n\n<figure class=\"wp-block-gallery has-nested-images columns-default is-cropped wp-block-gallery-1 is-layout-flex wp-block-gallery-is-layout-flex\">\n<figure class=\"wp-block-image size-large\"><img loading=\"lazy\" decoding=\"async\" width=\"1024\" height=\"683\" data-id=\"23858\" src=\"https:\/\/www.sensorialsunsets.com\/wp-content\/uploads\/2025\/12\/Festival-de-la-Luz-20251-1024x683.jpg\" alt=\"Festival de la lumi&#xE8;re 2025 \" class=\"wp-image-23858\" srcset=\"https:\/\/www.sensorialsunsets.com\/wp-content\/uploads\/2025\/12\/Festival-de-la-Luz-20251-1024x683.jpg 1024w, https:\/\/www.sensorialsunsets.com\/wp-content\/uploads\/2025\/12\/Festival-de-la-Luz-20251-300x200.jpg 300w, https:\/\/www.sensorialsunsets.com\/wp-content\/uploads\/2025\/12\/Festival-de-la-Luz-20251-768x512.jpg 768w, https:\/\/www.sensorialsunsets.com\/wp-content\/uploads\/2025\/12\/Festival-de-la-Luz-20251-334x222.jpg 334w, https:\/\/www.sensorialsunsets.com\/wp-content\/uploads\/2025\/12\/Festival-de-la-Luz-20251-1320x880.jpg 1320w, https:\/\/www.sensorialsunsets.com\/wp-content\/uploads\/2025\/12\/Festival-de-la-Luz-20251.avif 1440w\" sizes=\"auto, (max-width: 1024px) 100vw, 1024px\" \/><\/figure>\n\n\n\n<figure class=\"wp-block-image size-large\"><img loading=\"lazy\" decoding=\"async\" width=\"1024\" height=\"768\" data-id=\"23856\" src=\"https:\/\/www.sensorialsunsets.com\/wp-content\/uploads\/2025\/12\/Festival-de-la-Luz-2024-un-evento-inolvidable-en-San-Jose-1024x768-1.webp\" alt=\"Festival de la lumi&#xE8;re 2025 \" class=\"wp-image-23856\" srcset=\"https:\/\/www.sensorialsunsets.com\/wp-content\/uploads\/2025\/12\/Festival-de-la-Luz-2024-un-evento-inolvidable-en-San-Jose-1024x768-1.webp 1024w, https:\/\/www.sensorialsunsets.com\/wp-content\/uploads\/2025\/12\/Festival-de-la-Luz-2024-un-evento-inolvidable-en-San-Jose-1024x768-1-300x225.webp 300w, https:\/\/www.sensorialsunsets.com\/wp-content\/uploads\/2025\/12\/Festival-de-la-Luz-2024-un-evento-inolvidable-en-San-Jose-1024x768-1-768x576.webp 768w\" sizes=\"auto, (max-width: 1024px) 100vw, 1024px\" \/><\/figure>\n\n\n\n<figure class=\"wp-block-image size-large\"><img loading=\"lazy\" decoding=\"async\" width=\"1024\" height=\"683\" data-id=\"23857\" src=\"https:\/\/www.sensorialsunsets.com\/wp-content\/uploads\/2025\/12\/Festival-de-la-Luz-2025-1024x683.jpeg\" alt=\"Festival de la lumi&#xE8;re 2025 \" class=\"wp-image-23857\" srcset=\"https:\/\/www.sensorialsunsets.com\/wp-content\/uploads\/2025\/12\/Festival-de-la-Luz-2025-1024x683.jpeg 1024w, https:\/\/www.sensorialsunsets.com\/wp-content\/uploads\/2025\/12\/Festival-de-la-Luz-2025-300x200.jpeg 300w, https:\/\/www.sensorialsunsets.com\/wp-content\/uploads\/2025\/12\/Festival-de-la-Luz-2025-768x512.jpeg 768w, https:\/\/www.sensorialsunsets.com\/wp-content\/uploads\/2025\/12\/Festival-de-la-Luz-2025-334x222.jpeg 334w, https:\/\/www.sensorialsunsets.com\/wp-content\/uploads\/2025\/12\/Festival-de-la-Luz-2025-1320x880.jpeg 1320w, https:\/\/www.sensorialsunsets.com\/wp-content\/uploads\/2025\/12\/Festival-de-la-Luz-2025.jpeg 1440w\" sizes=\"auto, (max-width: 1024px) 100vw, 1024px\" \/><\/figure>\n<\/figure>\n\n<div style=\"height:100px\" aria-hidden=\"true\" class=\"wp-block-spacer\"><\/div>\n\n<h3 class=\"wp-block-heading\"><strong>Fermetures le jour du Festival de la Lumi\u00e8re<\/strong><\/h3>\n\n<p>Le samedi 13 sera la journ\u00e9e la plus restrictive :<\/p>\n\n<ul class=\"wp-block-list\">\n<li>\u00c0 partir de 11 h : restrictions partielles sur le tron\u00e7on entre Funerales Vida et le Gymnase National.<\/li>\n\n\n\n<li>\u00c0 partir de midi : fermeture totale de ce secteur.<\/li>\n<\/ul>\n\n<p>La police routi\u00e8re avertit que les barrages autour de La Sabana auront un effet domino sur la Circunvalaci\u00f3n, la General Ca\u00f1as et plusieurs routes vers le sud et l&rsquo;ouest de la capitale. Il est donc recommand\u00e9 de ne se rendre \u00e0 San Jos\u00e9 qu&rsquo;en cas de n\u00e9cessit\u00e9 absolue.<\/p>\n\n<p>Les voies adjacentes \u00e0 La Sabana seront ferm\u00e9es tout l&rsquo;apr\u00e8s-midi et toute la soir\u00e9e, mais la route parall\u00e8le menant \u00e0 la Cour des comptes restera ouverte. La rue 42, \u00e0 l&rsquo;est du parc, sera la seule voie \u00e0 circulation contr\u00f4l\u00e9e.<\/p>\n\n<h3 class=\"wp-block-heading\"><strong>Itin\u00e9raires alternatifs et d\u00e9viations<\/strong><\/h3>\n\n<p>Afin de r\u00e9duire les r\u00e9percussions, la municipalit\u00e9 de San Jos\u00e9 a \u00e9tabli quatre corridors principaux :<\/p>\n\n<p><strong>Vers le sud<\/strong><br\/>Deux voies d&rsquo;entr\u00e9e et de sortie resteront ouvertes (\u00e0 confirmer en fonction des op\u00e9rations sur le terrain).<\/p>\n\n<p><strong>Vers le nord<\/strong><\/p>\n\n<ul class=\"wp-block-list\">\n<li>Voie op\u00e9rationnelle sur l&rsquo;avenue 3 pour les riverains, les commerces et les transports publics.<\/li>\n\n\n\n<li>Route 2 ouverte pour la connexion avec la route 39 et le secteur de Pavas.<\/li>\n<\/ul>\n\n<p><strong>L&rsquo;Est<\/strong><\/p>\n\n<ul class=\"wp-block-list\">\n<li>L&rsquo;avenue Segunda et le Paseo Col\u00f3n (entre les rues 36 et 14) sont ouverts.<\/li>\n\n\n\n<li>Passages transversaux am\u00e9nag\u00e9s dans les rues 40, 38 et 36.<\/li>\n<\/ul>\n\n<p><strong>Vers l&rsquo;ouest<\/strong><\/p>\n\n<ul class=\"wp-block-list\">\n<li>Sorties et acc\u00e8s disponibles par les avenues 2 et 4.<\/li>\n<\/ul>\n\n<p>Les v\u00e9hicules provenant du Monument \u00e0 l&rsquo;Eau devront se diriger vers l&rsquo;est dans le secteur de Nissan. Pour sortir de la capitale, les conducteurs devront passer derri\u00e8re le supermarch\u00e9 M\u00e1s x Menos, puis rejoindre la route General Ca\u00f1as. Apr\u00e8s 11 h, les v\u00e9hicules lourds ne pourront pas continuer vers la capitale au-del\u00e0 du Monument \u00e0 l&rsquo;Eau et devront obligatoirement emprunter la rocade.<\/p>\n\n<h3 class=\"wp-block-heading\"><strong>Op\u00e9ration de s\u00e9curit\u00e9 massive<\/strong><\/h3>\n\n<p>Plus de 1 000 personnes participeront \u00e0 l&rsquo;op\u00e9ration, parmi lesquelles :<\/p>\n\n<ul class=\"wp-block-list\">\n<li>600 agents de la police municipale<\/li>\n\n\n\n<li>200 agents des forces de l&rsquo;ordre<\/li>\n\n\n\n<li>60 agents de circulation<\/li>\n\n\n\n<li>150 agents de s\u00e9curit\u00e9 priv\u00e9e<\/li>\n\n\n\n<li>50 volontaires sp\u00e9cialis\u00e9s<\/li>\n<\/ul>\n\n<p>La Sabana sera enti\u00e8rement cl\u00f4tur\u00e9e, avec 11 acc\u00e8s officiels contr\u00f4l\u00e9s, parmi lesquels :<\/p>\n\n<ul class=\"wp-block-list\">\n<li>Ponts pi\u00e9tonniers sur la route 27<\/li>\n\n\n\n<li>Avenida 10, en face des pompes fun\u00e8bres Valle de Paz<\/li>\n\n\n\n<li>Pont du Coll\u00e8ge des journalistes<\/li>\n\n\n\n<li>Avenue 3A, rue 48<\/li>\n<\/ul>\n\n<h3 class=\"wp-block-heading\"><strong>Mesures sp\u00e9ciales pendant l&rsquo;\u00e9v\u00e9nement<\/strong><\/h3>\n\n<ul class=\"wp-block-list\">\n<li>Application d&rsquo;une interdiction totale de consommer de l&rsquo;alcool dans un p\u00e9rim\u00e8tre de 200 m\u00e8tres autour de La Sabana pendant toute la journ\u00e9e du samedi 13 d\u00e9cembre.<\/li>\n\n\n\n<li>Interdiction d&rsquo;utiliser des feux d&rsquo;artifice.<\/li>\n\n\n\n<li>La vente ambulante n&rsquo;est pas autoris\u00e9e \u00e0 l&rsquo;int\u00e9rieur ni \u00e0 proximit\u00e9 du parc.<\/li>\n\n\n\n<li>Cet \u00e9v\u00e9nement sera non-fumeur.<\/li>\n<\/ul>\n\n<p>Les restrictions seront progressivement lev\u00e9es vers minuit samedi, avec 35 agents de circulation charg\u00e9s de r\u00e9guler le flux routier tout au long de la journ\u00e9e.<\/p>\n\n<h3 class=\"wp-block-heading\"><strong>Recommandations finales<\/strong><\/h3>\n\n<ul class=\"wp-block-list\">\n<li>\u00c9vitez de vous rendre \u00e0 San Jos\u00e9 si ce n&rsquo;est pas n\u00e9cessaire<\/li>\n\n\n\n<li>Planifier ses d\u00e9placements \u00e0 l&rsquo;avance<\/li>\n\n\n\n<li>Suivre les consignes des autorit\u00e9s<\/li>\n\n\n\n<li>Utiliser des itin\u00e9raires alternatifs dans la mesure du possible<\/li>\n<\/ul>\n\n<p><a href=\"https:\/\/www.sensorialsunsets.com\/wp-admin\/edit.php?post_type=post\"><\/a><\/p>\n\n<p><strong>Sensorial Sunsets<\/strong><\/p>\n","protected":false},"excerpt":{"rendered":"<p>Le Festival de la lumi\u00e8re 2025 marquera un \u00e9v\u00e9nement historique dans sa c\u00e9l\u00e9bration : pour la premi\u00e8re fois, le parcours sera compl\u00e8tement modifi\u00e9 et se d\u00e9roulera autour du parc m\u00e9tropolitain La Sabana, ce samedi 13 d\u00e9cembre. En raison de ce changement d&rsquo;itin\u00e9raire, la police routi\u00e8re mettra en place des fermetures et des d\u00e9viations qui affecteront [&hellip;]<\/p>\n","protected":false},"author":4,"featured_media":23869,"comment_status":"closed","ping_status":"closed","sticky":false,"template":"","format":"standard","meta":{"_acf_changed":false,"inline_featured_image":false,"_monsterinsights_skip_tracking":false,"_monsterinsights_sitenote_active":false,"_monsterinsights_sitenote_note":"","_monsterinsights_sitenote_category":0,"footnotes":""},"categories":[1],"tags":[],"class_list":["post-23870","post","type-post","status-publish","format-standard","has-post-thumbnail","hentry","category-non-classifiee"],"acf":[],"yoast_head":"<!-- This site is optimized with the Yoast SEO plugin v27.4 - https:\/\/yoast.com\/product\/yoast-seo-wordpress\/ -->\n<title>Festival de la Lumi\u00e8re 2025 : fermetures de routes \u00e0 San Jos\u00e9 - SensorialSunsets<\/title>\n<meta name=\"description\" content=\"Festival de la lumi\u00e8re 2025 : d\u00e9couvrez toutes les fermetures de routes, d\u00e9viations et restrictions autour de La Sabana ce 13 d\u00e9cembre.\" \/>\n<meta name=\"robots\" content=\"index, follow, max-snippet:-1, max-image-preview:large, max-video-preview:-1\" \/>\n<link rel=\"canonical\" href=\"https:\/\/www.sensorialsunsets.com\/fr\/festival-de-la-lumiere-2025-fermetures-de-routes-a-san-jose\/\" \/>\n<meta property=\"og:locale\" content=\"fr_FR\" \/>\n<meta property=\"og:type\" content=\"article\" \/>\n<meta property=\"og:title\" content=\"Festival de la Lumi\u00e8re 2025 : fermetures de routes \u00e0 San Jos\u00e9 - SensorialSunsets\" \/>\n<meta property=\"og:description\" content=\"Festival de la lumi\u00e8re 2025 : d\u00e9couvrez toutes les fermetures de routes, d\u00e9viations et restrictions autour de La Sabana ce 13 d\u00e9cembre.\" \/>\n<meta property=\"og:url\" content=\"https:\/\/www.sensorialsunsets.com\/fr\/festival-de-la-lumiere-2025-fermetures-de-routes-a-san-jose\/\" \/>\n<meta property=\"og:site_name\" content=\"SensorialSunsets\" \/>\n<meta property=\"article:publisher\" content=\"https:\/\/www.facebook.com\/Sensorial-Sunsets-109180614715562\" \/>\n<meta property=\"article:published_time\" content=\"2025-12-10T08:14:48+00:00\" \/>\n<meta property=\"article:modified_time\" content=\"2025-12-10T08:14:50+00:00\" \/>\n<meta property=\"og:image\" content=\"https:\/\/www.sensorialsunsets.com\/wp-content\/uploads\/2023\/07\/Sensorial.png\" \/>\n\t<meta property=\"og:image:width\" content=\"1200\" \/>\n\t<meta property=\"og:image:height\" content=\"675\" \/>\n\t<meta property=\"og:image:type\" content=\"image\/png\" \/>\n<meta name=\"author\" content=\"Sensorial Sunsets\" \/>\n<meta name=\"twitter:card\" content=\"summary_large_image\" \/>\n<meta name=\"twitter:label1\" content=\"\u00c9crit par\" \/>\n\t<meta name=\"twitter:data1\" content=\"Sensorial Sunsets\" \/>\n\t<meta name=\"twitter:label2\" content=\"Dur\u00e9e de lecture estim\u00e9e\" \/>\n\t<meta name=\"twitter:data2\" content=\"4 minutes\" \/>\n<script type=\"application\/ld+json\" class=\"yoast-schema-graph\">{\"@context\":\"https:\\\/\\\/schema.org\",\"@graph\":[{\"@type\":\"Article\",\"@id\":\"https:\\\/\\\/www.sensorialsunsets.com\\\/fr\\\/festival-de-la-lumiere-2025-fermetures-de-routes-a-san-jose\\\/#article\",\"isPartOf\":{\"@id\":\"https:\\\/\\\/www.sensorialsunsets.com\\\/fr\\\/festival-de-la-lumiere-2025-fermetures-de-routes-a-san-jose\\\/\"},\"author\":{\"name\":\"Sensorial Sunsets\",\"@id\":\"https:\\\/\\\/www.sensorialsunsets.com\\\/fr\\\/#\\\/schema\\\/person\\\/77e2fa594135aa94024c47e281d8a94d\"},\"headline\":\"Festival de la Lumi\u00e8re 2025 : fermetures de routes \u00e0 San Jos\u00e9\",\"datePublished\":\"2025-12-10T08:14:48+00:00\",\"dateModified\":\"2025-12-10T08:14:50+00:00\",\"mainEntityOfPage\":{\"@id\":\"https:\\\/\\\/www.sensorialsunsets.com\\\/fr\\\/festival-de-la-lumiere-2025-fermetures-de-routes-a-san-jose\\\/\"},\"wordCount\":739,\"publisher\":{\"@id\":\"https:\\\/\\\/www.sensorialsunsets.com\\\/fr\\\/#organization\"},\"image\":{\"@id\":\"https:\\\/\\\/www.sensorialsunsets.com\\\/fr\\\/festival-de-la-lumiere-2025-fermetures-de-routes-a-san-jose\\\/#primaryimage\"},\"thumbnailUrl\":\"https:\\\/\\\/www.sensorialsunsets.com\\\/wp-content\\\/uploads\\\/2025\\\/12\\\/Festival-de-la-Luz-20251.avif\",\"articleSection\":[\"Non classifi\u00e9(e)\"],\"inLanguage\":\"fr-FR\"},{\"@type\":\"WebPage\",\"@id\":\"https:\\\/\\\/www.sensorialsunsets.com\\\/fr\\\/festival-de-la-lumiere-2025-fermetures-de-routes-a-san-jose\\\/\",\"url\":\"https:\\\/\\\/www.sensorialsunsets.com\\\/fr\\\/festival-de-la-lumiere-2025-fermetures-de-routes-a-san-jose\\\/\",\"name\":\"Festival de la Lumi\u00e8re 2025 : fermetures de routes \u00e0 San Jos\u00e9 - SensorialSunsets\",\"isPartOf\":{\"@id\":\"https:\\\/\\\/www.sensorialsunsets.com\\\/fr\\\/#website\"},\"primaryImageOfPage\":{\"@id\":\"https:\\\/\\\/www.sensorialsunsets.com\\\/fr\\\/festival-de-la-lumiere-2025-fermetures-de-routes-a-san-jose\\\/#primaryimage\"},\"image\":{\"@id\":\"https:\\\/\\\/www.sensorialsunsets.com\\\/fr\\\/festival-de-la-lumiere-2025-fermetures-de-routes-a-san-jose\\\/#primaryimage\"},\"thumbnailUrl\":\"https:\\\/\\\/www.sensorialsunsets.com\\\/wp-content\\\/uploads\\\/2025\\\/12\\\/Festival-de-la-Luz-20251.avif\",\"datePublished\":\"2025-12-10T08:14:48+00:00\",\"dateModified\":\"2025-12-10T08:14:50+00:00\",\"description\":\"Festival de la lumi\u00e8re 2025 : d\u00e9couvrez toutes les fermetures de routes, d\u00e9viations et restrictions autour de La Sabana ce 13 d\u00e9cembre.\",\"inLanguage\":\"fr-FR\",\"potentialAction\":[{\"@type\":\"ReadAction\",\"target\":[\"https:\\\/\\\/www.sensorialsunsets.com\\\/fr\\\/festival-de-la-lumiere-2025-fermetures-de-routes-a-san-jose\\\/\"]}]},{\"@type\":\"ImageObject\",\"inLanguage\":\"fr-FR\",\"@id\":\"https:\\\/\\\/www.sensorialsunsets.com\\\/fr\\\/festival-de-la-lumiere-2025-fermetures-de-routes-a-san-jose\\\/#primaryimage\",\"url\":\"https:\\\/\\\/www.sensorialsunsets.com\\\/wp-content\\\/uploads\\\/2025\\\/12\\\/Festival-de-la-Luz-20251.avif\",\"contentUrl\":\"https:\\\/\\\/www.sensorialsunsets.com\\\/wp-content\\\/uploads\\\/2025\\\/12\\\/Festival-de-la-Luz-20251.avif\",\"width\":1440,\"height\":960},{\"@type\":\"WebSite\",\"@id\":\"https:\\\/\\\/www.sensorialsunsets.com\\\/fr\\\/#website\",\"url\":\"https:\\\/\\\/www.sensorialsunsets.com\\\/fr\\\/\",\"name\":\"SensorialSunsets.com\",\"description\":\"D\u00e9couvrez la culture et la soci\u00e9t\u00e9 du Costa Rica sur notre blog. Explorez des articles captivants et partagez le contenu.\",\"publisher\":{\"@id\":\"https:\\\/\\\/www.sensorialsunsets.com\\\/fr\\\/#organization\"},\"alternateName\":\"Costa Rica Live Blog\",\"potentialAction\":[{\"@type\":\"SearchAction\",\"target\":{\"@type\":\"EntryPoint\",\"urlTemplate\":\"https:\\\/\\\/www.sensorialsunsets.com\\\/fr\\\/?s={search_term_string}\"},\"query-input\":{\"@type\":\"PropertyValueSpecification\",\"valueRequired\":true,\"valueName\":\"search_term_string\"}}],\"inLanguage\":\"fr-FR\"},{\"@type\":\"Organization\",\"@id\":\"https:\\\/\\\/www.sensorialsunsets.com\\\/fr\\\/#organization\",\"name\":\"SensorialSunsets\",\"url\":\"https:\\\/\\\/www.sensorialsunsets.com\\\/fr\\\/\",\"logo\":{\"@type\":\"ImageObject\",\"inLanguage\":\"fr-FR\",\"@id\":\"https:\\\/\\\/www.sensorialsunsets.com\\\/fr\\\/#\\\/schema\\\/logo\\\/image\\\/\",\"url\":\"https:\\\/\\\/www.sensorialsunsets.com\\\/wp-content\\\/uploads\\\/2023\\\/04\\\/Logo_base_line_fond_clair.svg\",\"contentUrl\":\"https:\\\/\\\/www.sensorialsunsets.com\\\/wp-content\\\/uploads\\\/2023\\\/04\\\/Logo_base_line_fond_clair.svg\",\"width\":\"1024\",\"height\":\"1024\",\"caption\":\"SensorialSunsets\"},\"image\":{\"@id\":\"https:\\\/\\\/www.sensorialsunsets.com\\\/fr\\\/#\\\/schema\\\/logo\\\/image\\\/\"},\"sameAs\":[\"https:\\\/\\\/www.facebook.com\\\/Sensorial-Sunsets-109180614715562\",\"https:\\\/\\\/www.instagram.com\\\/sensorialsunsets\\\/\"]},{\"@type\":\"Person\",\"@id\":\"https:\\\/\\\/www.sensorialsunsets.com\\\/fr\\\/#\\\/schema\\\/person\\\/77e2fa594135aa94024c47e281d8a94d\",\"name\":\"Sensorial Sunsets\",\"image\":{\"@type\":\"ImageObject\",\"inLanguage\":\"fr-FR\",\"@id\":\"https:\\\/\\\/secure.gravatar.com\\\/avatar\\\/5f2d62681b1dad94c28f1500d4fc75582acdfd32b55fd1acce0a36a3c487eabe?s=96&d=mm&r=g\",\"url\":\"https:\\\/\\\/secure.gravatar.com\\\/avatar\\\/5f2d62681b1dad94c28f1500d4fc75582acdfd32b55fd1acce0a36a3c487eabe?s=96&d=mm&r=g\",\"contentUrl\":\"https:\\\/\\\/secure.gravatar.com\\\/avatar\\\/5f2d62681b1dad94c28f1500d4fc75582acdfd32b55fd1acce0a36a3c487eabe?s=96&d=mm&r=g\",\"caption\":\"Sensorial Sunsets\"},\"url\":\"https:\\\/\\\/www.sensorialsunsets.com\\\/fr\\\/author\\\/asistentes-sensorial-sunsets\\\/\"}]}<\/script>\n<!-- \/ Yoast SEO plugin. -->","yoast_head_json":{"title":"Festival de la Lumi\u00e8re 2025 : fermetures de routes \u00e0 San Jos\u00e9 - SensorialSunsets","description":"Festival de la lumi\u00e8re 2025 : d\u00e9couvrez toutes les fermetures de routes, d\u00e9viations et restrictions autour de La Sabana ce 13 d\u00e9cembre.","robots":{"index":"index","follow":"follow","max-snippet":"max-snippet:-1","max-image-preview":"max-image-preview:large","max-video-preview":"max-video-preview:-1"},"canonical":"https:\/\/www.sensorialsunsets.com\/fr\/festival-de-la-lumiere-2025-fermetures-de-routes-a-san-jose\/","og_locale":"fr_FR","og_type":"article","og_title":"Festival de la Lumi\u00e8re 2025 : fermetures de routes \u00e0 San Jos\u00e9 - SensorialSunsets","og_description":"Festival de la lumi\u00e8re 2025 : d\u00e9couvrez toutes les fermetures de routes, d\u00e9viations et restrictions autour de La Sabana ce 13 d\u00e9cembre.","og_url":"https:\/\/www.sensorialsunsets.com\/fr\/festival-de-la-lumiere-2025-fermetures-de-routes-a-san-jose\/","og_site_name":"SensorialSunsets","article_publisher":"https:\/\/www.facebook.com\/Sensorial-Sunsets-109180614715562","article_published_time":"2025-12-10T08:14:48+00:00","article_modified_time":"2025-12-10T08:14:50+00:00","og_image":[{"width":1200,"height":675,"url":"https:\/\/www.sensorialsunsets.com\/wp-content\/uploads\/2023\/07\/Sensorial.png","type":"image\/png"}],"author":"Sensorial Sunsets","twitter_card":"summary_large_image","twitter_misc":{"\u00c9crit par":"Sensorial Sunsets","Dur\u00e9e de lecture estim\u00e9e":"4 minutes"},"schema":{"@context":"https:\/\/schema.org","@graph":[{"@type":"Article","@id":"https:\/\/www.sensorialsunsets.com\/fr\/festival-de-la-lumiere-2025-fermetures-de-routes-a-san-jose\/#article","isPartOf":{"@id":"https:\/\/www.sensorialsunsets.com\/fr\/festival-de-la-lumiere-2025-fermetures-de-routes-a-san-jose\/"},"author":{"name":"Sensorial Sunsets","@id":"https:\/\/www.sensorialsunsets.com\/fr\/#\/schema\/person\/77e2fa594135aa94024c47e281d8a94d"},"headline":"Festival de la Lumi\u00e8re 2025 : fermetures de routes \u00e0 San Jos\u00e9","datePublished":"2025-12-10T08:14:48+00:00","dateModified":"2025-12-10T08:14:50+00:00","mainEntityOfPage":{"@id":"https:\/\/www.sensorialsunsets.com\/fr\/festival-de-la-lumiere-2025-fermetures-de-routes-a-san-jose\/"},"wordCount":739,"publisher":{"@id":"https:\/\/www.sensorialsunsets.com\/fr\/#organization"},"image":{"@id":"https:\/\/www.sensorialsunsets.com\/fr\/festival-de-la-lumiere-2025-fermetures-de-routes-a-san-jose\/#primaryimage"},"thumbnailUrl":"https:\/\/www.sensorialsunsets.com\/wp-content\/uploads\/2025\/12\/Festival-de-la-Luz-20251.avif","articleSection":["Non classifi\u00e9(e)"],"inLanguage":"fr-FR"},{"@type":"WebPage","@id":"https:\/\/www.sensorialsunsets.com\/fr\/festival-de-la-lumiere-2025-fermetures-de-routes-a-san-jose\/","url":"https:\/\/www.sensorialsunsets.com\/fr\/festival-de-la-lumiere-2025-fermetures-de-routes-a-san-jose\/","name":"Festival de la Lumi\u00e8re 2025 : fermetures de routes \u00e0 San Jos\u00e9 - SensorialSunsets","isPartOf":{"@id":"https:\/\/www.sensorialsunsets.com\/fr\/#website"},"primaryImageOfPage":{"@id":"https:\/\/www.sensorialsunsets.com\/fr\/festival-de-la-lumiere-2025-fermetures-de-routes-a-san-jose\/#primaryimage"},"image":{"@id":"https:\/\/www.sensorialsunsets.com\/fr\/festival-de-la-lumiere-2025-fermetures-de-routes-a-san-jose\/#primaryimage"},"thumbnailUrl":"https:\/\/www.sensorialsunsets.com\/wp-content\/uploads\/2025\/12\/Festival-de-la-Luz-20251.avif","datePublished":"2025-12-10T08:14:48+00:00","dateModified":"2025-12-10T08:14:50+00:00","description":"Festival de la lumi\u00e8re 2025 : d\u00e9couvrez toutes les fermetures de routes, d\u00e9viations et restrictions autour de La Sabana ce 13 d\u00e9cembre.","inLanguage":"fr-FR","potentialAction":[{"@type":"ReadAction","target":["https:\/\/www.sensorialsunsets.com\/fr\/festival-de-la-lumiere-2025-fermetures-de-routes-a-san-jose\/"]}]},{"@type":"ImageObject","inLanguage":"fr-FR","@id":"https:\/\/www.sensorialsunsets.com\/fr\/festival-de-la-lumiere-2025-fermetures-de-routes-a-san-jose\/#primaryimage","url":"https:\/\/www.sensorialsunsets.com\/wp-content\/uploads\/2025\/12\/Festival-de-la-Luz-20251.avif","contentUrl":"https:\/\/www.sensorialsunsets.com\/wp-content\/uploads\/2025\/12\/Festival-de-la-Luz-20251.avif","width":1440,"height":960},{"@type":"WebSite","@id":"https:\/\/www.sensorialsunsets.com\/fr\/#website","url":"https:\/\/www.sensorialsunsets.com\/fr\/","name":"SensorialSunsets.com","description":"D\u00e9couvrez la culture et la soci\u00e9t\u00e9 du Costa Rica sur notre blog. Explorez des articles captivants et partagez le contenu.","publisher":{"@id":"https:\/\/www.sensorialsunsets.com\/fr\/#organization"},"alternateName":"Costa Rica Live Blog","potentialAction":[{"@type":"SearchAction","target":{"@type":"EntryPoint","urlTemplate":"https:\/\/www.sensorialsunsets.com\/fr\/?s={search_term_string}"},"query-input":{"@type":"PropertyValueSpecification","valueRequired":true,"valueName":"search_term_string"}}],"inLanguage":"fr-FR"},{"@type":"Organization","@id":"https:\/\/www.sensorialsunsets.com\/fr\/#organization","name":"SensorialSunsets","url":"https:\/\/www.sensorialsunsets.com\/fr\/","logo":{"@type":"ImageObject","inLanguage":"fr-FR","@id":"https:\/\/www.sensorialsunsets.com\/fr\/#\/schema\/logo\/image\/","url":"https:\/\/www.sensorialsunsets.com\/wp-content\/uploads\/2023\/04\/Logo_base_line_fond_clair.svg","contentUrl":"https:\/\/www.sensorialsunsets.com\/wp-content\/uploads\/2023\/04\/Logo_base_line_fond_clair.svg","width":"1024","height":"1024","caption":"SensorialSunsets"},"image":{"@id":"https:\/\/www.sensorialsunsets.com\/fr\/#\/schema\/logo\/image\/"},"sameAs":["https:\/\/www.facebook.com\/Sensorial-Sunsets-109180614715562","https:\/\/www.instagram.com\/sensorialsunsets\/"]},{"@type":"Person","@id":"https:\/\/www.sensorialsunsets.com\/fr\/#\/schema\/person\/77e2fa594135aa94024c47e281d8a94d","name":"Sensorial Sunsets","image":{"@type":"ImageObject","inLanguage":"fr-FR","@id":"https:\/\/secure.gravatar.com\/avatar\/5f2d62681b1dad94c28f1500d4fc75582acdfd32b55fd1acce0a36a3c487eabe?s=96&d=mm&r=g","url":"https:\/\/secure.gravatar.com\/avatar\/5f2d62681b1dad94c28f1500d4fc75582acdfd32b55fd1acce0a36a3c487eabe?s=96&d=mm&r=g","contentUrl":"https:\/\/secure.gravatar.com\/avatar\/5f2d62681b1dad94c28f1500d4fc75582acdfd32b55fd1acce0a36a3c487eabe?s=96&d=mm&r=g","caption":"Sensorial Sunsets"},"url":"https:\/\/www.sensorialsunsets.com\/fr\/author\/asistentes-sensorial-sunsets\/"}]}},"_links":{"self":[{"href":"https:\/\/www.sensorialsunsets.com\/fr\/wp-json\/wp\/v2\/posts\/23870","targetHints":{"allow":["GET"]}}],"collection":[{"href":"https:\/\/www.sensorialsunsets.com\/fr\/wp-json\/wp\/v2\/posts"}],"about":[{"href":"https:\/\/www.sensorialsunsets.com\/fr\/wp-json\/wp\/v2\/types\/post"}],"author":[{"embeddable":true,"href":"https:\/\/www.sensorialsunsets.com\/fr\/wp-json\/wp\/v2\/users\/4"}],"replies":[{"embeddable":true,"href":"https:\/\/www.sensorialsunsets.com\/fr\/wp-json\/wp\/v2\/comments?post=23870"}],"version-history":[{"count":1,"href":"https:\/\/www.sensorialsunsets.com\/fr\/wp-json\/wp\/v2\/posts\/23870\/revisions"}],"predecessor-version":[{"id":23871,"href":"https:\/\/www.sensorialsunsets.com\/fr\/wp-json\/wp\/v2\/posts\/23870\/revisions\/23871"}],"wp:featuredmedia":[{"embeddable":true,"href":"https:\/\/www.sensorialsunsets.com\/fr\/wp-json\/wp\/v2\/media\/23869"}],"wp:attachment":[{"href":"https:\/\/www.sensorialsunsets.com\/fr\/wp-json\/wp\/v2\/media?parent=23870"}],"wp:term":[{"taxonomy":"category","embeddable":true,"href":"https:\/\/www.sensorialsunsets.com\/fr\/wp-json\/wp\/v2\/categories?post=23870"},{"taxonomy":"post_tag","embeddable":true,"href":"https:\/\/www.sensorialsunsets.com\/fr\/wp-json\/wp\/v2\/tags?post=23870"}],"curies":[{"name":"wp","href":"https:\/\/api.w.org\/{rel}","templated":true}]}}