{"id":23891,"date":"2025-12-10T17:32:10","date_gmt":"2025-12-10T23:32:10","guid":{"rendered":"https:\/\/www.sensorialsunsets.com\/japon-une-visite-historique-et-culturelle-au-costa-rica\/"},"modified":"2025-12-10T17:32:11","modified_gmt":"2025-12-10T23:32:11","slug":"japon-une-visite-historique-et-culturelle-au-costa-rica","status":"publish","type":"post","link":"https:\/\/www.sensorialsunsets.com\/fr\/japon-une-visite-historique-et-culturelle-au-costa-rica\/","title":{"rendered":"Japon : une visite historique et culturelle au Costa Rica"},"content":{"rendered":"\n<p><strong>La Biblioth\u00e8que nationale inaugure une exposition sp\u00e9ciale le 12 d\u00e9cembre<\/strong><\/p>\n\n<p>Le minist\u00e8re de la Culture et de la Jeunesse, par l&rsquo;interm\u00e9diaire du Syst\u00e8me national des biblioth\u00e8ques (SINABI), invite le public \u00e0 venir d\u00e9couvrir l&rsquo;exposition \u00ab Japon : une visite historique et culturelle au Costa Rica \u00bb, organis\u00e9e par la Biblioth\u00e8que nationale dans le cadre de ses activit\u00e9s culturelles du mois.<\/p>\n\n<p>Cette exposition est le fruit d&rsquo;une collaboration entre l&rsquo;ambassade du Japon au Costa Rica et la Biblioth\u00e8que nationale, qui ont uni leurs efforts pour proposer un parcours visuel, historique et symbolique \u00e0 travers les liens qui ont renforc\u00e9 les relations entre les deux pays pendant pr\u00e8s d&rsquo;un si\u00e8cle.<\/p>\n\n<h3 class=\"wp-block-heading\"><strong>Inauguration et disponibilit\u00e9<\/strong><\/h3>\n\n<p>L&rsquo;inauguration aura lieu le <strong>vendredi 12 d\u00e9cembre 2025 \u00e0 10 h<\/strong>, en pr\u00e9sentiel \u00e0 la Biblioth\u00e8que nationale et avec retransmission virtuelle sur sa page Facebook officielle.<\/p>\n\n<ul class=\"wp-block-list\">\n<li>L&rsquo;exposition sera ouverte <strong>du 12 d\u00e9cembre 2025 au 30 janvier 2026<\/strong>, du <strong>lundi au vendredi, de 8 h \u00e0 18 h<\/strong>.<\/li>\n<\/ul>\n\n<p class=\"has-small-font-size\">Pour plus d&rsquo;informations, le public peut contacter l&rsquo;adresse \u00e9lectronique <strong>bibliotecanacional@sinabi.go.cr<\/strong> ou le num\u00e9ro de t\u00e9l\u00e9phone <strong>2257-4814<\/strong>.<\/p>\n\n<div style=\"height:100px\" aria-hidden=\"true\" class=\"wp-block-spacer\"><\/div>\n\n<figure class=\"wp-block-gallery has-nested-images columns-default is-cropped wp-block-gallery-1 is-layout-flex wp-block-gallery-is-layout-flex\">\n<figure class=\"wp-block-image size-large\"><img loading=\"lazy\" decoding=\"async\" width=\"1024\" height=\"683\" data-id=\"23876\" src=\"https:\/\/www.sensorialsunsets.com\/wp-content\/uploads\/2025\/12\/Biblioteca-Nacional-1024x683.jpg\" alt=\"\" class=\"wp-image-23876\" srcset=\"https:\/\/www.sensorialsunsets.com\/wp-content\/uploads\/2025\/12\/Biblioteca-Nacional-1024x683.jpg 1024w, https:\/\/www.sensorialsunsets.com\/wp-content\/uploads\/2025\/12\/Biblioteca-Nacional-300x200.jpg 300w, https:\/\/www.sensorialsunsets.com\/wp-content\/uploads\/2025\/12\/Biblioteca-Nacional-768x512.jpg 768w, https:\/\/www.sensorialsunsets.com\/wp-content\/uploads\/2025\/12\/Biblioteca-Nacional-334x222.jpg 334w, https:\/\/www.sensorialsunsets.com\/wp-content\/uploads\/2025\/12\/Biblioteca-Nacional-1320x880.jpg 1320w, https:\/\/www.sensorialsunsets.com\/wp-content\/uploads\/2025\/12\/Biblioteca-Nacional.avif 1440w\" sizes=\"auto, (max-width: 1024px) 100vw, 1024px\" \/><\/figure>\n\n\n\n<figure class=\"wp-block-image size-large\"><img loading=\"lazy\" decoding=\"async\" width=\"750\" height=\"563\" data-id=\"23875\" src=\"https:\/\/www.sensorialsunsets.com\/wp-content\/uploads\/2025\/12\/chinese-lantern-932217_960_720-1.webp\" alt=\"\" class=\"wp-image-23875\" srcset=\"https:\/\/www.sensorialsunsets.com\/wp-content\/uploads\/2025\/12\/chinese-lantern-932217_960_720-1.webp 750w, https:\/\/www.sensorialsunsets.com\/wp-content\/uploads\/2025\/12\/chinese-lantern-932217_960_720-1-300x225.webp 300w\" sizes=\"auto, (max-width: 750px) 100vw, 750px\" \/><\/figure>\n\n\n\n<figure class=\"wp-block-image size-large\"><img loading=\"lazy\" decoding=\"async\" width=\"899\" height=\"599\" data-id=\"23877\" src=\"https:\/\/www.sensorialsunsets.com\/wp-content\/uploads\/2025\/12\/Japon-inspira-una-muestra-historica.jpg\" alt=\"\" class=\"wp-image-23877\" srcset=\"https:\/\/www.sensorialsunsets.com\/wp-content\/uploads\/2025\/12\/Japon-inspira-una-muestra-historica.jpg 899w, https:\/\/www.sensorialsunsets.com\/wp-content\/uploads\/2025\/12\/Japon-inspira-una-muestra-historica-300x200.jpg 300w, https:\/\/www.sensorialsunsets.com\/wp-content\/uploads\/2025\/12\/Japon-inspira-una-muestra-historica-768x512.jpg 768w, https:\/\/www.sensorialsunsets.com\/wp-content\/uploads\/2025\/12\/Japon-inspira-una-muestra-historica-334x222.jpg 334w\" sizes=\"auto, (max-width: 899px) 100vw, 899px\" \/><figcaption class=\"wp-element-caption\">Jardin japonais du jardin botanique de Lancaster<\/figcaption><\/figure>\n<\/figure>\n\n<div style=\"height:100px\" aria-hidden=\"true\" class=\"wp-block-spacer\"><\/div>\n\n<h3 class=\"wp-block-heading\"><strong>Une relation d&rsquo;amiti\u00e9 presque centenaire<\/strong><\/h3>\n\n<p>La pr\u00e9sence culturelle japonaise au Costa Rica a \u00e9t\u00e9 constante et enrichissante, s&rsquo;exprimant \u00e0 travers son art, ses traditions et une coop\u00e9ration bilat\u00e9rale dynamique. Outre des expositions comme celle-ci, il convient de mentionner des lieux embl\u00e9matiques tels que <a href=\"https:\/\/www.sensorialsunsets.com\/fr\/les-jardins-botaniques\/\">le jardin japonais du jardin botanique Lancaster<\/a>, offert par le Japon, ainsi que la large diffusion d&rsquo;\u00e9l\u00e9ments culturels tels que les dessins anim\u00e9s, la langue, la litt\u00e9rature, les arts martiaux et la gastronomie.<\/p>\n\n<p>Les relations diplomatiques entre le Costa Rica et le Japon sont caract\u00e9ris\u00e9es par l&rsquo;amiti\u00e9, la coop\u00e9ration et le respect mutuel. Leurs liens officiels ont d\u00e9but\u00e9 en 1928, par l&rsquo;\u00e9change de notes autographes entre le pr\u00e9sident costaricien de l&rsquo;\u00e9poque, Cleto Gonz\u00e1lez V\u00edquez, et Sa Majest\u00e9 l&#8217;empereur Hirohito (Showa Tenno). Ces liens ont \u00e9t\u00e9 officialis\u00e9s en 1935.<\/p>\n\n<h5 class=\"wp-block-heading\">Diplomatie culturelle entre le Costa Rica et le Japon<\/h5>\n\n<p>Pendant la Seconde Guerre mondiale, les relations ont \u00e9t\u00e9 interrompues, mais elles ont repris en 1952 apr\u00e8s la signature du trait\u00e9 de paix de San Francisco, ouvrant la voie \u00e0 un nouveau chapitre de collaboration. Depuis lors, les deux pays ont maintenu un dialogue constant fond\u00e9 sur les principes d\u00e9mocratiques, le multilat\u00e9ralisme et la promotion de la paix.<\/p>\n\n<p>Aujourd&rsquo;hui, le Costa Rica et le Japon entretiennent des relations solides, ax\u00e9es sur l&rsquo;innovation, la durabilit\u00e9, la coop\u00e9ration technique et le renforcement des valeurs communes, notamment en mati\u00e8re de paix, d&rsquo;environnement et de d\u00e9veloppement humain.<\/p>\n\n<p><strong>Sensorial Sunsets<\/strong><\/p>\n","protected":false},"excerpt":{"rendered":"<p>La Biblioth\u00e8que nationale inaugure une exposition sp\u00e9ciale le 12 d\u00e9cembre Le minist\u00e8re de la Culture et de la Jeunesse, par l&rsquo;interm\u00e9diaire du Syst\u00e8me national des biblioth\u00e8ques (SINABI), invite le public \u00e0 venir d\u00e9couvrir l&rsquo;exposition \u00ab Japon : une visite historique et culturelle au Costa Rica \u00bb, organis\u00e9e par la Biblioth\u00e8que nationale dans le cadre de [&hellip;]<\/p>\n","protected":false},"author":4,"featured_media":23890,"comment_status":"closed","ping_status":"closed","sticky":false,"template":"","format":"standard","meta":{"_acf_changed":false,"inline_featured_image":false,"_monsterinsights_skip_tracking":false,"_monsterinsights_sitenote_active":false,"_monsterinsights_sitenote_note":"","_monsterinsights_sitenote_category":0,"footnotes":""},"categories":[1],"tags":[],"class_list":["post-23891","post","type-post","status-publish","format-standard","has-post-thumbnail","hentry","category-non-classifiee"],"acf":[],"yoast_head":"<!-- This site is optimized with the Yoast SEO plugin v27.4 - https:\/\/yoast.com\/product\/yoast-seo-wordpress\/ -->\n<title>Japon : une visite historique et culturelle au Costa Rica - SensorialSunsets<\/title>\n<meta name=\"description\" content=\"Japon inspire une exposition historique et culturelle \u00e0 la Biblioth\u00e8que nationale du Costa Rica, mettant en lumi\u00e8re pr\u00e8s d&#039;un si\u00e8cle de relations diplomatiques.\" \/>\n<meta name=\"robots\" content=\"index, follow, max-snippet:-1, max-image-preview:large, max-video-preview:-1\" \/>\n<link rel=\"canonical\" href=\"https:\/\/www.sensorialsunsets.com\/fr\/japon-une-visite-historique-et-culturelle-au-costa-rica\/\" \/>\n<meta property=\"og:locale\" content=\"fr_FR\" \/>\n<meta property=\"og:type\" content=\"article\" \/>\n<meta property=\"og:title\" content=\"Japon : une visite historique et culturelle au Costa Rica - SensorialSunsets\" \/>\n<meta property=\"og:description\" content=\"Japon inspire une exposition historique et culturelle \u00e0 la Biblioth\u00e8que nationale du Costa Rica, mettant en lumi\u00e8re pr\u00e8s d&#039;un si\u00e8cle de relations diplomatiques.\" \/>\n<meta property=\"og:url\" content=\"https:\/\/www.sensorialsunsets.com\/fr\/japon-une-visite-historique-et-culturelle-au-costa-rica\/\" \/>\n<meta property=\"og:site_name\" content=\"SensorialSunsets\" \/>\n<meta property=\"article:publisher\" content=\"https:\/\/www.facebook.com\/Sensorial-Sunsets-109180614715562\" \/>\n<meta property=\"article:published_time\" content=\"2025-12-10T23:32:10+00:00\" \/>\n<meta property=\"article:modified_time\" content=\"2025-12-10T23:32:11+00:00\" \/>\n<meta property=\"og:image\" content=\"https:\/\/www.sensorialsunsets.com\/wp-content\/uploads\/2023\/07\/Sensorial.png\" \/>\n\t<meta property=\"og:image:width\" content=\"1200\" \/>\n\t<meta property=\"og:image:height\" content=\"675\" \/>\n\t<meta property=\"og:image:type\" content=\"image\/png\" \/>\n<meta name=\"author\" content=\"Sensorial Sunsets\" \/>\n<meta name=\"twitter:card\" content=\"summary_large_image\" \/>\n<meta name=\"twitter:label1\" content=\"\u00c9crit par\" \/>\n\t<meta name=\"twitter:data1\" content=\"Sensorial Sunsets\" \/>\n\t<meta name=\"twitter:label2\" content=\"Dur\u00e9e de lecture estim\u00e9e\" \/>\n\t<meta name=\"twitter:data2\" content=\"2 minutes\" \/>\n<script type=\"application\/ld+json\" class=\"yoast-schema-graph\">{\"@context\":\"https:\\\/\\\/schema.org\",\"@graph\":[{\"@type\":\"Article\",\"@id\":\"https:\\\/\\\/www.sensorialsunsets.com\\\/fr\\\/japon-une-visite-historique-et-culturelle-au-costa-rica\\\/#article\",\"isPartOf\":{\"@id\":\"https:\\\/\\\/www.sensorialsunsets.com\\\/fr\\\/japon-une-visite-historique-et-culturelle-au-costa-rica\\\/\"},\"author\":{\"name\":\"Sensorial Sunsets\",\"@id\":\"https:\\\/\\\/www.sensorialsunsets.com\\\/fr\\\/#\\\/schema\\\/person\\\/77e2fa594135aa94024c47e281d8a94d\"},\"headline\":\"Japon : une visite historique et culturelle au Costa Rica\",\"datePublished\":\"2025-12-10T23:32:10+00:00\",\"dateModified\":\"2025-12-10T23:32:11+00:00\",\"mainEntityOfPage\":{\"@id\":\"https:\\\/\\\/www.sensorialsunsets.com\\\/fr\\\/japon-une-visite-historique-et-culturelle-au-costa-rica\\\/\"},\"wordCount\":467,\"publisher\":{\"@id\":\"https:\\\/\\\/www.sensorialsunsets.com\\\/fr\\\/#organization\"},\"image\":{\"@id\":\"https:\\\/\\\/www.sensorialsunsets.com\\\/fr\\\/japon-une-visite-historique-et-culturelle-au-costa-rica\\\/#primaryimage\"},\"thumbnailUrl\":\"https:\\\/\\\/www.sensorialsunsets.com\\\/wp-content\\\/uploads\\\/2025\\\/12\\\/Biblioteca-Nacional.avif\",\"articleSection\":[\"Non classifi\u00e9(e)\"],\"inLanguage\":\"fr-FR\"},{\"@type\":\"WebPage\",\"@id\":\"https:\\\/\\\/www.sensorialsunsets.com\\\/fr\\\/japon-une-visite-historique-et-culturelle-au-costa-rica\\\/\",\"url\":\"https:\\\/\\\/www.sensorialsunsets.com\\\/fr\\\/japon-une-visite-historique-et-culturelle-au-costa-rica\\\/\",\"name\":\"Japon : une visite historique et culturelle au Costa Rica - SensorialSunsets\",\"isPartOf\":{\"@id\":\"https:\\\/\\\/www.sensorialsunsets.com\\\/fr\\\/#website\"},\"primaryImageOfPage\":{\"@id\":\"https:\\\/\\\/www.sensorialsunsets.com\\\/fr\\\/japon-une-visite-historique-et-culturelle-au-costa-rica\\\/#primaryimage\"},\"image\":{\"@id\":\"https:\\\/\\\/www.sensorialsunsets.com\\\/fr\\\/japon-une-visite-historique-et-culturelle-au-costa-rica\\\/#primaryimage\"},\"thumbnailUrl\":\"https:\\\/\\\/www.sensorialsunsets.com\\\/wp-content\\\/uploads\\\/2025\\\/12\\\/Biblioteca-Nacional.avif\",\"datePublished\":\"2025-12-10T23:32:10+00:00\",\"dateModified\":\"2025-12-10T23:32:11+00:00\",\"description\":\"Japon inspire une exposition historique et culturelle \u00e0 la Biblioth\u00e8que nationale du Costa Rica, mettant en lumi\u00e8re pr\u00e8s d'un si\u00e8cle de relations diplomatiques.\",\"inLanguage\":\"fr-FR\",\"potentialAction\":[{\"@type\":\"ReadAction\",\"target\":[\"https:\\\/\\\/www.sensorialsunsets.com\\\/fr\\\/japon-une-visite-historique-et-culturelle-au-costa-rica\\\/\"]}]},{\"@type\":\"ImageObject\",\"inLanguage\":\"fr-FR\",\"@id\":\"https:\\\/\\\/www.sensorialsunsets.com\\\/fr\\\/japon-une-visite-historique-et-culturelle-au-costa-rica\\\/#primaryimage\",\"url\":\"https:\\\/\\\/www.sensorialsunsets.com\\\/wp-content\\\/uploads\\\/2025\\\/12\\\/Biblioteca-Nacional.avif\",\"contentUrl\":\"https:\\\/\\\/www.sensorialsunsets.com\\\/wp-content\\\/uploads\\\/2025\\\/12\\\/Biblioteca-Nacional.avif\",\"width\":1440,\"height\":960},{\"@type\":\"WebSite\",\"@id\":\"https:\\\/\\\/www.sensorialsunsets.com\\\/fr\\\/#website\",\"url\":\"https:\\\/\\\/www.sensorialsunsets.com\\\/fr\\\/\",\"name\":\"SensorialSunsets.com\",\"description\":\"D\u00e9couvrez la culture et la soci\u00e9t\u00e9 du Costa Rica sur notre blog. Explorez des articles captivants et partagez le contenu.\",\"publisher\":{\"@id\":\"https:\\\/\\\/www.sensorialsunsets.com\\\/fr\\\/#organization\"},\"alternateName\":\"Costa Rica Live Blog\",\"potentialAction\":[{\"@type\":\"SearchAction\",\"target\":{\"@type\":\"EntryPoint\",\"urlTemplate\":\"https:\\\/\\\/www.sensorialsunsets.com\\\/fr\\\/?s={search_term_string}\"},\"query-input\":{\"@type\":\"PropertyValueSpecification\",\"valueRequired\":true,\"valueName\":\"search_term_string\"}}],\"inLanguage\":\"fr-FR\"},{\"@type\":\"Organization\",\"@id\":\"https:\\\/\\\/www.sensorialsunsets.com\\\/fr\\\/#organization\",\"name\":\"SensorialSunsets\",\"url\":\"https:\\\/\\\/www.sensorialsunsets.com\\\/fr\\\/\",\"logo\":{\"@type\":\"ImageObject\",\"inLanguage\":\"fr-FR\",\"@id\":\"https:\\\/\\\/www.sensorialsunsets.com\\\/fr\\\/#\\\/schema\\\/logo\\\/image\\\/\",\"url\":\"https:\\\/\\\/www.sensorialsunsets.com\\\/wp-content\\\/uploads\\\/2023\\\/04\\\/Logo_base_line_fond_clair.svg\",\"contentUrl\":\"https:\\\/\\\/www.sensorialsunsets.com\\\/wp-content\\\/uploads\\\/2023\\\/04\\\/Logo_base_line_fond_clair.svg\",\"width\":\"1024\",\"height\":\"1024\",\"caption\":\"SensorialSunsets\"},\"image\":{\"@id\":\"https:\\\/\\\/www.sensorialsunsets.com\\\/fr\\\/#\\\/schema\\\/logo\\\/image\\\/\"},\"sameAs\":[\"https:\\\/\\\/www.facebook.com\\\/Sensorial-Sunsets-109180614715562\",\"https:\\\/\\\/www.instagram.com\\\/sensorialsunsets\\\/\"]},{\"@type\":\"Person\",\"@id\":\"https:\\\/\\\/www.sensorialsunsets.com\\\/fr\\\/#\\\/schema\\\/person\\\/77e2fa594135aa94024c47e281d8a94d\",\"name\":\"Sensorial Sunsets\",\"image\":{\"@type\":\"ImageObject\",\"inLanguage\":\"fr-FR\",\"@id\":\"https:\\\/\\\/secure.gravatar.com\\\/avatar\\\/5f2d62681b1dad94c28f1500d4fc75582acdfd32b55fd1acce0a36a3c487eabe?s=96&d=mm&r=g\",\"url\":\"https:\\\/\\\/secure.gravatar.com\\\/avatar\\\/5f2d62681b1dad94c28f1500d4fc75582acdfd32b55fd1acce0a36a3c487eabe?s=96&d=mm&r=g\",\"contentUrl\":\"https:\\\/\\\/secure.gravatar.com\\\/avatar\\\/5f2d62681b1dad94c28f1500d4fc75582acdfd32b55fd1acce0a36a3c487eabe?s=96&d=mm&r=g\",\"caption\":\"Sensorial Sunsets\"},\"url\":\"https:\\\/\\\/www.sensorialsunsets.com\\\/fr\\\/author\\\/asistentes-sensorial-sunsets\\\/\"}]}<\/script>\n<!-- \/ Yoast SEO plugin. -->","yoast_head_json":{"title":"Japon : une visite historique et culturelle au Costa Rica - SensorialSunsets","description":"Japon inspire une exposition historique et culturelle \u00e0 la Biblioth\u00e8que nationale du Costa Rica, mettant en lumi\u00e8re pr\u00e8s d'un si\u00e8cle de relations diplomatiques.","robots":{"index":"index","follow":"follow","max-snippet":"max-snippet:-1","max-image-preview":"max-image-preview:large","max-video-preview":"max-video-preview:-1"},"canonical":"https:\/\/www.sensorialsunsets.com\/fr\/japon-une-visite-historique-et-culturelle-au-costa-rica\/","og_locale":"fr_FR","og_type":"article","og_title":"Japon : une visite historique et culturelle au Costa Rica - SensorialSunsets","og_description":"Japon inspire une exposition historique et culturelle \u00e0 la Biblioth\u00e8que nationale du Costa Rica, mettant en lumi\u00e8re pr\u00e8s d'un si\u00e8cle de relations diplomatiques.","og_url":"https:\/\/www.sensorialsunsets.com\/fr\/japon-une-visite-historique-et-culturelle-au-costa-rica\/","og_site_name":"SensorialSunsets","article_publisher":"https:\/\/www.facebook.com\/Sensorial-Sunsets-109180614715562","article_published_time":"2025-12-10T23:32:10+00:00","article_modified_time":"2025-12-10T23:32:11+00:00","og_image":[{"width":1200,"height":675,"url":"https:\/\/www.sensorialsunsets.com\/wp-content\/uploads\/2023\/07\/Sensorial.png","type":"image\/png"}],"author":"Sensorial Sunsets","twitter_card":"summary_large_image","twitter_misc":{"\u00c9crit par":"Sensorial Sunsets","Dur\u00e9e de lecture estim\u00e9e":"2 minutes"},"schema":{"@context":"https:\/\/schema.org","@graph":[{"@type":"Article","@id":"https:\/\/www.sensorialsunsets.com\/fr\/japon-une-visite-historique-et-culturelle-au-costa-rica\/#article","isPartOf":{"@id":"https:\/\/www.sensorialsunsets.com\/fr\/japon-une-visite-historique-et-culturelle-au-costa-rica\/"},"author":{"name":"Sensorial Sunsets","@id":"https:\/\/www.sensorialsunsets.com\/fr\/#\/schema\/person\/77e2fa594135aa94024c47e281d8a94d"},"headline":"Japon : une visite historique et culturelle au Costa Rica","datePublished":"2025-12-10T23:32:10+00:00","dateModified":"2025-12-10T23:32:11+00:00","mainEntityOfPage":{"@id":"https:\/\/www.sensorialsunsets.com\/fr\/japon-une-visite-historique-et-culturelle-au-costa-rica\/"},"wordCount":467,"publisher":{"@id":"https:\/\/www.sensorialsunsets.com\/fr\/#organization"},"image":{"@id":"https:\/\/www.sensorialsunsets.com\/fr\/japon-une-visite-historique-et-culturelle-au-costa-rica\/#primaryimage"},"thumbnailUrl":"https:\/\/www.sensorialsunsets.com\/wp-content\/uploads\/2025\/12\/Biblioteca-Nacional.avif","articleSection":["Non classifi\u00e9(e)"],"inLanguage":"fr-FR"},{"@type":"WebPage","@id":"https:\/\/www.sensorialsunsets.com\/fr\/japon-une-visite-historique-et-culturelle-au-costa-rica\/","url":"https:\/\/www.sensorialsunsets.com\/fr\/japon-une-visite-historique-et-culturelle-au-costa-rica\/","name":"Japon : une visite historique et culturelle au Costa Rica - SensorialSunsets","isPartOf":{"@id":"https:\/\/www.sensorialsunsets.com\/fr\/#website"},"primaryImageOfPage":{"@id":"https:\/\/www.sensorialsunsets.com\/fr\/japon-une-visite-historique-et-culturelle-au-costa-rica\/#primaryimage"},"image":{"@id":"https:\/\/www.sensorialsunsets.com\/fr\/japon-une-visite-historique-et-culturelle-au-costa-rica\/#primaryimage"},"thumbnailUrl":"https:\/\/www.sensorialsunsets.com\/wp-content\/uploads\/2025\/12\/Biblioteca-Nacional.avif","datePublished":"2025-12-10T23:32:10+00:00","dateModified":"2025-12-10T23:32:11+00:00","description":"Japon inspire une exposition historique et culturelle \u00e0 la Biblioth\u00e8que nationale du Costa Rica, mettant en lumi\u00e8re pr\u00e8s d'un si\u00e8cle de relations diplomatiques.","inLanguage":"fr-FR","potentialAction":[{"@type":"ReadAction","target":["https:\/\/www.sensorialsunsets.com\/fr\/japon-une-visite-historique-et-culturelle-au-costa-rica\/"]}]},{"@type":"ImageObject","inLanguage":"fr-FR","@id":"https:\/\/www.sensorialsunsets.com\/fr\/japon-une-visite-historique-et-culturelle-au-costa-rica\/#primaryimage","url":"https:\/\/www.sensorialsunsets.com\/wp-content\/uploads\/2025\/12\/Biblioteca-Nacional.avif","contentUrl":"https:\/\/www.sensorialsunsets.com\/wp-content\/uploads\/2025\/12\/Biblioteca-Nacional.avif","width":1440,"height":960},{"@type":"WebSite","@id":"https:\/\/www.sensorialsunsets.com\/fr\/#website","url":"https:\/\/www.sensorialsunsets.com\/fr\/","name":"SensorialSunsets.com","description":"D\u00e9couvrez la culture et la soci\u00e9t\u00e9 du Costa Rica sur notre blog. Explorez des articles captivants et partagez le contenu.","publisher":{"@id":"https:\/\/www.sensorialsunsets.com\/fr\/#organization"},"alternateName":"Costa Rica Live Blog","potentialAction":[{"@type":"SearchAction","target":{"@type":"EntryPoint","urlTemplate":"https:\/\/www.sensorialsunsets.com\/fr\/?s={search_term_string}"},"query-input":{"@type":"PropertyValueSpecification","valueRequired":true,"valueName":"search_term_string"}}],"inLanguage":"fr-FR"},{"@type":"Organization","@id":"https:\/\/www.sensorialsunsets.com\/fr\/#organization","name":"SensorialSunsets","url":"https:\/\/www.sensorialsunsets.com\/fr\/","logo":{"@type":"ImageObject","inLanguage":"fr-FR","@id":"https:\/\/www.sensorialsunsets.com\/fr\/#\/schema\/logo\/image\/","url":"https:\/\/www.sensorialsunsets.com\/wp-content\/uploads\/2023\/04\/Logo_base_line_fond_clair.svg","contentUrl":"https:\/\/www.sensorialsunsets.com\/wp-content\/uploads\/2023\/04\/Logo_base_line_fond_clair.svg","width":"1024","height":"1024","caption":"SensorialSunsets"},"image":{"@id":"https:\/\/www.sensorialsunsets.com\/fr\/#\/schema\/logo\/image\/"},"sameAs":["https:\/\/www.facebook.com\/Sensorial-Sunsets-109180614715562","https:\/\/www.instagram.com\/sensorialsunsets\/"]},{"@type":"Person","@id":"https:\/\/www.sensorialsunsets.com\/fr\/#\/schema\/person\/77e2fa594135aa94024c47e281d8a94d","name":"Sensorial Sunsets","image":{"@type":"ImageObject","inLanguage":"fr-FR","@id":"https:\/\/secure.gravatar.com\/avatar\/5f2d62681b1dad94c28f1500d4fc75582acdfd32b55fd1acce0a36a3c487eabe?s=96&d=mm&r=g","url":"https:\/\/secure.gravatar.com\/avatar\/5f2d62681b1dad94c28f1500d4fc75582acdfd32b55fd1acce0a36a3c487eabe?s=96&d=mm&r=g","contentUrl":"https:\/\/secure.gravatar.com\/avatar\/5f2d62681b1dad94c28f1500d4fc75582acdfd32b55fd1acce0a36a3c487eabe?s=96&d=mm&r=g","caption":"Sensorial Sunsets"},"url":"https:\/\/www.sensorialsunsets.com\/fr\/author\/asistentes-sensorial-sunsets\/"}]}},"_links":{"self":[{"href":"https:\/\/www.sensorialsunsets.com\/fr\/wp-json\/wp\/v2\/posts\/23891","targetHints":{"allow":["GET"]}}],"collection":[{"href":"https:\/\/www.sensorialsunsets.com\/fr\/wp-json\/wp\/v2\/posts"}],"about":[{"href":"https:\/\/www.sensorialsunsets.com\/fr\/wp-json\/wp\/v2\/types\/post"}],"author":[{"embeddable":true,"href":"https:\/\/www.sensorialsunsets.com\/fr\/wp-json\/wp\/v2\/users\/4"}],"replies":[{"embeddable":true,"href":"https:\/\/www.sensorialsunsets.com\/fr\/wp-json\/wp\/v2\/comments?post=23891"}],"version-history":[{"count":1,"href":"https:\/\/www.sensorialsunsets.com\/fr\/wp-json\/wp\/v2\/posts\/23891\/revisions"}],"predecessor-version":[{"id":23893,"href":"https:\/\/www.sensorialsunsets.com\/fr\/wp-json\/wp\/v2\/posts\/23891\/revisions\/23893"}],"wp:featuredmedia":[{"embeddable":true,"href":"https:\/\/www.sensorialsunsets.com\/fr\/wp-json\/wp\/v2\/media\/23890"}],"wp:attachment":[{"href":"https:\/\/www.sensorialsunsets.com\/fr\/wp-json\/wp\/v2\/media?parent=23891"}],"wp:term":[{"taxonomy":"category","embeddable":true,"href":"https:\/\/www.sensorialsunsets.com\/fr\/wp-json\/wp\/v2\/categories?post=23891"},{"taxonomy":"post_tag","embeddable":true,"href":"https:\/\/www.sensorialsunsets.com\/fr\/wp-json\/wp\/v2\/tags?post=23891"}],"curies":[{"name":"wp","href":"https:\/\/api.w.org\/{rel}","templated":true}]}}