{"id":23917,"date":"2025-12-12T17:52:54","date_gmt":"2025-12-12T23:52:54","guid":{"rendered":"https:\/\/www.sensorialsunsets.com\/la-vuelta-ciclista-a-costa-rica-2025\/"},"modified":"2025-12-12T17:52:55","modified_gmt":"2025-12-12T23:52:55","slug":"la-vuelta-ciclista-a-costa-rica-2025","status":"publish","type":"post","link":"https:\/\/www.sensorialsunsets.com\/fr\/la-vuelta-ciclista-a-costa-rica-2025\/","title":{"rendered":"La Vuelta Ciclista a Costa Rica 2025"},"content":{"rendered":"\n<p>Avec le d\u00e9part de la Vuelta Ciclista a Costa Rica 2025, l&rsquo;effervescence du cyclisme envahit \u00e0 nouveau les routes nationales. Depuis le 12 d\u00e9cembre, des cyclistes du Costa Rica et des pays voisins se sont align\u00e9s \u00e0 Heredia pour donner le coup d&rsquo;envoi de la premi\u00e8re \u00e9tape, un parcours de 95,6 kilom\u00e8tres en direction de Grecia qui marque le d\u00e9but de dix jours de comp\u00e9tition intense.<\/p>\n\n<p>La F\u00e9d\u00e9ration costaricienne de cyclisme a officiellement pr\u00e9sent\u00e9 l&rsquo;\u00e9v\u00e9nement au Palais des sports, \u00e0 Heredia. Lors de l&rsquo;annonce, les organisateurs ont d\u00e9voil\u00e9 un parcours qui met l&rsquo;accent sur la montagne et l&rsquo;endurance : neuf \u00e9tapes sur route, un contre-la-montre en mont\u00e9e, 15 prix de montagne et 19 sprints interm\u00e9diaires. Au total, les concurrents devront parcourir plus de 1 200 kilom\u00e8tres avant de franchir la ligne d&rsquo;arriv\u00e9e le 21 d\u00e9cembre prochain.<\/p>\n\n<h3 class=\"wp-block-heading\"><strong>\u00c9quipes et coureurs \u00e0 suivre<\/strong><\/h3>\n\n<p>Les \u00e9quipes nationales sont en t\u00eate du peloton, avec le Colono Bikestation k\u00f6lbi sous la nouvelle direction d&rsquo;El\u00edas Vega. Parmi leurs atouts, on peut citer Joseph Ram\u00edrez, qui arrive motiv\u00e9 apr\u00e8s une victoire d&rsquo;\u00e9tape dans la Vuelta a Chiriqu\u00ed au Panama.<\/p>\n\n<p>La pr\u00e9sence internationale ajoute \u00e0 la comp\u00e9titivit\u00e9 de l&rsquo;\u00e9v\u00e9nement. Du Mexique, l&rsquo;\u00e9quipe Canel&rsquo;s-Java arrive avec Owen Wright et Sebasti\u00e1n Brenes ; l&rsquo;\u00c9quateur participe avec Movistar Best PC, repr\u00e9sent\u00e9 par Erik Fernando Pozo et Nixon Efra\u00edn Rosero ; et la Colombie ajoute sa puissance habituelle avec Heiner Parra et Alexander Gil, tous deux de Plus Performance-Sersan.<\/p>\n\n<div style=\"height:100px\" aria-hidden=\"true\" class=\"wp-block-spacer\"><\/div>\n\n<figure class=\"wp-block-gallery has-nested-images columns-default is-cropped wp-block-gallery-1 is-layout-flex wp-block-gallery-is-layout-flex\">\n<figure class=\"wp-block-image size-large\"><img loading=\"lazy\" decoding=\"async\" width=\"1024\" height=\"525\" data-id=\"23899\" src=\"https:\/\/www.sensorialsunsets.com\/wp-content\/uploads\/2025\/12\/IMG_8680-1170x600-1-1024x525.jpg\" alt=\"La Vuelta Ciclista\" class=\"wp-image-23899\" srcset=\"https:\/\/www.sensorialsunsets.com\/wp-content\/uploads\/2025\/12\/IMG_8680-1170x600-1-1024x525.jpg 1024w, https:\/\/www.sensorialsunsets.com\/wp-content\/uploads\/2025\/12\/IMG_8680-1170x600-1-300x154.jpg 300w, https:\/\/www.sensorialsunsets.com\/wp-content\/uploads\/2025\/12\/IMG_8680-1170x600-1-768x394.jpg 768w, https:\/\/www.sensorialsunsets.com\/wp-content\/uploads\/2025\/12\/IMG_8680-1170x600-1.jpg 1170w\" sizes=\"auto, (max-width: 1024px) 100vw, 1024px\" \/><\/figure>\n\n\n\n<figure class=\"wp-block-image size-large\"><img loading=\"lazy\" decoding=\"async\" width=\"1024\" height=\"695\" data-id=\"23900\" src=\"https:\/\/www.sensorialsunsets.com\/wp-content\/uploads\/2025\/12\/Vuelta-a-Costa-Rica--1024x695.jpg\" alt=\"La Vuelta Ciclista\" class=\"wp-image-23900\" srcset=\"https:\/\/www.sensorialsunsets.com\/wp-content\/uploads\/2025\/12\/Vuelta-a-Costa-Rica--1024x695.jpg 1024w, https:\/\/www.sensorialsunsets.com\/wp-content\/uploads\/2025\/12\/Vuelta-a-Costa-Rica--300x204.jpg 300w, https:\/\/www.sensorialsunsets.com\/wp-content\/uploads\/2025\/12\/Vuelta-a-Costa-Rica--768x521.jpg 768w, https:\/\/www.sensorialsunsets.com\/wp-content\/uploads\/2025\/12\/Vuelta-a-Costa-Rica--1536x1043.jpg 1536w, https:\/\/www.sensorialsunsets.com\/wp-content\/uploads\/2025\/12\/Vuelta-a-Costa-Rica--1320x896.jpg 1320w, https:\/\/www.sensorialsunsets.com\/wp-content\/uploads\/2025\/12\/Vuelta-a-Costa-Rica-.jpg 1600w\" sizes=\"auto, (max-width: 1024px) 100vw, 1024px\" \/><\/figure>\n\n\n\n<figure class=\"wp-block-image size-large\"><img loading=\"lazy\" decoding=\"async\" width=\"1024\" height=\"683\" data-id=\"23901\" src=\"https:\/\/www.sensorialsunsets.com\/wp-content\/uploads\/2025\/12\/Vuelta-a-Costa-Rica1--1024x683.jpg\" alt=\"La Vuelta Ciclista\" class=\"wp-image-23901\" srcset=\"https:\/\/www.sensorialsunsets.com\/wp-content\/uploads\/2025\/12\/Vuelta-a-Costa-Rica1--1024x683.jpg 1024w, https:\/\/www.sensorialsunsets.com\/wp-content\/uploads\/2025\/12\/Vuelta-a-Costa-Rica1--300x200.jpg 300w, https:\/\/www.sensorialsunsets.com\/wp-content\/uploads\/2025\/12\/Vuelta-a-Costa-Rica1--768x512.jpg 768w, https:\/\/www.sensorialsunsets.com\/wp-content\/uploads\/2025\/12\/Vuelta-a-Costa-Rica1--1536x1025.jpg 1536w, https:\/\/www.sensorialsunsets.com\/wp-content\/uploads\/2025\/12\/Vuelta-a-Costa-Rica1--334x222.jpg 334w, https:\/\/www.sensorialsunsets.com\/wp-content\/uploads\/2025\/12\/Vuelta-a-Costa-Rica1--1320x880.jpg 1320w, https:\/\/www.sensorialsunsets.com\/wp-content\/uploads\/2025\/12\/Vuelta-a-Costa-Rica1-.jpg 2048w\" sizes=\"auto, (max-width: 1024px) 100vw, 1024px\" \/><\/figure>\n<\/figure>\n\n<div style=\"height:100px\" aria-hidden=\"true\" class=\"wp-block-spacer\"><\/div>\n\n<p>La Colombie, historiquement deuxi\u00e8me nation la plus titr\u00e9e dans cette comp\u00e9tition, nourrit de grandes ambitions. Parra et Gil se disent confiants dans leur capacit\u00e9 \u00e0 se battre pour les premi\u00e8res places. Le Guatemala aligne \u00e9galement une d\u00e9l\u00e9gation solide, avec des cyclistes tels que Bryan R\u00edos, Rony Julajuj, Dorian Monterroso, Edgar Grave, Henry Huinac et Rudy Matzar.<\/p>\n\n<h3 class=\"wp-block-heading\">Une randonn\u00e9e pour les alpinistes<\/h3>\n<div class=\"wp-block-image\">\n<figure class=\"alignleft size-full is-resized\"><img loading=\"lazy\" decoding=\"async\" width=\"526\" height=\"700\" src=\"https:\/\/www.sensorialsunsets.com\/wp-content\/uploads\/2025\/12\/ciclistica-202.jpg\" alt=\"\" class=\"wp-image-23897\" style=\"aspect-ratio:0.7514298284205895;width:350px;height:auto\" srcset=\"https:\/\/www.sensorialsunsets.com\/wp-content\/uploads\/2025\/12\/ciclistica-202.jpg 526w, https:\/\/www.sensorialsunsets.com\/wp-content\/uploads\/2025\/12\/ciclistica-202-225x300.jpg 225w\" sizes=\"auto, (max-width: 526px) 100vw, 526px\" \/><\/figure>\n<\/div>\n<p>L&rsquo;\u00e9dition 2025 favorise particuli\u00e8rement les grimpeurs, avec des parcours longs et des terrains vari\u00e9s. La premi\u00e8re \u00e9tape entre Heredia et Grecia pr\u00e9sente des routes vallonn\u00e9es qui mettront \u00e0 l&rsquo;\u00e9preuve la condition physique des coureurs d\u00e8s le premier jour. Les jours suivants, les ascensions les plus exigeantes pourraient \u00eatre d\u00e9cisives pour le classement g\u00e9n\u00e9ral.<\/p>\n\n<p>Telecable retransmettra chaque \u00e9tape en direct, permettant ainsi aux amateurs de suivre l&rsquo;action de pr\u00e8s. Les communaut\u00e9s situ\u00e9es le long du parcours se pr\u00e9parent \u00e9galement \u00e0 accueillir et \u00e0 encourager les cyclistes, comme le veut la tradition chaque ann\u00e9e. Les coureurs, quant \u00e0 eux, devront g\u00e9rer avec pr\u00e9cision leurs efforts et leur r\u00e9cup\u00e9ration, face \u00e0 des \u00e9tapes cons\u00e9cutives tr\u00e8s exigeantes.<\/p>\n\n<p>Class\u00e9e <strong>UCI 2.2<\/strong>, cette \u00e9preuve offre des points importants aux concurrents, ce qui attire les talents \u00e9mergents qui cherchent \u00e0 se faire conna\u00eetre \u00e0 l&rsquo;\u00e9chelle internationale.<\/p>\n\n<h3 class=\"wp-block-heading\"><strong>Tradition, s\u00e9curit\u00e9 et attentes<\/strong><\/h3>\n\n<p>C&rsquo;est la 59e \u00e9dition de la Vuelta, une comp\u00e9tition qui allie tradition et normes d&rsquo;organisation modernes. La F\u00e9d\u00e9ration a renforc\u00e9 les mesures de s\u00e9curit\u00e9 et les contr\u00f4les antidopage afin de garantir un d\u00e9roulement \u00e9quitable et transparent.<\/p>\n\n<p>Avec le d\u00e9part d\u00e9j\u00e0 donn\u00e9, tous les regards se tournent vers ceux qui prendront les premi\u00e8res places et vers la mani\u00e8re dont les favoris r\u00e9agiront dans les \u00e9tapes de montagne. Les cyclistes costariciens sont d\u00e9termin\u00e9s \u00e0 d\u00e9fendre leur territoire face \u00e0 des adversaires exp\u00e9riment\u00e9s.<\/p>\n\n<p><strong>Sensorial Sunsets<\/strong><\/p>\n","protected":false},"excerpt":{"rendered":"<p>Avec le d\u00e9part de la Vuelta Ciclista a Costa Rica 2025, l&rsquo;effervescence du cyclisme envahit \u00e0 nouveau les routes nationales. Depuis le 12 d\u00e9cembre, des cyclistes du Costa Rica et des pays voisins se sont align\u00e9s \u00e0 Heredia pour donner le coup d&rsquo;envoi de la premi\u00e8re \u00e9tape, un parcours de 95,6 kilom\u00e8tres en direction de [&hellip;]<\/p>\n","protected":false},"author":4,"featured_media":23914,"comment_status":"closed","ping_status":"closed","sticky":false,"template":"","format":"standard","meta":{"_acf_changed":false,"inline_featured_image":false,"_monsterinsights_skip_tracking":false,"_monsterinsights_sitenote_active":false,"_monsterinsights_sitenote_note":"","_monsterinsights_sitenote_category":0,"footnotes":""},"categories":[1],"tags":[],"class_list":["post-23917","post","type-post","status-publish","format-standard","has-post-thumbnail","hentry","category-non-classifiee"],"acf":[],"yoast_head":"<!-- This site is optimized with the Yoast SEO plugin v27.4 - https:\/\/yoast.com\/product\/yoast-seo-wordpress\/ -->\n<title>La Vuelta Ciclista a Costa Rica 2025 - SensorialSunsets<\/title>\n<meta name=\"description\" content=\"La Vuelta Ciclista a Costa Rica 2025 d\u00e9bute sa 59e \u00e9dition avec dix jours d&#039;\u00e9tapes, des \u00e9quipes internationales et une retransmission en direct.\" \/>\n<meta name=\"robots\" content=\"index, follow, max-snippet:-1, max-image-preview:large, max-video-preview:-1\" \/>\n<link rel=\"canonical\" href=\"https:\/\/www.sensorialsunsets.com\/fr\/la-vuelta-ciclista-a-costa-rica-2025\/\" \/>\n<meta property=\"og:locale\" content=\"fr_FR\" \/>\n<meta property=\"og:type\" content=\"article\" \/>\n<meta property=\"og:title\" content=\"La Vuelta Ciclista a Costa Rica 2025 - SensorialSunsets\" \/>\n<meta property=\"og:description\" content=\"La Vuelta Ciclista a Costa Rica 2025 d\u00e9bute sa 59e \u00e9dition avec dix jours d&#039;\u00e9tapes, des \u00e9quipes internationales et une retransmission en direct.\" \/>\n<meta property=\"og:url\" content=\"https:\/\/www.sensorialsunsets.com\/fr\/la-vuelta-ciclista-a-costa-rica-2025\/\" \/>\n<meta property=\"og:site_name\" content=\"SensorialSunsets\" \/>\n<meta property=\"article:publisher\" content=\"https:\/\/www.facebook.com\/Sensorial-Sunsets-109180614715562\" \/>\n<meta property=\"article:published_time\" content=\"2025-12-12T23:52:54+00:00\" \/>\n<meta property=\"article:modified_time\" content=\"2025-12-12T23:52:55+00:00\" \/>\n<meta property=\"og:image\" content=\"https:\/\/www.sensorialsunsets.com\/wp-content\/uploads\/2025\/12\/IMG_8680-1170x600-1.jpg\" \/>\n\t<meta property=\"og:image:width\" content=\"1170\" \/>\n\t<meta property=\"og:image:height\" content=\"600\" \/>\n\t<meta property=\"og:image:type\" content=\"image\/jpeg\" \/>\n<meta name=\"author\" content=\"Sensorial Sunsets\" \/>\n<meta name=\"twitter:card\" content=\"summary_large_image\" \/>\n<meta name=\"twitter:label1\" content=\"\u00c9crit par\" \/>\n\t<meta name=\"twitter:data1\" content=\"Sensorial Sunsets\" \/>\n\t<meta name=\"twitter:label2\" content=\"Dur\u00e9e de lecture estim\u00e9e\" \/>\n\t<meta name=\"twitter:data2\" content=\"3 minutes\" \/>\n<script type=\"application\/ld+json\" class=\"yoast-schema-graph\">{\"@context\":\"https:\\\/\\\/schema.org\",\"@graph\":[{\"@type\":\"Article\",\"@id\":\"https:\\\/\\\/www.sensorialsunsets.com\\\/fr\\\/la-vuelta-ciclista-a-costa-rica-2025\\\/#article\",\"isPartOf\":{\"@id\":\"https:\\\/\\\/www.sensorialsunsets.com\\\/fr\\\/la-vuelta-ciclista-a-costa-rica-2025\\\/\"},\"author\":{\"name\":\"Sensorial Sunsets\",\"@id\":\"https:\\\/\\\/www.sensorialsunsets.com\\\/fr\\\/#\\\/schema\\\/person\\\/77e2fa594135aa94024c47e281d8a94d\"},\"headline\":\"La Vuelta Ciclista a Costa Rica 2025\",\"datePublished\":\"2025-12-12T23:52:54+00:00\",\"dateModified\":\"2025-12-12T23:52:55+00:00\",\"mainEntityOfPage\":{\"@id\":\"https:\\\/\\\/www.sensorialsunsets.com\\\/fr\\\/la-vuelta-ciclista-a-costa-rica-2025\\\/\"},\"wordCount\":595,\"publisher\":{\"@id\":\"https:\\\/\\\/www.sensorialsunsets.com\\\/fr\\\/#organization\"},\"image\":{\"@id\":\"https:\\\/\\\/www.sensorialsunsets.com\\\/fr\\\/la-vuelta-ciclista-a-costa-rica-2025\\\/#primaryimage\"},\"thumbnailUrl\":\"https:\\\/\\\/www.sensorialsunsets.com\\\/wp-content\\\/uploads\\\/2025\\\/12\\\/IMG_8680-1170x600-1.jpg\",\"articleSection\":[\"Non classifi\u00e9(e)\"],\"inLanguage\":\"fr-FR\"},{\"@type\":\"WebPage\",\"@id\":\"https:\\\/\\\/www.sensorialsunsets.com\\\/fr\\\/la-vuelta-ciclista-a-costa-rica-2025\\\/\",\"url\":\"https:\\\/\\\/www.sensorialsunsets.com\\\/fr\\\/la-vuelta-ciclista-a-costa-rica-2025\\\/\",\"name\":\"La Vuelta Ciclista a Costa Rica 2025 - SensorialSunsets\",\"isPartOf\":{\"@id\":\"https:\\\/\\\/www.sensorialsunsets.com\\\/fr\\\/#website\"},\"primaryImageOfPage\":{\"@id\":\"https:\\\/\\\/www.sensorialsunsets.com\\\/fr\\\/la-vuelta-ciclista-a-costa-rica-2025\\\/#primaryimage\"},\"image\":{\"@id\":\"https:\\\/\\\/www.sensorialsunsets.com\\\/fr\\\/la-vuelta-ciclista-a-costa-rica-2025\\\/#primaryimage\"},\"thumbnailUrl\":\"https:\\\/\\\/www.sensorialsunsets.com\\\/wp-content\\\/uploads\\\/2025\\\/12\\\/IMG_8680-1170x600-1.jpg\",\"datePublished\":\"2025-12-12T23:52:54+00:00\",\"dateModified\":\"2025-12-12T23:52:55+00:00\",\"description\":\"La Vuelta Ciclista a Costa Rica 2025 d\u00e9bute sa 59e \u00e9dition avec dix jours d'\u00e9tapes, des \u00e9quipes internationales et une retransmission en direct.\",\"inLanguage\":\"fr-FR\",\"potentialAction\":[{\"@type\":\"ReadAction\",\"target\":[\"https:\\\/\\\/www.sensorialsunsets.com\\\/fr\\\/la-vuelta-ciclista-a-costa-rica-2025\\\/\"]}]},{\"@type\":\"ImageObject\",\"inLanguage\":\"fr-FR\",\"@id\":\"https:\\\/\\\/www.sensorialsunsets.com\\\/fr\\\/la-vuelta-ciclista-a-costa-rica-2025\\\/#primaryimage\",\"url\":\"https:\\\/\\\/www.sensorialsunsets.com\\\/wp-content\\\/uploads\\\/2025\\\/12\\\/IMG_8680-1170x600-1.jpg\",\"contentUrl\":\"https:\\\/\\\/www.sensorialsunsets.com\\\/wp-content\\\/uploads\\\/2025\\\/12\\\/IMG_8680-1170x600-1.jpg\",\"width\":1170,\"height\":600},{\"@type\":\"WebSite\",\"@id\":\"https:\\\/\\\/www.sensorialsunsets.com\\\/fr\\\/#website\",\"url\":\"https:\\\/\\\/www.sensorialsunsets.com\\\/fr\\\/\",\"name\":\"SensorialSunsets.com\",\"description\":\"D\u00e9couvrez la culture et la soci\u00e9t\u00e9 du Costa Rica sur notre blog. Explorez des articles captivants et partagez le contenu.\",\"publisher\":{\"@id\":\"https:\\\/\\\/www.sensorialsunsets.com\\\/fr\\\/#organization\"},\"alternateName\":\"Costa Rica Live Blog\",\"potentialAction\":[{\"@type\":\"SearchAction\",\"target\":{\"@type\":\"EntryPoint\",\"urlTemplate\":\"https:\\\/\\\/www.sensorialsunsets.com\\\/fr\\\/?s={search_term_string}\"},\"query-input\":{\"@type\":\"PropertyValueSpecification\",\"valueRequired\":true,\"valueName\":\"search_term_string\"}}],\"inLanguage\":\"fr-FR\"},{\"@type\":\"Organization\",\"@id\":\"https:\\\/\\\/www.sensorialsunsets.com\\\/fr\\\/#organization\",\"name\":\"SensorialSunsets\",\"url\":\"https:\\\/\\\/www.sensorialsunsets.com\\\/fr\\\/\",\"logo\":{\"@type\":\"ImageObject\",\"inLanguage\":\"fr-FR\",\"@id\":\"https:\\\/\\\/www.sensorialsunsets.com\\\/fr\\\/#\\\/schema\\\/logo\\\/image\\\/\",\"url\":\"https:\\\/\\\/www.sensorialsunsets.com\\\/wp-content\\\/uploads\\\/2023\\\/04\\\/Logo_base_line_fond_clair.svg\",\"contentUrl\":\"https:\\\/\\\/www.sensorialsunsets.com\\\/wp-content\\\/uploads\\\/2023\\\/04\\\/Logo_base_line_fond_clair.svg\",\"width\":\"1024\",\"height\":\"1024\",\"caption\":\"SensorialSunsets\"},\"image\":{\"@id\":\"https:\\\/\\\/www.sensorialsunsets.com\\\/fr\\\/#\\\/schema\\\/logo\\\/image\\\/\"},\"sameAs\":[\"https:\\\/\\\/www.facebook.com\\\/Sensorial-Sunsets-109180614715562\",\"https:\\\/\\\/www.instagram.com\\\/sensorialsunsets\\\/\"]},{\"@type\":\"Person\",\"@id\":\"https:\\\/\\\/www.sensorialsunsets.com\\\/fr\\\/#\\\/schema\\\/person\\\/77e2fa594135aa94024c47e281d8a94d\",\"name\":\"Sensorial Sunsets\",\"image\":{\"@type\":\"ImageObject\",\"inLanguage\":\"fr-FR\",\"@id\":\"https:\\\/\\\/secure.gravatar.com\\\/avatar\\\/5f2d62681b1dad94c28f1500d4fc75582acdfd32b55fd1acce0a36a3c487eabe?s=96&d=mm&r=g\",\"url\":\"https:\\\/\\\/secure.gravatar.com\\\/avatar\\\/5f2d62681b1dad94c28f1500d4fc75582acdfd32b55fd1acce0a36a3c487eabe?s=96&d=mm&r=g\",\"contentUrl\":\"https:\\\/\\\/secure.gravatar.com\\\/avatar\\\/5f2d62681b1dad94c28f1500d4fc75582acdfd32b55fd1acce0a36a3c487eabe?s=96&d=mm&r=g\",\"caption\":\"Sensorial Sunsets\"},\"url\":\"https:\\\/\\\/www.sensorialsunsets.com\\\/fr\\\/author\\\/asistentes-sensorial-sunsets\\\/\"}]}<\/script>\n<!-- \/ Yoast SEO plugin. -->","yoast_head_json":{"title":"La Vuelta Ciclista a Costa Rica 2025 - SensorialSunsets","description":"La Vuelta Ciclista a Costa Rica 2025 d\u00e9bute sa 59e \u00e9dition avec dix jours d'\u00e9tapes, des \u00e9quipes internationales et une retransmission en direct.","robots":{"index":"index","follow":"follow","max-snippet":"max-snippet:-1","max-image-preview":"max-image-preview:large","max-video-preview":"max-video-preview:-1"},"canonical":"https:\/\/www.sensorialsunsets.com\/fr\/la-vuelta-ciclista-a-costa-rica-2025\/","og_locale":"fr_FR","og_type":"article","og_title":"La Vuelta Ciclista a Costa Rica 2025 - SensorialSunsets","og_description":"La Vuelta Ciclista a Costa Rica 2025 d\u00e9bute sa 59e \u00e9dition avec dix jours d'\u00e9tapes, des \u00e9quipes internationales et une retransmission en direct.","og_url":"https:\/\/www.sensorialsunsets.com\/fr\/la-vuelta-ciclista-a-costa-rica-2025\/","og_site_name":"SensorialSunsets","article_publisher":"https:\/\/www.facebook.com\/Sensorial-Sunsets-109180614715562","article_published_time":"2025-12-12T23:52:54+00:00","article_modified_time":"2025-12-12T23:52:55+00:00","og_image":[{"width":1170,"height":600,"url":"https:\/\/www.sensorialsunsets.com\/wp-content\/uploads\/2025\/12\/IMG_8680-1170x600-1.jpg","type":"image\/jpeg"}],"author":"Sensorial Sunsets","twitter_card":"summary_large_image","twitter_misc":{"\u00c9crit par":"Sensorial Sunsets","Dur\u00e9e de lecture estim\u00e9e":"3 minutes"},"schema":{"@context":"https:\/\/schema.org","@graph":[{"@type":"Article","@id":"https:\/\/www.sensorialsunsets.com\/fr\/la-vuelta-ciclista-a-costa-rica-2025\/#article","isPartOf":{"@id":"https:\/\/www.sensorialsunsets.com\/fr\/la-vuelta-ciclista-a-costa-rica-2025\/"},"author":{"name":"Sensorial Sunsets","@id":"https:\/\/www.sensorialsunsets.com\/fr\/#\/schema\/person\/77e2fa594135aa94024c47e281d8a94d"},"headline":"La Vuelta Ciclista a Costa Rica 2025","datePublished":"2025-12-12T23:52:54+00:00","dateModified":"2025-12-12T23:52:55+00:00","mainEntityOfPage":{"@id":"https:\/\/www.sensorialsunsets.com\/fr\/la-vuelta-ciclista-a-costa-rica-2025\/"},"wordCount":595,"publisher":{"@id":"https:\/\/www.sensorialsunsets.com\/fr\/#organization"},"image":{"@id":"https:\/\/www.sensorialsunsets.com\/fr\/la-vuelta-ciclista-a-costa-rica-2025\/#primaryimage"},"thumbnailUrl":"https:\/\/www.sensorialsunsets.com\/wp-content\/uploads\/2025\/12\/IMG_8680-1170x600-1.jpg","articleSection":["Non classifi\u00e9(e)"],"inLanguage":"fr-FR"},{"@type":"WebPage","@id":"https:\/\/www.sensorialsunsets.com\/fr\/la-vuelta-ciclista-a-costa-rica-2025\/","url":"https:\/\/www.sensorialsunsets.com\/fr\/la-vuelta-ciclista-a-costa-rica-2025\/","name":"La Vuelta Ciclista a Costa Rica 2025 - SensorialSunsets","isPartOf":{"@id":"https:\/\/www.sensorialsunsets.com\/fr\/#website"},"primaryImageOfPage":{"@id":"https:\/\/www.sensorialsunsets.com\/fr\/la-vuelta-ciclista-a-costa-rica-2025\/#primaryimage"},"image":{"@id":"https:\/\/www.sensorialsunsets.com\/fr\/la-vuelta-ciclista-a-costa-rica-2025\/#primaryimage"},"thumbnailUrl":"https:\/\/www.sensorialsunsets.com\/wp-content\/uploads\/2025\/12\/IMG_8680-1170x600-1.jpg","datePublished":"2025-12-12T23:52:54+00:00","dateModified":"2025-12-12T23:52:55+00:00","description":"La Vuelta Ciclista a Costa Rica 2025 d\u00e9bute sa 59e \u00e9dition avec dix jours d'\u00e9tapes, des \u00e9quipes internationales et une retransmission en direct.","inLanguage":"fr-FR","potentialAction":[{"@type":"ReadAction","target":["https:\/\/www.sensorialsunsets.com\/fr\/la-vuelta-ciclista-a-costa-rica-2025\/"]}]},{"@type":"ImageObject","inLanguage":"fr-FR","@id":"https:\/\/www.sensorialsunsets.com\/fr\/la-vuelta-ciclista-a-costa-rica-2025\/#primaryimage","url":"https:\/\/www.sensorialsunsets.com\/wp-content\/uploads\/2025\/12\/IMG_8680-1170x600-1.jpg","contentUrl":"https:\/\/www.sensorialsunsets.com\/wp-content\/uploads\/2025\/12\/IMG_8680-1170x600-1.jpg","width":1170,"height":600},{"@type":"WebSite","@id":"https:\/\/www.sensorialsunsets.com\/fr\/#website","url":"https:\/\/www.sensorialsunsets.com\/fr\/","name":"SensorialSunsets.com","description":"D\u00e9couvrez la culture et la soci\u00e9t\u00e9 du Costa Rica sur notre blog. Explorez des articles captivants et partagez le contenu.","publisher":{"@id":"https:\/\/www.sensorialsunsets.com\/fr\/#organization"},"alternateName":"Costa Rica Live Blog","potentialAction":[{"@type":"SearchAction","target":{"@type":"EntryPoint","urlTemplate":"https:\/\/www.sensorialsunsets.com\/fr\/?s={search_term_string}"},"query-input":{"@type":"PropertyValueSpecification","valueRequired":true,"valueName":"search_term_string"}}],"inLanguage":"fr-FR"},{"@type":"Organization","@id":"https:\/\/www.sensorialsunsets.com\/fr\/#organization","name":"SensorialSunsets","url":"https:\/\/www.sensorialsunsets.com\/fr\/","logo":{"@type":"ImageObject","inLanguage":"fr-FR","@id":"https:\/\/www.sensorialsunsets.com\/fr\/#\/schema\/logo\/image\/","url":"https:\/\/www.sensorialsunsets.com\/wp-content\/uploads\/2023\/04\/Logo_base_line_fond_clair.svg","contentUrl":"https:\/\/www.sensorialsunsets.com\/wp-content\/uploads\/2023\/04\/Logo_base_line_fond_clair.svg","width":"1024","height":"1024","caption":"SensorialSunsets"},"image":{"@id":"https:\/\/www.sensorialsunsets.com\/fr\/#\/schema\/logo\/image\/"},"sameAs":["https:\/\/www.facebook.com\/Sensorial-Sunsets-109180614715562","https:\/\/www.instagram.com\/sensorialsunsets\/"]},{"@type":"Person","@id":"https:\/\/www.sensorialsunsets.com\/fr\/#\/schema\/person\/77e2fa594135aa94024c47e281d8a94d","name":"Sensorial Sunsets","image":{"@type":"ImageObject","inLanguage":"fr-FR","@id":"https:\/\/secure.gravatar.com\/avatar\/5f2d62681b1dad94c28f1500d4fc75582acdfd32b55fd1acce0a36a3c487eabe?s=96&d=mm&r=g","url":"https:\/\/secure.gravatar.com\/avatar\/5f2d62681b1dad94c28f1500d4fc75582acdfd32b55fd1acce0a36a3c487eabe?s=96&d=mm&r=g","contentUrl":"https:\/\/secure.gravatar.com\/avatar\/5f2d62681b1dad94c28f1500d4fc75582acdfd32b55fd1acce0a36a3c487eabe?s=96&d=mm&r=g","caption":"Sensorial Sunsets"},"url":"https:\/\/www.sensorialsunsets.com\/fr\/author\/asistentes-sensorial-sunsets\/"}]}},"_links":{"self":[{"href":"https:\/\/www.sensorialsunsets.com\/fr\/wp-json\/wp\/v2\/posts\/23917","targetHints":{"allow":["GET"]}}],"collection":[{"href":"https:\/\/www.sensorialsunsets.com\/fr\/wp-json\/wp\/v2\/posts"}],"about":[{"href":"https:\/\/www.sensorialsunsets.com\/fr\/wp-json\/wp\/v2\/types\/post"}],"author":[{"embeddable":true,"href":"https:\/\/www.sensorialsunsets.com\/fr\/wp-json\/wp\/v2\/users\/4"}],"replies":[{"embeddable":true,"href":"https:\/\/www.sensorialsunsets.com\/fr\/wp-json\/wp\/v2\/comments?post=23917"}],"version-history":[{"count":1,"href":"https:\/\/www.sensorialsunsets.com\/fr\/wp-json\/wp\/v2\/posts\/23917\/revisions"}],"predecessor-version":[{"id":23918,"href":"https:\/\/www.sensorialsunsets.com\/fr\/wp-json\/wp\/v2\/posts\/23917\/revisions\/23918"}],"wp:featuredmedia":[{"embeddable":true,"href":"https:\/\/www.sensorialsunsets.com\/fr\/wp-json\/wp\/v2\/media\/23914"}],"wp:attachment":[{"href":"https:\/\/www.sensorialsunsets.com\/fr\/wp-json\/wp\/v2\/media?parent=23917"}],"wp:term":[{"taxonomy":"category","embeddable":true,"href":"https:\/\/www.sensorialsunsets.com\/fr\/wp-json\/wp\/v2\/categories?post=23917"},{"taxonomy":"post_tag","embeddable":true,"href":"https:\/\/www.sensorialsunsets.com\/fr\/wp-json\/wp\/v2\/tags?post=23917"}],"curies":[{"name":"wp","href":"https:\/\/api.w.org\/{rel}","templated":true}]}}