{"id":24294,"date":"2026-01-26T17:50:51","date_gmt":"2026-01-26T23:50:51","guid":{"rendered":"https:\/\/www.sensorialsunsets.com\/festival-ibero-americain-de-theatre-du-costa-rica\/"},"modified":"2026-01-26T17:50:52","modified_gmt":"2026-01-26T23:50:52","slug":"festival-ibero-americain-de-theatre-du-costa-rica","status":"publish","type":"post","link":"https:\/\/www.sensorialsunsets.com\/fr\/festival-ibero-americain-de-theatre-du-costa-rica\/","title":{"rendered":"Festival ib\u00e9ro-am\u00e9ricain de th\u00e9\u00e2tre du Costa Rica"},"content":{"rendered":"\n<p>Le Costa Rica deviendra un lieu de rencontre pour les arts du spectacle en avril avec la c\u00e9l\u00e9bration du premier Festival ib\u00e9ro-am\u00e9ricain de th\u00e9\u00e2tre du Costa Rica (FITCR). L&rsquo;\u00e9v\u00e9nement se d\u00e9roulera du 10 au 19 avril et r\u00e9unira des compagnies th\u00e9\u00e2trales d&rsquo;Am\u00e9rique latine et d&rsquo;Europe, consolidant ainsi le pays comme un espace cl\u00e9 pour les \u00e9changes culturels et cr\u00e9atifs dans la r\u00e9gion.<\/p>\n\n<p>Organis\u00e9 par le minist\u00e8re de la Culture et de la Jeunesse, le FITCR a pour objectif de redynamiser le th\u00e9\u00e2tre en tant que forme essentielle d&rsquo;expression artistique et de r\u00e9flexion sociale. \u00c0 travers une programmation diversifi\u00e9e et contemporaine, le festival cherche \u00e0 mettre en valeur les liens culturels communs dans le monde ib\u00e9ro-am\u00e9ricain, ainsi qu&rsquo;\u00e0 aborder les probl\u00e9matiques actuelles sous de multiples angles sc\u00e9niques.<\/p>\n\n<h3 class=\"wp-block-heading\">La FITCR r\u00e9unira des entreprises ib\u00e9ro-am\u00e9ricaines au Costa Rica<\/h3>\n\n<p>Cette premi\u00e8re \u00e9dition r\u00e9unira des groupes venus de Colombie, d&rsquo;Argentine, du Chili, du Honduras, du Salvador, du P\u00e9rou, du Mexique, d&rsquo;Uruguay et d&rsquo;Espagne, ainsi que des compagnies costaricaines de renom. La diversit\u00e9 des propositions permettra au public de profiter de spectacles de grande qualit\u00e9 qui refl\u00e8tent des r\u00e9alit\u00e9s sociales, politiques et humaines communes, renfor\u00e7ant ainsi le dialogue culturel entre les pays.<\/p>\n\n<div style=\"height:100px\" aria-hidden=\"true\" class=\"wp-block-spacer\"><\/div>\n\n<figure class=\"wp-block-gallery has-nested-images columns-default is-cropped wp-block-gallery-1 is-layout-flex wp-block-gallery-is-layout-flex\">\n<figure class=\"wp-block-image size-large\"><img loading=\"lazy\" decoding=\"async\" width=\"1024\" height=\"683\" data-id=\"24272\" src=\"https:\/\/www.sensorialsunsets.com\/wp-content\/uploads\/2026\/01\/El-Jardin-del-Cuento-Costa-Rica-scaled-1-1024x683.jpg\" alt=\"Festival ib&#xE9;ro-am&#xE9;ricain de th&#xE9;&#xE2;tre du Costa Rica\" class=\"wp-image-24272\" srcset=\"https:\/\/www.sensorialsunsets.com\/wp-content\/uploads\/2026\/01\/El-Jardin-del-Cuento-Costa-Rica-scaled-1-1024x683.jpg 1024w, https:\/\/www.sensorialsunsets.com\/wp-content\/uploads\/2026\/01\/El-Jardin-del-Cuento-Costa-Rica-scaled-1-300x200.jpg 300w, https:\/\/www.sensorialsunsets.com\/wp-content\/uploads\/2026\/01\/El-Jardin-del-Cuento-Costa-Rica-scaled-1-768x512.jpg 768w, https:\/\/www.sensorialsunsets.com\/wp-content\/uploads\/2026\/01\/El-Jardin-del-Cuento-Costa-Rica-scaled-1-1536x1024.jpg 1536w, https:\/\/www.sensorialsunsets.com\/wp-content\/uploads\/2026\/01\/El-Jardin-del-Cuento-Costa-Rica-scaled-1-2048x1366.jpg 2048w, https:\/\/www.sensorialsunsets.com\/wp-content\/uploads\/2026\/01\/El-Jardin-del-Cuento-Costa-Rica-scaled-1-334x222.jpg 334w, https:\/\/www.sensorialsunsets.com\/wp-content\/uploads\/2026\/01\/El-Jardin-del-Cuento-Costa-Rica-scaled-1-1320x880.jpg 1320w\" sizes=\"auto, (max-width: 1024px) 100vw, 1024px\" \/><\/figure>\n\n\n\n<figure class=\"wp-block-image size-large\"><img loading=\"lazy\" decoding=\"async\" width=\"1024\" height=\"683\" data-id=\"24273\" src=\"https:\/\/www.sensorialsunsets.com\/wp-content\/uploads\/2026\/01\/Cost-Rica-Jose-Pablo-Umana.jpg\" alt=\"Festival ib&#xE9;ro-am&#xE9;ricain de th&#xE9;&#xE2;tre du Costa Rica\" class=\"wp-image-24273\" srcset=\"https:\/\/www.sensorialsunsets.com\/wp-content\/uploads\/2026\/01\/Cost-Rica-Jose-Pablo-Umana.jpg 1024w, https:\/\/www.sensorialsunsets.com\/wp-content\/uploads\/2026\/01\/Cost-Rica-Jose-Pablo-Umana-300x200.jpg 300w, https:\/\/www.sensorialsunsets.com\/wp-content\/uploads\/2026\/01\/Cost-Rica-Jose-Pablo-Umana-768x512.jpg 768w, https:\/\/www.sensorialsunsets.com\/wp-content\/uploads\/2026\/01\/Cost-Rica-Jose-Pablo-Umana-334x222.jpg 334w\" sizes=\"auto, (max-width: 1024px) 100vw, 1024px\" \/><\/figure>\n\n\n\n<figure class=\"wp-block-image size-large\"><img loading=\"lazy\" decoding=\"async\" width=\"1024\" height=\"661\" data-id=\"24274\" src=\"https:\/\/www.sensorialsunsets.com\/wp-content\/uploads\/2026\/01\/La-Mandragora-Teatro-Mexico-1024x661.jpg\" alt=\"Festival ib&#xE9;ro-am&#xE9;ricain de th&#xE9;&#xE2;tre du Costa Rica\" class=\"wp-image-24274\" srcset=\"https:\/\/www.sensorialsunsets.com\/wp-content\/uploads\/2026\/01\/La-Mandragora-Teatro-Mexico-1024x661.jpg 1024w, https:\/\/www.sensorialsunsets.com\/wp-content\/uploads\/2026\/01\/La-Mandragora-Teatro-Mexico-300x194.jpg 300w, https:\/\/www.sensorialsunsets.com\/wp-content\/uploads\/2026\/01\/La-Mandragora-Teatro-Mexico-768x496.jpg 768w, https:\/\/www.sensorialsunsets.com\/wp-content\/uploads\/2026\/01\/La-Mandragora-Teatro-Mexico-1536x991.jpg 1536w, https:\/\/www.sensorialsunsets.com\/wp-content\/uploads\/2026\/01\/La-Mandragora-Teatro-Mexico-1320x852.jpg 1320w, https:\/\/www.sensorialsunsets.com\/wp-content\/uploads\/2026\/01\/La-Mandragora-Teatro-Mexico.jpg 1980w\" sizes=\"auto, (max-width: 1024px) 100vw, 1024px\" \/><\/figure>\n<\/figure>\n\n<div style=\"height:100px\" aria-hidden=\"true\" class=\"wp-block-spacer\"><\/div>\n\n<p>Le festival est d\u00e9di\u00e9 \u00e0 Lucho Barahona, dramaturge, acteur et \u00e9ducateur costaricien de renom, dont la carri\u00e8re a profond\u00e9ment marqu\u00e9 le th\u00e9\u00e2tre national. Son \u0153uvre, ax\u00e9e sur la libert\u00e9, la pens\u00e9e critique et la profondeur humaine, a influenc\u00e9 des g\u00e9n\u00e9rations d&rsquo;artistes et de spectateurs. La ministre de la Culture et de la Jeunesse, Nayuribe Guadamuz, a soulign\u00e9 que Barahona concevait le th\u00e9\u00e2tre comme un espace de dialogue honn\u00eate, m\u00eame lorsque celui-ci s&rsquo;av\u00e9rait inconfortable ou provocateur.<\/p>\n\n<h5 class=\"wp-block-heading\">\u00c9change culturel avec le Festival ib\u00e9ro-am\u00e9ricain de th\u00e9\u00e2tre<\/h5>\n\n<blockquote class=\"wp-block-quote is-layout-flow wp-block-quote-is-layout-flow\">\n<p><em>Le Festival Iberoam\u00e9rica Teatral est n\u00e9 comme un espace de rencontre, de dialogue et de c\u00e9l\u00e9bration des arts sc\u00e9niques, o\u00f9 le Costa Rica s&rsquo;ouvre \u00e0 l&rsquo;\u00e9change cr\u00e9atif avec l&rsquo;Am\u00e9rique latine et r\u00e9affirme son engagement envers le th\u00e9\u00e2tre en tant que droit culturel, moteur de r\u00e9flexion et territoire de construction collective. Cette premi\u00e8re \u00e9dition rassemble des regards divers, des langages contemporains et des propositions de grande qualit\u00e9 artistique qui dialoguent avec notre \u00e9poque, nos questions et nos r\u00e9alit\u00e9s.<\/em><\/p>\n<\/blockquote>\n\n<p>Outre les repr\u00e9sentations sc\u00e9niques, le FITCR proposera des ateliers, des d\u00e9bats et des master classes visant \u00e0 renforcer les comp\u00e9tences professionnelles des artistes et \u00e0 cr\u00e9er des r\u00e9seaux de collaboration et de coproduction. Ces activit\u00e9s ont pour objectif de promouvoir la durabilit\u00e9 culturelle \u00e0 long terme et de favoriser la croissance du secteur th\u00e9\u00e2tral. De m\u00eame, le festival mise sur la d\u00e9centralisation culturelle en proposant des spectacles dans diff\u00e9rentes r\u00e9gions du pays afin d&rsquo;\u00e9largir l&rsquo;acc\u00e8s du public.<\/p>\n\n<h3 class=\"wp-block-heading\">Groupements internationaux<\/h3>\n\n<ul class=\"wp-block-list\">\n<li>La Congr\u00e9gation Th\u00e9\u00e2tre (Colombie)<\/li>\n\n\n\n<li>Compagnie Criolla (Argentine)<\/li>\n\n\n\n<li>Tian Gombau, Compagnie de th\u00e9\u00e2tre (Espagne)<\/li>\n\n\n\n<li>Groupe th\u00e9\u00e2tral Bamb\u00fa (Honduras)<\/li>\n\n\n\n<li>La Mayu \u2013 Th\u00e9\u00e2tre pour filles et gar\u00e7ons (P\u00e9rou)<\/li>\n\n\n\n<li>La Mandr\u00e1gora Th\u00e9\u00e2tre (Mexique)<\/li>\n\n\n\n<li>Santiago Sanguinetti \u2013 Compagnie Abuela Katiusha (Uruguay)<\/li>\n\n\n\n<li>La Llave Maestra (Espagne \/ Chili)<\/li>\n\n\n\n<li>Yellow Factory et Th\u00e9\u00e2tre Combo (Colombie)<\/li>\n\n\n\n<li>Mauricio Kartun (Argentine)<\/li>\n\n\n\n<li>Las Ansiadas Producciones (Espagne)<\/li>\n\n\n\n<li>Moby Dick th\u00e9\u00e2tre (El Salvador)<\/li>\n<\/ul>\n\n<h3 class=\"wp-block-heading\"><strong> Groupements nationaux<\/strong><\/h3>\n\n<ul class=\"wp-block-list\">\n<li>Th\u00e9\u00e2tre El Jard\u00edn del Cuento.<\/li>\n\n\n\n<li>Aguja Th\u00e9\u00e2tre.<\/li>\n\n\n\n<li>Projet La Casa sin Bernarda (La Maison sans Bernarda).<\/li>\n\n\n\n<li>Gar\u00faa Th\u00e9\u00e2tre.<\/li>\n\n\n\n<li>Raquel Hern\u00e1ndez.<\/li>\n\n\n\n<li>Jos\u00e9 Pablo Uma\u00f1a.<\/li>\n\n\n\n<li>Los Malafachas \u2013 Th\u00e9\u00e2tre Cirque Clown.<\/li>\n\n\n\n<li>Compagnie La Bicicleta.<\/li>\n\n\n\n<li>Th\u00e9\u00e2tre Doble.<\/li>\n\n\n\n<li>Th\u00e9\u00e2tre national du Costa Rica.<\/li>\n\n\n\n<li>Compagnie nationale de th\u00e9\u00e2tre du Costa Rica.<\/li>\n<\/ul>\n\n<h3 class=\"wp-block-heading\">Voix, corps et territoires<\/h3>\n\n<p>Les repr\u00e9sentations auront lieu dans des lieux embl\u00e9matiques tels que le Th\u00e9\u00e2tre populaire Melico Salazar, le Th\u00e9\u00e2tre national, le Th\u00e9\u00e2tre 1887, le Th\u00e9\u00e2tre de la danse, le Th\u00e9\u00e2tre Aduana Alberto Ca\u00f1as et le Th\u00e9\u00e2tre La Villa, \u00e0 Desamparados, renfor\u00e7ant ainsi le lien entre patrimoine, culture et tourisme.<\/p>\n\n<div style=\"height:100px\" aria-hidden=\"true\" class=\"wp-block-spacer\"><\/div>\n\n<figure class=\"wp-block-gallery has-nested-images columns-default is-cropped wp-block-gallery-2 is-layout-flex wp-block-gallery-is-layout-flex\">\n<figure class=\"wp-block-image size-large\"><img loading=\"lazy\" decoding=\"async\" width=\"1024\" height=\"683\" data-id=\"24270\" src=\"https:\/\/www.sensorialsunsets.com\/wp-content\/uploads\/2026\/01\/escenario_grande-1024x683.webp\" alt=\"\" class=\"wp-image-24270\" srcset=\"https:\/\/www.sensorialsunsets.com\/wp-content\/uploads\/2026\/01\/escenario_grande-1024x683.webp 1024w, https:\/\/www.sensorialsunsets.com\/wp-content\/uploads\/2026\/01\/escenario_grande-300x200.webp 300w, https:\/\/www.sensorialsunsets.com\/wp-content\/uploads\/2026\/01\/escenario_grande-768x512.webp 768w, https:\/\/www.sensorialsunsets.com\/wp-content\/uploads\/2026\/01\/escenario_grande-1536x1024.webp 1536w, https:\/\/www.sensorialsunsets.com\/wp-content\/uploads\/2026\/01\/escenario_grande-2048x1365.webp 2048w, https:\/\/www.sensorialsunsets.com\/wp-content\/uploads\/2026\/01\/escenario_grande-334x222.webp 334w, https:\/\/www.sensorialsunsets.com\/wp-content\/uploads\/2026\/01\/escenario_grande-1320x880.webp 1320w\" sizes=\"auto, (max-width: 1024px) 100vw, 1024px\" \/><\/figure>\n\n\n\n<figure class=\"wp-block-image size-large\"><img loading=\"lazy\" decoding=\"async\" width=\"1024\" height=\"768\" data-id=\"24276\" src=\"https:\/\/www.sensorialsunsets.com\/wp-content\/uploads\/2026\/01\/Thian-Gombau-Esana-scaled-1-1024x768.jpg\" alt=\"Festival ib&#xE9;ro-am&#xE9;ricain de th&#xE9;&#xE2;tre du Costa Rica\" class=\"wp-image-24276\" srcset=\"https:\/\/www.sensorialsunsets.com\/wp-content\/uploads\/2026\/01\/Thian-Gombau-Esana-scaled-1-1024x768.jpg 1024w, https:\/\/www.sensorialsunsets.com\/wp-content\/uploads\/2026\/01\/Thian-Gombau-Esana-scaled-1-300x225.jpg 300w, https:\/\/www.sensorialsunsets.com\/wp-content\/uploads\/2026\/01\/Thian-Gombau-Esana-scaled-1-768x576.jpg 768w, https:\/\/www.sensorialsunsets.com\/wp-content\/uploads\/2026\/01\/Thian-Gombau-Esana-scaled-1-1536x1152.jpg 1536w, https:\/\/www.sensorialsunsets.com\/wp-content\/uploads\/2026\/01\/Thian-Gombau-Esana-scaled-1-2048x1536.jpg 2048w, https:\/\/www.sensorialsunsets.com\/wp-content\/uploads\/2026\/01\/Thian-Gombau-Esana-scaled-1-1320x990.jpg 1320w\" sizes=\"auto, (max-width: 1024px) 100vw, 1024px\" \/><\/figure>\n\n\n\n<figure class=\"wp-block-image size-large\"><img loading=\"lazy\" decoding=\"async\" width=\"1024\" height=\"683\" data-id=\"24269\" src=\"https:\/\/www.sensorialsunsets.com\/wp-content\/uploads\/2026\/01\/teatro1887-5-1024x683.webp\" alt=\"\" class=\"wp-image-24269\" srcset=\"https:\/\/www.sensorialsunsets.com\/wp-content\/uploads\/2026\/01\/teatro1887-5-1024x683.webp 1024w, https:\/\/www.sensorialsunsets.com\/wp-content\/uploads\/2026\/01\/teatro1887-5-300x200.webp 300w, https:\/\/www.sensorialsunsets.com\/wp-content\/uploads\/2026\/01\/teatro1887-5-768x512.webp 768w, https:\/\/www.sensorialsunsets.com\/wp-content\/uploads\/2026\/01\/teatro1887-5-1536x1024.webp 1536w, https:\/\/www.sensorialsunsets.com\/wp-content\/uploads\/2026\/01\/teatro1887-5-2048x1365.webp 2048w, https:\/\/www.sensorialsunsets.com\/wp-content\/uploads\/2026\/01\/teatro1887-5-334x222.webp 334w, https:\/\/www.sensorialsunsets.com\/wp-content\/uploads\/2026\/01\/teatro1887-5-1320x880.webp 1320w\" sizes=\"auto, (max-width: 1024px) 100vw, 1024px\" \/><\/figure>\n<\/figure>\n\n<div style=\"height:100px\" aria-hidden=\"true\" class=\"wp-block-spacer\"><\/div>\n\n<p>Le FITCR fait partie d&rsquo;une s\u00e9rie de sept festivals nationaux qui parcourront le pays entre septembre et avril, couvrant des disciplines telles que la gastronomie, la musique et la danse. Ces initiatives visent \u00e0 int\u00e9grer les communaut\u00e9s et \u00e0 \u00e9tendre l&rsquo;activit\u00e9 culturelle au-del\u00e0 des centres urbains.<\/p>\n\n<p><strong>Sensorial Sunsets<\/strong><\/p>\n","protected":false},"excerpt":{"rendered":"<p>Le Costa Rica deviendra un lieu de rencontre pour les arts du spectacle en avril avec la c\u00e9l\u00e9bration du premier Festival ib\u00e9ro-am\u00e9ricain de th\u00e9\u00e2tre du Costa Rica (FITCR). L&rsquo;\u00e9v\u00e9nement se d\u00e9roulera du 10 au 19 avril et r\u00e9unira des compagnies th\u00e9\u00e2trales d&rsquo;Am\u00e9rique latine et d&rsquo;Europe, consolidant ainsi le pays comme un espace cl\u00e9 pour les [&hellip;]<\/p>\n","protected":false},"author":4,"featured_media":24291,"comment_status":"closed","ping_status":"closed","sticky":false,"template":"","format":"standard","meta":{"_acf_changed":false,"inline_featured_image":false,"_monsterinsights_skip_tracking":false,"_monsterinsights_sitenote_active":false,"_monsterinsights_sitenote_note":"","_monsterinsights_sitenote_category":0,"footnotes":""},"categories":[1],"tags":[],"class_list":["post-24294","post","type-post","status-publish","format-standard","has-post-thumbnail","hentry","category-non-classifiee"],"acf":[],"yoast_head":"<!-- This site is optimized with the Yoast SEO plugin v27.4 - https:\/\/yoast.com\/product\/yoast-seo-wordpress\/ -->\n<title>Festival ib\u00e9ro-am\u00e9ricain de th\u00e9\u00e2tre du Costa Rica - SensorialSunsets<\/title>\n<meta name=\"description\" content=\"Le Festival ib\u00e9ro-am\u00e9ricain de th\u00e9\u00e2tre du Costa Rica d\u00e9bute en avril avec des pi\u00e8ces internationales et des repr\u00e9sentations dans les th\u00e9\u00e2tres embl\u00e9matiques du pays.\" \/>\n<meta name=\"robots\" content=\"index, follow, max-snippet:-1, max-image-preview:large, max-video-preview:-1\" \/>\n<link rel=\"canonical\" href=\"https:\/\/www.sensorialsunsets.com\/fr\/festival-ibero-americain-de-theatre-du-costa-rica\/\" \/>\n<meta property=\"og:locale\" content=\"fr_FR\" \/>\n<meta property=\"og:type\" content=\"article\" \/>\n<meta property=\"og:title\" content=\"Festival ib\u00e9ro-am\u00e9ricain de th\u00e9\u00e2tre du Costa Rica - SensorialSunsets\" \/>\n<meta property=\"og:description\" content=\"Le Festival ib\u00e9ro-am\u00e9ricain de th\u00e9\u00e2tre du Costa Rica d\u00e9bute en avril avec des pi\u00e8ces internationales et des repr\u00e9sentations dans les th\u00e9\u00e2tres embl\u00e9matiques du pays.\" \/>\n<meta property=\"og:url\" content=\"https:\/\/www.sensorialsunsets.com\/fr\/festival-ibero-americain-de-theatre-du-costa-rica\/\" \/>\n<meta property=\"og:site_name\" content=\"SensorialSunsets\" \/>\n<meta property=\"article:publisher\" content=\"https:\/\/www.facebook.com\/Sensorial-Sunsets-109180614715562\" \/>\n<meta property=\"article:published_time\" content=\"2026-01-26T23:50:51+00:00\" \/>\n<meta property=\"article:modified_time\" content=\"2026-01-26T23:50:52+00:00\" \/>\n<meta property=\"og:image\" content=\"https:\/\/www.sensorialsunsets.com\/wp-content\/uploads\/2026\/01\/La-Mandragora-Teatro-Mexico.jpg\" \/>\n\t<meta property=\"og:image:width\" content=\"1980\" \/>\n\t<meta property=\"og:image:height\" content=\"1278\" \/>\n\t<meta property=\"og:image:type\" content=\"image\/jpeg\" \/>\n<meta name=\"author\" content=\"Sensorial Sunsets\" \/>\n<meta name=\"twitter:card\" content=\"summary_large_image\" \/>\n<meta name=\"twitter:label1\" content=\"\u00c9crit par\" \/>\n\t<meta name=\"twitter:data1\" content=\"Sensorial Sunsets\" \/>\n\t<meta name=\"twitter:label2\" content=\"Dur\u00e9e de lecture estim\u00e9e\" \/>\n\t<meta name=\"twitter:data2\" content=\"4 minutes\" \/>\n<script type=\"application\/ld+json\" class=\"yoast-schema-graph\">{\"@context\":\"https:\\\/\\\/schema.org\",\"@graph\":[{\"@type\":\"Article\",\"@id\":\"https:\\\/\\\/www.sensorialsunsets.com\\\/fr\\\/festival-ibero-americain-de-theatre-du-costa-rica\\\/#article\",\"isPartOf\":{\"@id\":\"https:\\\/\\\/www.sensorialsunsets.com\\\/fr\\\/festival-ibero-americain-de-theatre-du-costa-rica\\\/\"},\"author\":{\"name\":\"Sensorial Sunsets\",\"@id\":\"https:\\\/\\\/www.sensorialsunsets.com\\\/fr\\\/#\\\/schema\\\/person\\\/77e2fa594135aa94024c47e281d8a94d\"},\"headline\":\"Festival ib\u00e9ro-am\u00e9ricain de th\u00e9\u00e2tre du Costa Rica\",\"datePublished\":\"2026-01-26T23:50:51+00:00\",\"dateModified\":\"2026-01-26T23:50:52+00:00\",\"mainEntityOfPage\":{\"@id\":\"https:\\\/\\\/www.sensorialsunsets.com\\\/fr\\\/festival-ibero-americain-de-theatre-du-costa-rica\\\/\"},\"wordCount\":757,\"publisher\":{\"@id\":\"https:\\\/\\\/www.sensorialsunsets.com\\\/fr\\\/#organization\"},\"image\":{\"@id\":\"https:\\\/\\\/www.sensorialsunsets.com\\\/fr\\\/festival-ibero-americain-de-theatre-du-costa-rica\\\/#primaryimage\"},\"thumbnailUrl\":\"https:\\\/\\\/www.sensorialsunsets.com\\\/wp-content\\\/uploads\\\/2026\\\/01\\\/La-Mandragora-Teatro-Mexico.jpg\",\"articleSection\":[\"Non classifi\u00e9(e)\"],\"inLanguage\":\"fr-FR\"},{\"@type\":\"WebPage\",\"@id\":\"https:\\\/\\\/www.sensorialsunsets.com\\\/fr\\\/festival-ibero-americain-de-theatre-du-costa-rica\\\/\",\"url\":\"https:\\\/\\\/www.sensorialsunsets.com\\\/fr\\\/festival-ibero-americain-de-theatre-du-costa-rica\\\/\",\"name\":\"Festival ib\u00e9ro-am\u00e9ricain de th\u00e9\u00e2tre du Costa Rica - SensorialSunsets\",\"isPartOf\":{\"@id\":\"https:\\\/\\\/www.sensorialsunsets.com\\\/fr\\\/#website\"},\"primaryImageOfPage\":{\"@id\":\"https:\\\/\\\/www.sensorialsunsets.com\\\/fr\\\/festival-ibero-americain-de-theatre-du-costa-rica\\\/#primaryimage\"},\"image\":{\"@id\":\"https:\\\/\\\/www.sensorialsunsets.com\\\/fr\\\/festival-ibero-americain-de-theatre-du-costa-rica\\\/#primaryimage\"},\"thumbnailUrl\":\"https:\\\/\\\/www.sensorialsunsets.com\\\/wp-content\\\/uploads\\\/2026\\\/01\\\/La-Mandragora-Teatro-Mexico.jpg\",\"datePublished\":\"2026-01-26T23:50:51+00:00\",\"dateModified\":\"2026-01-26T23:50:52+00:00\",\"description\":\"Le Festival ib\u00e9ro-am\u00e9ricain de th\u00e9\u00e2tre du Costa Rica d\u00e9bute en avril avec des pi\u00e8ces internationales et des repr\u00e9sentations dans les th\u00e9\u00e2tres embl\u00e9matiques du pays.\",\"inLanguage\":\"fr-FR\",\"potentialAction\":[{\"@type\":\"ReadAction\",\"target\":[\"https:\\\/\\\/www.sensorialsunsets.com\\\/fr\\\/festival-ibero-americain-de-theatre-du-costa-rica\\\/\"]}]},{\"@type\":\"ImageObject\",\"inLanguage\":\"fr-FR\",\"@id\":\"https:\\\/\\\/www.sensorialsunsets.com\\\/fr\\\/festival-ibero-americain-de-theatre-du-costa-rica\\\/#primaryimage\",\"url\":\"https:\\\/\\\/www.sensorialsunsets.com\\\/wp-content\\\/uploads\\\/2026\\\/01\\\/La-Mandragora-Teatro-Mexico.jpg\",\"contentUrl\":\"https:\\\/\\\/www.sensorialsunsets.com\\\/wp-content\\\/uploads\\\/2026\\\/01\\\/La-Mandragora-Teatro-Mexico.jpg\",\"width\":1980,\"height\":1278},{\"@type\":\"WebSite\",\"@id\":\"https:\\\/\\\/www.sensorialsunsets.com\\\/fr\\\/#website\",\"url\":\"https:\\\/\\\/www.sensorialsunsets.com\\\/fr\\\/\",\"name\":\"SensorialSunsets.com\",\"description\":\"D\u00e9couvrez la culture et la soci\u00e9t\u00e9 du Costa Rica sur notre blog. Explorez des articles captivants et partagez le contenu.\",\"publisher\":{\"@id\":\"https:\\\/\\\/www.sensorialsunsets.com\\\/fr\\\/#organization\"},\"alternateName\":\"Costa Rica Live Blog\",\"potentialAction\":[{\"@type\":\"SearchAction\",\"target\":{\"@type\":\"EntryPoint\",\"urlTemplate\":\"https:\\\/\\\/www.sensorialsunsets.com\\\/fr\\\/?s={search_term_string}\"},\"query-input\":{\"@type\":\"PropertyValueSpecification\",\"valueRequired\":true,\"valueName\":\"search_term_string\"}}],\"inLanguage\":\"fr-FR\"},{\"@type\":\"Organization\",\"@id\":\"https:\\\/\\\/www.sensorialsunsets.com\\\/fr\\\/#organization\",\"name\":\"SensorialSunsets\",\"url\":\"https:\\\/\\\/www.sensorialsunsets.com\\\/fr\\\/\",\"logo\":{\"@type\":\"ImageObject\",\"inLanguage\":\"fr-FR\",\"@id\":\"https:\\\/\\\/www.sensorialsunsets.com\\\/fr\\\/#\\\/schema\\\/logo\\\/image\\\/\",\"url\":\"https:\\\/\\\/www.sensorialsunsets.com\\\/wp-content\\\/uploads\\\/2023\\\/04\\\/Logo_base_line_fond_clair.svg\",\"contentUrl\":\"https:\\\/\\\/www.sensorialsunsets.com\\\/wp-content\\\/uploads\\\/2023\\\/04\\\/Logo_base_line_fond_clair.svg\",\"width\":\"1024\",\"height\":\"1024\",\"caption\":\"SensorialSunsets\"},\"image\":{\"@id\":\"https:\\\/\\\/www.sensorialsunsets.com\\\/fr\\\/#\\\/schema\\\/logo\\\/image\\\/\"},\"sameAs\":[\"https:\\\/\\\/www.facebook.com\\\/Sensorial-Sunsets-109180614715562\",\"https:\\\/\\\/www.instagram.com\\\/sensorialsunsets\\\/\"]},{\"@type\":\"Person\",\"@id\":\"https:\\\/\\\/www.sensorialsunsets.com\\\/fr\\\/#\\\/schema\\\/person\\\/77e2fa594135aa94024c47e281d8a94d\",\"name\":\"Sensorial Sunsets\",\"image\":{\"@type\":\"ImageObject\",\"inLanguage\":\"fr-FR\",\"@id\":\"https:\\\/\\\/secure.gravatar.com\\\/avatar\\\/5f2d62681b1dad94c28f1500d4fc75582acdfd32b55fd1acce0a36a3c487eabe?s=96&d=mm&r=g\",\"url\":\"https:\\\/\\\/secure.gravatar.com\\\/avatar\\\/5f2d62681b1dad94c28f1500d4fc75582acdfd32b55fd1acce0a36a3c487eabe?s=96&d=mm&r=g\",\"contentUrl\":\"https:\\\/\\\/secure.gravatar.com\\\/avatar\\\/5f2d62681b1dad94c28f1500d4fc75582acdfd32b55fd1acce0a36a3c487eabe?s=96&d=mm&r=g\",\"caption\":\"Sensorial Sunsets\"},\"url\":\"https:\\\/\\\/www.sensorialsunsets.com\\\/fr\\\/author\\\/asistentes-sensorial-sunsets\\\/\"}]}<\/script>\n<!-- \/ Yoast SEO plugin. -->","yoast_head_json":{"title":"Festival ib\u00e9ro-am\u00e9ricain de th\u00e9\u00e2tre du Costa Rica - SensorialSunsets","description":"Le Festival ib\u00e9ro-am\u00e9ricain de th\u00e9\u00e2tre du Costa Rica d\u00e9bute en avril avec des pi\u00e8ces internationales et des repr\u00e9sentations dans les th\u00e9\u00e2tres embl\u00e9matiques du pays.","robots":{"index":"index","follow":"follow","max-snippet":"max-snippet:-1","max-image-preview":"max-image-preview:large","max-video-preview":"max-video-preview:-1"},"canonical":"https:\/\/www.sensorialsunsets.com\/fr\/festival-ibero-americain-de-theatre-du-costa-rica\/","og_locale":"fr_FR","og_type":"article","og_title":"Festival ib\u00e9ro-am\u00e9ricain de th\u00e9\u00e2tre du Costa Rica - SensorialSunsets","og_description":"Le Festival ib\u00e9ro-am\u00e9ricain de th\u00e9\u00e2tre du Costa Rica d\u00e9bute en avril avec des pi\u00e8ces internationales et des repr\u00e9sentations dans les th\u00e9\u00e2tres embl\u00e9matiques du pays.","og_url":"https:\/\/www.sensorialsunsets.com\/fr\/festival-ibero-americain-de-theatre-du-costa-rica\/","og_site_name":"SensorialSunsets","article_publisher":"https:\/\/www.facebook.com\/Sensorial-Sunsets-109180614715562","article_published_time":"2026-01-26T23:50:51+00:00","article_modified_time":"2026-01-26T23:50:52+00:00","og_image":[{"width":1980,"height":1278,"url":"https:\/\/www.sensorialsunsets.com\/wp-content\/uploads\/2026\/01\/La-Mandragora-Teatro-Mexico.jpg","type":"image\/jpeg"}],"author":"Sensorial Sunsets","twitter_card":"summary_large_image","twitter_misc":{"\u00c9crit par":"Sensorial Sunsets","Dur\u00e9e de lecture estim\u00e9e":"4 minutes"},"schema":{"@context":"https:\/\/schema.org","@graph":[{"@type":"Article","@id":"https:\/\/www.sensorialsunsets.com\/fr\/festival-ibero-americain-de-theatre-du-costa-rica\/#article","isPartOf":{"@id":"https:\/\/www.sensorialsunsets.com\/fr\/festival-ibero-americain-de-theatre-du-costa-rica\/"},"author":{"name":"Sensorial Sunsets","@id":"https:\/\/www.sensorialsunsets.com\/fr\/#\/schema\/person\/77e2fa594135aa94024c47e281d8a94d"},"headline":"Festival ib\u00e9ro-am\u00e9ricain de th\u00e9\u00e2tre du Costa Rica","datePublished":"2026-01-26T23:50:51+00:00","dateModified":"2026-01-26T23:50:52+00:00","mainEntityOfPage":{"@id":"https:\/\/www.sensorialsunsets.com\/fr\/festival-ibero-americain-de-theatre-du-costa-rica\/"},"wordCount":757,"publisher":{"@id":"https:\/\/www.sensorialsunsets.com\/fr\/#organization"},"image":{"@id":"https:\/\/www.sensorialsunsets.com\/fr\/festival-ibero-americain-de-theatre-du-costa-rica\/#primaryimage"},"thumbnailUrl":"https:\/\/www.sensorialsunsets.com\/wp-content\/uploads\/2026\/01\/La-Mandragora-Teatro-Mexico.jpg","articleSection":["Non classifi\u00e9(e)"],"inLanguage":"fr-FR"},{"@type":"WebPage","@id":"https:\/\/www.sensorialsunsets.com\/fr\/festival-ibero-americain-de-theatre-du-costa-rica\/","url":"https:\/\/www.sensorialsunsets.com\/fr\/festival-ibero-americain-de-theatre-du-costa-rica\/","name":"Festival ib\u00e9ro-am\u00e9ricain de th\u00e9\u00e2tre du Costa Rica - SensorialSunsets","isPartOf":{"@id":"https:\/\/www.sensorialsunsets.com\/fr\/#website"},"primaryImageOfPage":{"@id":"https:\/\/www.sensorialsunsets.com\/fr\/festival-ibero-americain-de-theatre-du-costa-rica\/#primaryimage"},"image":{"@id":"https:\/\/www.sensorialsunsets.com\/fr\/festival-ibero-americain-de-theatre-du-costa-rica\/#primaryimage"},"thumbnailUrl":"https:\/\/www.sensorialsunsets.com\/wp-content\/uploads\/2026\/01\/La-Mandragora-Teatro-Mexico.jpg","datePublished":"2026-01-26T23:50:51+00:00","dateModified":"2026-01-26T23:50:52+00:00","description":"Le Festival ib\u00e9ro-am\u00e9ricain de th\u00e9\u00e2tre du Costa Rica d\u00e9bute en avril avec des pi\u00e8ces internationales et des repr\u00e9sentations dans les th\u00e9\u00e2tres embl\u00e9matiques du pays.","inLanguage":"fr-FR","potentialAction":[{"@type":"ReadAction","target":["https:\/\/www.sensorialsunsets.com\/fr\/festival-ibero-americain-de-theatre-du-costa-rica\/"]}]},{"@type":"ImageObject","inLanguage":"fr-FR","@id":"https:\/\/www.sensorialsunsets.com\/fr\/festival-ibero-americain-de-theatre-du-costa-rica\/#primaryimage","url":"https:\/\/www.sensorialsunsets.com\/wp-content\/uploads\/2026\/01\/La-Mandragora-Teatro-Mexico.jpg","contentUrl":"https:\/\/www.sensorialsunsets.com\/wp-content\/uploads\/2026\/01\/La-Mandragora-Teatro-Mexico.jpg","width":1980,"height":1278},{"@type":"WebSite","@id":"https:\/\/www.sensorialsunsets.com\/fr\/#website","url":"https:\/\/www.sensorialsunsets.com\/fr\/","name":"SensorialSunsets.com","description":"D\u00e9couvrez la culture et la soci\u00e9t\u00e9 du Costa Rica sur notre blog. Explorez des articles captivants et partagez le contenu.","publisher":{"@id":"https:\/\/www.sensorialsunsets.com\/fr\/#organization"},"alternateName":"Costa Rica Live Blog","potentialAction":[{"@type":"SearchAction","target":{"@type":"EntryPoint","urlTemplate":"https:\/\/www.sensorialsunsets.com\/fr\/?s={search_term_string}"},"query-input":{"@type":"PropertyValueSpecification","valueRequired":true,"valueName":"search_term_string"}}],"inLanguage":"fr-FR"},{"@type":"Organization","@id":"https:\/\/www.sensorialsunsets.com\/fr\/#organization","name":"SensorialSunsets","url":"https:\/\/www.sensorialsunsets.com\/fr\/","logo":{"@type":"ImageObject","inLanguage":"fr-FR","@id":"https:\/\/www.sensorialsunsets.com\/fr\/#\/schema\/logo\/image\/","url":"https:\/\/www.sensorialsunsets.com\/wp-content\/uploads\/2023\/04\/Logo_base_line_fond_clair.svg","contentUrl":"https:\/\/www.sensorialsunsets.com\/wp-content\/uploads\/2023\/04\/Logo_base_line_fond_clair.svg","width":"1024","height":"1024","caption":"SensorialSunsets"},"image":{"@id":"https:\/\/www.sensorialsunsets.com\/fr\/#\/schema\/logo\/image\/"},"sameAs":["https:\/\/www.facebook.com\/Sensorial-Sunsets-109180614715562","https:\/\/www.instagram.com\/sensorialsunsets\/"]},{"@type":"Person","@id":"https:\/\/www.sensorialsunsets.com\/fr\/#\/schema\/person\/77e2fa594135aa94024c47e281d8a94d","name":"Sensorial Sunsets","image":{"@type":"ImageObject","inLanguage":"fr-FR","@id":"https:\/\/secure.gravatar.com\/avatar\/5f2d62681b1dad94c28f1500d4fc75582acdfd32b55fd1acce0a36a3c487eabe?s=96&d=mm&r=g","url":"https:\/\/secure.gravatar.com\/avatar\/5f2d62681b1dad94c28f1500d4fc75582acdfd32b55fd1acce0a36a3c487eabe?s=96&d=mm&r=g","contentUrl":"https:\/\/secure.gravatar.com\/avatar\/5f2d62681b1dad94c28f1500d4fc75582acdfd32b55fd1acce0a36a3c487eabe?s=96&d=mm&r=g","caption":"Sensorial Sunsets"},"url":"https:\/\/www.sensorialsunsets.com\/fr\/author\/asistentes-sensorial-sunsets\/"}]}},"_links":{"self":[{"href":"https:\/\/www.sensorialsunsets.com\/fr\/wp-json\/wp\/v2\/posts\/24294","targetHints":{"allow":["GET"]}}],"collection":[{"href":"https:\/\/www.sensorialsunsets.com\/fr\/wp-json\/wp\/v2\/posts"}],"about":[{"href":"https:\/\/www.sensorialsunsets.com\/fr\/wp-json\/wp\/v2\/types\/post"}],"author":[{"embeddable":true,"href":"https:\/\/www.sensorialsunsets.com\/fr\/wp-json\/wp\/v2\/users\/4"}],"replies":[{"embeddable":true,"href":"https:\/\/www.sensorialsunsets.com\/fr\/wp-json\/wp\/v2\/comments?post=24294"}],"version-history":[{"count":1,"href":"https:\/\/www.sensorialsunsets.com\/fr\/wp-json\/wp\/v2\/posts\/24294\/revisions"}],"predecessor-version":[{"id":24297,"href":"https:\/\/www.sensorialsunsets.com\/fr\/wp-json\/wp\/v2\/posts\/24294\/revisions\/24297"}],"wp:featuredmedia":[{"embeddable":true,"href":"https:\/\/www.sensorialsunsets.com\/fr\/wp-json\/wp\/v2\/media\/24291"}],"wp:attachment":[{"href":"https:\/\/www.sensorialsunsets.com\/fr\/wp-json\/wp\/v2\/media?parent=24294"}],"wp:term":[{"taxonomy":"category","embeddable":true,"href":"https:\/\/www.sensorialsunsets.com\/fr\/wp-json\/wp\/v2\/categories?post=24294"},{"taxonomy":"post_tag","embeddable":true,"href":"https:\/\/www.sensorialsunsets.com\/fr\/wp-json\/wp\/v2\/tags?post=24294"}],"curies":[{"name":"wp","href":"https:\/\/api.w.org\/{rel}","templated":true}]}}