{"id":2439,"date":"2022-06-29T20:09:49","date_gmt":"2022-06-29T20:09:49","guid":{"rendered":"https:\/\/www.sensorialsunsets.com\/la-fundacion-mujer-et-la-population-migrante-du-costa-rica\/"},"modified":"2022-06-29T20:09:49","modified_gmt":"2022-06-29T20:09:49","slug":"la-fundacion-mujer-et-la-population-migrante-du-costa-rica","status":"publish","type":"post","link":"https:\/\/www.sensorialsunsets.com\/fr\/la-fundacion-mujer-et-la-population-migrante-du-costa-rica\/","title":{"rendered":"La Fundaci\u00f3n Mujer et la population migrante du Costa Rica"},"content":{"rendered":"\n<p>La Fundaci\u00f3n Mujer du Costa Rica est une organisation \u00e0 but non lucratif qui a pour objectif d&rsquo;autonomiser les femmes et de leur fournir les outils dont elles ont besoin pour devenir financi\u00e8rement ind\u00e9pendantes gr\u00e2ce au d\u00e9veloppement social et \u00e9conomique.<\/p>\n\n<h2 class=\"wp-block-heading\"><strong>Organisation \u00e0 but non lucratif<\/strong><\/h2>\n\n<p>La fondation est active depuis 1988 et a travaill\u00e9 sur diff\u00e9rents projets : cours de formation, salons de l&#8217;emploi et services financiers pour aider les femmes. Elle travaille avec le gouvernement costaricien et d&rsquo;autres organisations pour s&rsquo;assurer que ses efforts sont durables.<\/p>\n\n<p>Dans un premier temps, on leur donnait des formations et un capital d&rsquo;amor\u00e7age, c&rsquo;est-\u00e0-dire des cr\u00e9dits remboursables, qui leur \u00e9taient accord\u00e9s pour d\u00e9marrer une activit\u00e9. Au fil du temps, l&rsquo;attention s&rsquo;est \u00e9tendue aux hommes. R\u00e9cemment, cependant, apr\u00e8s avoir remport\u00e9 quelques concours pour le d\u00e9veloppement de nouveaux projets, l&rsquo;attention port\u00e9e \u00e0 la population migrante et r\u00e9fugi\u00e9e a \u00e9t\u00e9 renforc\u00e9e. Ceci, avec le soutien financier d&rsquo;organisations internationales qui se consacrent \u00e0 l&rsquo;aide aux migrants et aux r\u00e9fugi\u00e9s dans les pays o\u00f9 la mobilit\u00e9 humaine est plus importante.<\/p>\n\n<p>La Fundaci\u00f3n Mujer est une organisation non gouvernementale qui fournit une assistance aux migrants et aux r\u00e9fugi\u00e9s, ainsi qu&rsquo;\u00e0 d&rsquo;autres populations vuln\u00e9rables, par le biais de programmes d&rsquo;inclusion. Elle fournit \u00e9galement une assistance aux personnes d\u00e9plac\u00e9es \u00e0 cause de catastrophes naturelles ou de conflits.<\/p>\n\n<h2 class=\"wp-block-heading\"><strong>Aide fournie par la Fondation des femmes<\/strong><\/h2>\n\n<p>La population de migrants et de r\u00e9fugi\u00e9s de diff\u00e9rentes nationalit\u00e9s au Costa Rica repr\u00e9sente une r\u00e9alit\u00e9 qui a augment\u00e9 ces derni\u00e8res ann\u00e9es. Des institutions telles que la Fundaci\u00f3n Mujer cherchent \u00e0 contribuer \u00e0 la cr\u00e9ation de moyens de subsistance, \u00e0 promouvoir l&rsquo;inclusion, l&rsquo;int\u00e9gration, la cr\u00e9ation d&#8217;emplois et la r\u00e9duction des taux de pauvret\u00e9 au sein des populations les plus vuln\u00e9rables sur le plan socio-\u00e9conomique.\u00a0<\/p>\n\n<p>Son objectif principal consiste \u00e0 offrir des moyens de subsistance \u00e0 la population migrante et nationale en situation de vuln\u00e9rabilit\u00e9. Des conseils sur les processus de r\u00e9gulation des migrations, le diagnostic des profils professionnels, la pr\u00e9paration d&rsquo;un plan de travail pr\u00e9alable \u00e0 une formation g\u00e9n\u00e9rale d&rsquo;autonomisation, des cours pour am\u00e9liorer les comp\u00e9tences professionnelles ou techniques et la gestion d&rsquo;entreprise sont des exemples de l&rsquo;aide qu&rsquo;elle apporte pour une int\u00e9gration sociale efficace.<\/p>\n\n<figure class=\"wp-block-image size-large\"><img loading=\"lazy\" decoding=\"async\" width=\"1024\" height=\"683\" src=\"https:\/\/www.sensorialsunsets.com\/wp-content\/uploads\/2022\/06\/rostyslav-savchyn-C44MBj_WeqA-unsplash-1024x683.jpg\" alt=\"migrants-sensorial-sunsets\" class=\"wp-image-2435\" srcset=\"https:\/\/www.sensorialsunsets.com\/wp-content\/uploads\/2022\/06\/rostyslav-savchyn-C44MBj_WeqA-unsplash-1024x683.jpg 1024w, https:\/\/www.sensorialsunsets.com\/wp-content\/uploads\/2022\/06\/rostyslav-savchyn-C44MBj_WeqA-unsplash-300x200.jpg 300w, https:\/\/www.sensorialsunsets.com\/wp-content\/uploads\/2022\/06\/rostyslav-savchyn-C44MBj_WeqA-unsplash-768x513.jpg 768w, https:\/\/www.sensorialsunsets.com\/wp-content\/uploads\/2022\/06\/rostyslav-savchyn-C44MBj_WeqA-unsplash-1536x1025.jpg 1536w, https:\/\/www.sensorialsunsets.com\/wp-content\/uploads\/2022\/06\/rostyslav-savchyn-C44MBj_WeqA-unsplash-2048x1367.jpg 2048w, https:\/\/www.sensorialsunsets.com\/wp-content\/uploads\/2022\/06\/rostyslav-savchyn-C44MBj_WeqA-unsplash-334x222.jpg 334w, https:\/\/www.sensorialsunsets.com\/wp-content\/uploads\/2022\/06\/rostyslav-savchyn-C44MBj_WeqA-unsplash-1320x881.jpg 1320w\" sizes=\"auto, (max-width: 1024px) 100vw, 1024px\" \/><figcaption>Migrants<\/figcaption><\/figure>\n<h2 class=\"wp-block-heading\"><strong>Un message de la Fundaci\u00f3n Mujer \u00e0 la population en g\u00e9n\u00e9ral<\/strong><\/h2>\n\n<p>Pour les migrants et les r\u00e9fugi\u00e9s, d\u00e9marrer de z\u00e9ro dans un pays d&rsquo;accueil repr\u00e9sente toute une s\u00e9rie d&rsquo;obstacles.  C&rsquo;est pourquoi toute opportunit\u00e9, aussi petite soit-elle, est vitale dans leur qu\u00eate pour aller de l&rsquo;avant et d\u00e9montrer qu&rsquo;ils ne sont pas qu&rsquo;une simple statistique au sein du ph\u00e9nom\u00e8ne migratoire massif v\u00e9cu dans diff\u00e9rents pays d&rsquo;Am\u00e9rique latine. Il est important que les populations d&rsquo;accueil sachent que derri\u00e8re chaque migrant et r\u00e9fugi\u00e9 il y a une histoire, un visage, une femme, un homme ou un enfant. Que ces personnes ont le d\u00e9sir et le droit humain de pouvoir se d\u00e9velopper dans un endroit o\u00f9 les droits fondamentaux de la vie sont respect\u00e9s. Ils \u00e9migrent au Costa Rica avec le d\u00e9sir de mettre en pratique leurs comp\u00e9tences qui peuvent enrichir le tissu social costaricien et la croissance de l&rsquo;\u00e9conomie, \u00e0 une \u00e9poque o\u00f9 le pays a besoin des efforts de tous.<\/p>\n\n<h2 class=\"wp-block-heading\"><strong>En bref<\/strong><\/h2>\n\n<ul class=\"wp-block-list\"><li>La Fundaci\u00f3n Mujer de Costa Rica est une organisation \u00e0 but non lucratif.<\/li><li>La population de migrants et de r\u00e9fugi\u00e9s de diff\u00e9rentes nationalit\u00e9s au Costa Rica repr\u00e9sente une r\u00e9alit\u00e9 qui a augment\u00e9 ces derni\u00e8res ann\u00e9es.<\/li><li>La Fundaci\u00f3n Mujer cherche \u00e0 aider \u00e0 g\u00e9n\u00e9rer des moyens de subsistance, \u00e0 promouvoir l&rsquo;inclusion, l&rsquo;int\u00e9gration et principalement la cr\u00e9ation d&#8217;emplois.<\/li><\/ul>\n<p><strong>Auteure<\/strong><\/p>\n\n<p>Zelda Walters en collaboration avec <a href=\"mailto:yviloriafm.unops@gmail.com\">Yoerli Viloria Duque<\/a> pour Sensorial Sunsets<\/p>\n\n<p><strong>BIbliographie<\/strong><\/p>\n\n<p><a href=\"https:\/\/www.fundacionmujer.org\/\">https:\/\/www.fundacionmujer.org\/<\/a><\/p>\n\n<p><a href=\"https:\/\/www.presidencia.go.cr\/comunicados\/tag\/fundacion-mujer\/\">https:\/\/www.presidencia.go.cr\/comunicados\/tag\/fundacion-mujer\/<\/a><\/p>\n","protected":false},"excerpt":{"rendered":"<p>La Fundaci\u00f3n Mujer du Costa Rica est une organisation \u00e0 but non lucratif qui a pour objectif d&rsquo;autonomiser les femmes et de leur fournir les outils dont elles ont besoin pour devenir financi\u00e8rement ind\u00e9pendantes gr\u00e2ce au d\u00e9veloppement social et \u00e9conomique. Organisation \u00e0 but non lucratif La fondation est active depuis 1988 et a travaill\u00e9 sur [&hellip;]<\/p>\n","protected":false},"author":5,"featured_media":2432,"comment_status":"closed","ping_status":"closed","sticky":false,"template":"","format":"standard","meta":{"_acf_changed":false,"inline_featured_image":false,"_monsterinsights_skip_tracking":false,"_monsterinsights_sitenote_active":false,"_monsterinsights_sitenote_note":"","_monsterinsights_sitenote_category":0,"footnotes":""},"categories":[100,102],"tags":[],"class_list":["post-2439","post","type-post","status-publish","format-standard","has-post-thumbnail","hentry","category-costa-rica-fr","category-societe-fr"],"acf":[],"yoast_head":"<!-- This site is optimized with the Yoast SEO plugin v27.4 - https:\/\/yoast.com\/product\/yoast-seo-wordpress\/ -->\n<title>La Fundaci\u00f3n Mujer et la population migrante du Costa Rica - SensorialSunsets<\/title>\n<meta name=\"description\" content=\"Fundaci\u00f3n Mujer, une organisation costaricaine \u00e0 but non lucratif qui se consacre \u00e0 l&#039;autonomisation de la population migrante.\" \/>\n<meta name=\"robots\" content=\"index, follow, max-snippet:-1, max-image-preview:large, max-video-preview:-1\" \/>\n<link rel=\"canonical\" href=\"https:\/\/www.sensorialsunsets.com\/fr\/la-fundacion-mujer-et-la-population-migrante-du-costa-rica\/\" \/>\n<meta property=\"og:locale\" content=\"fr_FR\" \/>\n<meta property=\"og:type\" content=\"article\" \/>\n<meta property=\"og:title\" content=\"La Fundaci\u00f3n Mujer et la population migrante du Costa Rica - SensorialSunsets\" \/>\n<meta property=\"og:description\" content=\"Fundaci\u00f3n Mujer, une organisation costaricaine \u00e0 but non lucratif qui se consacre \u00e0 l&#039;autonomisation de la population migrante.\" \/>\n<meta property=\"og:url\" content=\"https:\/\/www.sensorialsunsets.com\/fr\/la-fundacion-mujer-et-la-population-migrante-du-costa-rica\/\" \/>\n<meta property=\"og:site_name\" content=\"SensorialSunsets\" \/>\n<meta property=\"article:publisher\" content=\"https:\/\/www.facebook.com\/Sensorial-Sunsets-109180614715562\" \/>\n<meta property=\"article:published_time\" content=\"2022-06-29T20:09:49+00:00\" \/>\n<meta property=\"og:image\" content=\"https:\/\/www.sensorialsunsets.com\/wp-content\/uploads\/2022\/06\/julie-ricard-rTXKkhHgoVM-unsplash-scaled.jpg\" \/>\n\t<meta property=\"og:image:width\" content=\"2560\" \/>\n\t<meta property=\"og:image:height\" content=\"1707\" \/>\n\t<meta property=\"og:image:type\" content=\"image\/jpeg\" \/>\n<meta name=\"author\" content=\"Marian Barrantes\" \/>\n<meta name=\"twitter:card\" content=\"summary_large_image\" \/>\n<meta name=\"twitter:label1\" content=\"\u00c9crit par\" \/>\n\t<meta name=\"twitter:data1\" content=\"Marian Barrantes\" \/>\n\t<meta name=\"twitter:label2\" content=\"Dur\u00e9e de lecture estim\u00e9e\" \/>\n\t<meta name=\"twitter:data2\" content=\"3 minutes\" \/>\n<script type=\"application\/ld+json\" class=\"yoast-schema-graph\">{\"@context\":\"https:\\\/\\\/schema.org\",\"@graph\":[{\"@type\":\"Article\",\"@id\":\"https:\\\/\\\/www.sensorialsunsets.com\\\/fr\\\/la-fundacion-mujer-et-la-population-migrante-du-costa-rica\\\/#article\",\"isPartOf\":{\"@id\":\"https:\\\/\\\/www.sensorialsunsets.com\\\/fr\\\/la-fundacion-mujer-et-la-population-migrante-du-costa-rica\\\/\"},\"author\":{\"name\":\"Marian Barrantes\",\"@id\":\"https:\\\/\\\/www.sensorialsunsets.com\\\/fr\\\/#\\\/schema\\\/person\\\/a8336a4dbeee633f087a194db2ca482f\"},\"headline\":\"La Fundaci\u00f3n Mujer et la population migrante du Costa Rica\",\"datePublished\":\"2022-06-29T20:09:49+00:00\",\"mainEntityOfPage\":{\"@id\":\"https:\\\/\\\/www.sensorialsunsets.com\\\/fr\\\/la-fundacion-mujer-et-la-population-migrante-du-costa-rica\\\/\"},\"wordCount\":712,\"publisher\":{\"@id\":\"https:\\\/\\\/www.sensorialsunsets.com\\\/fr\\\/#organization\"},\"image\":{\"@id\":\"https:\\\/\\\/www.sensorialsunsets.com\\\/fr\\\/la-fundacion-mujer-et-la-population-migrante-du-costa-rica\\\/#primaryimage\"},\"thumbnailUrl\":\"https:\\\/\\\/www.sensorialsunsets.com\\\/wp-content\\\/uploads\\\/2022\\\/06\\\/julie-ricard-rTXKkhHgoVM-unsplash-scaled.jpg\",\"articleSection\":[\"Costa Rica\",\"Soci\u00e9t\u00e9\"],\"inLanguage\":\"fr-FR\"},{\"@type\":\"WebPage\",\"@id\":\"https:\\\/\\\/www.sensorialsunsets.com\\\/fr\\\/la-fundacion-mujer-et-la-population-migrante-du-costa-rica\\\/\",\"url\":\"https:\\\/\\\/www.sensorialsunsets.com\\\/fr\\\/la-fundacion-mujer-et-la-population-migrante-du-costa-rica\\\/\",\"name\":\"La Fundaci\u00f3n Mujer et la population migrante du Costa Rica - SensorialSunsets\",\"isPartOf\":{\"@id\":\"https:\\\/\\\/www.sensorialsunsets.com\\\/fr\\\/#website\"},\"primaryImageOfPage\":{\"@id\":\"https:\\\/\\\/www.sensorialsunsets.com\\\/fr\\\/la-fundacion-mujer-et-la-population-migrante-du-costa-rica\\\/#primaryimage\"},\"image\":{\"@id\":\"https:\\\/\\\/www.sensorialsunsets.com\\\/fr\\\/la-fundacion-mujer-et-la-population-migrante-du-costa-rica\\\/#primaryimage\"},\"thumbnailUrl\":\"https:\\\/\\\/www.sensorialsunsets.com\\\/wp-content\\\/uploads\\\/2022\\\/06\\\/julie-ricard-rTXKkhHgoVM-unsplash-scaled.jpg\",\"datePublished\":\"2022-06-29T20:09:49+00:00\",\"description\":\"Fundaci\u00f3n Mujer, une organisation costaricaine \u00e0 but non lucratif qui se consacre \u00e0 l'autonomisation de la population migrante.\",\"inLanguage\":\"fr-FR\",\"potentialAction\":[{\"@type\":\"ReadAction\",\"target\":[\"https:\\\/\\\/www.sensorialsunsets.com\\\/fr\\\/la-fundacion-mujer-et-la-population-migrante-du-costa-rica\\\/\"]}]},{\"@type\":\"ImageObject\",\"inLanguage\":\"fr-FR\",\"@id\":\"https:\\\/\\\/www.sensorialsunsets.com\\\/fr\\\/la-fundacion-mujer-et-la-population-migrante-du-costa-rica\\\/#primaryimage\",\"url\":\"https:\\\/\\\/www.sensorialsunsets.com\\\/wp-content\\\/uploads\\\/2022\\\/06\\\/julie-ricard-rTXKkhHgoVM-unsplash-scaled.jpg\",\"contentUrl\":\"https:\\\/\\\/www.sensorialsunsets.com\\\/wp-content\\\/uploads\\\/2022\\\/06\\\/julie-ricard-rTXKkhHgoVM-unsplash-scaled.jpg\",\"width\":2560,\"height\":1707},{\"@type\":\"WebSite\",\"@id\":\"https:\\\/\\\/www.sensorialsunsets.com\\\/fr\\\/#website\",\"url\":\"https:\\\/\\\/www.sensorialsunsets.com\\\/fr\\\/\",\"name\":\"SensorialSunsets.com\",\"description\":\"D\u00e9couvrez la culture et la soci\u00e9t\u00e9 du Costa Rica sur notre blog. Explorez des articles captivants et partagez le contenu.\",\"publisher\":{\"@id\":\"https:\\\/\\\/www.sensorialsunsets.com\\\/fr\\\/#organization\"},\"alternateName\":\"Costa Rica Live Blog\",\"potentialAction\":[{\"@type\":\"SearchAction\",\"target\":{\"@type\":\"EntryPoint\",\"urlTemplate\":\"https:\\\/\\\/www.sensorialsunsets.com\\\/fr\\\/?s={search_term_string}\"},\"query-input\":{\"@type\":\"PropertyValueSpecification\",\"valueRequired\":true,\"valueName\":\"search_term_string\"}}],\"inLanguage\":\"fr-FR\"},{\"@type\":\"Organization\",\"@id\":\"https:\\\/\\\/www.sensorialsunsets.com\\\/fr\\\/#organization\",\"name\":\"SensorialSunsets\",\"url\":\"https:\\\/\\\/www.sensorialsunsets.com\\\/fr\\\/\",\"logo\":{\"@type\":\"ImageObject\",\"inLanguage\":\"fr-FR\",\"@id\":\"https:\\\/\\\/www.sensorialsunsets.com\\\/fr\\\/#\\\/schema\\\/logo\\\/image\\\/\",\"url\":\"https:\\\/\\\/www.sensorialsunsets.com\\\/wp-content\\\/uploads\\\/2023\\\/04\\\/Logo_base_line_fond_clair.svg\",\"contentUrl\":\"https:\\\/\\\/www.sensorialsunsets.com\\\/wp-content\\\/uploads\\\/2023\\\/04\\\/Logo_base_line_fond_clair.svg\",\"width\":\"1024\",\"height\":\"1024\",\"caption\":\"SensorialSunsets\"},\"image\":{\"@id\":\"https:\\\/\\\/www.sensorialsunsets.com\\\/fr\\\/#\\\/schema\\\/logo\\\/image\\\/\"},\"sameAs\":[\"https:\\\/\\\/www.facebook.com\\\/Sensorial-Sunsets-109180614715562\",\"https:\\\/\\\/www.instagram.com\\\/sensorialsunsets\\\/\"]},{\"@type\":\"Person\",\"@id\":\"https:\\\/\\\/www.sensorialsunsets.com\\\/fr\\\/#\\\/schema\\\/person\\\/a8336a4dbeee633f087a194db2ca482f\",\"name\":\"Marian Barrantes\",\"image\":{\"@type\":\"ImageObject\",\"inLanguage\":\"fr-FR\",\"@id\":\"https:\\\/\\\/secure.gravatar.com\\\/avatar\\\/fafbfab67eb28029818d03f44e3037bd798e04434d8d5c0cfc2eea8ec2882a22?s=96&d=mm&r=g\",\"url\":\"https:\\\/\\\/secure.gravatar.com\\\/avatar\\\/fafbfab67eb28029818d03f44e3037bd798e04434d8d5c0cfc2eea8ec2882a22?s=96&d=mm&r=g\",\"contentUrl\":\"https:\\\/\\\/secure.gravatar.com\\\/avatar\\\/fafbfab67eb28029818d03f44e3037bd798e04434d8d5c0cfc2eea8ec2882a22?s=96&d=mm&r=g\",\"caption\":\"Marian Barrantes\"},\"sameAs\":[\"https:\\\/\\\/www.sensorialsunsets.com\"],\"url\":\"https:\\\/\\\/www.sensorialsunsets.com\\\/fr\\\/author\\\/mbarrantes\\\/\"}]}<\/script>\n<!-- \/ Yoast SEO plugin. -->","yoast_head_json":{"title":"La Fundaci\u00f3n Mujer et la population migrante du Costa Rica - SensorialSunsets","description":"Fundaci\u00f3n Mujer, une organisation costaricaine \u00e0 but non lucratif qui se consacre \u00e0 l'autonomisation de la population migrante.","robots":{"index":"index","follow":"follow","max-snippet":"max-snippet:-1","max-image-preview":"max-image-preview:large","max-video-preview":"max-video-preview:-1"},"canonical":"https:\/\/www.sensorialsunsets.com\/fr\/la-fundacion-mujer-et-la-population-migrante-du-costa-rica\/","og_locale":"fr_FR","og_type":"article","og_title":"La Fundaci\u00f3n Mujer et la population migrante du Costa Rica - SensorialSunsets","og_description":"Fundaci\u00f3n Mujer, une organisation costaricaine \u00e0 but non lucratif qui se consacre \u00e0 l'autonomisation de la population migrante.","og_url":"https:\/\/www.sensorialsunsets.com\/fr\/la-fundacion-mujer-et-la-population-migrante-du-costa-rica\/","og_site_name":"SensorialSunsets","article_publisher":"https:\/\/www.facebook.com\/Sensorial-Sunsets-109180614715562","article_published_time":"2022-06-29T20:09:49+00:00","og_image":[{"width":2560,"height":1707,"url":"https:\/\/www.sensorialsunsets.com\/wp-content\/uploads\/2022\/06\/julie-ricard-rTXKkhHgoVM-unsplash-scaled.jpg","type":"image\/jpeg"}],"author":"Marian Barrantes","twitter_card":"summary_large_image","twitter_misc":{"\u00c9crit par":"Marian Barrantes","Dur\u00e9e de lecture estim\u00e9e":"3 minutes"},"schema":{"@context":"https:\/\/schema.org","@graph":[{"@type":"Article","@id":"https:\/\/www.sensorialsunsets.com\/fr\/la-fundacion-mujer-et-la-population-migrante-du-costa-rica\/#article","isPartOf":{"@id":"https:\/\/www.sensorialsunsets.com\/fr\/la-fundacion-mujer-et-la-population-migrante-du-costa-rica\/"},"author":{"name":"Marian Barrantes","@id":"https:\/\/www.sensorialsunsets.com\/fr\/#\/schema\/person\/a8336a4dbeee633f087a194db2ca482f"},"headline":"La Fundaci\u00f3n Mujer et la population migrante du Costa Rica","datePublished":"2022-06-29T20:09:49+00:00","mainEntityOfPage":{"@id":"https:\/\/www.sensorialsunsets.com\/fr\/la-fundacion-mujer-et-la-population-migrante-du-costa-rica\/"},"wordCount":712,"publisher":{"@id":"https:\/\/www.sensorialsunsets.com\/fr\/#organization"},"image":{"@id":"https:\/\/www.sensorialsunsets.com\/fr\/la-fundacion-mujer-et-la-population-migrante-du-costa-rica\/#primaryimage"},"thumbnailUrl":"https:\/\/www.sensorialsunsets.com\/wp-content\/uploads\/2022\/06\/julie-ricard-rTXKkhHgoVM-unsplash-scaled.jpg","articleSection":["Costa Rica","Soci\u00e9t\u00e9"],"inLanguage":"fr-FR"},{"@type":"WebPage","@id":"https:\/\/www.sensorialsunsets.com\/fr\/la-fundacion-mujer-et-la-population-migrante-du-costa-rica\/","url":"https:\/\/www.sensorialsunsets.com\/fr\/la-fundacion-mujer-et-la-population-migrante-du-costa-rica\/","name":"La Fundaci\u00f3n Mujer et la population migrante du Costa Rica - SensorialSunsets","isPartOf":{"@id":"https:\/\/www.sensorialsunsets.com\/fr\/#website"},"primaryImageOfPage":{"@id":"https:\/\/www.sensorialsunsets.com\/fr\/la-fundacion-mujer-et-la-population-migrante-du-costa-rica\/#primaryimage"},"image":{"@id":"https:\/\/www.sensorialsunsets.com\/fr\/la-fundacion-mujer-et-la-population-migrante-du-costa-rica\/#primaryimage"},"thumbnailUrl":"https:\/\/www.sensorialsunsets.com\/wp-content\/uploads\/2022\/06\/julie-ricard-rTXKkhHgoVM-unsplash-scaled.jpg","datePublished":"2022-06-29T20:09:49+00:00","description":"Fundaci\u00f3n Mujer, une organisation costaricaine \u00e0 but non lucratif qui se consacre \u00e0 l'autonomisation de la population migrante.","inLanguage":"fr-FR","potentialAction":[{"@type":"ReadAction","target":["https:\/\/www.sensorialsunsets.com\/fr\/la-fundacion-mujer-et-la-population-migrante-du-costa-rica\/"]}]},{"@type":"ImageObject","inLanguage":"fr-FR","@id":"https:\/\/www.sensorialsunsets.com\/fr\/la-fundacion-mujer-et-la-population-migrante-du-costa-rica\/#primaryimage","url":"https:\/\/www.sensorialsunsets.com\/wp-content\/uploads\/2022\/06\/julie-ricard-rTXKkhHgoVM-unsplash-scaled.jpg","contentUrl":"https:\/\/www.sensorialsunsets.com\/wp-content\/uploads\/2022\/06\/julie-ricard-rTXKkhHgoVM-unsplash-scaled.jpg","width":2560,"height":1707},{"@type":"WebSite","@id":"https:\/\/www.sensorialsunsets.com\/fr\/#website","url":"https:\/\/www.sensorialsunsets.com\/fr\/","name":"SensorialSunsets.com","description":"D\u00e9couvrez la culture et la soci\u00e9t\u00e9 du Costa Rica sur notre blog. Explorez des articles captivants et partagez le contenu.","publisher":{"@id":"https:\/\/www.sensorialsunsets.com\/fr\/#organization"},"alternateName":"Costa Rica Live Blog","potentialAction":[{"@type":"SearchAction","target":{"@type":"EntryPoint","urlTemplate":"https:\/\/www.sensorialsunsets.com\/fr\/?s={search_term_string}"},"query-input":{"@type":"PropertyValueSpecification","valueRequired":true,"valueName":"search_term_string"}}],"inLanguage":"fr-FR"},{"@type":"Organization","@id":"https:\/\/www.sensorialsunsets.com\/fr\/#organization","name":"SensorialSunsets","url":"https:\/\/www.sensorialsunsets.com\/fr\/","logo":{"@type":"ImageObject","inLanguage":"fr-FR","@id":"https:\/\/www.sensorialsunsets.com\/fr\/#\/schema\/logo\/image\/","url":"https:\/\/www.sensorialsunsets.com\/wp-content\/uploads\/2023\/04\/Logo_base_line_fond_clair.svg","contentUrl":"https:\/\/www.sensorialsunsets.com\/wp-content\/uploads\/2023\/04\/Logo_base_line_fond_clair.svg","width":"1024","height":"1024","caption":"SensorialSunsets"},"image":{"@id":"https:\/\/www.sensorialsunsets.com\/fr\/#\/schema\/logo\/image\/"},"sameAs":["https:\/\/www.facebook.com\/Sensorial-Sunsets-109180614715562","https:\/\/www.instagram.com\/sensorialsunsets\/"]},{"@type":"Person","@id":"https:\/\/www.sensorialsunsets.com\/fr\/#\/schema\/person\/a8336a4dbeee633f087a194db2ca482f","name":"Marian Barrantes","image":{"@type":"ImageObject","inLanguage":"fr-FR","@id":"https:\/\/secure.gravatar.com\/avatar\/fafbfab67eb28029818d03f44e3037bd798e04434d8d5c0cfc2eea8ec2882a22?s=96&d=mm&r=g","url":"https:\/\/secure.gravatar.com\/avatar\/fafbfab67eb28029818d03f44e3037bd798e04434d8d5c0cfc2eea8ec2882a22?s=96&d=mm&r=g","contentUrl":"https:\/\/secure.gravatar.com\/avatar\/fafbfab67eb28029818d03f44e3037bd798e04434d8d5c0cfc2eea8ec2882a22?s=96&d=mm&r=g","caption":"Marian Barrantes"},"sameAs":["https:\/\/www.sensorialsunsets.com"],"url":"https:\/\/www.sensorialsunsets.com\/fr\/author\/mbarrantes\/"}]}},"_links":{"self":[{"href":"https:\/\/www.sensorialsunsets.com\/fr\/wp-json\/wp\/v2\/posts\/2439","targetHints":{"allow":["GET"]}}],"collection":[{"href":"https:\/\/www.sensorialsunsets.com\/fr\/wp-json\/wp\/v2\/posts"}],"about":[{"href":"https:\/\/www.sensorialsunsets.com\/fr\/wp-json\/wp\/v2\/types\/post"}],"author":[{"embeddable":true,"href":"https:\/\/www.sensorialsunsets.com\/fr\/wp-json\/wp\/v2\/users\/5"}],"replies":[{"embeddable":true,"href":"https:\/\/www.sensorialsunsets.com\/fr\/wp-json\/wp\/v2\/comments?post=2439"}],"version-history":[{"count":0,"href":"https:\/\/www.sensorialsunsets.com\/fr\/wp-json\/wp\/v2\/posts\/2439\/revisions"}],"wp:featuredmedia":[{"embeddable":true,"href":"https:\/\/www.sensorialsunsets.com\/fr\/wp-json\/wp\/v2\/media\/2432"}],"wp:attachment":[{"href":"https:\/\/www.sensorialsunsets.com\/fr\/wp-json\/wp\/v2\/media?parent=2439"}],"wp:term":[{"taxonomy":"category","embeddable":true,"href":"https:\/\/www.sensorialsunsets.com\/fr\/wp-json\/wp\/v2\/categories?post=2439"},{"taxonomy":"post_tag","embeddable":true,"href":"https:\/\/www.sensorialsunsets.com\/fr\/wp-json\/wp\/v2\/tags?post=2439"}],"curies":[{"name":"wp","href":"https:\/\/api.w.org\/{rel}","templated":true}]}}