{"id":24683,"date":"2026-03-13T00:00:28","date_gmt":"2026-03-13T06:00:28","guid":{"rendered":"https:\/\/www.sensorialsunsets.com\/las-pumas-un-espoir-pour-la-faune-sauvage-du-costa-rica\/"},"modified":"2026-03-13T00:00:29","modified_gmt":"2026-03-13T06:00:29","slug":"las-pumas-un-espoir-pour-la-faune-sauvage-du-costa-rica","status":"publish","type":"post","link":"https:\/\/www.sensorialsunsets.com\/fr\/las-pumas-un-espoir-pour-la-faune-sauvage-du-costa-rica\/","title":{"rendered":"Las Pumas : un espoir pour la faune sauvage du Costa Rica"},"content":{"rendered":"\n<p class=\"has-small-font-size\"><strong>Centre de <a href=\"https:\/\/www.laspumascr.org\/es\">sauvetage de la faune sauvage Las Pumas<\/a><\/strong><\/p>\n\n<p>En th\u00e9orie, la r\u00e9habilitation de la faune sauvage semble \u00eatre un processus simple : un animal sauvage a besoin d\u2019aide, on lui prodigue des soins m\u00e9dicaux, il se r\u00e9tablit et est finalement rel\u00e2ch\u00e9 dans son habitat naturel. Dans l\u2019imaginaire de beaucoup, avant de dispara\u00eetre dans la for\u00eat, l\u2019animal semble m\u00eame se retourner comme pour remercier ceux qui l\u2019ont aid\u00e9. Cependant, la r\u00e9alit\u00e9 est bien plus complexe. Derri\u00e8re chaque remise en libert\u00e9 r\u00e9ussie se cache un travail consid\u00e9rable qui combine connaissances scientifiques, soins v\u00e9t\u00e9rinaires sp\u00e9cialis\u00e9s, biologie de la conservation, d\u00e9vouement constant et ressources financi\u00e8res importantes.<\/p>\n\n<h3 class=\"wp-block-heading\">Le centre de sauvetage Las Pumas et son travail en faveur de la faune du Costa Rica<\/h3>\n\n<p>Au Costa Rica, l&rsquo;un des endroits o\u00f9 ce travail est r\u00e9alis\u00e9 avec beaucoup de professionnalisme est le <a href=\"https:\/\/www.laspumascr.org\/es\">Centre de sauvetage de la faune sauvage Las Pumas<\/a>, situ\u00e9 \u00e0 la p\u00e9riph\u00e9rie de Ca\u00f1as, dans la province de Guanacaste. Ce centre est devenu une institution cl\u00e9 pour la protection de la <a href=\"https:\/\/www.sensorialsunsets.com\/fr\/felins-du-costa-rica\/\">faune sauvage du pays<\/a>.<\/p>\n\n<p>Chaque ann\u00e9e, Las Pumas accueille entre 350 et 400 animaux appartenant \u00e0 plus de 80 esp\u00e8ces diff\u00e9rentes. Beaucoup de ces animaux arrivent au centre gr\u00e2ce aux autorit\u00e9s gouvernementales ou \u00e0 des citoyens qui trouvent des animaux bless\u00e9s, orphelins ou en danger. L\u2019objectif principal de l\u2019\u00e9quipe est toujours le m\u00eame : r\u00e9habiliter les animaux et les rel\u00e2cher dans leur environnement naturel lorsque cela est possible.<\/p>\n\n<div style=\"height:100px\" aria-hidden=\"true\" class=\"wp-block-spacer\"><\/div>\n\n<figure class=\"wp-block-gallery has-nested-images columns-default is-cropped wp-block-gallery-1 is-layout-flex wp-block-gallery-is-layout-flex\">\n<figure class=\"wp-block-image size-large\"><img loading=\"lazy\" decoding=\"async\" width=\"909\" height=\"700\" data-id=\"24660\" src=\"https:\/\/www.sensorialsunsets.com\/wp-content\/uploads\/2026\/03\/Las-Pumas-esperanza-para-la-vida-silvestre-de-Costa-Rica2.jpg\" alt=\"Centre de sauvetage de la faune sauvage Las Pumas\" class=\"wp-image-24660\" srcset=\"https:\/\/www.sensorialsunsets.com\/wp-content\/uploads\/2026\/03\/Las-Pumas-esperanza-para-la-vida-silvestre-de-Costa-Rica2.jpg 909w, https:\/\/www.sensorialsunsets.com\/wp-content\/uploads\/2026\/03\/Las-Pumas-esperanza-para-la-vida-silvestre-de-Costa-Rica2-300x231.jpg 300w, https:\/\/www.sensorialsunsets.com\/wp-content\/uploads\/2026\/03\/Las-Pumas-esperanza-para-la-vida-silvestre-de-Costa-Rica2-768x591.jpg 768w\" sizes=\"auto, (max-width: 909px) 100vw, 909px\" \/><\/figure>\n\n\n\n<figure class=\"wp-block-image size-full\"><img loading=\"lazy\" decoding=\"async\" width=\"909\" height=\"700\" data-id=\"24658\" src=\"https:\/\/www.sensorialsunsets.com\/wp-content\/uploads\/2026\/03\/Las-Pumas-esperanza-para-la-vida-silvestre-de-Costa-Rica1.jpg\" alt=\"Centre de sauvetage de la faune sauvage Las Pumas\" class=\"wp-image-24658\" srcset=\"https:\/\/www.sensorialsunsets.com\/wp-content\/uploads\/2026\/03\/Las-Pumas-esperanza-para-la-vida-silvestre-de-Costa-Rica1.jpg 909w, https:\/\/www.sensorialsunsets.com\/wp-content\/uploads\/2026\/03\/Las-Pumas-esperanza-para-la-vida-silvestre-de-Costa-Rica1-300x231.jpg 300w, https:\/\/www.sensorialsunsets.com\/wp-content\/uploads\/2026\/03\/Las-Pumas-esperanza-para-la-vida-silvestre-de-Costa-Rica1-768x591.jpg 768w\" sizes=\"auto, (max-width: 909px) 100vw, 909px\" \/><\/figure>\n\n\n\n<figure class=\"wp-block-image size-large\"><img loading=\"lazy\" decoding=\"async\" width=\"908\" height=\"700\" data-id=\"24659\" src=\"https:\/\/www.sensorialsunsets.com\/wp-content\/uploads\/2026\/03\/Las-Pumas-esperanza-para-la-vida-silvestre-de-Costa-Rica.jpg\" alt=\"Centre de sauvetage de la faune sauvage Las Pumas\" class=\"wp-image-24659\" srcset=\"https:\/\/www.sensorialsunsets.com\/wp-content\/uploads\/2026\/03\/Las-Pumas-esperanza-para-la-vida-silvestre-de-Costa-Rica.jpg 908w, https:\/\/www.sensorialsunsets.com\/wp-content\/uploads\/2026\/03\/Las-Pumas-esperanza-para-la-vida-silvestre-de-Costa-Rica-300x231.jpg 300w, https:\/\/www.sensorialsunsets.com\/wp-content\/uploads\/2026\/03\/Las-Pumas-esperanza-para-la-vida-silvestre-de-Costa-Rica-768x592.jpg 768w\" sizes=\"auto, (max-width: 908px) 100vw, 908px\" \/><\/figure>\n<\/figure>\n\n<div style=\"height:100px\" aria-hidden=\"true\" class=\"wp-block-spacer\"><\/div>\n\n<p>Pour y parvenir, le centre dispose d\u2019un programme de r\u00e9habilitation sp\u00e9cialis\u00e9 qui n\u2019est pas ouvert au public. Les animaux y re\u00e7oivent des soins v\u00e9t\u00e9rinaires, des soins sp\u00e9cialis\u00e9s et, dans certains cas, le temps n\u00e9cessaire pour grandir et se d\u00e9velopper avant d\u2019\u00eatre rel\u00e2ch\u00e9s. Par exemple, certains arrivent alors qu\u2019ils sont encore tr\u00e8s jeunes et ont besoin de grandir dans un environnement s\u00fbr avant de pouvoir survivre par eux-m\u00eames dans la nature.<\/p>\n\n<h3 class=\"wp-block-heading\">Sauvetage et r\u00e9habilitation : la mission du Centre Las Pumas<\/h3>\n\n<blockquote class=\"wp-block-quote is-layout-flow wp-block-quote-is-layout-flow\">\n<p>Un aspect fondamental du processus de r\u00e9habilitation consiste \u00e0 limiter au maximum les contacts humains. Cela est essentiel pour \u00e9viter que les animaux ne s\u2019habituent \u00e0 la pr\u00e9sence humaine, ce qui pourrait les mettre en danger s\u2019ils sont rel\u00e2ch\u00e9s dans la nature.<\/p>\n<\/blockquote>\n\n<p>Tous les cas ne se terminent pas par une remise en libert\u00e9. Certains animaux pr\u00e9sentent des blessures permanentes ou ont d\u00e9velopp\u00e9 une d\u00e9pendance trop forte envers les humains, ce qui rend leur retour dans leur milieu naturel impossible. Bien que cette situation puisse \u00eatre regrettable, le centre leur offre une seconde chance : ils vivent dans de vastes enclos con\u00e7us pour leur bien-\u00eatre, o\u00f9 ils peuvent \u00e9galement \u00eatre observ\u00e9s par les visiteurs. Ces espaces ouverts au public remplissent aussi une fonction \u00e9ducative, permettant aux visiteurs et aux familles d\u2019en apprendre davantage sur la faune costaricienne et sur l\u2019importance de la prot\u00e9ger.<\/p>\n\n<h3 class=\"wp-block-heading\">Entre sauvetages et remises en libert\u00e9<\/h3>\n\n<p>Le maintien d\u2019un centre de sauvetage de ce niveau implique un effort financier consid\u00e9rable. Le fonctionnement annuel de Las Pumas d\u00e9passe les 300 000 dollars, mais le gouvernement ne contribue qu\u2019\u00e0 hauteur d\u2019environ 2 % de ce budget. La majeure partie du financement provient de dons de particuliers, d\u2019entreprises ainsi que des droits d\u2019entr\u00e9e pay\u00e9s par les visiteurs du sanctuaire.<\/p>\n\n<p>C\u2019est pourquoi l\u2019un des meilleurs moyens de soutenir le travail du centre de sauvetage de la faune sauvage Las Pumas est de visiter ses installations ou de faire un don. Chaque contribution aide \u00e0 poursuivre la mission de sauvetage, de r\u00e9habilitation et de protection de l\u2019extraordinaire biodiversit\u00e9 du Costa Rica.<\/p>\n\n<div style=\"height:100px\" aria-hidden=\"true\" class=\"wp-block-spacer\"><\/div>\n\n<div style=\"position:relative;padding-bottom:56.25%;height:0;overflow:hidden;max-width:100%;\">\r\n  <iframe src=\"https:\/\/www.facebook.com\/plugins\/video.php?height=316&#038;href=https%3A%2F%2Fwww.facebook.com%2Freel%2F1775661829781461%2F&#038;show_text=false&#038;width=560&#038;t=0\" style=\"position:absolute;top:0;left:0;width:100%;height:100%;border:none;overflow:hidden\" scrolling=\"no\" frameborder=\"0\" allowfullscreen=\"true\" allow=\"autoplay; clipboard-write; encrypted-media; picture-in-picture; web-share\">\r\n  <\/iframe>\r\n<\/div>\r\n\n<div style=\"height:100px\" aria-hidden=\"true\" class=\"wp-block-spacer\"><\/div>\n\n<p>Au-del\u00e0 d\u2019un simple lieu d\u2019observation des animaux, Las Pumas repr\u00e9sente un effort constant pour offrir une seconde chance \u00e0 la faune sauvage et renforcer la conservation dans l\u2019un des pays les plus riches en biodiversit\u00e9.<\/p>\n\n<p><strong>Sensorial Sunsets<\/strong><\/p>\n","protected":false},"excerpt":{"rendered":"<p>Centre de sauvetage de la faune sauvage Las Pumas En th\u00e9orie, la r\u00e9habilitation de la faune sauvage semble \u00eatre un processus simple : un animal sauvage a besoin d\u2019aide, on lui prodigue des soins m\u00e9dicaux, il se r\u00e9tablit et est finalement rel\u00e2ch\u00e9 dans son habitat naturel. Dans l\u2019imaginaire de beaucoup, avant de dispara\u00eetre dans la [&hellip;]<\/p>\n","protected":false},"author":4,"featured_media":24682,"comment_status":"closed","ping_status":"closed","sticky":false,"template":"","format":"standard","meta":{"_acf_changed":false,"inline_featured_image":false,"_monsterinsights_skip_tracking":false,"_monsterinsights_sitenote_active":false,"_monsterinsights_sitenote_note":"","_monsterinsights_sitenote_category":0,"footnotes":""},"categories":[1],"tags":[],"class_list":["post-24683","post","type-post","status-publish","format-standard","has-post-thumbnail","hentry","category-non-classifiee"],"acf":[],"yoast_head":"<!-- This site is optimized with the Yoast SEO plugin v27.4 - https:\/\/yoast.com\/product\/yoast-seo-wordpress\/ -->\n<title>Las Pumas : un espoir pour la faune sauvage du Costa Rica - SensorialSunsets<\/title>\n<meta name=\"description\" content=\"Las Pumas est un centre de sauvetage de la faune sauvage situ\u00e9 au Guanacaste, d\u00e9di\u00e9 au sauvetage et \u00e0 la r\u00e9habilitation des animaux avant leur r\u00e9introduction dans la nature.\" \/>\n<meta name=\"robots\" content=\"index, follow, max-snippet:-1, max-image-preview:large, max-video-preview:-1\" \/>\n<link rel=\"canonical\" href=\"https:\/\/www.sensorialsunsets.com\/fr\/las-pumas-un-espoir-pour-la-faune-sauvage-du-costa-rica\/\" \/>\n<meta property=\"og:locale\" content=\"fr_FR\" \/>\n<meta property=\"og:type\" content=\"article\" \/>\n<meta property=\"og:title\" content=\"Las Pumas : un espoir pour la faune sauvage du Costa Rica - SensorialSunsets\" \/>\n<meta property=\"og:description\" content=\"Las Pumas est un centre de sauvetage de la faune sauvage situ\u00e9 au Guanacaste, d\u00e9di\u00e9 au sauvetage et \u00e0 la r\u00e9habilitation des animaux avant leur r\u00e9introduction dans la nature.\" \/>\n<meta property=\"og:url\" content=\"https:\/\/www.sensorialsunsets.com\/fr\/las-pumas-un-espoir-pour-la-faune-sauvage-du-costa-rica\/\" \/>\n<meta property=\"og:site_name\" content=\"SensorialSunsets\" \/>\n<meta property=\"article:publisher\" content=\"https:\/\/www.facebook.com\/Sensorial-Sunsets-109180614715562\" \/>\n<meta property=\"article:published_time\" content=\"2026-03-13T06:00:28+00:00\" \/>\n<meta property=\"article:modified_time\" content=\"2026-03-13T06:00:29+00:00\" \/>\n<meta property=\"og:image\" content=\"https:\/\/www.sensorialsunsets.com\/wp-content\/uploads\/2023\/07\/Sensorial.png\" \/>\n\t<meta property=\"og:image:width\" content=\"1200\" \/>\n\t<meta property=\"og:image:height\" content=\"675\" \/>\n\t<meta property=\"og:image:type\" content=\"image\/png\" \/>\n<meta name=\"author\" content=\"Sensorial Sunsets\" \/>\n<meta name=\"twitter:card\" content=\"summary_large_image\" \/>\n<meta name=\"twitter:label1\" content=\"\u00c9crit par\" \/>\n\t<meta name=\"twitter:data1\" content=\"Sensorial Sunsets\" \/>\n\t<meta name=\"twitter:label2\" content=\"Dur\u00e9e de lecture estim\u00e9e\" \/>\n\t<meta name=\"twitter:data2\" content=\"3 minutes\" \/>\n<script type=\"application\/ld+json\" class=\"yoast-schema-graph\">{\"@context\":\"https:\\\/\\\/schema.org\",\"@graph\":[{\"@type\":\"Article\",\"@id\":\"https:\\\/\\\/www.sensorialsunsets.com\\\/fr\\\/las-pumas-un-espoir-pour-la-faune-sauvage-du-costa-rica\\\/#article\",\"isPartOf\":{\"@id\":\"https:\\\/\\\/www.sensorialsunsets.com\\\/fr\\\/las-pumas-un-espoir-pour-la-faune-sauvage-du-costa-rica\\\/\"},\"author\":{\"name\":\"Sensorial Sunsets\",\"@id\":\"https:\\\/\\\/www.sensorialsunsets.com\\\/fr\\\/#\\\/schema\\\/person\\\/77e2fa594135aa94024c47e281d8a94d\"},\"headline\":\"Las Pumas : un espoir pour la faune sauvage du Costa Rica\",\"datePublished\":\"2026-03-13T06:00:28+00:00\",\"dateModified\":\"2026-03-13T06:00:29+00:00\",\"mainEntityOfPage\":{\"@id\":\"https:\\\/\\\/www.sensorialsunsets.com\\\/fr\\\/las-pumas-un-espoir-pour-la-faune-sauvage-du-costa-rica\\\/\"},\"wordCount\":694,\"publisher\":{\"@id\":\"https:\\\/\\\/www.sensorialsunsets.com\\\/fr\\\/#organization\"},\"image\":{\"@id\":\"https:\\\/\\\/www.sensorialsunsets.com\\\/fr\\\/las-pumas-un-espoir-pour-la-faune-sauvage-du-costa-rica\\\/#primaryimage\"},\"thumbnailUrl\":\"https:\\\/\\\/www.sensorialsunsets.com\\\/wp-content\\\/uploads\\\/2026\\\/03\\\/laspumascr.avif\",\"articleSection\":[\"Non classifi\u00e9(e)\"],\"inLanguage\":\"fr-FR\"},{\"@type\":\"WebPage\",\"@id\":\"https:\\\/\\\/www.sensorialsunsets.com\\\/fr\\\/las-pumas-un-espoir-pour-la-faune-sauvage-du-costa-rica\\\/\",\"url\":\"https:\\\/\\\/www.sensorialsunsets.com\\\/fr\\\/las-pumas-un-espoir-pour-la-faune-sauvage-du-costa-rica\\\/\",\"name\":\"Las Pumas : un espoir pour la faune sauvage du Costa Rica - SensorialSunsets\",\"isPartOf\":{\"@id\":\"https:\\\/\\\/www.sensorialsunsets.com\\\/fr\\\/#website\"},\"primaryImageOfPage\":{\"@id\":\"https:\\\/\\\/www.sensorialsunsets.com\\\/fr\\\/las-pumas-un-espoir-pour-la-faune-sauvage-du-costa-rica\\\/#primaryimage\"},\"image\":{\"@id\":\"https:\\\/\\\/www.sensorialsunsets.com\\\/fr\\\/las-pumas-un-espoir-pour-la-faune-sauvage-du-costa-rica\\\/#primaryimage\"},\"thumbnailUrl\":\"https:\\\/\\\/www.sensorialsunsets.com\\\/wp-content\\\/uploads\\\/2026\\\/03\\\/laspumascr.avif\",\"datePublished\":\"2026-03-13T06:00:28+00:00\",\"dateModified\":\"2026-03-13T06:00:29+00:00\",\"description\":\"Las Pumas est un centre de sauvetage de la faune sauvage situ\u00e9 au Guanacaste, d\u00e9di\u00e9 au sauvetage et \u00e0 la r\u00e9habilitation des animaux avant leur r\u00e9introduction dans la nature.\",\"inLanguage\":\"fr-FR\",\"potentialAction\":[{\"@type\":\"ReadAction\",\"target\":[\"https:\\\/\\\/www.sensorialsunsets.com\\\/fr\\\/las-pumas-un-espoir-pour-la-faune-sauvage-du-costa-rica\\\/\"]}]},{\"@type\":\"ImageObject\",\"inLanguage\":\"fr-FR\",\"@id\":\"https:\\\/\\\/www.sensorialsunsets.com\\\/fr\\\/las-pumas-un-espoir-pour-la-faune-sauvage-du-costa-rica\\\/#primaryimage\",\"url\":\"https:\\\/\\\/www.sensorialsunsets.com\\\/wp-content\\\/uploads\\\/2026\\\/03\\\/laspumascr.avif\",\"contentUrl\":\"https:\\\/\\\/www.sensorialsunsets.com\\\/wp-content\\\/uploads\\\/2026\\\/03\\\/laspumascr.avif\",\"width\":1776,\"height\":444},{\"@type\":\"WebSite\",\"@id\":\"https:\\\/\\\/www.sensorialsunsets.com\\\/fr\\\/#website\",\"url\":\"https:\\\/\\\/www.sensorialsunsets.com\\\/fr\\\/\",\"name\":\"SensorialSunsets.com\",\"description\":\"D\u00e9couvrez la culture et la soci\u00e9t\u00e9 du Costa Rica sur notre blog. Explorez des articles captivants et partagez le contenu.\",\"publisher\":{\"@id\":\"https:\\\/\\\/www.sensorialsunsets.com\\\/fr\\\/#organization\"},\"alternateName\":\"Costa Rica Live Blog\",\"potentialAction\":[{\"@type\":\"SearchAction\",\"target\":{\"@type\":\"EntryPoint\",\"urlTemplate\":\"https:\\\/\\\/www.sensorialsunsets.com\\\/fr\\\/?s={search_term_string}\"},\"query-input\":{\"@type\":\"PropertyValueSpecification\",\"valueRequired\":true,\"valueName\":\"search_term_string\"}}],\"inLanguage\":\"fr-FR\"},{\"@type\":\"Organization\",\"@id\":\"https:\\\/\\\/www.sensorialsunsets.com\\\/fr\\\/#organization\",\"name\":\"SensorialSunsets\",\"url\":\"https:\\\/\\\/www.sensorialsunsets.com\\\/fr\\\/\",\"logo\":{\"@type\":\"ImageObject\",\"inLanguage\":\"fr-FR\",\"@id\":\"https:\\\/\\\/www.sensorialsunsets.com\\\/fr\\\/#\\\/schema\\\/logo\\\/image\\\/\",\"url\":\"https:\\\/\\\/www.sensorialsunsets.com\\\/wp-content\\\/uploads\\\/2023\\\/04\\\/Logo_base_line_fond_clair.svg\",\"contentUrl\":\"https:\\\/\\\/www.sensorialsunsets.com\\\/wp-content\\\/uploads\\\/2023\\\/04\\\/Logo_base_line_fond_clair.svg\",\"width\":\"1024\",\"height\":\"1024\",\"caption\":\"SensorialSunsets\"},\"image\":{\"@id\":\"https:\\\/\\\/www.sensorialsunsets.com\\\/fr\\\/#\\\/schema\\\/logo\\\/image\\\/\"},\"sameAs\":[\"https:\\\/\\\/www.facebook.com\\\/Sensorial-Sunsets-109180614715562\",\"https:\\\/\\\/www.instagram.com\\\/sensorialsunsets\\\/\"]},{\"@type\":\"Person\",\"@id\":\"https:\\\/\\\/www.sensorialsunsets.com\\\/fr\\\/#\\\/schema\\\/person\\\/77e2fa594135aa94024c47e281d8a94d\",\"name\":\"Sensorial Sunsets\",\"image\":{\"@type\":\"ImageObject\",\"inLanguage\":\"fr-FR\",\"@id\":\"https:\\\/\\\/secure.gravatar.com\\\/avatar\\\/5f2d62681b1dad94c28f1500d4fc75582acdfd32b55fd1acce0a36a3c487eabe?s=96&d=mm&r=g\",\"url\":\"https:\\\/\\\/secure.gravatar.com\\\/avatar\\\/5f2d62681b1dad94c28f1500d4fc75582acdfd32b55fd1acce0a36a3c487eabe?s=96&d=mm&r=g\",\"contentUrl\":\"https:\\\/\\\/secure.gravatar.com\\\/avatar\\\/5f2d62681b1dad94c28f1500d4fc75582acdfd32b55fd1acce0a36a3c487eabe?s=96&d=mm&r=g\",\"caption\":\"Sensorial Sunsets\"},\"url\":\"https:\\\/\\\/www.sensorialsunsets.com\\\/fr\\\/author\\\/asistentes-sensorial-sunsets\\\/\"}]}<\/script>\n<!-- \/ Yoast SEO plugin. -->","yoast_head_json":{"title":"Las Pumas : un espoir pour la faune sauvage du Costa Rica - SensorialSunsets","description":"Las Pumas est un centre de sauvetage de la faune sauvage situ\u00e9 au Guanacaste, d\u00e9di\u00e9 au sauvetage et \u00e0 la r\u00e9habilitation des animaux avant leur r\u00e9introduction dans la nature.","robots":{"index":"index","follow":"follow","max-snippet":"max-snippet:-1","max-image-preview":"max-image-preview:large","max-video-preview":"max-video-preview:-1"},"canonical":"https:\/\/www.sensorialsunsets.com\/fr\/las-pumas-un-espoir-pour-la-faune-sauvage-du-costa-rica\/","og_locale":"fr_FR","og_type":"article","og_title":"Las Pumas : un espoir pour la faune sauvage du Costa Rica - SensorialSunsets","og_description":"Las Pumas est un centre de sauvetage de la faune sauvage situ\u00e9 au Guanacaste, d\u00e9di\u00e9 au sauvetage et \u00e0 la r\u00e9habilitation des animaux avant leur r\u00e9introduction dans la nature.","og_url":"https:\/\/www.sensorialsunsets.com\/fr\/las-pumas-un-espoir-pour-la-faune-sauvage-du-costa-rica\/","og_site_name":"SensorialSunsets","article_publisher":"https:\/\/www.facebook.com\/Sensorial-Sunsets-109180614715562","article_published_time":"2026-03-13T06:00:28+00:00","article_modified_time":"2026-03-13T06:00:29+00:00","og_image":[{"width":1200,"height":675,"url":"https:\/\/www.sensorialsunsets.com\/wp-content\/uploads\/2023\/07\/Sensorial.png","type":"image\/png"}],"author":"Sensorial Sunsets","twitter_card":"summary_large_image","twitter_misc":{"\u00c9crit par":"Sensorial Sunsets","Dur\u00e9e de lecture estim\u00e9e":"3 minutes"},"schema":{"@context":"https:\/\/schema.org","@graph":[{"@type":"Article","@id":"https:\/\/www.sensorialsunsets.com\/fr\/las-pumas-un-espoir-pour-la-faune-sauvage-du-costa-rica\/#article","isPartOf":{"@id":"https:\/\/www.sensorialsunsets.com\/fr\/las-pumas-un-espoir-pour-la-faune-sauvage-du-costa-rica\/"},"author":{"name":"Sensorial Sunsets","@id":"https:\/\/www.sensorialsunsets.com\/fr\/#\/schema\/person\/77e2fa594135aa94024c47e281d8a94d"},"headline":"Las Pumas : un espoir pour la faune sauvage du Costa Rica","datePublished":"2026-03-13T06:00:28+00:00","dateModified":"2026-03-13T06:00:29+00:00","mainEntityOfPage":{"@id":"https:\/\/www.sensorialsunsets.com\/fr\/las-pumas-un-espoir-pour-la-faune-sauvage-du-costa-rica\/"},"wordCount":694,"publisher":{"@id":"https:\/\/www.sensorialsunsets.com\/fr\/#organization"},"image":{"@id":"https:\/\/www.sensorialsunsets.com\/fr\/las-pumas-un-espoir-pour-la-faune-sauvage-du-costa-rica\/#primaryimage"},"thumbnailUrl":"https:\/\/www.sensorialsunsets.com\/wp-content\/uploads\/2026\/03\/laspumascr.avif","articleSection":["Non classifi\u00e9(e)"],"inLanguage":"fr-FR"},{"@type":"WebPage","@id":"https:\/\/www.sensorialsunsets.com\/fr\/las-pumas-un-espoir-pour-la-faune-sauvage-du-costa-rica\/","url":"https:\/\/www.sensorialsunsets.com\/fr\/las-pumas-un-espoir-pour-la-faune-sauvage-du-costa-rica\/","name":"Las Pumas : un espoir pour la faune sauvage du Costa Rica - SensorialSunsets","isPartOf":{"@id":"https:\/\/www.sensorialsunsets.com\/fr\/#website"},"primaryImageOfPage":{"@id":"https:\/\/www.sensorialsunsets.com\/fr\/las-pumas-un-espoir-pour-la-faune-sauvage-du-costa-rica\/#primaryimage"},"image":{"@id":"https:\/\/www.sensorialsunsets.com\/fr\/las-pumas-un-espoir-pour-la-faune-sauvage-du-costa-rica\/#primaryimage"},"thumbnailUrl":"https:\/\/www.sensorialsunsets.com\/wp-content\/uploads\/2026\/03\/laspumascr.avif","datePublished":"2026-03-13T06:00:28+00:00","dateModified":"2026-03-13T06:00:29+00:00","description":"Las Pumas est un centre de sauvetage de la faune sauvage situ\u00e9 au Guanacaste, d\u00e9di\u00e9 au sauvetage et \u00e0 la r\u00e9habilitation des animaux avant leur r\u00e9introduction dans la nature.","inLanguage":"fr-FR","potentialAction":[{"@type":"ReadAction","target":["https:\/\/www.sensorialsunsets.com\/fr\/las-pumas-un-espoir-pour-la-faune-sauvage-du-costa-rica\/"]}]},{"@type":"ImageObject","inLanguage":"fr-FR","@id":"https:\/\/www.sensorialsunsets.com\/fr\/las-pumas-un-espoir-pour-la-faune-sauvage-du-costa-rica\/#primaryimage","url":"https:\/\/www.sensorialsunsets.com\/wp-content\/uploads\/2026\/03\/laspumascr.avif","contentUrl":"https:\/\/www.sensorialsunsets.com\/wp-content\/uploads\/2026\/03\/laspumascr.avif","width":1776,"height":444},{"@type":"WebSite","@id":"https:\/\/www.sensorialsunsets.com\/fr\/#website","url":"https:\/\/www.sensorialsunsets.com\/fr\/","name":"SensorialSunsets.com","description":"D\u00e9couvrez la culture et la soci\u00e9t\u00e9 du Costa Rica sur notre blog. Explorez des articles captivants et partagez le contenu.","publisher":{"@id":"https:\/\/www.sensorialsunsets.com\/fr\/#organization"},"alternateName":"Costa Rica Live Blog","potentialAction":[{"@type":"SearchAction","target":{"@type":"EntryPoint","urlTemplate":"https:\/\/www.sensorialsunsets.com\/fr\/?s={search_term_string}"},"query-input":{"@type":"PropertyValueSpecification","valueRequired":true,"valueName":"search_term_string"}}],"inLanguage":"fr-FR"},{"@type":"Organization","@id":"https:\/\/www.sensorialsunsets.com\/fr\/#organization","name":"SensorialSunsets","url":"https:\/\/www.sensorialsunsets.com\/fr\/","logo":{"@type":"ImageObject","inLanguage":"fr-FR","@id":"https:\/\/www.sensorialsunsets.com\/fr\/#\/schema\/logo\/image\/","url":"https:\/\/www.sensorialsunsets.com\/wp-content\/uploads\/2023\/04\/Logo_base_line_fond_clair.svg","contentUrl":"https:\/\/www.sensorialsunsets.com\/wp-content\/uploads\/2023\/04\/Logo_base_line_fond_clair.svg","width":"1024","height":"1024","caption":"SensorialSunsets"},"image":{"@id":"https:\/\/www.sensorialsunsets.com\/fr\/#\/schema\/logo\/image\/"},"sameAs":["https:\/\/www.facebook.com\/Sensorial-Sunsets-109180614715562","https:\/\/www.instagram.com\/sensorialsunsets\/"]},{"@type":"Person","@id":"https:\/\/www.sensorialsunsets.com\/fr\/#\/schema\/person\/77e2fa594135aa94024c47e281d8a94d","name":"Sensorial Sunsets","image":{"@type":"ImageObject","inLanguage":"fr-FR","@id":"https:\/\/secure.gravatar.com\/avatar\/5f2d62681b1dad94c28f1500d4fc75582acdfd32b55fd1acce0a36a3c487eabe?s=96&d=mm&r=g","url":"https:\/\/secure.gravatar.com\/avatar\/5f2d62681b1dad94c28f1500d4fc75582acdfd32b55fd1acce0a36a3c487eabe?s=96&d=mm&r=g","contentUrl":"https:\/\/secure.gravatar.com\/avatar\/5f2d62681b1dad94c28f1500d4fc75582acdfd32b55fd1acce0a36a3c487eabe?s=96&d=mm&r=g","caption":"Sensorial Sunsets"},"url":"https:\/\/www.sensorialsunsets.com\/fr\/author\/asistentes-sensorial-sunsets\/"}]}},"_links":{"self":[{"href":"https:\/\/www.sensorialsunsets.com\/fr\/wp-json\/wp\/v2\/posts\/24683","targetHints":{"allow":["GET"]}}],"collection":[{"href":"https:\/\/www.sensorialsunsets.com\/fr\/wp-json\/wp\/v2\/posts"}],"about":[{"href":"https:\/\/www.sensorialsunsets.com\/fr\/wp-json\/wp\/v2\/types\/post"}],"author":[{"embeddable":true,"href":"https:\/\/www.sensorialsunsets.com\/fr\/wp-json\/wp\/v2\/users\/4"}],"replies":[{"embeddable":true,"href":"https:\/\/www.sensorialsunsets.com\/fr\/wp-json\/wp\/v2\/comments?post=24683"}],"version-history":[{"count":1,"href":"https:\/\/www.sensorialsunsets.com\/fr\/wp-json\/wp\/v2\/posts\/24683\/revisions"}],"predecessor-version":[{"id":24687,"href":"https:\/\/www.sensorialsunsets.com\/fr\/wp-json\/wp\/v2\/posts\/24683\/revisions\/24687"}],"wp:featuredmedia":[{"embeddable":true,"href":"https:\/\/www.sensorialsunsets.com\/fr\/wp-json\/wp\/v2\/media\/24682"}],"wp:attachment":[{"href":"https:\/\/www.sensorialsunsets.com\/fr\/wp-json\/wp\/v2\/media?parent=24683"}],"wp:term":[{"taxonomy":"category","embeddable":true,"href":"https:\/\/www.sensorialsunsets.com\/fr\/wp-json\/wp\/v2\/categories?post=24683"},{"taxonomy":"post_tag","embeddable":true,"href":"https:\/\/www.sensorialsunsets.com\/fr\/wp-json\/wp\/v2\/tags?post=24683"}],"curies":[{"name":"wp","href":"https:\/\/api.w.org\/{rel}","templated":true}]}}