{"id":25002,"date":"2026-04-24T15:54:47","date_gmt":"2026-04-24T21:54:47","guid":{"rendered":"https:\/\/www.sensorialsunsets.com\/cinema-et-le-travailleur-au-programme-preambulo\/"},"modified":"2026-04-24T15:54:48","modified_gmt":"2026-04-24T21:54:48","slug":"cinema-et-le-travailleur-au-programme-preambulo","status":"publish","type":"post","link":"https:\/\/www.sensorialsunsets.com\/fr\/cinema-et-le-travailleur-au-programme-preambulo\/","title":{"rendered":"\u00ab Cin\u00e9ma et\u2026 Le travailleur \u00bb au programme Pre\u00e1mbulo"},"content":{"rendered":"\n<p>\u00c0 l\u2019occasion de la Journ\u00e9e internationale des travailleurs, le programme \u00ab Pre\u00e1mbulo \u00bb du Centro de Cine, relevant du minist\u00e8re de la Culture et de la Jeunesse, pr\u00e9sente le cycle sp\u00e9cial \u00ab Cin\u00e9ma et\u2026 le travailleur \u00bb, une s\u00e9lection de films qui invite \u00e0 r\u00e9fl\u00e9chir aux complexit\u00e9s du travail dans la soci\u00e9t\u00e9 contemporaine.<\/p>\n\n<p>Le cycle se d\u00e9roulera au <a href=\"https:\/\/www.sensorialsunsets.com\/fr\/serie-de-films-le-septieme-art-gratuit-au-coeur-de-san-jose\/\">Centro de Cine<\/a> (CCPC), \u00e0 San Jos\u00e9, avec entr\u00e9e libre, du jeudi 30 avril au samedi 2 mai 2026. \u00c0 travers une s\u00e9lection de films internationaux, le cycle explore les tensions, les luttes et les contradictions qui traversent le monde du travail : de la pr\u00e9carit\u00e9 \u00e0 la perte de sens, en passant par des d\u00e9cisions extr\u00eames qui mettent en jeu la dignit\u00e9 humaine.<\/p>\n\n<h3 class=\"wp-block-heading\">Des histoires qui mettent en lumi\u00e8re la r\u00e9alit\u00e9 du monde du travail<\/h3>\n\n<p>La programmation r\u00e9unit des r\u00e9cits profond\u00e9ment humains, mettant en sc\u00e8ne des personnages confront\u00e9s \u00e0 des syst\u00e8mes de travail exigeants, injustes ou d\u00e9shumanisants. Chaque film offre un regard singulier sur ce qui advient lorsque le travail cesse d\u2019\u00eatre synonyme de stabilit\u00e9.<\/p>\n\n<h5 class=\"wp-block-heading\"><em>No Other Choice<\/em> (2025, Park Chan-wook)<\/h5>\n\n<p><strong>Jeudi 30 avril | 19 h<\/strong><br\/>Un homme est licenci\u00e9 apr\u00e8s 25 ans de service dans une entreprise papeti\u00e8re. D\u00e9sesp\u00e9r\u00e9 \u00e0 l\u2019id\u00e9e de retrouver un emploi, il prend une d\u00e9cision radicale qui le pousse \u00e0 franchir des limites inqui\u00e9tantes dans sa lutte pour survivre.<\/p>\n\n<figure class=\"wp-block-embed is-type-video is-provider-youtube wp-block-embed-youtube wp-embed-aspect-16-9 wp-has-aspect-ratio\"><div class=\"wp-block-embed__wrapper\">\r\n<iframe loading=\"lazy\" title=\"No Other Choice - Official Trailer\" width=\"900\" height=\"506\" src=\"https:\/\/www.youtube.com\/embed\/OHvdJZgGkBA?feature=oembed\" frameborder=\"0\" allow=\"accelerometer; autoplay; clipboard-write; encrypted-media; gyroscope; picture-in-picture; web-share\" referrerpolicy=\"strict-origin-when-cross-origin\" allowfullscreen><\/iframe>\r\n<\/div><\/figure><br>\n\n<div style=\"height:100px\" aria-hidden=\"true\" class=\"wp-block-spacer\"><\/div>\n\n<h5 class=\"wp-block-heading\"><em>The Working Class Goes to Hell<\/em> (2023, Mladen Djordjevic)<\/h5>\n\n<p><strong>Vendredi 1er mai | 19 h<\/strong><br\/>Suite \u00e0 la fermeture d&rsquo;une usine, un groupe d&rsquo;ouvriers se tourne vers le surnaturel pour retrouver sa dignit\u00e9 et donner un sens \u00e0 sa vie, dans un r\u00e9cit m\u00ealant critique sociale et \u00e9l\u00e9ments sombres.<\/p>\n\n<figure class=\"wp-block-embed is-type-video is-provider-youtube wp-block-embed-youtube wp-embed-aspect-16-9 wp-has-aspect-ratio\"><div class=\"wp-block-embed__wrapper\">\r\n<iframe loading=\"lazy\" title=\"WORKING CLASS GOES TO HELL Trailer | TIFF 2023\" width=\"900\" height=\"506\" src=\"https:\/\/www.youtube.com\/embed\/pJ2lxAzf7OQ?feature=oembed\" frameborder=\"0\" allow=\"accelerometer; autoplay; clipboard-write; encrypted-media; gyroscope; picture-in-picture; web-share\" referrerpolicy=\"strict-origin-when-cross-origin\" allowfullscreen><\/iframe>\r\n<\/div><\/figure><br>\n\n<div style=\"height:100px\" aria-hidden=\"true\" class=\"wp-block-spacer\"><\/div>\n\n<h3 class=\"wp-block-heading\">Samedi 2 mai : d\u00e9cisions et relations<\/h3>\n\n<h5 class=\"wp-block-heading\"><em>Brillantes<\/em> (2023, Sylvie Gautier)<\/h5>\n\n<p><strong>16 h<\/strong><br\/>Karine, m\u00e8re au foyer, se retrouve \u00e0 la crois\u00e9e des chemins lorsque son emploi est menac\u00e9. Entre \u00e9thique et n\u00e9cessit\u00e9, elle devra d\u00e9cider jusqu&rsquo;o\u00f9 elle est pr\u00eate \u00e0 aller pour prot\u00e9ger sa famille.<\/p>\n\n<figure class=\"wp-block-embed is-type-video is-provider-youtube wp-block-embed-youtube wp-embed-aspect-16-9 wp-has-aspect-ratio\"><div class=\"wp-block-embed__wrapper\">\r\n<iframe loading=\"lazy\" title=\"Bright Women \/ Brillantes (2023) - Trailer (English Subs)\" width=\"900\" height=\"506\" src=\"https:\/\/www.youtube.com\/embed\/2OwqL58J1pw?feature=oembed\" frameborder=\"0\" allow=\"accelerometer; autoplay; clipboard-write; encrypted-media; gyroscope; picture-in-picture; web-share\" referrerpolicy=\"strict-origin-when-cross-origin\" allowfullscreen><\/iframe>\r\n<\/div><\/figure><br>\n\n<div style=\"height:100px\" aria-hidden=\"true\" class=\"wp-block-spacer\"><\/div>\n\n<h5 class=\"wp-block-heading\"><em>All We Imagine as Light<\/em> (2024, Payal Kapadia)<\/h5>\n\n<p><strong>19 h<\/strong><br\/>\u00c0 Bombay, la vie de deux femmes s\u2019entrelace entre routines, d\u00e9sirs et silences. Un voyage hors de la ville ouvre un espace o\u00f9 l\u2019intime se transforme, r\u00e9v\u00e9lant de nouvelles possibilit\u00e9s.<\/p>\n\n<figure class=\"wp-block-embed is-type-video is-provider-youtube wp-block-embed-youtube wp-embed-aspect-16-9 wp-has-aspect-ratio\"><div class=\"wp-block-embed__wrapper\">\r\n<iframe loading=\"lazy\" title=\"ALL WE IMAGINE AS LIGHT by Payal Kapadia - Official trailer\" width=\"900\" height=\"506\" src=\"https:\/\/www.youtube.com\/embed\/WTHmvfqvOXE?feature=oembed\" frameborder=\"0\" allow=\"accelerometer; autoplay; clipboard-write; encrypted-media; gyroscope; picture-in-picture; web-share\" referrerpolicy=\"strict-origin-when-cross-origin\" allowfullscreen><\/iframe>\r\n<\/div><\/figure><br>\n\n<div style=\"height:100px\" aria-hidden=\"true\" class=\"wp-block-spacer\"><\/div>\n\n<p><strong>Sensorial Sunsets<\/strong><\/p>\n","protected":false},"excerpt":{"rendered":"<p>\u00c0 l\u2019occasion de la Journ\u00e9e internationale des travailleurs, le programme \u00ab Pre\u00e1mbulo \u00bb du Centro de Cine, relevant du minist\u00e8re de la Culture et de la Jeunesse, pr\u00e9sente le cycle sp\u00e9cial \u00ab Cin\u00e9ma et\u2026 le travailleur \u00bb, une s\u00e9lection de films qui invite \u00e0 r\u00e9fl\u00e9chir aux complexit\u00e9s du travail dans la soci\u00e9t\u00e9 contemporaine. Le cycle [&hellip;]<\/p>\n","protected":false},"author":4,"featured_media":25001,"comment_status":"closed","ping_status":"closed","sticky":false,"template":"","format":"standard","meta":{"_acf_changed":false,"inline_featured_image":false,"_monsterinsights_skip_tracking":false,"_monsterinsights_sitenote_active":false,"_monsterinsights_sitenote_note":"","_monsterinsights_sitenote_category":0,"footnotes":""},"categories":[1],"tags":[],"class_list":["post-25002","post","type-post","status-publish","format-standard","has-post-thumbnail","hentry","category-non-classifiee"],"acf":[],"yoast_head":"<!-- This site is optimized with the Yoast SEO plugin v27.4 - https:\/\/yoast.com\/product\/yoast-seo-wordpress\/ -->\n<title>\u00ab Cin\u00e9ma et\u2026 Le travailleur \u00bb au programme Pre\u00e1mbulo - SensorialSunsets<\/title>\n<meta name=\"description\" content=\"\u00ab Cin\u00e9ma et\u2026 Le travailleur \u00bb est une s\u00e9lection propos\u00e9e par le Centre du cin\u00e9ma qui rassemble des films traitant des tensions et des contradictions du monde du travail.\" \/>\n<meta name=\"robots\" content=\"index, follow, max-snippet:-1, max-image-preview:large, max-video-preview:-1\" \/>\n<link rel=\"canonical\" href=\"https:\/\/www.sensorialsunsets.com\/fr\/cinema-et-le-travailleur-au-programme-preambulo\/\" \/>\n<meta property=\"og:locale\" content=\"fr_FR\" \/>\n<meta property=\"og:type\" content=\"article\" \/>\n<meta property=\"og:title\" content=\"\u00ab Cin\u00e9ma et\u2026 Le travailleur \u00bb au programme Pre\u00e1mbulo - SensorialSunsets\" \/>\n<meta property=\"og:description\" content=\"\u00ab Cin\u00e9ma et\u2026 Le travailleur \u00bb est une s\u00e9lection propos\u00e9e par le Centre du cin\u00e9ma qui rassemble des films traitant des tensions et des contradictions du monde du travail.\" \/>\n<meta property=\"og:url\" content=\"https:\/\/www.sensorialsunsets.com\/fr\/cinema-et-le-travailleur-au-programme-preambulo\/\" \/>\n<meta property=\"og:site_name\" content=\"SensorialSunsets\" \/>\n<meta property=\"article:publisher\" content=\"https:\/\/www.facebook.com\/Sensorial-Sunsets-109180614715562\" \/>\n<meta property=\"article:published_time\" content=\"2026-04-24T21:54:47+00:00\" \/>\n<meta property=\"article:modified_time\" content=\"2026-04-24T21:54:48+00:00\" \/>\n<meta property=\"og:image\" content=\"https:\/\/www.sensorialsunsets.com\/wp-content\/uploads\/2026\/04\/Radnicka-klasa-ide-u-pakao-3-1536x830-1.jpg\" \/>\n\t<meta property=\"og:image:width\" content=\"1536\" \/>\n\t<meta property=\"og:image:height\" content=\"830\" \/>\n\t<meta property=\"og:image:type\" content=\"image\/jpeg\" \/>\n<meta name=\"author\" content=\"Sensorial Sunsets\" \/>\n<meta name=\"twitter:card\" content=\"summary_large_image\" \/>\n<meta name=\"twitter:label1\" content=\"\u00c9crit par\" \/>\n\t<meta name=\"twitter:data1\" content=\"Sensorial Sunsets\" \/>\n\t<meta name=\"twitter:label2\" content=\"Dur\u00e9e de lecture estim\u00e9e\" \/>\n\t<meta name=\"twitter:data2\" content=\"2 minutes\" \/>\n<script type=\"application\/ld+json\" class=\"yoast-schema-graph\">{\"@context\":\"https:\\\/\\\/schema.org\",\"@graph\":[{\"@type\":\"Article\",\"@id\":\"https:\\\/\\\/www.sensorialsunsets.com\\\/fr\\\/cinema-et-le-travailleur-au-programme-preambulo\\\/#article\",\"isPartOf\":{\"@id\":\"https:\\\/\\\/www.sensorialsunsets.com\\\/fr\\\/cinema-et-le-travailleur-au-programme-preambulo\\\/\"},\"author\":{\"name\":\"Sensorial Sunsets\",\"@id\":\"https:\\\/\\\/www.sensorialsunsets.com\\\/fr\\\/#\\\/schema\\\/person\\\/77e2fa594135aa94024c47e281d8a94d\"},\"headline\":\"\u00ab Cin\u00e9ma et\u2026 Le travailleur \u00bb au programme Pre\u00e1mbulo\",\"datePublished\":\"2026-04-24T21:54:47+00:00\",\"dateModified\":\"2026-04-24T21:54:48+00:00\",\"mainEntityOfPage\":{\"@id\":\"https:\\\/\\\/www.sensorialsunsets.com\\\/fr\\\/cinema-et-le-travailleur-au-programme-preambulo\\\/\"},\"wordCount\":425,\"publisher\":{\"@id\":\"https:\\\/\\\/www.sensorialsunsets.com\\\/fr\\\/#organization\"},\"image\":{\"@id\":\"https:\\\/\\\/www.sensorialsunsets.com\\\/fr\\\/cinema-et-le-travailleur-au-programme-preambulo\\\/#primaryimage\"},\"thumbnailUrl\":\"https:\\\/\\\/www.sensorialsunsets.com\\\/wp-content\\\/uploads\\\/2026\\\/04\\\/Radnicka-klasa-ide-u-pakao-3-1536x830-1.jpg\",\"articleSection\":[\"Non classifi\u00e9(e)\"],\"inLanguage\":\"fr-FR\"},{\"@type\":\"WebPage\",\"@id\":\"https:\\\/\\\/www.sensorialsunsets.com\\\/fr\\\/cinema-et-le-travailleur-au-programme-preambulo\\\/\",\"url\":\"https:\\\/\\\/www.sensorialsunsets.com\\\/fr\\\/cinema-et-le-travailleur-au-programme-preambulo\\\/\",\"name\":\"\u00ab Cin\u00e9ma et\u2026 Le travailleur \u00bb au programme Pre\u00e1mbulo - SensorialSunsets\",\"isPartOf\":{\"@id\":\"https:\\\/\\\/www.sensorialsunsets.com\\\/fr\\\/#website\"},\"primaryImageOfPage\":{\"@id\":\"https:\\\/\\\/www.sensorialsunsets.com\\\/fr\\\/cinema-et-le-travailleur-au-programme-preambulo\\\/#primaryimage\"},\"image\":{\"@id\":\"https:\\\/\\\/www.sensorialsunsets.com\\\/fr\\\/cinema-et-le-travailleur-au-programme-preambulo\\\/#primaryimage\"},\"thumbnailUrl\":\"https:\\\/\\\/www.sensorialsunsets.com\\\/wp-content\\\/uploads\\\/2026\\\/04\\\/Radnicka-klasa-ide-u-pakao-3-1536x830-1.jpg\",\"datePublished\":\"2026-04-24T21:54:47+00:00\",\"dateModified\":\"2026-04-24T21:54:48+00:00\",\"description\":\"\u00ab Cin\u00e9ma et\u2026 Le travailleur \u00bb est une s\u00e9lection propos\u00e9e par le Centre du cin\u00e9ma qui rassemble des films traitant des tensions et des contradictions du monde du travail.\",\"inLanguage\":\"fr-FR\",\"potentialAction\":[{\"@type\":\"ReadAction\",\"target\":[\"https:\\\/\\\/www.sensorialsunsets.com\\\/fr\\\/cinema-et-le-travailleur-au-programme-preambulo\\\/\"]}]},{\"@type\":\"ImageObject\",\"inLanguage\":\"fr-FR\",\"@id\":\"https:\\\/\\\/www.sensorialsunsets.com\\\/fr\\\/cinema-et-le-travailleur-au-programme-preambulo\\\/#primaryimage\",\"url\":\"https:\\\/\\\/www.sensorialsunsets.com\\\/wp-content\\\/uploads\\\/2026\\\/04\\\/Radnicka-klasa-ide-u-pakao-3-1536x830-1.jpg\",\"contentUrl\":\"https:\\\/\\\/www.sensorialsunsets.com\\\/wp-content\\\/uploads\\\/2026\\\/04\\\/Radnicka-klasa-ide-u-pakao-3-1536x830-1.jpg\",\"width\":1536,\"height\":830},{\"@type\":\"WebSite\",\"@id\":\"https:\\\/\\\/www.sensorialsunsets.com\\\/fr\\\/#website\",\"url\":\"https:\\\/\\\/www.sensorialsunsets.com\\\/fr\\\/\",\"name\":\"SensorialSunsets.com\",\"description\":\"D\u00e9couvrez la culture et la soci\u00e9t\u00e9 du Costa Rica sur notre blog. Explorez des articles captivants et partagez le contenu.\",\"publisher\":{\"@id\":\"https:\\\/\\\/www.sensorialsunsets.com\\\/fr\\\/#organization\"},\"alternateName\":\"Costa Rica Live Blog\",\"potentialAction\":[{\"@type\":\"SearchAction\",\"target\":{\"@type\":\"EntryPoint\",\"urlTemplate\":\"https:\\\/\\\/www.sensorialsunsets.com\\\/fr\\\/?s={search_term_string}\"},\"query-input\":{\"@type\":\"PropertyValueSpecification\",\"valueRequired\":true,\"valueName\":\"search_term_string\"}}],\"inLanguage\":\"fr-FR\"},{\"@type\":\"Organization\",\"@id\":\"https:\\\/\\\/www.sensorialsunsets.com\\\/fr\\\/#organization\",\"name\":\"SensorialSunsets\",\"url\":\"https:\\\/\\\/www.sensorialsunsets.com\\\/fr\\\/\",\"logo\":{\"@type\":\"ImageObject\",\"inLanguage\":\"fr-FR\",\"@id\":\"https:\\\/\\\/www.sensorialsunsets.com\\\/fr\\\/#\\\/schema\\\/logo\\\/image\\\/\",\"url\":\"https:\\\/\\\/www.sensorialsunsets.com\\\/wp-content\\\/uploads\\\/2023\\\/04\\\/Logo_base_line_fond_clair.svg\",\"contentUrl\":\"https:\\\/\\\/www.sensorialsunsets.com\\\/wp-content\\\/uploads\\\/2023\\\/04\\\/Logo_base_line_fond_clair.svg\",\"width\":\"1024\",\"height\":\"1024\",\"caption\":\"SensorialSunsets\"},\"image\":{\"@id\":\"https:\\\/\\\/www.sensorialsunsets.com\\\/fr\\\/#\\\/schema\\\/logo\\\/image\\\/\"},\"sameAs\":[\"https:\\\/\\\/www.facebook.com\\\/Sensorial-Sunsets-109180614715562\",\"https:\\\/\\\/www.instagram.com\\\/sensorialsunsets\\\/\"]},{\"@type\":\"Person\",\"@id\":\"https:\\\/\\\/www.sensorialsunsets.com\\\/fr\\\/#\\\/schema\\\/person\\\/77e2fa594135aa94024c47e281d8a94d\",\"name\":\"Sensorial Sunsets\",\"image\":{\"@type\":\"ImageObject\",\"inLanguage\":\"fr-FR\",\"@id\":\"https:\\\/\\\/secure.gravatar.com\\\/avatar\\\/5f2d62681b1dad94c28f1500d4fc75582acdfd32b55fd1acce0a36a3c487eabe?s=96&d=mm&r=g\",\"url\":\"https:\\\/\\\/secure.gravatar.com\\\/avatar\\\/5f2d62681b1dad94c28f1500d4fc75582acdfd32b55fd1acce0a36a3c487eabe?s=96&d=mm&r=g\",\"contentUrl\":\"https:\\\/\\\/secure.gravatar.com\\\/avatar\\\/5f2d62681b1dad94c28f1500d4fc75582acdfd32b55fd1acce0a36a3c487eabe?s=96&d=mm&r=g\",\"caption\":\"Sensorial Sunsets\"},\"url\":\"https:\\\/\\\/www.sensorialsunsets.com\\\/fr\\\/author\\\/asistentes-sensorial-sunsets\\\/\"}]}<\/script>\n<!-- \/ Yoast SEO plugin. -->","yoast_head_json":{"title":"\u00ab Cin\u00e9ma et\u2026 Le travailleur \u00bb au programme Pre\u00e1mbulo - SensorialSunsets","description":"\u00ab Cin\u00e9ma et\u2026 Le travailleur \u00bb est une s\u00e9lection propos\u00e9e par le Centre du cin\u00e9ma qui rassemble des films traitant des tensions et des contradictions du monde du travail.","robots":{"index":"index","follow":"follow","max-snippet":"max-snippet:-1","max-image-preview":"max-image-preview:large","max-video-preview":"max-video-preview:-1"},"canonical":"https:\/\/www.sensorialsunsets.com\/fr\/cinema-et-le-travailleur-au-programme-preambulo\/","og_locale":"fr_FR","og_type":"article","og_title":"\u00ab Cin\u00e9ma et\u2026 Le travailleur \u00bb au programme Pre\u00e1mbulo - SensorialSunsets","og_description":"\u00ab Cin\u00e9ma et\u2026 Le travailleur \u00bb est une s\u00e9lection propos\u00e9e par le Centre du cin\u00e9ma qui rassemble des films traitant des tensions et des contradictions du monde du travail.","og_url":"https:\/\/www.sensorialsunsets.com\/fr\/cinema-et-le-travailleur-au-programme-preambulo\/","og_site_name":"SensorialSunsets","article_publisher":"https:\/\/www.facebook.com\/Sensorial-Sunsets-109180614715562","article_published_time":"2026-04-24T21:54:47+00:00","article_modified_time":"2026-04-24T21:54:48+00:00","og_image":[{"width":1536,"height":830,"url":"https:\/\/www.sensorialsunsets.com\/wp-content\/uploads\/2026\/04\/Radnicka-klasa-ide-u-pakao-3-1536x830-1.jpg","type":"image\/jpeg"}],"author":"Sensorial Sunsets","twitter_card":"summary_large_image","twitter_misc":{"\u00c9crit par":"Sensorial Sunsets","Dur\u00e9e de lecture estim\u00e9e":"2 minutes"},"schema":{"@context":"https:\/\/schema.org","@graph":[{"@type":"Article","@id":"https:\/\/www.sensorialsunsets.com\/fr\/cinema-et-le-travailleur-au-programme-preambulo\/#article","isPartOf":{"@id":"https:\/\/www.sensorialsunsets.com\/fr\/cinema-et-le-travailleur-au-programme-preambulo\/"},"author":{"name":"Sensorial Sunsets","@id":"https:\/\/www.sensorialsunsets.com\/fr\/#\/schema\/person\/77e2fa594135aa94024c47e281d8a94d"},"headline":"\u00ab Cin\u00e9ma et\u2026 Le travailleur \u00bb au programme Pre\u00e1mbulo","datePublished":"2026-04-24T21:54:47+00:00","dateModified":"2026-04-24T21:54:48+00:00","mainEntityOfPage":{"@id":"https:\/\/www.sensorialsunsets.com\/fr\/cinema-et-le-travailleur-au-programme-preambulo\/"},"wordCount":425,"publisher":{"@id":"https:\/\/www.sensorialsunsets.com\/fr\/#organization"},"image":{"@id":"https:\/\/www.sensorialsunsets.com\/fr\/cinema-et-le-travailleur-au-programme-preambulo\/#primaryimage"},"thumbnailUrl":"https:\/\/www.sensorialsunsets.com\/wp-content\/uploads\/2026\/04\/Radnicka-klasa-ide-u-pakao-3-1536x830-1.jpg","articleSection":["Non classifi\u00e9(e)"],"inLanguage":"fr-FR"},{"@type":"WebPage","@id":"https:\/\/www.sensorialsunsets.com\/fr\/cinema-et-le-travailleur-au-programme-preambulo\/","url":"https:\/\/www.sensorialsunsets.com\/fr\/cinema-et-le-travailleur-au-programme-preambulo\/","name":"\u00ab Cin\u00e9ma et\u2026 Le travailleur \u00bb au programme Pre\u00e1mbulo - SensorialSunsets","isPartOf":{"@id":"https:\/\/www.sensorialsunsets.com\/fr\/#website"},"primaryImageOfPage":{"@id":"https:\/\/www.sensorialsunsets.com\/fr\/cinema-et-le-travailleur-au-programme-preambulo\/#primaryimage"},"image":{"@id":"https:\/\/www.sensorialsunsets.com\/fr\/cinema-et-le-travailleur-au-programme-preambulo\/#primaryimage"},"thumbnailUrl":"https:\/\/www.sensorialsunsets.com\/wp-content\/uploads\/2026\/04\/Radnicka-klasa-ide-u-pakao-3-1536x830-1.jpg","datePublished":"2026-04-24T21:54:47+00:00","dateModified":"2026-04-24T21:54:48+00:00","description":"\u00ab Cin\u00e9ma et\u2026 Le travailleur \u00bb est une s\u00e9lection propos\u00e9e par le Centre du cin\u00e9ma qui rassemble des films traitant des tensions et des contradictions du monde du travail.","inLanguage":"fr-FR","potentialAction":[{"@type":"ReadAction","target":["https:\/\/www.sensorialsunsets.com\/fr\/cinema-et-le-travailleur-au-programme-preambulo\/"]}]},{"@type":"ImageObject","inLanguage":"fr-FR","@id":"https:\/\/www.sensorialsunsets.com\/fr\/cinema-et-le-travailleur-au-programme-preambulo\/#primaryimage","url":"https:\/\/www.sensorialsunsets.com\/wp-content\/uploads\/2026\/04\/Radnicka-klasa-ide-u-pakao-3-1536x830-1.jpg","contentUrl":"https:\/\/www.sensorialsunsets.com\/wp-content\/uploads\/2026\/04\/Radnicka-klasa-ide-u-pakao-3-1536x830-1.jpg","width":1536,"height":830},{"@type":"WebSite","@id":"https:\/\/www.sensorialsunsets.com\/fr\/#website","url":"https:\/\/www.sensorialsunsets.com\/fr\/","name":"SensorialSunsets.com","description":"D\u00e9couvrez la culture et la soci\u00e9t\u00e9 du Costa Rica sur notre blog. Explorez des articles captivants et partagez le contenu.","publisher":{"@id":"https:\/\/www.sensorialsunsets.com\/fr\/#organization"},"alternateName":"Costa Rica Live Blog","potentialAction":[{"@type":"SearchAction","target":{"@type":"EntryPoint","urlTemplate":"https:\/\/www.sensorialsunsets.com\/fr\/?s={search_term_string}"},"query-input":{"@type":"PropertyValueSpecification","valueRequired":true,"valueName":"search_term_string"}}],"inLanguage":"fr-FR"},{"@type":"Organization","@id":"https:\/\/www.sensorialsunsets.com\/fr\/#organization","name":"SensorialSunsets","url":"https:\/\/www.sensorialsunsets.com\/fr\/","logo":{"@type":"ImageObject","inLanguage":"fr-FR","@id":"https:\/\/www.sensorialsunsets.com\/fr\/#\/schema\/logo\/image\/","url":"https:\/\/www.sensorialsunsets.com\/wp-content\/uploads\/2023\/04\/Logo_base_line_fond_clair.svg","contentUrl":"https:\/\/www.sensorialsunsets.com\/wp-content\/uploads\/2023\/04\/Logo_base_line_fond_clair.svg","width":"1024","height":"1024","caption":"SensorialSunsets"},"image":{"@id":"https:\/\/www.sensorialsunsets.com\/fr\/#\/schema\/logo\/image\/"},"sameAs":["https:\/\/www.facebook.com\/Sensorial-Sunsets-109180614715562","https:\/\/www.instagram.com\/sensorialsunsets\/"]},{"@type":"Person","@id":"https:\/\/www.sensorialsunsets.com\/fr\/#\/schema\/person\/77e2fa594135aa94024c47e281d8a94d","name":"Sensorial Sunsets","image":{"@type":"ImageObject","inLanguage":"fr-FR","@id":"https:\/\/secure.gravatar.com\/avatar\/5f2d62681b1dad94c28f1500d4fc75582acdfd32b55fd1acce0a36a3c487eabe?s=96&d=mm&r=g","url":"https:\/\/secure.gravatar.com\/avatar\/5f2d62681b1dad94c28f1500d4fc75582acdfd32b55fd1acce0a36a3c487eabe?s=96&d=mm&r=g","contentUrl":"https:\/\/secure.gravatar.com\/avatar\/5f2d62681b1dad94c28f1500d4fc75582acdfd32b55fd1acce0a36a3c487eabe?s=96&d=mm&r=g","caption":"Sensorial Sunsets"},"url":"https:\/\/www.sensorialsunsets.com\/fr\/author\/asistentes-sensorial-sunsets\/"}]}},"_links":{"self":[{"href":"https:\/\/www.sensorialsunsets.com\/fr\/wp-json\/wp\/v2\/posts\/25002","targetHints":{"allow":["GET"]}}],"collection":[{"href":"https:\/\/www.sensorialsunsets.com\/fr\/wp-json\/wp\/v2\/posts"}],"about":[{"href":"https:\/\/www.sensorialsunsets.com\/fr\/wp-json\/wp\/v2\/types\/post"}],"author":[{"embeddable":true,"href":"https:\/\/www.sensorialsunsets.com\/fr\/wp-json\/wp\/v2\/users\/4"}],"replies":[{"embeddable":true,"href":"https:\/\/www.sensorialsunsets.com\/fr\/wp-json\/wp\/v2\/comments?post=25002"}],"version-history":[{"count":1,"href":"https:\/\/www.sensorialsunsets.com\/fr\/wp-json\/wp\/v2\/posts\/25002\/revisions"}],"predecessor-version":[{"id":25003,"href":"https:\/\/www.sensorialsunsets.com\/fr\/wp-json\/wp\/v2\/posts\/25002\/revisions\/25003"}],"wp:featuredmedia":[{"embeddable":true,"href":"https:\/\/www.sensorialsunsets.com\/fr\/wp-json\/wp\/v2\/media\/25001"}],"wp:attachment":[{"href":"https:\/\/www.sensorialsunsets.com\/fr\/wp-json\/wp\/v2\/media?parent=25002"}],"wp:term":[{"taxonomy":"category","embeddable":true,"href":"https:\/\/www.sensorialsunsets.com\/fr\/wp-json\/wp\/v2\/categories?post=25002"},{"taxonomy":"post_tag","embeddable":true,"href":"https:\/\/www.sensorialsunsets.com\/fr\/wp-json\/wp\/v2\/tags?post=25002"}],"curies":[{"name":"wp","href":"https:\/\/api.w.org\/{rel}","templated":true}]}}