{"id":25023,"date":"2026-04-29T00:57:42","date_gmt":"2026-04-29T06:57:42","guid":{"rendered":"https:\/\/www.sensorialsunsets.com\/foire-nationale-de-la-fraise-2026\/"},"modified":"2026-04-29T00:57:42","modified_gmt":"2026-04-29T06:57:42","slug":"foire-nationale-de-la-fraise-2026","status":"publish","type":"post","link":"https:\/\/www.sensorialsunsets.com\/fr\/foire-nationale-de-la-fraise-2026\/","title":{"rendered":"Foire nationale de la fraise 2026"},"content":{"rendered":"\n<p>La localit\u00e9 de Vara Blanca se pr\u00e9pare \u00e0 c\u00e9l\u00e9brer la 14e \u00e9dition de la Foire nationale de la fraise, un \u00e9v\u00e9nement qui se tiendra du 30 avril au 3 mai 2026. Pendant quatre jours, cette r\u00e9gion du Costa Rica, r\u00e9put\u00e9e pour sa production de fraises, deviendra le centre n\u00e9vralgique de la culture, de la gastronomie et des traditions agricoles locales.<\/p>\n\n<h3 class=\"wp-block-heading\">Un d\u00e9but riche en traditions<\/h3>\n\n<p>Les festivit\u00e9s d\u00e9buteront le jeudi 30 avril \u00e0 midi, devant l\u2019\u00e9glise catholique du village. La c\u00e9r\u00e9monie officielle d\u2019inauguration est pr\u00e9vue \u00e0 16 h sur la sc\u00e8ne principale, o\u00f9 auront \u00e9galement lieu divers spectacles culturels en soir\u00e9e.<\/p>\n\n<p>Du vendredi 1er mai au dimanche 3 mai, le salon sera ouvert tous les jours de 8 h \u00e0 22 h et proposera un programme vari\u00e9 destin\u00e9 aux visiteurs de tous \u00e2ges.<\/p>\n\n<h3 class=\"wp-block-heading\">Un programme vari\u00e9 pour toute la famille<\/h3>\n\n<p>L&rsquo;\u00e9v\u00e9nement proposera une programmation vari\u00e9e qui mettra en valeur le meilleur de la production locale et des talents r\u00e9gionaux. Parmi les principales attractions, on peut citer :<\/p>\n\n<ul class=\"wp-block-list\">\n<li>Exposition de producteurs locaux de fraises<\/li>\n\n\n\n<li>D\u00e9gustation de plats et de produits \u00e0 base de fraises<\/li>\n\n\n\n<li>Stand d\u2019artisanat local<\/li>\n\n\n\n<li>Expositions de v\u00e9hicules 4&#215;4 modifi\u00e9s et d&rsquo;overlanding<\/li>\n\n\n\n<li>Spectacles \u00e9questres<\/li>\n\n\n\n<li>Activit\u00e9s de loisirs et divertissements pour les enfants<\/li>\n\n\n\n<li>Atelier gratuit de photographie sur mobile ouvert au public<\/li>\n<\/ul>\n\n<p>L&rsquo;un des moments les plus attendus sera la confection d&rsquo;un g\u00e2teau g\u00e9ant \u00e0 la fraise, ainsi que des concours tels que celui de la plus grosse fraise, du meilleur dessert \u00e0 la fraise et du concours de d\u00e9gustation de fraises.<\/p>\n\n<div style=\"height:100px\" aria-hidden=\"true\" class=\"wp-block-spacer\"><\/div>\n\n<figure class=\"wp-block-gallery has-nested-images columns-default is-cropped wp-block-gallery-1 is-layout-flex wp-block-gallery-is-layout-flex\">\n<figure class=\"wp-block-image size-large\"><img loading=\"lazy\" decoding=\"async\" width=\"1024\" height=\"561\" data-id=\"25011\" src=\"https:\/\/www.sensorialsunsets.com\/wp-content\/uploads\/2026\/04\/Feria-Nacional-de-la-Fresa-20262-1024x561.jpg\" alt=\"\" class=\"wp-image-25011\" srcset=\"https:\/\/www.sensorialsunsets.com\/wp-content\/uploads\/2026\/04\/Feria-Nacional-de-la-Fresa-20262-1024x561.jpg 1024w, https:\/\/www.sensorialsunsets.com\/wp-content\/uploads\/2026\/04\/Feria-Nacional-de-la-Fresa-20262-300x164.jpg 300w, https:\/\/www.sensorialsunsets.com\/wp-content\/uploads\/2026\/04\/Feria-Nacional-de-la-Fresa-20262-768x420.jpg 768w, https:\/\/www.sensorialsunsets.com\/wp-content\/uploads\/2026\/04\/Feria-Nacional-de-la-Fresa-20262-1536x841.jpg 1536w, https:\/\/www.sensorialsunsets.com\/wp-content\/uploads\/2026\/04\/Feria-Nacional-de-la-Fresa-20262-278x151.jpg 278w, https:\/\/www.sensorialsunsets.com\/wp-content\/uploads\/2026\/04\/Feria-Nacional-de-la-Fresa-20262-1320x723.jpg 1320w, https:\/\/www.sensorialsunsets.com\/wp-content\/uploads\/2026\/04\/Feria-Nacional-de-la-Fresa-20262.jpg 2048w\" sizes=\"auto, (max-width: 1024px) 100vw, 1024px\" \/><\/figure>\n\n\n\n<figure class=\"wp-block-image size-large\"><img loading=\"lazy\" decoding=\"async\" width=\"1024\" height=\"683\" data-id=\"25012\" src=\"https:\/\/www.sensorialsunsets.com\/wp-content\/uploads\/2026\/04\/Feria-Nacional-de-la-Fresa-2026-1024x683.jpg\" alt=\"\" class=\"wp-image-25012\" srcset=\"https:\/\/www.sensorialsunsets.com\/wp-content\/uploads\/2026\/04\/Feria-Nacional-de-la-Fresa-2026-1024x683.jpg 1024w, https:\/\/www.sensorialsunsets.com\/wp-content\/uploads\/2026\/04\/Feria-Nacional-de-la-Fresa-2026-300x200.jpg 300w, https:\/\/www.sensorialsunsets.com\/wp-content\/uploads\/2026\/04\/Feria-Nacional-de-la-Fresa-2026-768x512.jpg 768w, https:\/\/www.sensorialsunsets.com\/wp-content\/uploads\/2026\/04\/Feria-Nacional-de-la-Fresa-2026-334x222.jpg 334w, https:\/\/www.sensorialsunsets.com\/wp-content\/uploads\/2026\/04\/Feria-Nacional-de-la-Fresa-2026-1320x880.jpg 1320w, https:\/\/www.sensorialsunsets.com\/wp-content\/uploads\/2026\/04\/Feria-Nacional-de-la-Fresa-2026.jpg 1536w\" sizes=\"auto, (max-width: 1024px) 100vw, 1024px\" \/><\/figure>\n\n\n\n<figure class=\"wp-block-image size-large\"><img loading=\"lazy\" decoding=\"async\" width=\"1024\" height=\"683\" data-id=\"25013\" src=\"https:\/\/www.sensorialsunsets.com\/wp-content\/uploads\/2026\/04\/Feria-Nacional-de-la-Fresa-2026-1024x683.png\" alt=\"\" class=\"wp-image-25013\" srcset=\"https:\/\/www.sensorialsunsets.com\/wp-content\/uploads\/2026\/04\/Feria-Nacional-de-la-Fresa-2026-1024x683.png 1024w, https:\/\/www.sensorialsunsets.com\/wp-content\/uploads\/2026\/04\/Feria-Nacional-de-la-Fresa-2026-300x200.png 300w, https:\/\/www.sensorialsunsets.com\/wp-content\/uploads\/2026\/04\/Feria-Nacional-de-la-Fresa-2026-768x512.png 768w, https:\/\/www.sensorialsunsets.com\/wp-content\/uploads\/2026\/04\/Feria-Nacional-de-la-Fresa-2026-334x222.png 334w, https:\/\/www.sensorialsunsets.com\/wp-content\/uploads\/2026\/04\/Feria-Nacional-de-la-Fresa-2026.png 1200w\" sizes=\"auto, (max-width: 1024px) 100vw, 1024px\" \/><\/figure>\n<\/figure>\n\n<div style=\"height:100px\" aria-hidden=\"true\" class=\"wp-block-spacer\"><\/div>\n\n<h5 class=\"wp-block-heading\">Un hommage particulier<\/h5>\n\n<p>Le vendredi 1er mai, \u00e0 l&rsquo;occasion de la Journ\u00e9e internationale des travailleurs, une \u00e9mission sp\u00e9ciale sera diffus\u00e9e afin de rendre hommage \u00e0 ceux qui contribuent au d\u00e9veloppement de la communaut\u00e9 et \u00e0 l&rsquo;\u00e9conomie agricole de la r\u00e9gion.<\/p>\n\n<h3 class=\"wp-block-heading\">Entr\u00e9e gratuite et tradition vivante<\/h3>\n\n<p>L\u2019entr\u00e9e \u00e0 la foire sera enti\u00e8rement gratuite. Les organisateurs ont confirm\u00e9 que des places de stationnement seront disponibles et que des mesures de s\u00e9curit\u00e9 seront mises en place afin de garantir une exp\u00e9rience agr\u00e9able \u00e0 tous les visiteurs.<\/p>\n\n<p>Au fil des ans, la Foire nationale de la fraise s&rsquo;est impos\u00e9e comme une tradition locale qui non seulement met \u00e0 l&rsquo;honneur l&rsquo;un des principaux produits de la r\u00e9gion, mais soutient \u00e9galement l&rsquo;\u00e9conomie rurale et met en valeur la richesse agricole de la r\u00e9gion.<\/p>\n\n<p><strong>Sensorial Sunsets<\/strong><\/p>\n","protected":false},"excerpt":{"rendered":"<p>La localit\u00e9 de Vara Blanca se pr\u00e9pare \u00e0 c\u00e9l\u00e9brer la 14e \u00e9dition de la Foire nationale de la fraise, un \u00e9v\u00e9nement qui se tiendra du 30 avril au 3 mai 2026. Pendant quatre jours, cette r\u00e9gion du Costa Rica, r\u00e9put\u00e9e pour sa production de fraises, deviendra le centre n\u00e9vralgique de la culture, de la gastronomie [&hellip;]<\/p>\n","protected":false},"author":4,"featured_media":25021,"comment_status":"closed","ping_status":"closed","sticky":false,"template":"","format":"standard","meta":{"_acf_changed":false,"inline_featured_image":false,"_monsterinsights_skip_tracking":false,"_monsterinsights_sitenote_active":false,"_monsterinsights_sitenote_note":"","_monsterinsights_sitenote_category":0,"footnotes":""},"categories":[1],"tags":[],"class_list":["post-25023","post","type-post","status-publish","format-standard","has-post-thumbnail","hentry","category-non-classifiee"],"acf":[],"yoast_head":"<!-- This site is optimized with the Yoast SEO plugin v27.4 - https:\/\/yoast.com\/product\/yoast-seo-wordpress\/ -->\n<title>Foire nationale de la fraise 2026 - SensorialSunsets<\/title>\n<meta name=\"description\" content=\"Foire nationale de la fraise 2026 : Vara Blanca c\u00e9l\u00e8bre quatre jours de culture, de gastronomie et de traditions avec des activit\u00e9s pour toute la famille\" \/>\n<meta name=\"robots\" content=\"index, follow, max-snippet:-1, max-image-preview:large, max-video-preview:-1\" \/>\n<link rel=\"canonical\" href=\"https:\/\/www.sensorialsunsets.com\/fr\/foire-nationale-de-la-fraise-2026\/\" \/>\n<meta property=\"og:locale\" content=\"fr_FR\" \/>\n<meta property=\"og:type\" content=\"article\" \/>\n<meta property=\"og:title\" content=\"Foire nationale de la fraise 2026 - SensorialSunsets\" \/>\n<meta property=\"og:description\" content=\"Foire nationale de la fraise 2026 : Vara Blanca c\u00e9l\u00e8bre quatre jours de culture, de gastronomie et de traditions avec des activit\u00e9s pour toute la famille\" \/>\n<meta property=\"og:url\" content=\"https:\/\/www.sensorialsunsets.com\/fr\/foire-nationale-de-la-fraise-2026\/\" \/>\n<meta property=\"og:site_name\" content=\"SensorialSunsets\" \/>\n<meta property=\"article:publisher\" content=\"https:\/\/www.facebook.com\/Sensorial-Sunsets-109180614715562\" \/>\n<meta property=\"article:published_time\" content=\"2026-04-29T06:57:42+00:00\" \/>\n<meta property=\"og:image\" content=\"https:\/\/www.sensorialsunsets.com\/wp-content\/uploads\/2026\/04\/Feria-Nacional-de-la-Fresa-2026.jpg\" \/>\n\t<meta property=\"og:image:width\" content=\"1536\" \/>\n\t<meta property=\"og:image:height\" content=\"1024\" \/>\n\t<meta property=\"og:image:type\" content=\"image\/jpeg\" \/>\n<meta name=\"author\" content=\"Sensorial Sunsets\" \/>\n<meta name=\"twitter:card\" content=\"summary_large_image\" \/>\n<meta name=\"twitter:label1\" content=\"\u00c9crit par\" \/>\n\t<meta name=\"twitter:data1\" content=\"Sensorial Sunsets\" \/>\n\t<meta name=\"twitter:label2\" content=\"Dur\u00e9e de lecture estim\u00e9e\" \/>\n\t<meta name=\"twitter:data2\" content=\"2 minutes\" \/>\n<script type=\"application\/ld+json\" class=\"yoast-schema-graph\">{\"@context\":\"https:\\\/\\\/schema.org\",\"@graph\":[{\"@type\":\"Article\",\"@id\":\"https:\\\/\\\/www.sensorialsunsets.com\\\/fr\\\/foire-nationale-de-la-fraise-2026\\\/#article\",\"isPartOf\":{\"@id\":\"https:\\\/\\\/www.sensorialsunsets.com\\\/fr\\\/foire-nationale-de-la-fraise-2026\\\/\"},\"author\":{\"name\":\"Sensorial Sunsets\",\"@id\":\"https:\\\/\\\/www.sensorialsunsets.com\\\/fr\\\/#\\\/schema\\\/person\\\/77e2fa594135aa94024c47e281d8a94d\"},\"headline\":\"Foire nationale de la fraise 2026\",\"datePublished\":\"2026-04-29T06:57:42+00:00\",\"mainEntityOfPage\":{\"@id\":\"https:\\\/\\\/www.sensorialsunsets.com\\\/fr\\\/foire-nationale-de-la-fraise-2026\\\/\"},\"wordCount\":418,\"publisher\":{\"@id\":\"https:\\\/\\\/www.sensorialsunsets.com\\\/fr\\\/#organization\"},\"image\":{\"@id\":\"https:\\\/\\\/www.sensorialsunsets.com\\\/fr\\\/foire-nationale-de-la-fraise-2026\\\/#primaryimage\"},\"thumbnailUrl\":\"https:\\\/\\\/www.sensorialsunsets.com\\\/wp-content\\\/uploads\\\/2026\\\/04\\\/Feria-Nacional-de-la-Fresa-2026.jpg\",\"articleSection\":[\"Non classifi\u00e9(e)\"],\"inLanguage\":\"fr-FR\"},{\"@type\":\"WebPage\",\"@id\":\"https:\\\/\\\/www.sensorialsunsets.com\\\/fr\\\/foire-nationale-de-la-fraise-2026\\\/\",\"url\":\"https:\\\/\\\/www.sensorialsunsets.com\\\/fr\\\/foire-nationale-de-la-fraise-2026\\\/\",\"name\":\"Foire nationale de la fraise 2026 - SensorialSunsets\",\"isPartOf\":{\"@id\":\"https:\\\/\\\/www.sensorialsunsets.com\\\/fr\\\/#website\"},\"primaryImageOfPage\":{\"@id\":\"https:\\\/\\\/www.sensorialsunsets.com\\\/fr\\\/foire-nationale-de-la-fraise-2026\\\/#primaryimage\"},\"image\":{\"@id\":\"https:\\\/\\\/www.sensorialsunsets.com\\\/fr\\\/foire-nationale-de-la-fraise-2026\\\/#primaryimage\"},\"thumbnailUrl\":\"https:\\\/\\\/www.sensorialsunsets.com\\\/wp-content\\\/uploads\\\/2026\\\/04\\\/Feria-Nacional-de-la-Fresa-2026.jpg\",\"datePublished\":\"2026-04-29T06:57:42+00:00\",\"description\":\"Foire nationale de la fraise 2026 : Vara Blanca c\u00e9l\u00e8bre quatre jours de culture, de gastronomie et de traditions avec des activit\u00e9s pour toute la famille\",\"inLanguage\":\"fr-FR\",\"potentialAction\":[{\"@type\":\"ReadAction\",\"target\":[\"https:\\\/\\\/www.sensorialsunsets.com\\\/fr\\\/foire-nationale-de-la-fraise-2026\\\/\"]}]},{\"@type\":\"ImageObject\",\"inLanguage\":\"fr-FR\",\"@id\":\"https:\\\/\\\/www.sensorialsunsets.com\\\/fr\\\/foire-nationale-de-la-fraise-2026\\\/#primaryimage\",\"url\":\"https:\\\/\\\/www.sensorialsunsets.com\\\/wp-content\\\/uploads\\\/2026\\\/04\\\/Feria-Nacional-de-la-Fresa-2026.jpg\",\"contentUrl\":\"https:\\\/\\\/www.sensorialsunsets.com\\\/wp-content\\\/uploads\\\/2026\\\/04\\\/Feria-Nacional-de-la-Fresa-2026.jpg\",\"width\":1536,\"height\":1024},{\"@type\":\"WebSite\",\"@id\":\"https:\\\/\\\/www.sensorialsunsets.com\\\/fr\\\/#website\",\"url\":\"https:\\\/\\\/www.sensorialsunsets.com\\\/fr\\\/\",\"name\":\"SensorialSunsets.com\",\"description\":\"D\u00e9couvrez la culture et la soci\u00e9t\u00e9 du Costa Rica sur notre blog. Explorez des articles captivants et partagez le contenu.\",\"publisher\":{\"@id\":\"https:\\\/\\\/www.sensorialsunsets.com\\\/fr\\\/#organization\"},\"alternateName\":\"Costa Rica Live Blog\",\"potentialAction\":[{\"@type\":\"SearchAction\",\"target\":{\"@type\":\"EntryPoint\",\"urlTemplate\":\"https:\\\/\\\/www.sensorialsunsets.com\\\/fr\\\/?s={search_term_string}\"},\"query-input\":{\"@type\":\"PropertyValueSpecification\",\"valueRequired\":true,\"valueName\":\"search_term_string\"}}],\"inLanguage\":\"fr-FR\"},{\"@type\":\"Organization\",\"@id\":\"https:\\\/\\\/www.sensorialsunsets.com\\\/fr\\\/#organization\",\"name\":\"SensorialSunsets\",\"url\":\"https:\\\/\\\/www.sensorialsunsets.com\\\/fr\\\/\",\"logo\":{\"@type\":\"ImageObject\",\"inLanguage\":\"fr-FR\",\"@id\":\"https:\\\/\\\/www.sensorialsunsets.com\\\/fr\\\/#\\\/schema\\\/logo\\\/image\\\/\",\"url\":\"https:\\\/\\\/www.sensorialsunsets.com\\\/wp-content\\\/uploads\\\/2023\\\/04\\\/Logo_base_line_fond_clair.svg\",\"contentUrl\":\"https:\\\/\\\/www.sensorialsunsets.com\\\/wp-content\\\/uploads\\\/2023\\\/04\\\/Logo_base_line_fond_clair.svg\",\"width\":\"1024\",\"height\":\"1024\",\"caption\":\"SensorialSunsets\"},\"image\":{\"@id\":\"https:\\\/\\\/www.sensorialsunsets.com\\\/fr\\\/#\\\/schema\\\/logo\\\/image\\\/\"},\"sameAs\":[\"https:\\\/\\\/www.facebook.com\\\/Sensorial-Sunsets-109180614715562\",\"https:\\\/\\\/www.instagram.com\\\/sensorialsunsets\\\/\"]},{\"@type\":\"Person\",\"@id\":\"https:\\\/\\\/www.sensorialsunsets.com\\\/fr\\\/#\\\/schema\\\/person\\\/77e2fa594135aa94024c47e281d8a94d\",\"name\":\"Sensorial Sunsets\",\"image\":{\"@type\":\"ImageObject\",\"inLanguage\":\"fr-FR\",\"@id\":\"https:\\\/\\\/secure.gravatar.com\\\/avatar\\\/5f2d62681b1dad94c28f1500d4fc75582acdfd32b55fd1acce0a36a3c487eabe?s=96&d=mm&r=g\",\"url\":\"https:\\\/\\\/secure.gravatar.com\\\/avatar\\\/5f2d62681b1dad94c28f1500d4fc75582acdfd32b55fd1acce0a36a3c487eabe?s=96&d=mm&r=g\",\"contentUrl\":\"https:\\\/\\\/secure.gravatar.com\\\/avatar\\\/5f2d62681b1dad94c28f1500d4fc75582acdfd32b55fd1acce0a36a3c487eabe?s=96&d=mm&r=g\",\"caption\":\"Sensorial Sunsets\"},\"url\":\"https:\\\/\\\/www.sensorialsunsets.com\\\/fr\\\/author\\\/asistentes-sensorial-sunsets\\\/\"}]}<\/script>\n<!-- \/ Yoast SEO plugin. -->","yoast_head_json":{"title":"Foire nationale de la fraise 2026 - SensorialSunsets","description":"Foire nationale de la fraise 2026 : Vara Blanca c\u00e9l\u00e8bre quatre jours de culture, de gastronomie et de traditions avec des activit\u00e9s pour toute la famille","robots":{"index":"index","follow":"follow","max-snippet":"max-snippet:-1","max-image-preview":"max-image-preview:large","max-video-preview":"max-video-preview:-1"},"canonical":"https:\/\/www.sensorialsunsets.com\/fr\/foire-nationale-de-la-fraise-2026\/","og_locale":"fr_FR","og_type":"article","og_title":"Foire nationale de la fraise 2026 - SensorialSunsets","og_description":"Foire nationale de la fraise 2026 : Vara Blanca c\u00e9l\u00e8bre quatre jours de culture, de gastronomie et de traditions avec des activit\u00e9s pour toute la famille","og_url":"https:\/\/www.sensorialsunsets.com\/fr\/foire-nationale-de-la-fraise-2026\/","og_site_name":"SensorialSunsets","article_publisher":"https:\/\/www.facebook.com\/Sensorial-Sunsets-109180614715562","article_published_time":"2026-04-29T06:57:42+00:00","og_image":[{"width":1536,"height":1024,"url":"https:\/\/www.sensorialsunsets.com\/wp-content\/uploads\/2026\/04\/Feria-Nacional-de-la-Fresa-2026.jpg","type":"image\/jpeg"}],"author":"Sensorial Sunsets","twitter_card":"summary_large_image","twitter_misc":{"\u00c9crit par":"Sensorial Sunsets","Dur\u00e9e de lecture estim\u00e9e":"2 minutes"},"schema":{"@context":"https:\/\/schema.org","@graph":[{"@type":"Article","@id":"https:\/\/www.sensorialsunsets.com\/fr\/foire-nationale-de-la-fraise-2026\/#article","isPartOf":{"@id":"https:\/\/www.sensorialsunsets.com\/fr\/foire-nationale-de-la-fraise-2026\/"},"author":{"name":"Sensorial Sunsets","@id":"https:\/\/www.sensorialsunsets.com\/fr\/#\/schema\/person\/77e2fa594135aa94024c47e281d8a94d"},"headline":"Foire nationale de la fraise 2026","datePublished":"2026-04-29T06:57:42+00:00","mainEntityOfPage":{"@id":"https:\/\/www.sensorialsunsets.com\/fr\/foire-nationale-de-la-fraise-2026\/"},"wordCount":418,"publisher":{"@id":"https:\/\/www.sensorialsunsets.com\/fr\/#organization"},"image":{"@id":"https:\/\/www.sensorialsunsets.com\/fr\/foire-nationale-de-la-fraise-2026\/#primaryimage"},"thumbnailUrl":"https:\/\/www.sensorialsunsets.com\/wp-content\/uploads\/2026\/04\/Feria-Nacional-de-la-Fresa-2026.jpg","articleSection":["Non classifi\u00e9(e)"],"inLanguage":"fr-FR"},{"@type":"WebPage","@id":"https:\/\/www.sensorialsunsets.com\/fr\/foire-nationale-de-la-fraise-2026\/","url":"https:\/\/www.sensorialsunsets.com\/fr\/foire-nationale-de-la-fraise-2026\/","name":"Foire nationale de la fraise 2026 - SensorialSunsets","isPartOf":{"@id":"https:\/\/www.sensorialsunsets.com\/fr\/#website"},"primaryImageOfPage":{"@id":"https:\/\/www.sensorialsunsets.com\/fr\/foire-nationale-de-la-fraise-2026\/#primaryimage"},"image":{"@id":"https:\/\/www.sensorialsunsets.com\/fr\/foire-nationale-de-la-fraise-2026\/#primaryimage"},"thumbnailUrl":"https:\/\/www.sensorialsunsets.com\/wp-content\/uploads\/2026\/04\/Feria-Nacional-de-la-Fresa-2026.jpg","datePublished":"2026-04-29T06:57:42+00:00","description":"Foire nationale de la fraise 2026 : Vara Blanca c\u00e9l\u00e8bre quatre jours de culture, de gastronomie et de traditions avec des activit\u00e9s pour toute la famille","inLanguage":"fr-FR","potentialAction":[{"@type":"ReadAction","target":["https:\/\/www.sensorialsunsets.com\/fr\/foire-nationale-de-la-fraise-2026\/"]}]},{"@type":"ImageObject","inLanguage":"fr-FR","@id":"https:\/\/www.sensorialsunsets.com\/fr\/foire-nationale-de-la-fraise-2026\/#primaryimage","url":"https:\/\/www.sensorialsunsets.com\/wp-content\/uploads\/2026\/04\/Feria-Nacional-de-la-Fresa-2026.jpg","contentUrl":"https:\/\/www.sensorialsunsets.com\/wp-content\/uploads\/2026\/04\/Feria-Nacional-de-la-Fresa-2026.jpg","width":1536,"height":1024},{"@type":"WebSite","@id":"https:\/\/www.sensorialsunsets.com\/fr\/#website","url":"https:\/\/www.sensorialsunsets.com\/fr\/","name":"SensorialSunsets.com","description":"D\u00e9couvrez la culture et la soci\u00e9t\u00e9 du Costa Rica sur notre blog. Explorez des articles captivants et partagez le contenu.","publisher":{"@id":"https:\/\/www.sensorialsunsets.com\/fr\/#organization"},"alternateName":"Costa Rica Live Blog","potentialAction":[{"@type":"SearchAction","target":{"@type":"EntryPoint","urlTemplate":"https:\/\/www.sensorialsunsets.com\/fr\/?s={search_term_string}"},"query-input":{"@type":"PropertyValueSpecification","valueRequired":true,"valueName":"search_term_string"}}],"inLanguage":"fr-FR"},{"@type":"Organization","@id":"https:\/\/www.sensorialsunsets.com\/fr\/#organization","name":"SensorialSunsets","url":"https:\/\/www.sensorialsunsets.com\/fr\/","logo":{"@type":"ImageObject","inLanguage":"fr-FR","@id":"https:\/\/www.sensorialsunsets.com\/fr\/#\/schema\/logo\/image\/","url":"https:\/\/www.sensorialsunsets.com\/wp-content\/uploads\/2023\/04\/Logo_base_line_fond_clair.svg","contentUrl":"https:\/\/www.sensorialsunsets.com\/wp-content\/uploads\/2023\/04\/Logo_base_line_fond_clair.svg","width":"1024","height":"1024","caption":"SensorialSunsets"},"image":{"@id":"https:\/\/www.sensorialsunsets.com\/fr\/#\/schema\/logo\/image\/"},"sameAs":["https:\/\/www.facebook.com\/Sensorial-Sunsets-109180614715562","https:\/\/www.instagram.com\/sensorialsunsets\/"]},{"@type":"Person","@id":"https:\/\/www.sensorialsunsets.com\/fr\/#\/schema\/person\/77e2fa594135aa94024c47e281d8a94d","name":"Sensorial Sunsets","image":{"@type":"ImageObject","inLanguage":"fr-FR","@id":"https:\/\/secure.gravatar.com\/avatar\/5f2d62681b1dad94c28f1500d4fc75582acdfd32b55fd1acce0a36a3c487eabe?s=96&d=mm&r=g","url":"https:\/\/secure.gravatar.com\/avatar\/5f2d62681b1dad94c28f1500d4fc75582acdfd32b55fd1acce0a36a3c487eabe?s=96&d=mm&r=g","contentUrl":"https:\/\/secure.gravatar.com\/avatar\/5f2d62681b1dad94c28f1500d4fc75582acdfd32b55fd1acce0a36a3c487eabe?s=96&d=mm&r=g","caption":"Sensorial Sunsets"},"url":"https:\/\/www.sensorialsunsets.com\/fr\/author\/asistentes-sensorial-sunsets\/"}]}},"_links":{"self":[{"href":"https:\/\/www.sensorialsunsets.com\/fr\/wp-json\/wp\/v2\/posts\/25023","targetHints":{"allow":["GET"]}}],"collection":[{"href":"https:\/\/www.sensorialsunsets.com\/fr\/wp-json\/wp\/v2\/posts"}],"about":[{"href":"https:\/\/www.sensorialsunsets.com\/fr\/wp-json\/wp\/v2\/types\/post"}],"author":[{"embeddable":true,"href":"https:\/\/www.sensorialsunsets.com\/fr\/wp-json\/wp\/v2\/users\/4"}],"replies":[{"embeddable":true,"href":"https:\/\/www.sensorialsunsets.com\/fr\/wp-json\/wp\/v2\/comments?post=25023"}],"version-history":[{"count":1,"href":"https:\/\/www.sensorialsunsets.com\/fr\/wp-json\/wp\/v2\/posts\/25023\/revisions"}],"predecessor-version":[{"id":25024,"href":"https:\/\/www.sensorialsunsets.com\/fr\/wp-json\/wp\/v2\/posts\/25023\/revisions\/25024"}],"wp:featuredmedia":[{"embeddable":true,"href":"https:\/\/www.sensorialsunsets.com\/fr\/wp-json\/wp\/v2\/media\/25021"}],"wp:attachment":[{"href":"https:\/\/www.sensorialsunsets.com\/fr\/wp-json\/wp\/v2\/media?parent=25023"}],"wp:term":[{"taxonomy":"category","embeddable":true,"href":"https:\/\/www.sensorialsunsets.com\/fr\/wp-json\/wp\/v2\/categories?post=25023"},{"taxonomy":"post_tag","embeddable":true,"href":"https:\/\/www.sensorialsunsets.com\/fr\/wp-json\/wp\/v2\/tags?post=25023"}],"curies":[{"name":"wp","href":"https:\/\/api.w.org\/{rel}","templated":true}]}}