{"id":25192,"date":"2026-05-26T15:22:38","date_gmt":"2026-05-26T21:22:38","guid":{"rendered":"https:\/\/www.sensorialsunsets.com\/le-comptage-des-oiseaux-confirme-la-richesse-biologique-du-corridor-de-cubujuqui-au-costa-rica\/"},"modified":"2026-05-26T15:22:39","modified_gmt":"2026-05-26T21:22:39","slug":"le-comptage-des-oiseaux-confirme-la-richesse-biologique-du-corridor-de-cubujuqui-au-costa-rica","status":"publish","type":"post","link":"https:\/\/www.sensorialsunsets.com\/fr\/le-comptage-des-oiseaux-confirme-la-richesse-biologique-du-corridor-de-cubujuqui-au-costa-rica\/","title":{"rendered":"Le comptage des oiseaux confirme la richesse biologique du corridor de Cubujuqu\u00ed au Costa Rica"},"content":{"rendered":"\n<p class=\"wp-block-paragraph\">Le corridor biologique interurbain de Cubujuqu\u00ed, au Costa Rica, a recens\u00e9 un total de 2 366 oiseaux appartenant \u00e0 183 esp\u00e8ces lors de son premier recensement ornithologique de 2026, s\u2019imposant comme l\u2019un des corridors urbains de conservation les plus riches en biodiversit\u00e9 du pays. Le suivi a \u00e9t\u00e9 r\u00e9alis\u00e9 le 25 avril sur 15 itin\u00e9raires r\u00e9partis entre les provinces d\u2019Heredia et d\u2019Alajuela.<\/p>\n\n<p class=\"wp-block-paragraph\">Ce corridor couvre 10 cantons et s&rsquo;inscrit dans la strat\u00e9gie nationale visant \u00e0 relier les \u00e9cosyst\u00e8mes fragment\u00e9s, les espaces naturels, les paysages et les micro-bassins versants au sein des zones urbaines et semi-urbaines. Son objectif est de faciliter la circulation s\u00e9curis\u00e9e de la faune entre les espaces verts tout en rapprochant la conservation de l\u2019environnement des communaut\u00e9s locales.<\/p>\n\n<p class=\"wp-block-paragraph\">Parmi les sites ayant enregistr\u00e9 le plus grand nombre d\u2019esp\u00e8ces figurent Roble Alto, \u00e0 San Jos\u00e9 de la Monta\u00f1a, le campus Benjam\u00edn N\u00fa\u00f1ez de l\u2019Universit\u00e9 nationale, \u00e0 Lagunilla de Heredia, ainsi que Hacienda Barvak, \u00e0 Barva. Ces sites ont recens\u00e9 respectivement 65, 60 et 57 esp\u00e8ces d\u2019oiseaux.<\/p>\n\n<h3 class=\"wp-block-heading\">Hacienda Barvak se lance dans la surveillance<\/h3>\n\n<p class=\"wp-block-paragraph\">L\u2019un des points les plus marquants du recensement a \u00e9t\u00e9 l\u2019int\u00e9gration officielle de Hacienda Barvak aux itin\u00e9raires de suivi du corridor. Lors de sa premi\u00e8re participation, la propri\u00e9t\u00e9 a recens\u00e9 327 oiseaux, dont trois esp\u00e8ces end\u00e9miques, deux esp\u00e8ces aquatiques associ\u00e9es aux plans d\u2019eau voisins et deux esp\u00e8ces class\u00e9es comme menac\u00e9es en vertu de la loi costaricienne sur la conservation de la faune sauvage.<\/p>\n\n<p class=\"wp-block-paragraph\">La participation de Hacienda Barvak marque l\u2019int\u00e9gration d\u2019un nouvel espace priv\u00e9 d\u00e9di\u00e9 \u00e0 la conservation au r\u00e9seau de surveillance de Cubujuqu\u00ed. La propri\u00e9t\u00e9 m\u00e8ne un programme de reboisement visant \u00e0 restaurer le couvert forestier dans une zone autrefois occup\u00e9e par des plantations de caf\u00e9, gr\u00e2ce \u00e0 la plantation d\u2019arbres et \u00e0 la protection des sources d\u2019eau.<\/p>\n\n<div style=\"height:100px\" aria-hidden=\"true\" class=\"wp-block-spacer\"><\/div>\n\n<figure class=\"wp-block-gallery has-nested-images columns-default is-cropped wp-block-gallery-1 is-layout-flex wp-block-gallery-is-layout-flex\">\n<figure class=\"wp-block-image size-large\"><img loading=\"lazy\" decoding=\"async\" width=\"1024\" height=\"768\" data-id=\"25181\" src=\"https:\/\/www.sensorialsunsets.com\/wp-content\/uploads\/2026\/05\/Sturnella-magna-1024x768.jpeg\" alt=\"\" class=\"wp-image-25181\" srcset=\"https:\/\/www.sensorialsunsets.com\/wp-content\/uploads\/2026\/05\/Sturnella-magna-1024x768.jpeg 1024w, https:\/\/www.sensorialsunsets.com\/wp-content\/uploads\/2026\/05\/Sturnella-magna-300x225.jpeg 300w, https:\/\/www.sensorialsunsets.com\/wp-content\/uploads\/2026\/05\/Sturnella-magna-768x576.jpeg 768w, https:\/\/www.sensorialsunsets.com\/wp-content\/uploads\/2026\/05\/Sturnella-magna-1536x1152.jpeg 1536w, https:\/\/www.sensorialsunsets.com\/wp-content\/uploads\/2026\/05\/Sturnella-magna-1320x990.jpeg 1320w, https:\/\/www.sensorialsunsets.com\/wp-content\/uploads\/2026\/05\/Sturnella-magna.jpeg 1800w\" sizes=\"auto, (max-width: 1024px) 100vw, 1024px\" \/><\/figure>\n\n\n\n<figure class=\"wp-block-image size-large\"><img loading=\"lazy\" decoding=\"async\" width=\"1024\" height=\"768\" data-id=\"25180\" src=\"https:\/\/www.sensorialsunsets.com\/wp-content\/uploads\/2026\/05\/610-Sturnella-magna-Nicolas-Jara-1024x768-1.jpg\" alt=\"\" class=\"wp-image-25180\" srcset=\"https:\/\/www.sensorialsunsets.com\/wp-content\/uploads\/2026\/05\/610-Sturnella-magna-Nicolas-Jara-1024x768-1.jpg 1024w, https:\/\/www.sensorialsunsets.com\/wp-content\/uploads\/2026\/05\/610-Sturnella-magna-Nicolas-Jara-1024x768-1-300x225.jpg 300w, https:\/\/www.sensorialsunsets.com\/wp-content\/uploads\/2026\/05\/610-Sturnella-magna-Nicolas-Jara-1024x768-1-768x576.jpg 768w\" sizes=\"auto, (max-width: 1024px) 100vw, 1024px\" \/><\/figure>\n\n\n\n<figure class=\"wp-block-image size-large\"><img loading=\"lazy\" decoding=\"async\" width=\"1024\" height=\"768\" data-id=\"25182\" src=\"https:\/\/www.sensorialsunsets.com\/wp-content\/uploads\/2026\/05\/Pygochelidon-cyanoleuca-1024x768.jpeg\" alt=\"\" class=\"wp-image-25182\" srcset=\"https:\/\/www.sensorialsunsets.com\/wp-content\/uploads\/2026\/05\/Pygochelidon-cyanoleuca-1024x768.jpeg 1024w, https:\/\/www.sensorialsunsets.com\/wp-content\/uploads\/2026\/05\/Pygochelidon-cyanoleuca-300x225.jpeg 300w, https:\/\/www.sensorialsunsets.com\/wp-content\/uploads\/2026\/05\/Pygochelidon-cyanoleuca-768x576.jpeg 768w, https:\/\/www.sensorialsunsets.com\/wp-content\/uploads\/2026\/05\/Pygochelidon-cyanoleuca-1536x1152.jpeg 1536w, https:\/\/www.sensorialsunsets.com\/wp-content\/uploads\/2026\/05\/Pygochelidon-cyanoleuca-1320x990.jpeg 1320w, https:\/\/www.sensorialsunsets.com\/wp-content\/uploads\/2026\/05\/Pygochelidon-cyanoleuca.jpeg 1800w\" sizes=\"auto, (max-width: 1024px) 100vw, 1024px\" \/><\/figure>\n<\/figure>\n\n<div style=\"height:100px\" aria-hidden=\"true\" class=\"wp-block-spacer\"><\/div>\n\n<p class=\"wp-block-paragraph\">Le recensement sur le domaine a \u00e9t\u00e9 r\u00e9alis\u00e9 par 13 b\u00e9n\u00e9voles sous la direction de Hellen Sol\u00eds, sp\u00e9cialiste de la conservation et de la gestion de la faune sauvage, et de Federico Oviedo, expert en ornithologie. Les participants ont enregistr\u00e9 leurs observations sur la plateforme eBird, utilis\u00e9e pour centraliser les donn\u00e9es des huit corridors biologiques interurbains du Costa Rica.<\/p>\n\n<h3 class=\"wp-block-heading\">Esp\u00e8ces et r\u00e9sultats nationaux<\/h3>\n\n<p class=\"wp-block-paragraph\">Parmi les esp\u00e8ces les plus abondantes observ\u00e9es \u00e0 Hacienda Barvak figuraient le <em>Pygochelidon cyanoleuca<\/em>, une petite hirondelle bleue et blanche, et le <em>Sturnella magna<\/em>, connu pour son poitrail jaune et consid\u00e9r\u00e9 comme un indicateur de zones ouvertes saines o\u00f9 la pression des pesticides est faible.<\/p>\n\n<p class=\"wp-block-paragraph\">Au niveau national, le recensement d\u2019avril dans les <a href=\"https:\/\/www.sensorialsunsets.com\/fr\/oiseaux-du-costa-rica-turrialba-leur-meilleur-refuge\/\">corridors biologiques<\/a> interurbains a enregistr\u00e9 11 976 oiseaux appartenant \u00e0 329 esp\u00e8ces. Les corridors pr\u00e9sentant la plus grande richesse en esp\u00e8ces \u00e9taient Cobri Surac, avec 211 esp\u00e8ces ; Cubujuqu\u00ed, avec 183 ; et Bicentenario Tirib\u00ed, avec 168.<\/p>\n\n<h3 class=\"wp-block-heading\">Pr\u00e9servation urbaine et participation communautaire<\/h3>\n\n<p class=\"wp-block-paragraph\">Le corridor de Cubujuqu\u00ed fait partie du Programme national des corridors biologiques g\u00e9r\u00e9 par le Syst\u00e8me national des zones de conservation (SINAC). Son comit\u00e9 local de suivi rassemble des repr\u00e9sentants de l\u2019Universit\u00e9 nationale, d\u2019institutions gouvernementales, d\u2019organisations non gouvernementales, des municipalit\u00e9s et de la soci\u00e9t\u00e9 civile.<\/p>\n\n<p class=\"wp-block-paragraph\">De plus, cette initiative b\u00e9n\u00e9ficie du soutien du projet \u00ab Transition vers une \u00e9conomie urbaine verte \u00bb de l\u2019Organisation pour les \u00e9tudes tropicales, promu par le Programme des Nations unies pour le d\u00e9veloppement (PNUD).<\/p>\n\n<p class=\"wp-block-paragraph\">Les r\u00e9sultats du recensement montrent le r\u00f4le important que les espaces verts urbains et p\u00e9riurbains peuvent encore jouer dans la protection de la faune sauvage. Dans les r\u00e9gions dens\u00e9ment peupl\u00e9es de la Vall\u00e9e centrale, des corridors tels que celui de Cubujuqu\u00ed d\u00e9montrent qu\u2019il est possible de concilier conservation, \u00e9ducation \u00e0 l\u2019environnement et participation communautaire sans exclure la pr\u00e9sence humaine.<\/p>\n\n<p class=\"wp-block-paragraph\"><strong>Sensorial Sunsets<\/strong><\/p>\n","protected":false},"excerpt":{"rendered":"<p>Le corridor biologique interurbain de Cubujuqu\u00ed, au Costa Rica, a recens\u00e9 un total de 2 366 oiseaux appartenant \u00e0 183 esp\u00e8ces lors de son premier recensement ornithologique de 2026, s\u2019imposant comme l\u2019un des corridors urbains de conservation les plus riches en biodiversit\u00e9 du pays. Le suivi a \u00e9t\u00e9 r\u00e9alis\u00e9 le 25 avril sur 15 itin\u00e9raires [&hellip;]<\/p>\n","protected":false},"author":4,"featured_media":25191,"comment_status":"closed","ping_status":"closed","sticky":false,"template":"","format":"standard","meta":{"_acf_changed":false,"inline_featured_image":false,"_monsterinsights_skip_tracking":false,"footnotes":""},"categories":[1],"tags":[],"class_list":["post-25192","post","type-post","status-publish","format-standard","has-post-thumbnail","hentry","category-non-classifiee"],"acf":[],"yoast_head":"<!-- This site is optimized with the Yoast SEO plugin v28.4 - https:\/\/yoast.com\/product\/yoast-seo-wordpress\/ -->\n<title>Le comptage des oiseaux confirme la richesse biologique du corridor de Cubujuqu\u00ed au Costa Rica - SensorialSunsets<\/title>\n<meta name=\"description\" content=\"Le comptage des oiseaux \u00e0 Cubujuqu\u00ed a permis d\u2019identifier 183 esp\u00e8ces et de confirmer la richesse biologique de ce corridor urbain au Costa Rica.\" \/>\n<meta name=\"robots\" content=\"index, follow, max-snippet:-1, max-image-preview:large, max-video-preview:-1\" \/>\n<link rel=\"canonical\" href=\"https:\/\/www.sensorialsunsets.com\/fr\/le-comptage-des-oiseaux-confirme-la-richesse-biologique-du-corridor-de-cubujuqui-au-costa-rica\/\" \/>\n<meta property=\"og:locale\" content=\"fr_FR\" \/>\n<meta property=\"og:type\" content=\"article\" \/>\n<meta property=\"og:title\" content=\"Le comptage des oiseaux confirme la richesse biologique du corridor de Cubujuqu\u00ed au Costa Rica - SensorialSunsets\" \/>\n<meta property=\"og:description\" content=\"Le comptage des oiseaux \u00e0 Cubujuqu\u00ed a permis d\u2019identifier 183 esp\u00e8ces et de confirmer la richesse biologique de ce corridor urbain au Costa Rica.\" \/>\n<meta property=\"og:url\" content=\"https:\/\/www.sensorialsunsets.com\/fr\/le-comptage-des-oiseaux-confirme-la-richesse-biologique-du-corridor-de-cubujuqui-au-costa-rica\/\" \/>\n<meta property=\"og:site_name\" content=\"SensorialSunsets\" \/>\n<meta property=\"article:publisher\" content=\"https:\/\/www.facebook.com\/Sensorial-Sunsets-109180614715562\" \/>\n<meta property=\"article:published_time\" content=\"2026-05-26T21:22:38+00:00\" \/>\n<meta property=\"article:modified_time\" content=\"2026-05-26T21:22:39+00:00\" \/>\n<meta property=\"og:image\" content=\"https:\/\/www.sensorialsunsets.com\/wp-content\/uploads\/2026\/05\/Pygochelidon-cyanoleuca.jpeg\" \/>\n\t<meta property=\"og:image:width\" content=\"1800\" \/>\n\t<meta property=\"og:image:height\" content=\"1350\" \/>\n\t<meta property=\"og:image:type\" content=\"image\/jpeg\" \/>\n<meta name=\"author\" content=\"Sensorial Sunsets\" \/>\n<meta name=\"twitter:card\" content=\"summary_large_image\" \/>\n<meta name=\"twitter:label1\" content=\"\u00c9crit par\" \/>\n\t<meta name=\"twitter:data1\" content=\"Sensorial Sunsets\" \/>\n\t<meta name=\"twitter:label2\" content=\"Dur\u00e9e de lecture estim\u00e9e\" \/>\n\t<meta name=\"twitter:data2\" content=\"3 minutes\" \/>\n<script type=\"application\/ld+json\" class=\"yoast-schema-graph\">{\"@context\":\"https:\\\/\\\/schema.org\",\"@graph\":[{\"@type\":\"Article\",\"@id\":\"https:\\\/\\\/www.sensorialsunsets.com\\\/fr\\\/le-comptage-des-oiseaux-confirme-la-richesse-biologique-du-corridor-de-cubujuqui-au-costa-rica\\\/#article\",\"isPartOf\":{\"@id\":\"https:\\\/\\\/www.sensorialsunsets.com\\\/fr\\\/le-comptage-des-oiseaux-confirme-la-richesse-biologique-du-corridor-de-cubujuqui-au-costa-rica\\\/\"},\"author\":{\"name\":\"Sensorial Sunsets\",\"@id\":\"https:\\\/\\\/www.sensorialsunsets.com\\\/fr\\\/#\\\/schema\\\/person\\\/7fbe869b21d07a3c3ece1037dc8a8dd9\"},\"headline\":\"Le comptage des oiseaux confirme la richesse biologique du corridor de Cubujuqu\u00ed au Costa Rica\",\"datePublished\":\"2026-05-26T21:22:38+00:00\",\"dateModified\":\"2026-05-26T21:22:39+00:00\",\"mainEntityOfPage\":{\"@id\":\"https:\\\/\\\/www.sensorialsunsets.com\\\/fr\\\/le-comptage-des-oiseaux-confirme-la-richesse-biologique-du-corridor-de-cubujuqui-au-costa-rica\\\/\"},\"wordCount\":662,\"publisher\":{\"@id\":\"https:\\\/\\\/www.sensorialsunsets.com\\\/fr\\\/#organization\"},\"image\":{\"@id\":\"https:\\\/\\\/www.sensorialsunsets.com\\\/fr\\\/le-comptage-des-oiseaux-confirme-la-richesse-biologique-du-corridor-de-cubujuqui-au-costa-rica\\\/#primaryimage\"},\"thumbnailUrl\":\"https:\\\/\\\/www.sensorialsunsets.com\\\/wp-content\\\/uploads\\\/2026\\\/05\\\/Pygochelidon-cyanoleuca.jpeg\",\"articleSection\":[\"Non classifi\u00e9(e)\"],\"inLanguage\":\"fr-FR\"},{\"@type\":\"WebPage\",\"@id\":\"https:\\\/\\\/www.sensorialsunsets.com\\\/fr\\\/le-comptage-des-oiseaux-confirme-la-richesse-biologique-du-corridor-de-cubujuqui-au-costa-rica\\\/\",\"url\":\"https:\\\/\\\/www.sensorialsunsets.com\\\/fr\\\/le-comptage-des-oiseaux-confirme-la-richesse-biologique-du-corridor-de-cubujuqui-au-costa-rica\\\/\",\"name\":\"Le comptage des oiseaux confirme la richesse biologique du corridor de Cubujuqu\u00ed au Costa Rica - SensorialSunsets\",\"isPartOf\":{\"@id\":\"https:\\\/\\\/www.sensorialsunsets.com\\\/fr\\\/#website\"},\"primaryImageOfPage\":{\"@id\":\"https:\\\/\\\/www.sensorialsunsets.com\\\/fr\\\/le-comptage-des-oiseaux-confirme-la-richesse-biologique-du-corridor-de-cubujuqui-au-costa-rica\\\/#primaryimage\"},\"image\":{\"@id\":\"https:\\\/\\\/www.sensorialsunsets.com\\\/fr\\\/le-comptage-des-oiseaux-confirme-la-richesse-biologique-du-corridor-de-cubujuqui-au-costa-rica\\\/#primaryimage\"},\"thumbnailUrl\":\"https:\\\/\\\/www.sensorialsunsets.com\\\/wp-content\\\/uploads\\\/2026\\\/05\\\/Pygochelidon-cyanoleuca.jpeg\",\"datePublished\":\"2026-05-26T21:22:38+00:00\",\"dateModified\":\"2026-05-26T21:22:39+00:00\",\"description\":\"Le comptage des oiseaux \u00e0 Cubujuqu\u00ed a permis d\u2019identifier 183 esp\u00e8ces et de confirmer la richesse biologique de ce corridor urbain au Costa Rica.\",\"inLanguage\":\"fr-FR\",\"potentialAction\":[{\"@type\":\"ReadAction\",\"target\":[\"https:\\\/\\\/www.sensorialsunsets.com\\\/fr\\\/le-comptage-des-oiseaux-confirme-la-richesse-biologique-du-corridor-de-cubujuqui-au-costa-rica\\\/\"]}]},{\"@type\":\"ImageObject\",\"inLanguage\":\"fr-FR\",\"@id\":\"https:\\\/\\\/www.sensorialsunsets.com\\\/fr\\\/le-comptage-des-oiseaux-confirme-la-richesse-biologique-du-corridor-de-cubujuqui-au-costa-rica\\\/#primaryimage\",\"url\":\"https:\\\/\\\/www.sensorialsunsets.com\\\/wp-content\\\/uploads\\\/2026\\\/05\\\/Pygochelidon-cyanoleuca.jpeg\",\"contentUrl\":\"https:\\\/\\\/www.sensorialsunsets.com\\\/wp-content\\\/uploads\\\/2026\\\/05\\\/Pygochelidon-cyanoleuca.jpeg\",\"width\":1800,\"height\":1350},{\"@type\":\"WebSite\",\"@id\":\"https:\\\/\\\/www.sensorialsunsets.com\\\/fr\\\/#website\",\"url\":\"https:\\\/\\\/www.sensorialsunsets.com\\\/fr\\\/\",\"name\":\"SensorialSunsets.com\",\"description\":\"D\u00e9couvrez la culture et la soci\u00e9t\u00e9 du Costa Rica sur notre blog. Explorez des articles captivants et partagez le contenu.\",\"publisher\":{\"@id\":\"https:\\\/\\\/www.sensorialsunsets.com\\\/fr\\\/#organization\"},\"alternateName\":\"Costa Rica Live Blog\",\"potentialAction\":[{\"@type\":\"SearchAction\",\"target\":{\"@type\":\"EntryPoint\",\"urlTemplate\":\"https:\\\/\\\/www.sensorialsunsets.com\\\/fr\\\/?s={search_term_string}\"},\"query-input\":{\"@type\":\"PropertyValueSpecification\",\"valueRequired\":true,\"valueName\":\"search_term_string\"}}],\"inLanguage\":\"fr-FR\"},{\"@type\":\"Organization\",\"@id\":\"https:\\\/\\\/www.sensorialsunsets.com\\\/fr\\\/#organization\",\"name\":\"SensorialSunsets\",\"url\":\"https:\\\/\\\/www.sensorialsunsets.com\\\/fr\\\/\",\"logo\":{\"@type\":\"ImageObject\",\"inLanguage\":\"fr-FR\",\"@id\":\"https:\\\/\\\/www.sensorialsunsets.com\\\/fr\\\/#\\\/schema\\\/logo\\\/image\\\/\",\"url\":\"https:\\\/\\\/www.sensorialsunsets.com\\\/wp-content\\\/uploads\\\/2023\\\/04\\\/Logo_base_line_fond_clair.svg\",\"contentUrl\":\"https:\\\/\\\/www.sensorialsunsets.com\\\/wp-content\\\/uploads\\\/2023\\\/04\\\/Logo_base_line_fond_clair.svg\",\"width\":\"1024\",\"height\":\"1024\",\"caption\":\"SensorialSunsets\"},\"image\":{\"@id\":\"https:\\\/\\\/www.sensorialsunsets.com\\\/fr\\\/#\\\/schema\\\/logo\\\/image\\\/\"},\"sameAs\":[\"https:\\\/\\\/www.facebook.com\\\/Sensorial-Sunsets-109180614715562\",\"https:\\\/\\\/www.instagram.com\\\/sensorialsunsets\\\/\"]},{\"@type\":\"Person\",\"@id\":\"https:\\\/\\\/www.sensorialsunsets.com\\\/fr\\\/#\\\/schema\\\/person\\\/7fbe869b21d07a3c3ece1037dc8a8dd9\",\"name\":\"Sensorial Sunsets\",\"image\":{\"@type\":\"ImageObject\",\"inLanguage\":\"fr-FR\",\"@id\":\"https:\\\/\\\/secure.gravatar.com\\\/avatar\\\/5f2d62681b1dad94c28f1500d4fc75582acdfd32b55fd1acce0a36a3c487eabe?s=96&d=mm&r=g\",\"url\":\"https:\\\/\\\/secure.gravatar.com\\\/avatar\\\/5f2d62681b1dad94c28f1500d4fc75582acdfd32b55fd1acce0a36a3c487eabe?s=96&d=mm&r=g\",\"contentUrl\":\"https:\\\/\\\/secure.gravatar.com\\\/avatar\\\/5f2d62681b1dad94c28f1500d4fc75582acdfd32b55fd1acce0a36a3c487eabe?s=96&d=mm&r=g\",\"caption\":\"Sensorial Sunsets\"},\"url\":\"https:\\\/\\\/www.sensorialsunsets.com\\\/fr\\\/author\\\/asistentes-sensorial-sunsets\\\/\"}]}<\/script>\n<!-- \/ Yoast SEO plugin. -->","yoast_head_json":{"title":"Le comptage des oiseaux confirme la richesse biologique du corridor de Cubujuqu\u00ed au Costa Rica - SensorialSunsets","description":"Le comptage des oiseaux \u00e0 Cubujuqu\u00ed a permis d\u2019identifier 183 esp\u00e8ces et de confirmer la richesse biologique de ce corridor urbain au Costa Rica.","robots":{"index":"index","follow":"follow","max-snippet":"max-snippet:-1","max-image-preview":"max-image-preview:large","max-video-preview":"max-video-preview:-1"},"canonical":"https:\/\/www.sensorialsunsets.com\/fr\/le-comptage-des-oiseaux-confirme-la-richesse-biologique-du-corridor-de-cubujuqui-au-costa-rica\/","og_locale":"fr_FR","og_type":"article","og_title":"Le comptage des oiseaux confirme la richesse biologique du corridor de Cubujuqu\u00ed au Costa Rica - SensorialSunsets","og_description":"Le comptage des oiseaux \u00e0 Cubujuqu\u00ed a permis d\u2019identifier 183 esp\u00e8ces et de confirmer la richesse biologique de ce corridor urbain au Costa Rica.","og_url":"https:\/\/www.sensorialsunsets.com\/fr\/le-comptage-des-oiseaux-confirme-la-richesse-biologique-du-corridor-de-cubujuqui-au-costa-rica\/","og_site_name":"SensorialSunsets","article_publisher":"https:\/\/www.facebook.com\/Sensorial-Sunsets-109180614715562","article_published_time":"2026-05-26T21:22:38+00:00","article_modified_time":"2026-05-26T21:22:39+00:00","og_image":[{"width":1800,"height":1350,"url":"https:\/\/www.sensorialsunsets.com\/wp-content\/uploads\/2026\/05\/Pygochelidon-cyanoleuca.jpeg","type":"image\/jpeg"}],"author":"Sensorial Sunsets","twitter_card":"summary_large_image","twitter_misc":{"\u00c9crit par":"Sensorial Sunsets","Dur\u00e9e de lecture estim\u00e9e":"3 minutes"},"schema":{"@context":"https:\/\/schema.org","@graph":[{"@type":"Article","@id":"https:\/\/www.sensorialsunsets.com\/fr\/le-comptage-des-oiseaux-confirme-la-richesse-biologique-du-corridor-de-cubujuqui-au-costa-rica\/#article","isPartOf":{"@id":"https:\/\/www.sensorialsunsets.com\/fr\/le-comptage-des-oiseaux-confirme-la-richesse-biologique-du-corridor-de-cubujuqui-au-costa-rica\/"},"author":{"name":"Sensorial Sunsets","@id":"https:\/\/www.sensorialsunsets.com\/fr\/#\/schema\/person\/7fbe869b21d07a3c3ece1037dc8a8dd9"},"headline":"Le comptage des oiseaux confirme la richesse biologique du corridor de Cubujuqu\u00ed au Costa Rica","datePublished":"2026-05-26T21:22:38+00:00","dateModified":"2026-05-26T21:22:39+00:00","mainEntityOfPage":{"@id":"https:\/\/www.sensorialsunsets.com\/fr\/le-comptage-des-oiseaux-confirme-la-richesse-biologique-du-corridor-de-cubujuqui-au-costa-rica\/"},"wordCount":662,"publisher":{"@id":"https:\/\/www.sensorialsunsets.com\/fr\/#organization"},"image":{"@id":"https:\/\/www.sensorialsunsets.com\/fr\/le-comptage-des-oiseaux-confirme-la-richesse-biologique-du-corridor-de-cubujuqui-au-costa-rica\/#primaryimage"},"thumbnailUrl":"https:\/\/www.sensorialsunsets.com\/wp-content\/uploads\/2026\/05\/Pygochelidon-cyanoleuca.jpeg","articleSection":["Non classifi\u00e9(e)"],"inLanguage":"fr-FR"},{"@type":"WebPage","@id":"https:\/\/www.sensorialsunsets.com\/fr\/le-comptage-des-oiseaux-confirme-la-richesse-biologique-du-corridor-de-cubujuqui-au-costa-rica\/","url":"https:\/\/www.sensorialsunsets.com\/fr\/le-comptage-des-oiseaux-confirme-la-richesse-biologique-du-corridor-de-cubujuqui-au-costa-rica\/","name":"Le comptage des oiseaux confirme la richesse biologique du corridor de Cubujuqu\u00ed au Costa Rica - SensorialSunsets","isPartOf":{"@id":"https:\/\/www.sensorialsunsets.com\/fr\/#website"},"primaryImageOfPage":{"@id":"https:\/\/www.sensorialsunsets.com\/fr\/le-comptage-des-oiseaux-confirme-la-richesse-biologique-du-corridor-de-cubujuqui-au-costa-rica\/#primaryimage"},"image":{"@id":"https:\/\/www.sensorialsunsets.com\/fr\/le-comptage-des-oiseaux-confirme-la-richesse-biologique-du-corridor-de-cubujuqui-au-costa-rica\/#primaryimage"},"thumbnailUrl":"https:\/\/www.sensorialsunsets.com\/wp-content\/uploads\/2026\/05\/Pygochelidon-cyanoleuca.jpeg","datePublished":"2026-05-26T21:22:38+00:00","dateModified":"2026-05-26T21:22:39+00:00","description":"Le comptage des oiseaux \u00e0 Cubujuqu\u00ed a permis d\u2019identifier 183 esp\u00e8ces et de confirmer la richesse biologique de ce corridor urbain au Costa Rica.","inLanguage":"fr-FR","potentialAction":[{"@type":"ReadAction","target":["https:\/\/www.sensorialsunsets.com\/fr\/le-comptage-des-oiseaux-confirme-la-richesse-biologique-du-corridor-de-cubujuqui-au-costa-rica\/"]}]},{"@type":"ImageObject","inLanguage":"fr-FR","@id":"https:\/\/www.sensorialsunsets.com\/fr\/le-comptage-des-oiseaux-confirme-la-richesse-biologique-du-corridor-de-cubujuqui-au-costa-rica\/#primaryimage","url":"https:\/\/www.sensorialsunsets.com\/wp-content\/uploads\/2026\/05\/Pygochelidon-cyanoleuca.jpeg","contentUrl":"https:\/\/www.sensorialsunsets.com\/wp-content\/uploads\/2026\/05\/Pygochelidon-cyanoleuca.jpeg","width":1800,"height":1350},{"@type":"WebSite","@id":"https:\/\/www.sensorialsunsets.com\/fr\/#website","url":"https:\/\/www.sensorialsunsets.com\/fr\/","name":"SensorialSunsets.com","description":"D\u00e9couvrez la culture et la soci\u00e9t\u00e9 du Costa Rica sur notre blog. Explorez des articles captivants et partagez le contenu.","publisher":{"@id":"https:\/\/www.sensorialsunsets.com\/fr\/#organization"},"alternateName":"Costa Rica Live Blog","potentialAction":[{"@type":"SearchAction","target":{"@type":"EntryPoint","urlTemplate":"https:\/\/www.sensorialsunsets.com\/fr\/?s={search_term_string}"},"query-input":{"@type":"PropertyValueSpecification","valueRequired":true,"valueName":"search_term_string"}}],"inLanguage":"fr-FR"},{"@type":"Organization","@id":"https:\/\/www.sensorialsunsets.com\/fr\/#organization","name":"SensorialSunsets","url":"https:\/\/www.sensorialsunsets.com\/fr\/","logo":{"@type":"ImageObject","inLanguage":"fr-FR","@id":"https:\/\/www.sensorialsunsets.com\/fr\/#\/schema\/logo\/image\/","url":"https:\/\/www.sensorialsunsets.com\/wp-content\/uploads\/2023\/04\/Logo_base_line_fond_clair.svg","contentUrl":"https:\/\/www.sensorialsunsets.com\/wp-content\/uploads\/2023\/04\/Logo_base_line_fond_clair.svg","width":"1024","height":"1024","caption":"SensorialSunsets"},"image":{"@id":"https:\/\/www.sensorialsunsets.com\/fr\/#\/schema\/logo\/image\/"},"sameAs":["https:\/\/www.facebook.com\/Sensorial-Sunsets-109180614715562","https:\/\/www.instagram.com\/sensorialsunsets\/"]},{"@type":"Person","@id":"https:\/\/www.sensorialsunsets.com\/fr\/#\/schema\/person\/7fbe869b21d07a3c3ece1037dc8a8dd9","name":"Sensorial Sunsets","image":{"@type":"ImageObject","inLanguage":"fr-FR","@id":"https:\/\/secure.gravatar.com\/avatar\/5f2d62681b1dad94c28f1500d4fc75582acdfd32b55fd1acce0a36a3c487eabe?s=96&d=mm&r=g","url":"https:\/\/secure.gravatar.com\/avatar\/5f2d62681b1dad94c28f1500d4fc75582acdfd32b55fd1acce0a36a3c487eabe?s=96&d=mm&r=g","contentUrl":"https:\/\/secure.gravatar.com\/avatar\/5f2d62681b1dad94c28f1500d4fc75582acdfd32b55fd1acce0a36a3c487eabe?s=96&d=mm&r=g","caption":"Sensorial Sunsets"},"url":"https:\/\/www.sensorialsunsets.com\/fr\/author\/asistentes-sensorial-sunsets\/"}]}},"_links":{"self":[{"href":"https:\/\/www.sensorialsunsets.com\/fr\/wp-json\/wp\/v2\/posts\/25192","targetHints":{"allow":["GET"]}}],"collection":[{"href":"https:\/\/www.sensorialsunsets.com\/fr\/wp-json\/wp\/v2\/posts"}],"about":[{"href":"https:\/\/www.sensorialsunsets.com\/fr\/wp-json\/wp\/v2\/types\/post"}],"author":[{"embeddable":true,"href":"https:\/\/www.sensorialsunsets.com\/fr\/wp-json\/wp\/v2\/users\/4"}],"replies":[{"embeddable":true,"href":"https:\/\/www.sensorialsunsets.com\/fr\/wp-json\/wp\/v2\/comments?post=25192"}],"version-history":[{"count":0,"href":"https:\/\/www.sensorialsunsets.com\/fr\/wp-json\/wp\/v2\/posts\/25192\/revisions"}],"wp:featuredmedia":[{"embeddable":true,"href":"https:\/\/www.sensorialsunsets.com\/fr\/wp-json\/wp\/v2\/media\/25191"}],"wp:attachment":[{"href":"https:\/\/www.sensorialsunsets.com\/fr\/wp-json\/wp\/v2\/media?parent=25192"}],"wp:term":[{"taxonomy":"category","embeddable":true,"href":"https:\/\/www.sensorialsunsets.com\/fr\/wp-json\/wp\/v2\/categories?post=25192"},{"taxonomy":"post_tag","embeddable":true,"href":"https:\/\/www.sensorialsunsets.com\/fr\/wp-json\/wp\/v2\/tags?post=25192"}],"curies":[{"name":"wp","href":"https:\/\/api.w.org\/{rel}","templated":true}]}}