{"id":25217,"date":"2026-05-29T13:56:44","date_gmt":"2026-05-29T19:56:44","guid":{"rendered":"https:\/\/www.sensorialsunsets.com\/nouvelle-espece-de-ver-marin-decouverte-a-playa-naranjo\/"},"modified":"2026-05-29T13:56:45","modified_gmt":"2026-05-29T19:56:45","slug":"nouvelle-espece-de-ver-marin-decouverte-a-playa-naranjo","status":"publish","type":"post","link":"https:\/\/www.sensorialsunsets.com\/fr\/nouvelle-espece-de-ver-marin-decouverte-a-playa-naranjo\/","title":{"rendered":"Nouvelle esp\u00e8ce de ver marin d\u00e9couverte \u00e0 Playa Naranjo"},"content":{"rendered":"\n<p class=\"wp-block-paragraph\">Une nouvelle esp\u00e8ce de ver marin a \u00e9t\u00e9 d\u00e9couverte sur la c\u00f4te pacifique du Costa Rica, plus pr\u00e9cis\u00e9ment \u00e0 Playa Naranjo, dans la province de Guanacaste. Cette d\u00e9couverte a surpris les chercheurs en raison de l&rsquo;apparence singuli\u00e8re de l&rsquo;animal, dont la couleur rappelle le pelage d&rsquo;un jaguar.<\/p>\n\n<p class=\"wp-block-paragraph\">L&rsquo;esp\u00e8ce a \u00e9t\u00e9 baptis\u00e9e <em>Sthenelais onca<\/em> et sa d\u00e9couverte a \u00e9t\u00e9 confirm\u00e9e gr\u00e2ce au projet BioMar-ACG, une initiative scientifique \u00e0 laquelle participe le Centre de recherche en sciences de la mer et en limnologie (CIMAR) de l&rsquo;Universit\u00e9 du Costa Rica.<\/p>\n\n<h3 class=\"wp-block-heading\">Une d\u00e9couverte qui a d\u00e9but\u00e9 en 2016<\/h3>\n\n<p class=\"wp-block-paragraph\">La description officielle de cette nouvelle esp\u00e8ce a \u00e9t\u00e9 publi\u00e9e r\u00e9cemment dans la revue scientifique internationale <em>ZooKeys<\/em>, dans une \u00e9tude r\u00e9dig\u00e9e par les chercheurs Jeffrey A. Sibaja-Cordero et Waiomi Miranda-Garc\u00eda.<\/p>\n\n<p class=\"wp-block-paragraph\">La premi\u00e8re rencontre avec ce ver singulier a eu lieu en f\u00e9vrier 2016, lors de travaux de terrain men\u00e9s \u00e0 Playa Naranjo. \u00c0 cette occasion, les scientifiques ont pr\u00e9lev\u00e9 quatre sp\u00e9cimens enfouis dans le sable humide. Ce n&rsquo;est toutefois qu&rsquo;au cours d&rsquo;une deuxi\u00e8me exp\u00e9dition, men\u00e9e en mai 2024, qu&rsquo;ils ont pu obtenir davantage de sp\u00e9cimens et achever la description formelle de l&rsquo;esp\u00e8ce.<\/p>\n\n<h5 class=\"wp-block-heading\">Inspir\u00e9 de l\u2019apparence du jaguar<\/h5>\n\n<p class=\"wp-block-paragraph\">Selon les chercheurs, ce ver a imm\u00e9diatement attir\u00e9 l&rsquo;attention en raison de sa taille, de son anatomie et de ses motifs de couleur. Il pr\u00e9sente des nuances d&rsquo;orange, de gris et de cr\u00e8me qui rappellent les taches du jaguar (<em>Panthera onca<\/em>), l&rsquo;un des f\u00e9lins les plus embl\u00e9matiques d&rsquo;Am\u00e9rique.<\/p>\n\n<blockquote class=\"wp-block-quote is-layout-flow wp-block-quote-is-layout-flow\">\n<p class=\"wp-block-paragraph\">Le ver pr\u00e9sente des teintes orang\u00e9es, grises et cr\u00e8me qui rappellent le pelage du jaguar ; c&rsquo;est pr\u00e9cis\u00e9ment en raison de cette ressemblance et du fait qu&rsquo;il s&rsquo;agit d&rsquo;un pr\u00e9dateur au sein de l&rsquo;\u00e9cosyst\u00e8me marin qu&rsquo;il a re\u00e7u ce nom.<a href=\"https:\/\/observador.cr\/author\/mmena\/\"><\/a><\/p>\n<\/blockquote>\n\n<div style=\"height:100px\" aria-hidden=\"true\" class=\"wp-block-spacer\"><\/div>\n\n<figure class=\"wp-block-gallery has-nested-images columns-default is-cropped wp-block-gallery-1 is-layout-flex wp-block-gallery-is-layout-flex\">\n<figure class=\"wp-block-image size-large\"><img loading=\"lazy\" decoding=\"async\" width=\"700\" height=\"450\" data-id=\"25204\" src=\"https:\/\/www.sensorialsunsets.com\/wp-content\/uploads\/2026\/05\/gusano-marino4.jpeg\" alt=\"\" class=\"wp-image-25204\" srcset=\"https:\/\/www.sensorialsunsets.com\/wp-content\/uploads\/2026\/05\/gusano-marino4.jpeg 700w, https:\/\/www.sensorialsunsets.com\/wp-content\/uploads\/2026\/05\/gusano-marino4-300x193.jpeg 300w\" sizes=\"auto, (max-width: 700px) 100vw, 700px\" \/><\/figure>\n\n\n\n<figure class=\"wp-block-image size-large\"><img loading=\"lazy\" decoding=\"async\" width=\"700\" height=\"450\" data-id=\"25205\" src=\"https:\/\/www.sensorialsunsets.com\/wp-content\/uploads\/2026\/05\/gusano-marino3.jpeg\" alt=\"\" class=\"wp-image-25205\" srcset=\"https:\/\/www.sensorialsunsets.com\/wp-content\/uploads\/2026\/05\/gusano-marino3.jpeg 700w, https:\/\/www.sensorialsunsets.com\/wp-content\/uploads\/2026\/05\/gusano-marino3-300x193.jpeg 300w\" sizes=\"auto, (max-width: 700px) 100vw, 700px\" \/><\/figure>\n\n\n\n<figure class=\"wp-block-image size-large\"><img loading=\"lazy\" decoding=\"async\" width=\"788\" height=\"450\" data-id=\"25203\" src=\"https:\/\/www.sensorialsunsets.com\/wp-content\/uploads\/2026\/05\/gusano-marino1-788x450-1.jpeg\" alt=\"\" class=\"wp-image-25203\" srcset=\"https:\/\/www.sensorialsunsets.com\/wp-content\/uploads\/2026\/05\/gusano-marino1-788x450-1.jpeg 788w, https:\/\/www.sensorialsunsets.com\/wp-content\/uploads\/2026\/05\/gusano-marino1-788x450-1-300x171.jpeg 300w, https:\/\/www.sensorialsunsets.com\/wp-content\/uploads\/2026\/05\/gusano-marino1-788x450-1-768x439.jpeg 768w\" sizes=\"auto, (max-width: 788px) 100vw, 788px\" \/><\/figure>\n<\/figure>\n\n<div style=\"height:100px\" aria-hidden=\"true\" class=\"wp-block-spacer\"><\/div>\n\n<p class=\"wp-block-paragraph\">Cette ressemblance visuelle, associ\u00e9e \u00e0 son comportement de pr\u00e9dateur au sein de l&rsquo;\u00e9cosyst\u00e8me marin, a inspir\u00e9 le nom <em>Sthenelais onca<\/em>.<\/p>\n\n<p class=\"wp-block-paragraph\">Cette d\u00e9couverte met une nouvelle fois en \u00e9vidence la richesse biologique du Costa Rica et l&rsquo;importance de poursuivre l&rsquo;exploration et l&rsquo;\u00e9tude des \u00e9cosyst\u00e8mes marins du pays, o\u00f9 subsistent encore des esp\u00e8ces inconnues de la science.<\/p>\n\n<p class=\"wp-block-paragraph\"><strong>Sensorial Sunsets<\/strong><\/p>\n","protected":false},"excerpt":{"rendered":"<p>Une nouvelle esp\u00e8ce de ver marin a \u00e9t\u00e9 d\u00e9couverte sur la c\u00f4te pacifique du Costa Rica, plus pr\u00e9cis\u00e9ment \u00e0 Playa Naranjo, dans la province de Guanacaste. Cette d\u00e9couverte a surpris les chercheurs en raison de l&rsquo;apparence singuli\u00e8re de l&rsquo;animal, dont la couleur rappelle le pelage d&rsquo;un jaguar. L&rsquo;esp\u00e8ce a \u00e9t\u00e9 baptis\u00e9e Sthenelais onca et sa [&hellip;]<\/p>\n","protected":false},"author":4,"featured_media":25216,"comment_status":"closed","ping_status":"closed","sticky":false,"template":"","format":"standard","meta":{"_acf_changed":false,"inline_featured_image":false,"_monsterinsights_skip_tracking":false,"footnotes":""},"categories":[1],"tags":[],"class_list":["post-25217","post","type-post","status-publish","format-standard","has-post-thumbnail","hentry","category-non-classifiee"],"acf":[],"yoast_head":"<!-- This site is optimized with the Yoast SEO plugin v28.4 - https:\/\/yoast.com\/product\/yoast-seo-wordpress\/ -->\n<title>Nouvelle esp\u00e8ce de ver marin d\u00e9couverte \u00e0 Playa Naranjo - SensorialSunsets<\/title>\n<meta name=\"description\" content=\"Une nouvelle esp\u00e8ce de ver marin a \u00e9t\u00e9 d\u00e9couverte au Costa Rica, \u00e0 Playa Naranjo, et surprend par son apparence qui rappelle celle d&#039;un jaguar.\" \/>\n<meta name=\"robots\" content=\"index, follow, max-snippet:-1, max-image-preview:large, max-video-preview:-1\" \/>\n<link rel=\"canonical\" href=\"https:\/\/www.sensorialsunsets.com\/fr\/nouvelle-espece-de-ver-marin-decouverte-a-playa-naranjo\/\" \/>\n<meta property=\"og:locale\" content=\"fr_FR\" \/>\n<meta property=\"og:type\" content=\"article\" \/>\n<meta property=\"og:title\" content=\"Nouvelle esp\u00e8ce de ver marin d\u00e9couverte \u00e0 Playa Naranjo - SensorialSunsets\" \/>\n<meta property=\"og:description\" content=\"Une nouvelle esp\u00e8ce de ver marin a \u00e9t\u00e9 d\u00e9couverte au Costa Rica, \u00e0 Playa Naranjo, et surprend par son apparence qui rappelle celle d&#039;un jaguar.\" \/>\n<meta property=\"og:url\" content=\"https:\/\/www.sensorialsunsets.com\/fr\/nouvelle-espece-de-ver-marin-decouverte-a-playa-naranjo\/\" \/>\n<meta property=\"og:site_name\" content=\"SensorialSunsets\" \/>\n<meta property=\"article:publisher\" content=\"https:\/\/www.facebook.com\/Sensorial-Sunsets-109180614715562\" \/>\n<meta property=\"article:published_time\" content=\"2026-05-29T19:56:44+00:00\" \/>\n<meta property=\"article:modified_time\" content=\"2026-05-29T19:56:45+00:00\" \/>\n<meta property=\"og:image\" content=\"https:\/\/www.sensorialsunsets.com\/wp-content\/uploads\/2026\/05\/gusano-marino1-788x450-1.jpeg\" \/>\n\t<meta property=\"og:image:width\" content=\"788\" \/>\n\t<meta property=\"og:image:height\" content=\"450\" \/>\n\t<meta property=\"og:image:type\" content=\"image\/jpeg\" \/>\n<meta name=\"author\" content=\"Sensorial Sunsets\" \/>\n<meta name=\"twitter:card\" content=\"summary_large_image\" \/>\n<meta name=\"twitter:label1\" content=\"\u00c9crit par\" \/>\n\t<meta name=\"twitter:data1\" content=\"Sensorial Sunsets\" \/>\n\t<meta name=\"twitter:label2\" content=\"Dur\u00e9e de lecture estim\u00e9e\" \/>\n\t<meta name=\"twitter:data2\" content=\"2 minutes\" \/>\n<script type=\"application\/ld+json\" class=\"yoast-schema-graph\">{\"@context\":\"https:\\\/\\\/schema.org\",\"@graph\":[{\"@type\":\"Article\",\"@id\":\"https:\\\/\\\/www.sensorialsunsets.com\\\/fr\\\/nouvelle-espece-de-ver-marin-decouverte-a-playa-naranjo\\\/#article\",\"isPartOf\":{\"@id\":\"https:\\\/\\\/www.sensorialsunsets.com\\\/fr\\\/nouvelle-espece-de-ver-marin-decouverte-a-playa-naranjo\\\/\"},\"author\":{\"name\":\"Sensorial Sunsets\",\"@id\":\"https:\\\/\\\/www.sensorialsunsets.com\\\/fr\\\/#\\\/schema\\\/person\\\/7fbe869b21d07a3c3ece1037dc8a8dd9\"},\"headline\":\"Nouvelle esp\u00e8ce de ver marin d\u00e9couverte \u00e0 Playa Naranjo\",\"datePublished\":\"2026-05-29T19:56:44+00:00\",\"dateModified\":\"2026-05-29T19:56:45+00:00\",\"mainEntityOfPage\":{\"@id\":\"https:\\\/\\\/www.sensorialsunsets.com\\\/fr\\\/nouvelle-espece-de-ver-marin-decouverte-a-playa-naranjo\\\/\"},\"wordCount\":412,\"publisher\":{\"@id\":\"https:\\\/\\\/www.sensorialsunsets.com\\\/fr\\\/#organization\"},\"image\":{\"@id\":\"https:\\\/\\\/www.sensorialsunsets.com\\\/fr\\\/nouvelle-espece-de-ver-marin-decouverte-a-playa-naranjo\\\/#primaryimage\"},\"thumbnailUrl\":\"https:\\\/\\\/www.sensorialsunsets.com\\\/wp-content\\\/uploads\\\/2026\\\/05\\\/gusano-marino1-788x450-1.jpeg\",\"articleSection\":[\"Non classifi\u00e9(e)\"],\"inLanguage\":\"fr-FR\"},{\"@type\":\"WebPage\",\"@id\":\"https:\\\/\\\/www.sensorialsunsets.com\\\/fr\\\/nouvelle-espece-de-ver-marin-decouverte-a-playa-naranjo\\\/\",\"url\":\"https:\\\/\\\/www.sensorialsunsets.com\\\/fr\\\/nouvelle-espece-de-ver-marin-decouverte-a-playa-naranjo\\\/\",\"name\":\"Nouvelle esp\u00e8ce de ver marin d\u00e9couverte \u00e0 Playa Naranjo - SensorialSunsets\",\"isPartOf\":{\"@id\":\"https:\\\/\\\/www.sensorialsunsets.com\\\/fr\\\/#website\"},\"primaryImageOfPage\":{\"@id\":\"https:\\\/\\\/www.sensorialsunsets.com\\\/fr\\\/nouvelle-espece-de-ver-marin-decouverte-a-playa-naranjo\\\/#primaryimage\"},\"image\":{\"@id\":\"https:\\\/\\\/www.sensorialsunsets.com\\\/fr\\\/nouvelle-espece-de-ver-marin-decouverte-a-playa-naranjo\\\/#primaryimage\"},\"thumbnailUrl\":\"https:\\\/\\\/www.sensorialsunsets.com\\\/wp-content\\\/uploads\\\/2026\\\/05\\\/gusano-marino1-788x450-1.jpeg\",\"datePublished\":\"2026-05-29T19:56:44+00:00\",\"dateModified\":\"2026-05-29T19:56:45+00:00\",\"description\":\"Une nouvelle esp\u00e8ce de ver marin a \u00e9t\u00e9 d\u00e9couverte au Costa Rica, \u00e0 Playa Naranjo, et surprend par son apparence qui rappelle celle d'un jaguar.\",\"inLanguage\":\"fr-FR\",\"potentialAction\":[{\"@type\":\"ReadAction\",\"target\":[\"https:\\\/\\\/www.sensorialsunsets.com\\\/fr\\\/nouvelle-espece-de-ver-marin-decouverte-a-playa-naranjo\\\/\"]}]},{\"@type\":\"ImageObject\",\"inLanguage\":\"fr-FR\",\"@id\":\"https:\\\/\\\/www.sensorialsunsets.com\\\/fr\\\/nouvelle-espece-de-ver-marin-decouverte-a-playa-naranjo\\\/#primaryimage\",\"url\":\"https:\\\/\\\/www.sensorialsunsets.com\\\/wp-content\\\/uploads\\\/2026\\\/05\\\/gusano-marino1-788x450-1.jpeg\",\"contentUrl\":\"https:\\\/\\\/www.sensorialsunsets.com\\\/wp-content\\\/uploads\\\/2026\\\/05\\\/gusano-marino1-788x450-1.jpeg\",\"width\":788,\"height\":450},{\"@type\":\"WebSite\",\"@id\":\"https:\\\/\\\/www.sensorialsunsets.com\\\/fr\\\/#website\",\"url\":\"https:\\\/\\\/www.sensorialsunsets.com\\\/fr\\\/\",\"name\":\"SensorialSunsets.com\",\"description\":\"D\u00e9couvrez la culture et la soci\u00e9t\u00e9 du Costa Rica sur notre blog. Explorez des articles captivants et partagez le contenu.\",\"publisher\":{\"@id\":\"https:\\\/\\\/www.sensorialsunsets.com\\\/fr\\\/#organization\"},\"alternateName\":\"Costa Rica Live Blog\",\"potentialAction\":[{\"@type\":\"SearchAction\",\"target\":{\"@type\":\"EntryPoint\",\"urlTemplate\":\"https:\\\/\\\/www.sensorialsunsets.com\\\/fr\\\/?s={search_term_string}\"},\"query-input\":{\"@type\":\"PropertyValueSpecification\",\"valueRequired\":true,\"valueName\":\"search_term_string\"}}],\"inLanguage\":\"fr-FR\"},{\"@type\":\"Organization\",\"@id\":\"https:\\\/\\\/www.sensorialsunsets.com\\\/fr\\\/#organization\",\"name\":\"SensorialSunsets\",\"url\":\"https:\\\/\\\/www.sensorialsunsets.com\\\/fr\\\/\",\"logo\":{\"@type\":\"ImageObject\",\"inLanguage\":\"fr-FR\",\"@id\":\"https:\\\/\\\/www.sensorialsunsets.com\\\/fr\\\/#\\\/schema\\\/logo\\\/image\\\/\",\"url\":\"https:\\\/\\\/www.sensorialsunsets.com\\\/wp-content\\\/uploads\\\/2023\\\/04\\\/Logo_base_line_fond_clair.svg\",\"contentUrl\":\"https:\\\/\\\/www.sensorialsunsets.com\\\/wp-content\\\/uploads\\\/2023\\\/04\\\/Logo_base_line_fond_clair.svg\",\"width\":\"1024\",\"height\":\"1024\",\"caption\":\"SensorialSunsets\"},\"image\":{\"@id\":\"https:\\\/\\\/www.sensorialsunsets.com\\\/fr\\\/#\\\/schema\\\/logo\\\/image\\\/\"},\"sameAs\":[\"https:\\\/\\\/www.facebook.com\\\/Sensorial-Sunsets-109180614715562\",\"https:\\\/\\\/www.instagram.com\\\/sensorialsunsets\\\/\"]},{\"@type\":\"Person\",\"@id\":\"https:\\\/\\\/www.sensorialsunsets.com\\\/fr\\\/#\\\/schema\\\/person\\\/7fbe869b21d07a3c3ece1037dc8a8dd9\",\"name\":\"Sensorial Sunsets\",\"image\":{\"@type\":\"ImageObject\",\"inLanguage\":\"fr-FR\",\"@id\":\"https:\\\/\\\/secure.gravatar.com\\\/avatar\\\/5f2d62681b1dad94c28f1500d4fc75582acdfd32b55fd1acce0a36a3c487eabe?s=96&d=mm&r=g\",\"url\":\"https:\\\/\\\/secure.gravatar.com\\\/avatar\\\/5f2d62681b1dad94c28f1500d4fc75582acdfd32b55fd1acce0a36a3c487eabe?s=96&d=mm&r=g\",\"contentUrl\":\"https:\\\/\\\/secure.gravatar.com\\\/avatar\\\/5f2d62681b1dad94c28f1500d4fc75582acdfd32b55fd1acce0a36a3c487eabe?s=96&d=mm&r=g\",\"caption\":\"Sensorial Sunsets\"},\"url\":\"https:\\\/\\\/www.sensorialsunsets.com\\\/fr\\\/author\\\/asistentes-sensorial-sunsets\\\/\"}]}<\/script>\n<!-- \/ Yoast SEO plugin. -->","yoast_head_json":{"title":"Nouvelle esp\u00e8ce de ver marin d\u00e9couverte \u00e0 Playa Naranjo - SensorialSunsets","description":"Une nouvelle esp\u00e8ce de ver marin a \u00e9t\u00e9 d\u00e9couverte au Costa Rica, \u00e0 Playa Naranjo, et surprend par son apparence qui rappelle celle d'un jaguar.","robots":{"index":"index","follow":"follow","max-snippet":"max-snippet:-1","max-image-preview":"max-image-preview:large","max-video-preview":"max-video-preview:-1"},"canonical":"https:\/\/www.sensorialsunsets.com\/fr\/nouvelle-espece-de-ver-marin-decouverte-a-playa-naranjo\/","og_locale":"fr_FR","og_type":"article","og_title":"Nouvelle esp\u00e8ce de ver marin d\u00e9couverte \u00e0 Playa Naranjo - SensorialSunsets","og_description":"Une nouvelle esp\u00e8ce de ver marin a \u00e9t\u00e9 d\u00e9couverte au Costa Rica, \u00e0 Playa Naranjo, et surprend par son apparence qui rappelle celle d'un jaguar.","og_url":"https:\/\/www.sensorialsunsets.com\/fr\/nouvelle-espece-de-ver-marin-decouverte-a-playa-naranjo\/","og_site_name":"SensorialSunsets","article_publisher":"https:\/\/www.facebook.com\/Sensorial-Sunsets-109180614715562","article_published_time":"2026-05-29T19:56:44+00:00","article_modified_time":"2026-05-29T19:56:45+00:00","og_image":[{"width":788,"height":450,"url":"https:\/\/www.sensorialsunsets.com\/wp-content\/uploads\/2026\/05\/gusano-marino1-788x450-1.jpeg","type":"image\/jpeg"}],"author":"Sensorial Sunsets","twitter_card":"summary_large_image","twitter_misc":{"\u00c9crit par":"Sensorial Sunsets","Dur\u00e9e de lecture estim\u00e9e":"2 minutes"},"schema":{"@context":"https:\/\/schema.org","@graph":[{"@type":"Article","@id":"https:\/\/www.sensorialsunsets.com\/fr\/nouvelle-espece-de-ver-marin-decouverte-a-playa-naranjo\/#article","isPartOf":{"@id":"https:\/\/www.sensorialsunsets.com\/fr\/nouvelle-espece-de-ver-marin-decouverte-a-playa-naranjo\/"},"author":{"name":"Sensorial Sunsets","@id":"https:\/\/www.sensorialsunsets.com\/fr\/#\/schema\/person\/7fbe869b21d07a3c3ece1037dc8a8dd9"},"headline":"Nouvelle esp\u00e8ce de ver marin d\u00e9couverte \u00e0 Playa Naranjo","datePublished":"2026-05-29T19:56:44+00:00","dateModified":"2026-05-29T19:56:45+00:00","mainEntityOfPage":{"@id":"https:\/\/www.sensorialsunsets.com\/fr\/nouvelle-espece-de-ver-marin-decouverte-a-playa-naranjo\/"},"wordCount":412,"publisher":{"@id":"https:\/\/www.sensorialsunsets.com\/fr\/#organization"},"image":{"@id":"https:\/\/www.sensorialsunsets.com\/fr\/nouvelle-espece-de-ver-marin-decouverte-a-playa-naranjo\/#primaryimage"},"thumbnailUrl":"https:\/\/www.sensorialsunsets.com\/wp-content\/uploads\/2026\/05\/gusano-marino1-788x450-1.jpeg","articleSection":["Non classifi\u00e9(e)"],"inLanguage":"fr-FR"},{"@type":"WebPage","@id":"https:\/\/www.sensorialsunsets.com\/fr\/nouvelle-espece-de-ver-marin-decouverte-a-playa-naranjo\/","url":"https:\/\/www.sensorialsunsets.com\/fr\/nouvelle-espece-de-ver-marin-decouverte-a-playa-naranjo\/","name":"Nouvelle esp\u00e8ce de ver marin d\u00e9couverte \u00e0 Playa Naranjo - SensorialSunsets","isPartOf":{"@id":"https:\/\/www.sensorialsunsets.com\/fr\/#website"},"primaryImageOfPage":{"@id":"https:\/\/www.sensorialsunsets.com\/fr\/nouvelle-espece-de-ver-marin-decouverte-a-playa-naranjo\/#primaryimage"},"image":{"@id":"https:\/\/www.sensorialsunsets.com\/fr\/nouvelle-espece-de-ver-marin-decouverte-a-playa-naranjo\/#primaryimage"},"thumbnailUrl":"https:\/\/www.sensorialsunsets.com\/wp-content\/uploads\/2026\/05\/gusano-marino1-788x450-1.jpeg","datePublished":"2026-05-29T19:56:44+00:00","dateModified":"2026-05-29T19:56:45+00:00","description":"Une nouvelle esp\u00e8ce de ver marin a \u00e9t\u00e9 d\u00e9couverte au Costa Rica, \u00e0 Playa Naranjo, et surprend par son apparence qui rappelle celle d'un jaguar.","inLanguage":"fr-FR","potentialAction":[{"@type":"ReadAction","target":["https:\/\/www.sensorialsunsets.com\/fr\/nouvelle-espece-de-ver-marin-decouverte-a-playa-naranjo\/"]}]},{"@type":"ImageObject","inLanguage":"fr-FR","@id":"https:\/\/www.sensorialsunsets.com\/fr\/nouvelle-espece-de-ver-marin-decouverte-a-playa-naranjo\/#primaryimage","url":"https:\/\/www.sensorialsunsets.com\/wp-content\/uploads\/2026\/05\/gusano-marino1-788x450-1.jpeg","contentUrl":"https:\/\/www.sensorialsunsets.com\/wp-content\/uploads\/2026\/05\/gusano-marino1-788x450-1.jpeg","width":788,"height":450},{"@type":"WebSite","@id":"https:\/\/www.sensorialsunsets.com\/fr\/#website","url":"https:\/\/www.sensorialsunsets.com\/fr\/","name":"SensorialSunsets.com","description":"D\u00e9couvrez la culture et la soci\u00e9t\u00e9 du Costa Rica sur notre blog. Explorez des articles captivants et partagez le contenu.","publisher":{"@id":"https:\/\/www.sensorialsunsets.com\/fr\/#organization"},"alternateName":"Costa Rica Live Blog","potentialAction":[{"@type":"SearchAction","target":{"@type":"EntryPoint","urlTemplate":"https:\/\/www.sensorialsunsets.com\/fr\/?s={search_term_string}"},"query-input":{"@type":"PropertyValueSpecification","valueRequired":true,"valueName":"search_term_string"}}],"inLanguage":"fr-FR"},{"@type":"Organization","@id":"https:\/\/www.sensorialsunsets.com\/fr\/#organization","name":"SensorialSunsets","url":"https:\/\/www.sensorialsunsets.com\/fr\/","logo":{"@type":"ImageObject","inLanguage":"fr-FR","@id":"https:\/\/www.sensorialsunsets.com\/fr\/#\/schema\/logo\/image\/","url":"https:\/\/www.sensorialsunsets.com\/wp-content\/uploads\/2023\/04\/Logo_base_line_fond_clair.svg","contentUrl":"https:\/\/www.sensorialsunsets.com\/wp-content\/uploads\/2023\/04\/Logo_base_line_fond_clair.svg","width":"1024","height":"1024","caption":"SensorialSunsets"},"image":{"@id":"https:\/\/www.sensorialsunsets.com\/fr\/#\/schema\/logo\/image\/"},"sameAs":["https:\/\/www.facebook.com\/Sensorial-Sunsets-109180614715562","https:\/\/www.instagram.com\/sensorialsunsets\/"]},{"@type":"Person","@id":"https:\/\/www.sensorialsunsets.com\/fr\/#\/schema\/person\/7fbe869b21d07a3c3ece1037dc8a8dd9","name":"Sensorial Sunsets","image":{"@type":"ImageObject","inLanguage":"fr-FR","@id":"https:\/\/secure.gravatar.com\/avatar\/5f2d62681b1dad94c28f1500d4fc75582acdfd32b55fd1acce0a36a3c487eabe?s=96&d=mm&r=g","url":"https:\/\/secure.gravatar.com\/avatar\/5f2d62681b1dad94c28f1500d4fc75582acdfd32b55fd1acce0a36a3c487eabe?s=96&d=mm&r=g","contentUrl":"https:\/\/secure.gravatar.com\/avatar\/5f2d62681b1dad94c28f1500d4fc75582acdfd32b55fd1acce0a36a3c487eabe?s=96&d=mm&r=g","caption":"Sensorial Sunsets"},"url":"https:\/\/www.sensorialsunsets.com\/fr\/author\/asistentes-sensorial-sunsets\/"}]}},"_links":{"self":[{"href":"https:\/\/www.sensorialsunsets.com\/fr\/wp-json\/wp\/v2\/posts\/25217","targetHints":{"allow":["GET"]}}],"collection":[{"href":"https:\/\/www.sensorialsunsets.com\/fr\/wp-json\/wp\/v2\/posts"}],"about":[{"href":"https:\/\/www.sensorialsunsets.com\/fr\/wp-json\/wp\/v2\/types\/post"}],"author":[{"embeddable":true,"href":"https:\/\/www.sensorialsunsets.com\/fr\/wp-json\/wp\/v2\/users\/4"}],"replies":[{"embeddable":true,"href":"https:\/\/www.sensorialsunsets.com\/fr\/wp-json\/wp\/v2\/comments?post=25217"}],"version-history":[{"count":0,"href":"https:\/\/www.sensorialsunsets.com\/fr\/wp-json\/wp\/v2\/posts\/25217\/revisions"}],"wp:featuredmedia":[{"embeddable":true,"href":"https:\/\/www.sensorialsunsets.com\/fr\/wp-json\/wp\/v2\/media\/25216"}],"wp:attachment":[{"href":"https:\/\/www.sensorialsunsets.com\/fr\/wp-json\/wp\/v2\/media?parent=25217"}],"wp:term":[{"taxonomy":"category","embeddable":true,"href":"https:\/\/www.sensorialsunsets.com\/fr\/wp-json\/wp\/v2\/categories?post=25217"},{"taxonomy":"post_tag","embeddable":true,"href":"https:\/\/www.sensorialsunsets.com\/fr\/wp-json\/wp\/v2\/tags?post=25217"}],"curies":[{"name":"wp","href":"https:\/\/api.w.org\/{rel}","templated":true}]}}