{"id":25237,"date":"2026-06-01T17:20:19","date_gmt":"2026-06-01T23:20:19","guid":{"rendered":"https:\/\/www.sensorialsunsets.com\/rucher-reserva-conchal-projet-pilote-visant-a-renforcer-les-populations-dabeilles-face-au-changement-climatique\/"},"modified":"2026-06-01T17:20:20","modified_gmt":"2026-06-01T23:20:20","slug":"rucher-reserva-conchal-projet-pilote-visant-a-renforcer-les-populations-dabeilles-face-au-changement-climatique","status":"publish","type":"post","link":"https:\/\/www.sensorialsunsets.com\/fr\/rucher-reserva-conchal-projet-pilote-visant-a-renforcer-les-populations-dabeilles-face-au-changement-climatique\/","title":{"rendered":"Rucher Reserva Conchal : projet pilote visant \u00e0 renforcer les populations d\u2019abeilles face au changement climatique"},"content":{"rendered":"\n<p class=\"wp-block-paragraph\">Cette initiative pr\u00e9voit la cr\u00e9ation d\u2019un laboratoire g\u00e9n\u00e9tique ax\u00e9 sur la r\u00e9silience des pollinisateurs, la conservation de la biodiversit\u00e9 et la durabilit\u00e9 environnementale.<\/p>\n\n<p class=\"wp-block-paragraph\">Rucher Reserva Conchal a annonc\u00e9 le lancement d&rsquo;un projet pilote novateur visant \u00e0 explorer le potentiel d&rsquo;un laboratoire g\u00e9n\u00e9tique d\u00e9di\u00e9 aux abeilles. Ce projet a \u00e9t\u00e9 con\u00e7u pour renforcer la r\u00e9silience des pollinisateurs face aux d\u00e9fis croissants pos\u00e9s par le changement climatique.<\/p>\n\n<p class=\"wp-block-paragraph\">Cette initiative s&rsquo;inscrit dans la strat\u00e9gie de d\u00e9veloppement durable de Reserva Conchal et vise \u00e0 associer la science appliqu\u00e9e, la conservation de la biodiversit\u00e9 et l&rsquo;\u00e9ducation \u00e0 l&rsquo;environnement comme outils de protection des \u00e9cosyst\u00e8mes.<\/p>\n\n<h3 class=\"wp-block-heading\">La science au service du renforcement de la r\u00e9silience des abeilles<\/h3>\n\n<p class=\"wp-block-paragraph\">Au cours de cette premi\u00e8re phase, le projet pr\u00e9voit la mise en place d&rsquo;un espace d\u00e9di\u00e9 \u00e0 l&rsquo;ins\u00e9mination des reines d&rsquo;abeilles par la s\u00e9lection de faux-bourdons pr\u00e9sentant des caract\u00e9ristiques g\u00e9n\u00e9tiques souhaitables. Ce processus permettra d&rsquo;\u00e9valuer des solutions visant \u00e0 renforcer les populations d&rsquo;<em>Apis mellifera<\/em> pr\u00e9sentes au rucher de la r\u00e9serve de Conchal, en favorisant les colonies dot\u00e9es d&rsquo;une plus grande capacit\u00e9 d&rsquo;adaptation face aux maladies et aux conditions climatiques extr\u00eames.<\/p>\n\n<p class=\"wp-block-paragraph\">Ce projet est le r\u00e9sultat d&rsquo;une collaboration entre Reserva Conchal, Blue Zones et Mieles Nicoyanas, des organisations qui apportent leur expertise technique et leurs connaissances sp\u00e9cialis\u00e9es en apiculture afin de d\u00e9velopper un mod\u00e8le conforme aux objectifs de conservation et de durabilit\u00e9 environnementale.<\/p>\n\n<div style=\"height:100px\" aria-hidden=\"true\" class=\"wp-block-spacer\"><\/div>\n\n<figure class=\"wp-block-gallery has-nested-images columns-default is-cropped wp-block-gallery-1 is-layout-flex wp-block-gallery-is-layout-flex\">\n<figure class=\"wp-block-image size-large\"><img loading=\"lazy\" decoding=\"async\" width=\"1024\" height=\"683\" data-id=\"25222\" src=\"https:\/\/www.sensorialsunsets.com\/wp-content\/uploads\/2026\/06\/Proyecto-Polinizacion-Reserva-Conchal-4-1024x683.jpg\" alt=\"\" class=\"wp-image-25222\" srcset=\"https:\/\/www.sensorialsunsets.com\/wp-content\/uploads\/2026\/06\/Proyecto-Polinizacion-Reserva-Conchal-4-1024x683.jpg 1024w, https:\/\/www.sensorialsunsets.com\/wp-content\/uploads\/2026\/06\/Proyecto-Polinizacion-Reserva-Conchal-4-300x200.jpg 300w, https:\/\/www.sensorialsunsets.com\/wp-content\/uploads\/2026\/06\/Proyecto-Polinizacion-Reserva-Conchal-4-768x512.jpg 768w, https:\/\/www.sensorialsunsets.com\/wp-content\/uploads\/2026\/06\/Proyecto-Polinizacion-Reserva-Conchal-4-334x222.jpg 334w, https:\/\/www.sensorialsunsets.com\/wp-content\/uploads\/2026\/06\/Proyecto-Polinizacion-Reserva-Conchal-4.jpg 1200w\" sizes=\"auto, (max-width: 1024px) 100vw, 1024px\" \/><\/figure>\n\n\n\n<figure class=\"wp-block-image size-large\"><img loading=\"lazy\" decoding=\"async\" width=\"1024\" height=\"465\" data-id=\"25224\" src=\"https:\/\/www.sensorialsunsets.com\/wp-content\/uploads\/2026\/06\/Colmenas-1024x465.jpg\" alt=\"\" class=\"wp-image-25224\" srcset=\"https:\/\/www.sensorialsunsets.com\/wp-content\/uploads\/2026\/06\/Colmenas-1024x465.jpg 1024w, https:\/\/www.sensorialsunsets.com\/wp-content\/uploads\/2026\/06\/Colmenas-300x136.jpg 300w, https:\/\/www.sensorialsunsets.com\/wp-content\/uploads\/2026\/06\/Colmenas-768x349.jpg 768w, https:\/\/www.sensorialsunsets.com\/wp-content\/uploads\/2026\/06\/Colmenas.jpg 1100w\" sizes=\"auto, (max-width: 1024px) 100vw, 1024px\" \/><\/figure>\n\n\n\n<figure class=\"wp-block-image size-large\"><img loading=\"lazy\" decoding=\"async\" width=\"1024\" height=\"683\" data-id=\"25223\" src=\"https:\/\/www.sensorialsunsets.com\/wp-content\/uploads\/2026\/06\/A7400273-Mejorado-NR.jpg\" alt=\"\" class=\"wp-image-25223\" srcset=\"https:\/\/www.sensorialsunsets.com\/wp-content\/uploads\/2026\/06\/A7400273-Mejorado-NR.jpg 1024w, https:\/\/www.sensorialsunsets.com\/wp-content\/uploads\/2026\/06\/A7400273-Mejorado-NR-300x200.jpg 300w, https:\/\/www.sensorialsunsets.com\/wp-content\/uploads\/2026\/06\/A7400273-Mejorado-NR-768x512.jpg 768w, https:\/\/www.sensorialsunsets.com\/wp-content\/uploads\/2026\/06\/A7400273-Mejorado-NR-334x222.jpg 334w\" sizes=\"auto, (max-width: 1024px) 100vw, 1024px\" \/><\/figure>\n<\/figure>\n\n<div style=\"height:100px\" aria-hidden=\"true\" class=\"wp-block-spacer\"><\/div>\n\n<h5 class=\"wp-block-heading\">Plus de 2,5 millions d&rsquo;abeilles prot\u00e8gent la for\u00eat tropicale s\u00e8che<\/h5>\n\n<p class=\"wp-block-paragraph\">Actuellement, le rucher Reserva Conchal abrite 50 ruches et environ 2,5 millions d&rsquo;abeilles. Son r\u00f4le est essentiel pour la pollinisation de la for\u00eat tropicale s\u00e8che, consid\u00e9r\u00e9e comme l&rsquo;un des \u00e9cosyst\u00e8mes les plus vuln\u00e9rables de la r\u00e9gion.<\/p>\n\n<p class=\"wp-block-paragraph\">La pr\u00e9sence de ces pollinisateurs favorise la reproduction des esp\u00e8ces indig\u00e8nes, stimule la r\u00e9g\u00e9n\u00e9ration naturelle de la for\u00eat et contribue au maintien des processus \u00e9cologiques essentiels \u00e0 la biodiversit\u00e9 locale.<\/p>\n\n<p class=\"wp-block-paragraph\">\u00c0 travers cette initiative, l&rsquo;Apiario Reserva Conchal cherche \u00e0 explorer des outils scientifiques qui compl\u00e8tent les mod\u00e8les traditionnels de <a href=\"https:\/\/www.sensorialsunsets.com\/fr\/apiculture-le-monde-des-abeilles\/\">gestion apicole &lt;\/ a&gt;au Costa Rica, avec une approche ax\u00e9e sur la r\u00e9silience climatique et le renforcement des services \u00e9cosyst\u00e9miques cl\u00e9s, tels que la pollinisation.<\/a><\/p>\n\n<h3 class=\"wp-block-heading\">Innovation et durabilit\u00e9 au service de la pr\u00e9servation de l&rsquo;environnement<\/h3>\n\n<blockquote class=\"wp-block-quote is-layout-flow wp-block-quote-is-layout-flow\">\n<p class=\"wp-block-paragraph\">Le renforcement des populations d&rsquo;abeilles est essentiel \u00e0 la protection des \u00e9cosyst\u00e8mes et \u00e0 la r\u00e9silience environnementale. Avec ce projet pilote, nous cherchons \u00e0 explorer comment la science appliqu\u00e9e peut contribuer \u00e0 la conservation des pollinisateurs, sachant que les abeilles jouent un r\u00f4le essentiel dans la r\u00e9g\u00e9n\u00e9ration des for\u00eats et l&rsquo;\u00e9quilibre de la biodiversit\u00e9. \u00ab Ce processus nous permettra \u00e9galement de tirer des enseignements et de continuer \u00e0 d\u00e9velopper des mod\u00e8les durables susceptibles d\u2019avoir un impact positif \u00e0 long terme \u00bb, a d\u00e9clar\u00e9 Gabriela Meza, responsable du d\u00e9veloppement durable chez Reserva Conchal.<\/p>\n<\/blockquote>\n\n<p class=\"wp-block-paragraph\">L&rsquo;initiative en est actuellement \u00e0 une phase d&rsquo;apprentissage et de suivi. Elle vise \u00e0 identifier les comportements, les niveaux d&rsquo;adaptation et les caract\u00e9ristiques de r\u00e9silience au sein des colonies existantes. Les r\u00e9sultats obtenus permettront d&rsquo;\u00e9valuer les possibilit\u00e9s d&rsquo;am\u00e9lioration et de d\u00e9finir les prochaines \u00e9tapes \u00e9ventuelles du projet.<\/p>\n\n<h5 class=\"wp-block-heading\">Un mod\u00e8le susceptible d&rsquo;\u00eatre reproduit au Costa Rica<\/h5>\n\n<p class=\"wp-block-paragraph\">Parmi les actions pr\u00e9vues pour l&rsquo;avenir, on peut citer le renforcement du suivi technique, l&rsquo;\u00e9largissement du volet \u00e9ducatif et l&rsquo;\u00e9valuation du potentiel du laboratoire. Ces actions constituent un outil de soutien \u00e0 la conservation des pollinisateurs et \u00e0 la durabilit\u00e9 appliqu\u00e9e.<\/p>\n\n<p class=\"wp-block-paragraph\">\u00c0 court terme, le projet vise \u00e0 contribuer \u00e0 l&rsquo;\u00e9laboration de mod\u00e8les reproductibles de protection de la biodiversit\u00e9 au Costa Rica, en g\u00e9n\u00e9rant des connaissances pouvant \u00eatre mises en \u0153uvre dans d&rsquo;autres initiatives de conservation et de production durable.<\/p>\n\n<p class=\"wp-block-paragraph\">Avec cette initiative, le rucher de Reserva Conchal r\u00e9affirme son engagement en faveur de l\u2019innovation durable et de la pr\u00e9servation de l\u2019environnement. Il mise sur des solutions fond\u00e9es sur la science pour prot\u00e9ger l\u2019un des acteurs les plus importants de la sant\u00e9 des \u00e9cosyst\u00e8mes : les abeilles.<\/p>\n\n<p class=\"wp-block-paragraph\"><strong>Sensorial Sunsets<\/strong><\/p>\n","protected":false},"excerpt":{"rendered":"<p>Cette initiative pr\u00e9voit la cr\u00e9ation d\u2019un laboratoire g\u00e9n\u00e9tique ax\u00e9 sur la r\u00e9silience des pollinisateurs, la conservation de la biodiversit\u00e9 et la durabilit\u00e9 environnementale. Rucher Reserva Conchal a annonc\u00e9 le lancement d&rsquo;un projet pilote novateur visant \u00e0 explorer le potentiel d&rsquo;un laboratoire g\u00e9n\u00e9tique d\u00e9di\u00e9 aux abeilles. Ce projet a \u00e9t\u00e9 con\u00e7u pour renforcer la r\u00e9silience des [&hellip;]<\/p>\n","protected":false},"author":4,"featured_media":25236,"comment_status":"closed","ping_status":"closed","sticky":false,"template":"","format":"standard","meta":{"_acf_changed":false,"inline_featured_image":false,"_monsterinsights_skip_tracking":false,"footnotes":""},"categories":[1],"tags":[],"class_list":["post-25237","post","type-post","status-publish","format-standard","has-post-thumbnail","hentry","category-non-classifiee"],"acf":[],"yoast_head":"<!-- This site is optimized with the Yoast SEO plugin v28.4 - https:\/\/yoast.com\/product\/yoast-seo-wordpress\/ -->\n<title>Rucher Reserva Conchal : projet pilote visant \u00e0 renforcer les populations d\u2019abeilles face au changement climatique - SensorialSunsets<\/title>\n<meta name=\"description\" content=\"Rucher Reserva Conchal met en place un projet pilote visant \u00e0 pr\u00e9server les populations d&#039;abeilles et \u00e0 prot\u00e9ger la biodiversit\u00e9 face au changement climatique.\" \/>\n<meta name=\"robots\" content=\"index, follow, max-snippet:-1, max-image-preview:large, max-video-preview:-1\" \/>\n<link rel=\"canonical\" href=\"https:\/\/www.sensorialsunsets.com\/fr\/rucher-reserva-conchal-projet-pilote-visant-a-renforcer-les-populations-dabeilles-face-au-changement-climatique\/\" \/>\n<meta property=\"og:locale\" content=\"fr_FR\" \/>\n<meta property=\"og:type\" content=\"article\" \/>\n<meta property=\"og:title\" content=\"Rucher Reserva Conchal : projet pilote visant \u00e0 renforcer les populations d\u2019abeilles face au changement climatique - SensorialSunsets\" \/>\n<meta property=\"og:description\" content=\"Rucher Reserva Conchal met en place un projet pilote visant \u00e0 pr\u00e9server les populations d&#039;abeilles et \u00e0 prot\u00e9ger la biodiversit\u00e9 face au changement climatique.\" \/>\n<meta property=\"og:url\" content=\"https:\/\/www.sensorialsunsets.com\/fr\/rucher-reserva-conchal-projet-pilote-visant-a-renforcer-les-populations-dabeilles-face-au-changement-climatique\/\" \/>\n<meta property=\"og:site_name\" content=\"SensorialSunsets\" \/>\n<meta property=\"article:publisher\" content=\"https:\/\/www.facebook.com\/Sensorial-Sunsets-109180614715562\" \/>\n<meta property=\"article:published_time\" content=\"2026-06-01T23:20:19+00:00\" \/>\n<meta property=\"article:modified_time\" content=\"2026-06-01T23:20:20+00:00\" \/>\n<meta property=\"og:image\" content=\"https:\/\/www.sensorialsunsets.com\/wp-content\/uploads\/2026\/06\/Colmenas.jpg\" \/>\n\t<meta property=\"og:image:width\" content=\"1100\" \/>\n\t<meta property=\"og:image:height\" content=\"500\" \/>\n\t<meta property=\"og:image:type\" content=\"image\/jpeg\" \/>\n<meta name=\"author\" content=\"Sensorial Sunsets\" \/>\n<meta name=\"twitter:card\" content=\"summary_large_image\" \/>\n<meta name=\"twitter:label1\" content=\"\u00c9crit par\" \/>\n\t<meta name=\"twitter:data1\" content=\"Sensorial Sunsets\" \/>\n\t<meta name=\"twitter:label2\" content=\"Dur\u00e9e de lecture estim\u00e9e\" \/>\n\t<meta name=\"twitter:data2\" content=\"4 minutes\" \/>\n<script type=\"application\/ld+json\" class=\"yoast-schema-graph\">{\"@context\":\"https:\\\/\\\/schema.org\",\"@graph\":[{\"@type\":\"Article\",\"@id\":\"https:\\\/\\\/www.sensorialsunsets.com\\\/fr\\\/rucher-reserva-conchal-projet-pilote-visant-a-renforcer-les-populations-dabeilles-face-au-changement-climatique\\\/#article\",\"isPartOf\":{\"@id\":\"https:\\\/\\\/www.sensorialsunsets.com\\\/fr\\\/rucher-reserva-conchal-projet-pilote-visant-a-renforcer-les-populations-dabeilles-face-au-changement-climatique\\\/\"},\"author\":{\"name\":\"Sensorial Sunsets\",\"@id\":\"https:\\\/\\\/www.sensorialsunsets.com\\\/fr\\\/#\\\/schema\\\/person\\\/7fbe869b21d07a3c3ece1037dc8a8dd9\"},\"headline\":\"Rucher Reserva Conchal : projet pilote visant \u00e0 renforcer les populations d\u2019abeilles face au changement climatique\",\"datePublished\":\"2026-06-01T23:20:19+00:00\",\"dateModified\":\"2026-06-01T23:20:20+00:00\",\"mainEntityOfPage\":{\"@id\":\"https:\\\/\\\/www.sensorialsunsets.com\\\/fr\\\/rucher-reserva-conchal-projet-pilote-visant-a-renforcer-les-populations-dabeilles-face-au-changement-climatique\\\/\"},\"wordCount\":743,\"publisher\":{\"@id\":\"https:\\\/\\\/www.sensorialsunsets.com\\\/fr\\\/#organization\"},\"image\":{\"@id\":\"https:\\\/\\\/www.sensorialsunsets.com\\\/fr\\\/rucher-reserva-conchal-projet-pilote-visant-a-renforcer-les-populations-dabeilles-face-au-changement-climatique\\\/#primaryimage\"},\"thumbnailUrl\":\"https:\\\/\\\/www.sensorialsunsets.com\\\/wp-content\\\/uploads\\\/2026\\\/06\\\/Colmenas.jpg\",\"articleSection\":[\"Non classifi\u00e9(e)\"],\"inLanguage\":\"fr-FR\"},{\"@type\":\"WebPage\",\"@id\":\"https:\\\/\\\/www.sensorialsunsets.com\\\/fr\\\/rucher-reserva-conchal-projet-pilote-visant-a-renforcer-les-populations-dabeilles-face-au-changement-climatique\\\/\",\"url\":\"https:\\\/\\\/www.sensorialsunsets.com\\\/fr\\\/rucher-reserva-conchal-projet-pilote-visant-a-renforcer-les-populations-dabeilles-face-au-changement-climatique\\\/\",\"name\":\"Rucher Reserva Conchal : projet pilote visant \u00e0 renforcer les populations d\u2019abeilles face au changement climatique - SensorialSunsets\",\"isPartOf\":{\"@id\":\"https:\\\/\\\/www.sensorialsunsets.com\\\/fr\\\/#website\"},\"primaryImageOfPage\":{\"@id\":\"https:\\\/\\\/www.sensorialsunsets.com\\\/fr\\\/rucher-reserva-conchal-projet-pilote-visant-a-renforcer-les-populations-dabeilles-face-au-changement-climatique\\\/#primaryimage\"},\"image\":{\"@id\":\"https:\\\/\\\/www.sensorialsunsets.com\\\/fr\\\/rucher-reserva-conchal-projet-pilote-visant-a-renforcer-les-populations-dabeilles-face-au-changement-climatique\\\/#primaryimage\"},\"thumbnailUrl\":\"https:\\\/\\\/www.sensorialsunsets.com\\\/wp-content\\\/uploads\\\/2026\\\/06\\\/Colmenas.jpg\",\"datePublished\":\"2026-06-01T23:20:19+00:00\",\"dateModified\":\"2026-06-01T23:20:20+00:00\",\"description\":\"Rucher Reserva Conchal met en place un projet pilote visant \u00e0 pr\u00e9server les populations d'abeilles et \u00e0 prot\u00e9ger la biodiversit\u00e9 face au changement climatique.\",\"inLanguage\":\"fr-FR\",\"potentialAction\":[{\"@type\":\"ReadAction\",\"target\":[\"https:\\\/\\\/www.sensorialsunsets.com\\\/fr\\\/rucher-reserva-conchal-projet-pilote-visant-a-renforcer-les-populations-dabeilles-face-au-changement-climatique\\\/\"]}]},{\"@type\":\"ImageObject\",\"inLanguage\":\"fr-FR\",\"@id\":\"https:\\\/\\\/www.sensorialsunsets.com\\\/fr\\\/rucher-reserva-conchal-projet-pilote-visant-a-renforcer-les-populations-dabeilles-face-au-changement-climatique\\\/#primaryimage\",\"url\":\"https:\\\/\\\/www.sensorialsunsets.com\\\/wp-content\\\/uploads\\\/2026\\\/06\\\/Colmenas.jpg\",\"contentUrl\":\"https:\\\/\\\/www.sensorialsunsets.com\\\/wp-content\\\/uploads\\\/2026\\\/06\\\/Colmenas.jpg\",\"width\":1100,\"height\":500},{\"@type\":\"WebSite\",\"@id\":\"https:\\\/\\\/www.sensorialsunsets.com\\\/fr\\\/#website\",\"url\":\"https:\\\/\\\/www.sensorialsunsets.com\\\/fr\\\/\",\"name\":\"SensorialSunsets.com\",\"description\":\"D\u00e9couvrez la culture et la soci\u00e9t\u00e9 du Costa Rica sur notre blog. Explorez des articles captivants et partagez le contenu.\",\"publisher\":{\"@id\":\"https:\\\/\\\/www.sensorialsunsets.com\\\/fr\\\/#organization\"},\"alternateName\":\"Costa Rica Live Blog\",\"potentialAction\":[{\"@type\":\"SearchAction\",\"target\":{\"@type\":\"EntryPoint\",\"urlTemplate\":\"https:\\\/\\\/www.sensorialsunsets.com\\\/fr\\\/?s={search_term_string}\"},\"query-input\":{\"@type\":\"PropertyValueSpecification\",\"valueRequired\":true,\"valueName\":\"search_term_string\"}}],\"inLanguage\":\"fr-FR\"},{\"@type\":\"Organization\",\"@id\":\"https:\\\/\\\/www.sensorialsunsets.com\\\/fr\\\/#organization\",\"name\":\"SensorialSunsets\",\"url\":\"https:\\\/\\\/www.sensorialsunsets.com\\\/fr\\\/\",\"logo\":{\"@type\":\"ImageObject\",\"inLanguage\":\"fr-FR\",\"@id\":\"https:\\\/\\\/www.sensorialsunsets.com\\\/fr\\\/#\\\/schema\\\/logo\\\/image\\\/\",\"url\":\"https:\\\/\\\/www.sensorialsunsets.com\\\/wp-content\\\/uploads\\\/2023\\\/04\\\/Logo_base_line_fond_clair.svg\",\"contentUrl\":\"https:\\\/\\\/www.sensorialsunsets.com\\\/wp-content\\\/uploads\\\/2023\\\/04\\\/Logo_base_line_fond_clair.svg\",\"width\":\"1024\",\"height\":\"1024\",\"caption\":\"SensorialSunsets\"},\"image\":{\"@id\":\"https:\\\/\\\/www.sensorialsunsets.com\\\/fr\\\/#\\\/schema\\\/logo\\\/image\\\/\"},\"sameAs\":[\"https:\\\/\\\/www.facebook.com\\\/Sensorial-Sunsets-109180614715562\",\"https:\\\/\\\/www.instagram.com\\\/sensorialsunsets\\\/\"]},{\"@type\":\"Person\",\"@id\":\"https:\\\/\\\/www.sensorialsunsets.com\\\/fr\\\/#\\\/schema\\\/person\\\/7fbe869b21d07a3c3ece1037dc8a8dd9\",\"name\":\"Sensorial Sunsets\",\"image\":{\"@type\":\"ImageObject\",\"inLanguage\":\"fr-FR\",\"@id\":\"https:\\\/\\\/secure.gravatar.com\\\/avatar\\\/5f2d62681b1dad94c28f1500d4fc75582acdfd32b55fd1acce0a36a3c487eabe?s=96&d=mm&r=g\",\"url\":\"https:\\\/\\\/secure.gravatar.com\\\/avatar\\\/5f2d62681b1dad94c28f1500d4fc75582acdfd32b55fd1acce0a36a3c487eabe?s=96&d=mm&r=g\",\"contentUrl\":\"https:\\\/\\\/secure.gravatar.com\\\/avatar\\\/5f2d62681b1dad94c28f1500d4fc75582acdfd32b55fd1acce0a36a3c487eabe?s=96&d=mm&r=g\",\"caption\":\"Sensorial Sunsets\"},\"url\":\"https:\\\/\\\/www.sensorialsunsets.com\\\/fr\\\/author\\\/asistentes-sensorial-sunsets\\\/\"}]}<\/script>\n<!-- \/ Yoast SEO plugin. -->","yoast_head_json":{"title":"Rucher Reserva Conchal : projet pilote visant \u00e0 renforcer les populations d\u2019abeilles face au changement climatique - SensorialSunsets","description":"Rucher Reserva Conchal met en place un projet pilote visant \u00e0 pr\u00e9server les populations d'abeilles et \u00e0 prot\u00e9ger la biodiversit\u00e9 face au changement climatique.","robots":{"index":"index","follow":"follow","max-snippet":"max-snippet:-1","max-image-preview":"max-image-preview:large","max-video-preview":"max-video-preview:-1"},"canonical":"https:\/\/www.sensorialsunsets.com\/fr\/rucher-reserva-conchal-projet-pilote-visant-a-renforcer-les-populations-dabeilles-face-au-changement-climatique\/","og_locale":"fr_FR","og_type":"article","og_title":"Rucher Reserva Conchal : projet pilote visant \u00e0 renforcer les populations d\u2019abeilles face au changement climatique - SensorialSunsets","og_description":"Rucher Reserva Conchal met en place un projet pilote visant \u00e0 pr\u00e9server les populations d'abeilles et \u00e0 prot\u00e9ger la biodiversit\u00e9 face au changement climatique.","og_url":"https:\/\/www.sensorialsunsets.com\/fr\/rucher-reserva-conchal-projet-pilote-visant-a-renforcer-les-populations-dabeilles-face-au-changement-climatique\/","og_site_name":"SensorialSunsets","article_publisher":"https:\/\/www.facebook.com\/Sensorial-Sunsets-109180614715562","article_published_time":"2026-06-01T23:20:19+00:00","article_modified_time":"2026-06-01T23:20:20+00:00","og_image":[{"width":1100,"height":500,"url":"https:\/\/www.sensorialsunsets.com\/wp-content\/uploads\/2026\/06\/Colmenas.jpg","type":"image\/jpeg"}],"author":"Sensorial Sunsets","twitter_card":"summary_large_image","twitter_misc":{"\u00c9crit par":"Sensorial Sunsets","Dur\u00e9e de lecture estim\u00e9e":"4 minutes"},"schema":{"@context":"https:\/\/schema.org","@graph":[{"@type":"Article","@id":"https:\/\/www.sensorialsunsets.com\/fr\/rucher-reserva-conchal-projet-pilote-visant-a-renforcer-les-populations-dabeilles-face-au-changement-climatique\/#article","isPartOf":{"@id":"https:\/\/www.sensorialsunsets.com\/fr\/rucher-reserva-conchal-projet-pilote-visant-a-renforcer-les-populations-dabeilles-face-au-changement-climatique\/"},"author":{"name":"Sensorial Sunsets","@id":"https:\/\/www.sensorialsunsets.com\/fr\/#\/schema\/person\/7fbe869b21d07a3c3ece1037dc8a8dd9"},"headline":"Rucher Reserva Conchal : projet pilote visant \u00e0 renforcer les populations d\u2019abeilles face au changement climatique","datePublished":"2026-06-01T23:20:19+00:00","dateModified":"2026-06-01T23:20:20+00:00","mainEntityOfPage":{"@id":"https:\/\/www.sensorialsunsets.com\/fr\/rucher-reserva-conchal-projet-pilote-visant-a-renforcer-les-populations-dabeilles-face-au-changement-climatique\/"},"wordCount":743,"publisher":{"@id":"https:\/\/www.sensorialsunsets.com\/fr\/#organization"},"image":{"@id":"https:\/\/www.sensorialsunsets.com\/fr\/rucher-reserva-conchal-projet-pilote-visant-a-renforcer-les-populations-dabeilles-face-au-changement-climatique\/#primaryimage"},"thumbnailUrl":"https:\/\/www.sensorialsunsets.com\/wp-content\/uploads\/2026\/06\/Colmenas.jpg","articleSection":["Non classifi\u00e9(e)"],"inLanguage":"fr-FR"},{"@type":"WebPage","@id":"https:\/\/www.sensorialsunsets.com\/fr\/rucher-reserva-conchal-projet-pilote-visant-a-renforcer-les-populations-dabeilles-face-au-changement-climatique\/","url":"https:\/\/www.sensorialsunsets.com\/fr\/rucher-reserva-conchal-projet-pilote-visant-a-renforcer-les-populations-dabeilles-face-au-changement-climatique\/","name":"Rucher Reserva Conchal : projet pilote visant \u00e0 renforcer les populations d\u2019abeilles face au changement climatique - SensorialSunsets","isPartOf":{"@id":"https:\/\/www.sensorialsunsets.com\/fr\/#website"},"primaryImageOfPage":{"@id":"https:\/\/www.sensorialsunsets.com\/fr\/rucher-reserva-conchal-projet-pilote-visant-a-renforcer-les-populations-dabeilles-face-au-changement-climatique\/#primaryimage"},"image":{"@id":"https:\/\/www.sensorialsunsets.com\/fr\/rucher-reserva-conchal-projet-pilote-visant-a-renforcer-les-populations-dabeilles-face-au-changement-climatique\/#primaryimage"},"thumbnailUrl":"https:\/\/www.sensorialsunsets.com\/wp-content\/uploads\/2026\/06\/Colmenas.jpg","datePublished":"2026-06-01T23:20:19+00:00","dateModified":"2026-06-01T23:20:20+00:00","description":"Rucher Reserva Conchal met en place un projet pilote visant \u00e0 pr\u00e9server les populations d'abeilles et \u00e0 prot\u00e9ger la biodiversit\u00e9 face au changement climatique.","inLanguage":"fr-FR","potentialAction":[{"@type":"ReadAction","target":["https:\/\/www.sensorialsunsets.com\/fr\/rucher-reserva-conchal-projet-pilote-visant-a-renforcer-les-populations-dabeilles-face-au-changement-climatique\/"]}]},{"@type":"ImageObject","inLanguage":"fr-FR","@id":"https:\/\/www.sensorialsunsets.com\/fr\/rucher-reserva-conchal-projet-pilote-visant-a-renforcer-les-populations-dabeilles-face-au-changement-climatique\/#primaryimage","url":"https:\/\/www.sensorialsunsets.com\/wp-content\/uploads\/2026\/06\/Colmenas.jpg","contentUrl":"https:\/\/www.sensorialsunsets.com\/wp-content\/uploads\/2026\/06\/Colmenas.jpg","width":1100,"height":500},{"@type":"WebSite","@id":"https:\/\/www.sensorialsunsets.com\/fr\/#website","url":"https:\/\/www.sensorialsunsets.com\/fr\/","name":"SensorialSunsets.com","description":"D\u00e9couvrez la culture et la soci\u00e9t\u00e9 du Costa Rica sur notre blog. Explorez des articles captivants et partagez le contenu.","publisher":{"@id":"https:\/\/www.sensorialsunsets.com\/fr\/#organization"},"alternateName":"Costa Rica Live Blog","potentialAction":[{"@type":"SearchAction","target":{"@type":"EntryPoint","urlTemplate":"https:\/\/www.sensorialsunsets.com\/fr\/?s={search_term_string}"},"query-input":{"@type":"PropertyValueSpecification","valueRequired":true,"valueName":"search_term_string"}}],"inLanguage":"fr-FR"},{"@type":"Organization","@id":"https:\/\/www.sensorialsunsets.com\/fr\/#organization","name":"SensorialSunsets","url":"https:\/\/www.sensorialsunsets.com\/fr\/","logo":{"@type":"ImageObject","inLanguage":"fr-FR","@id":"https:\/\/www.sensorialsunsets.com\/fr\/#\/schema\/logo\/image\/","url":"https:\/\/www.sensorialsunsets.com\/wp-content\/uploads\/2023\/04\/Logo_base_line_fond_clair.svg","contentUrl":"https:\/\/www.sensorialsunsets.com\/wp-content\/uploads\/2023\/04\/Logo_base_line_fond_clair.svg","width":"1024","height":"1024","caption":"SensorialSunsets"},"image":{"@id":"https:\/\/www.sensorialsunsets.com\/fr\/#\/schema\/logo\/image\/"},"sameAs":["https:\/\/www.facebook.com\/Sensorial-Sunsets-109180614715562","https:\/\/www.instagram.com\/sensorialsunsets\/"]},{"@type":"Person","@id":"https:\/\/www.sensorialsunsets.com\/fr\/#\/schema\/person\/7fbe869b21d07a3c3ece1037dc8a8dd9","name":"Sensorial Sunsets","image":{"@type":"ImageObject","inLanguage":"fr-FR","@id":"https:\/\/secure.gravatar.com\/avatar\/5f2d62681b1dad94c28f1500d4fc75582acdfd32b55fd1acce0a36a3c487eabe?s=96&d=mm&r=g","url":"https:\/\/secure.gravatar.com\/avatar\/5f2d62681b1dad94c28f1500d4fc75582acdfd32b55fd1acce0a36a3c487eabe?s=96&d=mm&r=g","contentUrl":"https:\/\/secure.gravatar.com\/avatar\/5f2d62681b1dad94c28f1500d4fc75582acdfd32b55fd1acce0a36a3c487eabe?s=96&d=mm&r=g","caption":"Sensorial Sunsets"},"url":"https:\/\/www.sensorialsunsets.com\/fr\/author\/asistentes-sensorial-sunsets\/"}]}},"_links":{"self":[{"href":"https:\/\/www.sensorialsunsets.com\/fr\/wp-json\/wp\/v2\/posts\/25237","targetHints":{"allow":["GET"]}}],"collection":[{"href":"https:\/\/www.sensorialsunsets.com\/fr\/wp-json\/wp\/v2\/posts"}],"about":[{"href":"https:\/\/www.sensorialsunsets.com\/fr\/wp-json\/wp\/v2\/types\/post"}],"author":[{"embeddable":true,"href":"https:\/\/www.sensorialsunsets.com\/fr\/wp-json\/wp\/v2\/users\/4"}],"replies":[{"embeddable":true,"href":"https:\/\/www.sensorialsunsets.com\/fr\/wp-json\/wp\/v2\/comments?post=25237"}],"version-history":[{"count":0,"href":"https:\/\/www.sensorialsunsets.com\/fr\/wp-json\/wp\/v2\/posts\/25237\/revisions"}],"wp:featuredmedia":[{"embeddable":true,"href":"https:\/\/www.sensorialsunsets.com\/fr\/wp-json\/wp\/v2\/media\/25236"}],"wp:attachment":[{"href":"https:\/\/www.sensorialsunsets.com\/fr\/wp-json\/wp\/v2\/media?parent=25237"}],"wp:term":[{"taxonomy":"category","embeddable":true,"href":"https:\/\/www.sensorialsunsets.com\/fr\/wp-json\/wp\/v2\/categories?post=25237"},{"taxonomy":"post_tag","embeddable":true,"href":"https:\/\/www.sensorialsunsets.com\/fr\/wp-json\/wp\/v2\/tags?post=25237"}],"curies":[{"name":"wp","href":"https:\/\/api.w.org\/{rel}","templated":true}]}}