{"id":2557,"date":"2022-07-06T16:01:35","date_gmt":"2022-07-06T16:01:35","guid":{"rendered":"https:\/\/www.sensorialsunsets.com\/le-cannabis-therapeutique-au-costa-rica\/"},"modified":"2023-09-25T09:08:18","modified_gmt":"2023-09-25T15:08:18","slug":"le-cannabis-therapeutique-au-costa-rica","status":"publish","type":"post","link":"https:\/\/www.sensorialsunsets.com\/fr\/le-cannabis-therapeutique-au-costa-rica\/","title":{"rendered":"Le cannabis th\u00e9rapeutique au Costa Rica"},"content":{"rendered":"\n<h2 class=\"wp-block-heading\"><strong>Approbation de la loi sur le cannabis m\u00e9dical au Costa Rica<\/strong><\/h2>\n\n<p>Le Costa Rica a approuv\u00e9 en janvier 2022 la loi r\u00e9glementant la production, l&rsquo;industrialisation et la commercialisation du chanvre et du cannabis m\u00e9dical apr\u00e8s un d\u00e9bat de trois ans entre le Congr\u00e8s et le gouvernement de Carlos Alvarado.<\/p>\n\n<p>Toutefois, le r\u00e8glement n&rsquo;est pas encore pr\u00eat, car la commission de l&rsquo;Assembl\u00e9e charg\u00e9e de la s\u00e9curit\u00e9 et du trafic de drogue indique qu&rsquo;une \u00e9tude technique doit \u00eatre r\u00e9alis\u00e9e et que le r\u00e8glement doit \u00eatre modifi\u00e9. Cette d\u00e9cision a \u00e9t\u00e9 prise apr\u00e8s que l&rsquo;OIJ (Organismo de Investigaci\u00f3n Judicial) et l&rsquo;Institut costaricien des drogues ont exprim\u00e9 leurs pr\u00e9occupations quant \u00e0 l&rsquo;application effective du r\u00e8glement.&#13;\nSelon l&rsquo;annonce de l&rsquo;Assembl\u00e9e, le r\u00e8glement serait pr\u00eat en septembre 2022.<\/p>\n\n<p>La l\u00e9galisation pourrait contribuer \u00e0 la r\u00e9activation \u00e9conomique du pays. Selon l&rsquo;Agence de promotion du commerce ext\u00e9rieur (PROCOMER), on estime qu&rsquo;en 2025, le march\u00e9 du chanvre m\u00e9dical repr\u00e9sentera 35 milliards de dollars par an.<\/p>\n\n<figure class=\"wp-block-image size-large\"><img loading=\"lazy\" decoding=\"async\" width=\"1024\" height=\"768\" src=\"https:\/\/www.sensorialsunsets.com\/wp-content\/uploads\/2022\/07\/nicole-plunkett-FEY04j-dXJM-unsplash-1024x768.jpg\" alt=\"Baked Thailand\" class=\"wp-image-2548\" srcset=\"https:\/\/www.sensorialsunsets.com\/wp-content\/uploads\/2022\/07\/nicole-plunkett-FEY04j-dXJM-unsplash-1024x768.jpg 1024w, https:\/\/www.sensorialsunsets.com\/wp-content\/uploads\/2022\/07\/nicole-plunkett-FEY04j-dXJM-unsplash-300x225.jpg 300w, https:\/\/www.sensorialsunsets.com\/wp-content\/uploads\/2022\/07\/nicole-plunkett-FEY04j-dXJM-unsplash-768x576.jpg 768w, https:\/\/www.sensorialsunsets.com\/wp-content\/uploads\/2022\/07\/nicole-plunkett-FEY04j-dXJM-unsplash-1536x1152.jpg 1536w, https:\/\/www.sensorialsunsets.com\/wp-content\/uploads\/2022\/07\/nicole-plunkett-FEY04j-dXJM-unsplash-2048x1536.jpg 2048w, https:\/\/www.sensorialsunsets.com\/wp-content\/uploads\/2022\/07\/nicole-plunkett-FEY04j-dXJM-unsplash-1320x990.jpg 1320w\" sizes=\"auto, (max-width: 1024px) 100vw, 1024px\" \/><figcaption class=\"wp-element-caption\">image par <a href=\"https:\/\/bakedthailand.com\/\">Baked Thailand<\/a><\/figcaption><\/figure>\n\n<h2 class=\"wp-block-heading\"><strong>Situation dans le monde<\/strong><\/h2>\n\n<p>Les Nations Unies reconnaissent les bienfaits th\u00e9rapeutiques du cannabis depuis d\u00e9cembre 2020. Actuellement, plus de 20 pays dans le monde ont l\u00e9galis\u00e9 le cannabis \u00e0 des fins m\u00e9dicales. En Am\u00e9rique latine, outre le Costa Rica, l&rsquo;Argentine, la Colombie, le Chili, l&rsquo;\u00c9quateur, le Mexique, le P\u00e9rou, l&rsquo;Uruguay et le Panama sont les pays qui ont \u00e9galement l\u00e9galis\u00e9 l&rsquo;industrialisation de la consommation de cannabis m\u00e9dical.<\/p>\n\n<p>Quant \u00e0 l&rsquo;usage r\u00e9cr\u00e9atif de la marijuana, il est toujours interdit en Am\u00e9rique latine, sauf en Uruguay, qui l&rsquo;a autoris\u00e9 en 2013.<\/p>\n\n<p>Des \u00e9tudes indiquent qu&rsquo;en 2020, le march\u00e9 du cannabis m\u00e9dical \u00e9tait \u00e9valu\u00e9 \u00e0 6,822 milliards de dollars. La croissance annuelle est pr\u00e9vue \u00e0 23,6 % entre 2021 et 2030.<\/p>\n\n<p><\/p>\n\n<p><\/p>\n\n<p><strong>Auteure<\/strong>: M. Barrantes pour Sensorial Sunsets<\/p>\n\n<p><\/p>\n\n<h2 class=\"wp-block-heading\">Sources<\/h2>\n\n<p><a href=\"https:\/\/www.presidencia.go.cr\/comunicados\/2022\/03\/el-cannabis-medicinal-y-canamo-agroindustrial-es-ya-ley-de-la-republica\/\">https:\/\/www.presidencia.go.cr\/comunicados\/2022\/03\/el-cannabis-medicinal-y-canamo-agroindustrial-es-ya-ley-de-la-republica\/<\/a><\/p>\n","protected":false},"excerpt":{"rendered":"<p>Approbation de la loi sur le cannabis m\u00e9dical au Costa Rica Le Costa Rica a approuv\u00e9 en janvier 2022 la loi r\u00e9glementant la production, l&rsquo;industrialisation et la commercialisation du chanvre et du cannabis m\u00e9dical apr\u00e8s un d\u00e9bat de trois ans entre le Congr\u00e8s et le gouvernement de Carlos Alvarado. Toutefois, le r\u00e8glement n&rsquo;est pas encore [&hellip;]<\/p>\n","protected":false},"author":5,"featured_media":2550,"comment_status":"closed","ping_status":"closed","sticky":false,"template":"","format":"standard","meta":{"_acf_changed":false,"inline_featured_image":false,"_monsterinsights_skip_tracking":false,"_monsterinsights_sitenote_active":false,"_monsterinsights_sitenote_note":"","_monsterinsights_sitenote_category":0,"footnotes":""},"categories":[100,109,124],"tags":[],"class_list":["post-2557","post","type-post","status-publish","format-standard","has-post-thumbnail","hentry","category-costa-rica-fr","category-economie-fr","category-sante"],"acf":[],"yoast_head":"<!-- This site is optimized with the Yoast SEO plugin v27.4 - https:\/\/yoast.com\/product\/yoast-seo-wordpress\/ -->\n<title>Le cannabis th\u00e9rapeutique au Costa Rica - SensorialSunsets<\/title>\n<meta name=\"description\" content=\"Le cannabis \u00e0 usage th\u00e9rapeutique est d\u00e9sormais l\u00e9gal au Costa Rica. La loi a \u00e9t\u00e9 approuv\u00e9e en janvier 2022 par Carlos Alvarado.\" \/>\n<meta name=\"robots\" content=\"index, follow, max-snippet:-1, max-image-preview:large, max-video-preview:-1\" \/>\n<link rel=\"canonical\" href=\"https:\/\/www.sensorialsunsets.com\/fr\/le-cannabis-therapeutique-au-costa-rica\/\" \/>\n<meta property=\"og:locale\" content=\"fr_FR\" \/>\n<meta property=\"og:type\" content=\"article\" \/>\n<meta property=\"og:title\" content=\"Le cannabis th\u00e9rapeutique au Costa Rica - SensorialSunsets\" \/>\n<meta property=\"og:description\" content=\"Le cannabis \u00e0 usage th\u00e9rapeutique est d\u00e9sormais l\u00e9gal au Costa Rica. La loi a \u00e9t\u00e9 approuv\u00e9e en janvier 2022 par Carlos Alvarado.\" \/>\n<meta property=\"og:url\" content=\"https:\/\/www.sensorialsunsets.com\/fr\/le-cannabis-therapeutique-au-costa-rica\/\" \/>\n<meta property=\"og:site_name\" content=\"SensorialSunsets\" \/>\n<meta property=\"article:publisher\" content=\"https:\/\/www.facebook.com\/Sensorial-Sunsets-109180614715562\" \/>\n<meta property=\"article:published_time\" content=\"2022-07-06T16:01:35+00:00\" \/>\n<meta property=\"article:modified_time\" content=\"2023-09-25T15:08:18+00:00\" \/>\n<meta property=\"og:image\" content=\"https:\/\/www.sensorialsunsets.com\/wp-content\/uploads\/2022\/07\/nicole-plunkett-FEY04j-dXJM-unsplash-scaled.jpg\" \/>\n\t<meta property=\"og:image:width\" content=\"2560\" \/>\n\t<meta property=\"og:image:height\" content=\"1920\" \/>\n\t<meta property=\"og:image:type\" content=\"image\/jpeg\" \/>\n<meta name=\"author\" content=\"Marian Barrantes\" \/>\n<meta name=\"twitter:card\" content=\"summary_large_image\" \/>\n<meta name=\"twitter:label1\" content=\"\u00c9crit par\" \/>\n\t<meta name=\"twitter:data1\" content=\"Marian Barrantes\" \/>\n\t<meta name=\"twitter:label2\" content=\"Dur\u00e9e de lecture estim\u00e9e\" \/>\n\t<meta name=\"twitter:data2\" content=\"2 minutes\" \/>\n<script type=\"application\/ld+json\" class=\"yoast-schema-graph\">{\"@context\":\"https:\\\/\\\/schema.org\",\"@graph\":[{\"@type\":\"Article\",\"@id\":\"https:\\\/\\\/www.sensorialsunsets.com\\\/fr\\\/le-cannabis-therapeutique-au-costa-rica\\\/#article\",\"isPartOf\":{\"@id\":\"https:\\\/\\\/www.sensorialsunsets.com\\\/fr\\\/le-cannabis-therapeutique-au-costa-rica\\\/\"},\"author\":{\"name\":\"Marian Barrantes\",\"@id\":\"https:\\\/\\\/www.sensorialsunsets.com\\\/fr\\\/#\\\/schema\\\/person\\\/a8336a4dbeee633f087a194db2ca482f\"},\"headline\":\"Le cannabis th\u00e9rapeutique au Costa Rica\",\"datePublished\":\"2022-07-06T16:01:35+00:00\",\"dateModified\":\"2023-09-25T15:08:18+00:00\",\"mainEntityOfPage\":{\"@id\":\"https:\\\/\\\/www.sensorialsunsets.com\\\/fr\\\/le-cannabis-therapeutique-au-costa-rica\\\/\"},\"wordCount\":338,\"publisher\":{\"@id\":\"https:\\\/\\\/www.sensorialsunsets.com\\\/fr\\\/#organization\"},\"image\":{\"@id\":\"https:\\\/\\\/www.sensorialsunsets.com\\\/fr\\\/le-cannabis-therapeutique-au-costa-rica\\\/#primaryimage\"},\"thumbnailUrl\":\"https:\\\/\\\/www.sensorialsunsets.com\\\/wp-content\\\/uploads\\\/2022\\\/07\\\/nicole-plunkett-FEY04j-dXJM-unsplash-scaled.jpg\",\"articleSection\":[\"Costa Rica\",\"Economie\",\"Sant\u00e9\"],\"inLanguage\":\"fr-FR\"},{\"@type\":\"WebPage\",\"@id\":\"https:\\\/\\\/www.sensorialsunsets.com\\\/fr\\\/le-cannabis-therapeutique-au-costa-rica\\\/\",\"url\":\"https:\\\/\\\/www.sensorialsunsets.com\\\/fr\\\/le-cannabis-therapeutique-au-costa-rica\\\/\",\"name\":\"Le cannabis th\u00e9rapeutique au Costa Rica - SensorialSunsets\",\"isPartOf\":{\"@id\":\"https:\\\/\\\/www.sensorialsunsets.com\\\/fr\\\/#website\"},\"primaryImageOfPage\":{\"@id\":\"https:\\\/\\\/www.sensorialsunsets.com\\\/fr\\\/le-cannabis-therapeutique-au-costa-rica\\\/#primaryimage\"},\"image\":{\"@id\":\"https:\\\/\\\/www.sensorialsunsets.com\\\/fr\\\/le-cannabis-therapeutique-au-costa-rica\\\/#primaryimage\"},\"thumbnailUrl\":\"https:\\\/\\\/www.sensorialsunsets.com\\\/wp-content\\\/uploads\\\/2022\\\/07\\\/nicole-plunkett-FEY04j-dXJM-unsplash-scaled.jpg\",\"datePublished\":\"2022-07-06T16:01:35+00:00\",\"dateModified\":\"2023-09-25T15:08:18+00:00\",\"description\":\"Le cannabis \u00e0 usage th\u00e9rapeutique est d\u00e9sormais l\u00e9gal au Costa Rica. La loi a \u00e9t\u00e9 approuv\u00e9e en janvier 2022 par Carlos Alvarado.\",\"inLanguage\":\"fr-FR\",\"potentialAction\":[{\"@type\":\"ReadAction\",\"target\":[\"https:\\\/\\\/www.sensorialsunsets.com\\\/fr\\\/le-cannabis-therapeutique-au-costa-rica\\\/\"]}]},{\"@type\":\"ImageObject\",\"inLanguage\":\"fr-FR\",\"@id\":\"https:\\\/\\\/www.sensorialsunsets.com\\\/fr\\\/le-cannabis-therapeutique-au-costa-rica\\\/#primaryimage\",\"url\":\"https:\\\/\\\/www.sensorialsunsets.com\\\/wp-content\\\/uploads\\\/2022\\\/07\\\/nicole-plunkett-FEY04j-dXJM-unsplash-scaled.jpg\",\"contentUrl\":\"https:\\\/\\\/www.sensorialsunsets.com\\\/wp-content\\\/uploads\\\/2022\\\/07\\\/nicole-plunkett-FEY04j-dXJM-unsplash-scaled.jpg\",\"width\":2560,\"height\":1920,\"caption\":\"Baked Thailand\"},{\"@type\":\"WebSite\",\"@id\":\"https:\\\/\\\/www.sensorialsunsets.com\\\/fr\\\/#website\",\"url\":\"https:\\\/\\\/www.sensorialsunsets.com\\\/fr\\\/\",\"name\":\"SensorialSunsets.com\",\"description\":\"D\u00e9couvrez la culture et la soci\u00e9t\u00e9 du Costa Rica sur notre blog. Explorez des articles captivants et partagez le contenu.\",\"publisher\":{\"@id\":\"https:\\\/\\\/www.sensorialsunsets.com\\\/fr\\\/#organization\"},\"alternateName\":\"Costa Rica Live Blog\",\"potentialAction\":[{\"@type\":\"SearchAction\",\"target\":{\"@type\":\"EntryPoint\",\"urlTemplate\":\"https:\\\/\\\/www.sensorialsunsets.com\\\/fr\\\/?s={search_term_string}\"},\"query-input\":{\"@type\":\"PropertyValueSpecification\",\"valueRequired\":true,\"valueName\":\"search_term_string\"}}],\"inLanguage\":\"fr-FR\"},{\"@type\":\"Organization\",\"@id\":\"https:\\\/\\\/www.sensorialsunsets.com\\\/fr\\\/#organization\",\"name\":\"SensorialSunsets\",\"url\":\"https:\\\/\\\/www.sensorialsunsets.com\\\/fr\\\/\",\"logo\":{\"@type\":\"ImageObject\",\"inLanguage\":\"fr-FR\",\"@id\":\"https:\\\/\\\/www.sensorialsunsets.com\\\/fr\\\/#\\\/schema\\\/logo\\\/image\\\/\",\"url\":\"https:\\\/\\\/www.sensorialsunsets.com\\\/wp-content\\\/uploads\\\/2023\\\/04\\\/Logo_base_line_fond_clair.svg\",\"contentUrl\":\"https:\\\/\\\/www.sensorialsunsets.com\\\/wp-content\\\/uploads\\\/2023\\\/04\\\/Logo_base_line_fond_clair.svg\",\"width\":\"1024\",\"height\":\"1024\",\"caption\":\"SensorialSunsets\"},\"image\":{\"@id\":\"https:\\\/\\\/www.sensorialsunsets.com\\\/fr\\\/#\\\/schema\\\/logo\\\/image\\\/\"},\"sameAs\":[\"https:\\\/\\\/www.facebook.com\\\/Sensorial-Sunsets-109180614715562\",\"https:\\\/\\\/www.instagram.com\\\/sensorialsunsets\\\/\"]},{\"@type\":\"Person\",\"@id\":\"https:\\\/\\\/www.sensorialsunsets.com\\\/fr\\\/#\\\/schema\\\/person\\\/a8336a4dbeee633f087a194db2ca482f\",\"name\":\"Marian Barrantes\",\"image\":{\"@type\":\"ImageObject\",\"inLanguage\":\"fr-FR\",\"@id\":\"https:\\\/\\\/secure.gravatar.com\\\/avatar\\\/fafbfab67eb28029818d03f44e3037bd798e04434d8d5c0cfc2eea8ec2882a22?s=96&d=mm&r=g\",\"url\":\"https:\\\/\\\/secure.gravatar.com\\\/avatar\\\/fafbfab67eb28029818d03f44e3037bd798e04434d8d5c0cfc2eea8ec2882a22?s=96&d=mm&r=g\",\"contentUrl\":\"https:\\\/\\\/secure.gravatar.com\\\/avatar\\\/fafbfab67eb28029818d03f44e3037bd798e04434d8d5c0cfc2eea8ec2882a22?s=96&d=mm&r=g\",\"caption\":\"Marian Barrantes\"},\"sameAs\":[\"https:\\\/\\\/www.sensorialsunsets.com\"],\"url\":\"https:\\\/\\\/www.sensorialsunsets.com\\\/fr\\\/author\\\/mbarrantes\\\/\"}]}<\/script>\n<!-- \/ Yoast SEO plugin. -->","yoast_head_json":{"title":"Le cannabis th\u00e9rapeutique au Costa Rica - SensorialSunsets","description":"Le cannabis \u00e0 usage th\u00e9rapeutique est d\u00e9sormais l\u00e9gal au Costa Rica. La loi a \u00e9t\u00e9 approuv\u00e9e en janvier 2022 par Carlos Alvarado.","robots":{"index":"index","follow":"follow","max-snippet":"max-snippet:-1","max-image-preview":"max-image-preview:large","max-video-preview":"max-video-preview:-1"},"canonical":"https:\/\/www.sensorialsunsets.com\/fr\/le-cannabis-therapeutique-au-costa-rica\/","og_locale":"fr_FR","og_type":"article","og_title":"Le cannabis th\u00e9rapeutique au Costa Rica - SensorialSunsets","og_description":"Le cannabis \u00e0 usage th\u00e9rapeutique est d\u00e9sormais l\u00e9gal au Costa Rica. La loi a \u00e9t\u00e9 approuv\u00e9e en janvier 2022 par Carlos Alvarado.","og_url":"https:\/\/www.sensorialsunsets.com\/fr\/le-cannabis-therapeutique-au-costa-rica\/","og_site_name":"SensorialSunsets","article_publisher":"https:\/\/www.facebook.com\/Sensorial-Sunsets-109180614715562","article_published_time":"2022-07-06T16:01:35+00:00","article_modified_time":"2023-09-25T15:08:18+00:00","og_image":[{"width":2560,"height":1920,"url":"https:\/\/www.sensorialsunsets.com\/wp-content\/uploads\/2022\/07\/nicole-plunkett-FEY04j-dXJM-unsplash-scaled.jpg","type":"image\/jpeg"}],"author":"Marian Barrantes","twitter_card":"summary_large_image","twitter_misc":{"\u00c9crit par":"Marian Barrantes","Dur\u00e9e de lecture estim\u00e9e":"2 minutes"},"schema":{"@context":"https:\/\/schema.org","@graph":[{"@type":"Article","@id":"https:\/\/www.sensorialsunsets.com\/fr\/le-cannabis-therapeutique-au-costa-rica\/#article","isPartOf":{"@id":"https:\/\/www.sensorialsunsets.com\/fr\/le-cannabis-therapeutique-au-costa-rica\/"},"author":{"name":"Marian Barrantes","@id":"https:\/\/www.sensorialsunsets.com\/fr\/#\/schema\/person\/a8336a4dbeee633f087a194db2ca482f"},"headline":"Le cannabis th\u00e9rapeutique au Costa Rica","datePublished":"2022-07-06T16:01:35+00:00","dateModified":"2023-09-25T15:08:18+00:00","mainEntityOfPage":{"@id":"https:\/\/www.sensorialsunsets.com\/fr\/le-cannabis-therapeutique-au-costa-rica\/"},"wordCount":338,"publisher":{"@id":"https:\/\/www.sensorialsunsets.com\/fr\/#organization"},"image":{"@id":"https:\/\/www.sensorialsunsets.com\/fr\/le-cannabis-therapeutique-au-costa-rica\/#primaryimage"},"thumbnailUrl":"https:\/\/www.sensorialsunsets.com\/wp-content\/uploads\/2022\/07\/nicole-plunkett-FEY04j-dXJM-unsplash-scaled.jpg","articleSection":["Costa Rica","Economie","Sant\u00e9"],"inLanguage":"fr-FR"},{"@type":"WebPage","@id":"https:\/\/www.sensorialsunsets.com\/fr\/le-cannabis-therapeutique-au-costa-rica\/","url":"https:\/\/www.sensorialsunsets.com\/fr\/le-cannabis-therapeutique-au-costa-rica\/","name":"Le cannabis th\u00e9rapeutique au Costa Rica - SensorialSunsets","isPartOf":{"@id":"https:\/\/www.sensorialsunsets.com\/fr\/#website"},"primaryImageOfPage":{"@id":"https:\/\/www.sensorialsunsets.com\/fr\/le-cannabis-therapeutique-au-costa-rica\/#primaryimage"},"image":{"@id":"https:\/\/www.sensorialsunsets.com\/fr\/le-cannabis-therapeutique-au-costa-rica\/#primaryimage"},"thumbnailUrl":"https:\/\/www.sensorialsunsets.com\/wp-content\/uploads\/2022\/07\/nicole-plunkett-FEY04j-dXJM-unsplash-scaled.jpg","datePublished":"2022-07-06T16:01:35+00:00","dateModified":"2023-09-25T15:08:18+00:00","description":"Le cannabis \u00e0 usage th\u00e9rapeutique est d\u00e9sormais l\u00e9gal au Costa Rica. La loi a \u00e9t\u00e9 approuv\u00e9e en janvier 2022 par Carlos Alvarado.","inLanguage":"fr-FR","potentialAction":[{"@type":"ReadAction","target":["https:\/\/www.sensorialsunsets.com\/fr\/le-cannabis-therapeutique-au-costa-rica\/"]}]},{"@type":"ImageObject","inLanguage":"fr-FR","@id":"https:\/\/www.sensorialsunsets.com\/fr\/le-cannabis-therapeutique-au-costa-rica\/#primaryimage","url":"https:\/\/www.sensorialsunsets.com\/wp-content\/uploads\/2022\/07\/nicole-plunkett-FEY04j-dXJM-unsplash-scaled.jpg","contentUrl":"https:\/\/www.sensorialsunsets.com\/wp-content\/uploads\/2022\/07\/nicole-plunkett-FEY04j-dXJM-unsplash-scaled.jpg","width":2560,"height":1920,"caption":"Baked Thailand"},{"@type":"WebSite","@id":"https:\/\/www.sensorialsunsets.com\/fr\/#website","url":"https:\/\/www.sensorialsunsets.com\/fr\/","name":"SensorialSunsets.com","description":"D\u00e9couvrez la culture et la soci\u00e9t\u00e9 du Costa Rica sur notre blog. Explorez des articles captivants et partagez le contenu.","publisher":{"@id":"https:\/\/www.sensorialsunsets.com\/fr\/#organization"},"alternateName":"Costa Rica Live Blog","potentialAction":[{"@type":"SearchAction","target":{"@type":"EntryPoint","urlTemplate":"https:\/\/www.sensorialsunsets.com\/fr\/?s={search_term_string}"},"query-input":{"@type":"PropertyValueSpecification","valueRequired":true,"valueName":"search_term_string"}}],"inLanguage":"fr-FR"},{"@type":"Organization","@id":"https:\/\/www.sensorialsunsets.com\/fr\/#organization","name":"SensorialSunsets","url":"https:\/\/www.sensorialsunsets.com\/fr\/","logo":{"@type":"ImageObject","inLanguage":"fr-FR","@id":"https:\/\/www.sensorialsunsets.com\/fr\/#\/schema\/logo\/image\/","url":"https:\/\/www.sensorialsunsets.com\/wp-content\/uploads\/2023\/04\/Logo_base_line_fond_clair.svg","contentUrl":"https:\/\/www.sensorialsunsets.com\/wp-content\/uploads\/2023\/04\/Logo_base_line_fond_clair.svg","width":"1024","height":"1024","caption":"SensorialSunsets"},"image":{"@id":"https:\/\/www.sensorialsunsets.com\/fr\/#\/schema\/logo\/image\/"},"sameAs":["https:\/\/www.facebook.com\/Sensorial-Sunsets-109180614715562","https:\/\/www.instagram.com\/sensorialsunsets\/"]},{"@type":"Person","@id":"https:\/\/www.sensorialsunsets.com\/fr\/#\/schema\/person\/a8336a4dbeee633f087a194db2ca482f","name":"Marian Barrantes","image":{"@type":"ImageObject","inLanguage":"fr-FR","@id":"https:\/\/secure.gravatar.com\/avatar\/fafbfab67eb28029818d03f44e3037bd798e04434d8d5c0cfc2eea8ec2882a22?s=96&d=mm&r=g","url":"https:\/\/secure.gravatar.com\/avatar\/fafbfab67eb28029818d03f44e3037bd798e04434d8d5c0cfc2eea8ec2882a22?s=96&d=mm&r=g","contentUrl":"https:\/\/secure.gravatar.com\/avatar\/fafbfab67eb28029818d03f44e3037bd798e04434d8d5c0cfc2eea8ec2882a22?s=96&d=mm&r=g","caption":"Marian Barrantes"},"sameAs":["https:\/\/www.sensorialsunsets.com"],"url":"https:\/\/www.sensorialsunsets.com\/fr\/author\/mbarrantes\/"}]}},"_links":{"self":[{"href":"https:\/\/www.sensorialsunsets.com\/fr\/wp-json\/wp\/v2\/posts\/2557","targetHints":{"allow":["GET"]}}],"collection":[{"href":"https:\/\/www.sensorialsunsets.com\/fr\/wp-json\/wp\/v2\/posts"}],"about":[{"href":"https:\/\/www.sensorialsunsets.com\/fr\/wp-json\/wp\/v2\/types\/post"}],"author":[{"embeddable":true,"href":"https:\/\/www.sensorialsunsets.com\/fr\/wp-json\/wp\/v2\/users\/5"}],"replies":[{"embeddable":true,"href":"https:\/\/www.sensorialsunsets.com\/fr\/wp-json\/wp\/v2\/comments?post=2557"}],"version-history":[{"count":0,"href":"https:\/\/www.sensorialsunsets.com\/fr\/wp-json\/wp\/v2\/posts\/2557\/revisions"}],"wp:featuredmedia":[{"embeddable":true,"href":"https:\/\/www.sensorialsunsets.com\/fr\/wp-json\/wp\/v2\/media\/2550"}],"wp:attachment":[{"href":"https:\/\/www.sensorialsunsets.com\/fr\/wp-json\/wp\/v2\/media?parent=2557"}],"wp:term":[{"taxonomy":"category","embeddable":true,"href":"https:\/\/www.sensorialsunsets.com\/fr\/wp-json\/wp\/v2\/categories?post=2557"},{"taxonomy":"post_tag","embeddable":true,"href":"https:\/\/www.sensorialsunsets.com\/fr\/wp-json\/wp\/v2\/tags?post=2557"}],"curies":[{"name":"wp","href":"https:\/\/api.w.org\/{rel}","templated":true}]}}