{"id":2567,"date":"2022-07-06T16:26:58","date_gmt":"2022-07-06T16:26:58","guid":{"rendered":"https:\/\/www.sensorialsunsets.com\/le-port-de-caldera-costa-rica\/"},"modified":"2022-07-06T16:30:53","modified_gmt":"2022-07-06T16:30:53","slug":"le-port-de-caldera-costa-rica","status":"publish","type":"post","link":"https:\/\/www.sensorialsunsets.com\/fr\/le-port-de-caldera-costa-rica\/","title":{"rendered":"Le port de Caldera, Costa Rica"},"content":{"rendered":"\n<p>Le port de Caldera au Costa Rica est la plus importante ville portuaire du pays et a \u00e9t\u00e9 fond\u00e9 en 1868. Elle b\u00e9n\u00e9ficie d&rsquo;un climat tropical et constitue l&rsquo;une des destinations id\u00e9ales pour les voyageurs qui souhaitent profiter du soleil, du sable, de l&rsquo;eau et de toutes les autres attractions naturelles que cette r\u00e9gion a \u00e0 offrir. En fait, Caldera est une ville portuaire du Costa Rica connue pour ses belles plages et une destination parfaite pour les voyageurs. Il est situ\u00e9 dans le district de Caldera du canton d&rsquo;Esparza, dans la province de Puntarenas.<\/p>\n\n<h2 class=\"wp-block-heading\"><strong>Histoire du<\/strong><strong> port de Caldera, Costa Rica<\/strong><\/h2>\n\n<p>La ville a \u00e9t\u00e9 fond\u00e9e le 25 f\u00e9vrier 1859 par Jos\u00e9 Mar\u00eda Castro Madriz et s&rsquo;appelait Bah\u00eda Caldera. \u00c0 l&rsquo;\u00e9poque coloniale, c&rsquo;\u00e9tait le principal port de la c\u00f4te Pacifique. Cependant, il ne se trouvait qu&rsquo;\u00e0 quelques kilom\u00e8tres du port actuel. Les op\u00e9rations de chargement et de d\u00e9chargement \u00e9taient effectu\u00e9es au nord de la baie par des navires. Plus tard, en 1910, il a \u00e9t\u00e9 d\u00e9cid\u00e9 de construire un quai sur pieux de bois et un petit entrep\u00f4t de stockage.\u00a0<\/p>\n\n<p>Vingt kilom\u00e8tres au nord-ouest de Caldera. En 1940, le quai a \u00e9t\u00e9 remplac\u00e9 par un autre quai. Celui-ci a \u00e9t\u00e9 construit sur des pieux en acier et, en m\u00eame temps, le b\u00e2timent des douanes avec une cale principale a \u00e9galement \u00e9t\u00e9 cr\u00e9\u00e9. Au fil des ans, d&rsquo;autres entrep\u00f4ts et quelques postes d&rsquo;amarrage peu profonds ont \u00e9t\u00e9 construits, tant sur le quai principal que sur un site appel\u00e9 El Cocal, dans l&rsquo;estuaire de Puntarenas.\u00a0<\/p>\n\n<figure class=\"wp-block-image size-full\"><img loading=\"lazy\" decoding=\"async\" width=\"720\" height=\"520\" src=\"https:\/\/www.sensorialsunsets.com\/wp-content\/uploads\/2022\/07\/resena3.jpeg\" alt=\"train-pacifique-costa-rica-sensorial-sunsets\" class=\"wp-image-2565\" srcset=\"https:\/\/www.sensorialsunsets.com\/wp-content\/uploads\/2022\/07\/resena3.jpeg 720w, https:\/\/www.sensorialsunsets.com\/wp-content\/uploads\/2022\/07\/resena3-300x217.jpeg 300w\" sizes=\"auto, (max-width: 720px) 100vw, 720px\" \/><figcaption>Train vers le Pacifique &#8211; photo prise de l&rsquo;INCOP<\/figcaption><\/figure>\n<p>Cependant, la ville s&rsquo;est d\u00e9velopp\u00e9e autour du port et, en raison de la congestion continue des navires, \u00e0 la fin des ann\u00e9es soixante, un d\u00e9veloppement portuaire a \u00e9t\u00e9 envisag\u00e9 pour faciliter le commerce ext\u00e9rieur de la nation avec les zones d&rsquo;acc\u00e8s \u00e9conomique par l&rsquo;oc\u00e9an Pacifique. \u00a0 Apr\u00e8s que plusieurs soci\u00e9t\u00e9s de conseil aient r\u00e9alis\u00e9 leurs \u00e9tudes, la baie de Caldera a \u00e9t\u00e9 choisie comme site pour le nouveau port, car elle repr\u00e9sentait le meilleur emplacement du point de vue \u00e9conomique du projet.\u00a0<\/p>\n\n<p>Le port de Caldera, actuellement utilis\u00e9, a \u00e9t\u00e9 cr\u00e9\u00e9 artificiellement en 1978, et a commenc\u00e9 \u00e0 fonctionner jusqu&rsquo;en 1981, apr\u00e8s que le port principal de Puntarenas ait \u00e9t\u00e9 abandonn\u00e9 pour un usage commercial. Depuis lors, elle est le principal point d&rsquo;importation et d&rsquo;exportation de la c\u00f4te Pacifique du pays. En 2001, le gouvernement du Costa Rica a lanc\u00e9 le processus de modernisation de la gestion portuaire au Costa Rica. Enfin, le 12 ao\u00fbt 2006, la concession du port de Caldera a d\u00e9but\u00e9.<\/p>\n\n<h2 class=\"wp-block-heading\"><strong>De nos jours<\/strong><\/h2>\n\n<p>Puerto Caldera reste un endroit tr\u00e8s pratique \u00e0 visiter, non seulement en raison de sa proximit\u00e9 avec d&rsquo;autres villes et destinations, mais aussi parce qu&rsquo;il offre de nombreuses attractions et activit\u00e9s pour les touristes, comme des visites de la mangrove ou m\u00eame une visite de l&rsquo;\u00eele <a href=\"https:\/\/costarica.org\/islands\/tortuga\/\">Tortuga<\/a>. Il existe m\u00eame de nouvelles activit\u00e9s dans la r\u00e9gion, comme la p\u00eache sportive.<\/p>\n\n<h2 class=\"wp-block-heading\"><strong>En bref<\/strong><\/h2>\n\n<ul class=\"wp-block-list\"><li>Le port de Caldera au Costa Rica est la ville portuaire la plus importante du pays.<\/li><li>Le port de Caldera, actuellement en service, a \u00e9t\u00e9 cr\u00e9\u00e9 artificiellement en 1978 et a commenc\u00e9 \u00e0 fonctionner en 1981.<\/li><li>Puerto Caldera reste un endroit pratique \u00e0 visiter.<\/li><\/ul>\n<p><strong>Auteure<\/strong><\/p>\n\n<p>Zelda Walters pour Sensorial Sunsets<\/p>\n\n<h2 class=\"wp-block-heading\"><strong>Bibliographie<\/strong><\/h2>\n\n<p><a href=\"https:\/\/costarica.org\/es\/ciudades\/caldera\/\">https:\/\/costarica.org\/es\/ciudades\/caldera\/<\/a><\/p>\n","protected":false},"excerpt":{"rendered":"<p>train-pacifique-costa-rica-sensorial-sunsets<\/p>\n","protected":false},"author":5,"featured_media":2562,"comment_status":"closed","ping_status":"closed","sticky":false,"template":"","format":"standard","meta":{"_acf_changed":false,"inline_featured_image":false,"_monsterinsights_skip_tracking":false,"_monsterinsights_sitenote_active":false,"_monsterinsights_sitenote_note":"","_monsterinsights_sitenote_category":0,"footnotes":""},"categories":[100,109,127],"tags":[],"class_list":["post-2567","post","type-post","status-publish","format-standard","has-post-thumbnail","hentry","category-costa-rica-fr","category-economie-fr","category-infrastructure"],"acf":[],"yoast_head":"<!-- This site is optimized with the Yoast SEO plugin v27.4 - https:\/\/yoast.com\/product\/yoast-seo-wordpress\/ -->\n<title>Le port de Caldera, Costa Rica - SensorialSunsets<\/title>\n<meta name=\"description\" content=\"Le port de Caldera au Costa Rica est la ville portuaire la plus importante du pays et sert d&#039;attraction touristique.\" \/>\n<meta name=\"robots\" content=\"index, follow, max-snippet:-1, max-image-preview:large, max-video-preview:-1\" \/>\n<link rel=\"canonical\" href=\"https:\/\/www.sensorialsunsets.com\/fr\/le-port-de-caldera-costa-rica\/\" \/>\n<meta property=\"og:locale\" content=\"fr_FR\" \/>\n<meta property=\"og:type\" content=\"article\" \/>\n<meta property=\"og:title\" content=\"Le port de Caldera, Costa Rica - SensorialSunsets\" \/>\n<meta property=\"og:description\" content=\"Le port de Caldera au Costa Rica est la ville portuaire la plus importante du pays et sert d&#039;attraction touristique.\" \/>\n<meta property=\"og:url\" content=\"https:\/\/www.sensorialsunsets.com\/fr\/le-port-de-caldera-costa-rica\/\" \/>\n<meta property=\"og:site_name\" content=\"SensorialSunsets\" \/>\n<meta property=\"article:publisher\" content=\"https:\/\/www.facebook.com\/Sensorial-Sunsets-109180614715562\" \/>\n<meta property=\"article:published_time\" content=\"2022-07-06T16:26:58+00:00\" \/>\n<meta property=\"article:modified_time\" content=\"2022-07-06T16:30:53+00:00\" \/>\n<meta property=\"og:image\" content=\"https:\/\/www.sensorialsunsets.com\/wp-content\/uploads\/2022\/07\/1024px-CRI_04_2013_Puerto_Caldera_6322.jpg\" \/>\n\t<meta property=\"og:image:width\" content=\"1024\" \/>\n\t<meta property=\"og:image:height\" content=\"683\" \/>\n\t<meta property=\"og:image:type\" content=\"image\/jpeg\" \/>\n<meta name=\"author\" content=\"Marian Barrantes\" \/>\n<meta name=\"twitter:card\" content=\"summary_large_image\" \/>\n<meta name=\"twitter:label1\" content=\"\u00c9crit par\" \/>\n\t<meta name=\"twitter:data1\" content=\"Marian Barrantes\" \/>\n\t<meta name=\"twitter:label2\" content=\"Dur\u00e9e de lecture estim\u00e9e\" \/>\n\t<meta name=\"twitter:data2\" content=\"3 minutes\" \/>\n<script type=\"application\/ld+json\" class=\"yoast-schema-graph\">{\"@context\":\"https:\\\/\\\/schema.org\",\"@graph\":[{\"@type\":\"Article\",\"@id\":\"https:\\\/\\\/www.sensorialsunsets.com\\\/fr\\\/le-port-de-caldera-costa-rica\\\/#article\",\"isPartOf\":{\"@id\":\"https:\\\/\\\/www.sensorialsunsets.com\\\/fr\\\/le-port-de-caldera-costa-rica\\\/\"},\"author\":{\"name\":\"Marian Barrantes\",\"@id\":\"https:\\\/\\\/www.sensorialsunsets.com\\\/fr\\\/#\\\/schema\\\/person\\\/a8336a4dbeee633f087a194db2ca482f\"},\"headline\":\"Le port de Caldera, Costa Rica\",\"datePublished\":\"2022-07-06T16:26:58+00:00\",\"dateModified\":\"2022-07-06T16:30:53+00:00\",\"mainEntityOfPage\":{\"@id\":\"https:\\\/\\\/www.sensorialsunsets.com\\\/fr\\\/le-port-de-caldera-costa-rica\\\/\"},\"wordCount\":597,\"publisher\":{\"@id\":\"https:\\\/\\\/www.sensorialsunsets.com\\\/fr\\\/#organization\"},\"image\":{\"@id\":\"https:\\\/\\\/www.sensorialsunsets.com\\\/fr\\\/le-port-de-caldera-costa-rica\\\/#primaryimage\"},\"thumbnailUrl\":\"https:\\\/\\\/www.sensorialsunsets.com\\\/wp-content\\\/uploads\\\/2022\\\/07\\\/1024px-CRI_04_2013_Puerto_Caldera_6322.jpg\",\"articleSection\":[\"Costa Rica\",\"Economie\",\"Infrastructure\"],\"inLanguage\":\"fr-FR\"},{\"@type\":\"WebPage\",\"@id\":\"https:\\\/\\\/www.sensorialsunsets.com\\\/fr\\\/le-port-de-caldera-costa-rica\\\/\",\"url\":\"https:\\\/\\\/www.sensorialsunsets.com\\\/fr\\\/le-port-de-caldera-costa-rica\\\/\",\"name\":\"Le port de Caldera, Costa Rica - SensorialSunsets\",\"isPartOf\":{\"@id\":\"https:\\\/\\\/www.sensorialsunsets.com\\\/fr\\\/#website\"},\"primaryImageOfPage\":{\"@id\":\"https:\\\/\\\/www.sensorialsunsets.com\\\/fr\\\/le-port-de-caldera-costa-rica\\\/#primaryimage\"},\"image\":{\"@id\":\"https:\\\/\\\/www.sensorialsunsets.com\\\/fr\\\/le-port-de-caldera-costa-rica\\\/#primaryimage\"},\"thumbnailUrl\":\"https:\\\/\\\/www.sensorialsunsets.com\\\/wp-content\\\/uploads\\\/2022\\\/07\\\/1024px-CRI_04_2013_Puerto_Caldera_6322.jpg\",\"datePublished\":\"2022-07-06T16:26:58+00:00\",\"dateModified\":\"2022-07-06T16:30:53+00:00\",\"description\":\"Le port de Caldera au Costa Rica est la ville portuaire la plus importante du pays et sert d'attraction touristique.\",\"inLanguage\":\"fr-FR\",\"potentialAction\":[{\"@type\":\"ReadAction\",\"target\":[\"https:\\\/\\\/www.sensorialsunsets.com\\\/fr\\\/le-port-de-caldera-costa-rica\\\/\"]}]},{\"@type\":\"ImageObject\",\"inLanguage\":\"fr-FR\",\"@id\":\"https:\\\/\\\/www.sensorialsunsets.com\\\/fr\\\/le-port-de-caldera-costa-rica\\\/#primaryimage\",\"url\":\"https:\\\/\\\/www.sensorialsunsets.com\\\/wp-content\\\/uploads\\\/2022\\\/07\\\/1024px-CRI_04_2013_Puerto_Caldera_6322.jpg\",\"contentUrl\":\"https:\\\/\\\/www.sensorialsunsets.com\\\/wp-content\\\/uploads\\\/2022\\\/07\\\/1024px-CRI_04_2013_Puerto_Caldera_6322.jpg\",\"width\":1024,\"height\":683},{\"@type\":\"WebSite\",\"@id\":\"https:\\\/\\\/www.sensorialsunsets.com\\\/fr\\\/#website\",\"url\":\"https:\\\/\\\/www.sensorialsunsets.com\\\/fr\\\/\",\"name\":\"SensorialSunsets.com\",\"description\":\"D\u00e9couvrez la culture et la soci\u00e9t\u00e9 du Costa Rica sur notre blog. Explorez des articles captivants et partagez le contenu.\",\"publisher\":{\"@id\":\"https:\\\/\\\/www.sensorialsunsets.com\\\/fr\\\/#organization\"},\"alternateName\":\"Costa Rica Live Blog\",\"potentialAction\":[{\"@type\":\"SearchAction\",\"target\":{\"@type\":\"EntryPoint\",\"urlTemplate\":\"https:\\\/\\\/www.sensorialsunsets.com\\\/fr\\\/?s={search_term_string}\"},\"query-input\":{\"@type\":\"PropertyValueSpecification\",\"valueRequired\":true,\"valueName\":\"search_term_string\"}}],\"inLanguage\":\"fr-FR\"},{\"@type\":\"Organization\",\"@id\":\"https:\\\/\\\/www.sensorialsunsets.com\\\/fr\\\/#organization\",\"name\":\"SensorialSunsets\",\"url\":\"https:\\\/\\\/www.sensorialsunsets.com\\\/fr\\\/\",\"logo\":{\"@type\":\"ImageObject\",\"inLanguage\":\"fr-FR\",\"@id\":\"https:\\\/\\\/www.sensorialsunsets.com\\\/fr\\\/#\\\/schema\\\/logo\\\/image\\\/\",\"url\":\"https:\\\/\\\/www.sensorialsunsets.com\\\/wp-content\\\/uploads\\\/2023\\\/04\\\/Logo_base_line_fond_clair.svg\",\"contentUrl\":\"https:\\\/\\\/www.sensorialsunsets.com\\\/wp-content\\\/uploads\\\/2023\\\/04\\\/Logo_base_line_fond_clair.svg\",\"width\":\"1024\",\"height\":\"1024\",\"caption\":\"SensorialSunsets\"},\"image\":{\"@id\":\"https:\\\/\\\/www.sensorialsunsets.com\\\/fr\\\/#\\\/schema\\\/logo\\\/image\\\/\"},\"sameAs\":[\"https:\\\/\\\/www.facebook.com\\\/Sensorial-Sunsets-109180614715562\",\"https:\\\/\\\/www.instagram.com\\\/sensorialsunsets\\\/\"]},{\"@type\":\"Person\",\"@id\":\"https:\\\/\\\/www.sensorialsunsets.com\\\/fr\\\/#\\\/schema\\\/person\\\/a8336a4dbeee633f087a194db2ca482f\",\"name\":\"Marian Barrantes\",\"image\":{\"@type\":\"ImageObject\",\"inLanguage\":\"fr-FR\",\"@id\":\"https:\\\/\\\/secure.gravatar.com\\\/avatar\\\/fafbfab67eb28029818d03f44e3037bd798e04434d8d5c0cfc2eea8ec2882a22?s=96&d=mm&r=g\",\"url\":\"https:\\\/\\\/secure.gravatar.com\\\/avatar\\\/fafbfab67eb28029818d03f44e3037bd798e04434d8d5c0cfc2eea8ec2882a22?s=96&d=mm&r=g\",\"contentUrl\":\"https:\\\/\\\/secure.gravatar.com\\\/avatar\\\/fafbfab67eb28029818d03f44e3037bd798e04434d8d5c0cfc2eea8ec2882a22?s=96&d=mm&r=g\",\"caption\":\"Marian Barrantes\"},\"sameAs\":[\"https:\\\/\\\/www.sensorialsunsets.com\"],\"url\":\"https:\\\/\\\/www.sensorialsunsets.com\\\/fr\\\/author\\\/mbarrantes\\\/\"}]}<\/script>\n<!-- \/ Yoast SEO plugin. -->","yoast_head_json":{"title":"Le port de Caldera, Costa Rica - SensorialSunsets","description":"Le port de Caldera au Costa Rica est la ville portuaire la plus importante du pays et sert d'attraction touristique.","robots":{"index":"index","follow":"follow","max-snippet":"max-snippet:-1","max-image-preview":"max-image-preview:large","max-video-preview":"max-video-preview:-1"},"canonical":"https:\/\/www.sensorialsunsets.com\/fr\/le-port-de-caldera-costa-rica\/","og_locale":"fr_FR","og_type":"article","og_title":"Le port de Caldera, Costa Rica - SensorialSunsets","og_description":"Le port de Caldera au Costa Rica est la ville portuaire la plus importante du pays et sert d'attraction touristique.","og_url":"https:\/\/www.sensorialsunsets.com\/fr\/le-port-de-caldera-costa-rica\/","og_site_name":"SensorialSunsets","article_publisher":"https:\/\/www.facebook.com\/Sensorial-Sunsets-109180614715562","article_published_time":"2022-07-06T16:26:58+00:00","article_modified_time":"2022-07-06T16:30:53+00:00","og_image":[{"width":1024,"height":683,"url":"https:\/\/www.sensorialsunsets.com\/wp-content\/uploads\/2022\/07\/1024px-CRI_04_2013_Puerto_Caldera_6322.jpg","type":"image\/jpeg"}],"author":"Marian Barrantes","twitter_card":"summary_large_image","twitter_misc":{"\u00c9crit par":"Marian Barrantes","Dur\u00e9e de lecture estim\u00e9e":"3 minutes"},"schema":{"@context":"https:\/\/schema.org","@graph":[{"@type":"Article","@id":"https:\/\/www.sensorialsunsets.com\/fr\/le-port-de-caldera-costa-rica\/#article","isPartOf":{"@id":"https:\/\/www.sensorialsunsets.com\/fr\/le-port-de-caldera-costa-rica\/"},"author":{"name":"Marian Barrantes","@id":"https:\/\/www.sensorialsunsets.com\/fr\/#\/schema\/person\/a8336a4dbeee633f087a194db2ca482f"},"headline":"Le port de Caldera, Costa Rica","datePublished":"2022-07-06T16:26:58+00:00","dateModified":"2022-07-06T16:30:53+00:00","mainEntityOfPage":{"@id":"https:\/\/www.sensorialsunsets.com\/fr\/le-port-de-caldera-costa-rica\/"},"wordCount":597,"publisher":{"@id":"https:\/\/www.sensorialsunsets.com\/fr\/#organization"},"image":{"@id":"https:\/\/www.sensorialsunsets.com\/fr\/le-port-de-caldera-costa-rica\/#primaryimage"},"thumbnailUrl":"https:\/\/www.sensorialsunsets.com\/wp-content\/uploads\/2022\/07\/1024px-CRI_04_2013_Puerto_Caldera_6322.jpg","articleSection":["Costa Rica","Economie","Infrastructure"],"inLanguage":"fr-FR"},{"@type":"WebPage","@id":"https:\/\/www.sensorialsunsets.com\/fr\/le-port-de-caldera-costa-rica\/","url":"https:\/\/www.sensorialsunsets.com\/fr\/le-port-de-caldera-costa-rica\/","name":"Le port de Caldera, Costa Rica - SensorialSunsets","isPartOf":{"@id":"https:\/\/www.sensorialsunsets.com\/fr\/#website"},"primaryImageOfPage":{"@id":"https:\/\/www.sensorialsunsets.com\/fr\/le-port-de-caldera-costa-rica\/#primaryimage"},"image":{"@id":"https:\/\/www.sensorialsunsets.com\/fr\/le-port-de-caldera-costa-rica\/#primaryimage"},"thumbnailUrl":"https:\/\/www.sensorialsunsets.com\/wp-content\/uploads\/2022\/07\/1024px-CRI_04_2013_Puerto_Caldera_6322.jpg","datePublished":"2022-07-06T16:26:58+00:00","dateModified":"2022-07-06T16:30:53+00:00","description":"Le port de Caldera au Costa Rica est la ville portuaire la plus importante du pays et sert d'attraction touristique.","inLanguage":"fr-FR","potentialAction":[{"@type":"ReadAction","target":["https:\/\/www.sensorialsunsets.com\/fr\/le-port-de-caldera-costa-rica\/"]}]},{"@type":"ImageObject","inLanguage":"fr-FR","@id":"https:\/\/www.sensorialsunsets.com\/fr\/le-port-de-caldera-costa-rica\/#primaryimage","url":"https:\/\/www.sensorialsunsets.com\/wp-content\/uploads\/2022\/07\/1024px-CRI_04_2013_Puerto_Caldera_6322.jpg","contentUrl":"https:\/\/www.sensorialsunsets.com\/wp-content\/uploads\/2022\/07\/1024px-CRI_04_2013_Puerto_Caldera_6322.jpg","width":1024,"height":683},{"@type":"WebSite","@id":"https:\/\/www.sensorialsunsets.com\/fr\/#website","url":"https:\/\/www.sensorialsunsets.com\/fr\/","name":"SensorialSunsets.com","description":"D\u00e9couvrez la culture et la soci\u00e9t\u00e9 du Costa Rica sur notre blog. Explorez des articles captivants et partagez le contenu.","publisher":{"@id":"https:\/\/www.sensorialsunsets.com\/fr\/#organization"},"alternateName":"Costa Rica Live Blog","potentialAction":[{"@type":"SearchAction","target":{"@type":"EntryPoint","urlTemplate":"https:\/\/www.sensorialsunsets.com\/fr\/?s={search_term_string}"},"query-input":{"@type":"PropertyValueSpecification","valueRequired":true,"valueName":"search_term_string"}}],"inLanguage":"fr-FR"},{"@type":"Organization","@id":"https:\/\/www.sensorialsunsets.com\/fr\/#organization","name":"SensorialSunsets","url":"https:\/\/www.sensorialsunsets.com\/fr\/","logo":{"@type":"ImageObject","inLanguage":"fr-FR","@id":"https:\/\/www.sensorialsunsets.com\/fr\/#\/schema\/logo\/image\/","url":"https:\/\/www.sensorialsunsets.com\/wp-content\/uploads\/2023\/04\/Logo_base_line_fond_clair.svg","contentUrl":"https:\/\/www.sensorialsunsets.com\/wp-content\/uploads\/2023\/04\/Logo_base_line_fond_clair.svg","width":"1024","height":"1024","caption":"SensorialSunsets"},"image":{"@id":"https:\/\/www.sensorialsunsets.com\/fr\/#\/schema\/logo\/image\/"},"sameAs":["https:\/\/www.facebook.com\/Sensorial-Sunsets-109180614715562","https:\/\/www.instagram.com\/sensorialsunsets\/"]},{"@type":"Person","@id":"https:\/\/www.sensorialsunsets.com\/fr\/#\/schema\/person\/a8336a4dbeee633f087a194db2ca482f","name":"Marian Barrantes","image":{"@type":"ImageObject","inLanguage":"fr-FR","@id":"https:\/\/secure.gravatar.com\/avatar\/fafbfab67eb28029818d03f44e3037bd798e04434d8d5c0cfc2eea8ec2882a22?s=96&d=mm&r=g","url":"https:\/\/secure.gravatar.com\/avatar\/fafbfab67eb28029818d03f44e3037bd798e04434d8d5c0cfc2eea8ec2882a22?s=96&d=mm&r=g","contentUrl":"https:\/\/secure.gravatar.com\/avatar\/fafbfab67eb28029818d03f44e3037bd798e04434d8d5c0cfc2eea8ec2882a22?s=96&d=mm&r=g","caption":"Marian Barrantes"},"sameAs":["https:\/\/www.sensorialsunsets.com"],"url":"https:\/\/www.sensorialsunsets.com\/fr\/author\/mbarrantes\/"}]}},"_links":{"self":[{"href":"https:\/\/www.sensorialsunsets.com\/fr\/wp-json\/wp\/v2\/posts\/2567","targetHints":{"allow":["GET"]}}],"collection":[{"href":"https:\/\/www.sensorialsunsets.com\/fr\/wp-json\/wp\/v2\/posts"}],"about":[{"href":"https:\/\/www.sensorialsunsets.com\/fr\/wp-json\/wp\/v2\/types\/post"}],"author":[{"embeddable":true,"href":"https:\/\/www.sensorialsunsets.com\/fr\/wp-json\/wp\/v2\/users\/5"}],"replies":[{"embeddable":true,"href":"https:\/\/www.sensorialsunsets.com\/fr\/wp-json\/wp\/v2\/comments?post=2567"}],"version-history":[{"count":0,"href":"https:\/\/www.sensorialsunsets.com\/fr\/wp-json\/wp\/v2\/posts\/2567\/revisions"}],"wp:featuredmedia":[{"embeddable":true,"href":"https:\/\/www.sensorialsunsets.com\/fr\/wp-json\/wp\/v2\/media\/2562"}],"wp:attachment":[{"href":"https:\/\/www.sensorialsunsets.com\/fr\/wp-json\/wp\/v2\/media?parent=2567"}],"wp:term":[{"taxonomy":"category","embeddable":true,"href":"https:\/\/www.sensorialsunsets.com\/fr\/wp-json\/wp\/v2\/categories?post=2567"},{"taxonomy":"post_tag","embeddable":true,"href":"https:\/\/www.sensorialsunsets.com\/fr\/wp-json\/wp\/v2\/tags?post=2567"}],"curies":[{"name":"wp","href":"https:\/\/api.w.org\/{rel}","templated":true}]}}