{"id":2610,"date":"2022-07-11T19:57:02","date_gmt":"2022-07-11T19:57:02","guid":{"rendered":"https:\/\/www.sensorialsunsets.com\/figures-marquantes-margarita-herdocia-femme-daffaires-et-activiste\/"},"modified":"2022-07-11T20:01:45","modified_gmt":"2022-07-11T20:01:45","slug":"figures-marquantes-margarita-herdocia-femme-daffaires-et-activiste","status":"publish","type":"post","link":"https:\/\/www.sensorialsunsets.com\/fr\/figures-marquantes-margarita-herdocia-femme-daffaires-et-activiste\/","title":{"rendered":"Figures marquantes: Margarita Herdocia, femme d&rsquo;affaires et activiste"},"content":{"rendered":"\n<h2 class=\"wp-block-heading\"><strong>Le Costa Rica: son pays de choix<\/strong><\/h2>\n\n<p>Margarita Herdocia est une femme d&rsquo;affaires et une militante des droits de l&rsquo;homme. D&rsquo;origine nicaraguayenne, elle a choisi de vivre au Costa Rica depuis plus de trente ans. Elle a choisi le Costa Rica parce qu&rsquo;elle voulait inculquer \u00e0 ses enfants et petits-enfants les valeurs traditionnellement costariciennes : la paix, la pr\u00e9servation de la nature. Le Costa Rica est l&rsquo;endroit o\u00f9 elle veut \u00eatre et elle veut contribuer \u00e0 faire du Costa Rica un pays plus \u00e9quitable.<\/p>\n\n<h2 class=\"wp-block-heading\"><strong>Margarita Herdocia: femme d&rsquo;affaires et leader<\/strong><\/h2>\n\n<p>Margarita n&rsquo;est pas seulement une femme d&rsquo;affaires, mais elle est \u00e9galement connue pour rechercher le bien-\u00eatre de ceux qui travaillent avec elle. Herdocia d\u00e9clare que \u00ab\u00a0l&rsquo;une des missions de ma vie est de cr\u00e9er des emplois heureux\u00a0\u00bb et, \u00e0 cette fin, elle a dirig\u00e9 les cha\u00eenes de restaurants TGIF, KFC et Pizza Hut. Elle est un chef d&rsquo;entreprise qui investit dans un portefeuille diversifi\u00e9 d&rsquo;entreprises financi\u00e8res, technologiques, de soins de sant\u00e9, de restauration et de services g\u00e9n\u00e9raux, qu&rsquo;elle g\u00e8re. Elle a \u00e9galement dirig\u00e9 des projets immobiliers et de zones franches au Costa Rica. Sa derni\u00e8re initiative a \u00e9t\u00e9 la cr\u00e9ation de la cha\u00eene de restaurants PLNT BURGER aux \u00c9tats-Unis, qui vise \u00e0 offrir aux gens la possibilit\u00e9 de manger des aliments \u00e0 base de plantes, ce qui permet de r\u00e9duire la consommation de viande, de diminuer la superficie des terres consacr\u00e9es au b\u00e9tail et de prot\u00e9ger l&rsquo;environnement tout en nourrissant davantage de personnes.<\/p>\n\n<figure class=\"wp-block-image size-full is-resized\"><img loading=\"lazy\" decoding=\"async\" src=\"https:\/\/www.sensorialsunsets.com\/wp-content\/uploads\/2022\/07\/WhatsApp-Image-2022-07-08-at-5.20.58-AM.jpeg\" alt=\"asociacion-ticos-y-nicas-sensorial-sunsets\" class=\"wp-image-2608\" width=\"332\" height=\"535\" srcset=\"https:\/\/www.sensorialsunsets.com\/wp-content\/uploads\/2022\/07\/WhatsApp-Image-2022-07-08-at-5.20.58-AM.jpeg 636w, https:\/\/www.sensorialsunsets.com\/wp-content\/uploads\/2022\/07\/WhatsApp-Image-2022-07-08-at-5.20.58-AM-186x300.jpeg 186w\" sizes=\"auto, (max-width: 332px) 100vw, 332px\" \/><figcaption>Asociaci\u00f3n Ticos y Nicas somos Hermanos<\/figcaption><\/figure>\n<h2 class=\"wp-block-heading\"><strong>Margarita Herdocia: Activiste philantrope<\/strong><\/h2>\n\n<p>La femme d&rsquo;affaires affirme que, pour elle, le plus important, ce sont ses collaborateurs. C&rsquo;est pourquoi, depuis des ann\u00e9es, elle a instaur\u00e9 dans ses entreprises une culture d&rsquo;entreprise qui encourage les coll\u00e8gues \u00e0 s&rsquo;int\u00e9resser au bien-\u00eatre de chacun. \u00ab\u00a0La meilleure fa\u00e7on de contribuer \u00e0 la d\u00e9mocratie est de commencer par \u00eatre d\u00e9mocratique dans son travail. Je veux changer le monde, alors je commence par changer le monde de ceux qui m&rsquo;entourent\u00a0\u00bb, dit Margarita.<\/p>\n\n<p>Margarita a consacr\u00e9 une grande partie de sa vie \u00e0 des initiatives philanthropiques et \u00e0 des ONG, telles que \u00ab\u00a0Ticos y Nicas : Somos Hermanos\u00a0\u00bb et son projet phare HUG (Humanitarian University Scholarships), qui accorde des bourses d&rsquo;\u00e9tudes au Costa Rica \u00e0 des \u00e9tudiants nicaraguayens fuyant la violence dans leur pays. En effet, \u00ab\u00a0plus un migrant s&rsquo;int\u00e8gre rapidement dans le pays d&rsquo;accueil, plus c&rsquo;est facile \u00e0 la fois pour le migrant et pour le pays\u00a0\u00bb, dit-il.<\/p>\n\n<p>Elle a \u00e9galement fond\u00e9 AMARTE, l&rsquo;association des amis du mus\u00e9e d&rsquo;art du Costa Rica et a particip\u00e9 \u00e0 BIENARTE, la biennale de peinture et d&rsquo;arts visuels du Costa Rica.&#13;\nSon prochain d\u00e9fi est de se battre pour que le syst\u00e8me \u00e9ducatif nourrisse les enfants qui, autrement, n&rsquo;auraient rien \u00e0 manger \u00e0 la maison.<\/p>\n\n<h2 class=\"wp-block-heading\"><b>En tant que femme<\/b><\/h2>\n\n<p>\u00a0&#13;\n&#13;\n\u00ab\u00a0Quand j&rsquo;ai commenc\u00e9 dans le restaurant de ma famille, je ne savais rien sur la fa\u00e7on de g\u00e9rer un restaurant et ils m&rsquo;ont dit : \u00ab\u00a0Qu&rsquo;est-ce que tu connais aux restaurants ?\u00a0\u00bb. J&rsquo;ai r\u00e9pondu : \u00ab\u00a0Je ne sais pas grand-chose, mais vous non plus, car autrement vous ne seriez pas en difficult\u00e9s\u00a0\u00bb. Le reste appartient \u00e0 l&rsquo;histoire. Margarita est convaincue que les femmes sont naturellement d&rsquo;excellentes gestionnaires et qu&rsquo;elles sont \u00e9galement plus r\u00e9silientes. Elle s&rsquo;engage donc \u00e0 soutenir les femmes \u00e0 diff\u00e9rents niveaux.<\/p>\n\n<p><\/p>\n\n<p><strong>Auteure<\/strong>: M. Barrantes en collaboration avec Margarita Herdocia pour Sensorial Sunsets<\/p>\n\n<p><\/p>\n\n<h2 class=\"wp-block-heading\">Sources<\/h2>\n\n<p><br\/><br\/>Asociaci\u00f3n Ticos y Nicas somos Hermanos:<br\/><a href=\"https:\/\/www.instagram.com\/amigos_of_costa_rica\/\">https:\/\/www.instagram.com\/amigos_of_costa_rica\/<\/a><\/p>\n","protected":false},"excerpt":{"rendered":"<p>asociacion-ticos-y-nicas-sensorial-sunsets<\/p>\n","protected":false},"author":5,"featured_media":2605,"comment_status":"closed","ping_status":"closed","sticky":false,"template":"","format":"standard","meta":{"_acf_changed":false,"inline_featured_image":false,"_monsterinsights_skip_tracking":false,"_monsterinsights_sitenote_active":false,"_monsterinsights_sitenote_note":"","_monsterinsights_sitenote_category":0,"footnotes":""},"categories":[100,109,119,132],"tags":[],"class_list":["post-2610","post","type-post","status-publish","format-standard","has-post-thumbnail","hentry","category-costa-rica-fr","category-economie-fr","category-figures-reconnues","category-philanthropie"],"acf":[],"yoast_head":"<!-- This site is optimized with the Yoast SEO plugin v27.4 - https:\/\/yoast.com\/product\/yoast-seo-wordpress\/ -->\n<title>Figures marquantes: Margarita Herdocia, femme d&#039;affaires et activiste - SensorialSunsets<\/title>\n<meta name=\"description\" content=\"Margarita Herdocia est une femme d&#039;affaires et une militante des droits de l&#039;homme bas\u00e9e au Costa Rica depuis plus de trente ans.\" \/>\n<meta name=\"robots\" content=\"index, follow, max-snippet:-1, max-image-preview:large, max-video-preview:-1\" \/>\n<link rel=\"canonical\" href=\"https:\/\/www.sensorialsunsets.com\/fr\/figures-marquantes-margarita-herdocia-femme-daffaires-et-activiste\/\" \/>\n<meta property=\"og:locale\" content=\"fr_FR\" \/>\n<meta property=\"og:type\" content=\"article\" \/>\n<meta property=\"og:title\" content=\"Figures marquantes: Margarita Herdocia, femme d&#039;affaires et activiste - SensorialSunsets\" \/>\n<meta property=\"og:description\" content=\"Margarita Herdocia est une femme d&#039;affaires et une militante des droits de l&#039;homme bas\u00e9e au Costa Rica depuis plus de trente ans.\" \/>\n<meta property=\"og:url\" content=\"https:\/\/www.sensorialsunsets.com\/fr\/figures-marquantes-margarita-herdocia-femme-daffaires-et-activiste\/\" \/>\n<meta property=\"og:site_name\" content=\"SensorialSunsets\" \/>\n<meta property=\"article:publisher\" content=\"https:\/\/www.facebook.com\/Sensorial-Sunsets-109180614715562\" \/>\n<meta property=\"article:published_time\" content=\"2022-07-11T19:57:02+00:00\" \/>\n<meta property=\"article:modified_time\" content=\"2022-07-11T20:01:45+00:00\" \/>\n<meta property=\"og:image\" content=\"https:\/\/www.sensorialsunsets.com\/wp-content\/uploads\/2022\/07\/WhatsApp-Image-2022-07-08-at-5.18.44-AM.jpeg\" \/>\n\t<meta property=\"og:image:width\" content=\"1024\" \/>\n\t<meta property=\"og:image:height\" content=\"1024\" \/>\n\t<meta property=\"og:image:type\" content=\"image\/jpeg\" \/>\n<meta name=\"author\" content=\"Marian Barrantes\" \/>\n<meta name=\"twitter:card\" content=\"summary_large_image\" \/>\n<meta name=\"twitter:label1\" content=\"\u00c9crit par\" \/>\n\t<meta name=\"twitter:data1\" content=\"Marian Barrantes\" \/>\n\t<meta name=\"twitter:label2\" content=\"Dur\u00e9e de lecture estim\u00e9e\" \/>\n\t<meta name=\"twitter:data2\" content=\"3 minutes\" \/>\n<script type=\"application\/ld+json\" class=\"yoast-schema-graph\">{\"@context\":\"https:\\\/\\\/schema.org\",\"@graph\":[{\"@type\":\"Article\",\"@id\":\"https:\\\/\\\/www.sensorialsunsets.com\\\/fr\\\/figures-marquantes-margarita-herdocia-femme-daffaires-et-activiste\\\/#article\",\"isPartOf\":{\"@id\":\"https:\\\/\\\/www.sensorialsunsets.com\\\/fr\\\/figures-marquantes-margarita-herdocia-femme-daffaires-et-activiste\\\/\"},\"author\":{\"name\":\"Marian Barrantes\",\"@id\":\"https:\\\/\\\/www.sensorialsunsets.com\\\/fr\\\/#\\\/schema\\\/person\\\/a8336a4dbeee633f087a194db2ca482f\"},\"headline\":\"Figures marquantes: Margarita Herdocia, femme d&rsquo;affaires et activiste\",\"datePublished\":\"2022-07-11T19:57:02+00:00\",\"dateModified\":\"2022-07-11T20:01:45+00:00\",\"mainEntityOfPage\":{\"@id\":\"https:\\\/\\\/www.sensorialsunsets.com\\\/fr\\\/figures-marquantes-margarita-herdocia-femme-daffaires-et-activiste\\\/\"},\"wordCount\":624,\"publisher\":{\"@id\":\"https:\\\/\\\/www.sensorialsunsets.com\\\/fr\\\/#organization\"},\"image\":{\"@id\":\"https:\\\/\\\/www.sensorialsunsets.com\\\/fr\\\/figures-marquantes-margarita-herdocia-femme-daffaires-et-activiste\\\/#primaryimage\"},\"thumbnailUrl\":\"https:\\\/\\\/www.sensorialsunsets.com\\\/wp-content\\\/uploads\\\/2022\\\/07\\\/WhatsApp-Image-2022-07-08-at-5.18.44-AM.jpeg\",\"articleSection\":[\"Costa Rica\",\"Economie\",\"Figures reconnues\",\"Philanthropie\"],\"inLanguage\":\"fr-FR\"},{\"@type\":\"WebPage\",\"@id\":\"https:\\\/\\\/www.sensorialsunsets.com\\\/fr\\\/figures-marquantes-margarita-herdocia-femme-daffaires-et-activiste\\\/\",\"url\":\"https:\\\/\\\/www.sensorialsunsets.com\\\/fr\\\/figures-marquantes-margarita-herdocia-femme-daffaires-et-activiste\\\/\",\"name\":\"Figures marquantes: Margarita Herdocia, femme d'affaires et activiste - SensorialSunsets\",\"isPartOf\":{\"@id\":\"https:\\\/\\\/www.sensorialsunsets.com\\\/fr\\\/#website\"},\"primaryImageOfPage\":{\"@id\":\"https:\\\/\\\/www.sensorialsunsets.com\\\/fr\\\/figures-marquantes-margarita-herdocia-femme-daffaires-et-activiste\\\/#primaryimage\"},\"image\":{\"@id\":\"https:\\\/\\\/www.sensorialsunsets.com\\\/fr\\\/figures-marquantes-margarita-herdocia-femme-daffaires-et-activiste\\\/#primaryimage\"},\"thumbnailUrl\":\"https:\\\/\\\/www.sensorialsunsets.com\\\/wp-content\\\/uploads\\\/2022\\\/07\\\/WhatsApp-Image-2022-07-08-at-5.18.44-AM.jpeg\",\"datePublished\":\"2022-07-11T19:57:02+00:00\",\"dateModified\":\"2022-07-11T20:01:45+00:00\",\"description\":\"Margarita Herdocia est une femme d'affaires et une militante des droits de l'homme bas\u00e9e au Costa Rica depuis plus de trente ans.\",\"inLanguage\":\"fr-FR\",\"potentialAction\":[{\"@type\":\"ReadAction\",\"target\":[\"https:\\\/\\\/www.sensorialsunsets.com\\\/fr\\\/figures-marquantes-margarita-herdocia-femme-daffaires-et-activiste\\\/\"]}]},{\"@type\":\"ImageObject\",\"inLanguage\":\"fr-FR\",\"@id\":\"https:\\\/\\\/www.sensorialsunsets.com\\\/fr\\\/figures-marquantes-margarita-herdocia-femme-daffaires-et-activiste\\\/#primaryimage\",\"url\":\"https:\\\/\\\/www.sensorialsunsets.com\\\/wp-content\\\/uploads\\\/2022\\\/07\\\/WhatsApp-Image-2022-07-08-at-5.18.44-AM.jpeg\",\"contentUrl\":\"https:\\\/\\\/www.sensorialsunsets.com\\\/wp-content\\\/uploads\\\/2022\\\/07\\\/WhatsApp-Image-2022-07-08-at-5.18.44-AM.jpeg\",\"width\":1024,\"height\":1024},{\"@type\":\"WebSite\",\"@id\":\"https:\\\/\\\/www.sensorialsunsets.com\\\/fr\\\/#website\",\"url\":\"https:\\\/\\\/www.sensorialsunsets.com\\\/fr\\\/\",\"name\":\"SensorialSunsets.com\",\"description\":\"D\u00e9couvrez la culture et la soci\u00e9t\u00e9 du Costa Rica sur notre blog. Explorez des articles captivants et partagez le contenu.\",\"publisher\":{\"@id\":\"https:\\\/\\\/www.sensorialsunsets.com\\\/fr\\\/#organization\"},\"alternateName\":\"Costa Rica Live Blog\",\"potentialAction\":[{\"@type\":\"SearchAction\",\"target\":{\"@type\":\"EntryPoint\",\"urlTemplate\":\"https:\\\/\\\/www.sensorialsunsets.com\\\/fr\\\/?s={search_term_string}\"},\"query-input\":{\"@type\":\"PropertyValueSpecification\",\"valueRequired\":true,\"valueName\":\"search_term_string\"}}],\"inLanguage\":\"fr-FR\"},{\"@type\":\"Organization\",\"@id\":\"https:\\\/\\\/www.sensorialsunsets.com\\\/fr\\\/#organization\",\"name\":\"SensorialSunsets\",\"url\":\"https:\\\/\\\/www.sensorialsunsets.com\\\/fr\\\/\",\"logo\":{\"@type\":\"ImageObject\",\"inLanguage\":\"fr-FR\",\"@id\":\"https:\\\/\\\/www.sensorialsunsets.com\\\/fr\\\/#\\\/schema\\\/logo\\\/image\\\/\",\"url\":\"https:\\\/\\\/www.sensorialsunsets.com\\\/wp-content\\\/uploads\\\/2023\\\/04\\\/Logo_base_line_fond_clair.svg\",\"contentUrl\":\"https:\\\/\\\/www.sensorialsunsets.com\\\/wp-content\\\/uploads\\\/2023\\\/04\\\/Logo_base_line_fond_clair.svg\",\"width\":\"1024\",\"height\":\"1024\",\"caption\":\"SensorialSunsets\"},\"image\":{\"@id\":\"https:\\\/\\\/www.sensorialsunsets.com\\\/fr\\\/#\\\/schema\\\/logo\\\/image\\\/\"},\"sameAs\":[\"https:\\\/\\\/www.facebook.com\\\/Sensorial-Sunsets-109180614715562\",\"https:\\\/\\\/www.instagram.com\\\/sensorialsunsets\\\/\"]},{\"@type\":\"Person\",\"@id\":\"https:\\\/\\\/www.sensorialsunsets.com\\\/fr\\\/#\\\/schema\\\/person\\\/a8336a4dbeee633f087a194db2ca482f\",\"name\":\"Marian Barrantes\",\"image\":{\"@type\":\"ImageObject\",\"inLanguage\":\"fr-FR\",\"@id\":\"https:\\\/\\\/secure.gravatar.com\\\/avatar\\\/fafbfab67eb28029818d03f44e3037bd798e04434d8d5c0cfc2eea8ec2882a22?s=96&d=mm&r=g\",\"url\":\"https:\\\/\\\/secure.gravatar.com\\\/avatar\\\/fafbfab67eb28029818d03f44e3037bd798e04434d8d5c0cfc2eea8ec2882a22?s=96&d=mm&r=g\",\"contentUrl\":\"https:\\\/\\\/secure.gravatar.com\\\/avatar\\\/fafbfab67eb28029818d03f44e3037bd798e04434d8d5c0cfc2eea8ec2882a22?s=96&d=mm&r=g\",\"caption\":\"Marian Barrantes\"},\"sameAs\":[\"https:\\\/\\\/www.sensorialsunsets.com\"],\"url\":\"https:\\\/\\\/www.sensorialsunsets.com\\\/fr\\\/author\\\/mbarrantes\\\/\"}]}<\/script>\n<!-- \/ Yoast SEO plugin. -->","yoast_head_json":{"title":"Figures marquantes: Margarita Herdocia, femme d'affaires et activiste - SensorialSunsets","description":"Margarita Herdocia est une femme d'affaires et une militante des droits de l'homme bas\u00e9e au Costa Rica depuis plus de trente ans.","robots":{"index":"index","follow":"follow","max-snippet":"max-snippet:-1","max-image-preview":"max-image-preview:large","max-video-preview":"max-video-preview:-1"},"canonical":"https:\/\/www.sensorialsunsets.com\/fr\/figures-marquantes-margarita-herdocia-femme-daffaires-et-activiste\/","og_locale":"fr_FR","og_type":"article","og_title":"Figures marquantes: Margarita Herdocia, femme d'affaires et activiste - SensorialSunsets","og_description":"Margarita Herdocia est une femme d'affaires et une militante des droits de l'homme bas\u00e9e au Costa Rica depuis plus de trente ans.","og_url":"https:\/\/www.sensorialsunsets.com\/fr\/figures-marquantes-margarita-herdocia-femme-daffaires-et-activiste\/","og_site_name":"SensorialSunsets","article_publisher":"https:\/\/www.facebook.com\/Sensorial-Sunsets-109180614715562","article_published_time":"2022-07-11T19:57:02+00:00","article_modified_time":"2022-07-11T20:01:45+00:00","og_image":[{"width":1024,"height":1024,"url":"https:\/\/www.sensorialsunsets.com\/wp-content\/uploads\/2022\/07\/WhatsApp-Image-2022-07-08-at-5.18.44-AM.jpeg","type":"image\/jpeg"}],"author":"Marian Barrantes","twitter_card":"summary_large_image","twitter_misc":{"\u00c9crit par":"Marian Barrantes","Dur\u00e9e de lecture estim\u00e9e":"3 minutes"},"schema":{"@context":"https:\/\/schema.org","@graph":[{"@type":"Article","@id":"https:\/\/www.sensorialsunsets.com\/fr\/figures-marquantes-margarita-herdocia-femme-daffaires-et-activiste\/#article","isPartOf":{"@id":"https:\/\/www.sensorialsunsets.com\/fr\/figures-marquantes-margarita-herdocia-femme-daffaires-et-activiste\/"},"author":{"name":"Marian Barrantes","@id":"https:\/\/www.sensorialsunsets.com\/fr\/#\/schema\/person\/a8336a4dbeee633f087a194db2ca482f"},"headline":"Figures marquantes: Margarita Herdocia, femme d&rsquo;affaires et activiste","datePublished":"2022-07-11T19:57:02+00:00","dateModified":"2022-07-11T20:01:45+00:00","mainEntityOfPage":{"@id":"https:\/\/www.sensorialsunsets.com\/fr\/figures-marquantes-margarita-herdocia-femme-daffaires-et-activiste\/"},"wordCount":624,"publisher":{"@id":"https:\/\/www.sensorialsunsets.com\/fr\/#organization"},"image":{"@id":"https:\/\/www.sensorialsunsets.com\/fr\/figures-marquantes-margarita-herdocia-femme-daffaires-et-activiste\/#primaryimage"},"thumbnailUrl":"https:\/\/www.sensorialsunsets.com\/wp-content\/uploads\/2022\/07\/WhatsApp-Image-2022-07-08-at-5.18.44-AM.jpeg","articleSection":["Costa Rica","Economie","Figures reconnues","Philanthropie"],"inLanguage":"fr-FR"},{"@type":"WebPage","@id":"https:\/\/www.sensorialsunsets.com\/fr\/figures-marquantes-margarita-herdocia-femme-daffaires-et-activiste\/","url":"https:\/\/www.sensorialsunsets.com\/fr\/figures-marquantes-margarita-herdocia-femme-daffaires-et-activiste\/","name":"Figures marquantes: Margarita Herdocia, femme d'affaires et activiste - SensorialSunsets","isPartOf":{"@id":"https:\/\/www.sensorialsunsets.com\/fr\/#website"},"primaryImageOfPage":{"@id":"https:\/\/www.sensorialsunsets.com\/fr\/figures-marquantes-margarita-herdocia-femme-daffaires-et-activiste\/#primaryimage"},"image":{"@id":"https:\/\/www.sensorialsunsets.com\/fr\/figures-marquantes-margarita-herdocia-femme-daffaires-et-activiste\/#primaryimage"},"thumbnailUrl":"https:\/\/www.sensorialsunsets.com\/wp-content\/uploads\/2022\/07\/WhatsApp-Image-2022-07-08-at-5.18.44-AM.jpeg","datePublished":"2022-07-11T19:57:02+00:00","dateModified":"2022-07-11T20:01:45+00:00","description":"Margarita Herdocia est une femme d'affaires et une militante des droits de l'homme bas\u00e9e au Costa Rica depuis plus de trente ans.","inLanguage":"fr-FR","potentialAction":[{"@type":"ReadAction","target":["https:\/\/www.sensorialsunsets.com\/fr\/figures-marquantes-margarita-herdocia-femme-daffaires-et-activiste\/"]}]},{"@type":"ImageObject","inLanguage":"fr-FR","@id":"https:\/\/www.sensorialsunsets.com\/fr\/figures-marquantes-margarita-herdocia-femme-daffaires-et-activiste\/#primaryimage","url":"https:\/\/www.sensorialsunsets.com\/wp-content\/uploads\/2022\/07\/WhatsApp-Image-2022-07-08-at-5.18.44-AM.jpeg","contentUrl":"https:\/\/www.sensorialsunsets.com\/wp-content\/uploads\/2022\/07\/WhatsApp-Image-2022-07-08-at-5.18.44-AM.jpeg","width":1024,"height":1024},{"@type":"WebSite","@id":"https:\/\/www.sensorialsunsets.com\/fr\/#website","url":"https:\/\/www.sensorialsunsets.com\/fr\/","name":"SensorialSunsets.com","description":"D\u00e9couvrez la culture et la soci\u00e9t\u00e9 du Costa Rica sur notre blog. Explorez des articles captivants et partagez le contenu.","publisher":{"@id":"https:\/\/www.sensorialsunsets.com\/fr\/#organization"},"alternateName":"Costa Rica Live Blog","potentialAction":[{"@type":"SearchAction","target":{"@type":"EntryPoint","urlTemplate":"https:\/\/www.sensorialsunsets.com\/fr\/?s={search_term_string}"},"query-input":{"@type":"PropertyValueSpecification","valueRequired":true,"valueName":"search_term_string"}}],"inLanguage":"fr-FR"},{"@type":"Organization","@id":"https:\/\/www.sensorialsunsets.com\/fr\/#organization","name":"SensorialSunsets","url":"https:\/\/www.sensorialsunsets.com\/fr\/","logo":{"@type":"ImageObject","inLanguage":"fr-FR","@id":"https:\/\/www.sensorialsunsets.com\/fr\/#\/schema\/logo\/image\/","url":"https:\/\/www.sensorialsunsets.com\/wp-content\/uploads\/2023\/04\/Logo_base_line_fond_clair.svg","contentUrl":"https:\/\/www.sensorialsunsets.com\/wp-content\/uploads\/2023\/04\/Logo_base_line_fond_clair.svg","width":"1024","height":"1024","caption":"SensorialSunsets"},"image":{"@id":"https:\/\/www.sensorialsunsets.com\/fr\/#\/schema\/logo\/image\/"},"sameAs":["https:\/\/www.facebook.com\/Sensorial-Sunsets-109180614715562","https:\/\/www.instagram.com\/sensorialsunsets\/"]},{"@type":"Person","@id":"https:\/\/www.sensorialsunsets.com\/fr\/#\/schema\/person\/a8336a4dbeee633f087a194db2ca482f","name":"Marian Barrantes","image":{"@type":"ImageObject","inLanguage":"fr-FR","@id":"https:\/\/secure.gravatar.com\/avatar\/fafbfab67eb28029818d03f44e3037bd798e04434d8d5c0cfc2eea8ec2882a22?s=96&d=mm&r=g","url":"https:\/\/secure.gravatar.com\/avatar\/fafbfab67eb28029818d03f44e3037bd798e04434d8d5c0cfc2eea8ec2882a22?s=96&d=mm&r=g","contentUrl":"https:\/\/secure.gravatar.com\/avatar\/fafbfab67eb28029818d03f44e3037bd798e04434d8d5c0cfc2eea8ec2882a22?s=96&d=mm&r=g","caption":"Marian Barrantes"},"sameAs":["https:\/\/www.sensorialsunsets.com"],"url":"https:\/\/www.sensorialsunsets.com\/fr\/author\/mbarrantes\/"}]}},"_links":{"self":[{"href":"https:\/\/www.sensorialsunsets.com\/fr\/wp-json\/wp\/v2\/posts\/2610","targetHints":{"allow":["GET"]}}],"collection":[{"href":"https:\/\/www.sensorialsunsets.com\/fr\/wp-json\/wp\/v2\/posts"}],"about":[{"href":"https:\/\/www.sensorialsunsets.com\/fr\/wp-json\/wp\/v2\/types\/post"}],"author":[{"embeddable":true,"href":"https:\/\/www.sensorialsunsets.com\/fr\/wp-json\/wp\/v2\/users\/5"}],"replies":[{"embeddable":true,"href":"https:\/\/www.sensorialsunsets.com\/fr\/wp-json\/wp\/v2\/comments?post=2610"}],"version-history":[{"count":0,"href":"https:\/\/www.sensorialsunsets.com\/fr\/wp-json\/wp\/v2\/posts\/2610\/revisions"}],"wp:featuredmedia":[{"embeddable":true,"href":"https:\/\/www.sensorialsunsets.com\/fr\/wp-json\/wp\/v2\/media\/2605"}],"wp:attachment":[{"href":"https:\/\/www.sensorialsunsets.com\/fr\/wp-json\/wp\/v2\/media?parent=2610"}],"wp:term":[{"taxonomy":"category","embeddable":true,"href":"https:\/\/www.sensorialsunsets.com\/fr\/wp-json\/wp\/v2\/categories?post=2610"},{"taxonomy":"post_tag","embeddable":true,"href":"https:\/\/www.sensorialsunsets.com\/fr\/wp-json\/wp\/v2\/tags?post=2610"}],"curies":[{"name":"wp","href":"https:\/\/api.w.org\/{rel}","templated":true}]}}