{"id":2642,"date":"2022-07-11T22:08:14","date_gmt":"2022-07-11T22:08:14","guid":{"rendered":"https:\/\/www.sensorialsunsets.com\/figures-marquantes-jacqueline-aubourg-femme-daffaires\/"},"modified":"2022-07-25T17:16:53","modified_gmt":"2022-07-25T17:16:53","slug":"figures-marquantes-jacqueline-aubourg-femme-daffaires","status":"publish","type":"post","link":"https:\/\/www.sensorialsunsets.com\/fr\/figures-marquantes-jacqueline-aubourg-femme-daffaires\/","title":{"rendered":"Figures marquantes: Jacqueline Aubourg, femme d&rsquo;affaires"},"content":{"rendered":"\n<p>Jacqueline Aubourg est une femme d&rsquo;affaires et investisseur costaricienne. Elle est n\u00e9e \u00e0 San Ram\u00f3n de Alajuela mais son destin l&rsquo;a conduite \u00e0 vivre en Italie, en Chine, aux \u00c9tats-Unis et au Moyen-Orient. Elle est l&rsquo;un des chefs d&rsquo;entreprise les plus prosp\u00e8res du Costa Rica.\u00a0<\/p>\n\n<h2 class=\"wp-block-heading\"><strong>Jacqueline Aubourg, une chef d&rsquo;entreprise de haut vol<\/strong><\/h2>\n\n<p>\u00a0&#13;\n&#13;\nJacqueline Aubourg vend des jets priv\u00e9s, est PDG d&rsquo;AIBC International Business Consulting, et est consultante en gaz naturel pour le Qatar. Elle vient \u00e9galement de lancer sa marque Jacki Au, une \u00e9mission de t\u00e9l\u00e9vision sur la gastronomie qu&rsquo;elle a tourn\u00e9e au Costa Rica. En Italie, elle a travaill\u00e9 pour la version italienne de Saturday Night Live, pour le groupe Mediaset.<\/p>\n\n<p>Actuellement, elle est s\u00e9natrice et repr\u00e9sente le Costa Rica au World Business Angel Forum WBAF, un partenaire affili\u00e9 du G20. Sa mission est de fournir des capitaux propres aux entrepreneurs ayant des projets en phase de d\u00e9marrage \u00e0 fort potentiel de d\u00e9veloppement.&#13;\nLes \u00ab\u00a0anges investisseurs\u00a0\u00bb ne se contentent pas de financer les jeunes entreprises, ils fournissent \u00e9galement des conseils et mettent \u00e0 disposition leur r\u00e9seau de contacts.<\/p>\n\n<p>Bien que le risque puisse parfois \u00eatre tr\u00e8s \u00e9lev\u00e9, Jacqueline Aubourg affirme que c&rsquo;est pr\u00e9cis\u00e9ment ce qui la motive, car elle aime le d\u00e9fi et la nouveaut\u00e9. \u00ab\u00a0Je suis consciente qu&rsquo;il existe de tr\u00e8s bonnes id\u00e9es, mais les entrepreneurs n&rsquo;ont pas toujours les moyens financiers de les faire d\u00e9coller, ou bien ils ne remplissent pas les conditions pour acc\u00e9der \u00e0 un pr\u00eat aupr\u00e8s d&rsquo;une institution financi\u00e8re, ce qui est tr\u00e8s fr\u00e9quent au Costa Rica, par exemple. C&rsquo;est l\u00e0 qu&rsquo;interviennent les anges investisseurs\u00a0\u00bb, explique Mme. Aubourg.<\/p>\n\n<p>Jusqu&rsquo;\u00e0 pr\u00e9sent, elle a soutenu plus de 30 entreprises aux id\u00e9es diverses, allant des applications pour connecter les entrepreneurs aux boissons contenant des micronutriments.<\/p>\n\n<h2 class=\"wp-block-heading\"><strong>Soutenir les femmes<\/strong><\/h2>\n\n<p><\/p>\n\n<p>Profond\u00e9ment convaincue que l&rsquo;ouverture de plus d&rsquo;espaces pour les femmes profite \u00e0 l&rsquo;ensemble de la soci\u00e9t\u00e9, Jacqueline Aubourg est tr\u00e8s impliqu\u00e9e dans le d\u00e9veloppement de projets men\u00e9s par des femmes. \u00ab\u00a0L&rsquo;int\u00e9gration des femmes dans le march\u00e9 du travail n&rsquo;est pas seulement une mesure juste, mais aussi une mesure intelligente. Les \u00e9tudes de cl\u00f4ture de GAP montrent que le PIB mondial augmenterait de 16 % si toutes les femmes en \u00e2ge de travailler rejoignaient le march\u00e9 du travail\u00a0\u00bb, d\u00e9clare Mme. Aubourg. \u00ab\u00a0Dans une soci\u00e9t\u00e9 o\u00f9 les \u00e9carts salariaux entre hommes et femmes existent toujours, nous ne pouvons pas \u00eatre complaisants. Actuellement, au Costa Rica, le taux de ch\u00f4mage des femmes est de 19 %, tandis que celui des hommes est de 12 % (selon les donn\u00e9es de l&rsquo;Institut national des statistiques et du recensement (INEC) en date de novembre 2021.\u00a0\u00bb<\/p>\n\n<p>Jacqueline est convaincue que l&rsquo;effet du ch\u00f4mage des femmes nous touche tous en tant que soci\u00e9t\u00e9, car les \u00e9tudes montrent que l&rsquo;effet multiplicateur du revenu est plus important pour les femmes que pour les hommes. En d&rsquo;autres termes, chaque dollar re\u00e7u par une femme se traduit par une consommation pour ses enfants et sa communaut\u00e9 \u00e0 un taux plus \u00e9lev\u00e9 que lorsque ce m\u00eame dollar est entre les mains des hommes.<\/p>\n\n<p><\/p>\n\n<p><strong>Auteure<\/strong> : M. Barrantes en collaboration avec Jacqueline Aubourg pour Sensorial Sunsets<\/p>\n","protected":false},"excerpt":{"rendered":"<p>Jacqueline Aubourg est une femme d&rsquo;affaires et investisseur costaricienne. Elle est n\u00e9e \u00e0 San Ram\u00f3n de Alajuela mais son destin l&rsquo;a conduite \u00e0 vivre en Italie, en Chine, aux \u00c9tats-Unis et au Moyen-Orient. Elle est l&rsquo;un des chefs d&rsquo;entreprise les plus prosp\u00e8res du Costa Rica.\u00a0 Jacqueline Aubourg, une chef d&rsquo;entreprise de haut vol \u00a0&#13; &#13; [&hellip;]<\/p>\n","protected":false},"author":5,"featured_media":2640,"comment_status":"closed","ping_status":"closed","sticky":false,"template":"","format":"standard","meta":{"_acf_changed":false,"inline_featured_image":false,"_monsterinsights_skip_tracking":false,"_monsterinsights_sitenote_active":false,"_monsterinsights_sitenote_note":"","_monsterinsights_sitenote_category":0,"footnotes":""},"categories":[100,109,119],"tags":[],"class_list":["post-2642","post","type-post","status-publish","format-standard","has-post-thumbnail","hentry","category-costa-rica-fr","category-economie-fr","category-figures-reconnues"],"acf":[],"yoast_head":"<!-- This site is optimized with the Yoast SEO plugin v27.4 - https:\/\/yoast.com\/product\/yoast-seo-wordpress\/ -->\n<title>Figures marquantes: Jacqueline Aubourg, femme d&#039;affaires - SensorialSunsets<\/title>\n<meta name=\"description\" content=\"Jacqueline Aubourg est une femme d&#039;affaires costaricienne. Elle est la s\u00e9natrice du Costa Rica au World Angel Investor Forum.\" \/>\n<meta name=\"robots\" content=\"index, follow, max-snippet:-1, max-image-preview:large, max-video-preview:-1\" \/>\n<link rel=\"canonical\" href=\"https:\/\/www.sensorialsunsets.com\/fr\/figures-marquantes-jacqueline-aubourg-femme-daffaires\/\" \/>\n<meta property=\"og:locale\" content=\"fr_FR\" \/>\n<meta property=\"og:type\" content=\"article\" \/>\n<meta property=\"og:title\" content=\"Figures marquantes: Jacqueline Aubourg, femme d&#039;affaires - SensorialSunsets\" \/>\n<meta property=\"og:description\" content=\"Jacqueline Aubourg est une femme d&#039;affaires costaricienne. Elle est la s\u00e9natrice du Costa Rica au World Angel Investor Forum.\" \/>\n<meta property=\"og:url\" content=\"https:\/\/www.sensorialsunsets.com\/fr\/figures-marquantes-jacqueline-aubourg-femme-daffaires\/\" \/>\n<meta property=\"og:site_name\" content=\"SensorialSunsets\" \/>\n<meta property=\"article:publisher\" content=\"https:\/\/www.facebook.com\/Sensorial-Sunsets-109180614715562\" \/>\n<meta property=\"article:published_time\" content=\"2022-07-11T22:08:14+00:00\" \/>\n<meta property=\"article:modified_time\" content=\"2022-07-25T17:16:53+00:00\" \/>\n<meta property=\"og:image\" content=\"https:\/\/www.sensorialsunsets.com\/wp-content\/uploads\/2022\/07\/images.jpg\" \/>\n\t<meta property=\"og:image:width\" content=\"311\" \/>\n\t<meta property=\"og:image:height\" content=\"162\" \/>\n\t<meta property=\"og:image:type\" content=\"image\/jpeg\" \/>\n<meta name=\"author\" content=\"Marian Barrantes\" \/>\n<meta name=\"twitter:card\" content=\"summary_large_image\" \/>\n<meta name=\"twitter:label1\" content=\"\u00c9crit par\" \/>\n\t<meta name=\"twitter:data1\" content=\"Marian Barrantes\" \/>\n\t<meta name=\"twitter:label2\" content=\"Dur\u00e9e de lecture estim\u00e9e\" \/>\n\t<meta name=\"twitter:data2\" content=\"3 minutes\" \/>\n<script type=\"application\/ld+json\" class=\"yoast-schema-graph\">{\"@context\":\"https:\\\/\\\/schema.org\",\"@graph\":[{\"@type\":\"Article\",\"@id\":\"https:\\\/\\\/www.sensorialsunsets.com\\\/fr\\\/figures-marquantes-jacqueline-aubourg-femme-daffaires\\\/#article\",\"isPartOf\":{\"@id\":\"https:\\\/\\\/www.sensorialsunsets.com\\\/fr\\\/figures-marquantes-jacqueline-aubourg-femme-daffaires\\\/\"},\"author\":{\"name\":\"Marian Barrantes\",\"@id\":\"https:\\\/\\\/www.sensorialsunsets.com\\\/fr\\\/#\\\/schema\\\/person\\\/a8336a4dbeee633f087a194db2ca482f\"},\"headline\":\"Figures marquantes: Jacqueline Aubourg, femme d&rsquo;affaires\",\"datePublished\":\"2022-07-11T22:08:14+00:00\",\"dateModified\":\"2022-07-25T17:16:53+00:00\",\"mainEntityOfPage\":{\"@id\":\"https:\\\/\\\/www.sensorialsunsets.com\\\/fr\\\/figures-marquantes-jacqueline-aubourg-femme-daffaires\\\/\"},\"wordCount\":570,\"publisher\":{\"@id\":\"https:\\\/\\\/www.sensorialsunsets.com\\\/fr\\\/#organization\"},\"image\":{\"@id\":\"https:\\\/\\\/www.sensorialsunsets.com\\\/fr\\\/figures-marquantes-jacqueline-aubourg-femme-daffaires\\\/#primaryimage\"},\"thumbnailUrl\":\"https:\\\/\\\/www.sensorialsunsets.com\\\/wp-content\\\/uploads\\\/2022\\\/07\\\/images.jpg\",\"articleSection\":[\"Costa Rica\",\"Economie\",\"Figures reconnues\"],\"inLanguage\":\"fr-FR\"},{\"@type\":\"WebPage\",\"@id\":\"https:\\\/\\\/www.sensorialsunsets.com\\\/fr\\\/figures-marquantes-jacqueline-aubourg-femme-daffaires\\\/\",\"url\":\"https:\\\/\\\/www.sensorialsunsets.com\\\/fr\\\/figures-marquantes-jacqueline-aubourg-femme-daffaires\\\/\",\"name\":\"Figures marquantes: Jacqueline Aubourg, femme d'affaires - SensorialSunsets\",\"isPartOf\":{\"@id\":\"https:\\\/\\\/www.sensorialsunsets.com\\\/fr\\\/#website\"},\"primaryImageOfPage\":{\"@id\":\"https:\\\/\\\/www.sensorialsunsets.com\\\/fr\\\/figures-marquantes-jacqueline-aubourg-femme-daffaires\\\/#primaryimage\"},\"image\":{\"@id\":\"https:\\\/\\\/www.sensorialsunsets.com\\\/fr\\\/figures-marquantes-jacqueline-aubourg-femme-daffaires\\\/#primaryimage\"},\"thumbnailUrl\":\"https:\\\/\\\/www.sensorialsunsets.com\\\/wp-content\\\/uploads\\\/2022\\\/07\\\/images.jpg\",\"datePublished\":\"2022-07-11T22:08:14+00:00\",\"dateModified\":\"2022-07-25T17:16:53+00:00\",\"description\":\"Jacqueline Aubourg est une femme d'affaires costaricienne. Elle est la s\u00e9natrice du Costa Rica au World Angel Investor Forum.\",\"inLanguage\":\"fr-FR\",\"potentialAction\":[{\"@type\":\"ReadAction\",\"target\":[\"https:\\\/\\\/www.sensorialsunsets.com\\\/fr\\\/figures-marquantes-jacqueline-aubourg-femme-daffaires\\\/\"]}]},{\"@type\":\"ImageObject\",\"inLanguage\":\"fr-FR\",\"@id\":\"https:\\\/\\\/www.sensorialsunsets.com\\\/fr\\\/figures-marquantes-jacqueline-aubourg-femme-daffaires\\\/#primaryimage\",\"url\":\"https:\\\/\\\/www.sensorialsunsets.com\\\/wp-content\\\/uploads\\\/2022\\\/07\\\/images.jpg\",\"contentUrl\":\"https:\\\/\\\/www.sensorialsunsets.com\\\/wp-content\\\/uploads\\\/2022\\\/07\\\/images.jpg\",\"width\":311,\"height\":162},{\"@type\":\"WebSite\",\"@id\":\"https:\\\/\\\/www.sensorialsunsets.com\\\/fr\\\/#website\",\"url\":\"https:\\\/\\\/www.sensorialsunsets.com\\\/fr\\\/\",\"name\":\"SensorialSunsets.com\",\"description\":\"D\u00e9couvrez la culture et la soci\u00e9t\u00e9 du Costa Rica sur notre blog. Explorez des articles captivants et partagez le contenu.\",\"publisher\":{\"@id\":\"https:\\\/\\\/www.sensorialsunsets.com\\\/fr\\\/#organization\"},\"alternateName\":\"Costa Rica Live Blog\",\"potentialAction\":[{\"@type\":\"SearchAction\",\"target\":{\"@type\":\"EntryPoint\",\"urlTemplate\":\"https:\\\/\\\/www.sensorialsunsets.com\\\/fr\\\/?s={search_term_string}\"},\"query-input\":{\"@type\":\"PropertyValueSpecification\",\"valueRequired\":true,\"valueName\":\"search_term_string\"}}],\"inLanguage\":\"fr-FR\"},{\"@type\":\"Organization\",\"@id\":\"https:\\\/\\\/www.sensorialsunsets.com\\\/fr\\\/#organization\",\"name\":\"SensorialSunsets\",\"url\":\"https:\\\/\\\/www.sensorialsunsets.com\\\/fr\\\/\",\"logo\":{\"@type\":\"ImageObject\",\"inLanguage\":\"fr-FR\",\"@id\":\"https:\\\/\\\/www.sensorialsunsets.com\\\/fr\\\/#\\\/schema\\\/logo\\\/image\\\/\",\"url\":\"https:\\\/\\\/www.sensorialsunsets.com\\\/wp-content\\\/uploads\\\/2023\\\/04\\\/Logo_base_line_fond_clair.svg\",\"contentUrl\":\"https:\\\/\\\/www.sensorialsunsets.com\\\/wp-content\\\/uploads\\\/2023\\\/04\\\/Logo_base_line_fond_clair.svg\",\"width\":\"1024\",\"height\":\"1024\",\"caption\":\"SensorialSunsets\"},\"image\":{\"@id\":\"https:\\\/\\\/www.sensorialsunsets.com\\\/fr\\\/#\\\/schema\\\/logo\\\/image\\\/\"},\"sameAs\":[\"https:\\\/\\\/www.facebook.com\\\/Sensorial-Sunsets-109180614715562\",\"https:\\\/\\\/www.instagram.com\\\/sensorialsunsets\\\/\"]},{\"@type\":\"Person\",\"@id\":\"https:\\\/\\\/www.sensorialsunsets.com\\\/fr\\\/#\\\/schema\\\/person\\\/a8336a4dbeee633f087a194db2ca482f\",\"name\":\"Marian Barrantes\",\"image\":{\"@type\":\"ImageObject\",\"inLanguage\":\"fr-FR\",\"@id\":\"https:\\\/\\\/secure.gravatar.com\\\/avatar\\\/fafbfab67eb28029818d03f44e3037bd798e04434d8d5c0cfc2eea8ec2882a22?s=96&d=mm&r=g\",\"url\":\"https:\\\/\\\/secure.gravatar.com\\\/avatar\\\/fafbfab67eb28029818d03f44e3037bd798e04434d8d5c0cfc2eea8ec2882a22?s=96&d=mm&r=g\",\"contentUrl\":\"https:\\\/\\\/secure.gravatar.com\\\/avatar\\\/fafbfab67eb28029818d03f44e3037bd798e04434d8d5c0cfc2eea8ec2882a22?s=96&d=mm&r=g\",\"caption\":\"Marian Barrantes\"},\"sameAs\":[\"https:\\\/\\\/www.sensorialsunsets.com\"],\"url\":\"https:\\\/\\\/www.sensorialsunsets.com\\\/fr\\\/author\\\/mbarrantes\\\/\"}]}<\/script>\n<!-- \/ Yoast SEO plugin. -->","yoast_head_json":{"title":"Figures marquantes: Jacqueline Aubourg, femme d'affaires - SensorialSunsets","description":"Jacqueline Aubourg est une femme d'affaires costaricienne. Elle est la s\u00e9natrice du Costa Rica au World Angel Investor Forum.","robots":{"index":"index","follow":"follow","max-snippet":"max-snippet:-1","max-image-preview":"max-image-preview:large","max-video-preview":"max-video-preview:-1"},"canonical":"https:\/\/www.sensorialsunsets.com\/fr\/figures-marquantes-jacqueline-aubourg-femme-daffaires\/","og_locale":"fr_FR","og_type":"article","og_title":"Figures marquantes: Jacqueline Aubourg, femme d'affaires - SensorialSunsets","og_description":"Jacqueline Aubourg est une femme d'affaires costaricienne. Elle est la s\u00e9natrice du Costa Rica au World Angel Investor Forum.","og_url":"https:\/\/www.sensorialsunsets.com\/fr\/figures-marquantes-jacqueline-aubourg-femme-daffaires\/","og_site_name":"SensorialSunsets","article_publisher":"https:\/\/www.facebook.com\/Sensorial-Sunsets-109180614715562","article_published_time":"2022-07-11T22:08:14+00:00","article_modified_time":"2022-07-25T17:16:53+00:00","og_image":[{"width":311,"height":162,"url":"https:\/\/www.sensorialsunsets.com\/wp-content\/uploads\/2022\/07\/images.jpg","type":"image\/jpeg"}],"author":"Marian Barrantes","twitter_card":"summary_large_image","twitter_misc":{"\u00c9crit par":"Marian Barrantes","Dur\u00e9e de lecture estim\u00e9e":"3 minutes"},"schema":{"@context":"https:\/\/schema.org","@graph":[{"@type":"Article","@id":"https:\/\/www.sensorialsunsets.com\/fr\/figures-marquantes-jacqueline-aubourg-femme-daffaires\/#article","isPartOf":{"@id":"https:\/\/www.sensorialsunsets.com\/fr\/figures-marquantes-jacqueline-aubourg-femme-daffaires\/"},"author":{"name":"Marian Barrantes","@id":"https:\/\/www.sensorialsunsets.com\/fr\/#\/schema\/person\/a8336a4dbeee633f087a194db2ca482f"},"headline":"Figures marquantes: Jacqueline Aubourg, femme d&rsquo;affaires","datePublished":"2022-07-11T22:08:14+00:00","dateModified":"2022-07-25T17:16:53+00:00","mainEntityOfPage":{"@id":"https:\/\/www.sensorialsunsets.com\/fr\/figures-marquantes-jacqueline-aubourg-femme-daffaires\/"},"wordCount":570,"publisher":{"@id":"https:\/\/www.sensorialsunsets.com\/fr\/#organization"},"image":{"@id":"https:\/\/www.sensorialsunsets.com\/fr\/figures-marquantes-jacqueline-aubourg-femme-daffaires\/#primaryimage"},"thumbnailUrl":"https:\/\/www.sensorialsunsets.com\/wp-content\/uploads\/2022\/07\/images.jpg","articleSection":["Costa Rica","Economie","Figures reconnues"],"inLanguage":"fr-FR"},{"@type":"WebPage","@id":"https:\/\/www.sensorialsunsets.com\/fr\/figures-marquantes-jacqueline-aubourg-femme-daffaires\/","url":"https:\/\/www.sensorialsunsets.com\/fr\/figures-marquantes-jacqueline-aubourg-femme-daffaires\/","name":"Figures marquantes: Jacqueline Aubourg, femme d'affaires - SensorialSunsets","isPartOf":{"@id":"https:\/\/www.sensorialsunsets.com\/fr\/#website"},"primaryImageOfPage":{"@id":"https:\/\/www.sensorialsunsets.com\/fr\/figures-marquantes-jacqueline-aubourg-femme-daffaires\/#primaryimage"},"image":{"@id":"https:\/\/www.sensorialsunsets.com\/fr\/figures-marquantes-jacqueline-aubourg-femme-daffaires\/#primaryimage"},"thumbnailUrl":"https:\/\/www.sensorialsunsets.com\/wp-content\/uploads\/2022\/07\/images.jpg","datePublished":"2022-07-11T22:08:14+00:00","dateModified":"2022-07-25T17:16:53+00:00","description":"Jacqueline Aubourg est une femme d'affaires costaricienne. Elle est la s\u00e9natrice du Costa Rica au World Angel Investor Forum.","inLanguage":"fr-FR","potentialAction":[{"@type":"ReadAction","target":["https:\/\/www.sensorialsunsets.com\/fr\/figures-marquantes-jacqueline-aubourg-femme-daffaires\/"]}]},{"@type":"ImageObject","inLanguage":"fr-FR","@id":"https:\/\/www.sensorialsunsets.com\/fr\/figures-marquantes-jacqueline-aubourg-femme-daffaires\/#primaryimage","url":"https:\/\/www.sensorialsunsets.com\/wp-content\/uploads\/2022\/07\/images.jpg","contentUrl":"https:\/\/www.sensorialsunsets.com\/wp-content\/uploads\/2022\/07\/images.jpg","width":311,"height":162},{"@type":"WebSite","@id":"https:\/\/www.sensorialsunsets.com\/fr\/#website","url":"https:\/\/www.sensorialsunsets.com\/fr\/","name":"SensorialSunsets.com","description":"D\u00e9couvrez la culture et la soci\u00e9t\u00e9 du Costa Rica sur notre blog. Explorez des articles captivants et partagez le contenu.","publisher":{"@id":"https:\/\/www.sensorialsunsets.com\/fr\/#organization"},"alternateName":"Costa Rica Live Blog","potentialAction":[{"@type":"SearchAction","target":{"@type":"EntryPoint","urlTemplate":"https:\/\/www.sensorialsunsets.com\/fr\/?s={search_term_string}"},"query-input":{"@type":"PropertyValueSpecification","valueRequired":true,"valueName":"search_term_string"}}],"inLanguage":"fr-FR"},{"@type":"Organization","@id":"https:\/\/www.sensorialsunsets.com\/fr\/#organization","name":"SensorialSunsets","url":"https:\/\/www.sensorialsunsets.com\/fr\/","logo":{"@type":"ImageObject","inLanguage":"fr-FR","@id":"https:\/\/www.sensorialsunsets.com\/fr\/#\/schema\/logo\/image\/","url":"https:\/\/www.sensorialsunsets.com\/wp-content\/uploads\/2023\/04\/Logo_base_line_fond_clair.svg","contentUrl":"https:\/\/www.sensorialsunsets.com\/wp-content\/uploads\/2023\/04\/Logo_base_line_fond_clair.svg","width":"1024","height":"1024","caption":"SensorialSunsets"},"image":{"@id":"https:\/\/www.sensorialsunsets.com\/fr\/#\/schema\/logo\/image\/"},"sameAs":["https:\/\/www.facebook.com\/Sensorial-Sunsets-109180614715562","https:\/\/www.instagram.com\/sensorialsunsets\/"]},{"@type":"Person","@id":"https:\/\/www.sensorialsunsets.com\/fr\/#\/schema\/person\/a8336a4dbeee633f087a194db2ca482f","name":"Marian Barrantes","image":{"@type":"ImageObject","inLanguage":"fr-FR","@id":"https:\/\/secure.gravatar.com\/avatar\/fafbfab67eb28029818d03f44e3037bd798e04434d8d5c0cfc2eea8ec2882a22?s=96&d=mm&r=g","url":"https:\/\/secure.gravatar.com\/avatar\/fafbfab67eb28029818d03f44e3037bd798e04434d8d5c0cfc2eea8ec2882a22?s=96&d=mm&r=g","contentUrl":"https:\/\/secure.gravatar.com\/avatar\/fafbfab67eb28029818d03f44e3037bd798e04434d8d5c0cfc2eea8ec2882a22?s=96&d=mm&r=g","caption":"Marian Barrantes"},"sameAs":["https:\/\/www.sensorialsunsets.com"],"url":"https:\/\/www.sensorialsunsets.com\/fr\/author\/mbarrantes\/"}]}},"_links":{"self":[{"href":"https:\/\/www.sensorialsunsets.com\/fr\/wp-json\/wp\/v2\/posts\/2642","targetHints":{"allow":["GET"]}}],"collection":[{"href":"https:\/\/www.sensorialsunsets.com\/fr\/wp-json\/wp\/v2\/posts"}],"about":[{"href":"https:\/\/www.sensorialsunsets.com\/fr\/wp-json\/wp\/v2\/types\/post"}],"author":[{"embeddable":true,"href":"https:\/\/www.sensorialsunsets.com\/fr\/wp-json\/wp\/v2\/users\/5"}],"replies":[{"embeddable":true,"href":"https:\/\/www.sensorialsunsets.com\/fr\/wp-json\/wp\/v2\/comments?post=2642"}],"version-history":[{"count":0,"href":"https:\/\/www.sensorialsunsets.com\/fr\/wp-json\/wp\/v2\/posts\/2642\/revisions"}],"wp:featuredmedia":[{"embeddable":true,"href":"https:\/\/www.sensorialsunsets.com\/fr\/wp-json\/wp\/v2\/media\/2640"}],"wp:attachment":[{"href":"https:\/\/www.sensorialsunsets.com\/fr\/wp-json\/wp\/v2\/media?parent=2642"}],"wp:term":[{"taxonomy":"category","embeddable":true,"href":"https:\/\/www.sensorialsunsets.com\/fr\/wp-json\/wp\/v2\/categories?post=2642"},{"taxonomy":"post_tag","embeddable":true,"href":"https:\/\/www.sensorialsunsets.com\/fr\/wp-json\/wp\/v2\/tags?post=2642"}],"curies":[{"name":"wp","href":"https:\/\/api.w.org\/{rel}","templated":true}]}}