{"id":2681,"date":"2022-07-13T21:26:01","date_gmt":"2022-07-13T21:26:01","guid":{"rendered":"https:\/\/www.sensorialsunsets.com\/la-division-du-pouvoir-au-costa-rica\/"},"modified":"2022-07-13T21:26:02","modified_gmt":"2022-07-13T21:26:02","slug":"la-division-du-pouvoir-au-costa-rica","status":"publish","type":"post","link":"https:\/\/www.sensorialsunsets.com\/fr\/la-division-du-pouvoir-au-costa-rica\/","title":{"rendered":"La division du pouvoir au Costa Rica"},"content":{"rendered":"\n<p>La division des pouvoirs au Costa Rica \u00e9tablit trois branches distinctes : l&rsquo;ex\u00e9cutif, le l\u00e9gislatif et le judiciaire. Le Costa Rica conna\u00eet une stabilit\u00e9 d\u00e9mocratique depuis 1949. C&rsquo;est le seul pays de la r\u00e9gion d&rsquo;Am\u00e9rique centrale \u00e0 ne pas avoir d&rsquo;arm\u00e9e (avec le Panama) et sa constitution a \u00e9t\u00e9 r\u00e9dig\u00e9e de mani\u00e8re \u00e0 ce qu&rsquo;il n&rsquo;en ait jamais.<\/p>\n\n<h2 class=\"wp-block-heading\"><strong>Histoire de la division du pouvoir au Costa Rica<\/strong><\/h2>\n\n<p>En 1821, le peuple d\u00e9cide de s&rsquo;organiser politiquement afin de former son propre gouvernement. Cela a donn\u00e9 naissance au Pacte social fondamental int\u00e9rimaire du Costa Rica, connu sous le nom de Pacte de la Concorde. Il s&rsquo;agit de l&rsquo;un des premiers documents constitutionnels du pays. Il \u00e9tablit la Junte gouvernementale supr\u00eame pour exercer les fonctions du gouvernement et cr\u00e9e \u00e9galement un Tribunal pour administrer la justice. Cette derni\u00e8re est devenue la base de la Cour supr\u00eame. Entre-temps, le 24 septembre 1824, par le biais du d\u00e9cret V \u00e9mis par l&rsquo;Assembl\u00e9e nationale constituante, la division de l&rsquo;\u00c9tat en trois pouvoirs : ex\u00e9cutif, l\u00e9gislatif et judiciaire.\u00a0<\/p>\n\n<h2 class=\"wp-block-heading\"><strong>L&rsquo;ex\u00e9cutif<\/strong><\/h2>\n\n<p>Le pouvoir ex\u00e9cutif est charg\u00e9 d&rsquo;administrer et de g\u00e9rer l&rsquo;\u00c9tat, de cr\u00e9er et d&rsquo;ex\u00e9cuter les politiques en fonction desquelles les lois sont mises en \u0153uvre, de diriger les institutions publiques, de repr\u00e9senter le pays dans ses relations diplomatiques avec les autres \u00c9tats.<\/p>\n\n<p>Il est compos\u00e9 de diff\u00e9rents minist\u00e8res et ministres. Par exemple, le minist\u00e8re des finances, le minist\u00e8re de la sant\u00e9, le minist\u00e8re du travail, le ministre de l&rsquo;\u00e9ducation, entre autres. Ils sont la cl\u00e9 entre la communication du gouvernement et celle du Congr\u00e8s. Ils pr\u00e9sentent des projets de loi, assistent aux d\u00e9lib\u00e9rations l\u00e9gislatives et sont politiquement responsables devant cet organe repr\u00e9sentatif du peuple.<\/p>\n\n<h2 class=\"wp-block-heading\"><strong>Le pouvoir l\u00e9gislatif<\/strong><\/h2>\n\n<p>Le pouvoir l\u00e9gislatif est l&rsquo;institution charg\u00e9e de cr\u00e9er, r\u00e9former et\/ou abroger les lois d&rsquo;une nation. Dans le pays, il est sous la juridiction de l&rsquo;Assembl\u00e9e l\u00e9gislative, qui est compos\u00e9e de 57 d\u00e9put\u00e9s.\u00a0<\/p>\n\n<p>L&rsquo;Assembl\u00e9e l\u00e9gislative est divis\u00e9e en deux chambres : la Chambre des d\u00e9put\u00e9s et le S\u00e9nat. La Chambre des d\u00e9put\u00e9s compte 57 d\u00e9put\u00e9s qui sont \u00e9lus au suffrage universel tous les quatre ans. Ils doivent \u00eatre citoyens costariciens, avoir plus de 21 ans et ne pas \u00eatre affili\u00e9s \u00e0 un parti politique ou \u00e0 une religion. Le S\u00e9nat compte 31 membres qui sont \u00e9lus au suffrage direct pour un mandat de six ans (six s\u00e9nateurs par province). Ils doivent \u00eatre citoyens costariciens, avoir plus de 40 ans et ne pas \u00eatre affili\u00e9s \u00e0 un parti politique ou \u00e0 une religion.<\/p>\n\n<p>C&rsquo;est l&rsquo;organe monocam\u00e9ral charg\u00e9 d&rsquo;adopter les lois.<\/p>\n\n<figure class=\"wp-block-image size-large is-resized\"><img loading=\"lazy\" decoding=\"async\" src=\"https:\/\/www.sensorialsunsets.com\/wp-content\/uploads\/2022\/07\/tingey-injury-law-firm-yCdPU73kGSc-unsplash-1024x683.jpg\" alt=\"justice-costa-rica-sensorial-sunsets\" class=\"wp-image-2679\" width=\"651\" height=\"434\" srcset=\"https:\/\/www.sensorialsunsets.com\/wp-content\/uploads\/2022\/07\/tingey-injury-law-firm-yCdPU73kGSc-unsplash-1024x683.jpg 1024w, https:\/\/www.sensorialsunsets.com\/wp-content\/uploads\/2022\/07\/tingey-injury-law-firm-yCdPU73kGSc-unsplash-300x200.jpg 300w, https:\/\/www.sensorialsunsets.com\/wp-content\/uploads\/2022\/07\/tingey-injury-law-firm-yCdPU73kGSc-unsplash-768x512.jpg 768w, https:\/\/www.sensorialsunsets.com\/wp-content\/uploads\/2022\/07\/tingey-injury-law-firm-yCdPU73kGSc-unsplash-1536x1024.jpg 1536w, https:\/\/www.sensorialsunsets.com\/wp-content\/uploads\/2022\/07\/tingey-injury-law-firm-yCdPU73kGSc-unsplash-2048x1365.jpg 2048w, https:\/\/www.sensorialsunsets.com\/wp-content\/uploads\/2022\/07\/tingey-injury-law-firm-yCdPU73kGSc-unsplash-334x222.jpg 334w, https:\/\/www.sensorialsunsets.com\/wp-content\/uploads\/2022\/07\/tingey-injury-law-firm-yCdPU73kGSc-unsplash-1320x880.jpg 1320w\" sizes=\"auto, (max-width: 651px) 100vw, 651px\" \/><figcaption>La Justice<\/figcaption><\/figure>\n<h2 class=\"wp-block-heading\"><strong>Le pouvoir judiciaire<\/strong><\/h2>\n\n<p>Le pouvoir judiciaire a \u00e9t\u00e9 \u00e9tabli comme une branche ind\u00e9pendante du gouvernement en 1824. Le syst\u00e8me judiciaire du Costa Rica a \u00e9t\u00e9 \u00e9tabli comme une branche ind\u00e9pendante du gouvernement en 1824. La Constitution maintient que le pouvoir judiciaire est ind\u00e9pendant de tous les autres pouvoirs et est libre de toute interf\u00e9rence ou influence.<\/p>\n\n<p>Le pouvoir judiciaire costaricien a l&rsquo;obligation de faire respecter les lois et d&rsquo;administrer la justice. Ceci, afin d&rsquo;appliquer l&rsquo;objectif de la Constitution politique ; de m\u00eame, il est dirig\u00e9 par les directives l\u00e9gales \u00e9tablies dans la Loi organique du pouvoir judiciaire. En d&rsquo;autres termes, c&rsquo;est une branche du gouvernement qui a trois fonctions principales : interpr\u00e9ter et appliquer la loi, administrer la justice et maintenir l&rsquo;ordre public.<\/p>\n\n<p>Tout se r\u00e9sume au fait que le pr\u00e9sident du Costa Rica d\u00e9tient le pouvoir ex\u00e9cutif et peut opposer son veto aux lois ou dissoudre le Parlement si n\u00e9cessaire. Le pouvoir l\u00e9gislatif r\u00e9side dans les deux chambres du Parlement (l&rsquo;Assembl\u00e9e nationale et le S\u00e9nat). Enfin, le pouvoir judiciaire r\u00e9side dans la Cour supr\u00eame et les autres tribunaux qui sont ind\u00e9pendants des deux autres branches du gouvernement.\u00a0<\/p>\n\n<h2 class=\"wp-block-heading\"><strong>En bref<\/strong><\/h2>\n\n<ul class=\"wp-block-list\"><li>Le Costa Rica est r\u00e9gi par un syst\u00e8me d\u00e9mocratique depuis 1949.<\/li><li>Le pouvoir ex\u00e9cutif est charg\u00e9 d&rsquo;administrer et de g\u00e9rer l&rsquo;\u00c9tat.<\/li><li>Le pouvoir l\u00e9gislatif est l&rsquo;institution charg\u00e9e de cr\u00e9er, r\u00e9former et\/ou abroger les lois d&rsquo;une nation.\u00a0<\/li><li>Le pouvoir judiciaire costaricien a l&rsquo;obligation de faire respecter la loi et d&rsquo;administrer la justice.<\/li><\/ul>\n<p><strong>Auteure<\/strong><\/p>\n\n<p><strong>Zelda Walters pour Sensorial Sunsets<\/strong><\/p>\n\n<p><\/p>\n\n<h2 class=\"wp-block-heading\"><strong>Bibliographie<\/strong><\/h2>\n\n<p><a href=\"http:\/\/sil.gobernacion.gob.mx\/Glosario\/definicionpop.php?ID=185\"><strong>http:\/\/sil.gobernacion.gob.mx\/Glosario\/definicionpop.php?ID=185<\/strong><\/a><strong>\u00a0<\/strong><\/p>\n\n<p><a href=\"https:\/\/www.pjud.cl\/post\/que-es-el-poder-judicial\">https:\/\/www.pjud.cl\/post\/que-es-el-poder-judicial<\/a><\/p>\n\n<p><a href=\"https:\/\/pj.poder-judicial.go.cr\/images\/documentos\/generalidades\/historia-organizacion-funcionamiento.pdf\">https:\/\/pj.poder-judicial.go.cr\/images\/documentos\/generalidades\/historia-organizacion-funcionamiento.pdf<\/a><\/p>\n\n<p><a href=\"https:\/\/www.presidencia.go.cr\/sobre-casa-presidencial\/poder-ejecutivo\/\"><strong>https:\/\/www.presidencia.go.cr\/sobre-casa-presidencial\/poder-ejecutivo\/<\/strong><\/a><strong>\u00a0<\/strong><a href=\"https:\/\/www.revistacredencial.com\/historia\/temas\/los-ministerios-y-el-consejo-de-ministros\"><strong>https:\/\/www.revistacredencial.com\/historia\/temas\/los-ministerios-y-el-consejo-de-ministros<\/strong><\/a><strong><\/strong><\/p>\n","protected":false},"excerpt":{"rendered":"<p>La division des pouvoirs au Costa Rica \u00e9tablit trois branches distinctes : l&rsquo;ex\u00e9cutif, le l\u00e9gislatif et le judiciaire. Le Costa Rica conna\u00eet une stabilit\u00e9 d\u00e9mocratique depuis 1949. C&rsquo;est le seul pays de la r\u00e9gion d&rsquo;Am\u00e9rique centrale \u00e0 ne pas avoir d&rsquo;arm\u00e9e (avec le Panama) et sa constitution a \u00e9t\u00e9 r\u00e9dig\u00e9e de mani\u00e8re \u00e0 ce qu&rsquo;il [&hellip;]<\/p>\n","protected":false},"author":5,"featured_media":2676,"comment_status":"closed","ping_status":"closed","sticky":false,"template":"","format":"standard","meta":{"_acf_changed":false,"inline_featured_image":false,"_monsterinsights_skip_tracking":false,"_monsterinsights_sitenote_active":false,"_monsterinsights_sitenote_note":"","_monsterinsights_sitenote_category":0,"footnotes":""},"categories":[100,107],"tags":[],"class_list":["post-2681","post","type-post","status-publish","format-standard","has-post-thumbnail","hentry","category-costa-rica-fr","category-politique-fr"],"acf":[],"yoast_head":"<!-- This site is optimized with the Yoast SEO plugin v27.4 - https:\/\/yoast.com\/product\/yoast-seo-wordpress\/ -->\n<title>La division du pouvoir au Costa Rica - SensorialSunsets<\/title>\n<meta name=\"description\" content=\"La division des pouvoirs au Costa Rica \u00e9tablit trois pouvoirs distincts : l&#039;ex\u00e9cutif, le l\u00e9gislatif et le judiciaire.\" \/>\n<meta name=\"robots\" content=\"index, follow, max-snippet:-1, max-image-preview:large, max-video-preview:-1\" \/>\n<link rel=\"canonical\" href=\"https:\/\/www.sensorialsunsets.com\/fr\/la-division-du-pouvoir-au-costa-rica\/\" \/>\n<meta property=\"og:locale\" content=\"fr_FR\" \/>\n<meta property=\"og:type\" content=\"article\" \/>\n<meta property=\"og:title\" content=\"La division du pouvoir au Costa Rica - SensorialSunsets\" \/>\n<meta property=\"og:description\" content=\"La division des pouvoirs au Costa Rica \u00e9tablit trois pouvoirs distincts : l&#039;ex\u00e9cutif, le l\u00e9gislatif et le judiciaire.\" \/>\n<meta property=\"og:url\" content=\"https:\/\/www.sensorialsunsets.com\/fr\/la-division-du-pouvoir-au-costa-rica\/\" \/>\n<meta property=\"og:site_name\" content=\"SensorialSunsets\" \/>\n<meta property=\"article:publisher\" content=\"https:\/\/www.facebook.com\/Sensorial-Sunsets-109180614715562\" \/>\n<meta property=\"article:published_time\" content=\"2022-07-13T21:26:01+00:00\" \/>\n<meta property=\"article:modified_time\" content=\"2022-07-13T21:26:02+00:00\" \/>\n<meta property=\"og:image\" content=\"https:\/\/www.sensorialsunsets.com\/wp-content\/uploads\/2022\/07\/brett-jordan-ZoZJLgAIvGc-unsplash-scaled.jpg\" \/>\n\t<meta property=\"og:image:width\" content=\"2560\" \/>\n\t<meta property=\"og:image:height\" content=\"1920\" \/>\n\t<meta property=\"og:image:type\" content=\"image\/jpeg\" \/>\n<meta name=\"author\" content=\"Marian Barrantes\" \/>\n<meta name=\"twitter:card\" content=\"summary_large_image\" \/>\n<meta name=\"twitter:label1\" content=\"\u00c9crit par\" \/>\n\t<meta name=\"twitter:data1\" content=\"Marian Barrantes\" \/>\n\t<meta name=\"twitter:label2\" content=\"Dur\u00e9e de lecture estim\u00e9e\" \/>\n\t<meta name=\"twitter:data2\" content=\"4 minutes\" \/>\n<script type=\"application\/ld+json\" class=\"yoast-schema-graph\">{\"@context\":\"https:\\\/\\\/schema.org\",\"@graph\":[{\"@type\":\"Article\",\"@id\":\"https:\\\/\\\/www.sensorialsunsets.com\\\/fr\\\/la-division-du-pouvoir-au-costa-rica\\\/#article\",\"isPartOf\":{\"@id\":\"https:\\\/\\\/www.sensorialsunsets.com\\\/fr\\\/la-division-du-pouvoir-au-costa-rica\\\/\"},\"author\":{\"name\":\"Marian Barrantes\",\"@id\":\"https:\\\/\\\/www.sensorialsunsets.com\\\/fr\\\/#\\\/schema\\\/person\\\/a8336a4dbeee633f087a194db2ca482f\"},\"headline\":\"La division du pouvoir au Costa Rica\",\"datePublished\":\"2022-07-13T21:26:01+00:00\",\"dateModified\":\"2022-07-13T21:26:02+00:00\",\"mainEntityOfPage\":{\"@id\":\"https:\\\/\\\/www.sensorialsunsets.com\\\/fr\\\/la-division-du-pouvoir-au-costa-rica\\\/\"},\"wordCount\":820,\"publisher\":{\"@id\":\"https:\\\/\\\/www.sensorialsunsets.com\\\/fr\\\/#organization\"},\"image\":{\"@id\":\"https:\\\/\\\/www.sensorialsunsets.com\\\/fr\\\/la-division-du-pouvoir-au-costa-rica\\\/#primaryimage\"},\"thumbnailUrl\":\"https:\\\/\\\/www.sensorialsunsets.com\\\/wp-content\\\/uploads\\\/2022\\\/07\\\/brett-jordan-ZoZJLgAIvGc-unsplash-scaled.jpg\",\"articleSection\":[\"Costa Rica\",\"Politique\"],\"inLanguage\":\"fr-FR\"},{\"@type\":\"WebPage\",\"@id\":\"https:\\\/\\\/www.sensorialsunsets.com\\\/fr\\\/la-division-du-pouvoir-au-costa-rica\\\/\",\"url\":\"https:\\\/\\\/www.sensorialsunsets.com\\\/fr\\\/la-division-du-pouvoir-au-costa-rica\\\/\",\"name\":\"La division du pouvoir au Costa Rica - SensorialSunsets\",\"isPartOf\":{\"@id\":\"https:\\\/\\\/www.sensorialsunsets.com\\\/fr\\\/#website\"},\"primaryImageOfPage\":{\"@id\":\"https:\\\/\\\/www.sensorialsunsets.com\\\/fr\\\/la-division-du-pouvoir-au-costa-rica\\\/#primaryimage\"},\"image\":{\"@id\":\"https:\\\/\\\/www.sensorialsunsets.com\\\/fr\\\/la-division-du-pouvoir-au-costa-rica\\\/#primaryimage\"},\"thumbnailUrl\":\"https:\\\/\\\/www.sensorialsunsets.com\\\/wp-content\\\/uploads\\\/2022\\\/07\\\/brett-jordan-ZoZJLgAIvGc-unsplash-scaled.jpg\",\"datePublished\":\"2022-07-13T21:26:01+00:00\",\"dateModified\":\"2022-07-13T21:26:02+00:00\",\"description\":\"La division des pouvoirs au Costa Rica \u00e9tablit trois pouvoirs distincts : l'ex\u00e9cutif, le l\u00e9gislatif et le judiciaire.\",\"inLanguage\":\"fr-FR\",\"potentialAction\":[{\"@type\":\"ReadAction\",\"target\":[\"https:\\\/\\\/www.sensorialsunsets.com\\\/fr\\\/la-division-du-pouvoir-au-costa-rica\\\/\"]}]},{\"@type\":\"ImageObject\",\"inLanguage\":\"fr-FR\",\"@id\":\"https:\\\/\\\/www.sensorialsunsets.com\\\/fr\\\/la-division-du-pouvoir-au-costa-rica\\\/#primaryimage\",\"url\":\"https:\\\/\\\/www.sensorialsunsets.com\\\/wp-content\\\/uploads\\\/2022\\\/07\\\/brett-jordan-ZoZJLgAIvGc-unsplash-scaled.jpg\",\"contentUrl\":\"https:\\\/\\\/www.sensorialsunsets.com\\\/wp-content\\\/uploads\\\/2022\\\/07\\\/brett-jordan-ZoZJLgAIvGc-unsplash-scaled.jpg\",\"width\":2560,\"height\":1920},{\"@type\":\"WebSite\",\"@id\":\"https:\\\/\\\/www.sensorialsunsets.com\\\/fr\\\/#website\",\"url\":\"https:\\\/\\\/www.sensorialsunsets.com\\\/fr\\\/\",\"name\":\"SensorialSunsets.com\",\"description\":\"D\u00e9couvrez la culture et la soci\u00e9t\u00e9 du Costa Rica sur notre blog. Explorez des articles captivants et partagez le contenu.\",\"publisher\":{\"@id\":\"https:\\\/\\\/www.sensorialsunsets.com\\\/fr\\\/#organization\"},\"alternateName\":\"Costa Rica Live Blog\",\"potentialAction\":[{\"@type\":\"SearchAction\",\"target\":{\"@type\":\"EntryPoint\",\"urlTemplate\":\"https:\\\/\\\/www.sensorialsunsets.com\\\/fr\\\/?s={search_term_string}\"},\"query-input\":{\"@type\":\"PropertyValueSpecification\",\"valueRequired\":true,\"valueName\":\"search_term_string\"}}],\"inLanguage\":\"fr-FR\"},{\"@type\":\"Organization\",\"@id\":\"https:\\\/\\\/www.sensorialsunsets.com\\\/fr\\\/#organization\",\"name\":\"SensorialSunsets\",\"url\":\"https:\\\/\\\/www.sensorialsunsets.com\\\/fr\\\/\",\"logo\":{\"@type\":\"ImageObject\",\"inLanguage\":\"fr-FR\",\"@id\":\"https:\\\/\\\/www.sensorialsunsets.com\\\/fr\\\/#\\\/schema\\\/logo\\\/image\\\/\",\"url\":\"https:\\\/\\\/www.sensorialsunsets.com\\\/wp-content\\\/uploads\\\/2023\\\/04\\\/Logo_base_line_fond_clair.svg\",\"contentUrl\":\"https:\\\/\\\/www.sensorialsunsets.com\\\/wp-content\\\/uploads\\\/2023\\\/04\\\/Logo_base_line_fond_clair.svg\",\"width\":\"1024\",\"height\":\"1024\",\"caption\":\"SensorialSunsets\"},\"image\":{\"@id\":\"https:\\\/\\\/www.sensorialsunsets.com\\\/fr\\\/#\\\/schema\\\/logo\\\/image\\\/\"},\"sameAs\":[\"https:\\\/\\\/www.facebook.com\\\/Sensorial-Sunsets-109180614715562\",\"https:\\\/\\\/www.instagram.com\\\/sensorialsunsets\\\/\"]},{\"@type\":\"Person\",\"@id\":\"https:\\\/\\\/www.sensorialsunsets.com\\\/fr\\\/#\\\/schema\\\/person\\\/a8336a4dbeee633f087a194db2ca482f\",\"name\":\"Marian Barrantes\",\"image\":{\"@type\":\"ImageObject\",\"inLanguage\":\"fr-FR\",\"@id\":\"https:\\\/\\\/secure.gravatar.com\\\/avatar\\\/fafbfab67eb28029818d03f44e3037bd798e04434d8d5c0cfc2eea8ec2882a22?s=96&d=mm&r=g\",\"url\":\"https:\\\/\\\/secure.gravatar.com\\\/avatar\\\/fafbfab67eb28029818d03f44e3037bd798e04434d8d5c0cfc2eea8ec2882a22?s=96&d=mm&r=g\",\"contentUrl\":\"https:\\\/\\\/secure.gravatar.com\\\/avatar\\\/fafbfab67eb28029818d03f44e3037bd798e04434d8d5c0cfc2eea8ec2882a22?s=96&d=mm&r=g\",\"caption\":\"Marian Barrantes\"},\"sameAs\":[\"https:\\\/\\\/www.sensorialsunsets.com\"],\"url\":\"https:\\\/\\\/www.sensorialsunsets.com\\\/fr\\\/author\\\/mbarrantes\\\/\"}]}<\/script>\n<!-- \/ Yoast SEO plugin. -->","yoast_head_json":{"title":"La division du pouvoir au Costa Rica - SensorialSunsets","description":"La division des pouvoirs au Costa Rica \u00e9tablit trois pouvoirs distincts : l'ex\u00e9cutif, le l\u00e9gislatif et le judiciaire.","robots":{"index":"index","follow":"follow","max-snippet":"max-snippet:-1","max-image-preview":"max-image-preview:large","max-video-preview":"max-video-preview:-1"},"canonical":"https:\/\/www.sensorialsunsets.com\/fr\/la-division-du-pouvoir-au-costa-rica\/","og_locale":"fr_FR","og_type":"article","og_title":"La division du pouvoir au Costa Rica - SensorialSunsets","og_description":"La division des pouvoirs au Costa Rica \u00e9tablit trois pouvoirs distincts : l'ex\u00e9cutif, le l\u00e9gislatif et le judiciaire.","og_url":"https:\/\/www.sensorialsunsets.com\/fr\/la-division-du-pouvoir-au-costa-rica\/","og_site_name":"SensorialSunsets","article_publisher":"https:\/\/www.facebook.com\/Sensorial-Sunsets-109180614715562","article_published_time":"2022-07-13T21:26:01+00:00","article_modified_time":"2022-07-13T21:26:02+00:00","og_image":[{"width":2560,"height":1920,"url":"https:\/\/www.sensorialsunsets.com\/wp-content\/uploads\/2022\/07\/brett-jordan-ZoZJLgAIvGc-unsplash-scaled.jpg","type":"image\/jpeg"}],"author":"Marian Barrantes","twitter_card":"summary_large_image","twitter_misc":{"\u00c9crit par":"Marian Barrantes","Dur\u00e9e de lecture estim\u00e9e":"4 minutes"},"schema":{"@context":"https:\/\/schema.org","@graph":[{"@type":"Article","@id":"https:\/\/www.sensorialsunsets.com\/fr\/la-division-du-pouvoir-au-costa-rica\/#article","isPartOf":{"@id":"https:\/\/www.sensorialsunsets.com\/fr\/la-division-du-pouvoir-au-costa-rica\/"},"author":{"name":"Marian Barrantes","@id":"https:\/\/www.sensorialsunsets.com\/fr\/#\/schema\/person\/a8336a4dbeee633f087a194db2ca482f"},"headline":"La division du pouvoir au Costa Rica","datePublished":"2022-07-13T21:26:01+00:00","dateModified":"2022-07-13T21:26:02+00:00","mainEntityOfPage":{"@id":"https:\/\/www.sensorialsunsets.com\/fr\/la-division-du-pouvoir-au-costa-rica\/"},"wordCount":820,"publisher":{"@id":"https:\/\/www.sensorialsunsets.com\/fr\/#organization"},"image":{"@id":"https:\/\/www.sensorialsunsets.com\/fr\/la-division-du-pouvoir-au-costa-rica\/#primaryimage"},"thumbnailUrl":"https:\/\/www.sensorialsunsets.com\/wp-content\/uploads\/2022\/07\/brett-jordan-ZoZJLgAIvGc-unsplash-scaled.jpg","articleSection":["Costa Rica","Politique"],"inLanguage":"fr-FR"},{"@type":"WebPage","@id":"https:\/\/www.sensorialsunsets.com\/fr\/la-division-du-pouvoir-au-costa-rica\/","url":"https:\/\/www.sensorialsunsets.com\/fr\/la-division-du-pouvoir-au-costa-rica\/","name":"La division du pouvoir au Costa Rica - SensorialSunsets","isPartOf":{"@id":"https:\/\/www.sensorialsunsets.com\/fr\/#website"},"primaryImageOfPage":{"@id":"https:\/\/www.sensorialsunsets.com\/fr\/la-division-du-pouvoir-au-costa-rica\/#primaryimage"},"image":{"@id":"https:\/\/www.sensorialsunsets.com\/fr\/la-division-du-pouvoir-au-costa-rica\/#primaryimage"},"thumbnailUrl":"https:\/\/www.sensorialsunsets.com\/wp-content\/uploads\/2022\/07\/brett-jordan-ZoZJLgAIvGc-unsplash-scaled.jpg","datePublished":"2022-07-13T21:26:01+00:00","dateModified":"2022-07-13T21:26:02+00:00","description":"La division des pouvoirs au Costa Rica \u00e9tablit trois pouvoirs distincts : l'ex\u00e9cutif, le l\u00e9gislatif et le judiciaire.","inLanguage":"fr-FR","potentialAction":[{"@type":"ReadAction","target":["https:\/\/www.sensorialsunsets.com\/fr\/la-division-du-pouvoir-au-costa-rica\/"]}]},{"@type":"ImageObject","inLanguage":"fr-FR","@id":"https:\/\/www.sensorialsunsets.com\/fr\/la-division-du-pouvoir-au-costa-rica\/#primaryimage","url":"https:\/\/www.sensorialsunsets.com\/wp-content\/uploads\/2022\/07\/brett-jordan-ZoZJLgAIvGc-unsplash-scaled.jpg","contentUrl":"https:\/\/www.sensorialsunsets.com\/wp-content\/uploads\/2022\/07\/brett-jordan-ZoZJLgAIvGc-unsplash-scaled.jpg","width":2560,"height":1920},{"@type":"WebSite","@id":"https:\/\/www.sensorialsunsets.com\/fr\/#website","url":"https:\/\/www.sensorialsunsets.com\/fr\/","name":"SensorialSunsets.com","description":"D\u00e9couvrez la culture et la soci\u00e9t\u00e9 du Costa Rica sur notre blog. Explorez des articles captivants et partagez le contenu.","publisher":{"@id":"https:\/\/www.sensorialsunsets.com\/fr\/#organization"},"alternateName":"Costa Rica Live Blog","potentialAction":[{"@type":"SearchAction","target":{"@type":"EntryPoint","urlTemplate":"https:\/\/www.sensorialsunsets.com\/fr\/?s={search_term_string}"},"query-input":{"@type":"PropertyValueSpecification","valueRequired":true,"valueName":"search_term_string"}}],"inLanguage":"fr-FR"},{"@type":"Organization","@id":"https:\/\/www.sensorialsunsets.com\/fr\/#organization","name":"SensorialSunsets","url":"https:\/\/www.sensorialsunsets.com\/fr\/","logo":{"@type":"ImageObject","inLanguage":"fr-FR","@id":"https:\/\/www.sensorialsunsets.com\/fr\/#\/schema\/logo\/image\/","url":"https:\/\/www.sensorialsunsets.com\/wp-content\/uploads\/2023\/04\/Logo_base_line_fond_clair.svg","contentUrl":"https:\/\/www.sensorialsunsets.com\/wp-content\/uploads\/2023\/04\/Logo_base_line_fond_clair.svg","width":"1024","height":"1024","caption":"SensorialSunsets"},"image":{"@id":"https:\/\/www.sensorialsunsets.com\/fr\/#\/schema\/logo\/image\/"},"sameAs":["https:\/\/www.facebook.com\/Sensorial-Sunsets-109180614715562","https:\/\/www.instagram.com\/sensorialsunsets\/"]},{"@type":"Person","@id":"https:\/\/www.sensorialsunsets.com\/fr\/#\/schema\/person\/a8336a4dbeee633f087a194db2ca482f","name":"Marian Barrantes","image":{"@type":"ImageObject","inLanguage":"fr-FR","@id":"https:\/\/secure.gravatar.com\/avatar\/fafbfab67eb28029818d03f44e3037bd798e04434d8d5c0cfc2eea8ec2882a22?s=96&d=mm&r=g","url":"https:\/\/secure.gravatar.com\/avatar\/fafbfab67eb28029818d03f44e3037bd798e04434d8d5c0cfc2eea8ec2882a22?s=96&d=mm&r=g","contentUrl":"https:\/\/secure.gravatar.com\/avatar\/fafbfab67eb28029818d03f44e3037bd798e04434d8d5c0cfc2eea8ec2882a22?s=96&d=mm&r=g","caption":"Marian Barrantes"},"sameAs":["https:\/\/www.sensorialsunsets.com"],"url":"https:\/\/www.sensorialsunsets.com\/fr\/author\/mbarrantes\/"}]}},"_links":{"self":[{"href":"https:\/\/www.sensorialsunsets.com\/fr\/wp-json\/wp\/v2\/posts\/2681","targetHints":{"allow":["GET"]}}],"collection":[{"href":"https:\/\/www.sensorialsunsets.com\/fr\/wp-json\/wp\/v2\/posts"}],"about":[{"href":"https:\/\/www.sensorialsunsets.com\/fr\/wp-json\/wp\/v2\/types\/post"}],"author":[{"embeddable":true,"href":"https:\/\/www.sensorialsunsets.com\/fr\/wp-json\/wp\/v2\/users\/5"}],"replies":[{"embeddable":true,"href":"https:\/\/www.sensorialsunsets.com\/fr\/wp-json\/wp\/v2\/comments?post=2681"}],"version-history":[{"count":0,"href":"https:\/\/www.sensorialsunsets.com\/fr\/wp-json\/wp\/v2\/posts\/2681\/revisions"}],"wp:featuredmedia":[{"embeddable":true,"href":"https:\/\/www.sensorialsunsets.com\/fr\/wp-json\/wp\/v2\/media\/2676"}],"wp:attachment":[{"href":"https:\/\/www.sensorialsunsets.com\/fr\/wp-json\/wp\/v2\/media?parent=2681"}],"wp:term":[{"taxonomy":"category","embeddable":true,"href":"https:\/\/www.sensorialsunsets.com\/fr\/wp-json\/wp\/v2\/categories?post=2681"},{"taxonomy":"post_tag","embeddable":true,"href":"https:\/\/www.sensorialsunsets.com\/fr\/wp-json\/wp\/v2\/tags?post=2681"}],"curies":[{"name":"wp","href":"https:\/\/api.w.org\/{rel}","templated":true}]}}