{"id":2705,"date":"2022-07-17T02:20:47","date_gmt":"2022-07-17T02:20:47","guid":{"rendered":"https:\/\/www.sensorialsunsets.com\/defis-du-systeme-educatif-au-costa-rica\/"},"modified":"2022-07-17T02:20:48","modified_gmt":"2022-07-17T02:20:48","slug":"defis-du-systeme-educatif-au-costa-rica","status":"publish","type":"post","link":"https:\/\/www.sensorialsunsets.com\/fr\/defis-du-systeme-educatif-au-costa-rica\/","title":{"rendered":"D\u00e9fis du syst\u00e8me \u00e9ducatif au Costa Rica"},"content":{"rendered":"\n<p><em><strong>Le syst\u00e8me \u00e9ducatif du Costa Rica est confront\u00e9 \u00e0 plusieurs d\u00e9fis<\/strong><\/em><\/p>\n\n<p>Lorsque le Costa Rica a supprim\u00e9 l&rsquo;arm\u00e9e, il a d\u00e9cid\u00e9 d&rsquo;allouer \u00e0 l&rsquo;\u00e9ducation le budget qui allait auparavant \u00e0 l&rsquo;arm\u00e9e. Pour cette raison, l&rsquo;\u00e9ducation au Costa Rica est class\u00e9e comme l&rsquo;une des meilleures d&rsquo;Am\u00e9rique latine. Le Costa Rica a l&rsquo;un des taux d&rsquo;alphab\u00e9tisation, de couverture \u00e9ducative et de d\u00e9penses publiques pour l&rsquo;\u00e9ducation les plus \u00e9lev\u00e9s d&rsquo;Am\u00e9rique latine.<\/p>\n\n<h2 class=\"wp-block-heading\"><em><strong>Le syst\u00e8me \u00e9ducatif au Costa Rica<\/strong><\/em><\/h2>\n\n<p>Il existe deux branches : l&rsquo;enseignement public et l&rsquo;enseignement priv\u00e9.<\/p>\n\n<p>L&rsquo;enseignement public au Costa Rica est divis\u00e9 en 4 niveaux principaux : pr\u00e9scolaire, primaire, secondaire et sup\u00e9rieur. Le syst\u00e8me \u00e9ducatif est r\u00e9gi par l&rsquo;article 78 de la Constitution. L&rsquo;enseignement pr\u00e9scolaire et l&rsquo;enseignement g\u00e9n\u00e9ral de base sont obligatoires. Ceux-ci et l&rsquo;enseignement diversifi\u00e9 dans le syst\u00e8me public sont gratuits et pay\u00e9s par l&rsquo;\u00c9tat. La couverture \u00e9ducative est \u00e9lev\u00e9e : l&rsquo;enseignement primaire est totalement universel, tandis que l&rsquo;enseignement secondaire couvre plus de 70%.<\/p>\n\n<h2 class=\"wp-block-heading\"><em><strong>Niveaux du syst\u00e8me \u00e9ducatif au Costa Rica<\/strong><\/em><\/h2>\n\n<p>Le syst\u00e8me \u00e9ducatif costaricien est divis\u00e9 en 4 niveaux : pr\u00e9scolaire, primaire, secondaire et sup\u00e9rieur. L&rsquo;enseignement g\u00e9n\u00e9ral de base est obligatoire et gratuit, et comprend 6 ans d&rsquo;enseignement primaire et 3 ans d&rsquo;enseignement secondaire.<\/p>\n\n<h2 class=\"wp-block-heading\"><strong>Enseignement primaire<\/strong><\/h2>\n\n<p>Les enfants, apr\u00e8s avoir termin\u00e9 l&rsquo;\u00e9cole maternelle, poursuivent leur scolarit\u00e9 \u00e0 l&rsquo;\u00e9cole primaire pendant une p\u00e9riode de 6 ans.<\/p>\n\n<h2 class=\"wp-block-heading\"><strong>Enseignement secondaire<\/strong><\/h2>\n\n<p>Il commence \u00e0 l&rsquo;\u00e2ge de 12 ou 13 ans. \u00c0 la fin de l&rsquo;enseignement secondaire, l&rsquo;objectif est que l&rsquo;\u00e9l\u00e8ve d\u00e9veloppe des comp\u00e9tences, des valeurs et des attitudes suffisantes pour jouer un bon r\u00f4le dans la soci\u00e9t\u00e9. La moiti\u00e9 des ann\u00e9es d&rsquo;enseignement secondaire au Costa Rica appartiennent au 3\u00e8me cycle de l&rsquo;\u00e9ducation de base g\u00e9n\u00e9rale (de la 7\u00e8me \u00e0 la 9\u00e8me ann\u00e9e) ; le reste appartient \u00e0 l&rsquo;\u00e9ducation diversifi\u00e9e.<\/p>\n\n<h2 class=\"wp-block-heading\"><em><strong>Enseignement diversifi\u00e9<\/strong><\/em><\/h2>\n\n<p>Le cycle d&rsquo;enseignement diversifi\u00e9 constitue les 2 ou 3 derni\u00e8res ann\u00e9es de l&rsquo;enseignement secondaire. Il n&rsquo;est plus consid\u00e9r\u00e9 comme obligatoire par l&rsquo;\u00c9tat costaricien, mais il est gratuit. Elle commence normalement \u00e0 l&rsquo;\u00e2ge de 16 ans.<\/p>\n\n<p>Lorsque l&rsquo;on entre dans l&rsquo;enseignement diversifi\u00e9, il existe plusieurs \u00e9tablissements dont la dur\u00e9e et l&rsquo;approche p\u00e9dagogique diff\u00e8rent. Le module le plus courant dans tout le pays est l&rsquo;enseignement acad\u00e9mique, qui dure 2 ans. Elle offre un enseignement dans un cadre scientifico-humaniste, en sciences et en litt\u00e9rature.<\/p>\n\n<p>En outre, on constate une importante prolif\u00e9ration de la modalit\u00e9 d&rsquo;enseignement technique-professionnel, d&rsquo;une dur\u00e9e plus longue (3 ans) et qui octroie une licence technico-m\u00e9dicale permettant de poursuivre une carri\u00e8re sp\u00e9cialis\u00e9e.<\/p>\n\n<h2 class=\"wp-block-heading\"><em><strong>Enseignement sup\u00e9rieur<\/strong><\/em><\/h2>\n\n<p>Apr\u00e8s avoir obtenu son dipl\u00f4me d&rsquo;\u00e9tudes secondaires, l&rsquo;\u00e9tudiant peut entrer \u00e0 l&rsquo;universit\u00e9. Il y a 5 universit\u00e9s publiques au Costa Rica, qui sont :<\/p>\n\n<p>Instituto Tecnol\u00f3gico de Costa Rica (TEC), Universidad de Costa Rica (UCR), Universidad Nacional (UNA), Universidad T\u00e9cnica Nacional (UTN) et Universidad Estatal a Distancia (UNED).<\/p>\n\n<p>En outre, il existe plus de 50 universit\u00e9s priv\u00e9es. Il existe \u00e9galement des \u00ab\u00a0instituts\u00a0\u00bb tels que l&rsquo;Instituto Nacional de Aprendizaje (INA).<\/p>\n\n<figure class=\"wp-block-image size-full\"><img loading=\"lazy\" decoding=\"async\" width=\"772\" height=\"522\" src=\"https:\/\/www.sensorialsunsets.com\/wp-content\/uploads\/2022\/07\/89_1_colegialesnacion.jpg\" alt=\"eleves-costa-rica-sensorial-sunsets\" class=\"wp-image-2703\" srcset=\"https:\/\/www.sensorialsunsets.com\/wp-content\/uploads\/2022\/07\/89_1_colegialesnacion.jpg 772w, https:\/\/www.sensorialsunsets.com\/wp-content\/uploads\/2022\/07\/89_1_colegialesnacion-300x203.jpg 300w, https:\/\/www.sensorialsunsets.com\/wp-content\/uploads\/2022\/07\/89_1_colegialesnacion-768x519.jpg 768w\" sizes=\"auto, (max-width: 772px) 100vw, 772px\" \/><figcaption>photo: El Norte Hoy CR<\/figcaption><\/figure>\n<h2 class=\"wp-block-heading\"><strong>Les d\u00e9fis du syst\u00e8me d&rsquo;\u00e9ducation publique au Costa Rica<\/strong><\/h2>\n\n<p>Cependant, bien qu&rsquo;il soit l&rsquo;un des meilleurs de la r\u00e9gion, le syst\u00e8me \u00e9ducatif costaricien est confront\u00e9 \u00e0 plusieurs d\u00e9fis. C&rsquo;est ce qu&rsquo;indique le document \u00ab\u00a0Estado de la Educaci\u00f3n\u00a0\u00bb (\u00c9tat de l&rsquo;\u00e9ducation), qui pr\u00e9cise que peu de soutien est apport\u00e9 tant aux \u00e9tudiants qu&rsquo;aux enseignants. On constate \u00e9galement une perte de temps dans des activit\u00e9s sans rapport avec l&rsquo;apprentissage et la pr\u00e9dominance des techniques d&rsquo;enseignement traditionnelles. <\/p>\n\n<p>En effet, au Costa Rica, dans certains cas, le travail se fait encore selon des sch\u00e9mas d&rsquo;enseignement traditionnels o\u00f9 la m\u00e9morisation de concepts est privil\u00e9gi\u00e9e par rapport \u00e0 la formation d&rsquo;un esprit critique. En fait, le type d&rsquo;examen pr\u00e9dominant ce sont les questions \u00e0 chox multiple, dont on sait qu&rsquo;elles n&rsquo;\u00e9valuent que la m\u00e9moire. \u00a0<\/p>\n\n<p>D&rsquo;autre part, il y a peu de planification de ce qui est enseign\u00e9, peu de r\u00e9flexion sur la mani\u00e8re d&rsquo;enseigner et \u00e9galement peu de place pour l&rsquo;initiative de la part des enseignants, qui en plus d&rsquo;avoir de longues heures (pr\u00e9paration, enseignement, \u00e9valuation, r\u00e9unions, t\u00e2ches administratives) ont souvent des groupes surcharg\u00e9s allant jusqu&rsquo;\u00e0 30 ou 40 \u00e9l\u00e8ves par classe, r\u00e9duisant ainsi le temps que l&rsquo;enseignant peut consacrer \u00e0 chaque \u00e9l\u00e8ve.<\/p>\n\n<p>Enfin, les programmes d&rsquo;\u00e9tudes sont d\u00e9pass\u00e9s, ne correspondent pas \u00e0 la situation mondiale actuelle et ne sont pas adapt\u00e9s aux besoins du pays. Cette situation, aggrav\u00e9e par le manque d&rsquo;utilisation des ressources technologiques en classe et la pr\u00e9carit\u00e9 des infrastructures, fait que les conditions ne sont pas optimales pour l&rsquo;apprentissage.<\/p>\n\n<p>C&rsquo;est our ces raisons, les familles plus ais\u00e9es pr\u00e9f\u00e8rent inscrire leurs enfants dans des \u00e9coles publiques o\u00f9 les frais de scolarit\u00e9 et les droits d&rsquo;inscription peuvent \u00eatre assez \u00e9lev\u00e9s.<\/p>\n\n<p><\/p>\n\n<p><strong>Auteure<\/strong>: M. Barrantes pour Sensorial Sunsets<\/p>\n\n<p><\/p>\n\n<h2 class=\"wp-block-heading\">Sources<\/h2>\n\n<p><a href=\"https:\/\/estadonacion.or.cr\/wp-content\/uploads\/2021\/09\/Educacion_WEB.pdf\">https:\/\/estadonacion.or.cr\/wp-content\/uploads\/2021\/09\/Educacion_WEB.pdf<\/a><\/p>\n\n<p><br\/><br\/><\/p>\n","protected":false},"excerpt":{"rendered":"<p>Photo: Ministerio de Educaci\u00f3n<\/p>\n","protected":false},"author":5,"featured_media":2700,"comment_status":"closed","ping_status":"closed","sticky":false,"template":"","format":"standard","meta":{"_acf_changed":false,"inline_featured_image":false,"_monsterinsights_skip_tracking":false,"_monsterinsights_sitenote_active":false,"_monsterinsights_sitenote_note":"","_monsterinsights_sitenote_category":0,"footnotes":""},"categories":[100,135],"tags":[],"class_list":["post-2705","post","type-post","status-publish","format-standard","has-post-thumbnail","hentry","category-costa-rica-fr","category-education"],"acf":[],"yoast_head":"<!-- This site is optimized with the Yoast SEO plugin v27.4 - https:\/\/yoast.com\/product\/yoast-seo-wordpress\/ -->\n<title>D\u00e9fis du syst\u00e8me \u00e9ducatif au Costa Rica - SensorialSunsets<\/title>\n<meta name=\"description\" content=\"Le syst\u00e8me \u00e9ducatif du Costa Rica est l&#039;un des meilleurs d&#039;Am\u00e9rique latine. Cependant, elle est confront\u00e9e \u00e0 plusieurs d\u00e9fis.\" \/>\n<meta name=\"robots\" content=\"index, follow, max-snippet:-1, max-image-preview:large, max-video-preview:-1\" \/>\n<link rel=\"canonical\" href=\"https:\/\/www.sensorialsunsets.com\/fr\/defis-du-systeme-educatif-au-costa-rica\/\" \/>\n<meta property=\"og:locale\" content=\"fr_FR\" \/>\n<meta property=\"og:type\" content=\"article\" \/>\n<meta property=\"og:title\" content=\"D\u00e9fis du syst\u00e8me \u00e9ducatif au Costa Rica - SensorialSunsets\" \/>\n<meta property=\"og:description\" content=\"Le syst\u00e8me \u00e9ducatif du Costa Rica est l&#039;un des meilleurs d&#039;Am\u00e9rique latine. Cependant, elle est confront\u00e9e \u00e0 plusieurs d\u00e9fis.\" \/>\n<meta property=\"og:url\" content=\"https:\/\/www.sensorialsunsets.com\/fr\/defis-du-systeme-educatif-au-costa-rica\/\" \/>\n<meta property=\"og:site_name\" content=\"SensorialSunsets\" \/>\n<meta property=\"article:publisher\" content=\"https:\/\/www.facebook.com\/Sensorial-Sunsets-109180614715562\" \/>\n<meta property=\"article:published_time\" content=\"2022-07-17T02:20:47+00:00\" \/>\n<meta property=\"article:modified_time\" content=\"2022-07-17T02:20:48+00:00\" \/>\n<meta property=\"og:image\" content=\"https:\/\/www.sensorialsunsets.com\/wp-content\/uploads\/2022\/07\/whatsapp-image-2022-02-17-84229-am.jpeg\" \/>\n\t<meta property=\"og:image:width\" content=\"630\" \/>\n\t<meta property=\"og:image:height\" content=\"310\" \/>\n\t<meta property=\"og:image:type\" content=\"image\/jpeg\" \/>\n<meta name=\"author\" content=\"Marian Barrantes\" \/>\n<meta name=\"twitter:card\" content=\"summary_large_image\" \/>\n<meta name=\"twitter:label1\" content=\"\u00c9crit par\" \/>\n\t<meta name=\"twitter:data1\" content=\"Marian Barrantes\" \/>\n\t<meta name=\"twitter:label2\" content=\"Dur\u00e9e de lecture estim\u00e9e\" \/>\n\t<meta name=\"twitter:data2\" content=\"4 minutes\" \/>\n<script type=\"application\/ld+json\" class=\"yoast-schema-graph\">{\"@context\":\"https:\\\/\\\/schema.org\",\"@graph\":[{\"@type\":\"Article\",\"@id\":\"https:\\\/\\\/www.sensorialsunsets.com\\\/fr\\\/defis-du-systeme-educatif-au-costa-rica\\\/#article\",\"isPartOf\":{\"@id\":\"https:\\\/\\\/www.sensorialsunsets.com\\\/fr\\\/defis-du-systeme-educatif-au-costa-rica\\\/\"},\"author\":{\"name\":\"Marian Barrantes\",\"@id\":\"https:\\\/\\\/www.sensorialsunsets.com\\\/fr\\\/#\\\/schema\\\/person\\\/a8336a4dbeee633f087a194db2ca482f\"},\"headline\":\"D\u00e9fis du syst\u00e8me \u00e9ducatif au Costa Rica\",\"datePublished\":\"2022-07-17T02:20:47+00:00\",\"dateModified\":\"2022-07-17T02:20:48+00:00\",\"mainEntityOfPage\":{\"@id\":\"https:\\\/\\\/www.sensorialsunsets.com\\\/fr\\\/defis-du-systeme-educatif-au-costa-rica\\\/\"},\"wordCount\":904,\"publisher\":{\"@id\":\"https:\\\/\\\/www.sensorialsunsets.com\\\/fr\\\/#organization\"},\"image\":{\"@id\":\"https:\\\/\\\/www.sensorialsunsets.com\\\/fr\\\/defis-du-systeme-educatif-au-costa-rica\\\/#primaryimage\"},\"thumbnailUrl\":\"https:\\\/\\\/www.sensorialsunsets.com\\\/wp-content\\\/uploads\\\/2022\\\/07\\\/whatsapp-image-2022-02-17-84229-am.jpeg\",\"articleSection\":[\"Costa Rica\",\"Education\"],\"inLanguage\":\"fr-FR\"},{\"@type\":\"WebPage\",\"@id\":\"https:\\\/\\\/www.sensorialsunsets.com\\\/fr\\\/defis-du-systeme-educatif-au-costa-rica\\\/\",\"url\":\"https:\\\/\\\/www.sensorialsunsets.com\\\/fr\\\/defis-du-systeme-educatif-au-costa-rica\\\/\",\"name\":\"D\u00e9fis du syst\u00e8me \u00e9ducatif au Costa Rica - SensorialSunsets\",\"isPartOf\":{\"@id\":\"https:\\\/\\\/www.sensorialsunsets.com\\\/fr\\\/#website\"},\"primaryImageOfPage\":{\"@id\":\"https:\\\/\\\/www.sensorialsunsets.com\\\/fr\\\/defis-du-systeme-educatif-au-costa-rica\\\/#primaryimage\"},\"image\":{\"@id\":\"https:\\\/\\\/www.sensorialsunsets.com\\\/fr\\\/defis-du-systeme-educatif-au-costa-rica\\\/#primaryimage\"},\"thumbnailUrl\":\"https:\\\/\\\/www.sensorialsunsets.com\\\/wp-content\\\/uploads\\\/2022\\\/07\\\/whatsapp-image-2022-02-17-84229-am.jpeg\",\"datePublished\":\"2022-07-17T02:20:47+00:00\",\"dateModified\":\"2022-07-17T02:20:48+00:00\",\"description\":\"Le syst\u00e8me \u00e9ducatif du Costa Rica est l'un des meilleurs d'Am\u00e9rique latine. Cependant, elle est confront\u00e9e \u00e0 plusieurs d\u00e9fis.\",\"inLanguage\":\"fr-FR\",\"potentialAction\":[{\"@type\":\"ReadAction\",\"target\":[\"https:\\\/\\\/www.sensorialsunsets.com\\\/fr\\\/defis-du-systeme-educatif-au-costa-rica\\\/\"]}]},{\"@type\":\"ImageObject\",\"inLanguage\":\"fr-FR\",\"@id\":\"https:\\\/\\\/www.sensorialsunsets.com\\\/fr\\\/defis-du-systeme-educatif-au-costa-rica\\\/#primaryimage\",\"url\":\"https:\\\/\\\/www.sensorialsunsets.com\\\/wp-content\\\/uploads\\\/2022\\\/07\\\/whatsapp-image-2022-02-17-84229-am.jpeg\",\"contentUrl\":\"https:\\\/\\\/www.sensorialsunsets.com\\\/wp-content\\\/uploads\\\/2022\\\/07\\\/whatsapp-image-2022-02-17-84229-am.jpeg\",\"width\":630,\"height\":310},{\"@type\":\"WebSite\",\"@id\":\"https:\\\/\\\/www.sensorialsunsets.com\\\/fr\\\/#website\",\"url\":\"https:\\\/\\\/www.sensorialsunsets.com\\\/fr\\\/\",\"name\":\"SensorialSunsets.com\",\"description\":\"D\u00e9couvrez la culture et la soci\u00e9t\u00e9 du Costa Rica sur notre blog. Explorez des articles captivants et partagez le contenu.\",\"publisher\":{\"@id\":\"https:\\\/\\\/www.sensorialsunsets.com\\\/fr\\\/#organization\"},\"alternateName\":\"Costa Rica Live Blog\",\"potentialAction\":[{\"@type\":\"SearchAction\",\"target\":{\"@type\":\"EntryPoint\",\"urlTemplate\":\"https:\\\/\\\/www.sensorialsunsets.com\\\/fr\\\/?s={search_term_string}\"},\"query-input\":{\"@type\":\"PropertyValueSpecification\",\"valueRequired\":true,\"valueName\":\"search_term_string\"}}],\"inLanguage\":\"fr-FR\"},{\"@type\":\"Organization\",\"@id\":\"https:\\\/\\\/www.sensorialsunsets.com\\\/fr\\\/#organization\",\"name\":\"SensorialSunsets\",\"url\":\"https:\\\/\\\/www.sensorialsunsets.com\\\/fr\\\/\",\"logo\":{\"@type\":\"ImageObject\",\"inLanguage\":\"fr-FR\",\"@id\":\"https:\\\/\\\/www.sensorialsunsets.com\\\/fr\\\/#\\\/schema\\\/logo\\\/image\\\/\",\"url\":\"https:\\\/\\\/www.sensorialsunsets.com\\\/wp-content\\\/uploads\\\/2023\\\/04\\\/Logo_base_line_fond_clair.svg\",\"contentUrl\":\"https:\\\/\\\/www.sensorialsunsets.com\\\/wp-content\\\/uploads\\\/2023\\\/04\\\/Logo_base_line_fond_clair.svg\",\"width\":\"1024\",\"height\":\"1024\",\"caption\":\"SensorialSunsets\"},\"image\":{\"@id\":\"https:\\\/\\\/www.sensorialsunsets.com\\\/fr\\\/#\\\/schema\\\/logo\\\/image\\\/\"},\"sameAs\":[\"https:\\\/\\\/www.facebook.com\\\/Sensorial-Sunsets-109180614715562\",\"https:\\\/\\\/www.instagram.com\\\/sensorialsunsets\\\/\"]},{\"@type\":\"Person\",\"@id\":\"https:\\\/\\\/www.sensorialsunsets.com\\\/fr\\\/#\\\/schema\\\/person\\\/a8336a4dbeee633f087a194db2ca482f\",\"name\":\"Marian Barrantes\",\"image\":{\"@type\":\"ImageObject\",\"inLanguage\":\"fr-FR\",\"@id\":\"https:\\\/\\\/secure.gravatar.com\\\/avatar\\\/fafbfab67eb28029818d03f44e3037bd798e04434d8d5c0cfc2eea8ec2882a22?s=96&d=mm&r=g\",\"url\":\"https:\\\/\\\/secure.gravatar.com\\\/avatar\\\/fafbfab67eb28029818d03f44e3037bd798e04434d8d5c0cfc2eea8ec2882a22?s=96&d=mm&r=g\",\"contentUrl\":\"https:\\\/\\\/secure.gravatar.com\\\/avatar\\\/fafbfab67eb28029818d03f44e3037bd798e04434d8d5c0cfc2eea8ec2882a22?s=96&d=mm&r=g\",\"caption\":\"Marian Barrantes\"},\"sameAs\":[\"https:\\\/\\\/www.sensorialsunsets.com\"],\"url\":\"https:\\\/\\\/www.sensorialsunsets.com\\\/fr\\\/author\\\/mbarrantes\\\/\"}]}<\/script>\n<!-- \/ Yoast SEO plugin. -->","yoast_head_json":{"title":"D\u00e9fis du syst\u00e8me \u00e9ducatif au Costa Rica - SensorialSunsets","description":"Le syst\u00e8me \u00e9ducatif du Costa Rica est l'un des meilleurs d'Am\u00e9rique latine. Cependant, elle est confront\u00e9e \u00e0 plusieurs d\u00e9fis.","robots":{"index":"index","follow":"follow","max-snippet":"max-snippet:-1","max-image-preview":"max-image-preview:large","max-video-preview":"max-video-preview:-1"},"canonical":"https:\/\/www.sensorialsunsets.com\/fr\/defis-du-systeme-educatif-au-costa-rica\/","og_locale":"fr_FR","og_type":"article","og_title":"D\u00e9fis du syst\u00e8me \u00e9ducatif au Costa Rica - SensorialSunsets","og_description":"Le syst\u00e8me \u00e9ducatif du Costa Rica est l'un des meilleurs d'Am\u00e9rique latine. Cependant, elle est confront\u00e9e \u00e0 plusieurs d\u00e9fis.","og_url":"https:\/\/www.sensorialsunsets.com\/fr\/defis-du-systeme-educatif-au-costa-rica\/","og_site_name":"SensorialSunsets","article_publisher":"https:\/\/www.facebook.com\/Sensorial-Sunsets-109180614715562","article_published_time":"2022-07-17T02:20:47+00:00","article_modified_time":"2022-07-17T02:20:48+00:00","og_image":[{"width":630,"height":310,"url":"https:\/\/www.sensorialsunsets.com\/wp-content\/uploads\/2022\/07\/whatsapp-image-2022-02-17-84229-am.jpeg","type":"image\/jpeg"}],"author":"Marian Barrantes","twitter_card":"summary_large_image","twitter_misc":{"\u00c9crit par":"Marian Barrantes","Dur\u00e9e de lecture estim\u00e9e":"4 minutes"},"schema":{"@context":"https:\/\/schema.org","@graph":[{"@type":"Article","@id":"https:\/\/www.sensorialsunsets.com\/fr\/defis-du-systeme-educatif-au-costa-rica\/#article","isPartOf":{"@id":"https:\/\/www.sensorialsunsets.com\/fr\/defis-du-systeme-educatif-au-costa-rica\/"},"author":{"name":"Marian Barrantes","@id":"https:\/\/www.sensorialsunsets.com\/fr\/#\/schema\/person\/a8336a4dbeee633f087a194db2ca482f"},"headline":"D\u00e9fis du syst\u00e8me \u00e9ducatif au Costa Rica","datePublished":"2022-07-17T02:20:47+00:00","dateModified":"2022-07-17T02:20:48+00:00","mainEntityOfPage":{"@id":"https:\/\/www.sensorialsunsets.com\/fr\/defis-du-systeme-educatif-au-costa-rica\/"},"wordCount":904,"publisher":{"@id":"https:\/\/www.sensorialsunsets.com\/fr\/#organization"},"image":{"@id":"https:\/\/www.sensorialsunsets.com\/fr\/defis-du-systeme-educatif-au-costa-rica\/#primaryimage"},"thumbnailUrl":"https:\/\/www.sensorialsunsets.com\/wp-content\/uploads\/2022\/07\/whatsapp-image-2022-02-17-84229-am.jpeg","articleSection":["Costa Rica","Education"],"inLanguage":"fr-FR"},{"@type":"WebPage","@id":"https:\/\/www.sensorialsunsets.com\/fr\/defis-du-systeme-educatif-au-costa-rica\/","url":"https:\/\/www.sensorialsunsets.com\/fr\/defis-du-systeme-educatif-au-costa-rica\/","name":"D\u00e9fis du syst\u00e8me \u00e9ducatif au Costa Rica - SensorialSunsets","isPartOf":{"@id":"https:\/\/www.sensorialsunsets.com\/fr\/#website"},"primaryImageOfPage":{"@id":"https:\/\/www.sensorialsunsets.com\/fr\/defis-du-systeme-educatif-au-costa-rica\/#primaryimage"},"image":{"@id":"https:\/\/www.sensorialsunsets.com\/fr\/defis-du-systeme-educatif-au-costa-rica\/#primaryimage"},"thumbnailUrl":"https:\/\/www.sensorialsunsets.com\/wp-content\/uploads\/2022\/07\/whatsapp-image-2022-02-17-84229-am.jpeg","datePublished":"2022-07-17T02:20:47+00:00","dateModified":"2022-07-17T02:20:48+00:00","description":"Le syst\u00e8me \u00e9ducatif du Costa Rica est l'un des meilleurs d'Am\u00e9rique latine. Cependant, elle est confront\u00e9e \u00e0 plusieurs d\u00e9fis.","inLanguage":"fr-FR","potentialAction":[{"@type":"ReadAction","target":["https:\/\/www.sensorialsunsets.com\/fr\/defis-du-systeme-educatif-au-costa-rica\/"]}]},{"@type":"ImageObject","inLanguage":"fr-FR","@id":"https:\/\/www.sensorialsunsets.com\/fr\/defis-du-systeme-educatif-au-costa-rica\/#primaryimage","url":"https:\/\/www.sensorialsunsets.com\/wp-content\/uploads\/2022\/07\/whatsapp-image-2022-02-17-84229-am.jpeg","contentUrl":"https:\/\/www.sensorialsunsets.com\/wp-content\/uploads\/2022\/07\/whatsapp-image-2022-02-17-84229-am.jpeg","width":630,"height":310},{"@type":"WebSite","@id":"https:\/\/www.sensorialsunsets.com\/fr\/#website","url":"https:\/\/www.sensorialsunsets.com\/fr\/","name":"SensorialSunsets.com","description":"D\u00e9couvrez la culture et la soci\u00e9t\u00e9 du Costa Rica sur notre blog. Explorez des articles captivants et partagez le contenu.","publisher":{"@id":"https:\/\/www.sensorialsunsets.com\/fr\/#organization"},"alternateName":"Costa Rica Live Blog","potentialAction":[{"@type":"SearchAction","target":{"@type":"EntryPoint","urlTemplate":"https:\/\/www.sensorialsunsets.com\/fr\/?s={search_term_string}"},"query-input":{"@type":"PropertyValueSpecification","valueRequired":true,"valueName":"search_term_string"}}],"inLanguage":"fr-FR"},{"@type":"Organization","@id":"https:\/\/www.sensorialsunsets.com\/fr\/#organization","name":"SensorialSunsets","url":"https:\/\/www.sensorialsunsets.com\/fr\/","logo":{"@type":"ImageObject","inLanguage":"fr-FR","@id":"https:\/\/www.sensorialsunsets.com\/fr\/#\/schema\/logo\/image\/","url":"https:\/\/www.sensorialsunsets.com\/wp-content\/uploads\/2023\/04\/Logo_base_line_fond_clair.svg","contentUrl":"https:\/\/www.sensorialsunsets.com\/wp-content\/uploads\/2023\/04\/Logo_base_line_fond_clair.svg","width":"1024","height":"1024","caption":"SensorialSunsets"},"image":{"@id":"https:\/\/www.sensorialsunsets.com\/fr\/#\/schema\/logo\/image\/"},"sameAs":["https:\/\/www.facebook.com\/Sensorial-Sunsets-109180614715562","https:\/\/www.instagram.com\/sensorialsunsets\/"]},{"@type":"Person","@id":"https:\/\/www.sensorialsunsets.com\/fr\/#\/schema\/person\/a8336a4dbeee633f087a194db2ca482f","name":"Marian Barrantes","image":{"@type":"ImageObject","inLanguage":"fr-FR","@id":"https:\/\/secure.gravatar.com\/avatar\/fafbfab67eb28029818d03f44e3037bd798e04434d8d5c0cfc2eea8ec2882a22?s=96&d=mm&r=g","url":"https:\/\/secure.gravatar.com\/avatar\/fafbfab67eb28029818d03f44e3037bd798e04434d8d5c0cfc2eea8ec2882a22?s=96&d=mm&r=g","contentUrl":"https:\/\/secure.gravatar.com\/avatar\/fafbfab67eb28029818d03f44e3037bd798e04434d8d5c0cfc2eea8ec2882a22?s=96&d=mm&r=g","caption":"Marian Barrantes"},"sameAs":["https:\/\/www.sensorialsunsets.com"],"url":"https:\/\/www.sensorialsunsets.com\/fr\/author\/mbarrantes\/"}]}},"_links":{"self":[{"href":"https:\/\/www.sensorialsunsets.com\/fr\/wp-json\/wp\/v2\/posts\/2705","targetHints":{"allow":["GET"]}}],"collection":[{"href":"https:\/\/www.sensorialsunsets.com\/fr\/wp-json\/wp\/v2\/posts"}],"about":[{"href":"https:\/\/www.sensorialsunsets.com\/fr\/wp-json\/wp\/v2\/types\/post"}],"author":[{"embeddable":true,"href":"https:\/\/www.sensorialsunsets.com\/fr\/wp-json\/wp\/v2\/users\/5"}],"replies":[{"embeddable":true,"href":"https:\/\/www.sensorialsunsets.com\/fr\/wp-json\/wp\/v2\/comments?post=2705"}],"version-history":[{"count":0,"href":"https:\/\/www.sensorialsunsets.com\/fr\/wp-json\/wp\/v2\/posts\/2705\/revisions"}],"wp:featuredmedia":[{"embeddable":true,"href":"https:\/\/www.sensorialsunsets.com\/fr\/wp-json\/wp\/v2\/media\/2700"}],"wp:attachment":[{"href":"https:\/\/www.sensorialsunsets.com\/fr\/wp-json\/wp\/v2\/media?parent=2705"}],"wp:term":[{"taxonomy":"category","embeddable":true,"href":"https:\/\/www.sensorialsunsets.com\/fr\/wp-json\/wp\/v2\/categories?post=2705"},{"taxonomy":"post_tag","embeddable":true,"href":"https:\/\/www.sensorialsunsets.com\/fr\/wp-json\/wp\/v2\/tags?post=2705"}],"curies":[{"name":"wp","href":"https:\/\/api.w.org\/{rel}","templated":true}]}}