{"id":2776,"date":"2022-07-20T19:53:32","date_gmt":"2022-07-20T19:53:32","guid":{"rendered":"https:\/\/www.sensorialsunsets.com\/les-jeux-centramericains-2022\/"},"modified":"2022-07-20T19:53:32","modified_gmt":"2022-07-20T19:53:32","slug":"les-jeux-centramericains-2022","status":"publish","type":"post","link":"https:\/\/www.sensorialsunsets.com\/fr\/les-jeux-centramericains-2022\/","title":{"rendered":"Les jeux centram\u00e9ricains 2022"},"content":{"rendered":"\n<p>Le Costa Rica et le Guatemala accueilleront les Jeux Centram\u00e9ricains 2022<\/p>\n\n<p>Du 27 octobre au 13 novembre 2022, le Costa Rica et le Guatemala seront le centre d&rsquo;int\u00e9r\u00eat du sport en Am\u00e9rique centrale. En effet, ils accueilleront conjointement la XIIe \u00e9dition des Jeux Centram\u00e9ricains.<\/p>\n\n<p><\/p>\n\n<h2 class=\"wp-block-heading\">Contexte des Jeux centram\u00e9ricains 2022<\/h2>\n\n<p>Apr\u00e8s sa derni\u00e8re \u00e9dition au Nicaragua en 2017, la ville initialement d\u00e9sign\u00e9e pour accueillir les jeux \u00e9tait Santa Tecla au Salvador. Cette comp\u00e9tition \u00e9tait pr\u00e9vue pour 2021, mais en raison de la pand\u00e9mie de COVID-19, les jeux ont d\u00fb \u00eatre report\u00e9s.<\/p>\n\n<p>Cependant, en juin 2021, il y a eu une s\u00e9rie de d\u00e9saccords sur le financement des Jeux entre le Comit\u00e9 olympique du Salvador, l&rsquo;Institut national des sports du Salvador d&rsquo;une part et le Comit\u00e9 d&rsquo;organisation (COTECLA) et la municipalit\u00e9 de Santa Tecla d&rsquo;autre part.<\/p>\n\n<p>L&rsquo;Organisation sportive d&rsquo;Am\u00e9rique centrale (ORDECA) s&rsquo;est r\u00e9unie le samedi 19 f\u00e9vrier au si\u00e8ge du Comit\u00e9 national olympique du Costa Rica. Le Costa Rica et le Guatemala y ont obtenu un accord unanime pour accueillir conjointement les Jeux.<\/p>\n\n<figure class=\"wp-block-image size-large is-resized\"><img loading=\"lazy\" decoding=\"async\" src=\"https:\/\/www.sensorialsunsets.com\/wp-content\/uploads\/2022\/07\/serena-repice-lentini-TVOAbbLL050-unsplash-1024x684.jpg\" alt=\"natation-sensorial-sunsets\" class=\"wp-image-2774\" width=\"840\" height=\"561\" srcset=\"https:\/\/www.sensorialsunsets.com\/wp-content\/uploads\/2022\/07\/serena-repice-lentini-TVOAbbLL050-unsplash-1024x684.jpg 1024w, https:\/\/www.sensorialsunsets.com\/wp-content\/uploads\/2022\/07\/serena-repice-lentini-TVOAbbLL050-unsplash-300x200.jpg 300w, https:\/\/www.sensorialsunsets.com\/wp-content\/uploads\/2022\/07\/serena-repice-lentini-TVOAbbLL050-unsplash-768x513.jpg 768w, https:\/\/www.sensorialsunsets.com\/wp-content\/uploads\/2022\/07\/serena-repice-lentini-TVOAbbLL050-unsplash-1536x1026.jpg 1536w, https:\/\/www.sensorialsunsets.com\/wp-content\/uploads\/2022\/07\/serena-repice-lentini-TVOAbbLL050-unsplash-2048x1367.jpg 2048w, https:\/\/www.sensorialsunsets.com\/wp-content\/uploads\/2022\/07\/serena-repice-lentini-TVOAbbLL050-unsplash-334x222.jpg 334w, https:\/\/www.sensorialsunsets.com\/wp-content\/uploads\/2022\/07\/serena-repice-lentini-TVOAbbLL050-unsplash-1320x881.jpg 1320w\" sizes=\"auto, (max-width: 840px) 100vw, 840px\" \/><figcaption>Natation<\/figcaption><\/figure>\n<p><\/p>\n\n<h2 class=\"wp-block-heading\">Les sports repr\u00e9sent\u00e9s<\/h2>\n\n<p>\u00a0&#13;\n&#13;\nEn raison de ce changement de plan, le nombre de sports repr\u00e9sent\u00e9s est pass\u00e9 de 28 \u00e0 24, r\u00e9partis comme suit :<\/p>\n\n<p>Le Costa Rica dispose de l&rsquo;organisation de 10 disciplines : \u00a0le baseball (au stade Antonio Escarr\u00e9), le sambo (au Polideportivo de San Francisco de Dos R\u00edos), le badminton (\u00e0 la Ciudad Deportiva de Hatillo), le hockey (au terrain Santa Fe de Pavas), le rugby (au stade Piedades de Santa Ana), le judo (au Polideportivo Monserrat \u00e0 Alajuela), le tennis de table (au gymnase Esparza), le triathlon (\u00e0 Puntarenas), le surf et la lutte olympique et gr\u00e9co-romaine (dans des lieux \u00e0 d\u00e9finir).<\/p>\n\n<p>Le Guatemala accueillera les 14 disciplines restantes sur le lac Pet\u00e9n et \u00e0 Guatemala City.<\/p>\n\n<p>L&rsquo;\u00e9quitation, la natation et l&rsquo;athl\u00e9tisme seront organis\u00e9s conjointement par les deux pays.<\/p>\n\n<p>Sous le signe de l&rsquo;unit\u00e9 et de la fraternit\u00e9 entre les pays d&rsquo;Am\u00e9rique centrale, les athl\u00e8tes du Belize, du Guatemala, du Salvador, du Honduras, du Nicaragua, du Costa Rica et du Panama pourront enfin concourir dans leurs disciplines en vue des Jeux de Paris en 2024.<\/p>\n\n<p><\/p>\n\n<p><\/p>\n\n<p><strong>Auteure<\/strong>: M. Barrantes pour Sensorial Sunsets<\/p>\n\n<h2 class=\"wp-block-heading\">Sources<\/h2>\n\n<p><br\/><br\/>https:\/\/semanariouniversidad.com\/deportes\/juegos-centroamericanos-2022-tendran-nueva-sede\/<\/p>\n","protected":false},"excerpt":{"rendered":"<p>Le Costa Rica et le Guatemala accueilleront les Jeux Centram\u00e9ricains 2022 Du 27 octobre au 13 novembre 2022, le Costa Rica et le Guatemala seront le centre d&rsquo;int\u00e9r\u00eat du sport en Am\u00e9rique centrale. En effet, ils accueilleront conjointement la XIIe \u00e9dition des Jeux Centram\u00e9ricains. Contexte des Jeux centram\u00e9ricains 2022 Apr\u00e8s sa derni\u00e8re \u00e9dition au Nicaragua [&hellip;]<\/p>\n","protected":false},"author":5,"featured_media":2771,"comment_status":"closed","ping_status":"closed","sticky":false,"template":"","format":"standard","meta":{"_acf_changed":false,"inline_featured_image":false,"_monsterinsights_skip_tracking":false,"_monsterinsights_sitenote_active":false,"_monsterinsights_sitenote_note":"","_monsterinsights_sitenote_category":0,"footnotes":""},"categories":[100,101],"tags":[],"class_list":["post-2776","post","type-post","status-publish","format-standard","has-post-thumbnail","hentry","category-costa-rica-fr","category-sports-fr"],"acf":[],"yoast_head":"<!-- This site is optimized with the Yoast SEO plugin v27.4 - https:\/\/yoast.com\/product\/yoast-seo-wordpress\/ -->\n<title>Les jeux centram\u00e9ricains 2022 - SensorialSunsets<\/title>\n<meta name=\"description\" content=\"Le Costa Rica et le Guatemala accueilleront les Jeux d&#039;Am\u00e9rique centrale de 2022 apr\u00e8s que le Salvador a d\u00fb renoncer \u00e0 sa candidature.\" \/>\n<meta name=\"robots\" content=\"index, follow, max-snippet:-1, max-image-preview:large, max-video-preview:-1\" \/>\n<link rel=\"canonical\" href=\"https:\/\/www.sensorialsunsets.com\/fr\/les-jeux-centramericains-2022\/\" \/>\n<meta property=\"og:locale\" content=\"fr_FR\" \/>\n<meta property=\"og:type\" content=\"article\" \/>\n<meta property=\"og:title\" content=\"Les jeux centram\u00e9ricains 2022 - SensorialSunsets\" \/>\n<meta property=\"og:description\" content=\"Le Costa Rica et le Guatemala accueilleront les Jeux d&#039;Am\u00e9rique centrale de 2022 apr\u00e8s que le Salvador a d\u00fb renoncer \u00e0 sa candidature.\" \/>\n<meta property=\"og:url\" content=\"https:\/\/www.sensorialsunsets.com\/fr\/les-jeux-centramericains-2022\/\" \/>\n<meta property=\"og:site_name\" content=\"SensorialSunsets\" \/>\n<meta property=\"article:publisher\" content=\"https:\/\/www.facebook.com\/Sensorial-Sunsets-109180614715562\" \/>\n<meta property=\"article:published_time\" content=\"2022-07-20T19:53:32+00:00\" \/>\n<meta property=\"og:image\" content=\"https:\/\/www.sensorialsunsets.com\/wp-content\/uploads\/2022\/07\/nicolas-hoizey-Lno6-CxVXgo-unsplash-scaled.jpg\" \/>\n\t<meta property=\"og:image:width\" content=\"2560\" \/>\n\t<meta property=\"og:image:height\" content=\"1707\" \/>\n\t<meta property=\"og:image:type\" content=\"image\/jpeg\" \/>\n<meta name=\"author\" content=\"Marian Barrantes\" \/>\n<meta name=\"twitter:card\" content=\"summary_large_image\" \/>\n<meta name=\"twitter:label1\" content=\"\u00c9crit par\" \/>\n\t<meta name=\"twitter:data1\" content=\"Marian Barrantes\" \/>\n\t<meta name=\"twitter:label2\" content=\"Dur\u00e9e de lecture estim\u00e9e\" \/>\n\t<meta name=\"twitter:data2\" content=\"2 minutes\" \/>\n<script type=\"application\/ld+json\" class=\"yoast-schema-graph\">{\"@context\":\"https:\\\/\\\/schema.org\",\"@graph\":[{\"@type\":\"Article\",\"@id\":\"https:\\\/\\\/www.sensorialsunsets.com\\\/fr\\\/les-jeux-centramericains-2022\\\/#article\",\"isPartOf\":{\"@id\":\"https:\\\/\\\/www.sensorialsunsets.com\\\/fr\\\/les-jeux-centramericains-2022\\\/\"},\"author\":{\"name\":\"Marian Barrantes\",\"@id\":\"https:\\\/\\\/www.sensorialsunsets.com\\\/fr\\\/#\\\/schema\\\/person\\\/a8336a4dbeee633f087a194db2ca482f\"},\"headline\":\"Les jeux centram\u00e9ricains 2022\",\"datePublished\":\"2022-07-20T19:53:32+00:00\",\"mainEntityOfPage\":{\"@id\":\"https:\\\/\\\/www.sensorialsunsets.com\\\/fr\\\/les-jeux-centramericains-2022\\\/\"},\"wordCount\":392,\"publisher\":{\"@id\":\"https:\\\/\\\/www.sensorialsunsets.com\\\/fr\\\/#organization\"},\"image\":{\"@id\":\"https:\\\/\\\/www.sensorialsunsets.com\\\/fr\\\/les-jeux-centramericains-2022\\\/#primaryimage\"},\"thumbnailUrl\":\"https:\\\/\\\/www.sensorialsunsets.com\\\/wp-content\\\/uploads\\\/2022\\\/07\\\/nicolas-hoizey-Lno6-CxVXgo-unsplash-scaled.jpg\",\"articleSection\":[\"Costa Rica\",\"Sports\"],\"inLanguage\":\"fr-FR\"},{\"@type\":\"WebPage\",\"@id\":\"https:\\\/\\\/www.sensorialsunsets.com\\\/fr\\\/les-jeux-centramericains-2022\\\/\",\"url\":\"https:\\\/\\\/www.sensorialsunsets.com\\\/fr\\\/les-jeux-centramericains-2022\\\/\",\"name\":\"Les jeux centram\u00e9ricains 2022 - SensorialSunsets\",\"isPartOf\":{\"@id\":\"https:\\\/\\\/www.sensorialsunsets.com\\\/fr\\\/#website\"},\"primaryImageOfPage\":{\"@id\":\"https:\\\/\\\/www.sensorialsunsets.com\\\/fr\\\/les-jeux-centramericains-2022\\\/#primaryimage\"},\"image\":{\"@id\":\"https:\\\/\\\/www.sensorialsunsets.com\\\/fr\\\/les-jeux-centramericains-2022\\\/#primaryimage\"},\"thumbnailUrl\":\"https:\\\/\\\/www.sensorialsunsets.com\\\/wp-content\\\/uploads\\\/2022\\\/07\\\/nicolas-hoizey-Lno6-CxVXgo-unsplash-scaled.jpg\",\"datePublished\":\"2022-07-20T19:53:32+00:00\",\"description\":\"Le Costa Rica et le Guatemala accueilleront les Jeux d'Am\u00e9rique centrale de 2022 apr\u00e8s que le Salvador a d\u00fb renoncer \u00e0 sa candidature.\",\"inLanguage\":\"fr-FR\",\"potentialAction\":[{\"@type\":\"ReadAction\",\"target\":[\"https:\\\/\\\/www.sensorialsunsets.com\\\/fr\\\/les-jeux-centramericains-2022\\\/\"]}]},{\"@type\":\"ImageObject\",\"inLanguage\":\"fr-FR\",\"@id\":\"https:\\\/\\\/www.sensorialsunsets.com\\\/fr\\\/les-jeux-centramericains-2022\\\/#primaryimage\",\"url\":\"https:\\\/\\\/www.sensorialsunsets.com\\\/wp-content\\\/uploads\\\/2022\\\/07\\\/nicolas-hoizey-Lno6-CxVXgo-unsplash-scaled.jpg\",\"contentUrl\":\"https:\\\/\\\/www.sensorialsunsets.com\\\/wp-content\\\/uploads\\\/2022\\\/07\\\/nicolas-hoizey-Lno6-CxVXgo-unsplash-scaled.jpg\",\"width\":2560,\"height\":1707},{\"@type\":\"WebSite\",\"@id\":\"https:\\\/\\\/www.sensorialsunsets.com\\\/fr\\\/#website\",\"url\":\"https:\\\/\\\/www.sensorialsunsets.com\\\/fr\\\/\",\"name\":\"SensorialSunsets.com\",\"description\":\"D\u00e9couvrez la culture et la soci\u00e9t\u00e9 du Costa Rica sur notre blog. Explorez des articles captivants et partagez le contenu.\",\"publisher\":{\"@id\":\"https:\\\/\\\/www.sensorialsunsets.com\\\/fr\\\/#organization\"},\"alternateName\":\"Costa Rica Live Blog\",\"potentialAction\":[{\"@type\":\"SearchAction\",\"target\":{\"@type\":\"EntryPoint\",\"urlTemplate\":\"https:\\\/\\\/www.sensorialsunsets.com\\\/fr\\\/?s={search_term_string}\"},\"query-input\":{\"@type\":\"PropertyValueSpecification\",\"valueRequired\":true,\"valueName\":\"search_term_string\"}}],\"inLanguage\":\"fr-FR\"},{\"@type\":\"Organization\",\"@id\":\"https:\\\/\\\/www.sensorialsunsets.com\\\/fr\\\/#organization\",\"name\":\"SensorialSunsets\",\"url\":\"https:\\\/\\\/www.sensorialsunsets.com\\\/fr\\\/\",\"logo\":{\"@type\":\"ImageObject\",\"inLanguage\":\"fr-FR\",\"@id\":\"https:\\\/\\\/www.sensorialsunsets.com\\\/fr\\\/#\\\/schema\\\/logo\\\/image\\\/\",\"url\":\"https:\\\/\\\/www.sensorialsunsets.com\\\/wp-content\\\/uploads\\\/2023\\\/04\\\/Logo_base_line_fond_clair.svg\",\"contentUrl\":\"https:\\\/\\\/www.sensorialsunsets.com\\\/wp-content\\\/uploads\\\/2023\\\/04\\\/Logo_base_line_fond_clair.svg\",\"width\":\"1024\",\"height\":\"1024\",\"caption\":\"SensorialSunsets\"},\"image\":{\"@id\":\"https:\\\/\\\/www.sensorialsunsets.com\\\/fr\\\/#\\\/schema\\\/logo\\\/image\\\/\"},\"sameAs\":[\"https:\\\/\\\/www.facebook.com\\\/Sensorial-Sunsets-109180614715562\",\"https:\\\/\\\/www.instagram.com\\\/sensorialsunsets\\\/\"]},{\"@type\":\"Person\",\"@id\":\"https:\\\/\\\/www.sensorialsunsets.com\\\/fr\\\/#\\\/schema\\\/person\\\/a8336a4dbeee633f087a194db2ca482f\",\"name\":\"Marian Barrantes\",\"image\":{\"@type\":\"ImageObject\",\"inLanguage\":\"fr-FR\",\"@id\":\"https:\\\/\\\/secure.gravatar.com\\\/avatar\\\/fafbfab67eb28029818d03f44e3037bd798e04434d8d5c0cfc2eea8ec2882a22?s=96&d=mm&r=g\",\"url\":\"https:\\\/\\\/secure.gravatar.com\\\/avatar\\\/fafbfab67eb28029818d03f44e3037bd798e04434d8d5c0cfc2eea8ec2882a22?s=96&d=mm&r=g\",\"contentUrl\":\"https:\\\/\\\/secure.gravatar.com\\\/avatar\\\/fafbfab67eb28029818d03f44e3037bd798e04434d8d5c0cfc2eea8ec2882a22?s=96&d=mm&r=g\",\"caption\":\"Marian Barrantes\"},\"sameAs\":[\"https:\\\/\\\/www.sensorialsunsets.com\"],\"url\":\"https:\\\/\\\/www.sensorialsunsets.com\\\/fr\\\/author\\\/mbarrantes\\\/\"}]}<\/script>\n<!-- \/ Yoast SEO plugin. -->","yoast_head_json":{"title":"Les jeux centram\u00e9ricains 2022 - SensorialSunsets","description":"Le Costa Rica et le Guatemala accueilleront les Jeux d'Am\u00e9rique centrale de 2022 apr\u00e8s que le Salvador a d\u00fb renoncer \u00e0 sa candidature.","robots":{"index":"index","follow":"follow","max-snippet":"max-snippet:-1","max-image-preview":"max-image-preview:large","max-video-preview":"max-video-preview:-1"},"canonical":"https:\/\/www.sensorialsunsets.com\/fr\/les-jeux-centramericains-2022\/","og_locale":"fr_FR","og_type":"article","og_title":"Les jeux centram\u00e9ricains 2022 - SensorialSunsets","og_description":"Le Costa Rica et le Guatemala accueilleront les Jeux d'Am\u00e9rique centrale de 2022 apr\u00e8s que le Salvador a d\u00fb renoncer \u00e0 sa candidature.","og_url":"https:\/\/www.sensorialsunsets.com\/fr\/les-jeux-centramericains-2022\/","og_site_name":"SensorialSunsets","article_publisher":"https:\/\/www.facebook.com\/Sensorial-Sunsets-109180614715562","article_published_time":"2022-07-20T19:53:32+00:00","og_image":[{"width":2560,"height":1707,"url":"https:\/\/www.sensorialsunsets.com\/wp-content\/uploads\/2022\/07\/nicolas-hoizey-Lno6-CxVXgo-unsplash-scaled.jpg","type":"image\/jpeg"}],"author":"Marian Barrantes","twitter_card":"summary_large_image","twitter_misc":{"\u00c9crit par":"Marian Barrantes","Dur\u00e9e de lecture estim\u00e9e":"2 minutes"},"schema":{"@context":"https:\/\/schema.org","@graph":[{"@type":"Article","@id":"https:\/\/www.sensorialsunsets.com\/fr\/les-jeux-centramericains-2022\/#article","isPartOf":{"@id":"https:\/\/www.sensorialsunsets.com\/fr\/les-jeux-centramericains-2022\/"},"author":{"name":"Marian Barrantes","@id":"https:\/\/www.sensorialsunsets.com\/fr\/#\/schema\/person\/a8336a4dbeee633f087a194db2ca482f"},"headline":"Les jeux centram\u00e9ricains 2022","datePublished":"2022-07-20T19:53:32+00:00","mainEntityOfPage":{"@id":"https:\/\/www.sensorialsunsets.com\/fr\/les-jeux-centramericains-2022\/"},"wordCount":392,"publisher":{"@id":"https:\/\/www.sensorialsunsets.com\/fr\/#organization"},"image":{"@id":"https:\/\/www.sensorialsunsets.com\/fr\/les-jeux-centramericains-2022\/#primaryimage"},"thumbnailUrl":"https:\/\/www.sensorialsunsets.com\/wp-content\/uploads\/2022\/07\/nicolas-hoizey-Lno6-CxVXgo-unsplash-scaled.jpg","articleSection":["Costa Rica","Sports"],"inLanguage":"fr-FR"},{"@type":"WebPage","@id":"https:\/\/www.sensorialsunsets.com\/fr\/les-jeux-centramericains-2022\/","url":"https:\/\/www.sensorialsunsets.com\/fr\/les-jeux-centramericains-2022\/","name":"Les jeux centram\u00e9ricains 2022 - SensorialSunsets","isPartOf":{"@id":"https:\/\/www.sensorialsunsets.com\/fr\/#website"},"primaryImageOfPage":{"@id":"https:\/\/www.sensorialsunsets.com\/fr\/les-jeux-centramericains-2022\/#primaryimage"},"image":{"@id":"https:\/\/www.sensorialsunsets.com\/fr\/les-jeux-centramericains-2022\/#primaryimage"},"thumbnailUrl":"https:\/\/www.sensorialsunsets.com\/wp-content\/uploads\/2022\/07\/nicolas-hoizey-Lno6-CxVXgo-unsplash-scaled.jpg","datePublished":"2022-07-20T19:53:32+00:00","description":"Le Costa Rica et le Guatemala accueilleront les Jeux d'Am\u00e9rique centrale de 2022 apr\u00e8s que le Salvador a d\u00fb renoncer \u00e0 sa candidature.","inLanguage":"fr-FR","potentialAction":[{"@type":"ReadAction","target":["https:\/\/www.sensorialsunsets.com\/fr\/les-jeux-centramericains-2022\/"]}]},{"@type":"ImageObject","inLanguage":"fr-FR","@id":"https:\/\/www.sensorialsunsets.com\/fr\/les-jeux-centramericains-2022\/#primaryimage","url":"https:\/\/www.sensorialsunsets.com\/wp-content\/uploads\/2022\/07\/nicolas-hoizey-Lno6-CxVXgo-unsplash-scaled.jpg","contentUrl":"https:\/\/www.sensorialsunsets.com\/wp-content\/uploads\/2022\/07\/nicolas-hoizey-Lno6-CxVXgo-unsplash-scaled.jpg","width":2560,"height":1707},{"@type":"WebSite","@id":"https:\/\/www.sensorialsunsets.com\/fr\/#website","url":"https:\/\/www.sensorialsunsets.com\/fr\/","name":"SensorialSunsets.com","description":"D\u00e9couvrez la culture et la soci\u00e9t\u00e9 du Costa Rica sur notre blog. Explorez des articles captivants et partagez le contenu.","publisher":{"@id":"https:\/\/www.sensorialsunsets.com\/fr\/#organization"},"alternateName":"Costa Rica Live Blog","potentialAction":[{"@type":"SearchAction","target":{"@type":"EntryPoint","urlTemplate":"https:\/\/www.sensorialsunsets.com\/fr\/?s={search_term_string}"},"query-input":{"@type":"PropertyValueSpecification","valueRequired":true,"valueName":"search_term_string"}}],"inLanguage":"fr-FR"},{"@type":"Organization","@id":"https:\/\/www.sensorialsunsets.com\/fr\/#organization","name":"SensorialSunsets","url":"https:\/\/www.sensorialsunsets.com\/fr\/","logo":{"@type":"ImageObject","inLanguage":"fr-FR","@id":"https:\/\/www.sensorialsunsets.com\/fr\/#\/schema\/logo\/image\/","url":"https:\/\/www.sensorialsunsets.com\/wp-content\/uploads\/2023\/04\/Logo_base_line_fond_clair.svg","contentUrl":"https:\/\/www.sensorialsunsets.com\/wp-content\/uploads\/2023\/04\/Logo_base_line_fond_clair.svg","width":"1024","height":"1024","caption":"SensorialSunsets"},"image":{"@id":"https:\/\/www.sensorialsunsets.com\/fr\/#\/schema\/logo\/image\/"},"sameAs":["https:\/\/www.facebook.com\/Sensorial-Sunsets-109180614715562","https:\/\/www.instagram.com\/sensorialsunsets\/"]},{"@type":"Person","@id":"https:\/\/www.sensorialsunsets.com\/fr\/#\/schema\/person\/a8336a4dbeee633f087a194db2ca482f","name":"Marian Barrantes","image":{"@type":"ImageObject","inLanguage":"fr-FR","@id":"https:\/\/secure.gravatar.com\/avatar\/fafbfab67eb28029818d03f44e3037bd798e04434d8d5c0cfc2eea8ec2882a22?s=96&d=mm&r=g","url":"https:\/\/secure.gravatar.com\/avatar\/fafbfab67eb28029818d03f44e3037bd798e04434d8d5c0cfc2eea8ec2882a22?s=96&d=mm&r=g","contentUrl":"https:\/\/secure.gravatar.com\/avatar\/fafbfab67eb28029818d03f44e3037bd798e04434d8d5c0cfc2eea8ec2882a22?s=96&d=mm&r=g","caption":"Marian Barrantes"},"sameAs":["https:\/\/www.sensorialsunsets.com"],"url":"https:\/\/www.sensorialsunsets.com\/fr\/author\/mbarrantes\/"}]}},"_links":{"self":[{"href":"https:\/\/www.sensorialsunsets.com\/fr\/wp-json\/wp\/v2\/posts\/2776","targetHints":{"allow":["GET"]}}],"collection":[{"href":"https:\/\/www.sensorialsunsets.com\/fr\/wp-json\/wp\/v2\/posts"}],"about":[{"href":"https:\/\/www.sensorialsunsets.com\/fr\/wp-json\/wp\/v2\/types\/post"}],"author":[{"embeddable":true,"href":"https:\/\/www.sensorialsunsets.com\/fr\/wp-json\/wp\/v2\/users\/5"}],"replies":[{"embeddable":true,"href":"https:\/\/www.sensorialsunsets.com\/fr\/wp-json\/wp\/v2\/comments?post=2776"}],"version-history":[{"count":0,"href":"https:\/\/www.sensorialsunsets.com\/fr\/wp-json\/wp\/v2\/posts\/2776\/revisions"}],"wp:featuredmedia":[{"embeddable":true,"href":"https:\/\/www.sensorialsunsets.com\/fr\/wp-json\/wp\/v2\/media\/2771"}],"wp:attachment":[{"href":"https:\/\/www.sensorialsunsets.com\/fr\/wp-json\/wp\/v2\/media?parent=2776"}],"wp:term":[{"taxonomy":"category","embeddable":true,"href":"https:\/\/www.sensorialsunsets.com\/fr\/wp-json\/wp\/v2\/categories?post=2776"},{"taxonomy":"post_tag","embeddable":true,"href":"https:\/\/www.sensorialsunsets.com\/fr\/wp-json\/wp\/v2\/tags?post=2776"}],"curies":[{"name":"wp","href":"https:\/\/api.w.org\/{rel}","templated":true}]}}