{"id":2869,"date":"2022-07-27T19:36:23","date_gmt":"2022-07-27T19:36:23","guid":{"rendered":"https:\/\/www.sensorialsunsets.com\/figures-marquantes-la-media-docena-comiques\/"},"modified":"2022-07-27T19:50:10","modified_gmt":"2022-07-27T19:50:10","slug":"figures-marquantes-la-media-docena-comiques","status":"publish","type":"post","link":"https:\/\/www.sensorialsunsets.com\/fr\/figures-marquantes-la-media-docena-comiques\/","title":{"rendered":"Figures marquantes : la Media Docena, comiques"},"content":{"rendered":"\n<p>La Media Docena est le groupe comique le plus populaire du Costa Rica depuis 28 ans. Elle a \u00e9t\u00e9 fond\u00e9e par Mario Chac\u00f3n, Daniel Moreno et Edgar Murillo. Erik Hern\u00e1ndez a commenc\u00e9 \u00e0 travailler en tant que musicien en 1999.<\/p>\n\n<h2 class=\"wp-block-heading\"><strong>Quand la Media Docena n&rsquo;\u00e9tait pas encore la Media Docena&#8230;<\/strong><\/h2>\n\n<p>Tout a commenc\u00e9 comme la plupart des groupes l\u00e9gendaires : par une amiti\u00e9 entre coll\u00e9giens. Daniel, Erik et Mario \u00e9taient des camarades de classe au lyc\u00e9e. Edgar Murillo, un ancien membre du groupe, \u00e9tait \u00e9galement dans la m\u00eame \u00e9cole. Grands fans des \u00ab\u00a0Luthiers\u00a0\u00bb, des \u00ab\u00a0Monty Python\u00a0\u00bb et du \u00ab\u00a0Saturday Night Live\u00a0\u00bb, ils ont commenc\u00e9 \u00e0 faire des sketches au lyc\u00e9e. Apr\u00e8s une premi\u00e8re repr\u00e9sentation en 1991, ils ont commenc\u00e9 \u00e0 se produire dans des bars. Ensuite, ils se sont produits dans des th\u00e9\u00e2tres o\u00f9 ils ont connu un tel succ\u00e8s qu&rsquo;ils ont fini par se produire au th\u00e9\u00e2tre Melico Salazar, qu&rsquo;ils ont r\u00e9ussi \u00e0 remplir au moins une fois par an pendant 17 ans. En 2005, Teletica leur a demand\u00e9 de r\u00e9aliser un pilote et depuis lors, La Media Docena est pass\u00e9e \u00e0 la t\u00e9l\u00e9vision nationale jusqu&rsquo;\u00e0 aujourd&rsquo;hui.&#13;\nLeur succ\u00e8s le plus populaire et le plus important est celui du tournage du film \u00ab\u00a0Maikol Yordan de viaje perdido\u00a0\u00bb, r\u00e9alis\u00e9 par Miguel G\u00f3mez en 2014. \u00ab\u00a0Avec ce premier long m\u00e9trage, La Media Docena a r\u00e9colt\u00e9 le fruit de toutes les ann\u00e9es pr\u00e9c\u00e9dentes au cours desquelles nous avions acquis une grande popularit\u00e9 aupr\u00e8s du public costaricien, qui connaissait d\u00e9j\u00e0 les personnages les plus embl\u00e9matiques de nos sketches\u00a0\u00bb, d\u00e9clare Daniel Moreno. Le film est devenu le film le plus rentable de tous les temps au Costa Rica et en Am\u00e9rique centrale. Il a \u00e9t\u00e9 suivi par \u00ab\u00a0Maikol Yordan 2\u00a0\u00bb et \u00ab\u00a0Mi pap\u00e1 es un santa\u00a0\u00bb.<\/p>\n\n<figure class=\"wp-block-image size-full is-resized\"><img loading=\"lazy\" decoding=\"async\" src=\"https:\/\/www.sensorialsunsets.com\/wp-content\/uploads\/2022\/07\/media-1.png\" alt=\"media-docena-sensorial-sunsets\" class=\"wp-image-2865\" width=\"546\" height=\"495\" srcset=\"https:\/\/www.sensorialsunsets.com\/wp-content\/uploads\/2022\/07\/media-1.png 374w, https:\/\/www.sensorialsunsets.com\/wp-content\/uploads\/2022\/07\/media-1-300x272.png 300w\" sizes=\"auto, (max-width: 546px) 100vw, 546px\" \/><figcaption>La Media Docena<\/figcaption><\/figure>\n<h2 class=\"wp-block-heading\"><strong>Quelle est la cl\u00e9 du succ\u00e8s de la Media Docena ?<\/strong><\/h2>\n\n<p><\/p>\n\n<p>\u00ab\u00a0La Media Docena a innov\u00e9 en son temps avec un type d&rsquo;humour intemporel et \u00ab\u00a0intelligent\u00a0\u00bb, dans lequel les situations comiques sont recherch\u00e9es et destin\u00e9es \u00e0 un public familial\u00a0\u00bb, d\u00e9clare Mario Chac\u00f3n. En fait, l&rsquo;inspiration pour le Media Docena ont \u00e9t\u00e9 les grands groupes tels que les anglais \u00ab\u00a0Monthy Python\u00a0\u00bb ou les argentins \u00ab\u00a0Les Luthiers\u00a0\u00bb, connus dans le monde entier pour un type d&rsquo;humour fin qui \u00e9vite le rire facile. \u00c0 cette \u00e9poque, personne au Costa Rica ne faisait ce genre de com\u00e9die. Et si cela a effray\u00e9 certaines personnes au d\u00e9but, le public costaricien a rapidement adopt\u00e9 ce nouveau type d&rsquo;humour.&#13;\nD&rsquo;autre part, le fait qu&rsquo;ils aient su s&rsquo;adapter aux diff\u00e9rentes \u00e9poques et qu&rsquo;ils aient su se diversifier pour plaire \u00e0 des publics vari\u00e9s, ajout\u00e9 \u00e0 la grande fid\u00e9lit\u00e9 des membres, a fait du groupe l&rsquo;un des plus durables, affirme Erik Hern\u00e1ndez.<\/p>\n\n<h2 class=\"wp-block-heading\"><strong>Les yeux tourn\u00e9s vers l&rsquo;avenir<\/strong><\/h2>\n\n<p>Actuellement, toujours chez Teletica, le groupe a deux s\u00e9ries t\u00e9l\u00e9vis\u00e9es : \u00ab\u00a0Juntos y Revueltos\u00a0\u00bb et \u00ab\u00a0Maikol Yordan la serie\u00a0\u00bb.<\/p>\n\n<p>Les membres de Media Docena doivent maintenant relever le d\u00e9fi d&rsquo;entrer dans de nouveaux canaux de diffusion tels que les plateformes de streaming et autres m\u00e9dias num\u00e9riques.<\/p>\n\n<p><strong>Auteure<\/strong>: Marian Li en collaboration avec La Media Docena<\/p>\n\n<h2 class=\"wp-block-heading\">Sources<\/h2>\n\n<p><a href=\"https:\/\/www.mediadocena.com\/\">https:\/\/www.mediadocena.com\/<\/a><\/p>\n","protected":false},"excerpt":{"rendered":"<p>La Media Docena est le groupe comique le plus populaire du Costa Rica depuis 28 ans. Elle a \u00e9t\u00e9 fond\u00e9e par Mario Chac\u00f3n, Daniel Moreno et Edgar Murillo. Erik Hern\u00e1ndez a commenc\u00e9 \u00e0 travailler en tant que musicien en 1999. Quand la Media Docena n&rsquo;\u00e9tait pas encore la Media Docena&#8230; Tout a commenc\u00e9 comme la [&hellip;]<\/p>\n","protected":false},"author":5,"featured_media":2862,"comment_status":"closed","ping_status":"closed","sticky":false,"template":"","format":"standard","meta":{"_acf_changed":false,"inline_featured_image":false,"_monsterinsights_skip_tracking":false,"_monsterinsights_sitenote_active":false,"_monsterinsights_sitenote_note":"","_monsterinsights_sitenote_category":0,"footnotes":""},"categories":[100,104],"tags":[],"class_list":["post-2869","post","type-post","status-publish","format-standard","has-post-thumbnail","hentry","category-costa-rica-fr","category-culture-fr"],"acf":[],"yoast_head":"<!-- This site is optimized with the Yoast SEO plugin v27.4 - https:\/\/yoast.com\/product\/yoast-seo-wordpress\/ -->\n<title>Figures marquantes : la Media Docena, comiques - SensorialSunsets<\/title>\n<meta name=\"description\" content=\"La Media Docena est l&#039;un des groupes comiques les plus populaires du Costa Rica. Daniel, Erik et Mario sont les membres.\" \/>\n<meta name=\"robots\" content=\"index, follow, max-snippet:-1, max-image-preview:large, max-video-preview:-1\" \/>\n<link rel=\"canonical\" href=\"https:\/\/www.sensorialsunsets.com\/fr\/figures-marquantes-la-media-docena-comiques\/\" \/>\n<meta property=\"og:locale\" content=\"fr_FR\" \/>\n<meta property=\"og:type\" content=\"article\" \/>\n<meta property=\"og:title\" content=\"Figures marquantes : la Media Docena, comiques - SensorialSunsets\" \/>\n<meta property=\"og:description\" content=\"La Media Docena est l&#039;un des groupes comiques les plus populaires du Costa Rica. Daniel, Erik et Mario sont les membres.\" \/>\n<meta property=\"og:url\" content=\"https:\/\/www.sensorialsunsets.com\/fr\/figures-marquantes-la-media-docena-comiques\/\" \/>\n<meta property=\"og:site_name\" content=\"SensorialSunsets\" \/>\n<meta property=\"article:publisher\" content=\"https:\/\/www.facebook.com\/Sensorial-Sunsets-109180614715562\" \/>\n<meta property=\"article:published_time\" content=\"2022-07-27T19:36:23+00:00\" \/>\n<meta property=\"article:modified_time\" content=\"2022-07-27T19:50:10+00:00\" \/>\n<meta property=\"og:image\" content=\"https:\/\/www.sensorialsunsets.com\/wp-content\/uploads\/2022\/07\/media-e1658951398774.png\" \/>\n\t<meta property=\"og:image:width\" content=\"825\" \/>\n\t<meta property=\"og:image:height\" content=\"601\" \/>\n\t<meta property=\"og:image:type\" content=\"image\/png\" \/>\n<meta name=\"author\" content=\"Marian Barrantes\" \/>\n<meta name=\"twitter:card\" content=\"summary_large_image\" \/>\n<meta name=\"twitter:label1\" content=\"\u00c9crit par\" \/>\n\t<meta name=\"twitter:data1\" content=\"Marian Barrantes\" \/>\n\t<meta name=\"twitter:label2\" content=\"Dur\u00e9e de lecture estim\u00e9e\" \/>\n\t<meta name=\"twitter:data2\" content=\"3 minutes\" \/>\n<script type=\"application\/ld+json\" class=\"yoast-schema-graph\">{\"@context\":\"https:\\\/\\\/schema.org\",\"@graph\":[{\"@type\":\"Article\",\"@id\":\"https:\\\/\\\/www.sensorialsunsets.com\\\/fr\\\/figures-marquantes-la-media-docena-comiques\\\/#article\",\"isPartOf\":{\"@id\":\"https:\\\/\\\/www.sensorialsunsets.com\\\/fr\\\/figures-marquantes-la-media-docena-comiques\\\/\"},\"author\":{\"name\":\"Marian Barrantes\",\"@id\":\"https:\\\/\\\/www.sensorialsunsets.com\\\/fr\\\/#\\\/schema\\\/person\\\/a8336a4dbeee633f087a194db2ca482f\"},\"headline\":\"Figures marquantes : la Media Docena, comiques\",\"datePublished\":\"2022-07-27T19:36:23+00:00\",\"dateModified\":\"2022-07-27T19:50:10+00:00\",\"mainEntityOfPage\":{\"@id\":\"https:\\\/\\\/www.sensorialsunsets.com\\\/fr\\\/figures-marquantes-la-media-docena-comiques\\\/\"},\"wordCount\":566,\"publisher\":{\"@id\":\"https:\\\/\\\/www.sensorialsunsets.com\\\/fr\\\/#organization\"},\"image\":{\"@id\":\"https:\\\/\\\/www.sensorialsunsets.com\\\/fr\\\/figures-marquantes-la-media-docena-comiques\\\/#primaryimage\"},\"thumbnailUrl\":\"https:\\\/\\\/www.sensorialsunsets.com\\\/wp-content\\\/uploads\\\/2022\\\/07\\\/media-e1658951398774.png\",\"articleSection\":[\"Costa Rica\",\"Culture\"],\"inLanguage\":\"fr-FR\"},{\"@type\":\"WebPage\",\"@id\":\"https:\\\/\\\/www.sensorialsunsets.com\\\/fr\\\/figures-marquantes-la-media-docena-comiques\\\/\",\"url\":\"https:\\\/\\\/www.sensorialsunsets.com\\\/fr\\\/figures-marquantes-la-media-docena-comiques\\\/\",\"name\":\"Figures marquantes : la Media Docena, comiques - SensorialSunsets\",\"isPartOf\":{\"@id\":\"https:\\\/\\\/www.sensorialsunsets.com\\\/fr\\\/#website\"},\"primaryImageOfPage\":{\"@id\":\"https:\\\/\\\/www.sensorialsunsets.com\\\/fr\\\/figures-marquantes-la-media-docena-comiques\\\/#primaryimage\"},\"image\":{\"@id\":\"https:\\\/\\\/www.sensorialsunsets.com\\\/fr\\\/figures-marquantes-la-media-docena-comiques\\\/#primaryimage\"},\"thumbnailUrl\":\"https:\\\/\\\/www.sensorialsunsets.com\\\/wp-content\\\/uploads\\\/2022\\\/07\\\/media-e1658951398774.png\",\"datePublished\":\"2022-07-27T19:36:23+00:00\",\"dateModified\":\"2022-07-27T19:50:10+00:00\",\"description\":\"La Media Docena est l'un des groupes comiques les plus populaires du Costa Rica. Daniel, Erik et Mario sont les membres.\",\"inLanguage\":\"fr-FR\",\"potentialAction\":[{\"@type\":\"ReadAction\",\"target\":[\"https:\\\/\\\/www.sensorialsunsets.com\\\/fr\\\/figures-marquantes-la-media-docena-comiques\\\/\"]}]},{\"@type\":\"ImageObject\",\"inLanguage\":\"fr-FR\",\"@id\":\"https:\\\/\\\/www.sensorialsunsets.com\\\/fr\\\/figures-marquantes-la-media-docena-comiques\\\/#primaryimage\",\"url\":\"https:\\\/\\\/www.sensorialsunsets.com\\\/wp-content\\\/uploads\\\/2022\\\/07\\\/media-e1658951398774.png\",\"contentUrl\":\"https:\\\/\\\/www.sensorialsunsets.com\\\/wp-content\\\/uploads\\\/2022\\\/07\\\/media-e1658951398774.png\",\"width\":825,\"height\":601},{\"@type\":\"WebSite\",\"@id\":\"https:\\\/\\\/www.sensorialsunsets.com\\\/fr\\\/#website\",\"url\":\"https:\\\/\\\/www.sensorialsunsets.com\\\/fr\\\/\",\"name\":\"SensorialSunsets.com\",\"description\":\"D\u00e9couvrez la culture et la soci\u00e9t\u00e9 du Costa Rica sur notre blog. Explorez des articles captivants et partagez le contenu.\",\"publisher\":{\"@id\":\"https:\\\/\\\/www.sensorialsunsets.com\\\/fr\\\/#organization\"},\"alternateName\":\"Costa Rica Live Blog\",\"potentialAction\":[{\"@type\":\"SearchAction\",\"target\":{\"@type\":\"EntryPoint\",\"urlTemplate\":\"https:\\\/\\\/www.sensorialsunsets.com\\\/fr\\\/?s={search_term_string}\"},\"query-input\":{\"@type\":\"PropertyValueSpecification\",\"valueRequired\":true,\"valueName\":\"search_term_string\"}}],\"inLanguage\":\"fr-FR\"},{\"@type\":\"Organization\",\"@id\":\"https:\\\/\\\/www.sensorialsunsets.com\\\/fr\\\/#organization\",\"name\":\"SensorialSunsets\",\"url\":\"https:\\\/\\\/www.sensorialsunsets.com\\\/fr\\\/\",\"logo\":{\"@type\":\"ImageObject\",\"inLanguage\":\"fr-FR\",\"@id\":\"https:\\\/\\\/www.sensorialsunsets.com\\\/fr\\\/#\\\/schema\\\/logo\\\/image\\\/\",\"url\":\"https:\\\/\\\/www.sensorialsunsets.com\\\/wp-content\\\/uploads\\\/2023\\\/04\\\/Logo_base_line_fond_clair.svg\",\"contentUrl\":\"https:\\\/\\\/www.sensorialsunsets.com\\\/wp-content\\\/uploads\\\/2023\\\/04\\\/Logo_base_line_fond_clair.svg\",\"width\":\"1024\",\"height\":\"1024\",\"caption\":\"SensorialSunsets\"},\"image\":{\"@id\":\"https:\\\/\\\/www.sensorialsunsets.com\\\/fr\\\/#\\\/schema\\\/logo\\\/image\\\/\"},\"sameAs\":[\"https:\\\/\\\/www.facebook.com\\\/Sensorial-Sunsets-109180614715562\",\"https:\\\/\\\/www.instagram.com\\\/sensorialsunsets\\\/\"]},{\"@type\":\"Person\",\"@id\":\"https:\\\/\\\/www.sensorialsunsets.com\\\/fr\\\/#\\\/schema\\\/person\\\/a8336a4dbeee633f087a194db2ca482f\",\"name\":\"Marian Barrantes\",\"image\":{\"@type\":\"ImageObject\",\"inLanguage\":\"fr-FR\",\"@id\":\"https:\\\/\\\/secure.gravatar.com\\\/avatar\\\/fafbfab67eb28029818d03f44e3037bd798e04434d8d5c0cfc2eea8ec2882a22?s=96&d=mm&r=g\",\"url\":\"https:\\\/\\\/secure.gravatar.com\\\/avatar\\\/fafbfab67eb28029818d03f44e3037bd798e04434d8d5c0cfc2eea8ec2882a22?s=96&d=mm&r=g\",\"contentUrl\":\"https:\\\/\\\/secure.gravatar.com\\\/avatar\\\/fafbfab67eb28029818d03f44e3037bd798e04434d8d5c0cfc2eea8ec2882a22?s=96&d=mm&r=g\",\"caption\":\"Marian Barrantes\"},\"sameAs\":[\"https:\\\/\\\/www.sensorialsunsets.com\"],\"url\":\"https:\\\/\\\/www.sensorialsunsets.com\\\/fr\\\/author\\\/mbarrantes\\\/\"}]}<\/script>\n<!-- \/ Yoast SEO plugin. -->","yoast_head_json":{"title":"Figures marquantes : la Media Docena, comiques - SensorialSunsets","description":"La Media Docena est l'un des groupes comiques les plus populaires du Costa Rica. Daniel, Erik et Mario sont les membres.","robots":{"index":"index","follow":"follow","max-snippet":"max-snippet:-1","max-image-preview":"max-image-preview:large","max-video-preview":"max-video-preview:-1"},"canonical":"https:\/\/www.sensorialsunsets.com\/fr\/figures-marquantes-la-media-docena-comiques\/","og_locale":"fr_FR","og_type":"article","og_title":"Figures marquantes : la Media Docena, comiques - SensorialSunsets","og_description":"La Media Docena est l'un des groupes comiques les plus populaires du Costa Rica. Daniel, Erik et Mario sont les membres.","og_url":"https:\/\/www.sensorialsunsets.com\/fr\/figures-marquantes-la-media-docena-comiques\/","og_site_name":"SensorialSunsets","article_publisher":"https:\/\/www.facebook.com\/Sensorial-Sunsets-109180614715562","article_published_time":"2022-07-27T19:36:23+00:00","article_modified_time":"2022-07-27T19:50:10+00:00","og_image":[{"width":825,"height":601,"url":"https:\/\/www.sensorialsunsets.com\/wp-content\/uploads\/2022\/07\/media-e1658951398774.png","type":"image\/png"}],"author":"Marian Barrantes","twitter_card":"summary_large_image","twitter_misc":{"\u00c9crit par":"Marian Barrantes","Dur\u00e9e de lecture estim\u00e9e":"3 minutes"},"schema":{"@context":"https:\/\/schema.org","@graph":[{"@type":"Article","@id":"https:\/\/www.sensorialsunsets.com\/fr\/figures-marquantes-la-media-docena-comiques\/#article","isPartOf":{"@id":"https:\/\/www.sensorialsunsets.com\/fr\/figures-marquantes-la-media-docena-comiques\/"},"author":{"name":"Marian Barrantes","@id":"https:\/\/www.sensorialsunsets.com\/fr\/#\/schema\/person\/a8336a4dbeee633f087a194db2ca482f"},"headline":"Figures marquantes : la Media Docena, comiques","datePublished":"2022-07-27T19:36:23+00:00","dateModified":"2022-07-27T19:50:10+00:00","mainEntityOfPage":{"@id":"https:\/\/www.sensorialsunsets.com\/fr\/figures-marquantes-la-media-docena-comiques\/"},"wordCount":566,"publisher":{"@id":"https:\/\/www.sensorialsunsets.com\/fr\/#organization"},"image":{"@id":"https:\/\/www.sensorialsunsets.com\/fr\/figures-marquantes-la-media-docena-comiques\/#primaryimage"},"thumbnailUrl":"https:\/\/www.sensorialsunsets.com\/wp-content\/uploads\/2022\/07\/media-e1658951398774.png","articleSection":["Costa Rica","Culture"],"inLanguage":"fr-FR"},{"@type":"WebPage","@id":"https:\/\/www.sensorialsunsets.com\/fr\/figures-marquantes-la-media-docena-comiques\/","url":"https:\/\/www.sensorialsunsets.com\/fr\/figures-marquantes-la-media-docena-comiques\/","name":"Figures marquantes : la Media Docena, comiques - SensorialSunsets","isPartOf":{"@id":"https:\/\/www.sensorialsunsets.com\/fr\/#website"},"primaryImageOfPage":{"@id":"https:\/\/www.sensorialsunsets.com\/fr\/figures-marquantes-la-media-docena-comiques\/#primaryimage"},"image":{"@id":"https:\/\/www.sensorialsunsets.com\/fr\/figures-marquantes-la-media-docena-comiques\/#primaryimage"},"thumbnailUrl":"https:\/\/www.sensorialsunsets.com\/wp-content\/uploads\/2022\/07\/media-e1658951398774.png","datePublished":"2022-07-27T19:36:23+00:00","dateModified":"2022-07-27T19:50:10+00:00","description":"La Media Docena est l'un des groupes comiques les plus populaires du Costa Rica. Daniel, Erik et Mario sont les membres.","inLanguage":"fr-FR","potentialAction":[{"@type":"ReadAction","target":["https:\/\/www.sensorialsunsets.com\/fr\/figures-marquantes-la-media-docena-comiques\/"]}]},{"@type":"ImageObject","inLanguage":"fr-FR","@id":"https:\/\/www.sensorialsunsets.com\/fr\/figures-marquantes-la-media-docena-comiques\/#primaryimage","url":"https:\/\/www.sensorialsunsets.com\/wp-content\/uploads\/2022\/07\/media-e1658951398774.png","contentUrl":"https:\/\/www.sensorialsunsets.com\/wp-content\/uploads\/2022\/07\/media-e1658951398774.png","width":825,"height":601},{"@type":"WebSite","@id":"https:\/\/www.sensorialsunsets.com\/fr\/#website","url":"https:\/\/www.sensorialsunsets.com\/fr\/","name":"SensorialSunsets.com","description":"D\u00e9couvrez la culture et la soci\u00e9t\u00e9 du Costa Rica sur notre blog. Explorez des articles captivants et partagez le contenu.","publisher":{"@id":"https:\/\/www.sensorialsunsets.com\/fr\/#organization"},"alternateName":"Costa Rica Live Blog","potentialAction":[{"@type":"SearchAction","target":{"@type":"EntryPoint","urlTemplate":"https:\/\/www.sensorialsunsets.com\/fr\/?s={search_term_string}"},"query-input":{"@type":"PropertyValueSpecification","valueRequired":true,"valueName":"search_term_string"}}],"inLanguage":"fr-FR"},{"@type":"Organization","@id":"https:\/\/www.sensorialsunsets.com\/fr\/#organization","name":"SensorialSunsets","url":"https:\/\/www.sensorialsunsets.com\/fr\/","logo":{"@type":"ImageObject","inLanguage":"fr-FR","@id":"https:\/\/www.sensorialsunsets.com\/fr\/#\/schema\/logo\/image\/","url":"https:\/\/www.sensorialsunsets.com\/wp-content\/uploads\/2023\/04\/Logo_base_line_fond_clair.svg","contentUrl":"https:\/\/www.sensorialsunsets.com\/wp-content\/uploads\/2023\/04\/Logo_base_line_fond_clair.svg","width":"1024","height":"1024","caption":"SensorialSunsets"},"image":{"@id":"https:\/\/www.sensorialsunsets.com\/fr\/#\/schema\/logo\/image\/"},"sameAs":["https:\/\/www.facebook.com\/Sensorial-Sunsets-109180614715562","https:\/\/www.instagram.com\/sensorialsunsets\/"]},{"@type":"Person","@id":"https:\/\/www.sensorialsunsets.com\/fr\/#\/schema\/person\/a8336a4dbeee633f087a194db2ca482f","name":"Marian Barrantes","image":{"@type":"ImageObject","inLanguage":"fr-FR","@id":"https:\/\/secure.gravatar.com\/avatar\/fafbfab67eb28029818d03f44e3037bd798e04434d8d5c0cfc2eea8ec2882a22?s=96&d=mm&r=g","url":"https:\/\/secure.gravatar.com\/avatar\/fafbfab67eb28029818d03f44e3037bd798e04434d8d5c0cfc2eea8ec2882a22?s=96&d=mm&r=g","contentUrl":"https:\/\/secure.gravatar.com\/avatar\/fafbfab67eb28029818d03f44e3037bd798e04434d8d5c0cfc2eea8ec2882a22?s=96&d=mm&r=g","caption":"Marian Barrantes"},"sameAs":["https:\/\/www.sensorialsunsets.com"],"url":"https:\/\/www.sensorialsunsets.com\/fr\/author\/mbarrantes\/"}]}},"_links":{"self":[{"href":"https:\/\/www.sensorialsunsets.com\/fr\/wp-json\/wp\/v2\/posts\/2869","targetHints":{"allow":["GET"]}}],"collection":[{"href":"https:\/\/www.sensorialsunsets.com\/fr\/wp-json\/wp\/v2\/posts"}],"about":[{"href":"https:\/\/www.sensorialsunsets.com\/fr\/wp-json\/wp\/v2\/types\/post"}],"author":[{"embeddable":true,"href":"https:\/\/www.sensorialsunsets.com\/fr\/wp-json\/wp\/v2\/users\/5"}],"replies":[{"embeddable":true,"href":"https:\/\/www.sensorialsunsets.com\/fr\/wp-json\/wp\/v2\/comments?post=2869"}],"version-history":[{"count":0,"href":"https:\/\/www.sensorialsunsets.com\/fr\/wp-json\/wp\/v2\/posts\/2869\/revisions"}],"wp:featuredmedia":[{"embeddable":true,"href":"https:\/\/www.sensorialsunsets.com\/fr\/wp-json\/wp\/v2\/media\/2862"}],"wp:attachment":[{"href":"https:\/\/www.sensorialsunsets.com\/fr\/wp-json\/wp\/v2\/media?parent=2869"}],"wp:term":[{"taxonomy":"category","embeddable":true,"href":"https:\/\/www.sensorialsunsets.com\/fr\/wp-json\/wp\/v2\/categories?post=2869"},{"taxonomy":"post_tag","embeddable":true,"href":"https:\/\/www.sensorialsunsets.com\/fr\/wp-json\/wp\/v2\/tags?post=2869"}],"curies":[{"name":"wp","href":"https:\/\/api.w.org\/{rel}","templated":true}]}}