{"id":2910,"date":"2022-08-02T17:27:53","date_gmt":"2022-08-02T17:27:53","guid":{"rendered":"https:\/\/www.sensorialsunsets.com\/la-romeria-pelerinage-au-costa-rica\/"},"modified":"2022-08-02T17:27:54","modified_gmt":"2022-08-02T17:27:54","slug":"la-romeria-pelerinage-au-costa-rica","status":"publish","type":"post","link":"https:\/\/www.sensorialsunsets.com\/fr\/la-romeria-pelerinage-au-costa-rica\/","title":{"rendered":"La Romer\u00eda (p\u00e8lerinage) au Costa Rica"},"content":{"rendered":"\n<p>La Romer\u00eda (p\u00e8lerinage) au Costa Rica : ce p\u00e8lerinage est l&rsquo;une des traditions religieuses les plus importantes de la culture costaricienne.\u00a0<\/p>\n\n<h2 class=\"wp-block-heading\">Qu&rsquo;est-ce que La Romer\u00eda ?<\/h2>\n\n<p>Tout d&rsquo;abord, le mot \u00ab\u00a0romer\u00eda\u00a0\u00bb vient de \u00ab\u00a0romero\u00a0\u00bb, nom donn\u00e9 aux p\u00e8lerins qui se rendent \u00e0 Rome, et par extension, \u00e0 tout sanctuaire. C&rsquo;est la base de cette tradition. La Romeria est un p\u00e8lerinage \u00e0 la basilique des Anges situ\u00e9e dans la province de Cartago, afin d&rsquo;honorer la Vierge des Anges (\u00ab\u00a0la Negrita\u00a0\u00bb). Nomm\u00e9 d&rsquo;apr\u00e8s le pape Jean Paul II.<\/p>\n\n<p>Ce p\u00e8lerinage a lieu tous les 2 ao\u00fbt, bien que de nombreux p\u00e8lerins commencent leur p\u00e8lerinage le 1er ao\u00fbt afin d&rsquo;arriver \u00e0 temps pour la messe traditionnelle du 2. De nombreux d\u00e9vots font le voyage depuis des endroits tr\u00e8s \u00e9loign\u00e9s, leur marche commence donc plusieurs jours plus t\u00f4t. En d&rsquo;autres termes, la distance n&rsquo;est pas un obstacle.\u00a0<\/p>\n\n<p>Le 2 ao\u00fbt, tout change. Ce jour-l\u00e0, il est d&rsquo;usage de c\u00e9l\u00e9brer une messe solennelle dans la basilique en pr\u00e9sence de l&rsquo;archev\u00eaque du dioc\u00e8se, de dizaines de pr\u00eatres, des autorit\u00e9s gouvernementales telles que le pr\u00e9sident de la R\u00e9publique et plusieurs de ses ministres, ainsi que d&rsquo;un grand nombre de fid\u00e8les.\u00a0<\/p>\n\n<h2 class=\"wp-block-heading\"><strong>Le rituel<\/strong><\/h2>\n\n<p>En particulier, ceux qui marchent le font pour remercier \u00ab\u00a0un miracle\u00a0\u00bb ou pour demander des faveurs \u00e0 la Vierge. C&rsquo;est une recherche de connexion avec le surnaturel \u00e0 travers un rituel, le p\u00e8lerinage. En fait, de nombreuses personnes affirment qu&rsquo;apr\u00e8s avoir fait ce type d'\u00a0\u00bboffrande\u00a0\u00bb, la Vierge leur a accord\u00e9 le miracle demand\u00e9, la plupart du temps li\u00e9 \u00e0 la sant\u00e9.<\/p>\n\n<p>D&rsquo;autre part, une action courante dans le cadre de ce rituel consiste \u00e0 se mettre \u00e0 genoux depuis l&rsquo;entr\u00e9e du temple jusqu&rsquo;\u00e0 l&rsquo;autel en signe de gratitude envers la Reine des Anges pour une faveur obtenue. Ensuite, il est courant de visiter le sanctuaire de la vierge o\u00f9 se trouve la c\u00e9l\u00e8bre pierre de la d\u00e9couverte et de recueillir l&rsquo;eau de la fontaine qui est connue comme \u00ab\u00a0eau b\u00e9nite\u00a0\u00bb \u00e0 laquelle les fid\u00e8les accordent des propri\u00e9t\u00e9s sp\u00e9ciales telles que des effets sur la sant\u00e9 des personnes ou un outil de \u00ab\u00a0puret\u00e9 spirituelle\u00a0\u00bb.<\/p>\n\n<h2 class=\"wp-block-heading\"><strong>Histoire de la d\u00e9couverte de \u00ab\u00a0La Negrita\u00a0\u00bb<\/strong><\/h2>\n\n<p>La pr\u00e9sente description de la d\u00e9couverte de la Vierge des Anges est d\u00e9taill\u00e9e dans le bulletin philat\u00e9lique num\u00e9ro 362.<\/p>\n\n<p>\u00ab\u00a0Dans la Carthage de 1635, les mul\u00e2tres vivaient dans la Puebla de los Pardos, un quartier situ\u00e9 \u00e0 l&rsquo;est de la ville, juste au-del\u00e0 de la Cruz de Caravaca, signe indubitable que les mul\u00e2tres ne devaient pas franchir la fronti\u00e8re. \u00c0 une courte distance de l\u00e0, entre les Blancs et les Indiens, vivait une humble femme qui, chaque matin, avait l&rsquo;habitude d&rsquo;aller dans la for\u00eat &#8211; pour trouver du bois de chauffage &#8211; comme tous les pauvres &#8211; pour trouver du bois de chauffage. Dans ce lieu, le 2 ao\u00fbt, se produit un \u00e9v\u00e9nement qui va non seulement changer la vie de la pauvre mul\u00e2tre Juana Pereira, mais aussi la vie religieuse de ses habitants : la d\u00e9couverte de l&rsquo;image de la Vierge de los Angeles!<\/p>\n\n<p>Ce matin du 2 ao\u00fbt, la femme s&rsquo;est rendue \u00e0 l&rsquo;endroit o\u00f9 elle ramassait le bois de chauffage, mais cette fois, quelque chose de diff\u00e9rent lui est arriv\u00e9 : elle a trouv\u00e9 sur une pierre l&rsquo;image d&rsquo;une femme avec un enfant dans les bras. Il mesurait environ 20 cm de haut et \u00e9tait sculpt\u00e9 dans une pierre sombre. Juana Pereira l&rsquo;a ramass\u00e9, l&rsquo;a ramen\u00e9 chez elle et l&rsquo;a mis dans une bo\u00eete. \u00c0 midi, la femme retourne dans la lande et retrouve l&rsquo;image sur la pierre ! Remplie d&rsquo;admiration, elle le prit, croyant qu&rsquo;il s&rsquo;agissait d&rsquo;un autre semblable au pr\u00e9c\u00e9dent, et l&#8217;emporta chez elle. Lorsqu&rsquo;elle a ouvert la bo\u00eete, elle a \u00e9t\u00e9 surprise de constater que le premier avait disparu.<\/p>\n\n<figure class=\"wp-block-image size-full is-resized\"><img loading=\"lazy\" decoding=\"async\" src=\"https:\/\/www.sensorialsunsets.com\/wp-content\/uploads\/2022\/08\/unnamed.jpg\" alt=\"la-negrita-costa-rica-sensorial-sunsets\" class=\"wp-image-2907\" width=\"619\" height=\"411\" srcset=\"https:\/\/www.sensorialsunsets.com\/wp-content\/uploads\/2022\/08\/unnamed.jpg 512w, https:\/\/www.sensorialsunsets.com\/wp-content\/uploads\/2022\/08\/unnamed-300x199.jpg 300w, https:\/\/www.sensorialsunsets.com\/wp-content\/uploads\/2022\/08\/unnamed-334x222.jpg 334w\" sizes=\"auto, (max-width: 619px) 100vw, 619px\" \/><figcaption>La \u00ab\u00a0Negrita\u00a0\u00bb &#8211; photo de cambiopolitico.com<\/figcaption><\/figure>\n<p>Son \u00e9tonnement grandit lorsque, pour la troisi\u00e8me fois, en retournant dans la lande, il retrouve l&rsquo;image sur la m\u00eame pierre. Elle le ramassa \u00e0 nouveau et l&#8217;emporta chez elle, o\u00f9 elle vit que l&rsquo;image de pierre manquait \u00e0 nouveau. Juana a \u00e9t\u00e9 si alarm\u00e9e qu&rsquo;elle a couru chez le pr\u00eatre et lui a racont\u00e9 ce qui s&rsquo;\u00e9tait pass\u00e9 lorsqu&rsquo;elle lui a donn\u00e9 l&rsquo;image. Le pr\u00eatre l&rsquo;a mis dans une bo\u00eete et a promis de l&rsquo;examiner attentivement quand il aurait le temps. Le lendemain, lorsque Juana est retourn\u00e9e dans la lande pour ramasser du bois de chauffage, elle l&rsquo;a revu sur la pierre sur laquelle elle l&rsquo;avait trouv\u00e9 trois fois auparavant. De l\u00e0, ils ont apport\u00e9 l&rsquo;image en leur possession \u00e0 l&rsquo;\u00e9glise paroissiale et l&rsquo;ont plac\u00e9e dans le tabernacle. Le lendemain, lorsqu&rsquo;ils ont voulu l&rsquo;examiner, l&rsquo;image avait \u00e0 nouveau disparu.<\/p>\n\n<p>Sur le chemin du retour vers la lande, ils retrouvent, pour la cinqui\u00e8me fois, l&rsquo;image de la Vierge avec l&rsquo;Enfant dans ses bras. Ils se sont alors rendu compte que la M\u00e8re de J\u00e9sus-Christ voulait avoir sa maison \u00e0 cet endroit et ils se sont attel\u00e9s \u00e0 la t\u00e2che de lui construire un ermitage \u00e0 cet endroit, tout en r\u00e9ussissant \u00e0 lui construire une \u00e9glise digne de ce nom.<\/p>\n\n<p>Elle a \u00e9t\u00e9 baptis\u00e9e avec le nom de la Vierge des Anges, car le 2 ao\u00fbt, les franciscains c\u00e9l\u00e8brent la f\u00eate de Notre-Dame des Anges ou de la Portiuncula. En avril 1782, la Vierge des Anges a \u00e9t\u00e9 proclam\u00e9e patronne de Cartago et en ao\u00fbt de la m\u00eame ann\u00e9e a eu lieu le premier passage de la Vierge \u00e0 la paroisse centrale de Cartago\u00a0\u00bb.\u00a0\u00a0<\/p>\n\n<p>(Correos de Costa Rica. Bolet\u00edn Filat\u00e9lico 362.)<\/p>\n\n<p>C&rsquo;est ainsi qu&rsquo;est n\u00e9e cette tradition o\u00f9 une partie des Costariciens v\u00e9n\u00e8rent l&rsquo;image, \u00e0 laquelle ils attribuent des miracles et font donc des promesses en \u00e9change des faveurs re\u00e7ues, et enfin, comme symbole de gratitude, ils parcourent une longue distance pour aller \u00e0 la recherche de ce point de r\u00e9f\u00e9rence important de leur foi.<\/p>\n\n<h2 class=\"wp-block-heading\"><strong>Donn\u00e9es int\u00e9ressantes sur la religion au Costa Rica<\/strong><\/h2>\n\n<p>Selon les r\u00e9sultats de trois consultations men\u00e9es en ao\u00fbt 2010, 2011 et 2012 par l&rsquo;\u00c9cole de statistiques de l&rsquo;Universit\u00e9 du Costa Rica, environ 16 % de la population fr\u00e9quente la Romer\u00eda. Soit une moyenne de 770 000 personnes par an.<\/p>\n\n<p>En revanche, une enqu\u00eate CIEP-UCR de mai 2021 publi\u00e9e par le journal \u00ab\u00a0Semanario Universidad\u00a0\u00bb indique que le nombre de catholiques costariciens est de 47,5% (en baisse par rapport aux 50% de l&rsquo;enqu\u00eate de novembre 2019). Les \u00e9vang\u00e9liques ou n\u00e9o-pentec\u00f4tistes repr\u00e9sentent 19% (contre 21% en 2019), les personnes sans religion (ath\u00e9es, agnostiques et d\u00e9istes) sont 27% (le nombre reste stable), les protestants traditionnels (probablement une r\u00e9f\u00e9rence aux soi-disant \u00ab\u00a0protestants historiques\u00a0\u00bb) 1,2%, suivis des t\u00e9moins de J\u00e9hovah \u00e0 1,4%, des mormons 0,3% et des musulmans \u00e0 0,1%.<\/p>\n\n<p><strong>Auteures<\/strong><\/p>\n\n<p>Zelda Walters et M. Barrantes pour Sensorial Sunsets<\/p>\n\n<h2 class=\"wp-block-heading\"><strong>Bibliographie<\/strong><\/h2>\n\n<p><a href=\"https:\/\/es.wikipedia.org\/wiki\/Religi%C3%B3n_en_Costa_Rica#:~:text=Mientras%20que%20la%20encuesta%20CIEP,21%25%20del%202019)%2C%20las\">https:\/\/es.wikipedia.org\/wiki\/Religi%C3%B3n_en_Costa_Rica#:~:text=Mientras%20que%20la%20encuesta%20CIEP,21%25%20del%202019)%2C%20las<\/a><\/p>\n\n<p><a href=\"https:\/\/www.ucr.ac.cr\/noticias\/2012\/10\/04\/especialistas-analizan-razones-de-la-peregrinacion.html\">https:\/\/www.ucr.ac.cr\/noticias\/2012\/10\/04\/especialistas-analizan-razones-de-la-peregrinacion.html<\/a><\/p>\n\n<p><a href=\"https:\/\/www.historiauned.net\/profesor\/editar\/980-historia-postal-de-costa-rica-virgen-de-los-angeles-patrona-de-cartago-1782-2007\"><em>https:\/\/www.historiauned.net\/profesor\/editar\/980-historia-postal-de-costa-rica-virgen-de-los-angeles-patrona-de-cartago-1782-2007<\/em><\/a><em>\u00a0<\/em><a href=\"https:\/\/www.ucr.ac.cr\/noticias\/2012\/10\/04\/especialistas-analizan-razones-de-la-peregrinacion.html\"><em>https:\/\/www.ucr.ac.cr\/noticias\/2012\/10\/04\/especialistas-analizan-razones-de-la-peregrinacion.html<\/em><\/a><em><\/em><\/p>\n","protected":false},"excerpt":{"rendered":"<p>image tir\u00e9e de ameliarueda.com<\/p>\n","protected":false},"author":5,"featured_media":2904,"comment_status":"closed","ping_status":"closed","sticky":false,"template":"","format":"standard","meta":{"_acf_changed":false,"inline_featured_image":false,"_monsterinsights_skip_tracking":false,"_monsterinsights_sitenote_active":false,"_monsterinsights_sitenote_note":"","_monsterinsights_sitenote_category":0,"footnotes":""},"categories":[100,151,102],"tags":[],"class_list":["post-2910","post","type-post","status-publish","format-standard","has-post-thumbnail","hentry","category-costa-rica-fr","category-religion-fr","category-societe-fr"],"acf":[],"yoast_head":"<!-- This site is optimized with the Yoast SEO plugin v27.4 - https:\/\/yoast.com\/product\/yoast-seo-wordpress\/ -->\n<title>La Romer\u00eda (p\u00e8lerinage) au Costa Rica - SensorialSunsets<\/title>\n<meta name=\"description\" content=\"La Romer\u00eda au Costa Rica est un p\u00e8lerinage catholique qui a lieu tous les 2 ao\u00fbt. Il s&#039;agit de la tradition religieuse la plus importante du pays.\" \/>\n<meta name=\"robots\" content=\"index, follow, max-snippet:-1, max-image-preview:large, max-video-preview:-1\" \/>\n<link rel=\"canonical\" href=\"https:\/\/www.sensorialsunsets.com\/fr\/la-romeria-pelerinage-au-costa-rica\/\" \/>\n<meta property=\"og:locale\" content=\"fr_FR\" \/>\n<meta property=\"og:type\" content=\"article\" \/>\n<meta property=\"og:title\" content=\"La Romer\u00eda (p\u00e8lerinage) au Costa Rica - SensorialSunsets\" \/>\n<meta property=\"og:description\" content=\"La Romer\u00eda au Costa Rica est un p\u00e8lerinage catholique qui a lieu tous les 2 ao\u00fbt. Il s&#039;agit de la tradition religieuse la plus importante du pays.\" \/>\n<meta property=\"og:url\" content=\"https:\/\/www.sensorialsunsets.com\/fr\/la-romeria-pelerinage-au-costa-rica\/\" \/>\n<meta property=\"og:site_name\" content=\"SensorialSunsets\" \/>\n<meta property=\"article:publisher\" content=\"https:\/\/www.facebook.com\/Sensorial-Sunsets-109180614715562\" \/>\n<meta property=\"article:published_time\" content=\"2022-08-02T17:27:53+00:00\" \/>\n<meta property=\"article:modified_time\" content=\"2022-08-02T17:27:54+00:00\" \/>\n<meta property=\"og:image\" content=\"https:\/\/www.sensorialsunsets.com\/wp-content\/uploads\/2022\/08\/unnamed-1.jpg\" \/>\n\t<meta property=\"og:image:width\" content=\"512\" \/>\n\t<meta property=\"og:image:height\" content=\"327\" \/>\n\t<meta property=\"og:image:type\" content=\"image\/jpeg\" \/>\n<meta name=\"author\" content=\"Marian Barrantes\" \/>\n<meta name=\"twitter:card\" content=\"summary_large_image\" \/>\n<meta name=\"twitter:label1\" content=\"\u00c9crit par\" \/>\n\t<meta name=\"twitter:data1\" content=\"Marian Barrantes\" \/>\n\t<meta name=\"twitter:label2\" content=\"Dur\u00e9e de lecture estim\u00e9e\" \/>\n\t<meta name=\"twitter:data2\" content=\"6 minutes\" \/>\n<script type=\"application\/ld+json\" class=\"yoast-schema-graph\">{\"@context\":\"https:\\\/\\\/schema.org\",\"@graph\":[{\"@type\":\"Article\",\"@id\":\"https:\\\/\\\/www.sensorialsunsets.com\\\/fr\\\/la-romeria-pelerinage-au-costa-rica\\\/#article\",\"isPartOf\":{\"@id\":\"https:\\\/\\\/www.sensorialsunsets.com\\\/fr\\\/la-romeria-pelerinage-au-costa-rica\\\/\"},\"author\":{\"name\":\"Marian Barrantes\",\"@id\":\"https:\\\/\\\/www.sensorialsunsets.com\\\/fr\\\/#\\\/schema\\\/person\\\/a8336a4dbeee633f087a194db2ca482f\"},\"headline\":\"La Romer\u00eda (p\u00e8lerinage) au Costa Rica\",\"datePublished\":\"2022-08-02T17:27:53+00:00\",\"dateModified\":\"2022-08-02T17:27:54+00:00\",\"mainEntityOfPage\":{\"@id\":\"https:\\\/\\\/www.sensorialsunsets.com\\\/fr\\\/la-romeria-pelerinage-au-costa-rica\\\/\"},\"wordCount\":1268,\"publisher\":{\"@id\":\"https:\\\/\\\/www.sensorialsunsets.com\\\/fr\\\/#organization\"},\"image\":{\"@id\":\"https:\\\/\\\/www.sensorialsunsets.com\\\/fr\\\/la-romeria-pelerinage-au-costa-rica\\\/#primaryimage\"},\"thumbnailUrl\":\"https:\\\/\\\/www.sensorialsunsets.com\\\/wp-content\\\/uploads\\\/2022\\\/08\\\/unnamed-1.jpg\",\"articleSection\":[\"Costa Rica\",\"Religion\",\"Soci\u00e9t\u00e9\"],\"inLanguage\":\"fr-FR\"},{\"@type\":\"WebPage\",\"@id\":\"https:\\\/\\\/www.sensorialsunsets.com\\\/fr\\\/la-romeria-pelerinage-au-costa-rica\\\/\",\"url\":\"https:\\\/\\\/www.sensorialsunsets.com\\\/fr\\\/la-romeria-pelerinage-au-costa-rica\\\/\",\"name\":\"La Romer\u00eda (p\u00e8lerinage) au Costa Rica - SensorialSunsets\",\"isPartOf\":{\"@id\":\"https:\\\/\\\/www.sensorialsunsets.com\\\/fr\\\/#website\"},\"primaryImageOfPage\":{\"@id\":\"https:\\\/\\\/www.sensorialsunsets.com\\\/fr\\\/la-romeria-pelerinage-au-costa-rica\\\/#primaryimage\"},\"image\":{\"@id\":\"https:\\\/\\\/www.sensorialsunsets.com\\\/fr\\\/la-romeria-pelerinage-au-costa-rica\\\/#primaryimage\"},\"thumbnailUrl\":\"https:\\\/\\\/www.sensorialsunsets.com\\\/wp-content\\\/uploads\\\/2022\\\/08\\\/unnamed-1.jpg\",\"datePublished\":\"2022-08-02T17:27:53+00:00\",\"dateModified\":\"2022-08-02T17:27:54+00:00\",\"description\":\"La Romer\u00eda au Costa Rica est un p\u00e8lerinage catholique qui a lieu tous les 2 ao\u00fbt. Il s'agit de la tradition religieuse la plus importante du pays.\",\"inLanguage\":\"fr-FR\",\"potentialAction\":[{\"@type\":\"ReadAction\",\"target\":[\"https:\\\/\\\/www.sensorialsunsets.com\\\/fr\\\/la-romeria-pelerinage-au-costa-rica\\\/\"]}]},{\"@type\":\"ImageObject\",\"inLanguage\":\"fr-FR\",\"@id\":\"https:\\\/\\\/www.sensorialsunsets.com\\\/fr\\\/la-romeria-pelerinage-au-costa-rica\\\/#primaryimage\",\"url\":\"https:\\\/\\\/www.sensorialsunsets.com\\\/wp-content\\\/uploads\\\/2022\\\/08\\\/unnamed-1.jpg\",\"contentUrl\":\"https:\\\/\\\/www.sensorialsunsets.com\\\/wp-content\\\/uploads\\\/2022\\\/08\\\/unnamed-1.jpg\",\"width\":512,\"height\":327},{\"@type\":\"WebSite\",\"@id\":\"https:\\\/\\\/www.sensorialsunsets.com\\\/fr\\\/#website\",\"url\":\"https:\\\/\\\/www.sensorialsunsets.com\\\/fr\\\/\",\"name\":\"SensorialSunsets.com\",\"description\":\"D\u00e9couvrez la culture et la soci\u00e9t\u00e9 du Costa Rica sur notre blog. Explorez des articles captivants et partagez le contenu.\",\"publisher\":{\"@id\":\"https:\\\/\\\/www.sensorialsunsets.com\\\/fr\\\/#organization\"},\"alternateName\":\"Costa Rica Live Blog\",\"potentialAction\":[{\"@type\":\"SearchAction\",\"target\":{\"@type\":\"EntryPoint\",\"urlTemplate\":\"https:\\\/\\\/www.sensorialsunsets.com\\\/fr\\\/?s={search_term_string}\"},\"query-input\":{\"@type\":\"PropertyValueSpecification\",\"valueRequired\":true,\"valueName\":\"search_term_string\"}}],\"inLanguage\":\"fr-FR\"},{\"@type\":\"Organization\",\"@id\":\"https:\\\/\\\/www.sensorialsunsets.com\\\/fr\\\/#organization\",\"name\":\"SensorialSunsets\",\"url\":\"https:\\\/\\\/www.sensorialsunsets.com\\\/fr\\\/\",\"logo\":{\"@type\":\"ImageObject\",\"inLanguage\":\"fr-FR\",\"@id\":\"https:\\\/\\\/www.sensorialsunsets.com\\\/fr\\\/#\\\/schema\\\/logo\\\/image\\\/\",\"url\":\"https:\\\/\\\/www.sensorialsunsets.com\\\/wp-content\\\/uploads\\\/2023\\\/04\\\/Logo_base_line_fond_clair.svg\",\"contentUrl\":\"https:\\\/\\\/www.sensorialsunsets.com\\\/wp-content\\\/uploads\\\/2023\\\/04\\\/Logo_base_line_fond_clair.svg\",\"width\":\"1024\",\"height\":\"1024\",\"caption\":\"SensorialSunsets\"},\"image\":{\"@id\":\"https:\\\/\\\/www.sensorialsunsets.com\\\/fr\\\/#\\\/schema\\\/logo\\\/image\\\/\"},\"sameAs\":[\"https:\\\/\\\/www.facebook.com\\\/Sensorial-Sunsets-109180614715562\",\"https:\\\/\\\/www.instagram.com\\\/sensorialsunsets\\\/\"]},{\"@type\":\"Person\",\"@id\":\"https:\\\/\\\/www.sensorialsunsets.com\\\/fr\\\/#\\\/schema\\\/person\\\/a8336a4dbeee633f087a194db2ca482f\",\"name\":\"Marian Barrantes\",\"image\":{\"@type\":\"ImageObject\",\"inLanguage\":\"fr-FR\",\"@id\":\"https:\\\/\\\/secure.gravatar.com\\\/avatar\\\/fafbfab67eb28029818d03f44e3037bd798e04434d8d5c0cfc2eea8ec2882a22?s=96&d=mm&r=g\",\"url\":\"https:\\\/\\\/secure.gravatar.com\\\/avatar\\\/fafbfab67eb28029818d03f44e3037bd798e04434d8d5c0cfc2eea8ec2882a22?s=96&d=mm&r=g\",\"contentUrl\":\"https:\\\/\\\/secure.gravatar.com\\\/avatar\\\/fafbfab67eb28029818d03f44e3037bd798e04434d8d5c0cfc2eea8ec2882a22?s=96&d=mm&r=g\",\"caption\":\"Marian Barrantes\"},\"sameAs\":[\"https:\\\/\\\/www.sensorialsunsets.com\"],\"url\":\"https:\\\/\\\/www.sensorialsunsets.com\\\/fr\\\/author\\\/mbarrantes\\\/\"}]}<\/script>\n<!-- \/ Yoast SEO plugin. -->","yoast_head_json":{"title":"La Romer\u00eda (p\u00e8lerinage) au Costa Rica - SensorialSunsets","description":"La Romer\u00eda au Costa Rica est un p\u00e8lerinage catholique qui a lieu tous les 2 ao\u00fbt. Il s'agit de la tradition religieuse la plus importante du pays.","robots":{"index":"index","follow":"follow","max-snippet":"max-snippet:-1","max-image-preview":"max-image-preview:large","max-video-preview":"max-video-preview:-1"},"canonical":"https:\/\/www.sensorialsunsets.com\/fr\/la-romeria-pelerinage-au-costa-rica\/","og_locale":"fr_FR","og_type":"article","og_title":"La Romer\u00eda (p\u00e8lerinage) au Costa Rica - SensorialSunsets","og_description":"La Romer\u00eda au Costa Rica est un p\u00e8lerinage catholique qui a lieu tous les 2 ao\u00fbt. Il s'agit de la tradition religieuse la plus importante du pays.","og_url":"https:\/\/www.sensorialsunsets.com\/fr\/la-romeria-pelerinage-au-costa-rica\/","og_site_name":"SensorialSunsets","article_publisher":"https:\/\/www.facebook.com\/Sensorial-Sunsets-109180614715562","article_published_time":"2022-08-02T17:27:53+00:00","article_modified_time":"2022-08-02T17:27:54+00:00","og_image":[{"width":512,"height":327,"url":"https:\/\/www.sensorialsunsets.com\/wp-content\/uploads\/2022\/08\/unnamed-1.jpg","type":"image\/jpeg"}],"author":"Marian Barrantes","twitter_card":"summary_large_image","twitter_misc":{"\u00c9crit par":"Marian Barrantes","Dur\u00e9e de lecture estim\u00e9e":"6 minutes"},"schema":{"@context":"https:\/\/schema.org","@graph":[{"@type":"Article","@id":"https:\/\/www.sensorialsunsets.com\/fr\/la-romeria-pelerinage-au-costa-rica\/#article","isPartOf":{"@id":"https:\/\/www.sensorialsunsets.com\/fr\/la-romeria-pelerinage-au-costa-rica\/"},"author":{"name":"Marian Barrantes","@id":"https:\/\/www.sensorialsunsets.com\/fr\/#\/schema\/person\/a8336a4dbeee633f087a194db2ca482f"},"headline":"La Romer\u00eda (p\u00e8lerinage) au Costa Rica","datePublished":"2022-08-02T17:27:53+00:00","dateModified":"2022-08-02T17:27:54+00:00","mainEntityOfPage":{"@id":"https:\/\/www.sensorialsunsets.com\/fr\/la-romeria-pelerinage-au-costa-rica\/"},"wordCount":1268,"publisher":{"@id":"https:\/\/www.sensorialsunsets.com\/fr\/#organization"},"image":{"@id":"https:\/\/www.sensorialsunsets.com\/fr\/la-romeria-pelerinage-au-costa-rica\/#primaryimage"},"thumbnailUrl":"https:\/\/www.sensorialsunsets.com\/wp-content\/uploads\/2022\/08\/unnamed-1.jpg","articleSection":["Costa Rica","Religion","Soci\u00e9t\u00e9"],"inLanguage":"fr-FR"},{"@type":"WebPage","@id":"https:\/\/www.sensorialsunsets.com\/fr\/la-romeria-pelerinage-au-costa-rica\/","url":"https:\/\/www.sensorialsunsets.com\/fr\/la-romeria-pelerinage-au-costa-rica\/","name":"La Romer\u00eda (p\u00e8lerinage) au Costa Rica - SensorialSunsets","isPartOf":{"@id":"https:\/\/www.sensorialsunsets.com\/fr\/#website"},"primaryImageOfPage":{"@id":"https:\/\/www.sensorialsunsets.com\/fr\/la-romeria-pelerinage-au-costa-rica\/#primaryimage"},"image":{"@id":"https:\/\/www.sensorialsunsets.com\/fr\/la-romeria-pelerinage-au-costa-rica\/#primaryimage"},"thumbnailUrl":"https:\/\/www.sensorialsunsets.com\/wp-content\/uploads\/2022\/08\/unnamed-1.jpg","datePublished":"2022-08-02T17:27:53+00:00","dateModified":"2022-08-02T17:27:54+00:00","description":"La Romer\u00eda au Costa Rica est un p\u00e8lerinage catholique qui a lieu tous les 2 ao\u00fbt. Il s'agit de la tradition religieuse la plus importante du pays.","inLanguage":"fr-FR","potentialAction":[{"@type":"ReadAction","target":["https:\/\/www.sensorialsunsets.com\/fr\/la-romeria-pelerinage-au-costa-rica\/"]}]},{"@type":"ImageObject","inLanguage":"fr-FR","@id":"https:\/\/www.sensorialsunsets.com\/fr\/la-romeria-pelerinage-au-costa-rica\/#primaryimage","url":"https:\/\/www.sensorialsunsets.com\/wp-content\/uploads\/2022\/08\/unnamed-1.jpg","contentUrl":"https:\/\/www.sensorialsunsets.com\/wp-content\/uploads\/2022\/08\/unnamed-1.jpg","width":512,"height":327},{"@type":"WebSite","@id":"https:\/\/www.sensorialsunsets.com\/fr\/#website","url":"https:\/\/www.sensorialsunsets.com\/fr\/","name":"SensorialSunsets.com","description":"D\u00e9couvrez la culture et la soci\u00e9t\u00e9 du Costa Rica sur notre blog. Explorez des articles captivants et partagez le contenu.","publisher":{"@id":"https:\/\/www.sensorialsunsets.com\/fr\/#organization"},"alternateName":"Costa Rica Live Blog","potentialAction":[{"@type":"SearchAction","target":{"@type":"EntryPoint","urlTemplate":"https:\/\/www.sensorialsunsets.com\/fr\/?s={search_term_string}"},"query-input":{"@type":"PropertyValueSpecification","valueRequired":true,"valueName":"search_term_string"}}],"inLanguage":"fr-FR"},{"@type":"Organization","@id":"https:\/\/www.sensorialsunsets.com\/fr\/#organization","name":"SensorialSunsets","url":"https:\/\/www.sensorialsunsets.com\/fr\/","logo":{"@type":"ImageObject","inLanguage":"fr-FR","@id":"https:\/\/www.sensorialsunsets.com\/fr\/#\/schema\/logo\/image\/","url":"https:\/\/www.sensorialsunsets.com\/wp-content\/uploads\/2023\/04\/Logo_base_line_fond_clair.svg","contentUrl":"https:\/\/www.sensorialsunsets.com\/wp-content\/uploads\/2023\/04\/Logo_base_line_fond_clair.svg","width":"1024","height":"1024","caption":"SensorialSunsets"},"image":{"@id":"https:\/\/www.sensorialsunsets.com\/fr\/#\/schema\/logo\/image\/"},"sameAs":["https:\/\/www.facebook.com\/Sensorial-Sunsets-109180614715562","https:\/\/www.instagram.com\/sensorialsunsets\/"]},{"@type":"Person","@id":"https:\/\/www.sensorialsunsets.com\/fr\/#\/schema\/person\/a8336a4dbeee633f087a194db2ca482f","name":"Marian Barrantes","image":{"@type":"ImageObject","inLanguage":"fr-FR","@id":"https:\/\/secure.gravatar.com\/avatar\/fafbfab67eb28029818d03f44e3037bd798e04434d8d5c0cfc2eea8ec2882a22?s=96&d=mm&r=g","url":"https:\/\/secure.gravatar.com\/avatar\/fafbfab67eb28029818d03f44e3037bd798e04434d8d5c0cfc2eea8ec2882a22?s=96&d=mm&r=g","contentUrl":"https:\/\/secure.gravatar.com\/avatar\/fafbfab67eb28029818d03f44e3037bd798e04434d8d5c0cfc2eea8ec2882a22?s=96&d=mm&r=g","caption":"Marian Barrantes"},"sameAs":["https:\/\/www.sensorialsunsets.com"],"url":"https:\/\/www.sensorialsunsets.com\/fr\/author\/mbarrantes\/"}]}},"_links":{"self":[{"href":"https:\/\/www.sensorialsunsets.com\/fr\/wp-json\/wp\/v2\/posts\/2910","targetHints":{"allow":["GET"]}}],"collection":[{"href":"https:\/\/www.sensorialsunsets.com\/fr\/wp-json\/wp\/v2\/posts"}],"about":[{"href":"https:\/\/www.sensorialsunsets.com\/fr\/wp-json\/wp\/v2\/types\/post"}],"author":[{"embeddable":true,"href":"https:\/\/www.sensorialsunsets.com\/fr\/wp-json\/wp\/v2\/users\/5"}],"replies":[{"embeddable":true,"href":"https:\/\/www.sensorialsunsets.com\/fr\/wp-json\/wp\/v2\/comments?post=2910"}],"version-history":[{"count":0,"href":"https:\/\/www.sensorialsunsets.com\/fr\/wp-json\/wp\/v2\/posts\/2910\/revisions"}],"wp:featuredmedia":[{"embeddable":true,"href":"https:\/\/www.sensorialsunsets.com\/fr\/wp-json\/wp\/v2\/media\/2904"}],"wp:attachment":[{"href":"https:\/\/www.sensorialsunsets.com\/fr\/wp-json\/wp\/v2\/media?parent=2910"}],"wp:term":[{"taxonomy":"category","embeddable":true,"href":"https:\/\/www.sensorialsunsets.com\/fr\/wp-json\/wp\/v2\/categories?post=2910"},{"taxonomy":"post_tag","embeddable":true,"href":"https:\/\/www.sensorialsunsets.com\/fr\/wp-json\/wp\/v2\/tags?post=2910"}],"curies":[{"name":"wp","href":"https:\/\/api.w.org\/{rel}","templated":true}]}}