{"id":2950,"date":"2022-08-05T17:33:11","date_gmt":"2022-08-05T17:33:11","guid":{"rendered":"https:\/\/www.sensorialsunsets.com\/pajaros-de-ciudad-un-exemple-de-la-litterature-costaricienne\/"},"modified":"2022-08-05T17:33:11","modified_gmt":"2022-08-05T17:33:11","slug":"pajaros-de-ciudad-un-exemple-de-la-litterature-costaricienne","status":"publish","type":"post","link":"https:\/\/www.sensorialsunsets.com\/fr\/pajaros-de-ciudad-un-exemple-de-la-litterature-costaricienne\/","title":{"rendered":"\u00ab\u00a0P\u00e1jaros de ciudad\u00a0\u00bb, un exemple de la litt\u00e9rature costaricienne"},"content":{"rendered":"\n<p><strong>\u00ab\u00a0P\u00e1jaros de ciudad\u00a0\u00bb est un roman de Steven Cubillo. Un exemple de la litt\u00e9rature costaricienne.<\/strong><\/p>\n\n<p>La litt\u00e9rature costaricienne a un pass\u00e9 colonial et une forte influence europ\u00e9enne, de sorte que la plupart de ses \u0153uvres ont \u00e9t\u00e9 produites principalement en espagnol, bien que de nombreuses \u0153uvres aient \u00e9galement \u00e9t\u00e9 \u00e9crites dans d&rsquo;autres langues, comme l&rsquo;anglais et le fran\u00e7ais.<\/p>\n\n<p>\u00c0 la fin du XIXe si\u00e8cle, un groupe d&rsquo;intellectuels et d&rsquo;hommes politiques favorables au d\u00e9veloppement de politiques lib\u00e9rales s&rsquo;\u00e9tait d\u00e9j\u00e0 \u00e9tabli dans le pays : la \u00ab\u00a0g\u00e9n\u00e9ration de l&rsquo;Olympe\u00a0\u00bb, nom qui leur a \u00e9t\u00e9 donn\u00e9 en raison de leur position de distance par rapport aux acteurs sociaux qu&rsquo;ils d\u00e9peignaient dans leurs textes litt\u00e9raires.<\/p>\n\n<p>Aujourd&rsquo;hui, de nombreux jeunes \u00e9crivains costariciens ont \u00e9merg\u00e9. Parmi eux, Steven Cubillo, qui a \u00e9crit le roman \u00ab\u00a0P\u00e1jaros en la ciudad\u00a0\u00bb (Des oiseaux dans la ville), qui aborde des sujets d&rsquo;actualit\u00e9 de mani\u00e8re surr\u00e9aliste.<\/p>\n\n<h2 class=\"wp-block-heading\"><strong>\u00ab\u00a0P\u00e1jaros de Ciudad\u00a0\u00bb, un roman de Steven Cubillo.<\/strong><\/h2>\n\n<p>Un homme se r\u00e9veille dans le fauteuil de sa maison et constate, \u00e0 sa grande surprise, que les autres meubles, les portes et les fen\u00eatres ont disparu. En s&rsquo;approchant d&rsquo;un mur, il d\u00e9couvre que celui-ci est compos\u00e9 de millions de minuscules lettres repr\u00e9sentant les textes les plus divers. Le reste de la salle r\u00e9p\u00e8te le ph\u00e9nom\u00e8ne : tout est fait de mots, de listes, de codes, de po\u00e8mes, de d\u00e9finitions et de concepts.<\/p>\n\n<p>Craignant d&rsquo;\u00eatre kidnapp\u00e9, et alors que tout semble pouvoir lui faire perdre la raison, il d\u00e9couvre un lecteur de films et une bo\u00eete en carton contenant des bobines de film. Puis il voit des masses blanches flottantes qui vibrent et pulsent, prenant la forme d&rsquo;une silhouette f\u00e9minine effrayante. La dame, par ses gestes, lui ordonne de placer une cassette.<\/p>\n\n<p>Ainsi, Basti\u00e1n commencera le bilan de sa vie sur la plage de son enfance, luttant aux c\u00f4t\u00e9s d&rsquo;\u00eatres mythiques de la mer et du ciel, pour ensuite s&rsquo;envoler vers une vall\u00e9e de ciment et de lumi\u00e8res, o\u00f9 il tentera de r\u00e9cup\u00e9rer le paradis perdu \u00e0 travers la chanson, les voyages, la solitude, l&rsquo;engagement et l&rsquo;\u00e9criture, sous le phare de l&rsquo;amour de ses grands-parents.<\/p>\n\n<figure class=\"wp-block-image size-large\"><img loading=\"lazy\" decoding=\"async\" width=\"1024\" height=\"576\" src=\"https:\/\/www.sensorialsunsets.com\/wp-content\/uploads\/2022\/08\/vd-photography-IMz1fPShZL4-unsplash-1024x576.jpg\" alt=\"oiseaux-sensorial-sunsets\" class=\"wp-image-2948\" srcset=\"https:\/\/www.sensorialsunsets.com\/wp-content\/uploads\/2022\/08\/vd-photography-IMz1fPShZL4-unsplash-1024x576.jpg 1024w, https:\/\/www.sensorialsunsets.com\/wp-content\/uploads\/2022\/08\/vd-photography-IMz1fPShZL4-unsplash-300x169.jpg 300w, https:\/\/www.sensorialsunsets.com\/wp-content\/uploads\/2022\/08\/vd-photography-IMz1fPShZL4-unsplash-768x432.jpg 768w, https:\/\/www.sensorialsunsets.com\/wp-content\/uploads\/2022\/08\/vd-photography-IMz1fPShZL4-unsplash-1536x864.jpg 1536w, https:\/\/www.sensorialsunsets.com\/wp-content\/uploads\/2022\/08\/vd-photography-IMz1fPShZL4-unsplash-2048x1152.jpg 2048w, https:\/\/www.sensorialsunsets.com\/wp-content\/uploads\/2022\/08\/vd-photography-IMz1fPShZL4-unsplash-1320x743.jpg 1320w\" sizes=\"auto, (max-width: 1024px) 100vw, 1024px\" \/><figcaption>P\u00e1jaros en la ciudad<\/figcaption><\/figure>\n<h2 class=\"wp-block-heading\"><strong>Una obra para la sociedad costarricense<\/strong><\/h2>\n\n<p>L&rsquo;art costaricien s&rsquo;est \u00e9tabli en fonction du comportement social et des exigences esth\u00e9tiques de certaines p\u00e9riodes historiques par lesquelles est pass\u00e9e la soci\u00e9t\u00e9 costaricienne. <\/p>\n\n<p>Le roman pr\u00e9sent\u00e9 par Steven Cubillo couvre le monde psychologique d&rsquo;une mani\u00e8re bibliographique, myst\u00e9rieuse et surr\u00e9aliste, mais \u00e0 partir d&rsquo;une vision humaniste. Il nous montre comment l&rsquo;humanit\u00e9 a \u00e9chou\u00e9 \u00e0 \u00e9tablir un nouvel ordre, o\u00f9 l&rsquo;amour est ce qui nous fait avancer en tant que soci\u00e9t\u00e9. L&rsquo;auteur d\u00e9peint le conflit du personnage, avec son ego et sa marginalit\u00e9 sociale : la solitude, la drogue et la lutte pour surmonter des conditions extr\u00eames de d\u00e9sespoir.<\/p>\n\n<p>\u00ab\u00a0P\u00e1jaros de ciudad\u00a0\u00bb est une \u0153uvre qui a une signification profonde sur l&rsquo;art et la vie. D\u00e9velopp\u00e9e en deux moments simultan\u00e9s et altern\u00e9s, cette histoire est construite \u00e0 partir de l&rsquo;imagination de Steven Cubillo. Une \u00e9criture surr\u00e9aliste de l&rsquo;espace-temps du pr\u00e9sent.\u00a0<\/p>\n\n<p><\/p>\n\n<p><strong>Auteure<\/strong><\/p>\n\n<p><strong>Zelda Walters pour SensorialSunsets<\/strong><\/p>\n\n<p><strong>Bibliographie<\/strong><\/p>\n\n<p><a href=\"https:\/\/www.unacomunica.una.ac.cr\/index.php\/setiembre-2021\/3664-la-literatura-costarricense-una-imaginacion-de-la-patria\">https:\/\/www.unacomunica.una.ac.cr\/index.php\/setiembre-2021\/3664-la-literatura-costarricense-una-imaginacion-de-la-patria<\/a><\/p>\n\n<p><a href=\"https:\/\/ticopedia.fandom.com\/wiki\/Literatura_de_Costa_Rica\">https:\/\/ticopedia.fandom.com\/wiki\/Literatura_de_Costa_Rica<\/a><\/p>\n\n<p><\/p>\n","protected":false},"excerpt":{"rendered":"<p>\u00ab\u00a0P\u00e1jaros de ciudad\u00a0\u00bb est un roman de Steven Cubillo. Un exemple de la litt\u00e9rature costaricienne. La litt\u00e9rature costaricienne a un pass\u00e9 colonial et une forte influence europ\u00e9enne, de sorte que la plupart de ses \u0153uvres ont \u00e9t\u00e9 produites principalement en espagnol, bien que de nombreuses \u0153uvres aient \u00e9galement \u00e9t\u00e9 \u00e9crites dans d&rsquo;autres langues, comme l&rsquo;anglais [&hellip;]<\/p>\n","protected":false},"author":5,"featured_media":2945,"comment_status":"closed","ping_status":"closed","sticky":false,"template":"","format":"standard","meta":{"_acf_changed":false,"inline_featured_image":false,"_monsterinsights_skip_tracking":false,"_monsterinsights_sitenote_active":false,"_monsterinsights_sitenote_note":"","_monsterinsights_sitenote_category":0,"footnotes":""},"categories":[100,153],"tags":[],"class_list":["post-2950","post","type-post","status-publish","format-standard","has-post-thumbnail","hentry","category-costa-rica-fr","category-litterature-fr"],"acf":[],"yoast_head":"<!-- This site is optimized with the Yoast SEO plugin v27.4 - https:\/\/yoast.com\/product\/yoast-seo-wordpress\/ -->\n<title>&quot;P\u00e1jaros de ciudad&quot;, un exemple de la litt\u00e9rature costaricienne - SensorialSunsets<\/title>\n<meta name=\"robots\" content=\"index, follow, max-snippet:-1, max-image-preview:large, max-video-preview:-1\" \/>\n<link rel=\"canonical\" href=\"https:\/\/www.sensorialsunsets.com\/fr\/pajaros-de-ciudad-un-exemple-de-la-litterature-costaricienne\/\" \/>\n<meta property=\"og:locale\" content=\"fr_FR\" \/>\n<meta property=\"og:type\" content=\"article\" \/>\n<meta property=\"og:title\" content=\"&quot;P\u00e1jaros de ciudad&quot;, un exemple de la litt\u00e9rature costaricienne - SensorialSunsets\" \/>\n<meta property=\"og:description\" content=\"\u00ab\u00a0P\u00e1jaros de ciudad\u00a0\u00bb est un roman de Steven Cubillo. Un exemple de la litt\u00e9rature costaricienne. La litt\u00e9rature costaricienne a un pass\u00e9 colonial et une forte influence europ\u00e9enne, de sorte que la plupart de ses \u0153uvres ont \u00e9t\u00e9 produites principalement en espagnol, bien que de nombreuses \u0153uvres aient \u00e9galement \u00e9t\u00e9 \u00e9crites dans d&rsquo;autres langues, comme l&rsquo;anglais [&hellip;]\" \/>\n<meta property=\"og:url\" content=\"https:\/\/www.sensorialsunsets.com\/fr\/pajaros-de-ciudad-un-exemple-de-la-litterature-costaricienne\/\" \/>\n<meta property=\"og:site_name\" content=\"SensorialSunsets\" \/>\n<meta property=\"article:publisher\" content=\"https:\/\/www.facebook.com\/Sensorial-Sunsets-109180614715562\" \/>\n<meta property=\"article:published_time\" content=\"2022-08-05T17:33:11+00:00\" \/>\n<meta property=\"og:image\" content=\"https:\/\/www.sensorialsunsets.com\/wp-content\/uploads\/2022\/08\/jaredd-craig-HH4WBGNyltc-unsplash-scaled.jpg\" \/>\n\t<meta property=\"og:image:width\" content=\"1707\" \/>\n\t<meta property=\"og:image:height\" content=\"2560\" \/>\n\t<meta property=\"og:image:type\" content=\"image\/jpeg\" \/>\n<meta name=\"author\" content=\"Marian Barrantes\" \/>\n<meta name=\"twitter:card\" content=\"summary_large_image\" \/>\n<meta name=\"twitter:label1\" content=\"\u00c9crit par\" \/>\n\t<meta name=\"twitter:data1\" content=\"Marian Barrantes\" \/>\n\t<meta name=\"twitter:label2\" content=\"Dur\u00e9e de lecture estim\u00e9e\" \/>\n\t<meta name=\"twitter:data2\" content=\"3 minutes\" \/>\n<script type=\"application\/ld+json\" class=\"yoast-schema-graph\">{\"@context\":\"https:\\\/\\\/schema.org\",\"@graph\":[{\"@type\":\"Article\",\"@id\":\"https:\\\/\\\/www.sensorialsunsets.com\\\/fr\\\/pajaros-de-ciudad-un-exemple-de-la-litterature-costaricienne\\\/#article\",\"isPartOf\":{\"@id\":\"https:\\\/\\\/www.sensorialsunsets.com\\\/fr\\\/pajaros-de-ciudad-un-exemple-de-la-litterature-costaricienne\\\/\"},\"author\":{\"name\":\"Marian Barrantes\",\"@id\":\"https:\\\/\\\/www.sensorialsunsets.com\\\/fr\\\/#\\\/schema\\\/person\\\/a8336a4dbeee633f087a194db2ca482f\"},\"headline\":\"\u00ab\u00a0P\u00e1jaros de ciudad\u00a0\u00bb, un exemple de la litt\u00e9rature costaricienne\",\"datePublished\":\"2022-08-05T17:33:11+00:00\",\"mainEntityOfPage\":{\"@id\":\"https:\\\/\\\/www.sensorialsunsets.com\\\/fr\\\/pajaros-de-ciudad-un-exemple-de-la-litterature-costaricienne\\\/\"},\"wordCount\":609,\"publisher\":{\"@id\":\"https:\\\/\\\/www.sensorialsunsets.com\\\/fr\\\/#organization\"},\"image\":{\"@id\":\"https:\\\/\\\/www.sensorialsunsets.com\\\/fr\\\/pajaros-de-ciudad-un-exemple-de-la-litterature-costaricienne\\\/#primaryimage\"},\"thumbnailUrl\":\"https:\\\/\\\/www.sensorialsunsets.com\\\/wp-content\\\/uploads\\\/2022\\\/08\\\/jaredd-craig-HH4WBGNyltc-unsplash-scaled.jpg\",\"articleSection\":[\"Costa Rica\",\"Litt\u00e9rature\"],\"inLanguage\":\"fr-FR\"},{\"@type\":\"WebPage\",\"@id\":\"https:\\\/\\\/www.sensorialsunsets.com\\\/fr\\\/pajaros-de-ciudad-un-exemple-de-la-litterature-costaricienne\\\/\",\"url\":\"https:\\\/\\\/www.sensorialsunsets.com\\\/fr\\\/pajaros-de-ciudad-un-exemple-de-la-litterature-costaricienne\\\/\",\"name\":\"\\\"P\u00e1jaros de ciudad\\\", un exemple de la litt\u00e9rature costaricienne - SensorialSunsets\",\"isPartOf\":{\"@id\":\"https:\\\/\\\/www.sensorialsunsets.com\\\/fr\\\/#website\"},\"primaryImageOfPage\":{\"@id\":\"https:\\\/\\\/www.sensorialsunsets.com\\\/fr\\\/pajaros-de-ciudad-un-exemple-de-la-litterature-costaricienne\\\/#primaryimage\"},\"image\":{\"@id\":\"https:\\\/\\\/www.sensorialsunsets.com\\\/fr\\\/pajaros-de-ciudad-un-exemple-de-la-litterature-costaricienne\\\/#primaryimage\"},\"thumbnailUrl\":\"https:\\\/\\\/www.sensorialsunsets.com\\\/wp-content\\\/uploads\\\/2022\\\/08\\\/jaredd-craig-HH4WBGNyltc-unsplash-scaled.jpg\",\"datePublished\":\"2022-08-05T17:33:11+00:00\",\"inLanguage\":\"fr-FR\",\"potentialAction\":[{\"@type\":\"ReadAction\",\"target\":[\"https:\\\/\\\/www.sensorialsunsets.com\\\/fr\\\/pajaros-de-ciudad-un-exemple-de-la-litterature-costaricienne\\\/\"]}]},{\"@type\":\"ImageObject\",\"inLanguage\":\"fr-FR\",\"@id\":\"https:\\\/\\\/www.sensorialsunsets.com\\\/fr\\\/pajaros-de-ciudad-un-exemple-de-la-litterature-costaricienne\\\/#primaryimage\",\"url\":\"https:\\\/\\\/www.sensorialsunsets.com\\\/wp-content\\\/uploads\\\/2022\\\/08\\\/jaredd-craig-HH4WBGNyltc-unsplash-scaled.jpg\",\"contentUrl\":\"https:\\\/\\\/www.sensorialsunsets.com\\\/wp-content\\\/uploads\\\/2022\\\/08\\\/jaredd-craig-HH4WBGNyltc-unsplash-scaled.jpg\",\"width\":1707,\"height\":2560},{\"@type\":\"WebSite\",\"@id\":\"https:\\\/\\\/www.sensorialsunsets.com\\\/fr\\\/#website\",\"url\":\"https:\\\/\\\/www.sensorialsunsets.com\\\/fr\\\/\",\"name\":\"SensorialSunsets.com\",\"description\":\"D\u00e9couvrez la culture et la soci\u00e9t\u00e9 du Costa Rica sur notre blog. Explorez des articles captivants et partagez le contenu.\",\"publisher\":{\"@id\":\"https:\\\/\\\/www.sensorialsunsets.com\\\/fr\\\/#organization\"},\"alternateName\":\"Costa Rica Live Blog\",\"potentialAction\":[{\"@type\":\"SearchAction\",\"target\":{\"@type\":\"EntryPoint\",\"urlTemplate\":\"https:\\\/\\\/www.sensorialsunsets.com\\\/fr\\\/?s={search_term_string}\"},\"query-input\":{\"@type\":\"PropertyValueSpecification\",\"valueRequired\":true,\"valueName\":\"search_term_string\"}}],\"inLanguage\":\"fr-FR\"},{\"@type\":\"Organization\",\"@id\":\"https:\\\/\\\/www.sensorialsunsets.com\\\/fr\\\/#organization\",\"name\":\"SensorialSunsets\",\"url\":\"https:\\\/\\\/www.sensorialsunsets.com\\\/fr\\\/\",\"logo\":{\"@type\":\"ImageObject\",\"inLanguage\":\"fr-FR\",\"@id\":\"https:\\\/\\\/www.sensorialsunsets.com\\\/fr\\\/#\\\/schema\\\/logo\\\/image\\\/\",\"url\":\"https:\\\/\\\/www.sensorialsunsets.com\\\/wp-content\\\/uploads\\\/2023\\\/04\\\/Logo_base_line_fond_clair.svg\",\"contentUrl\":\"https:\\\/\\\/www.sensorialsunsets.com\\\/wp-content\\\/uploads\\\/2023\\\/04\\\/Logo_base_line_fond_clair.svg\",\"width\":\"1024\",\"height\":\"1024\",\"caption\":\"SensorialSunsets\"},\"image\":{\"@id\":\"https:\\\/\\\/www.sensorialsunsets.com\\\/fr\\\/#\\\/schema\\\/logo\\\/image\\\/\"},\"sameAs\":[\"https:\\\/\\\/www.facebook.com\\\/Sensorial-Sunsets-109180614715562\",\"https:\\\/\\\/www.instagram.com\\\/sensorialsunsets\\\/\"]},{\"@type\":\"Person\",\"@id\":\"https:\\\/\\\/www.sensorialsunsets.com\\\/fr\\\/#\\\/schema\\\/person\\\/a8336a4dbeee633f087a194db2ca482f\",\"name\":\"Marian Barrantes\",\"image\":{\"@type\":\"ImageObject\",\"inLanguage\":\"fr-FR\",\"@id\":\"https:\\\/\\\/secure.gravatar.com\\\/avatar\\\/fafbfab67eb28029818d03f44e3037bd798e04434d8d5c0cfc2eea8ec2882a22?s=96&d=mm&r=g\",\"url\":\"https:\\\/\\\/secure.gravatar.com\\\/avatar\\\/fafbfab67eb28029818d03f44e3037bd798e04434d8d5c0cfc2eea8ec2882a22?s=96&d=mm&r=g\",\"contentUrl\":\"https:\\\/\\\/secure.gravatar.com\\\/avatar\\\/fafbfab67eb28029818d03f44e3037bd798e04434d8d5c0cfc2eea8ec2882a22?s=96&d=mm&r=g\",\"caption\":\"Marian Barrantes\"},\"sameAs\":[\"https:\\\/\\\/www.sensorialsunsets.com\"],\"url\":\"https:\\\/\\\/www.sensorialsunsets.com\\\/fr\\\/author\\\/mbarrantes\\\/\"}]}<\/script>\n<!-- \/ Yoast SEO plugin. -->","yoast_head_json":{"title":"\"P\u00e1jaros de ciudad\", un exemple de la litt\u00e9rature costaricienne - SensorialSunsets","robots":{"index":"index","follow":"follow","max-snippet":"max-snippet:-1","max-image-preview":"max-image-preview:large","max-video-preview":"max-video-preview:-1"},"canonical":"https:\/\/www.sensorialsunsets.com\/fr\/pajaros-de-ciudad-un-exemple-de-la-litterature-costaricienne\/","og_locale":"fr_FR","og_type":"article","og_title":"\"P\u00e1jaros de ciudad\", un exemple de la litt\u00e9rature costaricienne - SensorialSunsets","og_description":"\u00ab\u00a0P\u00e1jaros de ciudad\u00a0\u00bb est un roman de Steven Cubillo. Un exemple de la litt\u00e9rature costaricienne. La litt\u00e9rature costaricienne a un pass\u00e9 colonial et une forte influence europ\u00e9enne, de sorte que la plupart de ses \u0153uvres ont \u00e9t\u00e9 produites principalement en espagnol, bien que de nombreuses \u0153uvres aient \u00e9galement \u00e9t\u00e9 \u00e9crites dans d&rsquo;autres langues, comme l&rsquo;anglais [&hellip;]","og_url":"https:\/\/www.sensorialsunsets.com\/fr\/pajaros-de-ciudad-un-exemple-de-la-litterature-costaricienne\/","og_site_name":"SensorialSunsets","article_publisher":"https:\/\/www.facebook.com\/Sensorial-Sunsets-109180614715562","article_published_time":"2022-08-05T17:33:11+00:00","og_image":[{"width":1707,"height":2560,"url":"https:\/\/www.sensorialsunsets.com\/wp-content\/uploads\/2022\/08\/jaredd-craig-HH4WBGNyltc-unsplash-scaled.jpg","type":"image\/jpeg"}],"author":"Marian Barrantes","twitter_card":"summary_large_image","twitter_misc":{"\u00c9crit par":"Marian Barrantes","Dur\u00e9e de lecture estim\u00e9e":"3 minutes"},"schema":{"@context":"https:\/\/schema.org","@graph":[{"@type":"Article","@id":"https:\/\/www.sensorialsunsets.com\/fr\/pajaros-de-ciudad-un-exemple-de-la-litterature-costaricienne\/#article","isPartOf":{"@id":"https:\/\/www.sensorialsunsets.com\/fr\/pajaros-de-ciudad-un-exemple-de-la-litterature-costaricienne\/"},"author":{"name":"Marian Barrantes","@id":"https:\/\/www.sensorialsunsets.com\/fr\/#\/schema\/person\/a8336a4dbeee633f087a194db2ca482f"},"headline":"\u00ab\u00a0P\u00e1jaros de ciudad\u00a0\u00bb, un exemple de la litt\u00e9rature costaricienne","datePublished":"2022-08-05T17:33:11+00:00","mainEntityOfPage":{"@id":"https:\/\/www.sensorialsunsets.com\/fr\/pajaros-de-ciudad-un-exemple-de-la-litterature-costaricienne\/"},"wordCount":609,"publisher":{"@id":"https:\/\/www.sensorialsunsets.com\/fr\/#organization"},"image":{"@id":"https:\/\/www.sensorialsunsets.com\/fr\/pajaros-de-ciudad-un-exemple-de-la-litterature-costaricienne\/#primaryimage"},"thumbnailUrl":"https:\/\/www.sensorialsunsets.com\/wp-content\/uploads\/2022\/08\/jaredd-craig-HH4WBGNyltc-unsplash-scaled.jpg","articleSection":["Costa Rica","Litt\u00e9rature"],"inLanguage":"fr-FR"},{"@type":"WebPage","@id":"https:\/\/www.sensorialsunsets.com\/fr\/pajaros-de-ciudad-un-exemple-de-la-litterature-costaricienne\/","url":"https:\/\/www.sensorialsunsets.com\/fr\/pajaros-de-ciudad-un-exemple-de-la-litterature-costaricienne\/","name":"\"P\u00e1jaros de ciudad\", un exemple de la litt\u00e9rature costaricienne - SensorialSunsets","isPartOf":{"@id":"https:\/\/www.sensorialsunsets.com\/fr\/#website"},"primaryImageOfPage":{"@id":"https:\/\/www.sensorialsunsets.com\/fr\/pajaros-de-ciudad-un-exemple-de-la-litterature-costaricienne\/#primaryimage"},"image":{"@id":"https:\/\/www.sensorialsunsets.com\/fr\/pajaros-de-ciudad-un-exemple-de-la-litterature-costaricienne\/#primaryimage"},"thumbnailUrl":"https:\/\/www.sensorialsunsets.com\/wp-content\/uploads\/2022\/08\/jaredd-craig-HH4WBGNyltc-unsplash-scaled.jpg","datePublished":"2022-08-05T17:33:11+00:00","inLanguage":"fr-FR","potentialAction":[{"@type":"ReadAction","target":["https:\/\/www.sensorialsunsets.com\/fr\/pajaros-de-ciudad-un-exemple-de-la-litterature-costaricienne\/"]}]},{"@type":"ImageObject","inLanguage":"fr-FR","@id":"https:\/\/www.sensorialsunsets.com\/fr\/pajaros-de-ciudad-un-exemple-de-la-litterature-costaricienne\/#primaryimage","url":"https:\/\/www.sensorialsunsets.com\/wp-content\/uploads\/2022\/08\/jaredd-craig-HH4WBGNyltc-unsplash-scaled.jpg","contentUrl":"https:\/\/www.sensorialsunsets.com\/wp-content\/uploads\/2022\/08\/jaredd-craig-HH4WBGNyltc-unsplash-scaled.jpg","width":1707,"height":2560},{"@type":"WebSite","@id":"https:\/\/www.sensorialsunsets.com\/fr\/#website","url":"https:\/\/www.sensorialsunsets.com\/fr\/","name":"SensorialSunsets.com","description":"D\u00e9couvrez la culture et la soci\u00e9t\u00e9 du Costa Rica sur notre blog. Explorez des articles captivants et partagez le contenu.","publisher":{"@id":"https:\/\/www.sensorialsunsets.com\/fr\/#organization"},"alternateName":"Costa Rica Live Blog","potentialAction":[{"@type":"SearchAction","target":{"@type":"EntryPoint","urlTemplate":"https:\/\/www.sensorialsunsets.com\/fr\/?s={search_term_string}"},"query-input":{"@type":"PropertyValueSpecification","valueRequired":true,"valueName":"search_term_string"}}],"inLanguage":"fr-FR"},{"@type":"Organization","@id":"https:\/\/www.sensorialsunsets.com\/fr\/#organization","name":"SensorialSunsets","url":"https:\/\/www.sensorialsunsets.com\/fr\/","logo":{"@type":"ImageObject","inLanguage":"fr-FR","@id":"https:\/\/www.sensorialsunsets.com\/fr\/#\/schema\/logo\/image\/","url":"https:\/\/www.sensorialsunsets.com\/wp-content\/uploads\/2023\/04\/Logo_base_line_fond_clair.svg","contentUrl":"https:\/\/www.sensorialsunsets.com\/wp-content\/uploads\/2023\/04\/Logo_base_line_fond_clair.svg","width":"1024","height":"1024","caption":"SensorialSunsets"},"image":{"@id":"https:\/\/www.sensorialsunsets.com\/fr\/#\/schema\/logo\/image\/"},"sameAs":["https:\/\/www.facebook.com\/Sensorial-Sunsets-109180614715562","https:\/\/www.instagram.com\/sensorialsunsets\/"]},{"@type":"Person","@id":"https:\/\/www.sensorialsunsets.com\/fr\/#\/schema\/person\/a8336a4dbeee633f087a194db2ca482f","name":"Marian Barrantes","image":{"@type":"ImageObject","inLanguage":"fr-FR","@id":"https:\/\/secure.gravatar.com\/avatar\/fafbfab67eb28029818d03f44e3037bd798e04434d8d5c0cfc2eea8ec2882a22?s=96&d=mm&r=g","url":"https:\/\/secure.gravatar.com\/avatar\/fafbfab67eb28029818d03f44e3037bd798e04434d8d5c0cfc2eea8ec2882a22?s=96&d=mm&r=g","contentUrl":"https:\/\/secure.gravatar.com\/avatar\/fafbfab67eb28029818d03f44e3037bd798e04434d8d5c0cfc2eea8ec2882a22?s=96&d=mm&r=g","caption":"Marian Barrantes"},"sameAs":["https:\/\/www.sensorialsunsets.com"],"url":"https:\/\/www.sensorialsunsets.com\/fr\/author\/mbarrantes\/"}]}},"_links":{"self":[{"href":"https:\/\/www.sensorialsunsets.com\/fr\/wp-json\/wp\/v2\/posts\/2950","targetHints":{"allow":["GET"]}}],"collection":[{"href":"https:\/\/www.sensorialsunsets.com\/fr\/wp-json\/wp\/v2\/posts"}],"about":[{"href":"https:\/\/www.sensorialsunsets.com\/fr\/wp-json\/wp\/v2\/types\/post"}],"author":[{"embeddable":true,"href":"https:\/\/www.sensorialsunsets.com\/fr\/wp-json\/wp\/v2\/users\/5"}],"replies":[{"embeddable":true,"href":"https:\/\/www.sensorialsunsets.com\/fr\/wp-json\/wp\/v2\/comments?post=2950"}],"version-history":[{"count":0,"href":"https:\/\/www.sensorialsunsets.com\/fr\/wp-json\/wp\/v2\/posts\/2950\/revisions"}],"wp:featuredmedia":[{"embeddable":true,"href":"https:\/\/www.sensorialsunsets.com\/fr\/wp-json\/wp\/v2\/media\/2945"}],"wp:attachment":[{"href":"https:\/\/www.sensorialsunsets.com\/fr\/wp-json\/wp\/v2\/media?parent=2950"}],"wp:term":[{"taxonomy":"category","embeddable":true,"href":"https:\/\/www.sensorialsunsets.com\/fr\/wp-json\/wp\/v2\/categories?post=2950"},{"taxonomy":"post_tag","embeddable":true,"href":"https:\/\/www.sensorialsunsets.com\/fr\/wp-json\/wp\/v2\/tags?post=2950"}],"curies":[{"name":"wp","href":"https:\/\/api.w.org\/{rel}","templated":true}]}}