{"id":3025,"date":"2022-08-08T21:50:36","date_gmt":"2022-08-08T21:50:36","guid":{"rendered":"https:\/\/www.sensorialsunsets.com\/education-religieuse-et-agnosticisme-au-costa-rica\/"},"modified":"2022-08-08T21:50:37","modified_gmt":"2022-08-08T21:50:37","slug":"education-religieuse-et-agnosticisme-au-costa-rica","status":"publish","type":"post","link":"https:\/\/www.sensorialsunsets.com\/fr\/education-religieuse-et-agnosticisme-au-costa-rica\/","title":{"rendered":"\u00c9ducation religieuse et agnosticisme au Costa Rica"},"content":{"rendered":"\n<p><strong>\u00c9ducation religieuse et agnosticisme au Costa Rica.<\/strong><\/p>\n\n<p><\/p>\n\n<p>L&rsquo;une des particularit\u00e9s du Costa Rica est que l&rsquo;article 75 de la Constitution costaricienne stipule que le catholicisme est la religion officielle du pays, ce qui fait du Costa Rica le seul \u00c9tat des Am\u00e9riques \u00e0 avoir une religion d&rsquo;\u00c9tat. Le d\u00e9bat actuel sur la question et l&rsquo;\u00e9volution vers un \u00c9tat la\u00efque \u00e0 part enti\u00e8re fait l&rsquo;objet d&rsquo;un d\u00e9bat public et politique.<\/p>\n\n<p>L&rsquo;article 75 de la Constitution dispose que \u00ab\u00a0la religion catholique, apostolique et romaine est la religion de l&rsquo;\u00c9tat, qui contribue \u00e0 son maintien\u00a0\u00bb. Ainsi, non seulement l&rsquo;ensemble de la population costaricienne, quelle que soit sa religion, paie des imp\u00f4ts \u00e0 l&rsquo;\u00c9glise catholique, mais l&rsquo;\u00c9glise joue \u00e9galement un r\u00f4le important dans d&rsquo;autres domaines politiques et \u00e9ducatifs.<\/p>\n\n<p>Les cours de religion font partie du programme du syst\u00e8me \u00e9ducatif costaricien, bien qu&rsquo;il s&rsquo;agisse d&rsquo;une mati\u00e8re facultative.\u00a0 Plus de 1 400 professeurs des \u00e9coles et coll\u00e8ges publics enseignent cette mati\u00e8re, qui a \u00e9t\u00e9 introduite il y a plus de 80 ans \u00e0 la suite d&rsquo;une n\u00e9gociation entre M. Calder\u00f3n Guardia et l&rsquo;\u00c9glise catholique.\u00a0<\/p>\n\n<h2 class=\"wp-block-heading\"><strong>\u00c9ducation religieuse et agnosticisme au Costa Rica.<\/strong><\/h2>\n\n<p>L&rsquo;\u00e9ducation religieuse est principalement bas\u00e9e sur le confessionnalisme, ce qui signifie que la religion enseign\u00e9e dans les \u00e9coles est catholique.<\/p>\n\n<p>Ce n&rsquo;est qu&rsquo;au XIXe si\u00e8cle que la neutralit\u00e9 religieuse a \u00e9t\u00e9 introduite dans les \u00e9coles publiques. La neutralit\u00e9 signifiait que les \u00e9l\u00e8ves recevraient un enseignement sur les diff\u00e9rentes religions, mais qu&rsquo;ils ne seraient pas tenus d&rsquo;en pratiquer une. Cela a entra\u00een\u00e9 une augmentation du nombre de catholiques, de protestants et de juifs au sein de la population costaricienne, car davantage de personnes ont \u00e9t\u00e9 expos\u00e9es \u00e0 ces religions.<\/p>\n\n<p>Au XXe si\u00e8cle, l&rsquo;interculturalisme s&rsquo;est d\u00e9velopp\u00e9 au sein de la soci\u00e9t\u00e9 costaricienne, de m\u00eame que l&rsquo;\u00e9ducation religieuse.<\/p>\n\n<p>Au sein de la classe, il existe diff\u00e9rents mod\u00e8les d&rsquo;\u00e9ducation religieuse qui coexistent souvent dans les institutions. Le premier mod\u00e8le est celui de la \u00ab\u00a0religion est une affaire priv\u00e9e\u00a0\u00bb, qui a pr\u00e9valu au cours du XIXe si\u00e8cle et au d\u00e9but du XXe si\u00e8cle, mais qui a aujourd&rsquo;hui \u00e9t\u00e9 largement abandonn\u00e9. Le deuxi\u00e8me mod\u00e8le est le mod\u00e8le \u00ab\u00a0l&rsquo;instruction religieuse doit avoir lieu \u00e0 la maison\u00a0\u00bb, qui est encore utilis\u00e9 par de nombreux parents et enseignants aujourd&rsquo;hui. Le troisi\u00e8me mod\u00e8le est le mod\u00e8le \u00ab\u00a0l&rsquo;instruction religieuse doit \u00eatre donn\u00e9e \u00e0 l&rsquo;\u00e9cole\u00a0\u00bb, qui est dominant depuis les ann\u00e9es 1940.<\/p>\n\n<h2 class=\"wp-block-heading\"><strong>Pourquoi des cours de religion?<\/strong><\/h2>\n\n<p>La religion catholique est la seule religion enseign\u00e9e dans les \u00e9coles et les universit\u00e9s publiques. Au Costa Rica, les cours de religion sont obligatoires pour tous les \u00e9l\u00e8ves qui pratiquent la religion catholique. Mais tous les parents ne sont pas d&rsquo;accord avec ce syst\u00e8me et de nombreux parents choisissent d&rsquo;\u00e9duquer leurs enfants \u00e0 la maison.<\/p>\n\n<p>Si le peuple costaricien est chr\u00e9tien et que ses lois scolaires sont chr\u00e9tiennes, l&rsquo;\u00e9ducation religieuse des enfants doit \u00eatre consid\u00e9r\u00e9e comme fondamentale et en aucun cas comme une question accessoire ou secondaire (Fern\u00e1ndez, 1887, p. 111).<\/p>\n\n<p>Cependant, on constate une augmentation du nombre d&rsquo;\u00e9tudiants agnostiques qui ne croient en aucune religion et ne participent donc pas \u00e0 ces cours. Cette situation a conduit les l\u00e9gislateurs costariciens \u00e0 se prononcer sur l&rsquo;opportunit\u00e9 d&rsquo;\u00e9liminer totalement l&rsquo;enseignement religieux des \u00e9coles publiques.<\/p>\n\n<p>En fait, la tendance en Am\u00e9rique latine \u00e0 \u00eatre un \u00c9tat confessionnel sans religion officielle exprim\u00e9e a fait du Costa Rica le seul pays de la r\u00e9gion \u00e0 avoir une religion d&rsquo;\u00c9tat officielle.\u00a0<\/p>\n\n<figure class=\"wp-block-image size-full\"><img loading=\"lazy\" decoding=\"async\" width=\"750\" height=\"410\" src=\"https:\/\/www.sensorialsunsets.com\/wp-content\/uploads\/2022\/08\/cr-2-750x410-1.jpg\" alt=\"ecoliers-costa-rica-sensorial-sunsets\" class=\"wp-image-3023\" srcset=\"https:\/\/www.sensorialsunsets.com\/wp-content\/uploads\/2022\/08\/cr-2-750x410-1.jpg 750w, https:\/\/www.sensorialsunsets.com\/wp-content\/uploads\/2022\/08\/cr-2-750x410-1-300x164.jpg 300w, https:\/\/www.sensorialsunsets.com\/wp-content\/uploads\/2022\/08\/cr-2-750x410-1-278x151.jpg 278w\" sizes=\"auto, (max-width: 750px) 100vw, 750px\" \/><figcaption>Ecoliers au Costa Rica &#8211; photo: Otras Voces en Educaci\u00f3n<\/figcaption><\/figure>\n<h2 class=\"wp-block-heading\"><strong>Progression de l&rsquo;agnosticisme au Costa Rica<\/strong><\/h2>\n\n<p>Le Costa Rica a une longue histoire d&rsquo;\u00e9ducation religieuse dans les institutions publiques. La d\u00e9cision du gouvernement de proposer ces cours en tant que cours obligatoire a \u00e9t\u00e9 remise en question par la population, beaucoup affirmant qu&rsquo;elle viole la libert\u00e9 de religion.<\/p>\n\n<p>L&rsquo;\u00e9ducation inclusive est une nouvelle tendance dans le pays. Cela signifie que les \u00e9coles doivent enseigner les diff\u00e9rentes religions et croyances, y compris l&rsquo;ath\u00e9isme et l&rsquo;agnosticisme. Bien que ce ne soit pas la premi\u00e8re fois que le Costa Rica conna\u00eet une augmentation du nombre d&rsquo;agnostiques. Le pays a \u00e9t\u00e9 l&rsquo;un des premiers \u00e0 conna\u00eetre un tel essor de l&rsquo;agnosticisme en Europe et en Am\u00e9rique latine apr\u00e8s la Seconde Guerre mondiale.<\/p>\n\n<p>En effet, le Costa Rica est un pays majoritairement catholique, mais avec la mont\u00e9e des groupes agnostiques, l&rsquo;\u00e9ducation religieuse est en train de changer. Le pays a connu une augmentation de 20% du nombre de personnes s&rsquo;identifiant comme agnostiques entre 2006 et 2016. Ce changement dans l&rsquo;\u00e9ducation religieuse a conduit \u00e0 une augmentation de la la\u00efcit\u00e9 et \u00e0 davantage de d\u00e9bats sur ce que signifie \u00eatre ath\u00e9e.<\/p>\n\n<p>Bien que le syst\u00e8me \u00e9ducatif costaricien soit la\u00efc, il comporte n\u00e9anmoins de nombreux contenus religieux. Cependant, la hi\u00e9rarchie catholique a un poids important dans les d\u00e9cisions prises par le minist\u00e8re de l&rsquo;\u00e9ducation et, jusqu&rsquo;\u00e0 il y a quelques mois, la hi\u00e9rarchie catholique d\u00e9cidait quelles personnes pouvaient enseigner la religion, qu&rsquo;elles aient ou non une formation universitaire.<\/p>\n\n<h2 class=\"wp-block-heading\"><strong>En bref<\/strong><\/h2>\n\n<ul class=\"wp-block-list\"><li>L&rsquo;article 75 de la Constitution dispose que \u00ab\u00a0la religion catholique, apostolique et romaine est la religion de l&rsquo;\u00c9tat, qui contribue \u00e0 son maintien\u00a0\u00bb.<\/li><li>Ce n&rsquo;est qu&rsquo;au XIXe si\u00e8cle que la neutralit\u00e9 religieuse a \u00e9t\u00e9 introduite dans les \u00e9coles publiques.<\/li><li>Au Costa Rica, les cours de religion sont obligatoires pour tous les \u00e9l\u00e8ves catholiques.<\/li><li>La tendance en Am\u00e9rique latine \u00e0 \u00eatre un \u00c9tat confessionnel sans religion officielle exprim\u00e9e a fait du Costa Rica le seul pays de la r\u00e9gion \u00e0 avoir une religion d&rsquo;\u00c9tat officielle.<\/li><\/ul>\n<p><strong>Auteure<\/strong><\/p>\n\n<p>Zelda Walters pour Sensorial Sunsets<\/p>\n\n<h2 class=\"wp-block-heading\"><strong>Bibliographie<\/strong><\/h2>\n\n<p><a href=\"https:\/\/protestantedigital.com\/espana\/64518\/la-covid19-ha-provocado-un-aumento-del-ateismo-y-el-agnosticismo-en-espana\">https:\/\/protestantedigital.com\/espana\/64518\/la-covid19-ha-provocado-un-aumento-del-ateismo-y-el-agnosticismo-en-espana<\/a><\/p>\n\n<p><a href=\"https:\/\/ddc.mep.go.cr\/educacion-religiosa\">https:\/\/ddc.mep.go.cr\/educacion-religiosa<\/a><\/p>\n\n<p><a href=\"https:\/\/repositorio.una.ac.cr\/handle\/11056\/18845\"><strong>https:\/\/repositorio.una.ac.cr\/handle\/11056\/18845<\/strong><\/a><strong>\u00a0<\/strong><\/p>\n\n<p><strong>Fern\u00e1ndez, M. (1887). <em>Memoria de la Secretar\u00eda de Instrucci\u00f3n P\u00fablica 1887.<\/em> San Jos\u00e9: Tipograf\u00eda Nacional.\u00a0 \u00a0 \u00a0<\/strong><\/p>\n","protected":false},"excerpt":{"rendered":"<p>\u00c9ducation religieuse et agnosticisme au Costa Rica. L&rsquo;une des particularit\u00e9s du Costa Rica est que l&rsquo;article 75 de la Constitution costaricienne stipule que le catholicisme est la religion officielle du pays, ce qui fait du Costa Rica le seul \u00c9tat des Am\u00e9riques \u00e0 avoir une religion d&rsquo;\u00c9tat. Le d\u00e9bat actuel sur la question et l&rsquo;\u00e9volution [&hellip;]<\/p>\n","protected":false},"author":5,"featured_media":3020,"comment_status":"closed","ping_status":"closed","sticky":false,"template":"","format":"standard","meta":{"_acf_changed":false,"inline_featured_image":false,"_monsterinsights_skip_tracking":false,"_monsterinsights_sitenote_active":false,"_monsterinsights_sitenote_note":"","_monsterinsights_sitenote_category":0,"footnotes":""},"categories":[100,135,151],"tags":[],"class_list":["post-3025","post","type-post","status-publish","format-standard","has-post-thumbnail","hentry","category-costa-rica-fr","category-education","category-religion-fr"],"acf":[],"yoast_head":"<!-- This site is optimized with the Yoast SEO plugin v27.4 - https:\/\/yoast.com\/product\/yoast-seo-wordpress\/ -->\n<title>\u00c9ducation religieuse et agnosticisme au Costa Rica - SensorialSunsets<\/title>\n<meta name=\"description\" content=\"\u00c9ducation religieuse et agnosticisme au Costa Rica. La religion est une mati\u00e8re du syst\u00e8me \u00e9ducatif costaricien.\" \/>\n<meta name=\"robots\" content=\"index, follow, max-snippet:-1, max-image-preview:large, max-video-preview:-1\" \/>\n<link rel=\"canonical\" href=\"https:\/\/www.sensorialsunsets.com\/fr\/education-religieuse-et-agnosticisme-au-costa-rica\/\" \/>\n<meta property=\"og:locale\" content=\"fr_FR\" \/>\n<meta property=\"og:type\" content=\"article\" \/>\n<meta property=\"og:title\" content=\"\u00c9ducation religieuse et agnosticisme au Costa Rica - SensorialSunsets\" \/>\n<meta property=\"og:description\" content=\"\u00c9ducation religieuse et agnosticisme au Costa Rica. La religion est une mati\u00e8re du syst\u00e8me \u00e9ducatif costaricien.\" \/>\n<meta property=\"og:url\" content=\"https:\/\/www.sensorialsunsets.com\/fr\/education-religieuse-et-agnosticisme-au-costa-rica\/\" \/>\n<meta property=\"og:site_name\" content=\"SensorialSunsets\" \/>\n<meta property=\"article:publisher\" content=\"https:\/\/www.facebook.com\/Sensorial-Sunsets-109180614715562\" \/>\n<meta property=\"article:published_time\" content=\"2022-08-08T21:50:36+00:00\" \/>\n<meta property=\"article:modified_time\" content=\"2022-08-08T21:50:37+00:00\" \/>\n<meta property=\"og:image\" content=\"https:\/\/www.sensorialsunsets.com\/wp-content\/uploads\/2022\/08\/patrick-fore-b_SHPU5M3nk-unsplash-scaled.jpg\" \/>\n\t<meta property=\"og:image:width\" content=\"2560\" \/>\n\t<meta property=\"og:image:height\" content=\"1707\" \/>\n\t<meta property=\"og:image:type\" content=\"image\/jpeg\" \/>\n<meta name=\"author\" content=\"Marian Barrantes\" \/>\n<meta name=\"twitter:card\" content=\"summary_large_image\" \/>\n<meta name=\"twitter:label1\" content=\"\u00c9crit par\" \/>\n\t<meta name=\"twitter:data1\" content=\"Marian Barrantes\" \/>\n\t<meta name=\"twitter:label2\" content=\"Dur\u00e9e de lecture estim\u00e9e\" \/>\n\t<meta name=\"twitter:data2\" content=\"5 minutes\" \/>\n<script type=\"application\/ld+json\" class=\"yoast-schema-graph\">{\"@context\":\"https:\\\/\\\/schema.org\",\"@graph\":[{\"@type\":\"Article\",\"@id\":\"https:\\\/\\\/www.sensorialsunsets.com\\\/fr\\\/education-religieuse-et-agnosticisme-au-costa-rica\\\/#article\",\"isPartOf\":{\"@id\":\"https:\\\/\\\/www.sensorialsunsets.com\\\/fr\\\/education-religieuse-et-agnosticisme-au-costa-rica\\\/\"},\"author\":{\"name\":\"Marian Barrantes\",\"@id\":\"https:\\\/\\\/www.sensorialsunsets.com\\\/fr\\\/#\\\/schema\\\/person\\\/a8336a4dbeee633f087a194db2ca482f\"},\"headline\":\"\u00c9ducation religieuse et agnosticisme au Costa Rica\",\"datePublished\":\"2022-08-08T21:50:36+00:00\",\"dateModified\":\"2022-08-08T21:50:37+00:00\",\"mainEntityOfPage\":{\"@id\":\"https:\\\/\\\/www.sensorialsunsets.com\\\/fr\\\/education-religieuse-et-agnosticisme-au-costa-rica\\\/\"},\"wordCount\":1050,\"publisher\":{\"@id\":\"https:\\\/\\\/www.sensorialsunsets.com\\\/fr\\\/#organization\"},\"image\":{\"@id\":\"https:\\\/\\\/www.sensorialsunsets.com\\\/fr\\\/education-religieuse-et-agnosticisme-au-costa-rica\\\/#primaryimage\"},\"thumbnailUrl\":\"https:\\\/\\\/www.sensorialsunsets.com\\\/wp-content\\\/uploads\\\/2022\\\/08\\\/patrick-fore-b_SHPU5M3nk-unsplash-scaled.jpg\",\"articleSection\":[\"Costa Rica\",\"Education\",\"Religion\"],\"inLanguage\":\"fr-FR\"},{\"@type\":\"WebPage\",\"@id\":\"https:\\\/\\\/www.sensorialsunsets.com\\\/fr\\\/education-religieuse-et-agnosticisme-au-costa-rica\\\/\",\"url\":\"https:\\\/\\\/www.sensorialsunsets.com\\\/fr\\\/education-religieuse-et-agnosticisme-au-costa-rica\\\/\",\"name\":\"\u00c9ducation religieuse et agnosticisme au Costa Rica - SensorialSunsets\",\"isPartOf\":{\"@id\":\"https:\\\/\\\/www.sensorialsunsets.com\\\/fr\\\/#website\"},\"primaryImageOfPage\":{\"@id\":\"https:\\\/\\\/www.sensorialsunsets.com\\\/fr\\\/education-religieuse-et-agnosticisme-au-costa-rica\\\/#primaryimage\"},\"image\":{\"@id\":\"https:\\\/\\\/www.sensorialsunsets.com\\\/fr\\\/education-religieuse-et-agnosticisme-au-costa-rica\\\/#primaryimage\"},\"thumbnailUrl\":\"https:\\\/\\\/www.sensorialsunsets.com\\\/wp-content\\\/uploads\\\/2022\\\/08\\\/patrick-fore-b_SHPU5M3nk-unsplash-scaled.jpg\",\"datePublished\":\"2022-08-08T21:50:36+00:00\",\"dateModified\":\"2022-08-08T21:50:37+00:00\",\"description\":\"\u00c9ducation religieuse et agnosticisme au Costa Rica. La religion est une mati\u00e8re du syst\u00e8me \u00e9ducatif costaricien.\",\"inLanguage\":\"fr-FR\",\"potentialAction\":[{\"@type\":\"ReadAction\",\"target\":[\"https:\\\/\\\/www.sensorialsunsets.com\\\/fr\\\/education-religieuse-et-agnosticisme-au-costa-rica\\\/\"]}]},{\"@type\":\"ImageObject\",\"inLanguage\":\"fr-FR\",\"@id\":\"https:\\\/\\\/www.sensorialsunsets.com\\\/fr\\\/education-religieuse-et-agnosticisme-au-costa-rica\\\/#primaryimage\",\"url\":\"https:\\\/\\\/www.sensorialsunsets.com\\\/wp-content\\\/uploads\\\/2022\\\/08\\\/patrick-fore-b_SHPU5M3nk-unsplash-scaled.jpg\",\"contentUrl\":\"https:\\\/\\\/www.sensorialsunsets.com\\\/wp-content\\\/uploads\\\/2022\\\/08\\\/patrick-fore-b_SHPU5M3nk-unsplash-scaled.jpg\",\"width\":2560,\"height\":1707},{\"@type\":\"WebSite\",\"@id\":\"https:\\\/\\\/www.sensorialsunsets.com\\\/fr\\\/#website\",\"url\":\"https:\\\/\\\/www.sensorialsunsets.com\\\/fr\\\/\",\"name\":\"SensorialSunsets.com\",\"description\":\"D\u00e9couvrez la culture et la soci\u00e9t\u00e9 du Costa Rica sur notre blog. Explorez des articles captivants et partagez le contenu.\",\"publisher\":{\"@id\":\"https:\\\/\\\/www.sensorialsunsets.com\\\/fr\\\/#organization\"},\"alternateName\":\"Costa Rica Live Blog\",\"potentialAction\":[{\"@type\":\"SearchAction\",\"target\":{\"@type\":\"EntryPoint\",\"urlTemplate\":\"https:\\\/\\\/www.sensorialsunsets.com\\\/fr\\\/?s={search_term_string}\"},\"query-input\":{\"@type\":\"PropertyValueSpecification\",\"valueRequired\":true,\"valueName\":\"search_term_string\"}}],\"inLanguage\":\"fr-FR\"},{\"@type\":\"Organization\",\"@id\":\"https:\\\/\\\/www.sensorialsunsets.com\\\/fr\\\/#organization\",\"name\":\"SensorialSunsets\",\"url\":\"https:\\\/\\\/www.sensorialsunsets.com\\\/fr\\\/\",\"logo\":{\"@type\":\"ImageObject\",\"inLanguage\":\"fr-FR\",\"@id\":\"https:\\\/\\\/www.sensorialsunsets.com\\\/fr\\\/#\\\/schema\\\/logo\\\/image\\\/\",\"url\":\"https:\\\/\\\/www.sensorialsunsets.com\\\/wp-content\\\/uploads\\\/2023\\\/04\\\/Logo_base_line_fond_clair.svg\",\"contentUrl\":\"https:\\\/\\\/www.sensorialsunsets.com\\\/wp-content\\\/uploads\\\/2023\\\/04\\\/Logo_base_line_fond_clair.svg\",\"width\":\"1024\",\"height\":\"1024\",\"caption\":\"SensorialSunsets\"},\"image\":{\"@id\":\"https:\\\/\\\/www.sensorialsunsets.com\\\/fr\\\/#\\\/schema\\\/logo\\\/image\\\/\"},\"sameAs\":[\"https:\\\/\\\/www.facebook.com\\\/Sensorial-Sunsets-109180614715562\",\"https:\\\/\\\/www.instagram.com\\\/sensorialsunsets\\\/\"]},{\"@type\":\"Person\",\"@id\":\"https:\\\/\\\/www.sensorialsunsets.com\\\/fr\\\/#\\\/schema\\\/person\\\/a8336a4dbeee633f087a194db2ca482f\",\"name\":\"Marian Barrantes\",\"image\":{\"@type\":\"ImageObject\",\"inLanguage\":\"fr-FR\",\"@id\":\"https:\\\/\\\/secure.gravatar.com\\\/avatar\\\/fafbfab67eb28029818d03f44e3037bd798e04434d8d5c0cfc2eea8ec2882a22?s=96&d=mm&r=g\",\"url\":\"https:\\\/\\\/secure.gravatar.com\\\/avatar\\\/fafbfab67eb28029818d03f44e3037bd798e04434d8d5c0cfc2eea8ec2882a22?s=96&d=mm&r=g\",\"contentUrl\":\"https:\\\/\\\/secure.gravatar.com\\\/avatar\\\/fafbfab67eb28029818d03f44e3037bd798e04434d8d5c0cfc2eea8ec2882a22?s=96&d=mm&r=g\",\"caption\":\"Marian Barrantes\"},\"sameAs\":[\"https:\\\/\\\/www.sensorialsunsets.com\"],\"url\":\"https:\\\/\\\/www.sensorialsunsets.com\\\/fr\\\/author\\\/mbarrantes\\\/\"}]}<\/script>\n<!-- \/ Yoast SEO plugin. -->","yoast_head_json":{"title":"\u00c9ducation religieuse et agnosticisme au Costa Rica - SensorialSunsets","description":"\u00c9ducation religieuse et agnosticisme au Costa Rica. La religion est une mati\u00e8re du syst\u00e8me \u00e9ducatif costaricien.","robots":{"index":"index","follow":"follow","max-snippet":"max-snippet:-1","max-image-preview":"max-image-preview:large","max-video-preview":"max-video-preview:-1"},"canonical":"https:\/\/www.sensorialsunsets.com\/fr\/education-religieuse-et-agnosticisme-au-costa-rica\/","og_locale":"fr_FR","og_type":"article","og_title":"\u00c9ducation religieuse et agnosticisme au Costa Rica - SensorialSunsets","og_description":"\u00c9ducation religieuse et agnosticisme au Costa Rica. La religion est une mati\u00e8re du syst\u00e8me \u00e9ducatif costaricien.","og_url":"https:\/\/www.sensorialsunsets.com\/fr\/education-religieuse-et-agnosticisme-au-costa-rica\/","og_site_name":"SensorialSunsets","article_publisher":"https:\/\/www.facebook.com\/Sensorial-Sunsets-109180614715562","article_published_time":"2022-08-08T21:50:36+00:00","article_modified_time":"2022-08-08T21:50:37+00:00","og_image":[{"width":2560,"height":1707,"url":"https:\/\/www.sensorialsunsets.com\/wp-content\/uploads\/2022\/08\/patrick-fore-b_SHPU5M3nk-unsplash-scaled.jpg","type":"image\/jpeg"}],"author":"Marian Barrantes","twitter_card":"summary_large_image","twitter_misc":{"\u00c9crit par":"Marian Barrantes","Dur\u00e9e de lecture estim\u00e9e":"5 minutes"},"schema":{"@context":"https:\/\/schema.org","@graph":[{"@type":"Article","@id":"https:\/\/www.sensorialsunsets.com\/fr\/education-religieuse-et-agnosticisme-au-costa-rica\/#article","isPartOf":{"@id":"https:\/\/www.sensorialsunsets.com\/fr\/education-religieuse-et-agnosticisme-au-costa-rica\/"},"author":{"name":"Marian Barrantes","@id":"https:\/\/www.sensorialsunsets.com\/fr\/#\/schema\/person\/a8336a4dbeee633f087a194db2ca482f"},"headline":"\u00c9ducation religieuse et agnosticisme au Costa Rica","datePublished":"2022-08-08T21:50:36+00:00","dateModified":"2022-08-08T21:50:37+00:00","mainEntityOfPage":{"@id":"https:\/\/www.sensorialsunsets.com\/fr\/education-religieuse-et-agnosticisme-au-costa-rica\/"},"wordCount":1050,"publisher":{"@id":"https:\/\/www.sensorialsunsets.com\/fr\/#organization"},"image":{"@id":"https:\/\/www.sensorialsunsets.com\/fr\/education-religieuse-et-agnosticisme-au-costa-rica\/#primaryimage"},"thumbnailUrl":"https:\/\/www.sensorialsunsets.com\/wp-content\/uploads\/2022\/08\/patrick-fore-b_SHPU5M3nk-unsplash-scaled.jpg","articleSection":["Costa Rica","Education","Religion"],"inLanguage":"fr-FR"},{"@type":"WebPage","@id":"https:\/\/www.sensorialsunsets.com\/fr\/education-religieuse-et-agnosticisme-au-costa-rica\/","url":"https:\/\/www.sensorialsunsets.com\/fr\/education-religieuse-et-agnosticisme-au-costa-rica\/","name":"\u00c9ducation religieuse et agnosticisme au Costa Rica - SensorialSunsets","isPartOf":{"@id":"https:\/\/www.sensorialsunsets.com\/fr\/#website"},"primaryImageOfPage":{"@id":"https:\/\/www.sensorialsunsets.com\/fr\/education-religieuse-et-agnosticisme-au-costa-rica\/#primaryimage"},"image":{"@id":"https:\/\/www.sensorialsunsets.com\/fr\/education-religieuse-et-agnosticisme-au-costa-rica\/#primaryimage"},"thumbnailUrl":"https:\/\/www.sensorialsunsets.com\/wp-content\/uploads\/2022\/08\/patrick-fore-b_SHPU5M3nk-unsplash-scaled.jpg","datePublished":"2022-08-08T21:50:36+00:00","dateModified":"2022-08-08T21:50:37+00:00","description":"\u00c9ducation religieuse et agnosticisme au Costa Rica. La religion est une mati\u00e8re du syst\u00e8me \u00e9ducatif costaricien.","inLanguage":"fr-FR","potentialAction":[{"@type":"ReadAction","target":["https:\/\/www.sensorialsunsets.com\/fr\/education-religieuse-et-agnosticisme-au-costa-rica\/"]}]},{"@type":"ImageObject","inLanguage":"fr-FR","@id":"https:\/\/www.sensorialsunsets.com\/fr\/education-religieuse-et-agnosticisme-au-costa-rica\/#primaryimage","url":"https:\/\/www.sensorialsunsets.com\/wp-content\/uploads\/2022\/08\/patrick-fore-b_SHPU5M3nk-unsplash-scaled.jpg","contentUrl":"https:\/\/www.sensorialsunsets.com\/wp-content\/uploads\/2022\/08\/patrick-fore-b_SHPU5M3nk-unsplash-scaled.jpg","width":2560,"height":1707},{"@type":"WebSite","@id":"https:\/\/www.sensorialsunsets.com\/fr\/#website","url":"https:\/\/www.sensorialsunsets.com\/fr\/","name":"SensorialSunsets.com","description":"D\u00e9couvrez la culture et la soci\u00e9t\u00e9 du Costa Rica sur notre blog. Explorez des articles captivants et partagez le contenu.","publisher":{"@id":"https:\/\/www.sensorialsunsets.com\/fr\/#organization"},"alternateName":"Costa Rica Live Blog","potentialAction":[{"@type":"SearchAction","target":{"@type":"EntryPoint","urlTemplate":"https:\/\/www.sensorialsunsets.com\/fr\/?s={search_term_string}"},"query-input":{"@type":"PropertyValueSpecification","valueRequired":true,"valueName":"search_term_string"}}],"inLanguage":"fr-FR"},{"@type":"Organization","@id":"https:\/\/www.sensorialsunsets.com\/fr\/#organization","name":"SensorialSunsets","url":"https:\/\/www.sensorialsunsets.com\/fr\/","logo":{"@type":"ImageObject","inLanguage":"fr-FR","@id":"https:\/\/www.sensorialsunsets.com\/fr\/#\/schema\/logo\/image\/","url":"https:\/\/www.sensorialsunsets.com\/wp-content\/uploads\/2023\/04\/Logo_base_line_fond_clair.svg","contentUrl":"https:\/\/www.sensorialsunsets.com\/wp-content\/uploads\/2023\/04\/Logo_base_line_fond_clair.svg","width":"1024","height":"1024","caption":"SensorialSunsets"},"image":{"@id":"https:\/\/www.sensorialsunsets.com\/fr\/#\/schema\/logo\/image\/"},"sameAs":["https:\/\/www.facebook.com\/Sensorial-Sunsets-109180614715562","https:\/\/www.instagram.com\/sensorialsunsets\/"]},{"@type":"Person","@id":"https:\/\/www.sensorialsunsets.com\/fr\/#\/schema\/person\/a8336a4dbeee633f087a194db2ca482f","name":"Marian Barrantes","image":{"@type":"ImageObject","inLanguage":"fr-FR","@id":"https:\/\/secure.gravatar.com\/avatar\/fafbfab67eb28029818d03f44e3037bd798e04434d8d5c0cfc2eea8ec2882a22?s=96&d=mm&r=g","url":"https:\/\/secure.gravatar.com\/avatar\/fafbfab67eb28029818d03f44e3037bd798e04434d8d5c0cfc2eea8ec2882a22?s=96&d=mm&r=g","contentUrl":"https:\/\/secure.gravatar.com\/avatar\/fafbfab67eb28029818d03f44e3037bd798e04434d8d5c0cfc2eea8ec2882a22?s=96&d=mm&r=g","caption":"Marian Barrantes"},"sameAs":["https:\/\/www.sensorialsunsets.com"],"url":"https:\/\/www.sensorialsunsets.com\/fr\/author\/mbarrantes\/"}]}},"_links":{"self":[{"href":"https:\/\/www.sensorialsunsets.com\/fr\/wp-json\/wp\/v2\/posts\/3025","targetHints":{"allow":["GET"]}}],"collection":[{"href":"https:\/\/www.sensorialsunsets.com\/fr\/wp-json\/wp\/v2\/posts"}],"about":[{"href":"https:\/\/www.sensorialsunsets.com\/fr\/wp-json\/wp\/v2\/types\/post"}],"author":[{"embeddable":true,"href":"https:\/\/www.sensorialsunsets.com\/fr\/wp-json\/wp\/v2\/users\/5"}],"replies":[{"embeddable":true,"href":"https:\/\/www.sensorialsunsets.com\/fr\/wp-json\/wp\/v2\/comments?post=3025"}],"version-history":[{"count":0,"href":"https:\/\/www.sensorialsunsets.com\/fr\/wp-json\/wp\/v2\/posts\/3025\/revisions"}],"wp:featuredmedia":[{"embeddable":true,"href":"https:\/\/www.sensorialsunsets.com\/fr\/wp-json\/wp\/v2\/media\/3020"}],"wp:attachment":[{"href":"https:\/\/www.sensorialsunsets.com\/fr\/wp-json\/wp\/v2\/media?parent=3025"}],"wp:term":[{"taxonomy":"category","embeddable":true,"href":"https:\/\/www.sensorialsunsets.com\/fr\/wp-json\/wp\/v2\/categories?post=3025"},{"taxonomy":"post_tag","embeddable":true,"href":"https:\/\/www.sensorialsunsets.com\/fr\/wp-json\/wp\/v2\/tags?post=3025"}],"curies":[{"name":"wp","href":"https:\/\/api.w.org\/{rel}","templated":true}]}}