{"id":3035,"date":"2022-08-09T16:19:49","date_gmt":"2022-08-09T16:19:49","guid":{"rendered":"https:\/\/www.sensorialsunsets.com\/les-plantes-du-costa-rica-et-leurs-proprietes-medicinales\/"},"modified":"2024-05-04T11:28:26","modified_gmt":"2024-05-04T17:28:26","slug":"les-plantes-du-costa-rica-et-leurs-proprietes-medicinales","status":"publish","type":"post","link":"https:\/\/www.sensorialsunsets.com\/fr\/les-plantes-du-costa-rica-et-leurs-proprietes-medicinales\/","title":{"rendered":"Les plantes du Costa Rica et leurs propri\u00e9t\u00e9s m\u00e9dicinales"},"content":{"rendered":"\n<p>Le Costa Rica poss\u00e8de une riche flore m\u00e9dicinale, avec environ 406 esp\u00e8ces regroup\u00e9es en 104 genres situ\u00e9s dans diff\u00e9rentes r\u00e9gions agro-\u00e9cologiques. Toutefois, leur utilisation a diminu\u00e9, le Costa Rica \u00e9tant le pays d&rsquo;Am\u00e9rique centrale o\u00f9 la demande de plantes m\u00e9dicinales est la plus faible.<\/p>\n\n<p>Actuellement, les esp\u00e8ces qui ont besoin d&rsquo;une condition foresti\u00e8re pour survivre, et qui ont peu de plasticit\u00e9 pour occuper diff\u00e9rents habitats, comme le cuculmeca, le sarsaparilla et le raicilla, sont consid\u00e9r\u00e9es comme en danger. En fait, plusieurs \u00e9tudes sur les ressources foresti\u00e8res non ligneuses sugg\u00e8rent que le d\u00e9veloppement durable des plantes m\u00e9dicinales devrait \u00eatre r\u00e9alis\u00e9 par la gestion et la conservation des ressources naturelles, et l&rsquo;orientation des changements technologiques et institutionnels. Ceci afin de chercher \u00e0 assurer la satisfaction continue des besoins humains.<\/p>\n\n<h3 class=\"wp-block-heading\"><strong>Quelques plantes m\u00e9dicinales du Costa Rica et leurs bienfaits<\/strong><\/h3>\n\n<h3 class=\"wp-block-heading\"><strong>Le basilic<\/strong><\/h3>\n\n<figure class=\"wp-block-gallery has-nested-images columns-default is-cropped wp-block-gallery-1 is-layout-flex wp-block-gallery-is-layout-flex\">\n<figure class=\"wp-block-image size-large\"><img loading=\"lazy\" decoding=\"async\" width=\"1024\" height=\"741\" data-id=\"16377\" src=\"https:\/\/www.sensorialsunsets.com\/wp-content\/uploads\/2024\/05\/albahaca-1024x741.jpg\" alt=\"\" class=\"wp-image-16377\" srcset=\"https:\/\/www.sensorialsunsets.com\/wp-content\/uploads\/2024\/05\/albahaca-1024x741.jpg 1024w, https:\/\/www.sensorialsunsets.com\/wp-content\/uploads\/2024\/05\/albahaca-300x217.jpg 300w, https:\/\/www.sensorialsunsets.com\/wp-content\/uploads\/2024\/05\/albahaca-768x556.jpg 768w, https:\/\/www.sensorialsunsets.com\/wp-content\/uploads\/2024\/05\/albahaca-1536x1112.jpg 1536w, https:\/\/www.sensorialsunsets.com\/wp-content\/uploads\/2024\/05\/albahaca-2048x1482.jpg 2048w, https:\/\/www.sensorialsunsets.com\/wp-content\/uploads\/2024\/05\/albahaca-1320x956.jpg 1320w\" sizes=\"auto, (max-width: 1024px) 100vw, 1024px\" \/><\/figure>\n\n\n\n<figure class=\"wp-block-image size-large\"><img loading=\"lazy\" decoding=\"async\" width=\"1024\" height=\"575\" data-id=\"16383\" src=\"https:\/\/www.sensorialsunsets.com\/wp-content\/uploads\/2024\/05\/allbaca-1024x575.jpg\" alt=\"\" class=\"wp-image-16383\" srcset=\"https:\/\/www.sensorialsunsets.com\/wp-content\/uploads\/2024\/05\/allbaca-1024x575.jpg 1024w, https:\/\/www.sensorialsunsets.com\/wp-content\/uploads\/2024\/05\/allbaca-300x168.jpg 300w, https:\/\/www.sensorialsunsets.com\/wp-content\/uploads\/2024\/05\/allbaca-768x431.jpg 768w, https:\/\/www.sensorialsunsets.com\/wp-content\/uploads\/2024\/05\/allbaca-1536x863.jpg 1536w, https:\/\/www.sensorialsunsets.com\/wp-content\/uploads\/2024\/05\/allbaca-2048x1150.jpg 2048w, https:\/\/www.sensorialsunsets.com\/wp-content\/uploads\/2024\/05\/allbaca-1320x741.jpg 1320w\" sizes=\"auto, (max-width: 1024px) 100vw, 1024px\" \/><\/figure>\n\n\n\n<figure class=\"wp-block-image size-large\"><img loading=\"lazy\" decoding=\"async\" width=\"1024\" height=\"503\" data-id=\"16380\" src=\"https:\/\/www.sensorialsunsets.com\/wp-content\/uploads\/2024\/05\/albahacaa-1024x503.jpg\" alt=\"\" class=\"wp-image-16380\" srcset=\"https:\/\/www.sensorialsunsets.com\/wp-content\/uploads\/2024\/05\/albahacaa-1024x503.jpg 1024w, https:\/\/www.sensorialsunsets.com\/wp-content\/uploads\/2024\/05\/albahacaa-300x147.jpg 300w, https:\/\/www.sensorialsunsets.com\/wp-content\/uploads\/2024\/05\/albahacaa-768x377.jpg 768w, https:\/\/www.sensorialsunsets.com\/wp-content\/uploads\/2024\/05\/albahacaa-1536x754.jpg 1536w, https:\/\/www.sensorialsunsets.com\/wp-content\/uploads\/2024\/05\/albahacaa-2048x1006.jpg 2048w, https:\/\/www.sensorialsunsets.com\/wp-content\/uploads\/2024\/05\/albahacaa-1320x648.jpg 1320w\" sizes=\"auto, (max-width: 1024px) 100vw, 1024px\" \/><\/figure>\n<\/figure>\n\n<p>Sous le nom scientifique Ocimum basilicum, le basilic est une herbe aromatique utilis\u00e9e \u00e0 des fins culinaires et m\u00e9dicinales. Il est utilis\u00e9 pour calmer les maux d&rsquo;estomac et les nerfs, et peut aider \u00e0 combattre l&rsquo;insomnie et la fatigue physique et mentale. Le basilic a un effet positif sur le syst\u00e8me nerveux et att\u00e9nue les manifestations d&rsquo;anxi\u00e9t\u00e9 et de stress dans l&rsquo;estomac. Boire quelques tasses de th\u00e9 ou d&rsquo;infusion peut calmer les nerfs dans des situations ou des \u00e9v\u00e9nements stressants.<\/p>\n\n<h3 class=\"wp-block-heading\"><strong>La cardamome<\/strong><\/h3>\n\n<figure class=\"wp-block-gallery has-nested-images columns-default is-cropped wp-block-gallery-2 is-layout-flex wp-block-gallery-is-layout-flex\">\n<figure class=\"wp-block-image size-large\"><img loading=\"lazy\" decoding=\"async\" width=\"1024\" height=\"682\" data-id=\"16387\" src=\"https:\/\/www.sensorialsunsets.com\/wp-content\/uploads\/2024\/05\/cardamom-2244253_1280-1024x682.jpg\" alt=\"\" class=\"wp-image-16387\" srcset=\"https:\/\/www.sensorialsunsets.com\/wp-content\/uploads\/2024\/05\/cardamom-2244253_1280-1024x682.jpg 1024w, https:\/\/www.sensorialsunsets.com\/wp-content\/uploads\/2024\/05\/cardamom-2244253_1280-300x200.jpg 300w, https:\/\/www.sensorialsunsets.com\/wp-content\/uploads\/2024\/05\/cardamom-2244253_1280-768x512.jpg 768w, https:\/\/www.sensorialsunsets.com\/wp-content\/uploads\/2024\/05\/cardamom-2244253_1280-334x222.jpg 334w, https:\/\/www.sensorialsunsets.com\/wp-content\/uploads\/2024\/05\/cardamom-2244253_1280.jpg 1280w\" sizes=\"auto, (max-width: 1024px) 100vw, 1024px\" \/><\/figure>\n\n\n\n<figure class=\"wp-block-image size-large\"><img loading=\"lazy\" decoding=\"async\" width=\"1024\" height=\"683\" data-id=\"16389\" src=\"https:\/\/www.sensorialsunsets.com\/wp-content\/uploads\/2024\/05\/green-cardamom-8140138_1280-1024x683.webp\" alt=\"\" class=\"wp-image-16389\" srcset=\"https:\/\/www.sensorialsunsets.com\/wp-content\/uploads\/2024\/05\/green-cardamom-8140138_1280-1024x683.webp 1024w, https:\/\/www.sensorialsunsets.com\/wp-content\/uploads\/2024\/05\/green-cardamom-8140138_1280-300x200.webp 300w, https:\/\/www.sensorialsunsets.com\/wp-content\/uploads\/2024\/05\/green-cardamom-8140138_1280-768x512.webp 768w, https:\/\/www.sensorialsunsets.com\/wp-content\/uploads\/2024\/05\/green-cardamom-8140138_1280-334x222.webp 334w, https:\/\/www.sensorialsunsets.com\/wp-content\/uploads\/2024\/05\/green-cardamom-8140138_1280.webp 1280w\" sizes=\"auto, (max-width: 1024px) 100vw, 1024px\" \/><\/figure>\n\n\n\n<figure class=\"wp-block-image size-large\"><img loading=\"lazy\" decoding=\"async\" width=\"1024\" height=\"682\" data-id=\"16386\" src=\"https:\/\/www.sensorialsunsets.com\/wp-content\/uploads\/2024\/05\/tea-4925190_1280-1024x682.jpg\" alt=\"\" class=\"wp-image-16386\" srcset=\"https:\/\/www.sensorialsunsets.com\/wp-content\/uploads\/2024\/05\/tea-4925190_1280-1024x682.jpg 1024w, https:\/\/www.sensorialsunsets.com\/wp-content\/uploads\/2024\/05\/tea-4925190_1280-300x200.jpg 300w, https:\/\/www.sensorialsunsets.com\/wp-content\/uploads\/2024\/05\/tea-4925190_1280-768x512.jpg 768w, https:\/\/www.sensorialsunsets.com\/wp-content\/uploads\/2024\/05\/tea-4925190_1280-334x222.jpg 334w, https:\/\/www.sensorialsunsets.com\/wp-content\/uploads\/2024\/05\/tea-4925190_1280.jpg 1280w\" sizes=\"auto, (max-width: 1024px) 100vw, 1024px\" \/><\/figure>\n<\/figure>\n\n<p>La cardamome est une \u00e9pice qui est utilis\u00e9e depuis des si\u00e8cles en cuisine et en m\u00e9decine. Elle provient des graines de diff\u00e9rentes plantes appartenant \u00e0 la m\u00eame famille que le gingembre. La cardamome aide \u00e0 combattre les bact\u00e9ries dans la bouche, une cause fr\u00e9quente de mauvaise haleine, de caries dentaires et de maladies des gencives. En outre, une \u00e9tude r\u00e9cente a r\u00e9v\u00e9l\u00e9 que les graines et les fruits de la cardamome peuvent contribuer \u00e0 am\u00e9liorer la sant\u00e9 bucco-dentaire gr\u00e2ce \u00e0 leurs propri\u00e9t\u00e9s anti-inflammatoires et antioxydantes.<\/p>\n\n<h3 class=\"wp-block-heading\"><strong>La coriandre (culantro)<\/strong><\/h3>\n\n<figure class=\"wp-block-gallery has-nested-images columns-default is-cropped wp-block-gallery-3 is-layout-flex wp-block-gallery-is-layout-flex\">\n<figure class=\"wp-block-image size-large\"><img loading=\"lazy\" decoding=\"async\" width=\"1024\" height=\"768\" data-id=\"16393\" src=\"https:\/\/www.sensorialsunsets.com\/wp-content\/uploads\/2024\/05\/2438092486_28cefd2c1d_o-1024x768.jpg\" alt=\"\" class=\"wp-image-16393\" srcset=\"https:\/\/www.sensorialsunsets.com\/wp-content\/uploads\/2024\/05\/2438092486_28cefd2c1d_o-1024x768.jpg 1024w, https:\/\/www.sensorialsunsets.com\/wp-content\/uploads\/2024\/05\/2438092486_28cefd2c1d_o-300x225.jpg 300w, https:\/\/www.sensorialsunsets.com\/wp-content\/uploads\/2024\/05\/2438092486_28cefd2c1d_o-768x576.jpg 768w, https:\/\/www.sensorialsunsets.com\/wp-content\/uploads\/2024\/05\/2438092486_28cefd2c1d_o-1536x1152.jpg 1536w, https:\/\/www.sensorialsunsets.com\/wp-content\/uploads\/2024\/05\/2438092486_28cefd2c1d_o-1320x990.jpg 1320w, https:\/\/www.sensorialsunsets.com\/wp-content\/uploads\/2024\/05\/2438092486_28cefd2c1d_o.jpg 1600w\" sizes=\"auto, (max-width: 1024px) 100vw, 1024px\" \/><\/figure>\n\n\n\n<figure class=\"wp-block-image size-large\"><img loading=\"lazy\" decoding=\"async\" width=\"1024\" height=\"768\" data-id=\"16399\" src=\"https:\/\/www.sensorialsunsets.com\/wp-content\/uploads\/2024\/05\/5936166958_f7376cba6a_o-1024x768.jpg\" alt=\"\" class=\"wp-image-16399\" srcset=\"https:\/\/www.sensorialsunsets.com\/wp-content\/uploads\/2024\/05\/5936166958_f7376cba6a_o-1024x768.jpg 1024w, https:\/\/www.sensorialsunsets.com\/wp-content\/uploads\/2024\/05\/5936166958_f7376cba6a_o-300x225.jpg 300w, https:\/\/www.sensorialsunsets.com\/wp-content\/uploads\/2024\/05\/5936166958_f7376cba6a_o-768x576.jpg 768w, https:\/\/www.sensorialsunsets.com\/wp-content\/uploads\/2024\/05\/5936166958_f7376cba6a_o-1536x1152.jpg 1536w, https:\/\/www.sensorialsunsets.com\/wp-content\/uploads\/2024\/05\/5936166958_f7376cba6a_o-2048x1536.jpg 2048w, https:\/\/www.sensorialsunsets.com\/wp-content\/uploads\/2024\/05\/5936166958_f7376cba6a_o-1320x990.jpg 1320w\" sizes=\"auto, (max-width: 1024px) 100vw, 1024px\" \/><\/figure>\n\n\n\n<figure class=\"wp-block-image size-large\"><img loading=\"lazy\" decoding=\"async\" width=\"1024\" height=\"682\" data-id=\"16402\" src=\"https:\/\/www.sensorialsunsets.com\/wp-content\/uploads\/2024\/05\/coriander-4255400_1280-1024x682.jpg\" alt=\"\" class=\"wp-image-16402\" srcset=\"https:\/\/www.sensorialsunsets.com\/wp-content\/uploads\/2024\/05\/coriander-4255400_1280-1024x682.jpg 1024w, https:\/\/www.sensorialsunsets.com\/wp-content\/uploads\/2024\/05\/coriander-4255400_1280-300x200.jpg 300w, https:\/\/www.sensorialsunsets.com\/wp-content\/uploads\/2024\/05\/coriander-4255400_1280-768x512.jpg 768w, https:\/\/www.sensorialsunsets.com\/wp-content\/uploads\/2024\/05\/coriander-4255400_1280-334x222.jpg 334w, https:\/\/www.sensorialsunsets.com\/wp-content\/uploads\/2024\/05\/coriander-4255400_1280.jpg 1280w\" sizes=\"auto, (max-width: 1024px) 100vw, 1024px\" \/><\/figure>\n<\/figure>\n\n<p>Une autre des plantes m\u00e9dicinales du Costa Rica est le culantro. Il appartient \u00e0 la famille des apiac\u00e9es. Avant de continuer, nous devons pr\u00e9ciser que le \u00ab\u00a0culantro\u00a0\u00bb n&rsquo;est pas la m\u00eame chose que le \u00ab\u00a0cilantro\u00a0\u00bb. Cette plante fait partie des rem\u00e8des traditionnels \u00e0 base de plantes pour les affections respiratoires telles que l&rsquo;asthme et les maux d&rsquo;estomac. Pour les communaut\u00e9s amazoniennes, la coriandre peut avoir des propri\u00e9t\u00e9s anti-inflammatoires et analg\u00e9siques. En outre, la science montre qu&rsquo;il contient des niveaux \u00e9lev\u00e9s de calcium, de fer, de vitamine A, B2, B1 et C.<\/p>\n\n<h3 class=\"wp-block-heading\"><strong>Le Caf\u00e9<\/strong><\/h3>\n\n<figure class=\"wp-block-gallery has-nested-images columns-default is-cropped wp-block-gallery-4 is-layout-flex wp-block-gallery-is-layout-flex\">\n<figure class=\"wp-block-image size-large\"><img loading=\"lazy\" decoding=\"async\" width=\"1024\" height=\"685\" data-id=\"16405\" src=\"https:\/\/www.sensorialsunsets.com\/wp-content\/uploads\/2024\/05\/cafe-1024x685.jpg\" alt=\"\" class=\"wp-image-16405\" srcset=\"https:\/\/www.sensorialsunsets.com\/wp-content\/uploads\/2024\/05\/cafe-1024x685.jpg 1024w, https:\/\/www.sensorialsunsets.com\/wp-content\/uploads\/2024\/05\/cafe-300x201.jpg 300w, https:\/\/www.sensorialsunsets.com\/wp-content\/uploads\/2024\/05\/cafe-768x514.jpg 768w, https:\/\/www.sensorialsunsets.com\/wp-content\/uploads\/2024\/05\/cafe-1536x1028.jpg 1536w, https:\/\/www.sensorialsunsets.com\/wp-content\/uploads\/2024\/05\/cafe-2048x1371.jpg 2048w, https:\/\/www.sensorialsunsets.com\/wp-content\/uploads\/2024\/05\/cafe-334x222.jpg 334w, https:\/\/www.sensorialsunsets.com\/wp-content\/uploads\/2024\/05\/cafe-1320x884.jpg 1320w\" sizes=\"auto, (max-width: 1024px) 100vw, 1024px\" \/><\/figure>\n\n\n\n<figure class=\"wp-block-image size-large\"><img loading=\"lazy\" decoding=\"async\" width=\"1024\" height=\"683\" data-id=\"16408\" src=\"https:\/\/www.sensorialsunsets.com\/wp-content\/uploads\/2024\/05\/cafee-1024x683.jpg\" alt=\"\" class=\"wp-image-16408\" srcset=\"https:\/\/www.sensorialsunsets.com\/wp-content\/uploads\/2024\/05\/cafee-1024x683.jpg 1024w, https:\/\/www.sensorialsunsets.com\/wp-content\/uploads\/2024\/05\/cafee-300x200.jpg 300w, https:\/\/www.sensorialsunsets.com\/wp-content\/uploads\/2024\/05\/cafee-768x512.jpg 768w, https:\/\/www.sensorialsunsets.com\/wp-content\/uploads\/2024\/05\/cafee-1536x1024.jpg 1536w, https:\/\/www.sensorialsunsets.com\/wp-content\/uploads\/2024\/05\/cafee-2048x1365.jpg 2048w, https:\/\/www.sensorialsunsets.com\/wp-content\/uploads\/2024\/05\/cafee-334x222.jpg 334w, https:\/\/www.sensorialsunsets.com\/wp-content\/uploads\/2024\/05\/cafee-1320x880.jpg 1320w\" sizes=\"auto, (max-width: 1024px) 100vw, 1024px\" \/><\/figure>\n\n\n\n<figure class=\"wp-block-image size-large\"><img loading=\"lazy\" decoding=\"async\" width=\"1024\" height=\"683\" data-id=\"16411\" src=\"https:\/\/www.sensorialsunsets.com\/wp-content\/uploads\/2024\/05\/cafegrano-1024x683.jpg\" alt=\"\" class=\"wp-image-16411\" srcset=\"https:\/\/www.sensorialsunsets.com\/wp-content\/uploads\/2024\/05\/cafegrano-1024x683.jpg 1024w, https:\/\/www.sensorialsunsets.com\/wp-content\/uploads\/2024\/05\/cafegrano-300x200.jpg 300w, https:\/\/www.sensorialsunsets.com\/wp-content\/uploads\/2024\/05\/cafegrano-768x512.jpg 768w, https:\/\/www.sensorialsunsets.com\/wp-content\/uploads\/2024\/05\/cafegrano-1536x1024.jpg 1536w, https:\/\/www.sensorialsunsets.com\/wp-content\/uploads\/2024\/05\/cafegrano-2048x1365.jpg 2048w, https:\/\/www.sensorialsunsets.com\/wp-content\/uploads\/2024\/05\/cafegrano-334x222.jpg 334w, https:\/\/www.sensorialsunsets.com\/wp-content\/uploads\/2024\/05\/cafegrano-1320x880.jpg 1320w\" sizes=\"auto, (max-width: 1024px) 100vw, 1024px\" \/><\/figure>\n<\/figure>\n\n<p>Selon une ancienne l\u00e9gende, les bergers de la r\u00e9gion \u00e9thiopienne ont observ\u00e9 que lorsque leurs ch\u00e8vres mangeaient les baies rouges du caf\u00e9ier, elles \u00e9taient plus actives et plus vives. Les moines pr\u00e9paraient des infusions \u00e0 partir de ces baies et c&rsquo;est au 9\u00e8me si\u00e8cle qu&rsquo;ils ont d\u00e9couvert leur action stimulante.<\/p>\n\n<p>Cependant, les grains de caf\u00e9 crus contiennent principalement des hydrates de carbone, ainsi que des prot\u00e9ines, des graisses, des compos\u00e9s ph\u00e9noliques, principalement des acides chlorog\u00e9niques et 2 \u00e0 3 % d&rsquo;alcalo\u00efdes, principalement de la caf\u00e9ine. Ces derniers sont tr\u00e8s importants, car ils agissent en stimulant le cortex c\u00e9r\u00e9bral, le centre de la respiration et de la circulation, et provoquent une dilatation des vaisseaux sanguins. La m\u00e9decine populaire attribue donc au caf\u00e9 des propri\u00e9t\u00e9s curatives pour l&rsquo;asthme, la jaunisse, les maux de t\u00eate, la suralimentation, la consommation et la constipation.\u00a0<\/p>\n\n<h3 class=\"wp-block-heading\"><strong>Frijolillo (cojoba arborea)<\/strong><\/h3>\n\n<figure class=\"wp-block-gallery has-nested-images columns-default is-cropped wp-block-gallery-5 is-layout-flex wp-block-gallery-is-layout-flex\">\n<figure class=\"wp-block-image size-large\"><img loading=\"lazy\" decoding=\"async\" width=\"500\" height=\"333\" data-id=\"16417\" src=\"https:\/\/www.sensorialsunsets.com\/wp-content\/uploads\/2024\/05\/medium-1.jpeg\" alt=\"\" class=\"wp-image-16417\" srcset=\"https:\/\/www.sensorialsunsets.com\/wp-content\/uploads\/2024\/05\/medium-1.jpeg 500w, https:\/\/www.sensorialsunsets.com\/wp-content\/uploads\/2024\/05\/medium-1-300x200.jpeg 300w, https:\/\/www.sensorialsunsets.com\/wp-content\/uploads\/2024\/05\/medium-1-334x222.jpeg 334w\" sizes=\"auto, (max-width: 500px) 100vw, 500px\" \/><\/figure>\n\n\n\n<figure class=\"wp-block-image size-large\"><img loading=\"lazy\" decoding=\"async\" width=\"500\" height=\"375\" data-id=\"16414\" src=\"https:\/\/www.sensorialsunsets.com\/wp-content\/uploads\/2024\/05\/medium.jpeg\" alt=\"\" class=\"wp-image-16414\" srcset=\"https:\/\/www.sensorialsunsets.com\/wp-content\/uploads\/2024\/05\/medium.jpeg 500w, https:\/\/www.sensorialsunsets.com\/wp-content\/uploads\/2024\/05\/medium-300x225.jpeg 300w\" sizes=\"auto, (max-width: 500px) 100vw, 500px\" \/><\/figure>\n\n\n\n<figure class=\"wp-block-image size-large\"><img loading=\"lazy\" decoding=\"async\" width=\"500\" height=\"375\" data-id=\"16420\" src=\"https:\/\/www.sensorialsunsets.com\/wp-content\/uploads\/2024\/05\/medium.jpg\" alt=\"\" class=\"wp-image-16420\" srcset=\"https:\/\/www.sensorialsunsets.com\/wp-content\/uploads\/2024\/05\/medium.jpg 500w, https:\/\/www.sensorialsunsets.com\/wp-content\/uploads\/2024\/05\/medium-300x225.jpg 300w\" sizes=\"auto, (max-width: 500px) 100vw, 500px\" \/><\/figure>\n<\/figure>\n\n<p>C&rsquo;est une plante unique, dont les feuilles ont l&rsquo;apparence de plumes. Ses fleurs sont jaunes et ses grappes ne sont pas tr\u00e8s florif\u00e8res. Ses fruits sont allong\u00e9s et comprim\u00e9s, avec de nombreuses graines brunes. Les feuilles de cette plante se distinguent, elles sont utilis\u00e9es pour traiter les maladies de l&rsquo;estomac, les fi\u00e8vres, les rhumatismes, les troubles de la peau, les maladies v\u00e9n\u00e9riennes, l&rsquo;hydropisie et la faiblesse. Il est \u00e9galement utilis\u00e9 pour traiter les rhumes et la typho\u00efde. Certains auteurs le d\u00e9crivent comme un analg\u00e9sique.<\/p>\n\n<h3 class=\"wp-block-heading\"><strong>Le Nance<\/strong><\/h3>\n\n<figure class=\"wp-block-gallery has-nested-images columns-default is-cropped wp-block-gallery-6 is-layout-flex wp-block-gallery-is-layout-flex\">\n<figure class=\"wp-block-image size-large\"><img loading=\"lazy\" decoding=\"async\" width=\"904\" height=\"620\" data-id=\"16423\" src=\"https:\/\/www.sensorialsunsets.com\/wp-content\/uploads\/2024\/05\/nance.avif\" alt=\"\" class=\"wp-image-16423\" srcset=\"https:\/\/www.sensorialsunsets.com\/wp-content\/uploads\/2024\/05\/nance.avif 904w, https:\/\/www.sensorialsunsets.com\/wp-content\/uploads\/2024\/05\/nance-300x206.avif 300w, https:\/\/www.sensorialsunsets.com\/wp-content\/uploads\/2024\/05\/nance-768x527.avif 768w\" sizes=\"auto, (max-width: 904px) 100vw, 904px\" \/><\/figure>\n\n\n\n<figure class=\"wp-block-image size-large\"><img loading=\"lazy\" decoding=\"async\" width=\"800\" height=\"600\" data-id=\"16426\" src=\"https:\/\/www.sensorialsunsets.com\/wp-content\/uploads\/2024\/05\/nanche_1.jpg\" alt=\"\" class=\"wp-image-16426\" srcset=\"https:\/\/www.sensorialsunsets.com\/wp-content\/uploads\/2024\/05\/nanche_1.jpg 800w, https:\/\/www.sensorialsunsets.com\/wp-content\/uploads\/2024\/05\/nanche_1-300x225.jpg 300w, https:\/\/www.sensorialsunsets.com\/wp-content\/uploads\/2024\/05\/nanche_1-768x576.jpg 768w\" sizes=\"auto, (max-width: 800px) 100vw, 800px\" \/><\/figure>\n\n\n\n<figure class=\"wp-block-image size-large\"><img loading=\"lazy\" decoding=\"async\" width=\"1024\" height=\"723\" data-id=\"16429\" src=\"https:\/\/www.sensorialsunsets.com\/wp-content\/uploads\/2024\/05\/nanches_historia_origen_fruta_mexicana-1024x723.webp\" alt=\"\" class=\"wp-image-16429\" srcset=\"https:\/\/www.sensorialsunsets.com\/wp-content\/uploads\/2024\/05\/nanches_historia_origen_fruta_mexicana-1024x723.webp 1024w, https:\/\/www.sensorialsunsets.com\/wp-content\/uploads\/2024\/05\/nanches_historia_origen_fruta_mexicana-300x212.webp 300w, https:\/\/www.sensorialsunsets.com\/wp-content\/uploads\/2024\/05\/nanches_historia_origen_fruta_mexicana-768x542.webp 768w, https:\/\/www.sensorialsunsets.com\/wp-content\/uploads\/2024\/05\/nanches_historia_origen_fruta_mexicana-1536x1084.webp 1536w, https:\/\/www.sensorialsunsets.com\/wp-content\/uploads\/2024\/05\/nanches_historia_origen_fruta_mexicana-1320x932.webp 1320w, https:\/\/www.sensorialsunsets.com\/wp-content\/uploads\/2024\/05\/nanches_historia_origen_fruta_mexicana.webp 1700w\" sizes=\"auto, (max-width: 1024px) 100vw, 1024px\" \/><\/figure>\n<\/figure>\n\n<p>Le fruit est une excellente source de fibres alimentaires solubles, de prot\u00e9ines, de fer, de graisses, de carot\u00e8ne et de phosphore. Un groupe de sp\u00e9cialistes a constat\u00e9 qu&rsquo;en plus de sa teneur \u00e9lev\u00e9e en prot\u00e9ines, la nanche peut contrer les infections gastro-intestinales, les maladies de la peau et les affections d\u00e9g\u00e9n\u00e9ratives.\u00a0<\/p>\n\n<h3 class=\"wp-block-heading\"><strong>La rue (ruda)<\/strong><\/h3>\n\n<figure class=\"wp-block-gallery has-nested-images columns-default is-cropped wp-block-gallery-7 is-layout-flex wp-block-gallery-is-layout-flex\">\n<figure class=\"wp-block-image size-large\"><img loading=\"lazy\" decoding=\"async\" width=\"1024\" height=\"620\" data-id=\"16432\" src=\"https:\/\/www.sensorialsunsets.com\/wp-content\/uploads\/2024\/05\/ruda-1024x620.avif\" alt=\"\" class=\"wp-image-16432\" srcset=\"https:\/\/www.sensorialsunsets.com\/wp-content\/uploads\/2024\/05\/ruda-1024x620.avif 1024w, https:\/\/www.sensorialsunsets.com\/wp-content\/uploads\/2024\/05\/ruda-300x182.avif 300w, https:\/\/www.sensorialsunsets.com\/wp-content\/uploads\/2024\/05\/ruda-768x465.avif 768w, https:\/\/www.sensorialsunsets.com\/wp-content\/uploads\/2024\/05\/ruda.avif 1100w\" sizes=\"auto, (max-width: 1024px) 100vw, 1024px\" \/><\/figure>\n\n\n\n<figure class=\"wp-block-image size-large\"><img loading=\"lazy\" decoding=\"async\" width=\"1024\" height=\"682\" data-id=\"16435\" src=\"https:\/\/www.sensorialsunsets.com\/wp-content\/uploads\/2024\/05\/ruda-1024x682.webp\" alt=\"\" class=\"wp-image-16435\" srcset=\"https:\/\/www.sensorialsunsets.com\/wp-content\/uploads\/2024\/05\/ruda-1024x682.webp 1024w, https:\/\/www.sensorialsunsets.com\/wp-content\/uploads\/2024\/05\/ruda-300x200.webp 300w, https:\/\/www.sensorialsunsets.com\/wp-content\/uploads\/2024\/05\/ruda-768x512.webp 768w, https:\/\/www.sensorialsunsets.com\/wp-content\/uploads\/2024\/05\/ruda-334x222.webp 334w, https:\/\/www.sensorialsunsets.com\/wp-content\/uploads\/2024\/05\/ruda-1320x879.webp 1320w, https:\/\/www.sensorialsunsets.com\/wp-content\/uploads\/2024\/05\/ruda.webp 1536w\" sizes=\"auto, (max-width: 1024px) 100vw, 1024px\" \/><\/figure>\n\n\n\n<figure class=\"wp-block-image size-large\"><img loading=\"lazy\" decoding=\"async\" width=\"900\" height=\"600\" data-id=\"16438\" src=\"https:\/\/www.sensorialsunsets.com\/wp-content\/uploads\/2024\/05\/ruda-propiedades-y-beneficios_d2ff5b53_1566898530_240403135603_900x600.jpg\" alt=\"\" class=\"wp-image-16438\" srcset=\"https:\/\/www.sensorialsunsets.com\/wp-content\/uploads\/2024\/05\/ruda-propiedades-y-beneficios_d2ff5b53_1566898530_240403135603_900x600.jpg 900w, https:\/\/www.sensorialsunsets.com\/wp-content\/uploads\/2024\/05\/ruda-propiedades-y-beneficios_d2ff5b53_1566898530_240403135603_900x600-300x200.jpg 300w, https:\/\/www.sensorialsunsets.com\/wp-content\/uploads\/2024\/05\/ruda-propiedades-y-beneficios_d2ff5b53_1566898530_240403135603_900x600-768x512.jpg 768w, https:\/\/www.sensorialsunsets.com\/wp-content\/uploads\/2024\/05\/ruda-propiedades-y-beneficios_d2ff5b53_1566898530_240403135603_900x600-334x222.jpg 334w\" sizes=\"auto, (max-width: 900px) 100vw, 900px\" \/><figcaption class=\"wp-element-caption\">Common rue flowers &#8211; Latin name &#8211; Ruta graveolens<\/figcaption><\/figure>\n<\/figure>\n\n<p>La rue, scientifiquement connue sous le nom de Ruta, est un genre d&rsquo;arbustes qui englobe une grande vari\u00e9t\u00e9 d&rsquo;esp\u00e8ces, la plus commune et la plus commercialis\u00e9e \u00e9tant Ruta graveolens. Les branches avec leurs feuilles sont utilis\u00e9es, avant tout, pour calmer les crampes abdominales et \u00e9liminer les parasites intestinaux ; comme amplificateur du flux menstruel en cas de r\u00e8gles douloureuses, irr\u00e9guli\u00e8res et faibles.<\/p>\n\n<p>L&rsquo;utilisation des plantes pour pr\u00e9venir et soulager les probl\u00e8mes de sant\u00e9 remonte \u00e0 l&rsquo;\u00e9poque pr\u00e9colombienne. Aujourd&rsquo;hui, elles sont toujours utilis\u00e9es malgr\u00e9 l&rsquo;essor de l&rsquo;industrie pharmaceutique. Les gens utilisent des rem\u00e8des maison \u00e0 base de plantes car ils sont facilement disponibles, peu co\u00fbteux et ont moins d&rsquo;effets secondaires. Malheureusement, les connaissances sur ces plantes et leur utilisation m\u00e9dicinale appropri\u00e9e sont tr\u00e8s limit\u00e9es.<\/p>\n\n<h5 class=\"wp-block-heading\"><strong>Auteur<\/strong>.<\/h5>\n\n<p><strong>Zelda Walters pour Sensorial Sunsets<\/strong><\/p>\n","protected":false},"excerpt":{"rendered":"<p>Le Costa Rica poss\u00e8de une riche flore m\u00e9dicinale, avec environ 406 esp\u00e8ces regroup\u00e9es en 104 genres situ\u00e9s dans diff\u00e9rentes r\u00e9gions agro-\u00e9cologiques. Toutefois, leur utilisation a diminu\u00e9, le Costa Rica \u00e9tant le pays d&rsquo;Am\u00e9rique centrale o\u00f9 la demande de plantes m\u00e9dicinales est la plus faible. Actuellement, les esp\u00e8ces qui ont besoin d&rsquo;une condition foresti\u00e8re pour survivre, [&hellip;]<\/p>\n","protected":false},"author":5,"featured_media":3033,"comment_status":"closed","ping_status":"closed","sticky":false,"template":"","format":"standard","meta":{"_acf_changed":false,"inline_featured_image":false,"_monsterinsights_skip_tracking":false,"_monsterinsights_sitenote_active":false,"_monsterinsights_sitenote_note":"","_monsterinsights_sitenote_category":0,"footnotes":""},"categories":[100,124],"tags":[],"class_list":["post-3035","post","type-post","status-publish","format-standard","has-post-thumbnail","hentry","category-costa-rica-fr","category-sante"],"acf":[],"yoast_head":"<!-- This site is optimized with the Yoast SEO plugin v27.4 - https:\/\/yoast.com\/product\/yoast-seo-wordpress\/ -->\n<title>Les plantes du Costa Rica et leurs propri\u00e9t\u00e9s m\u00e9dicinales - SensorialSunsets<\/title>\n<meta name=\"description\" content=\"Le Costa Rica poss\u00e8de une grande vari\u00e9t\u00e9 de plantes m\u00e9dicinales, avec environ 406 esp\u00e8ces regroup\u00e9es en 104 genres.\" \/>\n<meta name=\"robots\" content=\"index, follow, max-snippet:-1, max-image-preview:large, max-video-preview:-1\" \/>\n<link rel=\"canonical\" href=\"https:\/\/www.sensorialsunsets.com\/fr\/les-plantes-du-costa-rica-et-leurs-proprietes-medicinales\/\" \/>\n<meta property=\"og:locale\" content=\"fr_FR\" \/>\n<meta property=\"og:type\" content=\"article\" \/>\n<meta property=\"og:title\" content=\"Les plantes du Costa Rica et leurs propri\u00e9t\u00e9s m\u00e9dicinales - SensorialSunsets\" \/>\n<meta property=\"og:description\" content=\"Le Costa Rica poss\u00e8de une grande vari\u00e9t\u00e9 de plantes m\u00e9dicinales, avec environ 406 esp\u00e8ces regroup\u00e9es en 104 genres.\" \/>\n<meta property=\"og:url\" content=\"https:\/\/www.sensorialsunsets.com\/fr\/les-plantes-du-costa-rica-et-leurs-proprietes-medicinales\/\" \/>\n<meta property=\"og:site_name\" content=\"SensorialSunsets\" \/>\n<meta property=\"article:publisher\" content=\"https:\/\/www.facebook.com\/Sensorial-Sunsets-109180614715562\" \/>\n<meta property=\"article:published_time\" content=\"2022-08-09T16:19:49+00:00\" \/>\n<meta property=\"article:modified_time\" content=\"2024-05-04T17:28:26+00:00\" \/>\n<meta property=\"og:image\" content=\"https:\/\/www.sensorialsunsets.com\/wp-content\/uploads\/2022\/08\/annie-spratt-JLpDkdcuceI-unsplash-scaled.jpg\" \/>\n\t<meta property=\"og:image:width\" content=\"2560\" \/>\n\t<meta property=\"og:image:height\" content=\"1707\" \/>\n\t<meta property=\"og:image:type\" content=\"image\/jpeg\" \/>\n<meta name=\"author\" content=\"Marian Barrantes\" \/>\n<meta name=\"twitter:card\" content=\"summary_large_image\" \/>\n<meta name=\"twitter:label1\" content=\"\u00c9crit par\" \/>\n\t<meta name=\"twitter:data1\" content=\"Marian Barrantes\" \/>\n\t<meta name=\"twitter:label2\" content=\"Dur\u00e9e de lecture estim\u00e9e\" \/>\n\t<meta name=\"twitter:data2\" content=\"5 minutes\" \/>\n<script type=\"application\/ld+json\" class=\"yoast-schema-graph\">{\"@context\":\"https:\\\/\\\/schema.org\",\"@graph\":[{\"@type\":\"Article\",\"@id\":\"https:\\\/\\\/www.sensorialsunsets.com\\\/fr\\\/les-plantes-du-costa-rica-et-leurs-proprietes-medicinales\\\/#article\",\"isPartOf\":{\"@id\":\"https:\\\/\\\/www.sensorialsunsets.com\\\/fr\\\/les-plantes-du-costa-rica-et-leurs-proprietes-medicinales\\\/\"},\"author\":{\"name\":\"Marian Barrantes\",\"@id\":\"https:\\\/\\\/www.sensorialsunsets.com\\\/fr\\\/#\\\/schema\\\/person\\\/a8336a4dbeee633f087a194db2ca482f\"},\"headline\":\"Les plantes du Costa Rica et leurs propri\u00e9t\u00e9s m\u00e9dicinales\",\"datePublished\":\"2022-08-09T16:19:49+00:00\",\"dateModified\":\"2024-05-04T17:28:26+00:00\",\"mainEntityOfPage\":{\"@id\":\"https:\\\/\\\/www.sensorialsunsets.com\\\/fr\\\/les-plantes-du-costa-rica-et-leurs-proprietes-medicinales\\\/\"},\"wordCount\":950,\"publisher\":{\"@id\":\"https:\\\/\\\/www.sensorialsunsets.com\\\/fr\\\/#organization\"},\"image\":{\"@id\":\"https:\\\/\\\/www.sensorialsunsets.com\\\/fr\\\/les-plantes-du-costa-rica-et-leurs-proprietes-medicinales\\\/#primaryimage\"},\"thumbnailUrl\":\"https:\\\/\\\/www.sensorialsunsets.com\\\/wp-content\\\/uploads\\\/2022\\\/08\\\/annie-spratt-JLpDkdcuceI-unsplash-scaled.jpg\",\"articleSection\":[\"Costa Rica\",\"Sant\u00e9\"],\"inLanguage\":\"fr-FR\"},{\"@type\":\"WebPage\",\"@id\":\"https:\\\/\\\/www.sensorialsunsets.com\\\/fr\\\/les-plantes-du-costa-rica-et-leurs-proprietes-medicinales\\\/\",\"url\":\"https:\\\/\\\/www.sensorialsunsets.com\\\/fr\\\/les-plantes-du-costa-rica-et-leurs-proprietes-medicinales\\\/\",\"name\":\"Les plantes du Costa Rica et leurs propri\u00e9t\u00e9s m\u00e9dicinales - SensorialSunsets\",\"isPartOf\":{\"@id\":\"https:\\\/\\\/www.sensorialsunsets.com\\\/fr\\\/#website\"},\"primaryImageOfPage\":{\"@id\":\"https:\\\/\\\/www.sensorialsunsets.com\\\/fr\\\/les-plantes-du-costa-rica-et-leurs-proprietes-medicinales\\\/#primaryimage\"},\"image\":{\"@id\":\"https:\\\/\\\/www.sensorialsunsets.com\\\/fr\\\/les-plantes-du-costa-rica-et-leurs-proprietes-medicinales\\\/#primaryimage\"},\"thumbnailUrl\":\"https:\\\/\\\/www.sensorialsunsets.com\\\/wp-content\\\/uploads\\\/2022\\\/08\\\/annie-spratt-JLpDkdcuceI-unsplash-scaled.jpg\",\"datePublished\":\"2022-08-09T16:19:49+00:00\",\"dateModified\":\"2024-05-04T17:28:26+00:00\",\"description\":\"Le Costa Rica poss\u00e8de une grande vari\u00e9t\u00e9 de plantes m\u00e9dicinales, avec environ 406 esp\u00e8ces regroup\u00e9es en 104 genres.\",\"inLanguage\":\"fr-FR\",\"potentialAction\":[{\"@type\":\"ReadAction\",\"target\":[\"https:\\\/\\\/www.sensorialsunsets.com\\\/fr\\\/les-plantes-du-costa-rica-et-leurs-proprietes-medicinales\\\/\"]}]},{\"@type\":\"ImageObject\",\"inLanguage\":\"fr-FR\",\"@id\":\"https:\\\/\\\/www.sensorialsunsets.com\\\/fr\\\/les-plantes-du-costa-rica-et-leurs-proprietes-medicinales\\\/#primaryimage\",\"url\":\"https:\\\/\\\/www.sensorialsunsets.com\\\/wp-content\\\/uploads\\\/2022\\\/08\\\/annie-spratt-JLpDkdcuceI-unsplash-scaled.jpg\",\"contentUrl\":\"https:\\\/\\\/www.sensorialsunsets.com\\\/wp-content\\\/uploads\\\/2022\\\/08\\\/annie-spratt-JLpDkdcuceI-unsplash-scaled.jpg\",\"width\":2560,\"height\":1707},{\"@type\":\"WebSite\",\"@id\":\"https:\\\/\\\/www.sensorialsunsets.com\\\/fr\\\/#website\",\"url\":\"https:\\\/\\\/www.sensorialsunsets.com\\\/fr\\\/\",\"name\":\"SensorialSunsets.com\",\"description\":\"D\u00e9couvrez la culture et la soci\u00e9t\u00e9 du Costa Rica sur notre blog. Explorez des articles captivants et partagez le contenu.\",\"publisher\":{\"@id\":\"https:\\\/\\\/www.sensorialsunsets.com\\\/fr\\\/#organization\"},\"alternateName\":\"Costa Rica Live Blog\",\"potentialAction\":[{\"@type\":\"SearchAction\",\"target\":{\"@type\":\"EntryPoint\",\"urlTemplate\":\"https:\\\/\\\/www.sensorialsunsets.com\\\/fr\\\/?s={search_term_string}\"},\"query-input\":{\"@type\":\"PropertyValueSpecification\",\"valueRequired\":true,\"valueName\":\"search_term_string\"}}],\"inLanguage\":\"fr-FR\"},{\"@type\":\"Organization\",\"@id\":\"https:\\\/\\\/www.sensorialsunsets.com\\\/fr\\\/#organization\",\"name\":\"SensorialSunsets\",\"url\":\"https:\\\/\\\/www.sensorialsunsets.com\\\/fr\\\/\",\"logo\":{\"@type\":\"ImageObject\",\"inLanguage\":\"fr-FR\",\"@id\":\"https:\\\/\\\/www.sensorialsunsets.com\\\/fr\\\/#\\\/schema\\\/logo\\\/image\\\/\",\"url\":\"https:\\\/\\\/www.sensorialsunsets.com\\\/wp-content\\\/uploads\\\/2023\\\/04\\\/Logo_base_line_fond_clair.svg\",\"contentUrl\":\"https:\\\/\\\/www.sensorialsunsets.com\\\/wp-content\\\/uploads\\\/2023\\\/04\\\/Logo_base_line_fond_clair.svg\",\"width\":\"1024\",\"height\":\"1024\",\"caption\":\"SensorialSunsets\"},\"image\":{\"@id\":\"https:\\\/\\\/www.sensorialsunsets.com\\\/fr\\\/#\\\/schema\\\/logo\\\/image\\\/\"},\"sameAs\":[\"https:\\\/\\\/www.facebook.com\\\/Sensorial-Sunsets-109180614715562\",\"https:\\\/\\\/www.instagram.com\\\/sensorialsunsets\\\/\"]},{\"@type\":\"Person\",\"@id\":\"https:\\\/\\\/www.sensorialsunsets.com\\\/fr\\\/#\\\/schema\\\/person\\\/a8336a4dbeee633f087a194db2ca482f\",\"name\":\"Marian Barrantes\",\"image\":{\"@type\":\"ImageObject\",\"inLanguage\":\"fr-FR\",\"@id\":\"https:\\\/\\\/secure.gravatar.com\\\/avatar\\\/fafbfab67eb28029818d03f44e3037bd798e04434d8d5c0cfc2eea8ec2882a22?s=96&d=mm&r=g\",\"url\":\"https:\\\/\\\/secure.gravatar.com\\\/avatar\\\/fafbfab67eb28029818d03f44e3037bd798e04434d8d5c0cfc2eea8ec2882a22?s=96&d=mm&r=g\",\"contentUrl\":\"https:\\\/\\\/secure.gravatar.com\\\/avatar\\\/fafbfab67eb28029818d03f44e3037bd798e04434d8d5c0cfc2eea8ec2882a22?s=96&d=mm&r=g\",\"caption\":\"Marian Barrantes\"},\"sameAs\":[\"https:\\\/\\\/www.sensorialsunsets.com\"],\"url\":\"https:\\\/\\\/www.sensorialsunsets.com\\\/fr\\\/author\\\/mbarrantes\\\/\"}]}<\/script>\n<!-- \/ Yoast SEO plugin. -->","yoast_head_json":{"title":"Les plantes du Costa Rica et leurs propri\u00e9t\u00e9s m\u00e9dicinales - SensorialSunsets","description":"Le Costa Rica poss\u00e8de une grande vari\u00e9t\u00e9 de plantes m\u00e9dicinales, avec environ 406 esp\u00e8ces regroup\u00e9es en 104 genres.","robots":{"index":"index","follow":"follow","max-snippet":"max-snippet:-1","max-image-preview":"max-image-preview:large","max-video-preview":"max-video-preview:-1"},"canonical":"https:\/\/www.sensorialsunsets.com\/fr\/les-plantes-du-costa-rica-et-leurs-proprietes-medicinales\/","og_locale":"fr_FR","og_type":"article","og_title":"Les plantes du Costa Rica et leurs propri\u00e9t\u00e9s m\u00e9dicinales - SensorialSunsets","og_description":"Le Costa Rica poss\u00e8de une grande vari\u00e9t\u00e9 de plantes m\u00e9dicinales, avec environ 406 esp\u00e8ces regroup\u00e9es en 104 genres.","og_url":"https:\/\/www.sensorialsunsets.com\/fr\/les-plantes-du-costa-rica-et-leurs-proprietes-medicinales\/","og_site_name":"SensorialSunsets","article_publisher":"https:\/\/www.facebook.com\/Sensorial-Sunsets-109180614715562","article_published_time":"2022-08-09T16:19:49+00:00","article_modified_time":"2024-05-04T17:28:26+00:00","og_image":[{"width":2560,"height":1707,"url":"https:\/\/www.sensorialsunsets.com\/wp-content\/uploads\/2022\/08\/annie-spratt-JLpDkdcuceI-unsplash-scaled.jpg","type":"image\/jpeg"}],"author":"Marian Barrantes","twitter_card":"summary_large_image","twitter_misc":{"\u00c9crit par":"Marian Barrantes","Dur\u00e9e de lecture estim\u00e9e":"5 minutes"},"schema":{"@context":"https:\/\/schema.org","@graph":[{"@type":"Article","@id":"https:\/\/www.sensorialsunsets.com\/fr\/les-plantes-du-costa-rica-et-leurs-proprietes-medicinales\/#article","isPartOf":{"@id":"https:\/\/www.sensorialsunsets.com\/fr\/les-plantes-du-costa-rica-et-leurs-proprietes-medicinales\/"},"author":{"name":"Marian Barrantes","@id":"https:\/\/www.sensorialsunsets.com\/fr\/#\/schema\/person\/a8336a4dbeee633f087a194db2ca482f"},"headline":"Les plantes du Costa Rica et leurs propri\u00e9t\u00e9s m\u00e9dicinales","datePublished":"2022-08-09T16:19:49+00:00","dateModified":"2024-05-04T17:28:26+00:00","mainEntityOfPage":{"@id":"https:\/\/www.sensorialsunsets.com\/fr\/les-plantes-du-costa-rica-et-leurs-proprietes-medicinales\/"},"wordCount":950,"publisher":{"@id":"https:\/\/www.sensorialsunsets.com\/fr\/#organization"},"image":{"@id":"https:\/\/www.sensorialsunsets.com\/fr\/les-plantes-du-costa-rica-et-leurs-proprietes-medicinales\/#primaryimage"},"thumbnailUrl":"https:\/\/www.sensorialsunsets.com\/wp-content\/uploads\/2022\/08\/annie-spratt-JLpDkdcuceI-unsplash-scaled.jpg","articleSection":["Costa Rica","Sant\u00e9"],"inLanguage":"fr-FR"},{"@type":"WebPage","@id":"https:\/\/www.sensorialsunsets.com\/fr\/les-plantes-du-costa-rica-et-leurs-proprietes-medicinales\/","url":"https:\/\/www.sensorialsunsets.com\/fr\/les-plantes-du-costa-rica-et-leurs-proprietes-medicinales\/","name":"Les plantes du Costa Rica et leurs propri\u00e9t\u00e9s m\u00e9dicinales - SensorialSunsets","isPartOf":{"@id":"https:\/\/www.sensorialsunsets.com\/fr\/#website"},"primaryImageOfPage":{"@id":"https:\/\/www.sensorialsunsets.com\/fr\/les-plantes-du-costa-rica-et-leurs-proprietes-medicinales\/#primaryimage"},"image":{"@id":"https:\/\/www.sensorialsunsets.com\/fr\/les-plantes-du-costa-rica-et-leurs-proprietes-medicinales\/#primaryimage"},"thumbnailUrl":"https:\/\/www.sensorialsunsets.com\/wp-content\/uploads\/2022\/08\/annie-spratt-JLpDkdcuceI-unsplash-scaled.jpg","datePublished":"2022-08-09T16:19:49+00:00","dateModified":"2024-05-04T17:28:26+00:00","description":"Le Costa Rica poss\u00e8de une grande vari\u00e9t\u00e9 de plantes m\u00e9dicinales, avec environ 406 esp\u00e8ces regroup\u00e9es en 104 genres.","inLanguage":"fr-FR","potentialAction":[{"@type":"ReadAction","target":["https:\/\/www.sensorialsunsets.com\/fr\/les-plantes-du-costa-rica-et-leurs-proprietes-medicinales\/"]}]},{"@type":"ImageObject","inLanguage":"fr-FR","@id":"https:\/\/www.sensorialsunsets.com\/fr\/les-plantes-du-costa-rica-et-leurs-proprietes-medicinales\/#primaryimage","url":"https:\/\/www.sensorialsunsets.com\/wp-content\/uploads\/2022\/08\/annie-spratt-JLpDkdcuceI-unsplash-scaled.jpg","contentUrl":"https:\/\/www.sensorialsunsets.com\/wp-content\/uploads\/2022\/08\/annie-spratt-JLpDkdcuceI-unsplash-scaled.jpg","width":2560,"height":1707},{"@type":"WebSite","@id":"https:\/\/www.sensorialsunsets.com\/fr\/#website","url":"https:\/\/www.sensorialsunsets.com\/fr\/","name":"SensorialSunsets.com","description":"D\u00e9couvrez la culture et la soci\u00e9t\u00e9 du Costa Rica sur notre blog. Explorez des articles captivants et partagez le contenu.","publisher":{"@id":"https:\/\/www.sensorialsunsets.com\/fr\/#organization"},"alternateName":"Costa Rica Live Blog","potentialAction":[{"@type":"SearchAction","target":{"@type":"EntryPoint","urlTemplate":"https:\/\/www.sensorialsunsets.com\/fr\/?s={search_term_string}"},"query-input":{"@type":"PropertyValueSpecification","valueRequired":true,"valueName":"search_term_string"}}],"inLanguage":"fr-FR"},{"@type":"Organization","@id":"https:\/\/www.sensorialsunsets.com\/fr\/#organization","name":"SensorialSunsets","url":"https:\/\/www.sensorialsunsets.com\/fr\/","logo":{"@type":"ImageObject","inLanguage":"fr-FR","@id":"https:\/\/www.sensorialsunsets.com\/fr\/#\/schema\/logo\/image\/","url":"https:\/\/www.sensorialsunsets.com\/wp-content\/uploads\/2023\/04\/Logo_base_line_fond_clair.svg","contentUrl":"https:\/\/www.sensorialsunsets.com\/wp-content\/uploads\/2023\/04\/Logo_base_line_fond_clair.svg","width":"1024","height":"1024","caption":"SensorialSunsets"},"image":{"@id":"https:\/\/www.sensorialsunsets.com\/fr\/#\/schema\/logo\/image\/"},"sameAs":["https:\/\/www.facebook.com\/Sensorial-Sunsets-109180614715562","https:\/\/www.instagram.com\/sensorialsunsets\/"]},{"@type":"Person","@id":"https:\/\/www.sensorialsunsets.com\/fr\/#\/schema\/person\/a8336a4dbeee633f087a194db2ca482f","name":"Marian Barrantes","image":{"@type":"ImageObject","inLanguage":"fr-FR","@id":"https:\/\/secure.gravatar.com\/avatar\/fafbfab67eb28029818d03f44e3037bd798e04434d8d5c0cfc2eea8ec2882a22?s=96&d=mm&r=g","url":"https:\/\/secure.gravatar.com\/avatar\/fafbfab67eb28029818d03f44e3037bd798e04434d8d5c0cfc2eea8ec2882a22?s=96&d=mm&r=g","contentUrl":"https:\/\/secure.gravatar.com\/avatar\/fafbfab67eb28029818d03f44e3037bd798e04434d8d5c0cfc2eea8ec2882a22?s=96&d=mm&r=g","caption":"Marian Barrantes"},"sameAs":["https:\/\/www.sensorialsunsets.com"],"url":"https:\/\/www.sensorialsunsets.com\/fr\/author\/mbarrantes\/"}]}},"_links":{"self":[{"href":"https:\/\/www.sensorialsunsets.com\/fr\/wp-json\/wp\/v2\/posts\/3035","targetHints":{"allow":["GET"]}}],"collection":[{"href":"https:\/\/www.sensorialsunsets.com\/fr\/wp-json\/wp\/v2\/posts"}],"about":[{"href":"https:\/\/www.sensorialsunsets.com\/fr\/wp-json\/wp\/v2\/types\/post"}],"author":[{"embeddable":true,"href":"https:\/\/www.sensorialsunsets.com\/fr\/wp-json\/wp\/v2\/users\/5"}],"replies":[{"embeddable":true,"href":"https:\/\/www.sensorialsunsets.com\/fr\/wp-json\/wp\/v2\/comments?post=3035"}],"version-history":[{"count":0,"href":"https:\/\/www.sensorialsunsets.com\/fr\/wp-json\/wp\/v2\/posts\/3035\/revisions"}],"wp:featuredmedia":[{"embeddable":true,"href":"https:\/\/www.sensorialsunsets.com\/fr\/wp-json\/wp\/v2\/media\/3033"}],"wp:attachment":[{"href":"https:\/\/www.sensorialsunsets.com\/fr\/wp-json\/wp\/v2\/media?parent=3035"}],"wp:term":[{"taxonomy":"category","embeddable":true,"href":"https:\/\/www.sensorialsunsets.com\/fr\/wp-json\/wp\/v2\/categories?post=3035"},{"taxonomy":"post_tag","embeddable":true,"href":"https:\/\/www.sensorialsunsets.com\/fr\/wp-json\/wp\/v2\/tags?post=3035"}],"curies":[{"name":"wp","href":"https:\/\/api.w.org\/{rel}","templated":true}]}}