{"id":3134,"date":"2022-08-22T22:21:36","date_gmt":"2022-08-22T22:21:36","guid":{"rendered":"https:\/\/www.sensorialsunsets.com\/lavenida-central-avenue-centrale-de-san-jose\/"},"modified":"2022-08-22T22:21:36","modified_gmt":"2022-08-22T22:21:36","slug":"lavenida-central-avenue-centrale-de-san-jose","status":"publish","type":"post","link":"https:\/\/www.sensorialsunsets.com\/fr\/lavenida-central-avenue-centrale-de-san-jose\/","title":{"rendered":"L&rsquo;Avenida Central (Avenue Centrale) de San Jos\u00e9"},"content":{"rendered":"\n<p>L&rsquo;Avenida Central (0) est l&rsquo;art\u00e8re la plus importante de San Jos\u00e9, la capitale. Appel\u00e9e en r\u00e9alit\u00e9 Avenida Rogelio Fern\u00e1ndez G\u00fcell (en l&rsquo;honneur de celui qui a lutt\u00e9 jusqu&rsquo;\u00e0 la mort contre la dictature de Tinoco), elle se compose de 12 blocs qui traversent le centre de San Jos\u00e9 d&rsquo;est en ouest. Il s&rsquo;agit d&rsquo;un boulevard pi\u00e9tonnier strat\u00e9gique travers\u00e9 chaque ann\u00e9e par plus de 3 millions de personnes. Sa section ouest, appel\u00e9e Paseo Col\u00f3n, est la voie la plus importante vers le secteur de La Sabana.<\/p>\n\n<h2 class=\"wp-block-heading\">Histoire<\/h2>\n\n<p>Initialement connue sous le nom de Calle Real, l&rsquo;Avenida Central est n\u00e9e lorsque la capitale s&rsquo;appelait Villa Nueva de la Boca del Monte. D\u00e8s la premi\u00e8re moiti\u00e9 du XIXe si\u00e8cle, elle \u00e9tait d\u00e9j\u00e0 un centre de mobilit\u00e9 et de logement, concentrant m\u00eame la (petite) activit\u00e9 \u00e9conomique qui existait \u00e0 l&rsquo;\u00e9poque.<\/p>\n\n<p>Son trac\u00e9 devient d\u00e9finitif et la route devient une voie commerciale essentielle pour tout le pays \u00e0 la fin du XIXe si\u00e8cle avec l&rsquo;essor \u00e9conomique et la d\u00e9signation de San Jos\u00e9 comme capitale de la R\u00e9publique. En fait, l&rsquo;avenue est connue \u00e0 cette \u00e9poque sous le nom de \u00ab\u00a0rue du commerce\u00a0\u00bb.<\/p>\n\n<p>Dans les ann\u00e9es 1880, le march\u00e9 central a \u00e9t\u00e9 \u00e9tabli \u00e0 son intersection. Tous les principaux magasins et b\u00e2timents importants tels que le Palacio Nacional (aujourd&rsquo;hui la Banco de Costa Rica) \u00e9taient d\u00e9j\u00e0 situ\u00e9s sur l&rsquo;Avenida Central. Puis, au d\u00e9but des ann\u00e9es 1890, la premi\u00e8re ligne de tramway reliant La Sabana \u00e0 la Estaci\u00f3n del Atl\u00e1ntico traversait l&rsquo;avenue en son milieu.<\/p>\n\n<figure class=\"wp-block-image size-full\"><img loading=\"lazy\" decoding=\"async\" width=\"1024\" height=\"768\" src=\"https:\/\/www.sensorialsunsets.com\/wp-content\/uploads\/2022\/08\/Avenida_Central_1.jpg\" alt=\"avenida-central-sensorial-sunsets\" class=\"wp-image-3132\" srcset=\"https:\/\/www.sensorialsunsets.com\/wp-content\/uploads\/2022\/08\/Avenida_Central_1.jpg 1024w, https:\/\/www.sensorialsunsets.com\/wp-content\/uploads\/2022\/08\/Avenida_Central_1-300x225.jpg 300w, https:\/\/www.sensorialsunsets.com\/wp-content\/uploads\/2022\/08\/Avenida_Central_1-768x576.jpg 768w\" sizes=\"auto, (max-width: 1024px) 100vw, 1024px\" \/><figcaption>Avenida Central<\/figcaption><\/figure>\n<h2 class=\"wp-block-heading\">Une art\u00e8re commerciale<\/h2>\n\n<p>Plus tard, dans les ann\u00e9es 1950, alors que le tramway avait d\u00e9j\u00e0 \u00e9t\u00e9 d\u00e9mantel\u00e9, l&rsquo;Avenida Central est devenue une art\u00e8re automobile orient\u00e9e est-ouest. Cela a g\u00e9n\u00e9r\u00e9 une augmentation du commerce et l&rsquo;a \u00e9galement consolid\u00e9e comme l&rsquo;une des principales art\u00e8res de la ville. En 1994, il a \u00e9t\u00e9 d\u00e9cid\u00e9 de transformer l&rsquo;avenue en un boulevard pi\u00e9tonnier, permettant la libre circulation des pi\u00e9tons qui viennent faire toutes sortes de courses. Avec plus de 220 \u00e9tablissements commerciaux, notamment des magasins de v\u00eatements, de chaussures, des restaurants, des caf\u00e9s, des bijouteries et des pharmacies, l&rsquo;avenue centrale est actuellement le centre n\u00e9vralgique du commerce de la capitale. Elle abrite \u00e9galement les si\u00e8ges de la Banque centrale et de la Banque du Costa Rica.<\/p>\n\n<h2 class=\"wp-block-heading\">Culture<\/h2>\n\n<p>L&rsquo;Avenida Central relie les principaux sites touristiques et les espaces culturels embl\u00e9matiques du pays. Il va du mus\u00e9e d&rsquo;art costaricien \u00e0 La Sabana, en passant par le Paseo Col\u00f3n, jusqu&rsquo;au mus\u00e9e de l&rsquo;or au rez-de-chauss\u00e9e de la Plaza de la Cultura, au Th\u00e9\u00e2tre National et aux mus\u00e9es National et de Jade sur la Plaza de la Democracia.<\/p>\n\n<h2 class=\"wp-block-heading\">L&rsquo; \u201cAvenidazo\u201d<\/h2>\n\n<p>Lorsque les Ticos veulent c\u00e9l\u00e9brer un \u00e9v\u00e9nement important, ils se rendent sur l&rsquo;Avenida Central pour faire le tour des p\u00e2t\u00e9s de maisons et faire la f\u00eate. C&rsquo;est ce qu&rsquo;ils appellent l'\u00a0\u00bbavenidazo\u00a0\u00bb. Par exemple, en d\u00e9cembre, pour f\u00eater la nouvelle ann\u00e9e, de nombreux Costariciens se rendent \u00e0 pied sur l&rsquo;Avenida Central pour lancer des confettis et partager avec des inconnus.<\/p>\n\n<p>La municipalit\u00e9 de San Jos\u00e9 organise des \u00e9v\u00e9nements pour c\u00e9l\u00e9brer les f\u00eates de fin d&rsquo;ann\u00e9e avec de la musique, des activit\u00e9s culturelles et beaucoup de couleurs.<\/p>\n\n<p><\/p>\n\n<p><strong>Auteur<\/strong> : M. Barrantes pour Sensorial Sunsets<\/p>\n\n<p><\/p>\n\n<h2 class=\"wp-block-heading\">Sources<\/h2>\n\n<p><a href=\"https:\/\/es.wikipedia.org\/wiki\/Avenida_Central_(San_Jos%C3%A9)\">https:\/\/es.wikipedia.org\/wiki\/Avenida_Central_(San_Jos%C3%A9)<\/a><\/p>\n","protected":false},"excerpt":{"rendered":"<p>L&rsquo;Avenida Central (0) est l&rsquo;art\u00e8re la plus importante de San Jos\u00e9, la capitale. Appel\u00e9e en r\u00e9alit\u00e9 Avenida Rogelio Fern\u00e1ndez G\u00fcell (en l&rsquo;honneur de celui qui a lutt\u00e9 jusqu&rsquo;\u00e0 la mort contre la dictature de Tinoco), elle se compose de 12 blocs qui traversent le centre de San Jos\u00e9 d&rsquo;est en ouest. Il s&rsquo;agit d&rsquo;un boulevard [&hellip;]<\/p>\n","protected":false},"author":5,"featured_media":3129,"comment_status":"closed","ping_status":"closed","sticky":false,"template":"","format":"standard","meta":{"_acf_changed":false,"inline_featured_image":false,"_monsterinsights_skip_tracking":false,"_monsterinsights_sitenote_active":false,"_monsterinsights_sitenote_note":"","_monsterinsights_sitenote_category":0,"footnotes":""},"categories":[100,120,102,113],"tags":[],"class_list":["post-3134","post","type-post","status-publish","format-standard","has-post-thumbnail","hentry","category-costa-rica-fr","category-histoire","category-societe-fr","category-tourisme-fr"],"acf":[],"yoast_head":"<!-- This site is optimized with the Yoast SEO plugin v27.4 - https:\/\/yoast.com\/product\/yoast-seo-wordpress\/ -->\n<title>L&#039;Avenida Central (Avenue Centrale) de San Jos\u00e9 - SensorialSunsets<\/title>\n<meta name=\"description\" content=\"L&#039;Avenida Central de San Jos\u00e9 est l&#039;art\u00e8re la plus commer\u00e7ante et la plus populaire de la capitale du Costa Rica. On y trouve toutes sortes de magasins.\" \/>\n<meta name=\"robots\" content=\"index, follow, max-snippet:-1, max-image-preview:large, max-video-preview:-1\" \/>\n<link rel=\"canonical\" href=\"https:\/\/www.sensorialsunsets.com\/fr\/lavenida-central-avenue-centrale-de-san-jose\/\" \/>\n<meta property=\"og:locale\" content=\"fr_FR\" \/>\n<meta property=\"og:type\" content=\"article\" \/>\n<meta property=\"og:title\" content=\"L&#039;Avenida Central (Avenue Centrale) de San Jos\u00e9 - SensorialSunsets\" \/>\n<meta property=\"og:description\" content=\"L&#039;Avenida Central de San Jos\u00e9 est l&#039;art\u00e8re la plus commer\u00e7ante et la plus populaire de la capitale du Costa Rica. On y trouve toutes sortes de magasins.\" \/>\n<meta property=\"og:url\" content=\"https:\/\/www.sensorialsunsets.com\/fr\/lavenida-central-avenue-centrale-de-san-jose\/\" \/>\n<meta property=\"og:site_name\" content=\"SensorialSunsets\" \/>\n<meta property=\"article:publisher\" content=\"https:\/\/www.facebook.com\/Sensorial-Sunsets-109180614715562\" \/>\n<meta property=\"article:published_time\" content=\"2022-08-22T22:21:36+00:00\" \/>\n<meta property=\"og:image\" content=\"https:\/\/www.sensorialsunsets.com\/wp-content\/uploads\/2022\/08\/800px-Ave_Central_San_Jose_Costa_Rica_2.jpg\" \/>\n\t<meta property=\"og:image:width\" content=\"800\" \/>\n\t<meta property=\"og:image:height\" content=\"1200\" \/>\n\t<meta property=\"og:image:type\" content=\"image\/jpeg\" \/>\n<meta name=\"author\" content=\"Marian Barrantes\" \/>\n<meta name=\"twitter:card\" content=\"summary_large_image\" \/>\n<meta name=\"twitter:label1\" content=\"\u00c9crit par\" \/>\n\t<meta name=\"twitter:data1\" content=\"Marian Barrantes\" \/>\n\t<meta name=\"twitter:label2\" content=\"Dur\u00e9e de lecture estim\u00e9e\" \/>\n\t<meta name=\"twitter:data2\" content=\"3 minutes\" \/>\n<script type=\"application\/ld+json\" class=\"yoast-schema-graph\">{\"@context\":\"https:\\\/\\\/schema.org\",\"@graph\":[{\"@type\":\"Article\",\"@id\":\"https:\\\/\\\/www.sensorialsunsets.com\\\/fr\\\/lavenida-central-avenue-centrale-de-san-jose\\\/#article\",\"isPartOf\":{\"@id\":\"https:\\\/\\\/www.sensorialsunsets.com\\\/fr\\\/lavenida-central-avenue-centrale-de-san-jose\\\/\"},\"author\":{\"name\":\"Marian Barrantes\",\"@id\":\"https:\\\/\\\/www.sensorialsunsets.com\\\/fr\\\/#\\\/schema\\\/person\\\/a8336a4dbeee633f087a194db2ca482f\"},\"headline\":\"L&rsquo;Avenida Central (Avenue Centrale) de San Jos\u00e9\",\"datePublished\":\"2022-08-22T22:21:36+00:00\",\"mainEntityOfPage\":{\"@id\":\"https:\\\/\\\/www.sensorialsunsets.com\\\/fr\\\/lavenida-central-avenue-centrale-de-san-jose\\\/\"},\"wordCount\":624,\"publisher\":{\"@id\":\"https:\\\/\\\/www.sensorialsunsets.com\\\/fr\\\/#organization\"},\"image\":{\"@id\":\"https:\\\/\\\/www.sensorialsunsets.com\\\/fr\\\/lavenida-central-avenue-centrale-de-san-jose\\\/#primaryimage\"},\"thumbnailUrl\":\"https:\\\/\\\/www.sensorialsunsets.com\\\/wp-content\\\/uploads\\\/2022\\\/08\\\/800px-Ave_Central_San_Jose_Costa_Rica_2.jpg\",\"articleSection\":[\"Costa Rica\",\"Histoire\",\"Soci\u00e9t\u00e9\",\"Tourisme\"],\"inLanguage\":\"fr-FR\"},{\"@type\":\"WebPage\",\"@id\":\"https:\\\/\\\/www.sensorialsunsets.com\\\/fr\\\/lavenida-central-avenue-centrale-de-san-jose\\\/\",\"url\":\"https:\\\/\\\/www.sensorialsunsets.com\\\/fr\\\/lavenida-central-avenue-centrale-de-san-jose\\\/\",\"name\":\"L'Avenida Central (Avenue Centrale) de San Jos\u00e9 - SensorialSunsets\",\"isPartOf\":{\"@id\":\"https:\\\/\\\/www.sensorialsunsets.com\\\/fr\\\/#website\"},\"primaryImageOfPage\":{\"@id\":\"https:\\\/\\\/www.sensorialsunsets.com\\\/fr\\\/lavenida-central-avenue-centrale-de-san-jose\\\/#primaryimage\"},\"image\":{\"@id\":\"https:\\\/\\\/www.sensorialsunsets.com\\\/fr\\\/lavenida-central-avenue-centrale-de-san-jose\\\/#primaryimage\"},\"thumbnailUrl\":\"https:\\\/\\\/www.sensorialsunsets.com\\\/wp-content\\\/uploads\\\/2022\\\/08\\\/800px-Ave_Central_San_Jose_Costa_Rica_2.jpg\",\"datePublished\":\"2022-08-22T22:21:36+00:00\",\"description\":\"L'Avenida Central de San Jos\u00e9 est l'art\u00e8re la plus commer\u00e7ante et la plus populaire de la capitale du Costa Rica. On y trouve toutes sortes de magasins.\",\"inLanguage\":\"fr-FR\",\"potentialAction\":[{\"@type\":\"ReadAction\",\"target\":[\"https:\\\/\\\/www.sensorialsunsets.com\\\/fr\\\/lavenida-central-avenue-centrale-de-san-jose\\\/\"]}]},{\"@type\":\"ImageObject\",\"inLanguage\":\"fr-FR\",\"@id\":\"https:\\\/\\\/www.sensorialsunsets.com\\\/fr\\\/lavenida-central-avenue-centrale-de-san-jose\\\/#primaryimage\",\"url\":\"https:\\\/\\\/www.sensorialsunsets.com\\\/wp-content\\\/uploads\\\/2022\\\/08\\\/800px-Ave_Central_San_Jose_Costa_Rica_2.jpg\",\"contentUrl\":\"https:\\\/\\\/www.sensorialsunsets.com\\\/wp-content\\\/uploads\\\/2022\\\/08\\\/800px-Ave_Central_San_Jose_Costa_Rica_2.jpg\",\"width\":800,\"height\":1200},{\"@type\":\"WebSite\",\"@id\":\"https:\\\/\\\/www.sensorialsunsets.com\\\/fr\\\/#website\",\"url\":\"https:\\\/\\\/www.sensorialsunsets.com\\\/fr\\\/\",\"name\":\"SensorialSunsets.com\",\"description\":\"D\u00e9couvrez la culture et la soci\u00e9t\u00e9 du Costa Rica sur notre blog. Explorez des articles captivants et partagez le contenu.\",\"publisher\":{\"@id\":\"https:\\\/\\\/www.sensorialsunsets.com\\\/fr\\\/#organization\"},\"alternateName\":\"Costa Rica Live Blog\",\"potentialAction\":[{\"@type\":\"SearchAction\",\"target\":{\"@type\":\"EntryPoint\",\"urlTemplate\":\"https:\\\/\\\/www.sensorialsunsets.com\\\/fr\\\/?s={search_term_string}\"},\"query-input\":{\"@type\":\"PropertyValueSpecification\",\"valueRequired\":true,\"valueName\":\"search_term_string\"}}],\"inLanguage\":\"fr-FR\"},{\"@type\":\"Organization\",\"@id\":\"https:\\\/\\\/www.sensorialsunsets.com\\\/fr\\\/#organization\",\"name\":\"SensorialSunsets\",\"url\":\"https:\\\/\\\/www.sensorialsunsets.com\\\/fr\\\/\",\"logo\":{\"@type\":\"ImageObject\",\"inLanguage\":\"fr-FR\",\"@id\":\"https:\\\/\\\/www.sensorialsunsets.com\\\/fr\\\/#\\\/schema\\\/logo\\\/image\\\/\",\"url\":\"https:\\\/\\\/www.sensorialsunsets.com\\\/wp-content\\\/uploads\\\/2023\\\/04\\\/Logo_base_line_fond_clair.svg\",\"contentUrl\":\"https:\\\/\\\/www.sensorialsunsets.com\\\/wp-content\\\/uploads\\\/2023\\\/04\\\/Logo_base_line_fond_clair.svg\",\"width\":\"1024\",\"height\":\"1024\",\"caption\":\"SensorialSunsets\"},\"image\":{\"@id\":\"https:\\\/\\\/www.sensorialsunsets.com\\\/fr\\\/#\\\/schema\\\/logo\\\/image\\\/\"},\"sameAs\":[\"https:\\\/\\\/www.facebook.com\\\/Sensorial-Sunsets-109180614715562\",\"https:\\\/\\\/www.instagram.com\\\/sensorialsunsets\\\/\"]},{\"@type\":\"Person\",\"@id\":\"https:\\\/\\\/www.sensorialsunsets.com\\\/fr\\\/#\\\/schema\\\/person\\\/a8336a4dbeee633f087a194db2ca482f\",\"name\":\"Marian Barrantes\",\"image\":{\"@type\":\"ImageObject\",\"inLanguage\":\"fr-FR\",\"@id\":\"https:\\\/\\\/secure.gravatar.com\\\/avatar\\\/fafbfab67eb28029818d03f44e3037bd798e04434d8d5c0cfc2eea8ec2882a22?s=96&d=mm&r=g\",\"url\":\"https:\\\/\\\/secure.gravatar.com\\\/avatar\\\/fafbfab67eb28029818d03f44e3037bd798e04434d8d5c0cfc2eea8ec2882a22?s=96&d=mm&r=g\",\"contentUrl\":\"https:\\\/\\\/secure.gravatar.com\\\/avatar\\\/fafbfab67eb28029818d03f44e3037bd798e04434d8d5c0cfc2eea8ec2882a22?s=96&d=mm&r=g\",\"caption\":\"Marian Barrantes\"},\"sameAs\":[\"https:\\\/\\\/www.sensorialsunsets.com\"],\"url\":\"https:\\\/\\\/www.sensorialsunsets.com\\\/fr\\\/author\\\/mbarrantes\\\/\"}]}<\/script>\n<!-- \/ Yoast SEO plugin. -->","yoast_head_json":{"title":"L'Avenida Central (Avenue Centrale) de San Jos\u00e9 - SensorialSunsets","description":"L'Avenida Central de San Jos\u00e9 est l'art\u00e8re la plus commer\u00e7ante et la plus populaire de la capitale du Costa Rica. On y trouve toutes sortes de magasins.","robots":{"index":"index","follow":"follow","max-snippet":"max-snippet:-1","max-image-preview":"max-image-preview:large","max-video-preview":"max-video-preview:-1"},"canonical":"https:\/\/www.sensorialsunsets.com\/fr\/lavenida-central-avenue-centrale-de-san-jose\/","og_locale":"fr_FR","og_type":"article","og_title":"L'Avenida Central (Avenue Centrale) de San Jos\u00e9 - SensorialSunsets","og_description":"L'Avenida Central de San Jos\u00e9 est l'art\u00e8re la plus commer\u00e7ante et la plus populaire de la capitale du Costa Rica. On y trouve toutes sortes de magasins.","og_url":"https:\/\/www.sensorialsunsets.com\/fr\/lavenida-central-avenue-centrale-de-san-jose\/","og_site_name":"SensorialSunsets","article_publisher":"https:\/\/www.facebook.com\/Sensorial-Sunsets-109180614715562","article_published_time":"2022-08-22T22:21:36+00:00","og_image":[{"width":800,"height":1200,"url":"https:\/\/www.sensorialsunsets.com\/wp-content\/uploads\/2022\/08\/800px-Ave_Central_San_Jose_Costa_Rica_2.jpg","type":"image\/jpeg"}],"author":"Marian Barrantes","twitter_card":"summary_large_image","twitter_misc":{"\u00c9crit par":"Marian Barrantes","Dur\u00e9e de lecture estim\u00e9e":"3 minutes"},"schema":{"@context":"https:\/\/schema.org","@graph":[{"@type":"Article","@id":"https:\/\/www.sensorialsunsets.com\/fr\/lavenida-central-avenue-centrale-de-san-jose\/#article","isPartOf":{"@id":"https:\/\/www.sensorialsunsets.com\/fr\/lavenida-central-avenue-centrale-de-san-jose\/"},"author":{"name":"Marian Barrantes","@id":"https:\/\/www.sensorialsunsets.com\/fr\/#\/schema\/person\/a8336a4dbeee633f087a194db2ca482f"},"headline":"L&rsquo;Avenida Central (Avenue Centrale) de San Jos\u00e9","datePublished":"2022-08-22T22:21:36+00:00","mainEntityOfPage":{"@id":"https:\/\/www.sensorialsunsets.com\/fr\/lavenida-central-avenue-centrale-de-san-jose\/"},"wordCount":624,"publisher":{"@id":"https:\/\/www.sensorialsunsets.com\/fr\/#organization"},"image":{"@id":"https:\/\/www.sensorialsunsets.com\/fr\/lavenida-central-avenue-centrale-de-san-jose\/#primaryimage"},"thumbnailUrl":"https:\/\/www.sensorialsunsets.com\/wp-content\/uploads\/2022\/08\/800px-Ave_Central_San_Jose_Costa_Rica_2.jpg","articleSection":["Costa Rica","Histoire","Soci\u00e9t\u00e9","Tourisme"],"inLanguage":"fr-FR"},{"@type":"WebPage","@id":"https:\/\/www.sensorialsunsets.com\/fr\/lavenida-central-avenue-centrale-de-san-jose\/","url":"https:\/\/www.sensorialsunsets.com\/fr\/lavenida-central-avenue-centrale-de-san-jose\/","name":"L'Avenida Central (Avenue Centrale) de San Jos\u00e9 - SensorialSunsets","isPartOf":{"@id":"https:\/\/www.sensorialsunsets.com\/fr\/#website"},"primaryImageOfPage":{"@id":"https:\/\/www.sensorialsunsets.com\/fr\/lavenida-central-avenue-centrale-de-san-jose\/#primaryimage"},"image":{"@id":"https:\/\/www.sensorialsunsets.com\/fr\/lavenida-central-avenue-centrale-de-san-jose\/#primaryimage"},"thumbnailUrl":"https:\/\/www.sensorialsunsets.com\/wp-content\/uploads\/2022\/08\/800px-Ave_Central_San_Jose_Costa_Rica_2.jpg","datePublished":"2022-08-22T22:21:36+00:00","description":"L'Avenida Central de San Jos\u00e9 est l'art\u00e8re la plus commer\u00e7ante et la plus populaire de la capitale du Costa Rica. On y trouve toutes sortes de magasins.","inLanguage":"fr-FR","potentialAction":[{"@type":"ReadAction","target":["https:\/\/www.sensorialsunsets.com\/fr\/lavenida-central-avenue-centrale-de-san-jose\/"]}]},{"@type":"ImageObject","inLanguage":"fr-FR","@id":"https:\/\/www.sensorialsunsets.com\/fr\/lavenida-central-avenue-centrale-de-san-jose\/#primaryimage","url":"https:\/\/www.sensorialsunsets.com\/wp-content\/uploads\/2022\/08\/800px-Ave_Central_San_Jose_Costa_Rica_2.jpg","contentUrl":"https:\/\/www.sensorialsunsets.com\/wp-content\/uploads\/2022\/08\/800px-Ave_Central_San_Jose_Costa_Rica_2.jpg","width":800,"height":1200},{"@type":"WebSite","@id":"https:\/\/www.sensorialsunsets.com\/fr\/#website","url":"https:\/\/www.sensorialsunsets.com\/fr\/","name":"SensorialSunsets.com","description":"D\u00e9couvrez la culture et la soci\u00e9t\u00e9 du Costa Rica sur notre blog. Explorez des articles captivants et partagez le contenu.","publisher":{"@id":"https:\/\/www.sensorialsunsets.com\/fr\/#organization"},"alternateName":"Costa Rica Live Blog","potentialAction":[{"@type":"SearchAction","target":{"@type":"EntryPoint","urlTemplate":"https:\/\/www.sensorialsunsets.com\/fr\/?s={search_term_string}"},"query-input":{"@type":"PropertyValueSpecification","valueRequired":true,"valueName":"search_term_string"}}],"inLanguage":"fr-FR"},{"@type":"Organization","@id":"https:\/\/www.sensorialsunsets.com\/fr\/#organization","name":"SensorialSunsets","url":"https:\/\/www.sensorialsunsets.com\/fr\/","logo":{"@type":"ImageObject","inLanguage":"fr-FR","@id":"https:\/\/www.sensorialsunsets.com\/fr\/#\/schema\/logo\/image\/","url":"https:\/\/www.sensorialsunsets.com\/wp-content\/uploads\/2023\/04\/Logo_base_line_fond_clair.svg","contentUrl":"https:\/\/www.sensorialsunsets.com\/wp-content\/uploads\/2023\/04\/Logo_base_line_fond_clair.svg","width":"1024","height":"1024","caption":"SensorialSunsets"},"image":{"@id":"https:\/\/www.sensorialsunsets.com\/fr\/#\/schema\/logo\/image\/"},"sameAs":["https:\/\/www.facebook.com\/Sensorial-Sunsets-109180614715562","https:\/\/www.instagram.com\/sensorialsunsets\/"]},{"@type":"Person","@id":"https:\/\/www.sensorialsunsets.com\/fr\/#\/schema\/person\/a8336a4dbeee633f087a194db2ca482f","name":"Marian Barrantes","image":{"@type":"ImageObject","inLanguage":"fr-FR","@id":"https:\/\/secure.gravatar.com\/avatar\/fafbfab67eb28029818d03f44e3037bd798e04434d8d5c0cfc2eea8ec2882a22?s=96&d=mm&r=g","url":"https:\/\/secure.gravatar.com\/avatar\/fafbfab67eb28029818d03f44e3037bd798e04434d8d5c0cfc2eea8ec2882a22?s=96&d=mm&r=g","contentUrl":"https:\/\/secure.gravatar.com\/avatar\/fafbfab67eb28029818d03f44e3037bd798e04434d8d5c0cfc2eea8ec2882a22?s=96&d=mm&r=g","caption":"Marian Barrantes"},"sameAs":["https:\/\/www.sensorialsunsets.com"],"url":"https:\/\/www.sensorialsunsets.com\/fr\/author\/mbarrantes\/"}]}},"_links":{"self":[{"href":"https:\/\/www.sensorialsunsets.com\/fr\/wp-json\/wp\/v2\/posts\/3134","targetHints":{"allow":["GET"]}}],"collection":[{"href":"https:\/\/www.sensorialsunsets.com\/fr\/wp-json\/wp\/v2\/posts"}],"about":[{"href":"https:\/\/www.sensorialsunsets.com\/fr\/wp-json\/wp\/v2\/types\/post"}],"author":[{"embeddable":true,"href":"https:\/\/www.sensorialsunsets.com\/fr\/wp-json\/wp\/v2\/users\/5"}],"replies":[{"embeddable":true,"href":"https:\/\/www.sensorialsunsets.com\/fr\/wp-json\/wp\/v2\/comments?post=3134"}],"version-history":[{"count":0,"href":"https:\/\/www.sensorialsunsets.com\/fr\/wp-json\/wp\/v2\/posts\/3134\/revisions"}],"wp:featuredmedia":[{"embeddable":true,"href":"https:\/\/www.sensorialsunsets.com\/fr\/wp-json\/wp\/v2\/media\/3129"}],"wp:attachment":[{"href":"https:\/\/www.sensorialsunsets.com\/fr\/wp-json\/wp\/v2\/media?parent=3134"}],"wp:term":[{"taxonomy":"category","embeddable":true,"href":"https:\/\/www.sensorialsunsets.com\/fr\/wp-json\/wp\/v2\/categories?post=3134"},{"taxonomy":"post_tag","embeddable":true,"href":"https:\/\/www.sensorialsunsets.com\/fr\/wp-json\/wp\/v2\/tags?post=3134"}],"curies":[{"name":"wp","href":"https:\/\/api.w.org\/{rel}","templated":true}]}}