{"id":32,"date":"2021-07-10T10:39:20","date_gmt":"2021-07-10T10:39:20","guid":{"rendered":"https:\/\/www.sensorialsunsets.com\/?p=32"},"modified":"2022-02-09T16:40:46","modified_gmt":"2022-02-09T16:40:46","slug":"lorem-ipsum-12","status":"publish","type":"post","link":"https:\/\/www.sensorialsunsets.com\/fr\/lorem-ipsum-12\/","title":{"rendered":"Les 9 piliers du \u00ab\u00a0Pura Vida\u00a0\u00bb FR"},"content":{"rendered":"\n<p>Si vous \u00eates du Costa Rica, un touriste vous a peut-\u00eatre d\u00e9j\u00e0 pos\u00e9 cette question :<\/p>\n\n\n\n<p><a href=\"https:\/\/cnnespanol.cnn.com\/video\/costa-rica-que-significa-pura-vida-perspectivas-buenos-aires\/\">\u00ab\u00a0Qu&rsquo;est-ce que le &lsquo;Pura Vida&rsquo; ?\u00a0\u00bb<\/a><\/p>\n\n\n\n<p>Nous, costariciens, nous sourions imm\u00e9diatement car nous savons que cette personne, quelques heures seulement apr\u00e8s son arriv\u00e9e dans le pays, a d\u00e9j\u00e0 entendu l\u2019expression \u00ab\u00a0pura vida\u00a0\u00bb d&rsquo;innombrables fois. Celle-ci est prononc\u00e9e et r\u00e9p\u00e9t\u00e9e de mani\u00e8re inexplicable, dans des contextes tr\u00e8s diff\u00e9rents.&nbsp;<\/p>\n\n\n\n<p>Nous r\u00e9pondons que c&rsquo;est une fa\u00e7on de ressentir et d&rsquo;appr\u00e9cier la vie. Nous leur disons : \u00ab\u00a0Cela signifie bonjour, au revoir, comment allez-vous, je vais bien\u00a0\u00bb. Avec 5 millions de personnes, chacun d&rsquo;entre nous est un \u00ab\u00a0expert\u00a0\u00bb en la mati\u00e8re, mais qu&rsquo;est-ce que cela signifie que d&rsquo;<em>\u00eatre Pura Vida <\/em>?&nbsp;<\/p>\n\n\n\n<p><strong><img decoding=\"async\" src=\"https:\/\/lh6.googleusercontent.com\/dUGqvgR5tOWLEMmkBvMqEAOP_VViw0vWfGDum5tNeMku3XB68xRIgTg4LBj5yvI5EPP1AOZHZork2F8F40gajcgVXoxqR_SbqBNz1RblvpePIB58JkHCsXINZ0-Id7nkP13_eVM\" width=\"284\" height=\"283.9944486618042\"><\/strong><\/p>\n\n\n\n<p><strong><\/strong><strong>Un centre pour la pens\u00e9e cr\u00e9ative&nbsp;<\/strong><\/p>\n\n\n\n<p>C&rsquo;est \u00e0 partir de cette question qu&rsquo;est n\u00e9 le <em>Pura Vida Institute<\/em>, un centre de pens\u00e9e cr\u00e9ative, un espace pour \u00e9tudier notre culture exprim\u00e9e par le \u00ab\u00a0pura vida\u00a0\u00bb et pour co-cr\u00e9er un imaginaire collectif et une philosophie de vie qui unifie nos d\u00e9sirs et nos actions.&nbsp;<\/p>\n\n\n\n<p>\u00c0 l&rsquo;Institut Pura Vida, nous croyons que <em>nous sommes la vie pure <\/em>\u00e0 travers les actions individuelles et collectives. Elle est pr\u00e9sente dans les personnes qui en vivent et en respirent l&rsquo;esprit, qu&rsquo;elles soient locales ou \u00e9trang\u00e8res, et qui la mettent en \u0153uvre. Elle cesse d&rsquo;\u00eatre une phrase ou une id\u00e9e abstraite si nous pouvons identifier les piliers qui la d\u00e9finissent, les actions qui la d\u00e9terminent. C&rsquo;est \u00e0 partir de centaines de conversations, de lectures, d&rsquo;entretiens, d&rsquo;analyses d&rsquo;informations et de beaucoup d&rsquo;introspection que nous avons pu identifier 9 piliers qui constituent le \u00ab&nbsp;pura vida&nbsp;\u00bb costaricienne :&nbsp;<\/p>\n\n\n\n<p><strong>L&rsquo;aventure<\/strong><\/p>\n\n\n\n<p>C&rsquo;est notre fa\u00e7on d&rsquo;\u00eatre innovant, de trouver des solutions alternatives aux probl\u00e8mes, l&rsquo;initiative de cr\u00e9er de nouvelles choses et une partie de l&rsquo;exp\u00e9rience que nous offrons \u00e0 ceux qui nous rendent visite.<\/p>\n\n\n\n<p><strong>La paix<\/strong><\/p>\n\n\n\n<p>Nous sommes un pays sans arm\u00e9e depuis 1949 et nous avons choisi la neutralit\u00e9 comme politique face aux conflits internationaux.&nbsp;<\/p>\n\n\n\n<p><strong>L&rsquo;amour de la nature&nbsp;<\/strong><\/p>\n\n\n\n<p>Nous avons r\u00e9ussi \u00e0 inverser la tendance \u00e0 la d\u00e9forestation gr\u00e2ce \u00e0 des politiques \u00ab\u00a0vertes\u00a0\u00bb et, aujourd&rsquo;hui, un pourcentage \u00e9lev\u00e9 du territoire national est prot\u00e9g\u00e9 par des parcs nationaux et des zones prot\u00e9g\u00e9es (25 %). Aujourd&rsquo;hui, nous vivons avec plusieurs g\u00e9n\u00e9rations qui appr\u00e9cient et aiment cette tendance positive.<\/p>\n\n\n\n<p><strong>Solidarit\u00e9&nbsp;<\/strong><\/p>\n\n\n\n<p>Nous avons r\u00e9ussi \u00e0 institutionnaliser la solidarit\u00e9 dans des syst\u00e8mes tels que la sant\u00e9 et l&rsquo;\u00e9ducation, en socialisant les b\u00e9n\u00e9fices afin que tous puissent en profiter, en particulier les plus vuln\u00e9rables.<\/p>\n\n\n\n<p><strong>R\u00e9silience<\/strong><\/p>\n\n\n\n<p>Nous avons appris \u00e0 faire face aux d\u00e9fis locaux et mondiaux avec une attitude et une mentalit\u00e9 de croissance et de vision de l&rsquo;avenir.&nbsp;<\/p>\n\n\n\n<figure class=\"wp-block-image\"><img decoding=\"async\" src=\"https:\/\/lh3.googleusercontent.com\/j_SGz2Ofbi7xkHquRxamzeJhzn5FMGEHqC6rhtDuvvtn_xmmIKUcUV2ADqW-c1L3ZlKEQ5DXo_pXuPbI97JEN1mpVvJHXNPYCpj0Nu80gEFvU-R7d-8-DHpPPhrGOhWoa2osPt8\" alt=\"\"\/><\/figure>\n\n\n\n<p><strong>Le bonheur<\/strong><\/p>\n\n\n\n<p>Le caract\u00e8re costaricien est associ\u00e9 \u00e0 un optimisme face \u00e0 la vie, dans notre imaginaire collectif, le Costa Rica est heureux et cela est \u00e9galement indiqu\u00e9 par de multiples indices internationaux \u00e0 cet \u00e9gard.<\/p>\n\n\n\n<p><strong>Collaboration<\/strong><\/p>\n\n\n\n<p>Dans les moments les plus difficiles, nous avons r\u00e9ussi \u00e0 nous unir face aux ennemis ext\u00e9rieurs et aux probl\u00e8mes int\u00e9rieurs.<\/p>\n\n\n\n<p><strong>Hospitalit\u00e9<\/strong><\/p>\n\n\n\n<p>Elle est particuli\u00e8rement \u00e9vidente dans notre industrie du tourisme, o\u00f9 nous anticipons les besoins des visiteurs pour leur offrir un service de haute qualit\u00e9 avec un c\u0153ur amical.<\/p>\n\n\n\n<p><strong>Spiritualit\u00e9<\/strong><\/p>\n\n\n\n<p>Nous vivons dans un \u00c9tat catholique, o\u00f9 plus de 90% de la population est croyante, et une fois par an, il y a l&rsquo;une des plus grandes mobilisations d&rsquo;Am\u00e9rique latine qui c\u00e9l\u00e8bre la Vierge des Anges.<\/p>\n\n\n\n<p><strong>Une philosophie de vie <\/strong><strong><\/strong><\/p>\n\n\n\n<p>Dans de nombreuses tribus, les enfants apprennent d\u00e8s leur plus jeune \u00e2ge la philosophie de vie de leur communaut\u00e9, les principes et les actions qui d\u00e9terminent leur fa\u00e7on de voir et d&rsquo;agir dans la vie.\u00a0 Les 9 piliers qui composent la <em>pura vida <\/em>sont la base pour en savoir plus sur notre culture, un outil qui nous permet de partager son essence avec les visiteurs qui nous accompagnent dans ce voyage et surtout de transmettre notre philosophie de vie aux g\u00e9n\u00e9rations futures.\u00a0<\/p>\n\n\n\n<figure class=\"wp-block-table\"><table><tbody><tr><td><strong><em>\u00ab\u00a0Nous sommes Pura Vida \u00e0 travers les actions, individuelles et collectives.\u00a0\u00bb\u00a0<\/em><\/strong><\/td><\/tr><\/tbody><\/table><\/figure>\n\n\n\n<figure class=\"wp-block-table\"><table><tbody><tr><td><strong>R\u00c9SUM\u00c9 DES POINTS IMPORTANTS<\/strong><br><strong>. <\/strong>Le \u00ab\u00a0pura vida\u00a0\u00bb est une composante de notre identit\u00e9 nationale qui est en constante \u00e9volution.<br><strong>. <\/strong>L&rsquo;<em>Institut Pura Vida<\/em>, un centre de r\u00e9flexion cr\u00e9ative, un espace pour \u00e9tudier notre culture exprim\u00e9e par la \u00ab\u00a0pura vida\u00a0\u00bb.\u00a0<br><strong>. <\/strong><em>Nous sommes Pura Vida <\/em>\u00e0 travers les actions, individuelles et collectives.<strong>\u00a0\u00a0<\/strong><\/td><\/tr><\/tbody><\/table><\/figure>\n\n\n\n<p><strong><em>Felipe Castro Truque<\/em><\/strong><strong><em><br><\/em><\/strong><strong><em>Fondateur de l&rsquo;Institut Pura Vida<\/em><\/strong><\/p>\n\n\n\n<p><img loading=\"lazy\" decoding=\"async\" src=\"https:\/\/lh6.googleusercontent.com\/ENlw_f02EpATP8ynqsWh-UVty-WETKL716FoVXhbI-HM-gqXM74Aq5R22FcGc6Hbxtf-RCcqvCiZQNAgfFtOXZ25WvtaGd8bW9Vl0AB9IMn6yNTsl74_blgbMdRI5-2e5PqVhoE\" width=\"212\" height=\"141\"><img loading=\"lazy\" decoding=\"async\" src=\"https:\/\/lh3.googleusercontent.com\/njx7YmoKReO-HbiHLqJuoE0xHxYL1rIrEwQOf7XdLVluNvJkINvd8QQWxU3i9ET0RB2kRrXJF2nJWg5hwMkqOwIQ-4OvOkfIHgxJkOT8KKJOweN0DRywbVsKcPGKoZvOl7JavqM\" width=\"219\" height=\"167\"> &nbsp; &nbsp; &nbsp; &nbsp; &nbsp; &nbsp; &nbsp; &nbsp; &nbsp; &nbsp; &nbsp; &nbsp; &nbsp; &nbsp; &nbsp; &nbsp; &nbsp; &nbsp; &nbsp; &nbsp; &nbsp; &nbsp; &nbsp; &nbsp; &nbsp; &nbsp; &nbsp; &nbsp; &nbsp; &nbsp; &nbsp; &nbsp; &nbsp; &nbsp; &nbsp; &nbsp; felipetruque@protonmail.com<br>https:\/\/www.instagram.com\/puravidainstitute<br><br><\/p>\n\n\n\n<p><\/p>\n","protected":false},"excerpt":{"rendered":"<p>Si vous \u00eates du Costa Rica, un touriste vous a peut-\u00eatre d\u00e9j\u00e0 pos\u00e9 cette question : \u00ab\u00a0Qu&rsquo;est-ce que le &lsquo;Pura Vida&rsquo; ?\u00a0\u00bb Nous, costariciens, nous sourions imm\u00e9diatement car nous savons que cette personne, quelques heures seulement apr\u00e8s son arriv\u00e9e dans le pays, a d\u00e9j\u00e0 entendu l\u2019expression \u00ab\u00a0pura vida\u00a0\u00bb d&rsquo;innombrables fois. Celle-ci est prononc\u00e9e et r\u00e9p\u00e9t\u00e9e [&hellip;]<\/p>\n","protected":false},"author":1,"featured_media":489,"comment_status":"closed","ping_status":"closed","sticky":false,"template":"","format":"standard","meta":{"_acf_changed":false,"inline_featured_image":false,"_monsterinsights_skip_tracking":false,"_monsterinsights_sitenote_active":false,"_monsterinsights_sitenote_note":"","_monsterinsights_sitenote_category":0,"footnotes":""},"categories":[28,27],"tags":[33,53,63],"class_list":["post-32","post","type-post","status-publish","format-standard","has-post-thumbnail","hentry","category-costa-rica","category-culture","tag-costa-rica","tag-culture-3","tag-pura-vida"],"acf":[],"yoast_head":"<!-- This site is optimized with the Yoast SEO plugin v27.4 - https:\/\/yoast.com\/product\/yoast-seo-wordpress\/ -->\n<title>Les 9 piliers du &quot;Pura Vida&quot; FR - SensorialSunsets<\/title>\n<meta name=\"robots\" content=\"index, follow, max-snippet:-1, max-image-preview:large, max-video-preview:-1\" \/>\n<link rel=\"canonical\" href=\"https:\/\/www.sensorialsunsets.com\/fr\/lorem-ipsum-12\/\" \/>\n<meta property=\"og:locale\" content=\"fr_FR\" \/>\n<meta property=\"og:type\" content=\"article\" \/>\n<meta property=\"og:title\" content=\"Les 9 piliers du &quot;Pura Vida&quot; FR - SensorialSunsets\" \/>\n<meta property=\"og:description\" content=\"Si vous \u00eates du Costa Rica, un touriste vous a peut-\u00eatre d\u00e9j\u00e0 pos\u00e9 cette question : \u00ab\u00a0Qu&rsquo;est-ce que le &lsquo;Pura Vida&rsquo; ?\u00a0\u00bb Nous, costariciens, nous sourions imm\u00e9diatement car nous savons que cette personne, quelques heures seulement apr\u00e8s son arriv\u00e9e dans le pays, a d\u00e9j\u00e0 entendu l\u2019expression \u00ab\u00a0pura vida\u00a0\u00bb d&rsquo;innombrables fois. Celle-ci est prononc\u00e9e et r\u00e9p\u00e9t\u00e9e [&hellip;]\" \/>\n<meta property=\"og:url\" content=\"https:\/\/www.sensorialsunsets.com\/fr\/lorem-ipsum-12\/\" \/>\n<meta property=\"og:site_name\" content=\"SensorialSunsets\" \/>\n<meta property=\"article:publisher\" content=\"https:\/\/www.facebook.com\/Sensorial-Sunsets-109180614715562\" \/>\n<meta property=\"article:published_time\" content=\"2021-07-10T10:39:20+00:00\" \/>\n<meta property=\"article:modified_time\" content=\"2022-02-09T16:40:46+00:00\" \/>\n<meta property=\"og:image\" content=\"https:\/\/www.sensorialsunsets.com\/wp-content\/uploads\/2021\/07\/image5-1.jpg\" \/>\n\t<meta property=\"og:image:width\" content=\"1600\" \/>\n\t<meta property=\"og:image:height\" content=\"1600\" \/>\n\t<meta property=\"og:image:type\" content=\"image\/jpeg\" \/>\n<meta name=\"author\" content=\"admin\" \/>\n<meta name=\"twitter:card\" content=\"summary_large_image\" \/>\n<meta name=\"twitter:label1\" content=\"\u00c9crit par\" \/>\n\t<meta name=\"twitter:data1\" content=\"admin\" \/>\n\t<meta name=\"twitter:label2\" content=\"Dur\u00e9e de lecture estim\u00e9e\" \/>\n\t<meta name=\"twitter:data2\" content=\"5 minutes\" \/>\n<script type=\"application\/ld+json\" class=\"yoast-schema-graph\">{\"@context\":\"https:\\\/\\\/schema.org\",\"@graph\":[{\"@type\":\"Article\",\"@id\":\"https:\\\/\\\/www.sensorialsunsets.com\\\/fr\\\/lorem-ipsum-12\\\/#article\",\"isPartOf\":{\"@id\":\"https:\\\/\\\/www.sensorialsunsets.com\\\/fr\\\/lorem-ipsum-12\\\/\"},\"author\":{\"name\":\"admin\",\"@id\":\"https:\\\/\\\/www.sensorialsunsets.com\\\/fr\\\/#\\\/schema\\\/person\\\/738dbbb663091be189c03d8bf7f1707c\"},\"headline\":\"Les 9 piliers du \u00ab\u00a0Pura Vida\u00a0\u00bb FR\",\"datePublished\":\"2021-07-10T10:39:20+00:00\",\"dateModified\":\"2022-02-09T16:40:46+00:00\",\"mainEntityOfPage\":{\"@id\":\"https:\\\/\\\/www.sensorialsunsets.com\\\/fr\\\/lorem-ipsum-12\\\/\"},\"wordCount\":837,\"publisher\":{\"@id\":\"https:\\\/\\\/www.sensorialsunsets.com\\\/fr\\\/#organization\"},\"image\":{\"@id\":\"https:\\\/\\\/www.sensorialsunsets.com\\\/fr\\\/lorem-ipsum-12\\\/#primaryimage\"},\"thumbnailUrl\":\"https:\\\/\\\/www.sensorialsunsets.com\\\/wp-content\\\/uploads\\\/2021\\\/07\\\/image5-1.jpg\",\"keywords\":[\"Costa Rica\",\"Culture\",\"Pura Vida\"],\"articleSection\":[\"Costa Rica\",\"Culture\"],\"inLanguage\":\"fr-FR\"},{\"@type\":\"WebPage\",\"@id\":\"https:\\\/\\\/www.sensorialsunsets.com\\\/fr\\\/lorem-ipsum-12\\\/\",\"url\":\"https:\\\/\\\/www.sensorialsunsets.com\\\/fr\\\/lorem-ipsum-12\\\/\",\"name\":\"Les 9 piliers du \\\"Pura Vida\\\" FR - SensorialSunsets\",\"isPartOf\":{\"@id\":\"https:\\\/\\\/www.sensorialsunsets.com\\\/fr\\\/#website\"},\"primaryImageOfPage\":{\"@id\":\"https:\\\/\\\/www.sensorialsunsets.com\\\/fr\\\/lorem-ipsum-12\\\/#primaryimage\"},\"image\":{\"@id\":\"https:\\\/\\\/www.sensorialsunsets.com\\\/fr\\\/lorem-ipsum-12\\\/#primaryimage\"},\"thumbnailUrl\":\"https:\\\/\\\/www.sensorialsunsets.com\\\/wp-content\\\/uploads\\\/2021\\\/07\\\/image5-1.jpg\",\"datePublished\":\"2021-07-10T10:39:20+00:00\",\"dateModified\":\"2022-02-09T16:40:46+00:00\",\"inLanguage\":\"fr-FR\",\"potentialAction\":[{\"@type\":\"ReadAction\",\"target\":[\"https:\\\/\\\/www.sensorialsunsets.com\\\/fr\\\/lorem-ipsum-12\\\/\"]}]},{\"@type\":\"ImageObject\",\"inLanguage\":\"fr-FR\",\"@id\":\"https:\\\/\\\/www.sensorialsunsets.com\\\/fr\\\/lorem-ipsum-12\\\/#primaryimage\",\"url\":\"https:\\\/\\\/www.sensorialsunsets.com\\\/wp-content\\\/uploads\\\/2021\\\/07\\\/image5-1.jpg\",\"contentUrl\":\"https:\\\/\\\/www.sensorialsunsets.com\\\/wp-content\\\/uploads\\\/2021\\\/07\\\/image5-1.jpg\",\"width\":1600,\"height\":1600},{\"@type\":\"WebSite\",\"@id\":\"https:\\\/\\\/www.sensorialsunsets.com\\\/fr\\\/#website\",\"url\":\"https:\\\/\\\/www.sensorialsunsets.com\\\/fr\\\/\",\"name\":\"SensorialSunsets.com\",\"description\":\"D\u00e9couvrez la culture et la soci\u00e9t\u00e9 du Costa Rica sur notre blog. Explorez des articles captivants et partagez le contenu.\",\"publisher\":{\"@id\":\"https:\\\/\\\/www.sensorialsunsets.com\\\/fr\\\/#organization\"},\"alternateName\":\"Costa Rica Live Blog\",\"potentialAction\":[{\"@type\":\"SearchAction\",\"target\":{\"@type\":\"EntryPoint\",\"urlTemplate\":\"https:\\\/\\\/www.sensorialsunsets.com\\\/fr\\\/?s={search_term_string}\"},\"query-input\":{\"@type\":\"PropertyValueSpecification\",\"valueRequired\":true,\"valueName\":\"search_term_string\"}}],\"inLanguage\":\"fr-FR\"},{\"@type\":\"Organization\",\"@id\":\"https:\\\/\\\/www.sensorialsunsets.com\\\/fr\\\/#organization\",\"name\":\"SensorialSunsets\",\"url\":\"https:\\\/\\\/www.sensorialsunsets.com\\\/fr\\\/\",\"logo\":{\"@type\":\"ImageObject\",\"inLanguage\":\"fr-FR\",\"@id\":\"https:\\\/\\\/www.sensorialsunsets.com\\\/fr\\\/#\\\/schema\\\/logo\\\/image\\\/\",\"url\":\"https:\\\/\\\/www.sensorialsunsets.com\\\/wp-content\\\/uploads\\\/2023\\\/04\\\/Logo_base_line_fond_clair.svg\",\"contentUrl\":\"https:\\\/\\\/www.sensorialsunsets.com\\\/wp-content\\\/uploads\\\/2023\\\/04\\\/Logo_base_line_fond_clair.svg\",\"width\":\"1024\",\"height\":\"1024\",\"caption\":\"SensorialSunsets\"},\"image\":{\"@id\":\"https:\\\/\\\/www.sensorialsunsets.com\\\/fr\\\/#\\\/schema\\\/logo\\\/image\\\/\"},\"sameAs\":[\"https:\\\/\\\/www.facebook.com\\\/Sensorial-Sunsets-109180614715562\",\"https:\\\/\\\/www.instagram.com\\\/sensorialsunsets\\\/\"]},{\"@type\":\"Person\",\"@id\":\"https:\\\/\\\/www.sensorialsunsets.com\\\/fr\\\/#\\\/schema\\\/person\\\/738dbbb663091be189c03d8bf7f1707c\",\"name\":\"admin\",\"image\":{\"@type\":\"ImageObject\",\"inLanguage\":\"fr-FR\",\"@id\":\"https:\\\/\\\/secure.gravatar.com\\\/avatar\\\/7e6ea62ad413e64265919670246b2992f4d15ca38b994c27298b63a588dd8ba8?s=96&d=mm&r=g\",\"url\":\"https:\\\/\\\/secure.gravatar.com\\\/avatar\\\/7e6ea62ad413e64265919670246b2992f4d15ca38b994c27298b63a588dd8ba8?s=96&d=mm&r=g\",\"contentUrl\":\"https:\\\/\\\/secure.gravatar.com\\\/avatar\\\/7e6ea62ad413e64265919670246b2992f4d15ca38b994c27298b63a588dd8ba8?s=96&d=mm&r=g\",\"caption\":\"admin\"},\"sameAs\":[\"https:\\\/\\\/www.sensorialsunsets.com\"],\"url\":\"https:\\\/\\\/www.sensorialsunsets.com\\\/fr\\\/author\\\/admin\\\/\"}]}<\/script>\n<!-- \/ Yoast SEO plugin. -->","yoast_head_json":{"title":"Les 9 piliers du \"Pura Vida\" FR - SensorialSunsets","robots":{"index":"index","follow":"follow","max-snippet":"max-snippet:-1","max-image-preview":"max-image-preview:large","max-video-preview":"max-video-preview:-1"},"canonical":"https:\/\/www.sensorialsunsets.com\/fr\/lorem-ipsum-12\/","og_locale":"fr_FR","og_type":"article","og_title":"Les 9 piliers du \"Pura Vida\" FR - SensorialSunsets","og_description":"Si vous \u00eates du Costa Rica, un touriste vous a peut-\u00eatre d\u00e9j\u00e0 pos\u00e9 cette question : \u00ab\u00a0Qu&rsquo;est-ce que le &lsquo;Pura Vida&rsquo; ?\u00a0\u00bb Nous, costariciens, nous sourions imm\u00e9diatement car nous savons que cette personne, quelques heures seulement apr\u00e8s son arriv\u00e9e dans le pays, a d\u00e9j\u00e0 entendu l\u2019expression \u00ab\u00a0pura vida\u00a0\u00bb d&rsquo;innombrables fois. Celle-ci est prononc\u00e9e et r\u00e9p\u00e9t\u00e9e [&hellip;]","og_url":"https:\/\/www.sensorialsunsets.com\/fr\/lorem-ipsum-12\/","og_site_name":"SensorialSunsets","article_publisher":"https:\/\/www.facebook.com\/Sensorial-Sunsets-109180614715562","article_published_time":"2021-07-10T10:39:20+00:00","article_modified_time":"2022-02-09T16:40:46+00:00","og_image":[{"width":1600,"height":1600,"url":"https:\/\/www.sensorialsunsets.com\/wp-content\/uploads\/2021\/07\/image5-1.jpg","type":"image\/jpeg"}],"author":"admin","twitter_card":"summary_large_image","twitter_misc":{"\u00c9crit par":"admin","Dur\u00e9e de lecture estim\u00e9e":"5 minutes"},"schema":{"@context":"https:\/\/schema.org","@graph":[{"@type":"Article","@id":"https:\/\/www.sensorialsunsets.com\/fr\/lorem-ipsum-12\/#article","isPartOf":{"@id":"https:\/\/www.sensorialsunsets.com\/fr\/lorem-ipsum-12\/"},"author":{"name":"admin","@id":"https:\/\/www.sensorialsunsets.com\/fr\/#\/schema\/person\/738dbbb663091be189c03d8bf7f1707c"},"headline":"Les 9 piliers du \u00ab\u00a0Pura Vida\u00a0\u00bb FR","datePublished":"2021-07-10T10:39:20+00:00","dateModified":"2022-02-09T16:40:46+00:00","mainEntityOfPage":{"@id":"https:\/\/www.sensorialsunsets.com\/fr\/lorem-ipsum-12\/"},"wordCount":837,"publisher":{"@id":"https:\/\/www.sensorialsunsets.com\/fr\/#organization"},"image":{"@id":"https:\/\/www.sensorialsunsets.com\/fr\/lorem-ipsum-12\/#primaryimage"},"thumbnailUrl":"https:\/\/www.sensorialsunsets.com\/wp-content\/uploads\/2021\/07\/image5-1.jpg","keywords":["Costa Rica","Culture","Pura Vida"],"articleSection":["Costa Rica","Culture"],"inLanguage":"fr-FR"},{"@type":"WebPage","@id":"https:\/\/www.sensorialsunsets.com\/fr\/lorem-ipsum-12\/","url":"https:\/\/www.sensorialsunsets.com\/fr\/lorem-ipsum-12\/","name":"Les 9 piliers du \"Pura Vida\" FR - SensorialSunsets","isPartOf":{"@id":"https:\/\/www.sensorialsunsets.com\/fr\/#website"},"primaryImageOfPage":{"@id":"https:\/\/www.sensorialsunsets.com\/fr\/lorem-ipsum-12\/#primaryimage"},"image":{"@id":"https:\/\/www.sensorialsunsets.com\/fr\/lorem-ipsum-12\/#primaryimage"},"thumbnailUrl":"https:\/\/www.sensorialsunsets.com\/wp-content\/uploads\/2021\/07\/image5-1.jpg","datePublished":"2021-07-10T10:39:20+00:00","dateModified":"2022-02-09T16:40:46+00:00","inLanguage":"fr-FR","potentialAction":[{"@type":"ReadAction","target":["https:\/\/www.sensorialsunsets.com\/fr\/lorem-ipsum-12\/"]}]},{"@type":"ImageObject","inLanguage":"fr-FR","@id":"https:\/\/www.sensorialsunsets.com\/fr\/lorem-ipsum-12\/#primaryimage","url":"https:\/\/www.sensorialsunsets.com\/wp-content\/uploads\/2021\/07\/image5-1.jpg","contentUrl":"https:\/\/www.sensorialsunsets.com\/wp-content\/uploads\/2021\/07\/image5-1.jpg","width":1600,"height":1600},{"@type":"WebSite","@id":"https:\/\/www.sensorialsunsets.com\/fr\/#website","url":"https:\/\/www.sensorialsunsets.com\/fr\/","name":"SensorialSunsets.com","description":"D\u00e9couvrez la culture et la soci\u00e9t\u00e9 du Costa Rica sur notre blog. Explorez des articles captivants et partagez le contenu.","publisher":{"@id":"https:\/\/www.sensorialsunsets.com\/fr\/#organization"},"alternateName":"Costa Rica Live Blog","potentialAction":[{"@type":"SearchAction","target":{"@type":"EntryPoint","urlTemplate":"https:\/\/www.sensorialsunsets.com\/fr\/?s={search_term_string}"},"query-input":{"@type":"PropertyValueSpecification","valueRequired":true,"valueName":"search_term_string"}}],"inLanguage":"fr-FR"},{"@type":"Organization","@id":"https:\/\/www.sensorialsunsets.com\/fr\/#organization","name":"SensorialSunsets","url":"https:\/\/www.sensorialsunsets.com\/fr\/","logo":{"@type":"ImageObject","inLanguage":"fr-FR","@id":"https:\/\/www.sensorialsunsets.com\/fr\/#\/schema\/logo\/image\/","url":"https:\/\/www.sensorialsunsets.com\/wp-content\/uploads\/2023\/04\/Logo_base_line_fond_clair.svg","contentUrl":"https:\/\/www.sensorialsunsets.com\/wp-content\/uploads\/2023\/04\/Logo_base_line_fond_clair.svg","width":"1024","height":"1024","caption":"SensorialSunsets"},"image":{"@id":"https:\/\/www.sensorialsunsets.com\/fr\/#\/schema\/logo\/image\/"},"sameAs":["https:\/\/www.facebook.com\/Sensorial-Sunsets-109180614715562","https:\/\/www.instagram.com\/sensorialsunsets\/"]},{"@type":"Person","@id":"https:\/\/www.sensorialsunsets.com\/fr\/#\/schema\/person\/738dbbb663091be189c03d8bf7f1707c","name":"admin","image":{"@type":"ImageObject","inLanguage":"fr-FR","@id":"https:\/\/secure.gravatar.com\/avatar\/7e6ea62ad413e64265919670246b2992f4d15ca38b994c27298b63a588dd8ba8?s=96&d=mm&r=g","url":"https:\/\/secure.gravatar.com\/avatar\/7e6ea62ad413e64265919670246b2992f4d15ca38b994c27298b63a588dd8ba8?s=96&d=mm&r=g","contentUrl":"https:\/\/secure.gravatar.com\/avatar\/7e6ea62ad413e64265919670246b2992f4d15ca38b994c27298b63a588dd8ba8?s=96&d=mm&r=g","caption":"admin"},"sameAs":["https:\/\/www.sensorialsunsets.com"],"url":"https:\/\/www.sensorialsunsets.com\/fr\/author\/admin\/"}]}},"_links":{"self":[{"href":"https:\/\/www.sensorialsunsets.com\/fr\/wp-json\/wp\/v2\/posts\/32","targetHints":{"allow":["GET"]}}],"collection":[{"href":"https:\/\/www.sensorialsunsets.com\/fr\/wp-json\/wp\/v2\/posts"}],"about":[{"href":"https:\/\/www.sensorialsunsets.com\/fr\/wp-json\/wp\/v2\/types\/post"}],"author":[{"embeddable":true,"href":"https:\/\/www.sensorialsunsets.com\/fr\/wp-json\/wp\/v2\/users\/1"}],"replies":[{"embeddable":true,"href":"https:\/\/www.sensorialsunsets.com\/fr\/wp-json\/wp\/v2\/comments?post=32"}],"version-history":[{"count":0,"href":"https:\/\/www.sensorialsunsets.com\/fr\/wp-json\/wp\/v2\/posts\/32\/revisions"}],"wp:featuredmedia":[{"embeddable":true,"href":"https:\/\/www.sensorialsunsets.com\/fr\/wp-json\/wp\/v2\/media\/489"}],"wp:attachment":[{"href":"https:\/\/www.sensorialsunsets.com\/fr\/wp-json\/wp\/v2\/media?parent=32"}],"wp:term":[{"taxonomy":"category","embeddable":true,"href":"https:\/\/www.sensorialsunsets.com\/fr\/wp-json\/wp\/v2\/categories?post=32"},{"taxonomy":"post_tag","embeddable":true,"href":"https:\/\/www.sensorialsunsets.com\/fr\/wp-json\/wp\/v2\/tags?post=32"}],"curies":[{"name":"wp","href":"https:\/\/api.w.org\/{rel}","templated":true}]}}