{"id":3595,"date":"2022-09-07T20:23:06","date_gmt":"2022-09-07T20:23:06","guid":{"rendered":"https:\/\/www.sensorialsunsets.com\/monument-national-de-guayabo\/"},"modified":"2022-09-07T20:23:07","modified_gmt":"2022-09-07T20:23:07","slug":"monument-national-de-guayabo","status":"publish","type":"post","link":"https:\/\/www.sensorialsunsets.com\/fr\/monument-national-de-guayabo\/","title":{"rendered":"Monument national de Guayabo"},"content":{"rendered":"\n<p><em><strong>Monument national de Guayabo : le myst\u00e8re des sph\u00e8res de pierre<\/strong><\/em><\/p>\n\n<p>Le monument national de Guayabo est un \u00e9tablissement pr\u00e9colombien du Costa Rica. Le site \u00e9tait habit\u00e9 par la culture pr\u00e9colombienne connue sous le nom de Guayabo. Il est important de noter que cette culture \u00e9tait l&rsquo;une des rares \u00e0 poss\u00e9der un syst\u00e8me d&rsquo;\u00e9criture.\u00a0 En d&rsquo;autres termes, il s&rsquo;agit d&rsquo;un site d&rsquo;int\u00e9r\u00eat arch\u00e9ologique au Costa Rica. Il a \u00e9t\u00e9 d\u00e9clar\u00e9 monument national en 1937.<\/p>\n\n<p>Le site couvre une superficie d&rsquo;environ 10 kilom\u00e8tres carr\u00e9s et on estime qu&rsquo;il a abrit\u00e9 environ 3 000 personnes. L&rsquo;aspect le plus connu du site est son centre c\u00e9r\u00e9moniel qui comprend une plate-forme artificielle, un terrain de jeu de balle et d&rsquo;autres b\u00e2timents avec de grandes places.<\/p>\n\n<p>Il contient \u00e9galement une s\u00e9rie de sph\u00e8res en pierre, dont la plus grande mesure environ 3 m\u00e8tres de diam\u00e8tre. Les sph\u00e8res sont dispers\u00e9es sur le site. Ils sont sculpt\u00e9s dans le granit et certains ont \u00e9t\u00e9 polis jusqu&rsquo;\u00e0 devenir tr\u00e8s brillants.<\/p>\n\n<figure class=\"wp-block-image size-large\"><img loading=\"lazy\" decoding=\"async\" width=\"1024\" height=\"685\" src=\"https:\/\/www.sensorialsunsets.com\/wp-content\/uploads\/2022\/09\/Monumento-Nacional-Guayabo-sensorial-sunsets-1024x685.jpeg\" alt=\"guayabo-sensorial-sunsets\" class=\"wp-image-3593\" srcset=\"https:\/\/www.sensorialsunsets.com\/wp-content\/uploads\/2022\/09\/Monumento-Nacional-Guayabo-sensorial-sunsets-1024x685.jpeg 1024w, https:\/\/www.sensorialsunsets.com\/wp-content\/uploads\/2022\/09\/Monumento-Nacional-Guayabo-sensorial-sunsets-300x201.jpeg 300w, https:\/\/www.sensorialsunsets.com\/wp-content\/uploads\/2022\/09\/Monumento-Nacional-Guayabo-sensorial-sunsets-768x514.jpeg 768w, https:\/\/www.sensorialsunsets.com\/wp-content\/uploads\/2022\/09\/Monumento-Nacional-Guayabo-sensorial-sunsets-334x222.jpeg 334w, https:\/\/www.sensorialsunsets.com\/wp-content\/uploads\/2022\/09\/Monumento-Nacional-Guayabo-sensorial-sunsets.jpeg 1280w\" sizes=\"auto, (max-width: 1024px) 100vw, 1024px\" \/><figcaption>Monumento Nacional Guayabo &#8211; photo: El Pa\u00eds CR<\/figcaption><\/figure>\n<h2 class=\"wp-block-heading\"><strong>Culture pr\u00e9colombienne<\/strong><\/h2>\n\n<p>Le Costa Rica poss\u00e8de une riche histoire pr\u00e9colombienne qui est au c\u0153ur de son identit\u00e9 culturelle. Les cultures pr\u00e9colombiennes du Costa Rica constituent une partie importante de l&rsquo;histoire et de la culture du pays.<\/p>\n\n<p>Les premiers habitants du Costa Rica \u00e9taient des tribus indig\u00e8nes qui ont migr\u00e9 d&rsquo;Am\u00e9rique du Sud il y a environ 12 000 ans. Les cultures indig\u00e8nes les plus r\u00e9centes \u00e0 habiter le Costa Rica \u00e9taient les Chorotega, les Huetar et les Nicoya. Ces groupes vivaient sur la c\u00f4te et dans de petits villages de l&rsquo;int\u00e9rieur. Il s&rsquo;agissait principalement de chasseurs-cueilleurs qui vivaient de fruits de mer, de ma\u00efs, de haricots, de courges, d&rsquo;ananas et d&rsquo;avocats. Ils \u00e9changeaient avec d&rsquo;autres Indiens d&rsquo;Am\u00e9rique centrale du chocolat, des gousses de vanille et du coton.<\/p>\n\n<p>La culture Diqu\u00eds est l&rsquo;un de ces exemples. Elle se trouve pr\u00e8s de la c\u00f4te Pacifique du Costa Rica et a \u00e9t\u00e9 class\u00e9e au patrimoine mondial de l&rsquo;UNESCO car elle contient des ruines arch\u00e9ologiques parmi les plus importantes d&rsquo;Am\u00e9rique centrale.<\/p>\n\n<p>Le monument national de Guayabo est un \u00e9tablissement pr\u00e9colombien du Costa Rica. Il est important de noter que cette culture \u00e9tait l&rsquo;une des rares \u00e0 poss\u00e9der un syst\u00e8me d&rsquo;\u00e9criture.<\/p>\n\n<h2 class=\"wp-block-heading\"><strong>Les sph\u00e8res<\/strong><\/h2>\n\n<p>Il reste encore beaucoup \u00e0 apprendre sur ces myst\u00e9rieuses sph\u00e8res de pierre et sur la culture Diquis qui les a cr\u00e9\u00e9es, mais le pays est devenu une destination touristique majeure pour le Costa Rica et l&rsquo;Am\u00e9rique centrale avec ses magnifiques paysages, sa v\u00e9g\u00e9tation luxuriante et sa riche histoire. En fait, les sph\u00e8res pr\u00e9colombiennes sont un symbole national du Costa Rica depuis 2014, lorsque quatre \u00e9tablissements de la chefferie des sph\u00e8res de pierre Diquis ont \u00e9t\u00e9 d\u00e9clar\u00e9s site du patrimoine mondial de l&rsquo;UNESCO.<\/p>\n\n<p>Le site de Guayabo conserve un complexe de structures en pierre constitu\u00e9es de boules ou de sph\u00e8res circulaires en pierre. Les sph\u00e8res sont divis\u00e9es en trois groupes : un groupe de 27 sph\u00e8res, un autre de 21 et le dernier de 8. Ces groupes ont des tailles et des formes diff\u00e9rentes, mais ils ont tous une chose en commun : leur forme sph\u00e9rique.<\/p>\n\n<p>Dans les ann\u00e9es 1990, le Mus\u00e9e national du Costa Rica a d\u00e9velopp\u00e9 le projet \u00ab\u00a0Homme et environnement dans le delta du Diqu\u00eds\u00a0\u00bb. L&rsquo;objectif \u00e9tait de faire la lumi\u00e8re sur le myst\u00e8re des sph\u00e8res et de leurs cr\u00e9ateurs.\u00a0<\/p>\n\n<p>Les preuves arch\u00e9ologiques et anthropologiques actuelles r\u00e9v\u00e8lent : les sph\u00e8res de pierre ont \u00e9t\u00e9 construites par une nation am\u00e9rindienne. En effet, on consid\u00e8re qu&rsquo;il a \u00e9t\u00e9 install\u00e9 et d\u00e9velopp\u00e9 dans le delta du Diquis depuis des temps imm\u00e9moriaux. Le groupe humain responsable des sph\u00e8res \u00e9tait tr\u00e8s organis\u00e9. La fabrication des sph\u00e8res \u00e9tait r\u00e9alis\u00e9e \u00e0 l&rsquo;aide des techniques ancestrales de broyage et de polissage de la roche. Leur fabrication s&rsquo;est d\u00e9roul\u00e9e sur une p\u00e9riode ininterrompue de plus d&rsquo;un mill\u00e9naire. Les sph\u00e8res les plus anciennes datent d&rsquo;environ 200 apr\u00e8s J.-C. et ont continu\u00e9 jusqu&rsquo;\u00e0 peu avant le contact avec les Espagnols.<\/p>\n\n<p>\u00a0En outre, le myst\u00e8re qui se cache derri\u00e8re la construction et le but de ces sph\u00e8res n&rsquo;a pas encore \u00e9t\u00e9 r\u00e9solu. Certains pensent qu&rsquo;ils ont \u00e9t\u00e9 utilis\u00e9s comme cimeti\u00e8res, d&rsquo;autres comme sites c\u00e9r\u00e9moniels, d&rsquo;autres encore comme anciens observatoires.<\/p>\n\n<p><strong>Auteure<\/strong><\/p>\n\n<p>Zelda Walters pour Sensorial Sunsets<\/p>\n\n<h2 class=\"wp-block-heading\"><strong>Sources<\/strong><\/h2>\n\n<p><a href=\"https:\/\/www.visitcostarica.com\/es\/costa-rica\/blog\/conoc%C3%A9-la-historia-del-monumento-guayabo\">https:\/\/www.visitcostarica.com\/es\/costa-rica\/blog\/conoc%C3%A9-la-historia-del-monumento-guayabo<\/a><\/p>\n\n<p><a href=\"https:\/\/www.rupestreweb.info\/esferas.html\">https:\/\/www.rupestreweb.info\/esferas.html<\/a><\/p>\n\n<p><a href=\"https:\/\/www.ondauned.com\/programa.php?ou=2685\">https:\/\/www.ondauned.com\/programa.php?ou=2685<\/a><\/p>\n\n<p><a href=\"http:\/\/www.sanchezlex.com\/es\/costa-rica\/historia\/el-periodo-precolombino\/\">http:\/\/www.sanchezlex.com\/es\/costa-rica\/historia\/el-periodo-precolombino\/<\/a>\u00a0<\/p>\n","protected":false},"excerpt":{"rendered":"<p>photo: El Pa\u00eds CR<\/p>\n","protected":false},"author":5,"featured_media":3587,"comment_status":"closed","ping_status":"closed","sticky":false,"template":"","format":"standard","meta":{"_acf_changed":false,"inline_featured_image":false,"_monsterinsights_skip_tracking":false,"_monsterinsights_sitenote_active":false,"_monsterinsights_sitenote_note":"","_monsterinsights_sitenote_category":0,"footnotes":""},"categories":[100,104,120,113],"tags":[],"class_list":["post-3595","post","type-post","status-publish","format-standard","has-post-thumbnail","hentry","category-costa-rica-fr","category-culture-fr","category-histoire","category-tourisme-fr"],"acf":[],"yoast_head":"<!-- This site is optimized with the Yoast SEO plugin v27.4 - https:\/\/yoast.com\/product\/yoast-seo-wordpress\/ -->\n<title>Monument national de Guayabo - SensorialSunsets<\/title>\n<meta name=\"description\" content=\"Le monument national de Guayabo est un site arch\u00e9ologique situ\u00e9 \u00e0 Guayabo, au Costa Rica. Le site \u00e9tait habit\u00e9 par la culture pr\u00e9colombienne.\" \/>\n<meta name=\"robots\" content=\"index, follow, max-snippet:-1, max-image-preview:large, max-video-preview:-1\" \/>\n<link rel=\"canonical\" href=\"https:\/\/www.sensorialsunsets.com\/fr\/monument-national-de-guayabo\/\" \/>\n<meta property=\"og:locale\" content=\"fr_FR\" \/>\n<meta property=\"og:type\" content=\"article\" \/>\n<meta property=\"og:title\" content=\"Monument national de Guayabo - SensorialSunsets\" \/>\n<meta property=\"og:description\" content=\"Le monument national de Guayabo est un site arch\u00e9ologique situ\u00e9 \u00e0 Guayabo, au Costa Rica. Le site \u00e9tait habit\u00e9 par la culture pr\u00e9colombienne.\" \/>\n<meta property=\"og:url\" content=\"https:\/\/www.sensorialsunsets.com\/fr\/monument-national-de-guayabo\/\" \/>\n<meta property=\"og:site_name\" content=\"SensorialSunsets\" \/>\n<meta property=\"article:publisher\" content=\"https:\/\/www.facebook.com\/Sensorial-Sunsets-109180614715562\" \/>\n<meta property=\"article:published_time\" content=\"2022-09-07T20:23:06+00:00\" \/>\n<meta property=\"article:modified_time\" content=\"2022-09-07T20:23:07+00:00\" \/>\n<meta property=\"og:image\" content=\"https:\/\/www.sensorialsunsets.com\/wp-content\/uploads\/2022\/09\/Esferas-de-piedra-en-Costa-Rica.-sensorial-sunsets.jpg\" \/>\n\t<meta property=\"og:image:width\" content=\"928\" \/>\n\t<meta property=\"og:image:height\" content=\"523\" \/>\n\t<meta property=\"og:image:type\" content=\"image\/jpeg\" \/>\n<meta name=\"author\" content=\"Marian Barrantes\" \/>\n<meta name=\"twitter:card\" content=\"summary_large_image\" \/>\n<meta name=\"twitter:label1\" content=\"\u00c9crit par\" \/>\n\t<meta name=\"twitter:data1\" content=\"Marian Barrantes\" \/>\n\t<meta name=\"twitter:label2\" content=\"Dur\u00e9e de lecture estim\u00e9e\" \/>\n\t<meta name=\"twitter:data2\" content=\"4 minutes\" \/>\n<script type=\"application\/ld+json\" class=\"yoast-schema-graph\">{\"@context\":\"https:\\\/\\\/schema.org\",\"@graph\":[{\"@type\":\"Article\",\"@id\":\"https:\\\/\\\/www.sensorialsunsets.com\\\/fr\\\/monument-national-de-guayabo\\\/#article\",\"isPartOf\":{\"@id\":\"https:\\\/\\\/www.sensorialsunsets.com\\\/fr\\\/monument-national-de-guayabo\\\/\"},\"author\":{\"name\":\"Marian Barrantes\",\"@id\":\"https:\\\/\\\/www.sensorialsunsets.com\\\/fr\\\/#\\\/schema\\\/person\\\/a8336a4dbeee633f087a194db2ca482f\"},\"headline\":\"Monument national de Guayabo\",\"datePublished\":\"2022-09-07T20:23:06+00:00\",\"dateModified\":\"2022-09-07T20:23:07+00:00\",\"mainEntityOfPage\":{\"@id\":\"https:\\\/\\\/www.sensorialsunsets.com\\\/fr\\\/monument-national-de-guayabo\\\/\"},\"wordCount\":844,\"publisher\":{\"@id\":\"https:\\\/\\\/www.sensorialsunsets.com\\\/fr\\\/#organization\"},\"image\":{\"@id\":\"https:\\\/\\\/www.sensorialsunsets.com\\\/fr\\\/monument-national-de-guayabo\\\/#primaryimage\"},\"thumbnailUrl\":\"https:\\\/\\\/www.sensorialsunsets.com\\\/wp-content\\\/uploads\\\/2022\\\/09\\\/Esferas-de-piedra-en-Costa-Rica.-sensorial-sunsets.jpg\",\"articleSection\":[\"Costa Rica\",\"Culture\",\"Histoire\",\"Tourisme\"],\"inLanguage\":\"fr-FR\"},{\"@type\":\"WebPage\",\"@id\":\"https:\\\/\\\/www.sensorialsunsets.com\\\/fr\\\/monument-national-de-guayabo\\\/\",\"url\":\"https:\\\/\\\/www.sensorialsunsets.com\\\/fr\\\/monument-national-de-guayabo\\\/\",\"name\":\"Monument national de Guayabo - SensorialSunsets\",\"isPartOf\":{\"@id\":\"https:\\\/\\\/www.sensorialsunsets.com\\\/fr\\\/#website\"},\"primaryImageOfPage\":{\"@id\":\"https:\\\/\\\/www.sensorialsunsets.com\\\/fr\\\/monument-national-de-guayabo\\\/#primaryimage\"},\"image\":{\"@id\":\"https:\\\/\\\/www.sensorialsunsets.com\\\/fr\\\/monument-national-de-guayabo\\\/#primaryimage\"},\"thumbnailUrl\":\"https:\\\/\\\/www.sensorialsunsets.com\\\/wp-content\\\/uploads\\\/2022\\\/09\\\/Esferas-de-piedra-en-Costa-Rica.-sensorial-sunsets.jpg\",\"datePublished\":\"2022-09-07T20:23:06+00:00\",\"dateModified\":\"2022-09-07T20:23:07+00:00\",\"description\":\"Le monument national de Guayabo est un site arch\u00e9ologique situ\u00e9 \u00e0 Guayabo, au Costa Rica. Le site \u00e9tait habit\u00e9 par la culture pr\u00e9colombienne.\",\"inLanguage\":\"fr-FR\",\"potentialAction\":[{\"@type\":\"ReadAction\",\"target\":[\"https:\\\/\\\/www.sensorialsunsets.com\\\/fr\\\/monument-national-de-guayabo\\\/\"]}]},{\"@type\":\"ImageObject\",\"inLanguage\":\"fr-FR\",\"@id\":\"https:\\\/\\\/www.sensorialsunsets.com\\\/fr\\\/monument-national-de-guayabo\\\/#primaryimage\",\"url\":\"https:\\\/\\\/www.sensorialsunsets.com\\\/wp-content\\\/uploads\\\/2022\\\/09\\\/Esferas-de-piedra-en-Costa-Rica.-sensorial-sunsets.jpg\",\"contentUrl\":\"https:\\\/\\\/www.sensorialsunsets.com\\\/wp-content\\\/uploads\\\/2022\\\/09\\\/Esferas-de-piedra-en-Costa-Rica.-sensorial-sunsets.jpg\",\"width\":928,\"height\":523},{\"@type\":\"WebSite\",\"@id\":\"https:\\\/\\\/www.sensorialsunsets.com\\\/fr\\\/#website\",\"url\":\"https:\\\/\\\/www.sensorialsunsets.com\\\/fr\\\/\",\"name\":\"SensorialSunsets.com\",\"description\":\"D\u00e9couvrez la culture et la soci\u00e9t\u00e9 du Costa Rica sur notre blog. Explorez des articles captivants et partagez le contenu.\",\"publisher\":{\"@id\":\"https:\\\/\\\/www.sensorialsunsets.com\\\/fr\\\/#organization\"},\"alternateName\":\"Costa Rica Live Blog\",\"potentialAction\":[{\"@type\":\"SearchAction\",\"target\":{\"@type\":\"EntryPoint\",\"urlTemplate\":\"https:\\\/\\\/www.sensorialsunsets.com\\\/fr\\\/?s={search_term_string}\"},\"query-input\":{\"@type\":\"PropertyValueSpecification\",\"valueRequired\":true,\"valueName\":\"search_term_string\"}}],\"inLanguage\":\"fr-FR\"},{\"@type\":\"Organization\",\"@id\":\"https:\\\/\\\/www.sensorialsunsets.com\\\/fr\\\/#organization\",\"name\":\"SensorialSunsets\",\"url\":\"https:\\\/\\\/www.sensorialsunsets.com\\\/fr\\\/\",\"logo\":{\"@type\":\"ImageObject\",\"inLanguage\":\"fr-FR\",\"@id\":\"https:\\\/\\\/www.sensorialsunsets.com\\\/fr\\\/#\\\/schema\\\/logo\\\/image\\\/\",\"url\":\"https:\\\/\\\/www.sensorialsunsets.com\\\/wp-content\\\/uploads\\\/2023\\\/04\\\/Logo_base_line_fond_clair.svg\",\"contentUrl\":\"https:\\\/\\\/www.sensorialsunsets.com\\\/wp-content\\\/uploads\\\/2023\\\/04\\\/Logo_base_line_fond_clair.svg\",\"width\":\"1024\",\"height\":\"1024\",\"caption\":\"SensorialSunsets\"},\"image\":{\"@id\":\"https:\\\/\\\/www.sensorialsunsets.com\\\/fr\\\/#\\\/schema\\\/logo\\\/image\\\/\"},\"sameAs\":[\"https:\\\/\\\/www.facebook.com\\\/Sensorial-Sunsets-109180614715562\",\"https:\\\/\\\/www.instagram.com\\\/sensorialsunsets\\\/\"]},{\"@type\":\"Person\",\"@id\":\"https:\\\/\\\/www.sensorialsunsets.com\\\/fr\\\/#\\\/schema\\\/person\\\/a8336a4dbeee633f087a194db2ca482f\",\"name\":\"Marian Barrantes\",\"image\":{\"@type\":\"ImageObject\",\"inLanguage\":\"fr-FR\",\"@id\":\"https:\\\/\\\/secure.gravatar.com\\\/avatar\\\/fafbfab67eb28029818d03f44e3037bd798e04434d8d5c0cfc2eea8ec2882a22?s=96&d=mm&r=g\",\"url\":\"https:\\\/\\\/secure.gravatar.com\\\/avatar\\\/fafbfab67eb28029818d03f44e3037bd798e04434d8d5c0cfc2eea8ec2882a22?s=96&d=mm&r=g\",\"contentUrl\":\"https:\\\/\\\/secure.gravatar.com\\\/avatar\\\/fafbfab67eb28029818d03f44e3037bd798e04434d8d5c0cfc2eea8ec2882a22?s=96&d=mm&r=g\",\"caption\":\"Marian Barrantes\"},\"sameAs\":[\"https:\\\/\\\/www.sensorialsunsets.com\"],\"url\":\"https:\\\/\\\/www.sensorialsunsets.com\\\/fr\\\/author\\\/mbarrantes\\\/\"}]}<\/script>\n<!-- \/ Yoast SEO plugin. -->","yoast_head_json":{"title":"Monument national de Guayabo - SensorialSunsets","description":"Le monument national de Guayabo est un site arch\u00e9ologique situ\u00e9 \u00e0 Guayabo, au Costa Rica. Le site \u00e9tait habit\u00e9 par la culture pr\u00e9colombienne.","robots":{"index":"index","follow":"follow","max-snippet":"max-snippet:-1","max-image-preview":"max-image-preview:large","max-video-preview":"max-video-preview:-1"},"canonical":"https:\/\/www.sensorialsunsets.com\/fr\/monument-national-de-guayabo\/","og_locale":"fr_FR","og_type":"article","og_title":"Monument national de Guayabo - SensorialSunsets","og_description":"Le monument national de Guayabo est un site arch\u00e9ologique situ\u00e9 \u00e0 Guayabo, au Costa Rica. Le site \u00e9tait habit\u00e9 par la culture pr\u00e9colombienne.","og_url":"https:\/\/www.sensorialsunsets.com\/fr\/monument-national-de-guayabo\/","og_site_name":"SensorialSunsets","article_publisher":"https:\/\/www.facebook.com\/Sensorial-Sunsets-109180614715562","article_published_time":"2022-09-07T20:23:06+00:00","article_modified_time":"2022-09-07T20:23:07+00:00","og_image":[{"width":928,"height":523,"url":"https:\/\/www.sensorialsunsets.com\/wp-content\/uploads\/2022\/09\/Esferas-de-piedra-en-Costa-Rica.-sensorial-sunsets.jpg","type":"image\/jpeg"}],"author":"Marian Barrantes","twitter_card":"summary_large_image","twitter_misc":{"\u00c9crit par":"Marian Barrantes","Dur\u00e9e de lecture estim\u00e9e":"4 minutes"},"schema":{"@context":"https:\/\/schema.org","@graph":[{"@type":"Article","@id":"https:\/\/www.sensorialsunsets.com\/fr\/monument-national-de-guayabo\/#article","isPartOf":{"@id":"https:\/\/www.sensorialsunsets.com\/fr\/monument-national-de-guayabo\/"},"author":{"name":"Marian Barrantes","@id":"https:\/\/www.sensorialsunsets.com\/fr\/#\/schema\/person\/a8336a4dbeee633f087a194db2ca482f"},"headline":"Monument national de Guayabo","datePublished":"2022-09-07T20:23:06+00:00","dateModified":"2022-09-07T20:23:07+00:00","mainEntityOfPage":{"@id":"https:\/\/www.sensorialsunsets.com\/fr\/monument-national-de-guayabo\/"},"wordCount":844,"publisher":{"@id":"https:\/\/www.sensorialsunsets.com\/fr\/#organization"},"image":{"@id":"https:\/\/www.sensorialsunsets.com\/fr\/monument-national-de-guayabo\/#primaryimage"},"thumbnailUrl":"https:\/\/www.sensorialsunsets.com\/wp-content\/uploads\/2022\/09\/Esferas-de-piedra-en-Costa-Rica.-sensorial-sunsets.jpg","articleSection":["Costa Rica","Culture","Histoire","Tourisme"],"inLanguage":"fr-FR"},{"@type":"WebPage","@id":"https:\/\/www.sensorialsunsets.com\/fr\/monument-national-de-guayabo\/","url":"https:\/\/www.sensorialsunsets.com\/fr\/monument-national-de-guayabo\/","name":"Monument national de Guayabo - SensorialSunsets","isPartOf":{"@id":"https:\/\/www.sensorialsunsets.com\/fr\/#website"},"primaryImageOfPage":{"@id":"https:\/\/www.sensorialsunsets.com\/fr\/monument-national-de-guayabo\/#primaryimage"},"image":{"@id":"https:\/\/www.sensorialsunsets.com\/fr\/monument-national-de-guayabo\/#primaryimage"},"thumbnailUrl":"https:\/\/www.sensorialsunsets.com\/wp-content\/uploads\/2022\/09\/Esferas-de-piedra-en-Costa-Rica.-sensorial-sunsets.jpg","datePublished":"2022-09-07T20:23:06+00:00","dateModified":"2022-09-07T20:23:07+00:00","description":"Le monument national de Guayabo est un site arch\u00e9ologique situ\u00e9 \u00e0 Guayabo, au Costa Rica. Le site \u00e9tait habit\u00e9 par la culture pr\u00e9colombienne.","inLanguage":"fr-FR","potentialAction":[{"@type":"ReadAction","target":["https:\/\/www.sensorialsunsets.com\/fr\/monument-national-de-guayabo\/"]}]},{"@type":"ImageObject","inLanguage":"fr-FR","@id":"https:\/\/www.sensorialsunsets.com\/fr\/monument-national-de-guayabo\/#primaryimage","url":"https:\/\/www.sensorialsunsets.com\/wp-content\/uploads\/2022\/09\/Esferas-de-piedra-en-Costa-Rica.-sensorial-sunsets.jpg","contentUrl":"https:\/\/www.sensorialsunsets.com\/wp-content\/uploads\/2022\/09\/Esferas-de-piedra-en-Costa-Rica.-sensorial-sunsets.jpg","width":928,"height":523},{"@type":"WebSite","@id":"https:\/\/www.sensorialsunsets.com\/fr\/#website","url":"https:\/\/www.sensorialsunsets.com\/fr\/","name":"SensorialSunsets.com","description":"D\u00e9couvrez la culture et la soci\u00e9t\u00e9 du Costa Rica sur notre blog. Explorez des articles captivants et partagez le contenu.","publisher":{"@id":"https:\/\/www.sensorialsunsets.com\/fr\/#organization"},"alternateName":"Costa Rica Live Blog","potentialAction":[{"@type":"SearchAction","target":{"@type":"EntryPoint","urlTemplate":"https:\/\/www.sensorialsunsets.com\/fr\/?s={search_term_string}"},"query-input":{"@type":"PropertyValueSpecification","valueRequired":true,"valueName":"search_term_string"}}],"inLanguage":"fr-FR"},{"@type":"Organization","@id":"https:\/\/www.sensorialsunsets.com\/fr\/#organization","name":"SensorialSunsets","url":"https:\/\/www.sensorialsunsets.com\/fr\/","logo":{"@type":"ImageObject","inLanguage":"fr-FR","@id":"https:\/\/www.sensorialsunsets.com\/fr\/#\/schema\/logo\/image\/","url":"https:\/\/www.sensorialsunsets.com\/wp-content\/uploads\/2023\/04\/Logo_base_line_fond_clair.svg","contentUrl":"https:\/\/www.sensorialsunsets.com\/wp-content\/uploads\/2023\/04\/Logo_base_line_fond_clair.svg","width":"1024","height":"1024","caption":"SensorialSunsets"},"image":{"@id":"https:\/\/www.sensorialsunsets.com\/fr\/#\/schema\/logo\/image\/"},"sameAs":["https:\/\/www.facebook.com\/Sensorial-Sunsets-109180614715562","https:\/\/www.instagram.com\/sensorialsunsets\/"]},{"@type":"Person","@id":"https:\/\/www.sensorialsunsets.com\/fr\/#\/schema\/person\/a8336a4dbeee633f087a194db2ca482f","name":"Marian Barrantes","image":{"@type":"ImageObject","inLanguage":"fr-FR","@id":"https:\/\/secure.gravatar.com\/avatar\/fafbfab67eb28029818d03f44e3037bd798e04434d8d5c0cfc2eea8ec2882a22?s=96&d=mm&r=g","url":"https:\/\/secure.gravatar.com\/avatar\/fafbfab67eb28029818d03f44e3037bd798e04434d8d5c0cfc2eea8ec2882a22?s=96&d=mm&r=g","contentUrl":"https:\/\/secure.gravatar.com\/avatar\/fafbfab67eb28029818d03f44e3037bd798e04434d8d5c0cfc2eea8ec2882a22?s=96&d=mm&r=g","caption":"Marian Barrantes"},"sameAs":["https:\/\/www.sensorialsunsets.com"],"url":"https:\/\/www.sensorialsunsets.com\/fr\/author\/mbarrantes\/"}]}},"_links":{"self":[{"href":"https:\/\/www.sensorialsunsets.com\/fr\/wp-json\/wp\/v2\/posts\/3595","targetHints":{"allow":["GET"]}}],"collection":[{"href":"https:\/\/www.sensorialsunsets.com\/fr\/wp-json\/wp\/v2\/posts"}],"about":[{"href":"https:\/\/www.sensorialsunsets.com\/fr\/wp-json\/wp\/v2\/types\/post"}],"author":[{"embeddable":true,"href":"https:\/\/www.sensorialsunsets.com\/fr\/wp-json\/wp\/v2\/users\/5"}],"replies":[{"embeddable":true,"href":"https:\/\/www.sensorialsunsets.com\/fr\/wp-json\/wp\/v2\/comments?post=3595"}],"version-history":[{"count":0,"href":"https:\/\/www.sensorialsunsets.com\/fr\/wp-json\/wp\/v2\/posts\/3595\/revisions"}],"wp:featuredmedia":[{"embeddable":true,"href":"https:\/\/www.sensorialsunsets.com\/fr\/wp-json\/wp\/v2\/media\/3587"}],"wp:attachment":[{"href":"https:\/\/www.sensorialsunsets.com\/fr\/wp-json\/wp\/v2\/media?parent=3595"}],"wp:term":[{"taxonomy":"category","embeddable":true,"href":"https:\/\/www.sensorialsunsets.com\/fr\/wp-json\/wp\/v2\/categories?post=3595"},{"taxonomy":"post_tag","embeddable":true,"href":"https:\/\/www.sensorialsunsets.com\/fr\/wp-json\/wp\/v2\/tags?post=3595"}],"curies":[{"name":"wp","href":"https:\/\/api.w.org\/{rel}","templated":true}]}}