{"id":3707,"date":"2022-09-20T01:55:55","date_gmt":"2022-09-20T01:55:55","guid":{"rendered":"https:\/\/www.sensorialsunsets.com\/la-faune-au-costa-rica-le-jaguar\/"},"modified":"2022-09-20T01:55:55","modified_gmt":"2022-09-20T01:55:55","slug":"la-faune-au-costa-rica-le-jaguar","status":"publish","type":"post","link":"https:\/\/www.sensorialsunsets.com\/fr\/la-faune-au-costa-rica-le-jaguar\/","title":{"rendered":"La faune au Costa Rica : le jaguar"},"content":{"rendered":"\n<p>Le jaguar est le plus grand f\u00e9lin des Am\u00e9riques et l&rsquo;un des plus beaux f\u00e9lins du monde. On les trouve dans les for\u00eats tropicales humides, les for\u00eats pluviales et les for\u00eats s\u00e8ches.<\/p>\n\n<p>En fait, le jaguar est un animal solitaire. Ils chassent la nuit et dorment le jour. Ils vivent seuls ou avec leur compagnon et leurs petits. D&rsquo;autre part, ils sont aussi de tr\u00e8s bons nageurs et peuvent m\u00eame traverser une rivi\u00e8re \u00e0 la nage pour chercher de la nourriture sur l&rsquo;autre rive. Ils ont une excellente ou\u00efe, qu&rsquo;ils utilisent pour chasser en \u00e9coutant le mouvement des proies \u00e0 travers les feuilles ou l&rsquo;herbe sur le sol.<\/p>\n\n<h2 class=\"wp-block-heading\"><strong>Le Jaguar<\/strong><\/h2>\n\n<p>Ces animaux ont \u00e9t\u00e9 un symbole de puissance et de beaut\u00e9 pendant de nombreux si\u00e8cles.<\/p>\n\n<p>Le jaguar est un grand et puissant f\u00e9lin qui vit en Am\u00e9rique centrale et du Sud. C&rsquo;est-\u00e0-dire que ce sont des animaux solitaires qui chassent la nuit, ce qui fait que les gens les voient rarement. Cela s&rsquo;explique par le fait qu&rsquo;ils vivent dans les for\u00eats tropicales, les prairies et autres habitats \u00e0 la canop\u00e9e dense du Costa Rica. Ils aiment nager et traversent souvent des rivi\u00e8res ou des lacs pour trouver des proies de l&rsquo;autre c\u00f4t\u00e9 de l&rsquo;eau.<\/p>\n\n<p>Les jaguars sont chass\u00e9s pour leur fourrure, qui est utilis\u00e9e pour fabriquer des manteaux et des chapeaux de luxe pour les humains. Ils sont \u00e9galement chass\u00e9s pour leurs dents, qui peuvent \u00eatre vendues comme troph\u00e9es ou bijoux.<\/p>\n\n<p>\u00c0 l&rsquo;int\u00e9rieur du pays, ces f\u00e9lins sont prot\u00e9g\u00e9s par la loi au Costa Rica et constituent l&rsquo;une des esp\u00e8ces animales les plus populaires du pays.<\/p>\n\n<p>Au fil des ans, les Costariciens ont pris conscience de leurs richesses et se sont efforc\u00e9s de les prot\u00e9ger et de les conserver dans des zones prot\u00e9g\u00e9es. Qu&rsquo;il s&rsquo;agisse d&rsquo;un parc national, d&rsquo;une zone prot\u00e9g\u00e9e, d&rsquo;un refuge naturel ou d&rsquo;une r\u00e9serve foresti\u00e8re. En d&rsquo;autres termes, le gouvernement r\u00e9serve plus d&rsquo;un quart du territoire national pour que la nature puisse agir naturellement.<\/p>\n\n<p>Bien qu&rsquo;il existe de nombreux sanctuaires au Costa Rica qui prot\u00e8gent les jaguars, il n&rsquo;est pas toujours facile de les garder \u00e0 l&rsquo;abri des braconniers qui les tuent ill\u00e9galement pour leur fourrure ou pour vendre leurs parties au march\u00e9 noir.<\/p>\n\n<figure class=\"wp-block-image size-large\"><img loading=\"lazy\" decoding=\"async\" width=\"1024\" height=\"683\" src=\"https:\/\/www.sensorialsunsets.com\/wp-content\/uploads\/2022\/09\/jaguar-sensorial-sunsets-1024x683.jpg\" alt=\"jaguares-sensorial-sunsets\" class=\"wp-image-3703\" srcset=\"https:\/\/www.sensorialsunsets.com\/wp-content\/uploads\/2022\/09\/jaguar-sensorial-sunsets-1024x683.jpg 1024w, https:\/\/www.sensorialsunsets.com\/wp-content\/uploads\/2022\/09\/jaguar-sensorial-sunsets-300x200.jpg 300w, https:\/\/www.sensorialsunsets.com\/wp-content\/uploads\/2022\/09\/jaguar-sensorial-sunsets-768x512.jpg 768w, https:\/\/www.sensorialsunsets.com\/wp-content\/uploads\/2022\/09\/jaguar-sensorial-sunsets-1536x1024.jpg 1536w, https:\/\/www.sensorialsunsets.com\/wp-content\/uploads\/2022\/09\/jaguar-sensorial-sunsets-2048x1365.jpg 2048w, https:\/\/www.sensorialsunsets.com\/wp-content\/uploads\/2022\/09\/jaguar-sensorial-sunsets-334x222.jpg 334w, https:\/\/www.sensorialsunsets.com\/wp-content\/uploads\/2022\/09\/jaguar-sensorial-sunsets-1320x880.jpg 1320w\" sizes=\"auto, (max-width: 1024px) 100vw, 1024px\" \/><figcaption>Jaguars<\/figcaption><\/figure>\n\n<h2 class=\"wp-block-heading\"><strong>Sanctuaires, \u00e9levage et protection <\/strong><\/h2>\n\n<p>Le pays abrite une faune et une flore parmi les plus diversifi\u00e9es de la plan\u00e8te, plus de la moiti\u00e9 de son territoire \u00e9tant couverte de for\u00eats. Sans oublier qu&rsquo;il abrite \u00e9galement plusieurs esp\u00e8ces diff\u00e9rentes, notamment des singes, des paresseux, des toucans, des fourmiliers et des tatous, pour n&rsquo;en citer que quelques-uns. En fait, le Costa Rica abrite la troisi\u00e8me plus grande population de jaguars au monde. Cela en fait l&rsquo;un des endroits les plus importants au monde pour ces animaux.<\/p>\n\n<p>Le premier jaguar a \u00e9t\u00e9 aper\u00e7u au Costa Rica en 1849 et, depuis, il est prot\u00e9g\u00e9 par des sanctuaires et des programmes d&rsquo;\u00e9levage. Le pays a \u00e9galement cr\u00e9\u00e9 un parc national pour les prot\u00e9ger, appel\u00e9 parc international La Amistad.<\/p>\n\n<p>Au cours des cinq derni\u00e8res ann\u00e9es, le Fonds pour la Biodiversit\u00e9 Durable a soutenu des petites et moyennes exploitations foresti\u00e8res dans quatre r\u00e9gions du Costa Rica. Ce travail met en lumi\u00e8re la conservation et la protection de la biodiversit\u00e9, qui se fait par l&rsquo;\u00e9ducation \u00e0 l&rsquo;environnement et la science citoyenne. Le programme de conservation est une incitation \u00e9conomique et un soutien technique pour l&rsquo;entretien des for\u00eats.<\/p>\n\n<p>Si les jaguars sont l&rsquo;une des ressources naturelles les plus importantes du Costa Rica, ils sont \u00e9galement consid\u00e9r\u00e9s comme un symbole de beaut\u00e9 et de puissance. En fait, il existe une loi qui interdit de les chasser car ils sont tr\u00e8s admir\u00e9s par les personnes qui y vivent. Cependant, ils sont en danger et font face \u00e0 de nombreuses menaces. Les deux principales menaces qui p\u00e8sent sur les jaguars au Costa Rica sont la destruction de leur habitat et la chasse.<\/p>\n\n<p><strong>Auteure<\/strong> : Zelda Walters pour Sensorial Sunsets<\/p>\n\n<h2 class=\"wp-block-heading\">Sources<\/h2>\n\n<p><a href=\"https:\/\/costarica.org\/es\/animales\/grandes-felinos\/\">https:\/\/costarica.org\/es\/animales\/grandes-felinos\/<\/a><\/p>\n\n<p><a href=\"http:\/\/www.ict.go.cr\/es\/noticias-destacadas-2\/1667-jaguar-es-declarado-bajo-la-m\">http:\/\/www.ict.go.cr\/es\/noticias-destacadas-2\/1667-jaguar-es-declarado-bajo-la-m<\/a><\/p>\n","protected":false},"excerpt":{"rendered":"<p>Le jaguar est le plus grand f\u00e9lin des Am\u00e9riques et l&rsquo;un des plus beaux f\u00e9lins du monde. On les trouve dans les for\u00eats tropicales humides, les for\u00eats pluviales et les for\u00eats s\u00e8ches. En fait, le jaguar est un animal solitaire. Ils chassent la nuit et dorment le jour. Ils vivent seuls ou avec leur compagnon [&hellip;]<\/p>\n","protected":false},"author":5,"featured_media":3702,"comment_status":"closed","ping_status":"closed","sticky":false,"template":"","format":"standard","meta":{"_acf_changed":false,"inline_featured_image":false,"_monsterinsights_skip_tracking":false,"_monsterinsights_sitenote_active":false,"_monsterinsights_sitenote_note":"","_monsterinsights_sitenote_category":0,"footnotes":""},"categories":[100,111],"tags":[],"class_list":["post-3707","post","type-post","status-publish","format-standard","has-post-thumbnail","hentry","category-costa-rica-fr","category-ecologie-fr"],"acf":[],"yoast_head":"<!-- This site is optimized with the Yoast SEO plugin v27.4 - https:\/\/yoast.com\/product\/yoast-seo-wordpress\/ -->\n<title>La faune au Costa Rica : le jaguar - SensorialSunsets<\/title>\n<meta name=\"description\" content=\"Les jaguars sont les plus grands f\u00e9lins du continent am\u00e9ricain. On les trouve dans les for\u00eats tropicales humides, les for\u00eats pluviales et les for\u00eats s\u00e8ches.\" \/>\n<meta name=\"robots\" content=\"index, follow, max-snippet:-1, max-image-preview:large, max-video-preview:-1\" \/>\n<link rel=\"canonical\" href=\"https:\/\/www.sensorialsunsets.com\/fr\/la-faune-au-costa-rica-le-jaguar\/\" \/>\n<meta property=\"og:locale\" content=\"fr_FR\" \/>\n<meta property=\"og:type\" content=\"article\" \/>\n<meta property=\"og:title\" content=\"La faune au Costa Rica : le jaguar - SensorialSunsets\" \/>\n<meta property=\"og:description\" content=\"Les jaguars sont les plus grands f\u00e9lins du continent am\u00e9ricain. On les trouve dans les for\u00eats tropicales humides, les for\u00eats pluviales et les for\u00eats s\u00e8ches.\" \/>\n<meta property=\"og:url\" content=\"https:\/\/www.sensorialsunsets.com\/fr\/la-faune-au-costa-rica-le-jaguar\/\" \/>\n<meta property=\"og:site_name\" content=\"SensorialSunsets\" \/>\n<meta property=\"article:publisher\" content=\"https:\/\/www.facebook.com\/Sensorial-Sunsets-109180614715562\" \/>\n<meta property=\"article:published_time\" content=\"2022-09-20T01:55:55+00:00\" \/>\n<meta property=\"og:image\" content=\"https:\/\/www.sensorialsunsets.com\/wp-content\/uploads\/2022\/09\/jaguar-sensorial-sunsets-1-scaled.jpg\" \/>\n\t<meta property=\"og:image:width\" content=\"2560\" \/>\n\t<meta property=\"og:image:height\" content=\"1707\" \/>\n\t<meta property=\"og:image:type\" content=\"image\/jpeg\" \/>\n<meta name=\"author\" content=\"Marian Barrantes\" \/>\n<meta name=\"twitter:card\" content=\"summary_large_image\" \/>\n<meta name=\"twitter:label1\" content=\"\u00c9crit par\" \/>\n\t<meta name=\"twitter:data1\" content=\"Marian Barrantes\" \/>\n\t<meta name=\"twitter:label2\" content=\"Dur\u00e9e de lecture estim\u00e9e\" \/>\n\t<meta name=\"twitter:data2\" content=\"4 minutes\" \/>\n<script type=\"application\/ld+json\" class=\"yoast-schema-graph\">{\"@context\":\"https:\\\/\\\/schema.org\",\"@graph\":[{\"@type\":\"Article\",\"@id\":\"https:\\\/\\\/www.sensorialsunsets.com\\\/fr\\\/la-faune-au-costa-rica-le-jaguar\\\/#article\",\"isPartOf\":{\"@id\":\"https:\\\/\\\/www.sensorialsunsets.com\\\/fr\\\/la-faune-au-costa-rica-le-jaguar\\\/\"},\"author\":{\"name\":\"Marian Barrantes\",\"@id\":\"https:\\\/\\\/www.sensorialsunsets.com\\\/fr\\\/#\\\/schema\\\/person\\\/a8336a4dbeee633f087a194db2ca482f\"},\"headline\":\"La faune au Costa Rica : le jaguar\",\"datePublished\":\"2022-09-20T01:55:55+00:00\",\"mainEntityOfPage\":{\"@id\":\"https:\\\/\\\/www.sensorialsunsets.com\\\/fr\\\/la-faune-au-costa-rica-le-jaguar\\\/\"},\"wordCount\":748,\"publisher\":{\"@id\":\"https:\\\/\\\/www.sensorialsunsets.com\\\/fr\\\/#organization\"},\"image\":{\"@id\":\"https:\\\/\\\/www.sensorialsunsets.com\\\/fr\\\/la-faune-au-costa-rica-le-jaguar\\\/#primaryimage\"},\"thumbnailUrl\":\"https:\\\/\\\/www.sensorialsunsets.com\\\/wp-content\\\/uploads\\\/2022\\\/09\\\/jaguar-sensorial-sunsets-1-scaled.jpg\",\"articleSection\":[\"Costa Rica\",\"Ecologie\"],\"inLanguage\":\"fr-FR\"},{\"@type\":\"WebPage\",\"@id\":\"https:\\\/\\\/www.sensorialsunsets.com\\\/fr\\\/la-faune-au-costa-rica-le-jaguar\\\/\",\"url\":\"https:\\\/\\\/www.sensorialsunsets.com\\\/fr\\\/la-faune-au-costa-rica-le-jaguar\\\/\",\"name\":\"La faune au Costa Rica : le jaguar - SensorialSunsets\",\"isPartOf\":{\"@id\":\"https:\\\/\\\/www.sensorialsunsets.com\\\/fr\\\/#website\"},\"primaryImageOfPage\":{\"@id\":\"https:\\\/\\\/www.sensorialsunsets.com\\\/fr\\\/la-faune-au-costa-rica-le-jaguar\\\/#primaryimage\"},\"image\":{\"@id\":\"https:\\\/\\\/www.sensorialsunsets.com\\\/fr\\\/la-faune-au-costa-rica-le-jaguar\\\/#primaryimage\"},\"thumbnailUrl\":\"https:\\\/\\\/www.sensorialsunsets.com\\\/wp-content\\\/uploads\\\/2022\\\/09\\\/jaguar-sensorial-sunsets-1-scaled.jpg\",\"datePublished\":\"2022-09-20T01:55:55+00:00\",\"description\":\"Les jaguars sont les plus grands f\u00e9lins du continent am\u00e9ricain. On les trouve dans les for\u00eats tropicales humides, les for\u00eats pluviales et les for\u00eats s\u00e8ches.\",\"inLanguage\":\"fr-FR\",\"potentialAction\":[{\"@type\":\"ReadAction\",\"target\":[\"https:\\\/\\\/www.sensorialsunsets.com\\\/fr\\\/la-faune-au-costa-rica-le-jaguar\\\/\"]}]},{\"@type\":\"ImageObject\",\"inLanguage\":\"fr-FR\",\"@id\":\"https:\\\/\\\/www.sensorialsunsets.com\\\/fr\\\/la-faune-au-costa-rica-le-jaguar\\\/#primaryimage\",\"url\":\"https:\\\/\\\/www.sensorialsunsets.com\\\/wp-content\\\/uploads\\\/2022\\\/09\\\/jaguar-sensorial-sunsets-1-scaled.jpg\",\"contentUrl\":\"https:\\\/\\\/www.sensorialsunsets.com\\\/wp-content\\\/uploads\\\/2022\\\/09\\\/jaguar-sensorial-sunsets-1-scaled.jpg\",\"width\":2560,\"height\":1707},{\"@type\":\"WebSite\",\"@id\":\"https:\\\/\\\/www.sensorialsunsets.com\\\/fr\\\/#website\",\"url\":\"https:\\\/\\\/www.sensorialsunsets.com\\\/fr\\\/\",\"name\":\"SensorialSunsets.com\",\"description\":\"D\u00e9couvrez la culture et la soci\u00e9t\u00e9 du Costa Rica sur notre blog. Explorez des articles captivants et partagez le contenu.\",\"publisher\":{\"@id\":\"https:\\\/\\\/www.sensorialsunsets.com\\\/fr\\\/#organization\"},\"alternateName\":\"Costa Rica Live Blog\",\"potentialAction\":[{\"@type\":\"SearchAction\",\"target\":{\"@type\":\"EntryPoint\",\"urlTemplate\":\"https:\\\/\\\/www.sensorialsunsets.com\\\/fr\\\/?s={search_term_string}\"},\"query-input\":{\"@type\":\"PropertyValueSpecification\",\"valueRequired\":true,\"valueName\":\"search_term_string\"}}],\"inLanguage\":\"fr-FR\"},{\"@type\":\"Organization\",\"@id\":\"https:\\\/\\\/www.sensorialsunsets.com\\\/fr\\\/#organization\",\"name\":\"SensorialSunsets\",\"url\":\"https:\\\/\\\/www.sensorialsunsets.com\\\/fr\\\/\",\"logo\":{\"@type\":\"ImageObject\",\"inLanguage\":\"fr-FR\",\"@id\":\"https:\\\/\\\/www.sensorialsunsets.com\\\/fr\\\/#\\\/schema\\\/logo\\\/image\\\/\",\"url\":\"https:\\\/\\\/www.sensorialsunsets.com\\\/wp-content\\\/uploads\\\/2023\\\/04\\\/Logo_base_line_fond_clair.svg\",\"contentUrl\":\"https:\\\/\\\/www.sensorialsunsets.com\\\/wp-content\\\/uploads\\\/2023\\\/04\\\/Logo_base_line_fond_clair.svg\",\"width\":\"1024\",\"height\":\"1024\",\"caption\":\"SensorialSunsets\"},\"image\":{\"@id\":\"https:\\\/\\\/www.sensorialsunsets.com\\\/fr\\\/#\\\/schema\\\/logo\\\/image\\\/\"},\"sameAs\":[\"https:\\\/\\\/www.facebook.com\\\/Sensorial-Sunsets-109180614715562\",\"https:\\\/\\\/www.instagram.com\\\/sensorialsunsets\\\/\"]},{\"@type\":\"Person\",\"@id\":\"https:\\\/\\\/www.sensorialsunsets.com\\\/fr\\\/#\\\/schema\\\/person\\\/a8336a4dbeee633f087a194db2ca482f\",\"name\":\"Marian Barrantes\",\"image\":{\"@type\":\"ImageObject\",\"inLanguage\":\"fr-FR\",\"@id\":\"https:\\\/\\\/secure.gravatar.com\\\/avatar\\\/fafbfab67eb28029818d03f44e3037bd798e04434d8d5c0cfc2eea8ec2882a22?s=96&d=mm&r=g\",\"url\":\"https:\\\/\\\/secure.gravatar.com\\\/avatar\\\/fafbfab67eb28029818d03f44e3037bd798e04434d8d5c0cfc2eea8ec2882a22?s=96&d=mm&r=g\",\"contentUrl\":\"https:\\\/\\\/secure.gravatar.com\\\/avatar\\\/fafbfab67eb28029818d03f44e3037bd798e04434d8d5c0cfc2eea8ec2882a22?s=96&d=mm&r=g\",\"caption\":\"Marian Barrantes\"},\"sameAs\":[\"https:\\\/\\\/www.sensorialsunsets.com\"],\"url\":\"https:\\\/\\\/www.sensorialsunsets.com\\\/fr\\\/author\\\/mbarrantes\\\/\"}]}<\/script>\n<!-- \/ Yoast SEO plugin. -->","yoast_head_json":{"title":"La faune au Costa Rica : le jaguar - SensorialSunsets","description":"Les jaguars sont les plus grands f\u00e9lins du continent am\u00e9ricain. On les trouve dans les for\u00eats tropicales humides, les for\u00eats pluviales et les for\u00eats s\u00e8ches.","robots":{"index":"index","follow":"follow","max-snippet":"max-snippet:-1","max-image-preview":"max-image-preview:large","max-video-preview":"max-video-preview:-1"},"canonical":"https:\/\/www.sensorialsunsets.com\/fr\/la-faune-au-costa-rica-le-jaguar\/","og_locale":"fr_FR","og_type":"article","og_title":"La faune au Costa Rica : le jaguar - SensorialSunsets","og_description":"Les jaguars sont les plus grands f\u00e9lins du continent am\u00e9ricain. On les trouve dans les for\u00eats tropicales humides, les for\u00eats pluviales et les for\u00eats s\u00e8ches.","og_url":"https:\/\/www.sensorialsunsets.com\/fr\/la-faune-au-costa-rica-le-jaguar\/","og_site_name":"SensorialSunsets","article_publisher":"https:\/\/www.facebook.com\/Sensorial-Sunsets-109180614715562","article_published_time":"2022-09-20T01:55:55+00:00","og_image":[{"width":2560,"height":1707,"url":"https:\/\/www.sensorialsunsets.com\/wp-content\/uploads\/2022\/09\/jaguar-sensorial-sunsets-1-scaled.jpg","type":"image\/jpeg"}],"author":"Marian Barrantes","twitter_card":"summary_large_image","twitter_misc":{"\u00c9crit par":"Marian Barrantes","Dur\u00e9e de lecture estim\u00e9e":"4 minutes"},"schema":{"@context":"https:\/\/schema.org","@graph":[{"@type":"Article","@id":"https:\/\/www.sensorialsunsets.com\/fr\/la-faune-au-costa-rica-le-jaguar\/#article","isPartOf":{"@id":"https:\/\/www.sensorialsunsets.com\/fr\/la-faune-au-costa-rica-le-jaguar\/"},"author":{"name":"Marian Barrantes","@id":"https:\/\/www.sensorialsunsets.com\/fr\/#\/schema\/person\/a8336a4dbeee633f087a194db2ca482f"},"headline":"La faune au Costa Rica : le jaguar","datePublished":"2022-09-20T01:55:55+00:00","mainEntityOfPage":{"@id":"https:\/\/www.sensorialsunsets.com\/fr\/la-faune-au-costa-rica-le-jaguar\/"},"wordCount":748,"publisher":{"@id":"https:\/\/www.sensorialsunsets.com\/fr\/#organization"},"image":{"@id":"https:\/\/www.sensorialsunsets.com\/fr\/la-faune-au-costa-rica-le-jaguar\/#primaryimage"},"thumbnailUrl":"https:\/\/www.sensorialsunsets.com\/wp-content\/uploads\/2022\/09\/jaguar-sensorial-sunsets-1-scaled.jpg","articleSection":["Costa Rica","Ecologie"],"inLanguage":"fr-FR"},{"@type":"WebPage","@id":"https:\/\/www.sensorialsunsets.com\/fr\/la-faune-au-costa-rica-le-jaguar\/","url":"https:\/\/www.sensorialsunsets.com\/fr\/la-faune-au-costa-rica-le-jaguar\/","name":"La faune au Costa Rica : le jaguar - SensorialSunsets","isPartOf":{"@id":"https:\/\/www.sensorialsunsets.com\/fr\/#website"},"primaryImageOfPage":{"@id":"https:\/\/www.sensorialsunsets.com\/fr\/la-faune-au-costa-rica-le-jaguar\/#primaryimage"},"image":{"@id":"https:\/\/www.sensorialsunsets.com\/fr\/la-faune-au-costa-rica-le-jaguar\/#primaryimage"},"thumbnailUrl":"https:\/\/www.sensorialsunsets.com\/wp-content\/uploads\/2022\/09\/jaguar-sensorial-sunsets-1-scaled.jpg","datePublished":"2022-09-20T01:55:55+00:00","description":"Les jaguars sont les plus grands f\u00e9lins du continent am\u00e9ricain. On les trouve dans les for\u00eats tropicales humides, les for\u00eats pluviales et les for\u00eats s\u00e8ches.","inLanguage":"fr-FR","potentialAction":[{"@type":"ReadAction","target":["https:\/\/www.sensorialsunsets.com\/fr\/la-faune-au-costa-rica-le-jaguar\/"]}]},{"@type":"ImageObject","inLanguage":"fr-FR","@id":"https:\/\/www.sensorialsunsets.com\/fr\/la-faune-au-costa-rica-le-jaguar\/#primaryimage","url":"https:\/\/www.sensorialsunsets.com\/wp-content\/uploads\/2022\/09\/jaguar-sensorial-sunsets-1-scaled.jpg","contentUrl":"https:\/\/www.sensorialsunsets.com\/wp-content\/uploads\/2022\/09\/jaguar-sensorial-sunsets-1-scaled.jpg","width":2560,"height":1707},{"@type":"WebSite","@id":"https:\/\/www.sensorialsunsets.com\/fr\/#website","url":"https:\/\/www.sensorialsunsets.com\/fr\/","name":"SensorialSunsets.com","description":"D\u00e9couvrez la culture et la soci\u00e9t\u00e9 du Costa Rica sur notre blog. Explorez des articles captivants et partagez le contenu.","publisher":{"@id":"https:\/\/www.sensorialsunsets.com\/fr\/#organization"},"alternateName":"Costa Rica Live Blog","potentialAction":[{"@type":"SearchAction","target":{"@type":"EntryPoint","urlTemplate":"https:\/\/www.sensorialsunsets.com\/fr\/?s={search_term_string}"},"query-input":{"@type":"PropertyValueSpecification","valueRequired":true,"valueName":"search_term_string"}}],"inLanguage":"fr-FR"},{"@type":"Organization","@id":"https:\/\/www.sensorialsunsets.com\/fr\/#organization","name":"SensorialSunsets","url":"https:\/\/www.sensorialsunsets.com\/fr\/","logo":{"@type":"ImageObject","inLanguage":"fr-FR","@id":"https:\/\/www.sensorialsunsets.com\/fr\/#\/schema\/logo\/image\/","url":"https:\/\/www.sensorialsunsets.com\/wp-content\/uploads\/2023\/04\/Logo_base_line_fond_clair.svg","contentUrl":"https:\/\/www.sensorialsunsets.com\/wp-content\/uploads\/2023\/04\/Logo_base_line_fond_clair.svg","width":"1024","height":"1024","caption":"SensorialSunsets"},"image":{"@id":"https:\/\/www.sensorialsunsets.com\/fr\/#\/schema\/logo\/image\/"},"sameAs":["https:\/\/www.facebook.com\/Sensorial-Sunsets-109180614715562","https:\/\/www.instagram.com\/sensorialsunsets\/"]},{"@type":"Person","@id":"https:\/\/www.sensorialsunsets.com\/fr\/#\/schema\/person\/a8336a4dbeee633f087a194db2ca482f","name":"Marian Barrantes","image":{"@type":"ImageObject","inLanguage":"fr-FR","@id":"https:\/\/secure.gravatar.com\/avatar\/fafbfab67eb28029818d03f44e3037bd798e04434d8d5c0cfc2eea8ec2882a22?s=96&d=mm&r=g","url":"https:\/\/secure.gravatar.com\/avatar\/fafbfab67eb28029818d03f44e3037bd798e04434d8d5c0cfc2eea8ec2882a22?s=96&d=mm&r=g","contentUrl":"https:\/\/secure.gravatar.com\/avatar\/fafbfab67eb28029818d03f44e3037bd798e04434d8d5c0cfc2eea8ec2882a22?s=96&d=mm&r=g","caption":"Marian Barrantes"},"sameAs":["https:\/\/www.sensorialsunsets.com"],"url":"https:\/\/www.sensorialsunsets.com\/fr\/author\/mbarrantes\/"}]}},"_links":{"self":[{"href":"https:\/\/www.sensorialsunsets.com\/fr\/wp-json\/wp\/v2\/posts\/3707","targetHints":{"allow":["GET"]}}],"collection":[{"href":"https:\/\/www.sensorialsunsets.com\/fr\/wp-json\/wp\/v2\/posts"}],"about":[{"href":"https:\/\/www.sensorialsunsets.com\/fr\/wp-json\/wp\/v2\/types\/post"}],"author":[{"embeddable":true,"href":"https:\/\/www.sensorialsunsets.com\/fr\/wp-json\/wp\/v2\/users\/5"}],"replies":[{"embeddable":true,"href":"https:\/\/www.sensorialsunsets.com\/fr\/wp-json\/wp\/v2\/comments?post=3707"}],"version-history":[{"count":0,"href":"https:\/\/www.sensorialsunsets.com\/fr\/wp-json\/wp\/v2\/posts\/3707\/revisions"}],"wp:featuredmedia":[{"embeddable":true,"href":"https:\/\/www.sensorialsunsets.com\/fr\/wp-json\/wp\/v2\/media\/3702"}],"wp:attachment":[{"href":"https:\/\/www.sensorialsunsets.com\/fr\/wp-json\/wp\/v2\/media?parent=3707"}],"wp:term":[{"taxonomy":"category","embeddable":true,"href":"https:\/\/www.sensorialsunsets.com\/fr\/wp-json\/wp\/v2\/categories?post=3707"},{"taxonomy":"post_tag","embeddable":true,"href":"https:\/\/www.sensorialsunsets.com\/fr\/wp-json\/wp\/v2\/tags?post=3707"}],"curies":[{"name":"wp","href":"https:\/\/api.w.org\/{rel}","templated":true}]}}