{"id":3731,"date":"2022-09-22T16:27:02","date_gmt":"2022-09-22T16:27:02","guid":{"rendered":"https:\/\/www.sensorialsunsets.com\/la-croix-rouge-du-costa-rica\/"},"modified":"2022-09-22T16:27:02","modified_gmt":"2022-09-22T16:27:02","slug":"la-croix-rouge-du-costa-rica","status":"publish","type":"post","link":"https:\/\/www.sensorialsunsets.com\/fr\/la-croix-rouge-du-costa-rica\/","title":{"rendered":"La Croix-Rouge du Costa Rica"},"content":{"rendered":"\n<p>La Croix-Rouge costaricienne a \u00e9t\u00e9 fond\u00e9e par un groupe de volontaires qui souhaitaient apporter une aide aux soldats bless\u00e9s pendant la guerre civile qui a ravag\u00e9 le pays en 1866. Depuis sa cr\u00e9ation, la Croix-Rouge fournit des soins m\u00e9dicaux, des transfusions sanguines, des premiers secours et un soutien psychosocial aux personnes dans le besoin.<\/p>\n\n<h2 class=\"wp-block-heading\"><strong>Histoire de la Croix-Rouge costaricienne<\/strong><\/h2>\n\n<p>Cette organisation est n\u00e9e le 29 octobre 1863. Elle a \u00e9t\u00e9 fond\u00e9e en tant qu&rsquo;organisation humanitaire pour aider les personnes dans le besoin. Depuis 1888, ils s&rsquo;efforcent de venir en aide aux victimes de catastrophes naturelles et d&rsquo;autres situations d&rsquo;urgence. C&rsquo;\u00e9tait une cons\u00e9quence du tremblement de terre de Fraijanes, lorsque le besoin de personnel de secours permanent en dehors du conflit arm\u00e9 \u00e9tait \u00e9vident.<\/p>\n\n<p>En 1917, la premi\u00e8re commission de dames de la Croix-Rouge costaricienne a \u00e9t\u00e9 cr\u00e9\u00e9e avec Mar\u00eda Fern\u00e1ndez de Tinoco et d&rsquo;autres femmes de l&rsquo;\u00e9poque. \u00c0 la suite de l&rsquo;explosion de la Casa de la P\u00f3lvora. Un entrep\u00f4t de l&rsquo;arsenal de l&rsquo;arm\u00e9e costaricienne, situ\u00e9 \u00e0 c\u00f4t\u00e9 du p\u00e9nitencier g\u00e9n\u00e9ral, aujourd&rsquo;hui mus\u00e9e des enfants.\u00a0 L&rsquo;explosion a fait plus de 75 victimes. Le professeur Macabeo Vargas Castro, a t\u00e9moign\u00e9 depuis son atelier appel\u00e9 \u00ab\u00a0El Cometa\u00a0\u00bb de l&rsquo;explosion et de ses effets caus\u00e9s par la n\u00e9cessit\u00e9 de fournir une aide aux victimes.<\/p>\n\n<p>En 1921, \u00e0 l&rsquo;initiative de Macabeo Vargas, qui d\u00e9cide de r\u00e9organiser la Croix-Rouge costaricienne. Un Conseil provisoire se r\u00e9unit le 31 mars 1921 pour cr\u00e9er un nouveau Conseil sup\u00e9rieur et une Soci\u00e9t\u00e9 nationale o\u00f9 na\u00eetront des principes, des id\u00e9aux et des actions concr\u00e8tes. Le 15 avril 1921, le pr\u00e9sident de la R\u00e9publique, Julio Acosta, par le d\u00e9cret ex\u00e9cutif n\u00b0 114, accepte la proposition, la modifie, la modifie et cr\u00e9e une nouvelle Soci\u00e9t\u00e9 nationale. 114, accepte la proposition, modifie celle sign\u00e9e par Bernardo Soto et autorise le fonctionnement de l&rsquo;institution non seulement en temps de guerre, mais aussi en temps de paix. Les fondations de ce qui est aujourd&rsquo;hui l&rsquo;institution ont \u00e9t\u00e9 pos\u00e9es, la premi\u00e8re ambulance a \u00e9t\u00e9 organis\u00e9e et est partie pour Guanacaste, les groupes de dames volontaires, les premiers r\u00e9pondants et la Croix-Rouge des jeunes.<\/p>\n\n<figure class=\"wp-block-image size-large\"><img loading=\"lazy\" decoding=\"async\" width=\"1024\" height=\"683\" src=\"https:\/\/www.sensorialsunsets.com\/wp-content\/uploads\/2022\/09\/ambulancia-sensorial-sunsets-1024x683.jpg\" alt=\"ambulance-sensorial-sunsets\" class=\"wp-image-3723\" srcset=\"https:\/\/www.sensorialsunsets.com\/wp-content\/uploads\/2022\/09\/ambulancia-sensorial-sunsets-1024x683.jpg 1024w, https:\/\/www.sensorialsunsets.com\/wp-content\/uploads\/2022\/09\/ambulancia-sensorial-sunsets-300x200.jpg 300w, https:\/\/www.sensorialsunsets.com\/wp-content\/uploads\/2022\/09\/ambulancia-sensorial-sunsets-768x512.jpg 768w, https:\/\/www.sensorialsunsets.com\/wp-content\/uploads\/2022\/09\/ambulancia-sensorial-sunsets-1536x1024.jpg 1536w, https:\/\/www.sensorialsunsets.com\/wp-content\/uploads\/2022\/09\/ambulancia-sensorial-sunsets-2048x1365.jpg 2048w, https:\/\/www.sensorialsunsets.com\/wp-content\/uploads\/2022\/09\/ambulancia-sensorial-sunsets-334x222.jpg 334w, https:\/\/www.sensorialsunsets.com\/wp-content\/uploads\/2022\/09\/ambulancia-sensorial-sunsets-1320x880.jpg 1320w\" sizes=\"auto, (max-width: 1024px) 100vw, 1024px\" \/><figcaption>ambulance<\/figcaption><\/figure>\n\n<h2 class=\"wp-block-heading\"><strong>\u00ab\u00a0De plus en plus proche des gens\u00a0\u00bb<\/strong><\/h2>\n\n<p>Sous cette devise, la Croix-Rouge est une organisation humanitaire qui vise \u00e0 pr\u00e9venir et \u00e0 soulager la souffrance humaine dans les situations d&rsquo;urgence. Il a \u00e9t\u00e9 fond\u00e9 en 1863 par Henri Dunant, un homme d&rsquo;affaires suisse et un activiste social, qui a \u00e9t\u00e9 inspir\u00e9 par le spectacle de la souffrance apr\u00e8s la bataille de Solferino en 1859. L&rsquo;organisation fait partie du Mouvement international de la Croix-Rouge et du Croissant-Rouge ainsi que du Comit\u00e9 international de la Croix-Rouge.<\/p>\n\n<p>La Croix-Rouge du Costa Rica a \u00e9t\u00e9 active dans diff\u00e9rents domaines tels que la sant\u00e9, l&rsquo;\u00e9ducation, l&rsquo;aide sociale, les secours et la protection en cas de catastrophe. Ils s&rsquo;efforcent d&rsquo;am\u00e9liorer la qualit\u00e9 de vie des Costariciens gr\u00e2ce \u00e0 leurs programmes tels que \u00ab\u00a0El Buen Vivir\u00a0\u00bb, qui est une approche holistique du d\u00e9veloppement ax\u00e9e sur le bien-\u00eatre, le bonheur et la vitalit\u00e9 des personnes.<\/p>\n\n<h2 class=\"wp-block-heading\">En bref<\/h2>\n\n<ol class=\"wp-block-list\"><li>L&rsquo;histoire enregistr\u00e9e dans cette partie de la chronologie remonte \u00e0 1885. Ceci, avec la cr\u00e9ation de la Croix-Rouge costaricienne en raison des conflits arm\u00e9s de l&rsquo;\u00e9poque.\u00a0<\/li><li>Il a \u00e9t\u00e9 d\u00e9termin\u00e9 que la p\u00e9riode de changement de 1919, gr\u00e2ce aux \u00e9v\u00e9nements pr\u00e9c\u00e9dents, permet \u00e0 la Croix-Rouge du Costa Rica d&rsquo;initier le changement de fonction. Cette fonction a \u00e9t\u00e9 cr\u00e9\u00e9e \u00e0 l&rsquo;origine pour fournir une aide en p\u00e9riode de conflit arm\u00e9.<\/li><li>La Croix-Rouge est une organisation humanitaire qui vise \u00e0 pr\u00e9venir et \u00e0 soulager la souffrance humaine dans les situations d&rsquo;urgence.<\/li><\/ol>\n\n<p><strong>Auteur<\/strong> : Zelda Walters pour Sensorial Sunsets<\/p>\n\n<h2 class=\"wp-block-heading\">Sources<\/h2>\n\n<p><a href=\"https:\/\/www.ecured.cu\/Cruz_Roja_de_Costa_Rica\">https:\/\/www.ecured.cu\/Cruz_Roja_de_Costa_Rica<\/a><\/p>\n\n<p><a href=\"https:\/\/cruzroja.or.cr\/quienes-somos\/historia\/\">https:\/\/cruzroja.or.cr\/quienes-somos\/historia\/<\/a><\/p>\n\n<figure class=\"wp-block-embed is-type-wp-embed is-provider-sutori wp-block-embed-sutori\"><div class=\"wp-block-embed__wrapper\">\r\n<iframe loading=\"lazy\" class=\"wp-embedded-content\" sandbox=\"allow-scripts\" security=\"restricted\" title=\"Historia de la Cruz Roja Costarricense\" src=\"https:\/\/www.sutori.com\/en\/story\/historia-de-la-cruz-roja-costarricense--RabCjoEPXu6S5q5Z1oHn1S7b\/embed#?secret=9Pl2liYnka\" data-secret=\"9Pl2liYnka\" width=\"900\" height=\"1000\" frameborder=\"0\"><\/iframe>\r\n<\/div><\/figure>\r\n","protected":false},"excerpt":{"rendered":"<p>La Croix-Rouge costaricienne a \u00e9t\u00e9 fond\u00e9e par un groupe de volontaires qui souhaitaient apporter une aide aux soldats bless\u00e9s pendant la guerre civile qui a ravag\u00e9 le pays en 1866. Depuis sa cr\u00e9ation, la Croix-Rouge fournit des soins m\u00e9dicaux, des transfusions sanguines, des premiers secours et un soutien psychosocial aux personnes dans le besoin. Histoire [&hellip;]<\/p>\n","protected":false},"author":5,"featured_media":3722,"comment_status":"closed","ping_status":"closed","sticky":false,"template":"","format":"standard","meta":{"_acf_changed":false,"inline_featured_image":false,"_monsterinsights_skip_tracking":false,"_monsterinsights_sitenote_active":false,"_monsterinsights_sitenote_note":"","_monsterinsights_sitenote_category":0,"footnotes":""},"categories":[100,149],"tags":[],"class_list":["post-3731","post","type-post","status-publish","format-standard","has-post-thumbnail","hentry","category-costa-rica-fr","category-institutions-fr"],"acf":[],"yoast_head":"<!-- This site is optimized with the Yoast SEO plugin v27.4 - https:\/\/yoast.com\/product\/yoast-seo-wordpress\/ -->\n<title>La Croix-Rouge du Costa Rica - SensorialSunsets<\/title>\n<meta name=\"description\" content=\"La Cruz Roja Costarricense fue fundada por un grupo de voluntarios durante la guerra civil que azot\u00f3 al pa\u00eds en 1866.\" \/>\n<meta name=\"robots\" content=\"index, follow, max-snippet:-1, max-image-preview:large, max-video-preview:-1\" \/>\n<link rel=\"canonical\" href=\"https:\/\/www.sensorialsunsets.com\/fr\/la-croix-rouge-du-costa-rica\/\" \/>\n<meta property=\"og:locale\" content=\"fr_FR\" \/>\n<meta property=\"og:type\" content=\"article\" \/>\n<meta property=\"og:title\" content=\"La Croix-Rouge du Costa Rica - SensorialSunsets\" \/>\n<meta property=\"og:description\" content=\"La Cruz Roja Costarricense fue fundada por un grupo de voluntarios durante la guerra civil que azot\u00f3 al pa\u00eds en 1866.\" \/>\n<meta property=\"og:url\" content=\"https:\/\/www.sensorialsunsets.com\/fr\/la-croix-rouge-du-costa-rica\/\" \/>\n<meta property=\"og:site_name\" content=\"SensorialSunsets\" \/>\n<meta property=\"article:publisher\" content=\"https:\/\/www.facebook.com\/Sensorial-Sunsets-109180614715562\" \/>\n<meta property=\"article:published_time\" content=\"2022-09-22T16:27:02+00:00\" \/>\n<meta property=\"og:image\" content=\"https:\/\/www.sensorialsunsets.com\/wp-content\/uploads\/2022\/09\/cruz-roja-sensorial-sunsets-scaled.jpg\" \/>\n\t<meta property=\"og:image:width\" content=\"2560\" \/>\n\t<meta property=\"og:image:height\" content=\"1707\" \/>\n\t<meta property=\"og:image:type\" content=\"image\/jpeg\" \/>\n<meta name=\"author\" content=\"Marian Barrantes\" \/>\n<meta name=\"twitter:card\" content=\"summary_large_image\" \/>\n<meta name=\"twitter:label1\" content=\"\u00c9crit par\" \/>\n\t<meta name=\"twitter:data1\" content=\"Marian Barrantes\" \/>\n\t<meta name=\"twitter:label2\" content=\"Dur\u00e9e de lecture estim\u00e9e\" \/>\n\t<meta name=\"twitter:data2\" content=\"3 minutes\" \/>\n<script type=\"application\/ld+json\" class=\"yoast-schema-graph\">{\"@context\":\"https:\\\/\\\/schema.org\",\"@graph\":[{\"@type\":\"Article\",\"@id\":\"https:\\\/\\\/www.sensorialsunsets.com\\\/fr\\\/la-croix-rouge-du-costa-rica\\\/#article\",\"isPartOf\":{\"@id\":\"https:\\\/\\\/www.sensorialsunsets.com\\\/fr\\\/la-croix-rouge-du-costa-rica\\\/\"},\"author\":{\"name\":\"Marian Barrantes\",\"@id\":\"https:\\\/\\\/www.sensorialsunsets.com\\\/fr\\\/#\\\/schema\\\/person\\\/a8336a4dbeee633f087a194db2ca482f\"},\"headline\":\"La Croix-Rouge du Costa Rica\",\"datePublished\":\"2022-09-22T16:27:02+00:00\",\"mainEntityOfPage\":{\"@id\":\"https:\\\/\\\/www.sensorialsunsets.com\\\/fr\\\/la-croix-rouge-du-costa-rica\\\/\"},\"wordCount\":688,\"publisher\":{\"@id\":\"https:\\\/\\\/www.sensorialsunsets.com\\\/fr\\\/#organization\"},\"image\":{\"@id\":\"https:\\\/\\\/www.sensorialsunsets.com\\\/fr\\\/la-croix-rouge-du-costa-rica\\\/#primaryimage\"},\"thumbnailUrl\":\"https:\\\/\\\/www.sensorialsunsets.com\\\/wp-content\\\/uploads\\\/2022\\\/09\\\/cruz-roja-sensorial-sunsets-scaled.jpg\",\"articleSection\":[\"Costa Rica\",\"Institutions\"],\"inLanguage\":\"fr-FR\"},{\"@type\":\"WebPage\",\"@id\":\"https:\\\/\\\/www.sensorialsunsets.com\\\/fr\\\/la-croix-rouge-du-costa-rica\\\/\",\"url\":\"https:\\\/\\\/www.sensorialsunsets.com\\\/fr\\\/la-croix-rouge-du-costa-rica\\\/\",\"name\":\"La Croix-Rouge du Costa Rica - SensorialSunsets\",\"isPartOf\":{\"@id\":\"https:\\\/\\\/www.sensorialsunsets.com\\\/fr\\\/#website\"},\"primaryImageOfPage\":{\"@id\":\"https:\\\/\\\/www.sensorialsunsets.com\\\/fr\\\/la-croix-rouge-du-costa-rica\\\/#primaryimage\"},\"image\":{\"@id\":\"https:\\\/\\\/www.sensorialsunsets.com\\\/fr\\\/la-croix-rouge-du-costa-rica\\\/#primaryimage\"},\"thumbnailUrl\":\"https:\\\/\\\/www.sensorialsunsets.com\\\/wp-content\\\/uploads\\\/2022\\\/09\\\/cruz-roja-sensorial-sunsets-scaled.jpg\",\"datePublished\":\"2022-09-22T16:27:02+00:00\",\"description\":\"La Cruz Roja Costarricense fue fundada por un grupo de voluntarios durante la guerra civil que azot\u00f3 al pa\u00eds en 1866.\",\"inLanguage\":\"fr-FR\",\"potentialAction\":[{\"@type\":\"ReadAction\",\"target\":[\"https:\\\/\\\/www.sensorialsunsets.com\\\/fr\\\/la-croix-rouge-du-costa-rica\\\/\"]}]},{\"@type\":\"ImageObject\",\"inLanguage\":\"fr-FR\",\"@id\":\"https:\\\/\\\/www.sensorialsunsets.com\\\/fr\\\/la-croix-rouge-du-costa-rica\\\/#primaryimage\",\"url\":\"https:\\\/\\\/www.sensorialsunsets.com\\\/wp-content\\\/uploads\\\/2022\\\/09\\\/cruz-roja-sensorial-sunsets-scaled.jpg\",\"contentUrl\":\"https:\\\/\\\/www.sensorialsunsets.com\\\/wp-content\\\/uploads\\\/2022\\\/09\\\/cruz-roja-sensorial-sunsets-scaled.jpg\",\"width\":2560,\"height\":1707},{\"@type\":\"WebSite\",\"@id\":\"https:\\\/\\\/www.sensorialsunsets.com\\\/fr\\\/#website\",\"url\":\"https:\\\/\\\/www.sensorialsunsets.com\\\/fr\\\/\",\"name\":\"SensorialSunsets.com\",\"description\":\"D\u00e9couvrez la culture et la soci\u00e9t\u00e9 du Costa Rica sur notre blog. Explorez des articles captivants et partagez le contenu.\",\"publisher\":{\"@id\":\"https:\\\/\\\/www.sensorialsunsets.com\\\/fr\\\/#organization\"},\"alternateName\":\"Costa Rica Live Blog\",\"potentialAction\":[{\"@type\":\"SearchAction\",\"target\":{\"@type\":\"EntryPoint\",\"urlTemplate\":\"https:\\\/\\\/www.sensorialsunsets.com\\\/fr\\\/?s={search_term_string}\"},\"query-input\":{\"@type\":\"PropertyValueSpecification\",\"valueRequired\":true,\"valueName\":\"search_term_string\"}}],\"inLanguage\":\"fr-FR\"},{\"@type\":\"Organization\",\"@id\":\"https:\\\/\\\/www.sensorialsunsets.com\\\/fr\\\/#organization\",\"name\":\"SensorialSunsets\",\"url\":\"https:\\\/\\\/www.sensorialsunsets.com\\\/fr\\\/\",\"logo\":{\"@type\":\"ImageObject\",\"inLanguage\":\"fr-FR\",\"@id\":\"https:\\\/\\\/www.sensorialsunsets.com\\\/fr\\\/#\\\/schema\\\/logo\\\/image\\\/\",\"url\":\"https:\\\/\\\/www.sensorialsunsets.com\\\/wp-content\\\/uploads\\\/2023\\\/04\\\/Logo_base_line_fond_clair.svg\",\"contentUrl\":\"https:\\\/\\\/www.sensorialsunsets.com\\\/wp-content\\\/uploads\\\/2023\\\/04\\\/Logo_base_line_fond_clair.svg\",\"width\":\"1024\",\"height\":\"1024\",\"caption\":\"SensorialSunsets\"},\"image\":{\"@id\":\"https:\\\/\\\/www.sensorialsunsets.com\\\/fr\\\/#\\\/schema\\\/logo\\\/image\\\/\"},\"sameAs\":[\"https:\\\/\\\/www.facebook.com\\\/Sensorial-Sunsets-109180614715562\",\"https:\\\/\\\/www.instagram.com\\\/sensorialsunsets\\\/\"]},{\"@type\":\"Person\",\"@id\":\"https:\\\/\\\/www.sensorialsunsets.com\\\/fr\\\/#\\\/schema\\\/person\\\/a8336a4dbeee633f087a194db2ca482f\",\"name\":\"Marian Barrantes\",\"image\":{\"@type\":\"ImageObject\",\"inLanguage\":\"fr-FR\",\"@id\":\"https:\\\/\\\/secure.gravatar.com\\\/avatar\\\/fafbfab67eb28029818d03f44e3037bd798e04434d8d5c0cfc2eea8ec2882a22?s=96&d=mm&r=g\",\"url\":\"https:\\\/\\\/secure.gravatar.com\\\/avatar\\\/fafbfab67eb28029818d03f44e3037bd798e04434d8d5c0cfc2eea8ec2882a22?s=96&d=mm&r=g\",\"contentUrl\":\"https:\\\/\\\/secure.gravatar.com\\\/avatar\\\/fafbfab67eb28029818d03f44e3037bd798e04434d8d5c0cfc2eea8ec2882a22?s=96&d=mm&r=g\",\"caption\":\"Marian Barrantes\"},\"sameAs\":[\"https:\\\/\\\/www.sensorialsunsets.com\"],\"url\":\"https:\\\/\\\/www.sensorialsunsets.com\\\/fr\\\/author\\\/mbarrantes\\\/\"}]}<\/script>\n<!-- \/ Yoast SEO plugin. -->","yoast_head_json":{"title":"La Croix-Rouge du Costa Rica - SensorialSunsets","description":"La Cruz Roja Costarricense fue fundada por un grupo de voluntarios durante la guerra civil que azot\u00f3 al pa\u00eds en 1866.","robots":{"index":"index","follow":"follow","max-snippet":"max-snippet:-1","max-image-preview":"max-image-preview:large","max-video-preview":"max-video-preview:-1"},"canonical":"https:\/\/www.sensorialsunsets.com\/fr\/la-croix-rouge-du-costa-rica\/","og_locale":"fr_FR","og_type":"article","og_title":"La Croix-Rouge du Costa Rica - SensorialSunsets","og_description":"La Cruz Roja Costarricense fue fundada por un grupo de voluntarios durante la guerra civil que azot\u00f3 al pa\u00eds en 1866.","og_url":"https:\/\/www.sensorialsunsets.com\/fr\/la-croix-rouge-du-costa-rica\/","og_site_name":"SensorialSunsets","article_publisher":"https:\/\/www.facebook.com\/Sensorial-Sunsets-109180614715562","article_published_time":"2022-09-22T16:27:02+00:00","og_image":[{"width":2560,"height":1707,"url":"https:\/\/www.sensorialsunsets.com\/wp-content\/uploads\/2022\/09\/cruz-roja-sensorial-sunsets-scaled.jpg","type":"image\/jpeg"}],"author":"Marian Barrantes","twitter_card":"summary_large_image","twitter_misc":{"\u00c9crit par":"Marian Barrantes","Dur\u00e9e de lecture estim\u00e9e":"3 minutes"},"schema":{"@context":"https:\/\/schema.org","@graph":[{"@type":"Article","@id":"https:\/\/www.sensorialsunsets.com\/fr\/la-croix-rouge-du-costa-rica\/#article","isPartOf":{"@id":"https:\/\/www.sensorialsunsets.com\/fr\/la-croix-rouge-du-costa-rica\/"},"author":{"name":"Marian Barrantes","@id":"https:\/\/www.sensorialsunsets.com\/fr\/#\/schema\/person\/a8336a4dbeee633f087a194db2ca482f"},"headline":"La Croix-Rouge du Costa Rica","datePublished":"2022-09-22T16:27:02+00:00","mainEntityOfPage":{"@id":"https:\/\/www.sensorialsunsets.com\/fr\/la-croix-rouge-du-costa-rica\/"},"wordCount":688,"publisher":{"@id":"https:\/\/www.sensorialsunsets.com\/fr\/#organization"},"image":{"@id":"https:\/\/www.sensorialsunsets.com\/fr\/la-croix-rouge-du-costa-rica\/#primaryimage"},"thumbnailUrl":"https:\/\/www.sensorialsunsets.com\/wp-content\/uploads\/2022\/09\/cruz-roja-sensorial-sunsets-scaled.jpg","articleSection":["Costa Rica","Institutions"],"inLanguage":"fr-FR"},{"@type":"WebPage","@id":"https:\/\/www.sensorialsunsets.com\/fr\/la-croix-rouge-du-costa-rica\/","url":"https:\/\/www.sensorialsunsets.com\/fr\/la-croix-rouge-du-costa-rica\/","name":"La Croix-Rouge du Costa Rica - SensorialSunsets","isPartOf":{"@id":"https:\/\/www.sensorialsunsets.com\/fr\/#website"},"primaryImageOfPage":{"@id":"https:\/\/www.sensorialsunsets.com\/fr\/la-croix-rouge-du-costa-rica\/#primaryimage"},"image":{"@id":"https:\/\/www.sensorialsunsets.com\/fr\/la-croix-rouge-du-costa-rica\/#primaryimage"},"thumbnailUrl":"https:\/\/www.sensorialsunsets.com\/wp-content\/uploads\/2022\/09\/cruz-roja-sensorial-sunsets-scaled.jpg","datePublished":"2022-09-22T16:27:02+00:00","description":"La Cruz Roja Costarricense fue fundada por un grupo de voluntarios durante la guerra civil que azot\u00f3 al pa\u00eds en 1866.","inLanguage":"fr-FR","potentialAction":[{"@type":"ReadAction","target":["https:\/\/www.sensorialsunsets.com\/fr\/la-croix-rouge-du-costa-rica\/"]}]},{"@type":"ImageObject","inLanguage":"fr-FR","@id":"https:\/\/www.sensorialsunsets.com\/fr\/la-croix-rouge-du-costa-rica\/#primaryimage","url":"https:\/\/www.sensorialsunsets.com\/wp-content\/uploads\/2022\/09\/cruz-roja-sensorial-sunsets-scaled.jpg","contentUrl":"https:\/\/www.sensorialsunsets.com\/wp-content\/uploads\/2022\/09\/cruz-roja-sensorial-sunsets-scaled.jpg","width":2560,"height":1707},{"@type":"WebSite","@id":"https:\/\/www.sensorialsunsets.com\/fr\/#website","url":"https:\/\/www.sensorialsunsets.com\/fr\/","name":"SensorialSunsets.com","description":"D\u00e9couvrez la culture et la soci\u00e9t\u00e9 du Costa Rica sur notre blog. Explorez des articles captivants et partagez le contenu.","publisher":{"@id":"https:\/\/www.sensorialsunsets.com\/fr\/#organization"},"alternateName":"Costa Rica Live Blog","potentialAction":[{"@type":"SearchAction","target":{"@type":"EntryPoint","urlTemplate":"https:\/\/www.sensorialsunsets.com\/fr\/?s={search_term_string}"},"query-input":{"@type":"PropertyValueSpecification","valueRequired":true,"valueName":"search_term_string"}}],"inLanguage":"fr-FR"},{"@type":"Organization","@id":"https:\/\/www.sensorialsunsets.com\/fr\/#organization","name":"SensorialSunsets","url":"https:\/\/www.sensorialsunsets.com\/fr\/","logo":{"@type":"ImageObject","inLanguage":"fr-FR","@id":"https:\/\/www.sensorialsunsets.com\/fr\/#\/schema\/logo\/image\/","url":"https:\/\/www.sensorialsunsets.com\/wp-content\/uploads\/2023\/04\/Logo_base_line_fond_clair.svg","contentUrl":"https:\/\/www.sensorialsunsets.com\/wp-content\/uploads\/2023\/04\/Logo_base_line_fond_clair.svg","width":"1024","height":"1024","caption":"SensorialSunsets"},"image":{"@id":"https:\/\/www.sensorialsunsets.com\/fr\/#\/schema\/logo\/image\/"},"sameAs":["https:\/\/www.facebook.com\/Sensorial-Sunsets-109180614715562","https:\/\/www.instagram.com\/sensorialsunsets\/"]},{"@type":"Person","@id":"https:\/\/www.sensorialsunsets.com\/fr\/#\/schema\/person\/a8336a4dbeee633f087a194db2ca482f","name":"Marian Barrantes","image":{"@type":"ImageObject","inLanguage":"fr-FR","@id":"https:\/\/secure.gravatar.com\/avatar\/fafbfab67eb28029818d03f44e3037bd798e04434d8d5c0cfc2eea8ec2882a22?s=96&d=mm&r=g","url":"https:\/\/secure.gravatar.com\/avatar\/fafbfab67eb28029818d03f44e3037bd798e04434d8d5c0cfc2eea8ec2882a22?s=96&d=mm&r=g","contentUrl":"https:\/\/secure.gravatar.com\/avatar\/fafbfab67eb28029818d03f44e3037bd798e04434d8d5c0cfc2eea8ec2882a22?s=96&d=mm&r=g","caption":"Marian Barrantes"},"sameAs":["https:\/\/www.sensorialsunsets.com"],"url":"https:\/\/www.sensorialsunsets.com\/fr\/author\/mbarrantes\/"}]}},"_links":{"self":[{"href":"https:\/\/www.sensorialsunsets.com\/fr\/wp-json\/wp\/v2\/posts\/3731","targetHints":{"allow":["GET"]}}],"collection":[{"href":"https:\/\/www.sensorialsunsets.com\/fr\/wp-json\/wp\/v2\/posts"}],"about":[{"href":"https:\/\/www.sensorialsunsets.com\/fr\/wp-json\/wp\/v2\/types\/post"}],"author":[{"embeddable":true,"href":"https:\/\/www.sensorialsunsets.com\/fr\/wp-json\/wp\/v2\/users\/5"}],"replies":[{"embeddable":true,"href":"https:\/\/www.sensorialsunsets.com\/fr\/wp-json\/wp\/v2\/comments?post=3731"}],"version-history":[{"count":0,"href":"https:\/\/www.sensorialsunsets.com\/fr\/wp-json\/wp\/v2\/posts\/3731\/revisions"}],"wp:featuredmedia":[{"embeddable":true,"href":"https:\/\/www.sensorialsunsets.com\/fr\/wp-json\/wp\/v2\/media\/3722"}],"wp:attachment":[{"href":"https:\/\/www.sensorialsunsets.com\/fr\/wp-json\/wp\/v2\/media?parent=3731"}],"wp:term":[{"taxonomy":"category","embeddable":true,"href":"https:\/\/www.sensorialsunsets.com\/fr\/wp-json\/wp\/v2\/categories?post=3731"},{"taxonomy":"post_tag","embeddable":true,"href":"https:\/\/www.sensorialsunsets.com\/fr\/wp-json\/wp\/v2\/tags?post=3731"}],"curies":[{"name":"wp","href":"https:\/\/api.w.org\/{rel}","templated":true}]}}