{"id":3747,"date":"2022-09-26T17:26:43","date_gmt":"2022-09-26T17:26:43","guid":{"rendered":"https:\/\/www.sensorialsunsets.com\/laffaire-parmenio-medina-au-costa-rica\/"},"modified":"2022-09-26T17:26:43","modified_gmt":"2022-09-26T17:26:43","slug":"laffaire-parmenio-medina-au-costa-rica","status":"publish","type":"post","link":"https:\/\/www.sensorialsunsets.com\/fr\/laffaire-parmenio-medina-au-costa-rica\/","title":{"rendered":"L&rsquo;affaire Parmenio Medina au Costa Rica"},"content":{"rendered":"\n<p>Parmenio Medina \u00e9tait un journaliste renomm\u00e9 et directeur du programme \u00ab\u00a0La Patada\u00a0\u00bb au Costa Rica. Il \u00e9tait un journaliste d&rsquo;investigation qui, pendant plus de 30 ans, a \u00e9t\u00e9 r\u00e9compens\u00e9 par de nombreux prix.<\/p>\n\n<p>Il a \u00e9t\u00e9 abattu le 16 f\u00e9vrier 2018 au Costa Rica. Ce meurtre a choqu\u00e9 le pays et on ne sait toujours pas qui en est l&rsquo;auteur.<\/p>\n\n<h2 class=\"wp-block-heading\"><strong>L&rsquo;affaire<\/strong><\/h2>\n\n<p>Medina, d&rsquo;origine colombienne, est d\u00e9c\u00e9d\u00e9 le 7 juillet 2001 pr\u00e8s de son domicile apr\u00e8s avoir \u00e9t\u00e9 abattu par une voiture. Ceci apr\u00e8s qu&rsquo;il ait fait plusieurs d\u00e9nonciations dans son programme radio de satire sociale sur des actes de corruption dans une cha\u00eene religieuse.<\/p>\n\n<p>Parmenio Medina \u00e9tait un journaliste de radio, r\u00e9put\u00e9 pour ses reportages d&rsquo;investigation sur la corruption dans le pays.<\/p>\n\n<p>Cet homme aurait commenc\u00e9 son activit\u00e9 journalistique dans les ann\u00e9es 1940, lorsqu&rsquo;il a \u00e9t\u00e9 engag\u00e9 comme annonceur radio \u00e0 Radio Central. Son travail journalistique s&rsquo;est concentr\u00e9 sur la radio, notamment sur l&rsquo;investigation, o\u00f9 il a couvert des affaires de corruption et des scandales politiques.<\/p>\n\n<p>En 1956, il rejoint Radio Monumental et deux ans plus tard, il cr\u00e9e son propre programme intitul\u00e9 \u00ab\u00a0La hora de los investigadores\u00a0\u00bb. Il y est devenu c\u00e9l\u00e8bre pour avoir d\u00e9couvert des cas de corruption et des scandales politiques qui n&rsquo;\u00e9taient pas rapport\u00e9s par d&rsquo;autres journalistes. C&rsquo;est ainsi qu&rsquo;il est devenu l&rsquo;un des journalistes costariciens les plus respect\u00e9s de tous les temps.<\/p>\n\n<p>En revanche, au sein de son cercle social, il \u00e9tait catalogu\u00e9 comme un journaliste consciencieux, un journaliste d&rsquo;investigation, un journaliste d\u00e9nonciateur, tr\u00e8s critique sur les questions sociales. Ainsi, en approfondissant les questions, il \u00e9tait comme une unit\u00e9 d&rsquo;enqu\u00eate, o\u00f9 il faisait tout et \u00e9tait extr\u00eamement efficace. En d&rsquo;autres termes, c&rsquo;\u00e9tait un homme tr\u00e8s honn\u00eate et transparent, il aimait d\u00e9noncer les cas de corruption de toutes sortes, surtout lorsqu&rsquo;il s&rsquo;agissait de prot\u00e9ger les plus d\u00e9munis.<\/p>\n\n<figure class=\"wp-block-image size-full\"><img loading=\"lazy\" decoding=\"async\" width=\"1024\" height=\"600\" src=\"https:\/\/www.sensorialsunsets.com\/wp-content\/uploads\/2022\/09\/parmenio-sensorial-sunsets.png\" alt=\"parmenio-medina-sensorial-sunsets\" class=\"wp-image-3743\" srcset=\"https:\/\/www.sensorialsunsets.com\/wp-content\/uploads\/2022\/09\/parmenio-sensorial-sunsets.png 1024w, https:\/\/www.sensorialsunsets.com\/wp-content\/uploads\/2022\/09\/parmenio-sensorial-sunsets-300x176.png 300w, https:\/\/www.sensorialsunsets.com\/wp-content\/uploads\/2022\/09\/parmenio-sensorial-sunsets-768x450.png 768w\" sizes=\"auto, (max-width: 1024px) 100vw, 1024px\" \/><figcaption>Parmenio Media<\/figcaption><\/figure>\n\n<h2 class=\"wp-block-heading\"><strong>D\u00e9nonciations, sarcasmes et humour<\/strong><\/h2>\n\n<p>Son activit\u00e9 journalistique \u00e9tait centr\u00e9e sur la radio, notamment le journalisme d&rsquo;investigation et la d\u00e9nonciation. Pendant 28 ans, il a \u00e9t\u00e9 le directeur de l&rsquo;\u00e9mission \u00ab\u00a0La Patada\u00a0\u00bb, une \u00e9mission humoristique et critique.<\/p>\n\n<p>\u00c0 partir de 1998, \u00ab\u00a0La Patada\u00a0\u00bb, une \u00e9mission de Radio Monumental, passe de l&rsquo;humour \u00e0 un m\u00e9lange de d\u00e9nonciation et de sarcasme de haut niveau. L&rsquo;\u00e9quipe professionnelle qui l&rsquo;a produit s&rsquo;est appel\u00e9e \u00ab\u00a0El escuadr\u00f3n antichorizo\u00a0\u00bb, un terme utilis\u00e9 au Costa Rica comme synonyme d&rsquo;anti-corruption.<\/p>\n\n<p>L&rsquo;affaire r\u00e9v\u00e9l\u00e9e par Medina concerne le d\u00e9tournement de millions de dollars de fonds de la station de radio catholique Radio Maria, dirig\u00e9e par le pr\u00eatre de l&rsquo;\u00e9poque, Minor Calvo, et achet\u00e9e avec l&rsquo;aide de l&rsquo;homme d&rsquo;affaires Omar Chaves.<\/p>\n\n<p>En d&rsquo;autres termes, en raison de son travail, il a re\u00e7u des menaces de mort de la part de diff\u00e9rents groupes. Le 7 juillet 2001, alors qu&rsquo;il enqu\u00eatait sur le pr\u00eatre Minor Calvo, propri\u00e9taire d&rsquo;une station de radio appel\u00e9e Radio Mar\u00eda de Guadalupe, il a \u00e9t\u00e9 assassin\u00e9 \u00e0 San Miguel de Santo Domingo de Heredia, \u00e0 75 m\u00e8tres de son domicile, abattu de trois balles alors qu&rsquo;il conduisait une voiture. Car le cas le plus controvers\u00e9 trait\u00e9 par Medina \u00e9tait li\u00e9 \u00e0 la mauvaise gestion pr\u00e9sum\u00e9e des fonds au sein de cette station de radio, dirig\u00e9e par le pr\u00eatre Minor de Jes\u00fas Calvo, que l&rsquo;\u00c9glise catholique a ensuite d\u00e9mis de ses fonctions et sanctionn\u00e9 par le silence.<\/p>\n\n<p>Le profil possible du commanditaire du crime est bas\u00e9 sur des documents et des enregistrements qui ont \u00e9t\u00e9 confisqu\u00e9s au domicile de Medina. En fait, il a \u00e9t\u00e9 sugg\u00e9r\u00e9 qu&rsquo;il s&rsquo;agissait d&rsquo;une personne dont les affaires \u00e9taient affect\u00e9es par les plaintes formul\u00e9es par Medina dans son programme. Malgr\u00e9 cela, bien qu&rsquo;il existe des preuves liant le pr\u00eatre Minor Calvo aux mafias colombiennes et des indices s\u00e9rieux de sa participation ou de son incitation \u00e0 commettre le crime, les auteurs n&rsquo;ont toujours pas \u00e9t\u00e9 arr\u00eat\u00e9s.<\/p>\n\n<p>Si l&rsquo;auteur de l&rsquo;attentat est le ressortissant nicaraguayen Adalberto Reyes Ruiz, connu sous le nom de Luis Aguirre Jaime, il a travaill\u00e9 en collaboration avec deux autres hommes non identifi\u00e9s. En 2007, apr\u00e8s un proc\u00e8s de deux ans, un tribunal a condamn\u00e9 Ch\u00e1vez \u00e0 35 ans de prison pour le meurtre et a acquitt\u00e9 le pr\u00eatre Minor Calvo. Le p\u00e8re Minor Calvo, populaire pour son micro-programme t\u00e9l\u00e9vis\u00e9 \u00ab\u00a0Un encuentro con Cristo\u00a0\u00bb et pour \u00eatre le directeur de la station de radio catholique Radio Maria, avait d\u00e9j\u00e0 \u00e9t\u00e9 interrog\u00e9 pour des relations sexuelles pr\u00e9sum\u00e9es avec un mineur alors qu&rsquo;il se trouvait dans une voiture dans le parc de La Sabana \u00e0 San Jos\u00e9. Bien qu&rsquo;il n&rsquo;ait jamais \u00e9t\u00e9 reconnu coupable de ces actes, il a \u00e9t\u00e9 condamn\u00e9 \u00e0 la prison pour enrichissement illicite li\u00e9 \u00e0 l&rsquo;administration de Radio Maria. Il a \u00e9t\u00e9 condamn\u00e9 \u00e0 15 ans de prison pour fraude et a \u00e9t\u00e9 lib\u00e9r\u00e9 en 2009.<\/p>\n\n<p><strong>Auteur<\/strong> Zelda Walters pour Sensorial Sunsets<\/p>\n\n<h2 class=\"wp-block-heading\">Sources<\/h2>\n\n<figure class=\"wp-block-embed is-type-wp-embed is-provider-semanario-universidad wp-block-embed-semanario-universidad\"><div class=\"wp-block-embed__wrapper\">\r\n<blockquote class=\"wp-embedded-content\" data-secret=\"tyLozWlVOI\"><a href=\"https:\/\/historico.semanariouniversidad.com\/pais\/caso-parmenio-tras-el-autor-intelectual-del-asesinato\/\">Caso Parmenio: Tras el autor intelectual del asesinato<\/a><\/blockquote><iframe loading=\"lazy\" class=\"wp-embedded-content\" sandbox=\"allow-scripts\" security=\"restricted\" style=\"position: absolute; clip: rect(1px, 1px, 1px, 1px);\" title=\"\u00abCaso Parmenio: Tras el autor intelectual del asesinato\u00bb \u2014 Semanario Universidad\" src=\"https:\/\/historico.semanariouniversidad.com\/pais\/caso-parmenio-tras-el-autor-intelectual-del-asesinato\/embed\/#?secret=tyLozWlVOI\" data-secret=\"tyLozWlVOI\" width=\"600\" height=\"338\" frameborder=\"0\" marginwidth=\"0\" marginheight=\"0\" scrolling=\"no\"><\/iframe>\r\n<\/div><\/figure>\r\n\n<p><a href=\"https:\/\/web.archive.org\/web\/20050207083318\/http:\/\/libertad-prensa.org\/Guier.html\">https:\/\/web.archive.org\/web\/20050207083318\/http:\/\/libertad-prensa.org\/Guier.html<\/a><\/p>\n\n<p><a href=\"https:\/\/www.swissinfo.ch\/spa\/costa-rica-justicia_costa-rica-recuerda-al-periodista-parmenio-medina-tras-20-a%C3%B1os-de-su-crimen\/46768312\">https:\/\/www.swissinfo.ch\/spa\/costa-rica-justicia_costa-rica-recuerda-al-periodista-parmenio-medina-tras-20-a%C3%B1os-de-su-crimen\/46768312<\/a><\/p>\n","protected":false},"excerpt":{"rendered":"<p>Parmenio Medina \u00e9tait un journaliste renomm\u00e9 et directeur du programme \u00ab\u00a0La Patada\u00a0\u00bb au Costa Rica. Il \u00e9tait un journaliste d&rsquo;investigation qui, pendant plus de 30 ans, a \u00e9t\u00e9 r\u00e9compens\u00e9 par de nombreux prix. Il a \u00e9t\u00e9 abattu le 16 f\u00e9vrier 2018 au Costa Rica. Ce meurtre a choqu\u00e9 le pays et on ne sait toujours [&hellip;]<\/p>\n","protected":false},"author":5,"featured_media":3742,"comment_status":"closed","ping_status":"closed","sticky":false,"template":"","format":"standard","meta":{"_acf_changed":false,"inline_featured_image":false,"_monsterinsights_skip_tracking":false,"_monsterinsights_sitenote_active":false,"_monsterinsights_sitenote_note":"","_monsterinsights_sitenote_category":0,"footnotes":""},"categories":[100,120],"tags":[],"class_list":["post-3747","post","type-post","status-publish","format-standard","has-post-thumbnail","hentry","category-costa-rica-fr","category-histoire"],"acf":[],"yoast_head":"<!-- This site is optimized with the Yoast SEO plugin v27.4 - https:\/\/yoast.com\/product\/yoast-seo-wordpress\/ -->\n<title>L&#039;affaire Parmenio Medina au Costa Rica - SensorialSunsets<\/title>\n<meta name=\"description\" content=\"Le journaliste Parmenio Medina a \u00e9t\u00e9 abattu le 16 f\u00e9vrier 2018 au Costa Rica. Ce meurtre a choqu\u00e9 le pays.\" \/>\n<meta name=\"robots\" content=\"index, follow, max-snippet:-1, max-image-preview:large, max-video-preview:-1\" \/>\n<link rel=\"canonical\" href=\"https:\/\/www.sensorialsunsets.com\/fr\/laffaire-parmenio-medina-au-costa-rica\/\" \/>\n<meta property=\"og:locale\" content=\"fr_FR\" \/>\n<meta property=\"og:type\" content=\"article\" \/>\n<meta property=\"og:title\" content=\"L&#039;affaire Parmenio Medina au Costa Rica - SensorialSunsets\" \/>\n<meta property=\"og:description\" content=\"Le journaliste Parmenio Medina a \u00e9t\u00e9 abattu le 16 f\u00e9vrier 2018 au Costa Rica. Ce meurtre a choqu\u00e9 le pays.\" \/>\n<meta property=\"og:url\" content=\"https:\/\/www.sensorialsunsets.com\/fr\/laffaire-parmenio-medina-au-costa-rica\/\" \/>\n<meta property=\"og:site_name\" content=\"SensorialSunsets\" \/>\n<meta property=\"article:publisher\" content=\"https:\/\/www.facebook.com\/Sensorial-Sunsets-109180614715562\" \/>\n<meta property=\"article:published_time\" content=\"2022-09-26T17:26:43+00:00\" \/>\n<meta property=\"og:image\" content=\"https:\/\/www.sensorialsunsets.com\/wp-content\/uploads\/2022\/09\/Parmenio-sensorial-sunsets.jpeg\" \/>\n\t<meta property=\"og:image:width\" content=\"500\" \/>\n\t<meta property=\"og:image:height\" content=\"329\" \/>\n\t<meta property=\"og:image:type\" content=\"image\/jpeg\" \/>\n<meta name=\"author\" content=\"Marian Barrantes\" \/>\n<meta name=\"twitter:card\" content=\"summary_large_image\" \/>\n<meta name=\"twitter:label1\" content=\"\u00c9crit par\" \/>\n\t<meta name=\"twitter:data1\" content=\"Marian Barrantes\" \/>\n\t<meta name=\"twitter:label2\" content=\"Dur\u00e9e de lecture estim\u00e9e\" \/>\n\t<meta name=\"twitter:data2\" content=\"4 minutes\" \/>\n<script type=\"application\/ld+json\" class=\"yoast-schema-graph\">{\"@context\":\"https:\\\/\\\/schema.org\",\"@graph\":[{\"@type\":\"Article\",\"@id\":\"https:\\\/\\\/www.sensorialsunsets.com\\\/fr\\\/laffaire-parmenio-medina-au-costa-rica\\\/#article\",\"isPartOf\":{\"@id\":\"https:\\\/\\\/www.sensorialsunsets.com\\\/fr\\\/laffaire-parmenio-medina-au-costa-rica\\\/\"},\"author\":{\"name\":\"Marian Barrantes\",\"@id\":\"https:\\\/\\\/www.sensorialsunsets.com\\\/fr\\\/#\\\/schema\\\/person\\\/a8336a4dbeee633f087a194db2ca482f\"},\"headline\":\"L&rsquo;affaire Parmenio Medina au Costa Rica\",\"datePublished\":\"2022-09-26T17:26:43+00:00\",\"mainEntityOfPage\":{\"@id\":\"https:\\\/\\\/www.sensorialsunsets.com\\\/fr\\\/laffaire-parmenio-medina-au-costa-rica\\\/\"},\"wordCount\":912,\"publisher\":{\"@id\":\"https:\\\/\\\/www.sensorialsunsets.com\\\/fr\\\/#organization\"},\"image\":{\"@id\":\"https:\\\/\\\/www.sensorialsunsets.com\\\/fr\\\/laffaire-parmenio-medina-au-costa-rica\\\/#primaryimage\"},\"thumbnailUrl\":\"https:\\\/\\\/www.sensorialsunsets.com\\\/wp-content\\\/uploads\\\/2022\\\/09\\\/Parmenio-sensorial-sunsets.jpeg\",\"articleSection\":[\"Costa Rica\",\"Histoire\"],\"inLanguage\":\"fr-FR\"},{\"@type\":\"WebPage\",\"@id\":\"https:\\\/\\\/www.sensorialsunsets.com\\\/fr\\\/laffaire-parmenio-medina-au-costa-rica\\\/\",\"url\":\"https:\\\/\\\/www.sensorialsunsets.com\\\/fr\\\/laffaire-parmenio-medina-au-costa-rica\\\/\",\"name\":\"L'affaire Parmenio Medina au Costa Rica - SensorialSunsets\",\"isPartOf\":{\"@id\":\"https:\\\/\\\/www.sensorialsunsets.com\\\/fr\\\/#website\"},\"primaryImageOfPage\":{\"@id\":\"https:\\\/\\\/www.sensorialsunsets.com\\\/fr\\\/laffaire-parmenio-medina-au-costa-rica\\\/#primaryimage\"},\"image\":{\"@id\":\"https:\\\/\\\/www.sensorialsunsets.com\\\/fr\\\/laffaire-parmenio-medina-au-costa-rica\\\/#primaryimage\"},\"thumbnailUrl\":\"https:\\\/\\\/www.sensorialsunsets.com\\\/wp-content\\\/uploads\\\/2022\\\/09\\\/Parmenio-sensorial-sunsets.jpeg\",\"datePublished\":\"2022-09-26T17:26:43+00:00\",\"description\":\"Le journaliste Parmenio Medina a \u00e9t\u00e9 abattu le 16 f\u00e9vrier 2018 au Costa Rica. Ce meurtre a choqu\u00e9 le pays.\",\"inLanguage\":\"fr-FR\",\"potentialAction\":[{\"@type\":\"ReadAction\",\"target\":[\"https:\\\/\\\/www.sensorialsunsets.com\\\/fr\\\/laffaire-parmenio-medina-au-costa-rica\\\/\"]}]},{\"@type\":\"ImageObject\",\"inLanguage\":\"fr-FR\",\"@id\":\"https:\\\/\\\/www.sensorialsunsets.com\\\/fr\\\/laffaire-parmenio-medina-au-costa-rica\\\/#primaryimage\",\"url\":\"https:\\\/\\\/www.sensorialsunsets.com\\\/wp-content\\\/uploads\\\/2022\\\/09\\\/Parmenio-sensorial-sunsets.jpeg\",\"contentUrl\":\"https:\\\/\\\/www.sensorialsunsets.com\\\/wp-content\\\/uploads\\\/2022\\\/09\\\/Parmenio-sensorial-sunsets.jpeg\",\"width\":500,\"height\":329},{\"@type\":\"WebSite\",\"@id\":\"https:\\\/\\\/www.sensorialsunsets.com\\\/fr\\\/#website\",\"url\":\"https:\\\/\\\/www.sensorialsunsets.com\\\/fr\\\/\",\"name\":\"SensorialSunsets.com\",\"description\":\"D\u00e9couvrez la culture et la soci\u00e9t\u00e9 du Costa Rica sur notre blog. Explorez des articles captivants et partagez le contenu.\",\"publisher\":{\"@id\":\"https:\\\/\\\/www.sensorialsunsets.com\\\/fr\\\/#organization\"},\"alternateName\":\"Costa Rica Live Blog\",\"potentialAction\":[{\"@type\":\"SearchAction\",\"target\":{\"@type\":\"EntryPoint\",\"urlTemplate\":\"https:\\\/\\\/www.sensorialsunsets.com\\\/fr\\\/?s={search_term_string}\"},\"query-input\":{\"@type\":\"PropertyValueSpecification\",\"valueRequired\":true,\"valueName\":\"search_term_string\"}}],\"inLanguage\":\"fr-FR\"},{\"@type\":\"Organization\",\"@id\":\"https:\\\/\\\/www.sensorialsunsets.com\\\/fr\\\/#organization\",\"name\":\"SensorialSunsets\",\"url\":\"https:\\\/\\\/www.sensorialsunsets.com\\\/fr\\\/\",\"logo\":{\"@type\":\"ImageObject\",\"inLanguage\":\"fr-FR\",\"@id\":\"https:\\\/\\\/www.sensorialsunsets.com\\\/fr\\\/#\\\/schema\\\/logo\\\/image\\\/\",\"url\":\"https:\\\/\\\/www.sensorialsunsets.com\\\/wp-content\\\/uploads\\\/2023\\\/04\\\/Logo_base_line_fond_clair.svg\",\"contentUrl\":\"https:\\\/\\\/www.sensorialsunsets.com\\\/wp-content\\\/uploads\\\/2023\\\/04\\\/Logo_base_line_fond_clair.svg\",\"width\":\"1024\",\"height\":\"1024\",\"caption\":\"SensorialSunsets\"},\"image\":{\"@id\":\"https:\\\/\\\/www.sensorialsunsets.com\\\/fr\\\/#\\\/schema\\\/logo\\\/image\\\/\"},\"sameAs\":[\"https:\\\/\\\/www.facebook.com\\\/Sensorial-Sunsets-109180614715562\",\"https:\\\/\\\/www.instagram.com\\\/sensorialsunsets\\\/\"]},{\"@type\":\"Person\",\"@id\":\"https:\\\/\\\/www.sensorialsunsets.com\\\/fr\\\/#\\\/schema\\\/person\\\/a8336a4dbeee633f087a194db2ca482f\",\"name\":\"Marian Barrantes\",\"image\":{\"@type\":\"ImageObject\",\"inLanguage\":\"fr-FR\",\"@id\":\"https:\\\/\\\/secure.gravatar.com\\\/avatar\\\/fafbfab67eb28029818d03f44e3037bd798e04434d8d5c0cfc2eea8ec2882a22?s=96&d=mm&r=g\",\"url\":\"https:\\\/\\\/secure.gravatar.com\\\/avatar\\\/fafbfab67eb28029818d03f44e3037bd798e04434d8d5c0cfc2eea8ec2882a22?s=96&d=mm&r=g\",\"contentUrl\":\"https:\\\/\\\/secure.gravatar.com\\\/avatar\\\/fafbfab67eb28029818d03f44e3037bd798e04434d8d5c0cfc2eea8ec2882a22?s=96&d=mm&r=g\",\"caption\":\"Marian Barrantes\"},\"sameAs\":[\"https:\\\/\\\/www.sensorialsunsets.com\"],\"url\":\"https:\\\/\\\/www.sensorialsunsets.com\\\/fr\\\/author\\\/mbarrantes\\\/\"}]}<\/script>\n<!-- \/ Yoast SEO plugin. -->","yoast_head_json":{"title":"L'affaire Parmenio Medina au Costa Rica - SensorialSunsets","description":"Le journaliste Parmenio Medina a \u00e9t\u00e9 abattu le 16 f\u00e9vrier 2018 au Costa Rica. Ce meurtre a choqu\u00e9 le pays.","robots":{"index":"index","follow":"follow","max-snippet":"max-snippet:-1","max-image-preview":"max-image-preview:large","max-video-preview":"max-video-preview:-1"},"canonical":"https:\/\/www.sensorialsunsets.com\/fr\/laffaire-parmenio-medina-au-costa-rica\/","og_locale":"fr_FR","og_type":"article","og_title":"L'affaire Parmenio Medina au Costa Rica - SensorialSunsets","og_description":"Le journaliste Parmenio Medina a \u00e9t\u00e9 abattu le 16 f\u00e9vrier 2018 au Costa Rica. Ce meurtre a choqu\u00e9 le pays.","og_url":"https:\/\/www.sensorialsunsets.com\/fr\/laffaire-parmenio-medina-au-costa-rica\/","og_site_name":"SensorialSunsets","article_publisher":"https:\/\/www.facebook.com\/Sensorial-Sunsets-109180614715562","article_published_time":"2022-09-26T17:26:43+00:00","og_image":[{"width":500,"height":329,"url":"https:\/\/www.sensorialsunsets.com\/wp-content\/uploads\/2022\/09\/Parmenio-sensorial-sunsets.jpeg","type":"image\/jpeg"}],"author":"Marian Barrantes","twitter_card":"summary_large_image","twitter_misc":{"\u00c9crit par":"Marian Barrantes","Dur\u00e9e de lecture estim\u00e9e":"4 minutes"},"schema":{"@context":"https:\/\/schema.org","@graph":[{"@type":"Article","@id":"https:\/\/www.sensorialsunsets.com\/fr\/laffaire-parmenio-medina-au-costa-rica\/#article","isPartOf":{"@id":"https:\/\/www.sensorialsunsets.com\/fr\/laffaire-parmenio-medina-au-costa-rica\/"},"author":{"name":"Marian Barrantes","@id":"https:\/\/www.sensorialsunsets.com\/fr\/#\/schema\/person\/a8336a4dbeee633f087a194db2ca482f"},"headline":"L&rsquo;affaire Parmenio Medina au Costa Rica","datePublished":"2022-09-26T17:26:43+00:00","mainEntityOfPage":{"@id":"https:\/\/www.sensorialsunsets.com\/fr\/laffaire-parmenio-medina-au-costa-rica\/"},"wordCount":912,"publisher":{"@id":"https:\/\/www.sensorialsunsets.com\/fr\/#organization"},"image":{"@id":"https:\/\/www.sensorialsunsets.com\/fr\/laffaire-parmenio-medina-au-costa-rica\/#primaryimage"},"thumbnailUrl":"https:\/\/www.sensorialsunsets.com\/wp-content\/uploads\/2022\/09\/Parmenio-sensorial-sunsets.jpeg","articleSection":["Costa Rica","Histoire"],"inLanguage":"fr-FR"},{"@type":"WebPage","@id":"https:\/\/www.sensorialsunsets.com\/fr\/laffaire-parmenio-medina-au-costa-rica\/","url":"https:\/\/www.sensorialsunsets.com\/fr\/laffaire-parmenio-medina-au-costa-rica\/","name":"L'affaire Parmenio Medina au Costa Rica - SensorialSunsets","isPartOf":{"@id":"https:\/\/www.sensorialsunsets.com\/fr\/#website"},"primaryImageOfPage":{"@id":"https:\/\/www.sensorialsunsets.com\/fr\/laffaire-parmenio-medina-au-costa-rica\/#primaryimage"},"image":{"@id":"https:\/\/www.sensorialsunsets.com\/fr\/laffaire-parmenio-medina-au-costa-rica\/#primaryimage"},"thumbnailUrl":"https:\/\/www.sensorialsunsets.com\/wp-content\/uploads\/2022\/09\/Parmenio-sensorial-sunsets.jpeg","datePublished":"2022-09-26T17:26:43+00:00","description":"Le journaliste Parmenio Medina a \u00e9t\u00e9 abattu le 16 f\u00e9vrier 2018 au Costa Rica. Ce meurtre a choqu\u00e9 le pays.","inLanguage":"fr-FR","potentialAction":[{"@type":"ReadAction","target":["https:\/\/www.sensorialsunsets.com\/fr\/laffaire-parmenio-medina-au-costa-rica\/"]}]},{"@type":"ImageObject","inLanguage":"fr-FR","@id":"https:\/\/www.sensorialsunsets.com\/fr\/laffaire-parmenio-medina-au-costa-rica\/#primaryimage","url":"https:\/\/www.sensorialsunsets.com\/wp-content\/uploads\/2022\/09\/Parmenio-sensorial-sunsets.jpeg","contentUrl":"https:\/\/www.sensorialsunsets.com\/wp-content\/uploads\/2022\/09\/Parmenio-sensorial-sunsets.jpeg","width":500,"height":329},{"@type":"WebSite","@id":"https:\/\/www.sensorialsunsets.com\/fr\/#website","url":"https:\/\/www.sensorialsunsets.com\/fr\/","name":"SensorialSunsets.com","description":"D\u00e9couvrez la culture et la soci\u00e9t\u00e9 du Costa Rica sur notre blog. Explorez des articles captivants et partagez le contenu.","publisher":{"@id":"https:\/\/www.sensorialsunsets.com\/fr\/#organization"},"alternateName":"Costa Rica Live Blog","potentialAction":[{"@type":"SearchAction","target":{"@type":"EntryPoint","urlTemplate":"https:\/\/www.sensorialsunsets.com\/fr\/?s={search_term_string}"},"query-input":{"@type":"PropertyValueSpecification","valueRequired":true,"valueName":"search_term_string"}}],"inLanguage":"fr-FR"},{"@type":"Organization","@id":"https:\/\/www.sensorialsunsets.com\/fr\/#organization","name":"SensorialSunsets","url":"https:\/\/www.sensorialsunsets.com\/fr\/","logo":{"@type":"ImageObject","inLanguage":"fr-FR","@id":"https:\/\/www.sensorialsunsets.com\/fr\/#\/schema\/logo\/image\/","url":"https:\/\/www.sensorialsunsets.com\/wp-content\/uploads\/2023\/04\/Logo_base_line_fond_clair.svg","contentUrl":"https:\/\/www.sensorialsunsets.com\/wp-content\/uploads\/2023\/04\/Logo_base_line_fond_clair.svg","width":"1024","height":"1024","caption":"SensorialSunsets"},"image":{"@id":"https:\/\/www.sensorialsunsets.com\/fr\/#\/schema\/logo\/image\/"},"sameAs":["https:\/\/www.facebook.com\/Sensorial-Sunsets-109180614715562","https:\/\/www.instagram.com\/sensorialsunsets\/"]},{"@type":"Person","@id":"https:\/\/www.sensorialsunsets.com\/fr\/#\/schema\/person\/a8336a4dbeee633f087a194db2ca482f","name":"Marian Barrantes","image":{"@type":"ImageObject","inLanguage":"fr-FR","@id":"https:\/\/secure.gravatar.com\/avatar\/fafbfab67eb28029818d03f44e3037bd798e04434d8d5c0cfc2eea8ec2882a22?s=96&d=mm&r=g","url":"https:\/\/secure.gravatar.com\/avatar\/fafbfab67eb28029818d03f44e3037bd798e04434d8d5c0cfc2eea8ec2882a22?s=96&d=mm&r=g","contentUrl":"https:\/\/secure.gravatar.com\/avatar\/fafbfab67eb28029818d03f44e3037bd798e04434d8d5c0cfc2eea8ec2882a22?s=96&d=mm&r=g","caption":"Marian Barrantes"},"sameAs":["https:\/\/www.sensorialsunsets.com"],"url":"https:\/\/www.sensorialsunsets.com\/fr\/author\/mbarrantes\/"}]}},"_links":{"self":[{"href":"https:\/\/www.sensorialsunsets.com\/fr\/wp-json\/wp\/v2\/posts\/3747","targetHints":{"allow":["GET"]}}],"collection":[{"href":"https:\/\/www.sensorialsunsets.com\/fr\/wp-json\/wp\/v2\/posts"}],"about":[{"href":"https:\/\/www.sensorialsunsets.com\/fr\/wp-json\/wp\/v2\/types\/post"}],"author":[{"embeddable":true,"href":"https:\/\/www.sensorialsunsets.com\/fr\/wp-json\/wp\/v2\/users\/5"}],"replies":[{"embeddable":true,"href":"https:\/\/www.sensorialsunsets.com\/fr\/wp-json\/wp\/v2\/comments?post=3747"}],"version-history":[{"count":0,"href":"https:\/\/www.sensorialsunsets.com\/fr\/wp-json\/wp\/v2\/posts\/3747\/revisions"}],"wp:featuredmedia":[{"embeddable":true,"href":"https:\/\/www.sensorialsunsets.com\/fr\/wp-json\/wp\/v2\/media\/3742"}],"wp:attachment":[{"href":"https:\/\/www.sensorialsunsets.com\/fr\/wp-json\/wp\/v2\/media?parent=3747"}],"wp:term":[{"taxonomy":"category","embeddable":true,"href":"https:\/\/www.sensorialsunsets.com\/fr\/wp-json\/wp\/v2\/categories?post=3747"},{"taxonomy":"post_tag","embeddable":true,"href":"https:\/\/www.sensorialsunsets.com\/fr\/wp-json\/wp\/v2\/tags?post=3747"}],"curies":[{"name":"wp","href":"https:\/\/api.w.org\/{rel}","templated":true}]}}