{"id":3829,"date":"2022-09-28T15:29:46","date_gmt":"2022-09-28T15:29:46","guid":{"rendered":"https:\/\/www.sensorialsunsets.com\/figures-marquantes-eugenia-zamora\/"},"modified":"2022-09-28T15:29:46","modified_gmt":"2022-09-28T15:29:46","slug":"figures-marquantes-eugenia-zamora","status":"publish","type":"post","link":"https:\/\/www.sensorialsunsets.com\/fr\/figures-marquantes-eugenia-zamora\/","title":{"rendered":"Figures marquantes: Eugenia Zamora"},"content":{"rendered":"\n<p><strong>Figures marquantes : Eugenia Zamora, premi\u00e8re femme pr\u00e9sidente du Tribunal supr\u00eame \u00e9lectoral.<\/strong><\/p>\n\n<h2 class=\"wp-block-heading\">La carri\u00e8re d&rsquo;Eugenia Zamora<\/h2>\n\n<p>L&rsquo;actuelle pr\u00e9sidente du Tribunal supr\u00eame \u00e9lectoral (TSE), Eugenia Zamora, estime que sa vocation a commenc\u00e9 d\u00e8s son plus jeune \u00e2ge. Sa famille \u00e9tait fortement impliqu\u00e9e dans les processus \u00e9lectoraux, et ses parents ont \u00e9lev\u00e9 leurs quatre enfants de cette mani\u00e8re. \u00c0 l&rsquo;\u00e9cole, elle a \u00e9t\u00e9 \u00e9lue pr\u00e9sidente du gouvernement \u00e9tudiant en 1974. Plus tard, elle a \u00e9tudi\u00e9 le droit \u00e0 l&rsquo;universit\u00e9 du Costa Rica et a \u00e9t\u00e9 finaliste de la bourse Fullbright, o\u00f9 elle a \u00e9t\u00e9 s\u00e9lectionn\u00e9e parmi 60 candidats. Gr\u00e2ce \u00e0 cette bourse, elle a pu \u00e9tudier \u00e0 la prestigieuse universit\u00e9 de Harvard, o\u00f9 elle a travaill\u00e9 avec le doyen du d\u00e9partement international sur les droits politiques et civils dans les constitutions d&rsquo;Am\u00e9rique latine.<\/p>\n\n<p>&#13;\nL&rsquo;actuelle pr\u00e9sidente du Tribunal supr\u00eame \u00e9lectoral (TSE), Eugenia Zamora, estime que sa vocation a commenc\u00e9 d\u00e8s son plus jeune \u00e2ge. Sa famille \u00e9tait fortement impliqu\u00e9e dans les processus \u00e9lectoraux, et ses parents ont \u00e9lev\u00e9 leurs quatre enfants de cette mani\u00e8re. \u00c0 l&rsquo;\u00e9cole, elle a \u00e9t\u00e9 \u00e9lue pr\u00e9sidente du gouvernement \u00e9tudiant en 1974. Plus tard, elle a \u00e9tudi\u00e9 le droit \u00e0 l&rsquo;universit\u00e9 du Costa Rica et a \u00e9t\u00e9 finaliste de la bourse Fullbright, o\u00f9 elle a \u00e9t\u00e9 s\u00e9lectionn\u00e9e parmi 60 candidats. Gr\u00e2ce \u00e0 cette bourse, elle a pu \u00e9tudier \u00e0 la prestigieuse universit\u00e9 de Harvard, o\u00f9 elle a travaill\u00e9 avec le doyen du d\u00e9partement international sur les droits politiques et civils dans les constitutions d&rsquo;Am\u00e9rique latine.<\/p>\n\n<p>En 2005, elle s&rsquo;est pr\u00e9sent\u00e9e comme juge et a toujours travaill\u00e9 pour les droits de l&rsquo;homme.<\/p>\n\n<h2 class=\"wp-block-heading\">Quelle est la cl\u00e9 de son succ\u00e8s ?<\/h2>\n\n<p>Elle a \u00e9t\u00e9 \u00e9lue \u00e0 l&rsquo;unanimit\u00e9 par la Cour supr\u00eame de justice apr\u00e8s avoir \u00e9t\u00e9 vice-pr\u00e9sidente du TSE. Do\u00f1a Eugenia admet qu&rsquo;elle ne compte pas le nombre d&rsquo;heures qu&rsquo;elle consacre \u00e0 son travail, car c&rsquo;est une v\u00e9ritable passion, au d\u00e9triment du temps pass\u00e9 avec sa famille.<\/p>\n\n<p>Ses coll\u00e8gues ont pu constater l&rsquo;\u00e9tendue de sa carri\u00e8re, ses ann\u00e9es d&rsquo;exp\u00e9rience dans la fonction publique costaricienne et internationale. Elle aime lire, \u00e9tudier, travailler dur. Elle recherche toujours le consensus et est tr\u00e8s bon enfant et joyeuse, comme elle le dit.<\/p>\n\n<p>Prendre ses nouvelles fonctions de pr\u00e9sidente de l&rsquo;une des institutions publiques les plus reconnues et les plus importantes du Costa Rica, le Tribunal supr\u00eame \u00e9lectoral, \u00e9tait un d\u00e9fi consid\u00e9rable. En effet, son pr\u00e9d\u00e9cesseur ayant d\u00e9missionn\u00e9 en plein processus \u00e9lectoral pour les \u00e9lections nationales de 2022, Do\u00f1a Eugenia a d\u00fb non seulement prendre en charge le processus, mais aussi faire face \u00e0 l&rsquo;un des pics de la pand\u00e9mie de Covid 19.<\/p>\n\n<h2 class=\"wp-block-heading\">Le TSE et la parit\u00e9<\/h2>\n\n<p><\/p>\n\n<p>Le Tribunal supr\u00eame \u00e9lectoral existe depuis 73 ans et compte plus de 1 600 employ\u00e9s.<\/p>\n\n<p>Toutefois, en ce qui concerne l&rsquo;acc\u00e8s des femmes aux postes de pouvoir, l&rsquo;EST est l&rsquo;une des institutions les plus en retard.<\/p>\n\n<p>\u00ab\u00a0Il y a eu des femmes qui ont pr\u00e9sid\u00e9 le pouvoir ex\u00e9cutif (Laura Chinchilla, pr\u00e9sidente de la R\u00e9publique du Costa Rica) et l&rsquo;Assembl\u00e9e l\u00e9gislative (Estela Quesada en 1953, Rosemary Karpinsky en 1986 et actuellement il y a presque une parit\u00e9 parmi les d\u00e9put\u00e9s avec 47% de femmes). Dans le domaine judiciaire, la premi\u00e8re femme magistrat a \u00e9t\u00e9 Dorita Guzman de la troisi\u00e8me chambre de la Cour supr\u00eame de justice. Ensuite, au Tribunal supr\u00eame \u00e9lectoral, la premi\u00e8re femme magistrat a \u00e9t\u00e9 Maruja Chac\u00f3n \u00e0 la fin des ann\u00e9es 1980. Nous avons \u00e9galement eu une femme magistrat : Anabelle Le\u00f3n, parmi beaucoup d&rsquo;autres qui l&rsquo;ont suivie. Je suis entr\u00e9e en 2005 en tant que magistrat \u00e0 l&rsquo;\u00e2ge de 48 ans\u00a0\u00bb, explique Eugenia.<\/p>\n\n<h2 class=\"wp-block-heading\">Le travail d&rsquo;Eugenia Zamora en faveur d&rsquo;un terrain de jeu \u00e9gal pour les femmes<\/h2>\n\n<p>\u00ab\u00a0Plusieurs filles m&rsquo;ont reconnue dans la rue et je les ai entendu dire \u00ab\u00a0Maman, voil\u00e0 ma pr\u00e9sidente\u00a0\u00bb et j&rsquo;en suis tr\u00e8s fiere. Mon devoir est de rendre aux femmes le soutien extraordinaire qu&rsquo;elles m&rsquo;ont apport\u00e9\u00a0\u00bb, dit-elle.&#13;\n&#13;\n\u00a0\u00bb Au Tribunal, nous avons r\u00e9alis\u00e9 un diagnostic avec la Commission Parit\u00e9 sur la situation professionnelle des femmes : nous avons mis en place une politique d&rsquo;\u00e9galit\u00e9 des sexes pour les fonctionnaires f\u00e9minins et masculins depuis 2008. Nous avons mis en place une salle d&rsquo;allaitement pour les fonctionnaires et les utilisatrices, nous apportons un soutien aux femmes qui ont des enfants \u00e0 charge et ne peuvent pas travailler parce qu&rsquo;elles n&rsquo;ont personne \u00e0 qui confier leurs enfants, en particulier pour les fonctionnaires \u00e0 faible revenu.<\/p>\n\n<p><\/p>\n\n<h2 class=\"wp-block-heading\">Desaf\u00edos para el futuro<\/h2>\n\n<p><\/p>\n\n<p>D&rsquo;autre part, il est clair qu&rsquo;il y a encore beaucoup de travail \u00e0 faire \u00e0 un niveau plus global. Le machisme et la misogynie sont profond\u00e9ment enracin\u00e9s. Cette situation a \u00e9t\u00e9 \u00e9tudi\u00e9e par l&rsquo;Institut national de la femme (INAMU), qui publie tous les deux ans un rapport sur la situation des femmes. \u00ab\u00a0Nous suivons la politique nationale d&rsquo;\u00e9galit\u00e9 des sexes et nous avons \u00e9t\u00e9 r\u00e9compens\u00e9s pour cela\u00a0\u00bb, d\u00e9clare Eugenia Zamora.<\/p>\n\n<p>Les probl\u00e8mes sont multiples : les femmes consacrent beaucoup de temps \u00e0 la prisee en charge des enfants et des personnes \u00e2g\u00e9es ou des personnes handicap\u00e9es, des probl\u00e8mes \u00e9conomiques &#8211; notamment dans le secteur priv\u00e9 o\u00f9 les femmes gagnent des salaires inf\u00e9rieurs \u00e0 ceux des hommes pour le m\u00eame travail &#8211; et dans le secteur public, les femmes ont plus de mal \u00e0 faire carri\u00e8re dans l&rsquo;administration et \u00e0 acc\u00e9der aux postes de direction. Une autre question importante est la quantit\u00e9 de temps libre, qui est bien moindre pour les femmes que pour les hommes.<\/p>\n\n<p>La misogynie est un fl\u00e9au auquel nous devons nous attaquer, dit Eugenia. Elle travaille actuellement sur un projet visant \u00e0 mesurer le degr\u00e9 de discours haineux \u00e0 l&rsquo;\u00e9gard des femmes dans les comp\u00e9titions \u00e9lectorales. Les r\u00e9sultats sont alarmants : on constate une augmentation inqui\u00e9tante des discours haineux, des propos grossiers et des insultes violentes \u00e0 l&rsquo;encontre des femmes qui participent \u00e0 la vie \u00e9lectorale.\u00a0 C&rsquo;est un autre d\u00e9fi que Do\u00f1a Eugenia doit relever pour l&rsquo;avenir.<\/p>\n","protected":false},"excerpt":{"rendered":"<p>Figures marquantes : Eugenia Zamora, premi\u00e8re femme pr\u00e9sidente du Tribunal supr\u00eame \u00e9lectoral. La carri\u00e8re d&rsquo;Eugenia Zamora L&rsquo;actuelle pr\u00e9sidente du Tribunal supr\u00eame \u00e9lectoral (TSE), Eugenia Zamora, estime que sa vocation a commenc\u00e9 d\u00e8s son plus jeune \u00e2ge. Sa famille \u00e9tait fortement impliqu\u00e9e dans les processus \u00e9lectoraux, et ses parents ont \u00e9lev\u00e9 leurs quatre enfants de cette [&hellip;]<\/p>\n","protected":false},"author":5,"featured_media":3827,"comment_status":"closed","ping_status":"closed","sticky":false,"template":"","format":"standard","meta":{"_acf_changed":false,"inline_featured_image":false,"_monsterinsights_skip_tracking":false,"_monsterinsights_sitenote_active":false,"_monsterinsights_sitenote_note":"","_monsterinsights_sitenote_category":0,"footnotes":""},"categories":[100,119],"tags":[],"class_list":["post-3829","post","type-post","status-publish","format-standard","has-post-thumbnail","hentry","category-costa-rica-fr","category-figures-reconnues"],"acf":[],"yoast_head":"<!-- This site is optimized with the Yoast SEO plugin v27.4 - https:\/\/yoast.com\/product\/yoast-seo-wordpress\/ -->\n<title>Figures marquantes: Eugenia Zamora - SensorialSunsets<\/title>\n<meta name=\"description\" content=\"Eugenia Zamora est la premi\u00e8re femme \u00e0 occuper le prestigieux poste de pr\u00e9sidente du Tribunal supr\u00eame \u00e9lectoral.\" \/>\n<meta name=\"robots\" content=\"index, follow, max-snippet:-1, max-image-preview:large, max-video-preview:-1\" \/>\n<link rel=\"canonical\" href=\"https:\/\/www.sensorialsunsets.com\/fr\/figures-marquantes-eugenia-zamora\/\" \/>\n<meta property=\"og:locale\" content=\"fr_FR\" \/>\n<meta property=\"og:type\" content=\"article\" \/>\n<meta property=\"og:title\" content=\"Figures marquantes: Eugenia Zamora - SensorialSunsets\" \/>\n<meta property=\"og:description\" content=\"Eugenia Zamora est la premi\u00e8re femme \u00e0 occuper le prestigieux poste de pr\u00e9sidente du Tribunal supr\u00eame \u00e9lectoral.\" \/>\n<meta property=\"og:url\" content=\"https:\/\/www.sensorialsunsets.com\/fr\/figures-marquantes-eugenia-zamora\/\" \/>\n<meta property=\"og:site_name\" content=\"SensorialSunsets\" \/>\n<meta property=\"article:publisher\" content=\"https:\/\/www.facebook.com\/Sensorial-Sunsets-109180614715562\" \/>\n<meta property=\"article:published_time\" content=\"2022-09-28T15:29:46+00:00\" \/>\n<meta property=\"og:image\" content=\"https:\/\/www.sensorialsunsets.com\/wp-content\/uploads\/2022\/09\/eugenia_zamora_sensorial_sunsets.jpg\" \/>\n\t<meta property=\"og:image:width\" content=\"400\" \/>\n\t<meta property=\"og:image:height\" content=\"317\" \/>\n\t<meta property=\"og:image:type\" content=\"image\/jpeg\" \/>\n<meta name=\"author\" content=\"Marian Barrantes\" \/>\n<meta name=\"twitter:card\" content=\"summary_large_image\" \/>\n<meta name=\"twitter:label1\" content=\"\u00c9crit par\" \/>\n\t<meta name=\"twitter:data1\" content=\"Marian Barrantes\" \/>\n\t<meta name=\"twitter:label2\" content=\"Dur\u00e9e de lecture estim\u00e9e\" \/>\n\t<meta name=\"twitter:data2\" content=\"5 minutes\" \/>\n<script type=\"application\/ld+json\" class=\"yoast-schema-graph\">{\"@context\":\"https:\\\/\\\/schema.org\",\"@graph\":[{\"@type\":\"Article\",\"@id\":\"https:\\\/\\\/www.sensorialsunsets.com\\\/fr\\\/figures-marquantes-eugenia-zamora\\\/#article\",\"isPartOf\":{\"@id\":\"https:\\\/\\\/www.sensorialsunsets.com\\\/fr\\\/figures-marquantes-eugenia-zamora\\\/\"},\"author\":{\"name\":\"Marian Barrantes\",\"@id\":\"https:\\\/\\\/www.sensorialsunsets.com\\\/fr\\\/#\\\/schema\\\/person\\\/a8336a4dbeee633f087a194db2ca482f\"},\"headline\":\"Figures marquantes: Eugenia Zamora\",\"datePublished\":\"2022-09-28T15:29:46+00:00\",\"mainEntityOfPage\":{\"@id\":\"https:\\\/\\\/www.sensorialsunsets.com\\\/fr\\\/figures-marquantes-eugenia-zamora\\\/\"},\"wordCount\":1061,\"publisher\":{\"@id\":\"https:\\\/\\\/www.sensorialsunsets.com\\\/fr\\\/#organization\"},\"image\":{\"@id\":\"https:\\\/\\\/www.sensorialsunsets.com\\\/fr\\\/figures-marquantes-eugenia-zamora\\\/#primaryimage\"},\"thumbnailUrl\":\"https:\\\/\\\/www.sensorialsunsets.com\\\/wp-content\\\/uploads\\\/2022\\\/09\\\/eugenia_zamora_sensorial_sunsets.jpg\",\"articleSection\":[\"Costa Rica\",\"Figures reconnues\"],\"inLanguage\":\"fr-FR\"},{\"@type\":\"WebPage\",\"@id\":\"https:\\\/\\\/www.sensorialsunsets.com\\\/fr\\\/figures-marquantes-eugenia-zamora\\\/\",\"url\":\"https:\\\/\\\/www.sensorialsunsets.com\\\/fr\\\/figures-marquantes-eugenia-zamora\\\/\",\"name\":\"Figures marquantes: Eugenia Zamora - SensorialSunsets\",\"isPartOf\":{\"@id\":\"https:\\\/\\\/www.sensorialsunsets.com\\\/fr\\\/#website\"},\"primaryImageOfPage\":{\"@id\":\"https:\\\/\\\/www.sensorialsunsets.com\\\/fr\\\/figures-marquantes-eugenia-zamora\\\/#primaryimage\"},\"image\":{\"@id\":\"https:\\\/\\\/www.sensorialsunsets.com\\\/fr\\\/figures-marquantes-eugenia-zamora\\\/#primaryimage\"},\"thumbnailUrl\":\"https:\\\/\\\/www.sensorialsunsets.com\\\/wp-content\\\/uploads\\\/2022\\\/09\\\/eugenia_zamora_sensorial_sunsets.jpg\",\"datePublished\":\"2022-09-28T15:29:46+00:00\",\"description\":\"Eugenia Zamora est la premi\u00e8re femme \u00e0 occuper le prestigieux poste de pr\u00e9sidente du Tribunal supr\u00eame \u00e9lectoral.\",\"inLanguage\":\"fr-FR\",\"potentialAction\":[{\"@type\":\"ReadAction\",\"target\":[\"https:\\\/\\\/www.sensorialsunsets.com\\\/fr\\\/figures-marquantes-eugenia-zamora\\\/\"]}]},{\"@type\":\"ImageObject\",\"inLanguage\":\"fr-FR\",\"@id\":\"https:\\\/\\\/www.sensorialsunsets.com\\\/fr\\\/figures-marquantes-eugenia-zamora\\\/#primaryimage\",\"url\":\"https:\\\/\\\/www.sensorialsunsets.com\\\/wp-content\\\/uploads\\\/2022\\\/09\\\/eugenia_zamora_sensorial_sunsets.jpg\",\"contentUrl\":\"https:\\\/\\\/www.sensorialsunsets.com\\\/wp-content\\\/uploads\\\/2022\\\/09\\\/eugenia_zamora_sensorial_sunsets.jpg\",\"width\":400,\"height\":317},{\"@type\":\"WebSite\",\"@id\":\"https:\\\/\\\/www.sensorialsunsets.com\\\/fr\\\/#website\",\"url\":\"https:\\\/\\\/www.sensorialsunsets.com\\\/fr\\\/\",\"name\":\"SensorialSunsets.com\",\"description\":\"D\u00e9couvrez la culture et la soci\u00e9t\u00e9 du Costa Rica sur notre blog. Explorez des articles captivants et partagez le contenu.\",\"publisher\":{\"@id\":\"https:\\\/\\\/www.sensorialsunsets.com\\\/fr\\\/#organization\"},\"alternateName\":\"Costa Rica Live Blog\",\"potentialAction\":[{\"@type\":\"SearchAction\",\"target\":{\"@type\":\"EntryPoint\",\"urlTemplate\":\"https:\\\/\\\/www.sensorialsunsets.com\\\/fr\\\/?s={search_term_string}\"},\"query-input\":{\"@type\":\"PropertyValueSpecification\",\"valueRequired\":true,\"valueName\":\"search_term_string\"}}],\"inLanguage\":\"fr-FR\"},{\"@type\":\"Organization\",\"@id\":\"https:\\\/\\\/www.sensorialsunsets.com\\\/fr\\\/#organization\",\"name\":\"SensorialSunsets\",\"url\":\"https:\\\/\\\/www.sensorialsunsets.com\\\/fr\\\/\",\"logo\":{\"@type\":\"ImageObject\",\"inLanguage\":\"fr-FR\",\"@id\":\"https:\\\/\\\/www.sensorialsunsets.com\\\/fr\\\/#\\\/schema\\\/logo\\\/image\\\/\",\"url\":\"https:\\\/\\\/www.sensorialsunsets.com\\\/wp-content\\\/uploads\\\/2023\\\/04\\\/Logo_base_line_fond_clair.svg\",\"contentUrl\":\"https:\\\/\\\/www.sensorialsunsets.com\\\/wp-content\\\/uploads\\\/2023\\\/04\\\/Logo_base_line_fond_clair.svg\",\"width\":\"1024\",\"height\":\"1024\",\"caption\":\"SensorialSunsets\"},\"image\":{\"@id\":\"https:\\\/\\\/www.sensorialsunsets.com\\\/fr\\\/#\\\/schema\\\/logo\\\/image\\\/\"},\"sameAs\":[\"https:\\\/\\\/www.facebook.com\\\/Sensorial-Sunsets-109180614715562\",\"https:\\\/\\\/www.instagram.com\\\/sensorialsunsets\\\/\"]},{\"@type\":\"Person\",\"@id\":\"https:\\\/\\\/www.sensorialsunsets.com\\\/fr\\\/#\\\/schema\\\/person\\\/a8336a4dbeee633f087a194db2ca482f\",\"name\":\"Marian Barrantes\",\"image\":{\"@type\":\"ImageObject\",\"inLanguage\":\"fr-FR\",\"@id\":\"https:\\\/\\\/secure.gravatar.com\\\/avatar\\\/fafbfab67eb28029818d03f44e3037bd798e04434d8d5c0cfc2eea8ec2882a22?s=96&d=mm&r=g\",\"url\":\"https:\\\/\\\/secure.gravatar.com\\\/avatar\\\/fafbfab67eb28029818d03f44e3037bd798e04434d8d5c0cfc2eea8ec2882a22?s=96&d=mm&r=g\",\"contentUrl\":\"https:\\\/\\\/secure.gravatar.com\\\/avatar\\\/fafbfab67eb28029818d03f44e3037bd798e04434d8d5c0cfc2eea8ec2882a22?s=96&d=mm&r=g\",\"caption\":\"Marian Barrantes\"},\"sameAs\":[\"https:\\\/\\\/www.sensorialsunsets.com\"],\"url\":\"https:\\\/\\\/www.sensorialsunsets.com\\\/fr\\\/author\\\/mbarrantes\\\/\"}]}<\/script>\n<!-- \/ Yoast SEO plugin. -->","yoast_head_json":{"title":"Figures marquantes: Eugenia Zamora - SensorialSunsets","description":"Eugenia Zamora est la premi\u00e8re femme \u00e0 occuper le prestigieux poste de pr\u00e9sidente du Tribunal supr\u00eame \u00e9lectoral.","robots":{"index":"index","follow":"follow","max-snippet":"max-snippet:-1","max-image-preview":"max-image-preview:large","max-video-preview":"max-video-preview:-1"},"canonical":"https:\/\/www.sensorialsunsets.com\/fr\/figures-marquantes-eugenia-zamora\/","og_locale":"fr_FR","og_type":"article","og_title":"Figures marquantes: Eugenia Zamora - SensorialSunsets","og_description":"Eugenia Zamora est la premi\u00e8re femme \u00e0 occuper le prestigieux poste de pr\u00e9sidente du Tribunal supr\u00eame \u00e9lectoral.","og_url":"https:\/\/www.sensorialsunsets.com\/fr\/figures-marquantes-eugenia-zamora\/","og_site_name":"SensorialSunsets","article_publisher":"https:\/\/www.facebook.com\/Sensorial-Sunsets-109180614715562","article_published_time":"2022-09-28T15:29:46+00:00","og_image":[{"width":400,"height":317,"url":"https:\/\/www.sensorialsunsets.com\/wp-content\/uploads\/2022\/09\/eugenia_zamora_sensorial_sunsets.jpg","type":"image\/jpeg"}],"author":"Marian Barrantes","twitter_card":"summary_large_image","twitter_misc":{"\u00c9crit par":"Marian Barrantes","Dur\u00e9e de lecture estim\u00e9e":"5 minutes"},"schema":{"@context":"https:\/\/schema.org","@graph":[{"@type":"Article","@id":"https:\/\/www.sensorialsunsets.com\/fr\/figures-marquantes-eugenia-zamora\/#article","isPartOf":{"@id":"https:\/\/www.sensorialsunsets.com\/fr\/figures-marquantes-eugenia-zamora\/"},"author":{"name":"Marian Barrantes","@id":"https:\/\/www.sensorialsunsets.com\/fr\/#\/schema\/person\/a8336a4dbeee633f087a194db2ca482f"},"headline":"Figures marquantes: Eugenia Zamora","datePublished":"2022-09-28T15:29:46+00:00","mainEntityOfPage":{"@id":"https:\/\/www.sensorialsunsets.com\/fr\/figures-marquantes-eugenia-zamora\/"},"wordCount":1061,"publisher":{"@id":"https:\/\/www.sensorialsunsets.com\/fr\/#organization"},"image":{"@id":"https:\/\/www.sensorialsunsets.com\/fr\/figures-marquantes-eugenia-zamora\/#primaryimage"},"thumbnailUrl":"https:\/\/www.sensorialsunsets.com\/wp-content\/uploads\/2022\/09\/eugenia_zamora_sensorial_sunsets.jpg","articleSection":["Costa Rica","Figures reconnues"],"inLanguage":"fr-FR"},{"@type":"WebPage","@id":"https:\/\/www.sensorialsunsets.com\/fr\/figures-marquantes-eugenia-zamora\/","url":"https:\/\/www.sensorialsunsets.com\/fr\/figures-marquantes-eugenia-zamora\/","name":"Figures marquantes: Eugenia Zamora - SensorialSunsets","isPartOf":{"@id":"https:\/\/www.sensorialsunsets.com\/fr\/#website"},"primaryImageOfPage":{"@id":"https:\/\/www.sensorialsunsets.com\/fr\/figures-marquantes-eugenia-zamora\/#primaryimage"},"image":{"@id":"https:\/\/www.sensorialsunsets.com\/fr\/figures-marquantes-eugenia-zamora\/#primaryimage"},"thumbnailUrl":"https:\/\/www.sensorialsunsets.com\/wp-content\/uploads\/2022\/09\/eugenia_zamora_sensorial_sunsets.jpg","datePublished":"2022-09-28T15:29:46+00:00","description":"Eugenia Zamora est la premi\u00e8re femme \u00e0 occuper le prestigieux poste de pr\u00e9sidente du Tribunal supr\u00eame \u00e9lectoral.","inLanguage":"fr-FR","potentialAction":[{"@type":"ReadAction","target":["https:\/\/www.sensorialsunsets.com\/fr\/figures-marquantes-eugenia-zamora\/"]}]},{"@type":"ImageObject","inLanguage":"fr-FR","@id":"https:\/\/www.sensorialsunsets.com\/fr\/figures-marquantes-eugenia-zamora\/#primaryimage","url":"https:\/\/www.sensorialsunsets.com\/wp-content\/uploads\/2022\/09\/eugenia_zamora_sensorial_sunsets.jpg","contentUrl":"https:\/\/www.sensorialsunsets.com\/wp-content\/uploads\/2022\/09\/eugenia_zamora_sensorial_sunsets.jpg","width":400,"height":317},{"@type":"WebSite","@id":"https:\/\/www.sensorialsunsets.com\/fr\/#website","url":"https:\/\/www.sensorialsunsets.com\/fr\/","name":"SensorialSunsets.com","description":"D\u00e9couvrez la culture et la soci\u00e9t\u00e9 du Costa Rica sur notre blog. Explorez des articles captivants et partagez le contenu.","publisher":{"@id":"https:\/\/www.sensorialsunsets.com\/fr\/#organization"},"alternateName":"Costa Rica Live Blog","potentialAction":[{"@type":"SearchAction","target":{"@type":"EntryPoint","urlTemplate":"https:\/\/www.sensorialsunsets.com\/fr\/?s={search_term_string}"},"query-input":{"@type":"PropertyValueSpecification","valueRequired":true,"valueName":"search_term_string"}}],"inLanguage":"fr-FR"},{"@type":"Organization","@id":"https:\/\/www.sensorialsunsets.com\/fr\/#organization","name":"SensorialSunsets","url":"https:\/\/www.sensorialsunsets.com\/fr\/","logo":{"@type":"ImageObject","inLanguage":"fr-FR","@id":"https:\/\/www.sensorialsunsets.com\/fr\/#\/schema\/logo\/image\/","url":"https:\/\/www.sensorialsunsets.com\/wp-content\/uploads\/2023\/04\/Logo_base_line_fond_clair.svg","contentUrl":"https:\/\/www.sensorialsunsets.com\/wp-content\/uploads\/2023\/04\/Logo_base_line_fond_clair.svg","width":"1024","height":"1024","caption":"SensorialSunsets"},"image":{"@id":"https:\/\/www.sensorialsunsets.com\/fr\/#\/schema\/logo\/image\/"},"sameAs":["https:\/\/www.facebook.com\/Sensorial-Sunsets-109180614715562","https:\/\/www.instagram.com\/sensorialsunsets\/"]},{"@type":"Person","@id":"https:\/\/www.sensorialsunsets.com\/fr\/#\/schema\/person\/a8336a4dbeee633f087a194db2ca482f","name":"Marian Barrantes","image":{"@type":"ImageObject","inLanguage":"fr-FR","@id":"https:\/\/secure.gravatar.com\/avatar\/fafbfab67eb28029818d03f44e3037bd798e04434d8d5c0cfc2eea8ec2882a22?s=96&d=mm&r=g","url":"https:\/\/secure.gravatar.com\/avatar\/fafbfab67eb28029818d03f44e3037bd798e04434d8d5c0cfc2eea8ec2882a22?s=96&d=mm&r=g","contentUrl":"https:\/\/secure.gravatar.com\/avatar\/fafbfab67eb28029818d03f44e3037bd798e04434d8d5c0cfc2eea8ec2882a22?s=96&d=mm&r=g","caption":"Marian Barrantes"},"sameAs":["https:\/\/www.sensorialsunsets.com"],"url":"https:\/\/www.sensorialsunsets.com\/fr\/author\/mbarrantes\/"}]}},"_links":{"self":[{"href":"https:\/\/www.sensorialsunsets.com\/fr\/wp-json\/wp\/v2\/posts\/3829","targetHints":{"allow":["GET"]}}],"collection":[{"href":"https:\/\/www.sensorialsunsets.com\/fr\/wp-json\/wp\/v2\/posts"}],"about":[{"href":"https:\/\/www.sensorialsunsets.com\/fr\/wp-json\/wp\/v2\/types\/post"}],"author":[{"embeddable":true,"href":"https:\/\/www.sensorialsunsets.com\/fr\/wp-json\/wp\/v2\/users\/5"}],"replies":[{"embeddable":true,"href":"https:\/\/www.sensorialsunsets.com\/fr\/wp-json\/wp\/v2\/comments?post=3829"}],"version-history":[{"count":0,"href":"https:\/\/www.sensorialsunsets.com\/fr\/wp-json\/wp\/v2\/posts\/3829\/revisions"}],"wp:featuredmedia":[{"embeddable":true,"href":"https:\/\/www.sensorialsunsets.com\/fr\/wp-json\/wp\/v2\/media\/3827"}],"wp:attachment":[{"href":"https:\/\/www.sensorialsunsets.com\/fr\/wp-json\/wp\/v2\/media?parent=3829"}],"wp:term":[{"taxonomy":"category","embeddable":true,"href":"https:\/\/www.sensorialsunsets.com\/fr\/wp-json\/wp\/v2\/categories?post=3829"},{"taxonomy":"post_tag","embeddable":true,"href":"https:\/\/www.sensorialsunsets.com\/fr\/wp-json\/wp\/v2\/tags?post=3829"}],"curies":[{"name":"wp","href":"https:\/\/api.w.org\/{rel}","templated":true}]}}