{"id":3836,"date":"2022-09-28T17:32:27","date_gmt":"2022-09-28T17:32:27","guid":{"rendered":"https:\/\/www.sensorialsunsets.com\/la-lagune-de-barva-et-ses-legendes\/"},"modified":"2022-09-28T17:32:27","modified_gmt":"2022-09-28T17:32:27","slug":"la-lagune-de-barva-et-ses-legendes","status":"publish","type":"post","link":"https:\/\/www.sensorialsunsets.com\/fr\/la-lagune-de-barva-et-ses-legendes\/","title":{"rendered":"La lagune de Barva et ses l\u00e9gendes"},"content":{"rendered":"\n<p>Le volcan Barva est situ\u00e9 dans la province de Heredia et est le troisi\u00e8me plus haut volcan du Costa Rica apr\u00e8s les volcans Irazu et Turrialba.\u00a0<\/p>\n\n<p>Ne vous inqui\u00e9tez pas, le volcan Barva est consid\u00e9r\u00e9 comme \u00ab\u00a0dormant\u00a0\u00bb et c&rsquo;est pourquoi vous pouvez vous approcher de son magnifique lagon vert. Si vous avez de la chance, vous pourrez voir cet endroit couvert de brume, ce qui rend le paysage myst\u00e9rieux et tr\u00e8s paisible.\u00a0<\/p>\n\n<p>\u00c0 l&rsquo;\u00e9poque pr\u00e9colombienne, cette r\u00e9gion \u00e9tait habit\u00e9e par le royaume Huetar de Occidente, dirig\u00e9 par le roi Garabito. En raison de la longue et int\u00e9ressante histoire du volcan Barva, il existe de nombreuses l\u00e9gendes et contes sur cet endroit.\u00a0<\/p>\n\n<p>L&rsquo;une de ces l\u00e9gendes est celle de la lagune de Barva, qui raconte que le peuple azt\u00e8que des Calpixquis est arriv\u00e9 dans la vall\u00e9e d&rsquo;Abra (ce qui serait aujourd&rsquo;hui la vall\u00e9e centrale occidentale) avec un arbre matasano et l&rsquo;image d&rsquo;un serpent. Ils voulaient laisser ces offrandes dans le village de Huetar, mais lorsqu&rsquo;ils ont laiss\u00e9 le serpent sur le sol, beaucoup d&rsquo;eau s&rsquo;est mise \u00e0 couler. Les Huetars leur ont demand\u00e9 de laisser l&rsquo;arbre tranquille et de prendre le serpent avec eux. Les Calpixquis l&rsquo;ont donc d\u00e9pos\u00e9 au sommet du volcan Barva. C&rsquo;est ainsi qu&rsquo;est n\u00e9e la lagune du volcan.\u00a0<\/p>\n\n<p>Faites une promenade autour du volcan Barva et impr\u00e9gnez-vous de l&rsquo;histoire du Costa Rica et de ses for\u00eats tropicales.\u00a0<\/p>\n\n<p><strong>Auteure<\/strong> : M\u00f3nica Gallardo pour Sensorial Sunsets<\/p>\n\n<p><strong>Source:<\/strong> Wikipedia<\/p>\n","protected":false},"excerpt":{"rendered":"<p>Le volcan Barva est situ\u00e9 dans la province de Heredia et est le troisi\u00e8me plus haut volcan du Costa Rica apr\u00e8s les volcans Irazu et Turrialba.\u00a0 Ne vous inqui\u00e9tez pas, le volcan Barva est consid\u00e9r\u00e9 comme \u00ab\u00a0dormant\u00a0\u00bb et c&rsquo;est pourquoi vous pouvez vous approcher de son magnifique lagon vert. Si vous avez de la chance, [&hellip;]<\/p>\n","protected":false},"author":4,"featured_media":3816,"comment_status":"closed","ping_status":"closed","sticky":false,"template":"","format":"standard","meta":{"_acf_changed":false,"inline_featured_image":false,"_monsterinsights_skip_tracking":false,"_monsterinsights_sitenote_active":false,"_monsterinsights_sitenote_note":"","_monsterinsights_sitenote_category":0,"footnotes":""},"categories":[113,168],"tags":[],"class_list":["post-3836","post","type-post","status-publish","format-standard","has-post-thumbnail","hentry","category-tourisme-fr","category-actualites"],"acf":[],"yoast_head":"<!-- This site is optimized with the Yoast SEO plugin v27.4 - https:\/\/yoast.com\/product\/yoast-seo-wordpress\/ -->\n<title>La lagune de Barva et ses l\u00e9gendes - SensorialSunsets<\/title>\n<meta name=\"description\" content=\"Cliquez ici pour d\u00e9couvrir l&#039;un des volcans les plus embl\u00e9matiques du Costa Rica et ses l\u00e9gendes pr\u00e9colombiennes charg\u00e9es d&#039;histoire.\" \/>\n<meta name=\"robots\" content=\"index, follow, max-snippet:-1, max-image-preview:large, max-video-preview:-1\" \/>\n<link rel=\"canonical\" href=\"https:\/\/www.sensorialsunsets.com\/fr\/la-lagune-de-barva-et-ses-legendes\/\" \/>\n<meta property=\"og:locale\" content=\"fr_FR\" \/>\n<meta property=\"og:type\" content=\"article\" \/>\n<meta property=\"og:title\" content=\"La lagune de Barva et ses l\u00e9gendes - SensorialSunsets\" \/>\n<meta property=\"og:description\" content=\"Cliquez ici pour d\u00e9couvrir l&#039;un des volcans les plus embl\u00e9matiques du Costa Rica et ses l\u00e9gendes pr\u00e9colombiennes charg\u00e9es d&#039;histoire.\" \/>\n<meta property=\"og:url\" content=\"https:\/\/www.sensorialsunsets.com\/fr\/la-lagune-de-barva-et-ses-legendes\/\" \/>\n<meta property=\"og:site_name\" content=\"SensorialSunsets\" \/>\n<meta property=\"article:publisher\" content=\"https:\/\/www.facebook.com\/Sensorial-Sunsets-109180614715562\" \/>\n<meta property=\"article:published_time\" content=\"2022-09-28T17:32:27+00:00\" \/>\n<meta property=\"og:image\" content=\"https:\/\/www.sensorialsunsets.com\/wp-content\/uploads\/2022\/09\/Volcan_Barva_Costa_Rica-1024x768.jpg\" \/>\n\t<meta property=\"og:image:width\" content=\"1024\" \/>\n\t<meta property=\"og:image:height\" content=\"768\" \/>\n\t<meta property=\"og:image:type\" content=\"image\/jpeg\" \/>\n<meta name=\"author\" content=\"Sensorial Sunsets\" \/>\n<meta name=\"twitter:card\" content=\"summary_large_image\" \/>\n<meta name=\"twitter:label1\" content=\"\u00c9crit par\" \/>\n\t<meta name=\"twitter:data1\" content=\"Sensorial Sunsets\" \/>\n\t<meta name=\"twitter:label2\" content=\"Dur\u00e9e de lecture estim\u00e9e\" \/>\n\t<meta name=\"twitter:data2\" content=\"1 minute\" \/>\n<script type=\"application\/ld+json\" class=\"yoast-schema-graph\">{\"@context\":\"https:\\\/\\\/schema.org\",\"@graph\":[{\"@type\":\"Article\",\"@id\":\"https:\\\/\\\/www.sensorialsunsets.com\\\/fr\\\/la-lagune-de-barva-et-ses-legendes\\\/#article\",\"isPartOf\":{\"@id\":\"https:\\\/\\\/www.sensorialsunsets.com\\\/fr\\\/la-lagune-de-barva-et-ses-legendes\\\/\"},\"author\":{\"name\":\"Sensorial Sunsets\",\"@id\":\"https:\\\/\\\/www.sensorialsunsets.com\\\/fr\\\/#\\\/schema\\\/person\\\/77e2fa594135aa94024c47e281d8a94d\"},\"headline\":\"La lagune de Barva et ses l\u00e9gendes\",\"datePublished\":\"2022-09-28T17:32:27+00:00\",\"mainEntityOfPage\":{\"@id\":\"https:\\\/\\\/www.sensorialsunsets.com\\\/fr\\\/la-lagune-de-barva-et-ses-legendes\\\/\"},\"wordCount\":279,\"publisher\":{\"@id\":\"https:\\\/\\\/www.sensorialsunsets.com\\\/fr\\\/#organization\"},\"image\":{\"@id\":\"https:\\\/\\\/www.sensorialsunsets.com\\\/fr\\\/la-lagune-de-barva-et-ses-legendes\\\/#primaryimage\"},\"thumbnailUrl\":\"https:\\\/\\\/www.sensorialsunsets.com\\\/wp-content\\\/uploads\\\/2022\\\/09\\\/Volcan_Barva_Costa_Rica.jpg\",\"articleSection\":[\"Tourisme\",\"Vivez le Costa Rica\"],\"inLanguage\":\"fr-FR\"},{\"@type\":\"WebPage\",\"@id\":\"https:\\\/\\\/www.sensorialsunsets.com\\\/fr\\\/la-lagune-de-barva-et-ses-legendes\\\/\",\"url\":\"https:\\\/\\\/www.sensorialsunsets.com\\\/fr\\\/la-lagune-de-barva-et-ses-legendes\\\/\",\"name\":\"La lagune de Barva et ses l\u00e9gendes - SensorialSunsets\",\"isPartOf\":{\"@id\":\"https:\\\/\\\/www.sensorialsunsets.com\\\/fr\\\/#website\"},\"primaryImageOfPage\":{\"@id\":\"https:\\\/\\\/www.sensorialsunsets.com\\\/fr\\\/la-lagune-de-barva-et-ses-legendes\\\/#primaryimage\"},\"image\":{\"@id\":\"https:\\\/\\\/www.sensorialsunsets.com\\\/fr\\\/la-lagune-de-barva-et-ses-legendes\\\/#primaryimage\"},\"thumbnailUrl\":\"https:\\\/\\\/www.sensorialsunsets.com\\\/wp-content\\\/uploads\\\/2022\\\/09\\\/Volcan_Barva_Costa_Rica.jpg\",\"datePublished\":\"2022-09-28T17:32:27+00:00\",\"description\":\"Cliquez ici pour d\u00e9couvrir l'un des volcans les plus embl\u00e9matiques du Costa Rica et ses l\u00e9gendes pr\u00e9colombiennes charg\u00e9es d'histoire.\",\"inLanguage\":\"fr-FR\",\"potentialAction\":[{\"@type\":\"ReadAction\",\"target\":[\"https:\\\/\\\/www.sensorialsunsets.com\\\/fr\\\/la-lagune-de-barva-et-ses-legendes\\\/\"]}]},{\"@type\":\"ImageObject\",\"inLanguage\":\"fr-FR\",\"@id\":\"https:\\\/\\\/www.sensorialsunsets.com\\\/fr\\\/la-lagune-de-barva-et-ses-legendes\\\/#primaryimage\",\"url\":\"https:\\\/\\\/www.sensorialsunsets.com\\\/wp-content\\\/uploads\\\/2022\\\/09\\\/Volcan_Barva_Costa_Rica.jpg\",\"contentUrl\":\"https:\\\/\\\/www.sensorialsunsets.com\\\/wp-content\\\/uploads\\\/2022\\\/09\\\/Volcan_Barva_Costa_Rica.jpg\",\"width\":2560,\"height\":1920},{\"@type\":\"WebSite\",\"@id\":\"https:\\\/\\\/www.sensorialsunsets.com\\\/fr\\\/#website\",\"url\":\"https:\\\/\\\/www.sensorialsunsets.com\\\/fr\\\/\",\"name\":\"SensorialSunsets.com\",\"description\":\"D\u00e9couvrez la culture et la soci\u00e9t\u00e9 du Costa Rica sur notre blog. Explorez des articles captivants et partagez le contenu.\",\"publisher\":{\"@id\":\"https:\\\/\\\/www.sensorialsunsets.com\\\/fr\\\/#organization\"},\"alternateName\":\"Costa Rica Live Blog\",\"potentialAction\":[{\"@type\":\"SearchAction\",\"target\":{\"@type\":\"EntryPoint\",\"urlTemplate\":\"https:\\\/\\\/www.sensorialsunsets.com\\\/fr\\\/?s={search_term_string}\"},\"query-input\":{\"@type\":\"PropertyValueSpecification\",\"valueRequired\":true,\"valueName\":\"search_term_string\"}}],\"inLanguage\":\"fr-FR\"},{\"@type\":\"Organization\",\"@id\":\"https:\\\/\\\/www.sensorialsunsets.com\\\/fr\\\/#organization\",\"name\":\"SensorialSunsets\",\"url\":\"https:\\\/\\\/www.sensorialsunsets.com\\\/fr\\\/\",\"logo\":{\"@type\":\"ImageObject\",\"inLanguage\":\"fr-FR\",\"@id\":\"https:\\\/\\\/www.sensorialsunsets.com\\\/fr\\\/#\\\/schema\\\/logo\\\/image\\\/\",\"url\":\"https:\\\/\\\/www.sensorialsunsets.com\\\/wp-content\\\/uploads\\\/2023\\\/04\\\/Logo_base_line_fond_clair.svg\",\"contentUrl\":\"https:\\\/\\\/www.sensorialsunsets.com\\\/wp-content\\\/uploads\\\/2023\\\/04\\\/Logo_base_line_fond_clair.svg\",\"width\":\"1024\",\"height\":\"1024\",\"caption\":\"SensorialSunsets\"},\"image\":{\"@id\":\"https:\\\/\\\/www.sensorialsunsets.com\\\/fr\\\/#\\\/schema\\\/logo\\\/image\\\/\"},\"sameAs\":[\"https:\\\/\\\/www.facebook.com\\\/Sensorial-Sunsets-109180614715562\",\"https:\\\/\\\/www.instagram.com\\\/sensorialsunsets\\\/\"]},{\"@type\":\"Person\",\"@id\":\"https:\\\/\\\/www.sensorialsunsets.com\\\/fr\\\/#\\\/schema\\\/person\\\/77e2fa594135aa94024c47e281d8a94d\",\"name\":\"Sensorial Sunsets\",\"image\":{\"@type\":\"ImageObject\",\"inLanguage\":\"fr-FR\",\"@id\":\"https:\\\/\\\/secure.gravatar.com\\\/avatar\\\/5f2d62681b1dad94c28f1500d4fc75582acdfd32b55fd1acce0a36a3c487eabe?s=96&d=mm&r=g\",\"url\":\"https:\\\/\\\/secure.gravatar.com\\\/avatar\\\/5f2d62681b1dad94c28f1500d4fc75582acdfd32b55fd1acce0a36a3c487eabe?s=96&d=mm&r=g\",\"contentUrl\":\"https:\\\/\\\/secure.gravatar.com\\\/avatar\\\/5f2d62681b1dad94c28f1500d4fc75582acdfd32b55fd1acce0a36a3c487eabe?s=96&d=mm&r=g\",\"caption\":\"Sensorial Sunsets\"},\"url\":\"https:\\\/\\\/www.sensorialsunsets.com\\\/fr\\\/author\\\/asistentes-sensorial-sunsets\\\/\"}]}<\/script>\n<!-- \/ Yoast SEO plugin. -->","yoast_head_json":{"title":"La lagune de Barva et ses l\u00e9gendes - SensorialSunsets","description":"Cliquez ici pour d\u00e9couvrir l'un des volcans les plus embl\u00e9matiques du Costa Rica et ses l\u00e9gendes pr\u00e9colombiennes charg\u00e9es d'histoire.","robots":{"index":"index","follow":"follow","max-snippet":"max-snippet:-1","max-image-preview":"max-image-preview:large","max-video-preview":"max-video-preview:-1"},"canonical":"https:\/\/www.sensorialsunsets.com\/fr\/la-lagune-de-barva-et-ses-legendes\/","og_locale":"fr_FR","og_type":"article","og_title":"La lagune de Barva et ses l\u00e9gendes - SensorialSunsets","og_description":"Cliquez ici pour d\u00e9couvrir l'un des volcans les plus embl\u00e9matiques du Costa Rica et ses l\u00e9gendes pr\u00e9colombiennes charg\u00e9es d'histoire.","og_url":"https:\/\/www.sensorialsunsets.com\/fr\/la-lagune-de-barva-et-ses-legendes\/","og_site_name":"SensorialSunsets","article_publisher":"https:\/\/www.facebook.com\/Sensorial-Sunsets-109180614715562","article_published_time":"2022-09-28T17:32:27+00:00","og_image":[{"width":1024,"height":768,"url":"https:\/\/www.sensorialsunsets.com\/wp-content\/uploads\/2022\/09\/Volcan_Barva_Costa_Rica-1024x768.jpg","type":"image\/jpeg"}],"author":"Sensorial Sunsets","twitter_card":"summary_large_image","twitter_misc":{"\u00c9crit par":"Sensorial Sunsets","Dur\u00e9e de lecture estim\u00e9e":"1 minute"},"schema":{"@context":"https:\/\/schema.org","@graph":[{"@type":"Article","@id":"https:\/\/www.sensorialsunsets.com\/fr\/la-lagune-de-barva-et-ses-legendes\/#article","isPartOf":{"@id":"https:\/\/www.sensorialsunsets.com\/fr\/la-lagune-de-barva-et-ses-legendes\/"},"author":{"name":"Sensorial Sunsets","@id":"https:\/\/www.sensorialsunsets.com\/fr\/#\/schema\/person\/77e2fa594135aa94024c47e281d8a94d"},"headline":"La lagune de Barva et ses l\u00e9gendes","datePublished":"2022-09-28T17:32:27+00:00","mainEntityOfPage":{"@id":"https:\/\/www.sensorialsunsets.com\/fr\/la-lagune-de-barva-et-ses-legendes\/"},"wordCount":279,"publisher":{"@id":"https:\/\/www.sensorialsunsets.com\/fr\/#organization"},"image":{"@id":"https:\/\/www.sensorialsunsets.com\/fr\/la-lagune-de-barva-et-ses-legendes\/#primaryimage"},"thumbnailUrl":"https:\/\/www.sensorialsunsets.com\/wp-content\/uploads\/2022\/09\/Volcan_Barva_Costa_Rica.jpg","articleSection":["Tourisme","Vivez le Costa Rica"],"inLanguage":"fr-FR"},{"@type":"WebPage","@id":"https:\/\/www.sensorialsunsets.com\/fr\/la-lagune-de-barva-et-ses-legendes\/","url":"https:\/\/www.sensorialsunsets.com\/fr\/la-lagune-de-barva-et-ses-legendes\/","name":"La lagune de Barva et ses l\u00e9gendes - SensorialSunsets","isPartOf":{"@id":"https:\/\/www.sensorialsunsets.com\/fr\/#website"},"primaryImageOfPage":{"@id":"https:\/\/www.sensorialsunsets.com\/fr\/la-lagune-de-barva-et-ses-legendes\/#primaryimage"},"image":{"@id":"https:\/\/www.sensorialsunsets.com\/fr\/la-lagune-de-barva-et-ses-legendes\/#primaryimage"},"thumbnailUrl":"https:\/\/www.sensorialsunsets.com\/wp-content\/uploads\/2022\/09\/Volcan_Barva_Costa_Rica.jpg","datePublished":"2022-09-28T17:32:27+00:00","description":"Cliquez ici pour d\u00e9couvrir l'un des volcans les plus embl\u00e9matiques du Costa Rica et ses l\u00e9gendes pr\u00e9colombiennes charg\u00e9es d'histoire.","inLanguage":"fr-FR","potentialAction":[{"@type":"ReadAction","target":["https:\/\/www.sensorialsunsets.com\/fr\/la-lagune-de-barva-et-ses-legendes\/"]}]},{"@type":"ImageObject","inLanguage":"fr-FR","@id":"https:\/\/www.sensorialsunsets.com\/fr\/la-lagune-de-barva-et-ses-legendes\/#primaryimage","url":"https:\/\/www.sensorialsunsets.com\/wp-content\/uploads\/2022\/09\/Volcan_Barva_Costa_Rica.jpg","contentUrl":"https:\/\/www.sensorialsunsets.com\/wp-content\/uploads\/2022\/09\/Volcan_Barva_Costa_Rica.jpg","width":2560,"height":1920},{"@type":"WebSite","@id":"https:\/\/www.sensorialsunsets.com\/fr\/#website","url":"https:\/\/www.sensorialsunsets.com\/fr\/","name":"SensorialSunsets.com","description":"D\u00e9couvrez la culture et la soci\u00e9t\u00e9 du Costa Rica sur notre blog. Explorez des articles captivants et partagez le contenu.","publisher":{"@id":"https:\/\/www.sensorialsunsets.com\/fr\/#organization"},"alternateName":"Costa Rica Live Blog","potentialAction":[{"@type":"SearchAction","target":{"@type":"EntryPoint","urlTemplate":"https:\/\/www.sensorialsunsets.com\/fr\/?s={search_term_string}"},"query-input":{"@type":"PropertyValueSpecification","valueRequired":true,"valueName":"search_term_string"}}],"inLanguage":"fr-FR"},{"@type":"Organization","@id":"https:\/\/www.sensorialsunsets.com\/fr\/#organization","name":"SensorialSunsets","url":"https:\/\/www.sensorialsunsets.com\/fr\/","logo":{"@type":"ImageObject","inLanguage":"fr-FR","@id":"https:\/\/www.sensorialsunsets.com\/fr\/#\/schema\/logo\/image\/","url":"https:\/\/www.sensorialsunsets.com\/wp-content\/uploads\/2023\/04\/Logo_base_line_fond_clair.svg","contentUrl":"https:\/\/www.sensorialsunsets.com\/wp-content\/uploads\/2023\/04\/Logo_base_line_fond_clair.svg","width":"1024","height":"1024","caption":"SensorialSunsets"},"image":{"@id":"https:\/\/www.sensorialsunsets.com\/fr\/#\/schema\/logo\/image\/"},"sameAs":["https:\/\/www.facebook.com\/Sensorial-Sunsets-109180614715562","https:\/\/www.instagram.com\/sensorialsunsets\/"]},{"@type":"Person","@id":"https:\/\/www.sensorialsunsets.com\/fr\/#\/schema\/person\/77e2fa594135aa94024c47e281d8a94d","name":"Sensorial Sunsets","image":{"@type":"ImageObject","inLanguage":"fr-FR","@id":"https:\/\/secure.gravatar.com\/avatar\/5f2d62681b1dad94c28f1500d4fc75582acdfd32b55fd1acce0a36a3c487eabe?s=96&d=mm&r=g","url":"https:\/\/secure.gravatar.com\/avatar\/5f2d62681b1dad94c28f1500d4fc75582acdfd32b55fd1acce0a36a3c487eabe?s=96&d=mm&r=g","contentUrl":"https:\/\/secure.gravatar.com\/avatar\/5f2d62681b1dad94c28f1500d4fc75582acdfd32b55fd1acce0a36a3c487eabe?s=96&d=mm&r=g","caption":"Sensorial Sunsets"},"url":"https:\/\/www.sensorialsunsets.com\/fr\/author\/asistentes-sensorial-sunsets\/"}]}},"_links":{"self":[{"href":"https:\/\/www.sensorialsunsets.com\/fr\/wp-json\/wp\/v2\/posts\/3836","targetHints":{"allow":["GET"]}}],"collection":[{"href":"https:\/\/www.sensorialsunsets.com\/fr\/wp-json\/wp\/v2\/posts"}],"about":[{"href":"https:\/\/www.sensorialsunsets.com\/fr\/wp-json\/wp\/v2\/types\/post"}],"author":[{"embeddable":true,"href":"https:\/\/www.sensorialsunsets.com\/fr\/wp-json\/wp\/v2\/users\/4"}],"replies":[{"embeddable":true,"href":"https:\/\/www.sensorialsunsets.com\/fr\/wp-json\/wp\/v2\/comments?post=3836"}],"version-history":[{"count":0,"href":"https:\/\/www.sensorialsunsets.com\/fr\/wp-json\/wp\/v2\/posts\/3836\/revisions"}],"wp:featuredmedia":[{"embeddable":true,"href":"https:\/\/www.sensorialsunsets.com\/fr\/wp-json\/wp\/v2\/media\/3816"}],"wp:attachment":[{"href":"https:\/\/www.sensorialsunsets.com\/fr\/wp-json\/wp\/v2\/media?parent=3836"}],"wp:term":[{"taxonomy":"category","embeddable":true,"href":"https:\/\/www.sensorialsunsets.com\/fr\/wp-json\/wp\/v2\/categories?post=3836"},{"taxonomy":"post_tag","embeddable":true,"href":"https:\/\/www.sensorialsunsets.com\/fr\/wp-json\/wp\/v2\/tags?post=3836"}],"curies":[{"name":"wp","href":"https:\/\/api.w.org\/{rel}","templated":true}]}}