{"id":3840,"date":"2022-09-28T21:09:01","date_gmt":"2022-09-28T21:09:01","guid":{"rendered":"https:\/\/www.sensorialsunsets.com\/les-colonnes-basaltiques-de-san-ramon-costa-rica\/"},"modified":"2022-09-28T21:09:01","modified_gmt":"2022-09-28T21:09:01","slug":"les-colonnes-basaltiques-de-san-ramon-costa-rica","status":"publish","type":"post","link":"https:\/\/www.sensorialsunsets.com\/fr\/les-colonnes-basaltiques-de-san-ramon-costa-rica\/","title":{"rendered":"Les colonnes basaltiques de San Ram\u00f3n Costa Rica"},"content":{"rendered":"\n<figure class=\"wp-block-image\"><img decoding=\"async\" src=\"https:\/\/lh4.googleusercontent.com\/W_ELoEPUXjry3jRrBXG9PFi7c0GGnjPAD82NJ0GG3ijcEQguQctSU6kKKnfYsQ46MPxl_oOzuBKyflnLx4-NxW4RRmCcVdPzRxh4_4DUqELS4qH5UYT9RPQuBIsgaksa8A5SRvYiarmEe97SOV5UKwiIlwOGRPhOr8kEdzR90eUuTu3grGknTxsyQA\" alt=\"\"\/><\/figure>\n\n<p>Source Unsplash: <a href=\"https:\/\/unsplash.com\/es\/fotos\/li9Zr9Ft99Y\">formaci\u00f3n de roca gris (unsplash.com)<\/a><\/p>\n\n<p>Ce n&rsquo;est pas un endroit tr\u00e8s connu au Costa Rica, on pourrait dire que c&rsquo;est un peu un tr\u00e9sor cach\u00e9 et unique.\u00a0<\/p>\n\n<p>Pour s&rsquo;y rendre, il faut savoir qu&rsquo;il se trouve pr\u00e8s du barrage de San Lorenzo, \u00e0 Bajo Rodriguez, qui appartient au district de San Lorenzo, San Ramon. Tout type de v\u00e9hicule peut entrer dans l&rsquo;endroit et le meilleur de tous est que l&rsquo;entr\u00e9e est gratuite.\u00a0<\/p>\n\n<p>Mais qu&rsquo;est-ce qui rend cet endroit unique ? Comme son nom l&rsquo;indique, les colonnes basaltiques ne sont pas tr\u00e8s fr\u00e9quentes dans les paysages du Costa Rica. Il s&rsquo;agit de colonnes naturelles typiques de l&rsquo;Islande, du Japon, de l&rsquo;Irlande, de l&rsquo;\u00c9cosse et des \u00c9tats-Unis. Ces colonnes se forment lorsque la lave se fissure en s\u00e9chant et est \u00e9rod\u00e9e par la mer ou une autre masse d&rsquo;eau. C&rsquo;est un processus de plusieurs milliers d&rsquo;ann\u00e9es qui rend ces paysages dignes d&rsquo;\u00eatre admir\u00e9s.\u00a0<\/p>\n\n<p>Les colonnes basaltiques de San Ramon ont \u00e9t\u00e9 \u00e9rod\u00e9es par la rivi\u00e8re San Lorenzo et sont maintenant pr\u00eates \u00e0 \u00eatre admir\u00e9es par vous-m\u00eame.\u00a0<\/p>\n\n<p><strong>Auteure<\/strong> : M\u00f3nica Gallardo pour Sensorial Sunsets<\/p>\n\n<p><strong>Source:<\/strong> <a href=\"https:\/\/lafiebredeviajar.com\/blogs\/blog\/la-columnas-en-bajo-rodriguez-san-ramon\">Las Columnas Bas\u00e1lticas en Bajo Rodriguez, San Ram\u00f3n \u2013 La Fiebre de Viajar<\/a><\/p>\n","protected":false},"excerpt":{"rendered":"<p>Source Unsplash: formaci\u00f3n de roca gris (unsplash.com) Ce n&rsquo;est pas un endroit tr\u00e8s connu au Costa Rica, on pourrait dire que c&rsquo;est un peu un tr\u00e9sor cach\u00e9 et unique.\u00a0 Pour s&rsquo;y rendre, il faut savoir qu&rsquo;il se trouve pr\u00e8s du barrage de San Lorenzo, \u00e0 Bajo Rodriguez, qui appartient au district de San Lorenzo, San [&hellip;]<\/p>\n","protected":false},"author":4,"featured_media":3811,"comment_status":"closed","ping_status":"closed","sticky":false,"template":"","format":"standard","meta":{"_acf_changed":false,"inline_featured_image":false,"_monsterinsights_skip_tracking":false,"_monsterinsights_sitenote_active":false,"_monsterinsights_sitenote_note":"","_monsterinsights_sitenote_category":0,"footnotes":""},"categories":[113,168],"tags":[],"class_list":["post-3840","post","type-post","status-publish","format-standard","has-post-thumbnail","hentry","category-tourisme-fr","category-actualites"],"acf":[],"yoast_head":"<!-- This site is optimized with the Yoast SEO plugin v27.4 - https:\/\/yoast.com\/product\/yoast-seo-wordpress\/ -->\n<title>Les colonnes basaltiques de San Ram\u00f3n Costa Rica - SensorialSunsets<\/title>\n<meta name=\"description\" content=\"Saviez-vous qu&#039;il y a des colonnes de basalte \u00e0 San Ram\u00f3n ? Lisez cet article pour en savoir plus sur cet endroit.\" \/>\n<meta name=\"robots\" content=\"index, follow, max-snippet:-1, max-image-preview:large, max-video-preview:-1\" \/>\n<link rel=\"canonical\" href=\"https:\/\/www.sensorialsunsets.com\/fr\/les-colonnes-basaltiques-de-san-ramon-costa-rica\/\" \/>\n<meta property=\"og:locale\" content=\"fr_FR\" \/>\n<meta property=\"og:type\" content=\"article\" \/>\n<meta property=\"og:title\" content=\"Les colonnes basaltiques de San Ram\u00f3n Costa Rica - SensorialSunsets\" \/>\n<meta property=\"og:description\" content=\"Saviez-vous qu&#039;il y a des colonnes de basalte \u00e0 San Ram\u00f3n ? Lisez cet article pour en savoir plus sur cet endroit.\" \/>\n<meta property=\"og:url\" content=\"https:\/\/www.sensorialsunsets.com\/fr\/les-colonnes-basaltiques-de-san-ramon-costa-rica\/\" \/>\n<meta property=\"og:site_name\" content=\"SensorialSunsets\" \/>\n<meta property=\"article:publisher\" content=\"https:\/\/www.facebook.com\/Sensorial-Sunsets-109180614715562\" \/>\n<meta property=\"article:published_time\" content=\"2022-09-28T21:09:01+00:00\" \/>\n<meta property=\"og:image\" content=\"https:\/\/www.sensorialsunsets.com\/wp-content\/uploads\/2022\/09\/jonathan-larson-li9Zr9Ft99Y-unsplash-scaled.jpg\" \/>\n\t<meta property=\"og:image:width\" content=\"2560\" \/>\n\t<meta property=\"og:image:height\" content=\"1810\" \/>\n\t<meta property=\"og:image:type\" content=\"image\/jpeg\" \/>\n<meta name=\"author\" content=\"Sensorial Sunsets\" \/>\n<meta name=\"twitter:card\" content=\"summary_large_image\" \/>\n<meta name=\"twitter:label1\" content=\"\u00c9crit par\" \/>\n\t<meta name=\"twitter:data1\" content=\"Sensorial Sunsets\" \/>\n\t<meta name=\"twitter:label2\" content=\"Dur\u00e9e de lecture estim\u00e9e\" \/>\n\t<meta name=\"twitter:data2\" content=\"1 minute\" \/>\n<script type=\"application\/ld+json\" class=\"yoast-schema-graph\">{\"@context\":\"https:\\\/\\\/schema.org\",\"@graph\":[{\"@type\":\"Article\",\"@id\":\"https:\\\/\\\/www.sensorialsunsets.com\\\/fr\\\/les-colonnes-basaltiques-de-san-ramon-costa-rica\\\/#article\",\"isPartOf\":{\"@id\":\"https:\\\/\\\/www.sensorialsunsets.com\\\/fr\\\/les-colonnes-basaltiques-de-san-ramon-costa-rica\\\/\"},\"author\":{\"name\":\"Sensorial Sunsets\",\"@id\":\"https:\\\/\\\/www.sensorialsunsets.com\\\/fr\\\/#\\\/schema\\\/person\\\/77e2fa594135aa94024c47e281d8a94d\"},\"headline\":\"Les colonnes basaltiques de San Ram\u00f3n Costa Rica\",\"datePublished\":\"2022-09-28T21:09:01+00:00\",\"mainEntityOfPage\":{\"@id\":\"https:\\\/\\\/www.sensorialsunsets.com\\\/fr\\\/les-colonnes-basaltiques-de-san-ramon-costa-rica\\\/\"},\"wordCount\":238,\"publisher\":{\"@id\":\"https:\\\/\\\/www.sensorialsunsets.com\\\/fr\\\/#organization\"},\"image\":{\"@id\":\"https:\\\/\\\/www.sensorialsunsets.com\\\/fr\\\/les-colonnes-basaltiques-de-san-ramon-costa-rica\\\/#primaryimage\"},\"thumbnailUrl\":\"https:\\\/\\\/www.sensorialsunsets.com\\\/wp-content\\\/uploads\\\/2022\\\/09\\\/jonathan-larson-li9Zr9Ft99Y-unsplash-scaled.jpg\",\"articleSection\":[\"Tourisme\",\"Vivez le Costa Rica\"],\"inLanguage\":\"fr-FR\"},{\"@type\":\"WebPage\",\"@id\":\"https:\\\/\\\/www.sensorialsunsets.com\\\/fr\\\/les-colonnes-basaltiques-de-san-ramon-costa-rica\\\/\",\"url\":\"https:\\\/\\\/www.sensorialsunsets.com\\\/fr\\\/les-colonnes-basaltiques-de-san-ramon-costa-rica\\\/\",\"name\":\"Les colonnes basaltiques de San Ram\u00f3n Costa Rica - SensorialSunsets\",\"isPartOf\":{\"@id\":\"https:\\\/\\\/www.sensorialsunsets.com\\\/fr\\\/#website\"},\"primaryImageOfPage\":{\"@id\":\"https:\\\/\\\/www.sensorialsunsets.com\\\/fr\\\/les-colonnes-basaltiques-de-san-ramon-costa-rica\\\/#primaryimage\"},\"image\":{\"@id\":\"https:\\\/\\\/www.sensorialsunsets.com\\\/fr\\\/les-colonnes-basaltiques-de-san-ramon-costa-rica\\\/#primaryimage\"},\"thumbnailUrl\":\"https:\\\/\\\/www.sensorialsunsets.com\\\/wp-content\\\/uploads\\\/2022\\\/09\\\/jonathan-larson-li9Zr9Ft99Y-unsplash-scaled.jpg\",\"datePublished\":\"2022-09-28T21:09:01+00:00\",\"description\":\"Saviez-vous qu'il y a des colonnes de basalte \u00e0 San Ram\u00f3n ? Lisez cet article pour en savoir plus sur cet endroit.\",\"inLanguage\":\"fr-FR\",\"potentialAction\":[{\"@type\":\"ReadAction\",\"target\":[\"https:\\\/\\\/www.sensorialsunsets.com\\\/fr\\\/les-colonnes-basaltiques-de-san-ramon-costa-rica\\\/\"]}]},{\"@type\":\"ImageObject\",\"inLanguage\":\"fr-FR\",\"@id\":\"https:\\\/\\\/www.sensorialsunsets.com\\\/fr\\\/les-colonnes-basaltiques-de-san-ramon-costa-rica\\\/#primaryimage\",\"url\":\"https:\\\/\\\/www.sensorialsunsets.com\\\/wp-content\\\/uploads\\\/2022\\\/09\\\/jonathan-larson-li9Zr9Ft99Y-unsplash-scaled.jpg\",\"contentUrl\":\"https:\\\/\\\/www.sensorialsunsets.com\\\/wp-content\\\/uploads\\\/2022\\\/09\\\/jonathan-larson-li9Zr9Ft99Y-unsplash-scaled.jpg\",\"width\":2560,\"height\":1810,\"caption\":\"Columnas bas\u00e1lticas\"},{\"@type\":\"WebSite\",\"@id\":\"https:\\\/\\\/www.sensorialsunsets.com\\\/fr\\\/#website\",\"url\":\"https:\\\/\\\/www.sensorialsunsets.com\\\/fr\\\/\",\"name\":\"SensorialSunsets.com\",\"description\":\"D\u00e9couvrez la culture et la soci\u00e9t\u00e9 du Costa Rica sur notre blog. Explorez des articles captivants et partagez le contenu.\",\"publisher\":{\"@id\":\"https:\\\/\\\/www.sensorialsunsets.com\\\/fr\\\/#organization\"},\"alternateName\":\"Costa Rica Live Blog\",\"potentialAction\":[{\"@type\":\"SearchAction\",\"target\":{\"@type\":\"EntryPoint\",\"urlTemplate\":\"https:\\\/\\\/www.sensorialsunsets.com\\\/fr\\\/?s={search_term_string}\"},\"query-input\":{\"@type\":\"PropertyValueSpecification\",\"valueRequired\":true,\"valueName\":\"search_term_string\"}}],\"inLanguage\":\"fr-FR\"},{\"@type\":\"Organization\",\"@id\":\"https:\\\/\\\/www.sensorialsunsets.com\\\/fr\\\/#organization\",\"name\":\"SensorialSunsets\",\"url\":\"https:\\\/\\\/www.sensorialsunsets.com\\\/fr\\\/\",\"logo\":{\"@type\":\"ImageObject\",\"inLanguage\":\"fr-FR\",\"@id\":\"https:\\\/\\\/www.sensorialsunsets.com\\\/fr\\\/#\\\/schema\\\/logo\\\/image\\\/\",\"url\":\"https:\\\/\\\/www.sensorialsunsets.com\\\/wp-content\\\/uploads\\\/2023\\\/04\\\/Logo_base_line_fond_clair.svg\",\"contentUrl\":\"https:\\\/\\\/www.sensorialsunsets.com\\\/wp-content\\\/uploads\\\/2023\\\/04\\\/Logo_base_line_fond_clair.svg\",\"width\":\"1024\",\"height\":\"1024\",\"caption\":\"SensorialSunsets\"},\"image\":{\"@id\":\"https:\\\/\\\/www.sensorialsunsets.com\\\/fr\\\/#\\\/schema\\\/logo\\\/image\\\/\"},\"sameAs\":[\"https:\\\/\\\/www.facebook.com\\\/Sensorial-Sunsets-109180614715562\",\"https:\\\/\\\/www.instagram.com\\\/sensorialsunsets\\\/\"]},{\"@type\":\"Person\",\"@id\":\"https:\\\/\\\/www.sensorialsunsets.com\\\/fr\\\/#\\\/schema\\\/person\\\/77e2fa594135aa94024c47e281d8a94d\",\"name\":\"Sensorial Sunsets\",\"image\":{\"@type\":\"ImageObject\",\"inLanguage\":\"fr-FR\",\"@id\":\"https:\\\/\\\/secure.gravatar.com\\\/avatar\\\/5f2d62681b1dad94c28f1500d4fc75582acdfd32b55fd1acce0a36a3c487eabe?s=96&d=mm&r=g\",\"url\":\"https:\\\/\\\/secure.gravatar.com\\\/avatar\\\/5f2d62681b1dad94c28f1500d4fc75582acdfd32b55fd1acce0a36a3c487eabe?s=96&d=mm&r=g\",\"contentUrl\":\"https:\\\/\\\/secure.gravatar.com\\\/avatar\\\/5f2d62681b1dad94c28f1500d4fc75582acdfd32b55fd1acce0a36a3c487eabe?s=96&d=mm&r=g\",\"caption\":\"Sensorial Sunsets\"},\"url\":\"https:\\\/\\\/www.sensorialsunsets.com\\\/fr\\\/author\\\/asistentes-sensorial-sunsets\\\/\"}]}<\/script>\n<!-- \/ Yoast SEO plugin. -->","yoast_head_json":{"title":"Les colonnes basaltiques de San Ram\u00f3n Costa Rica - SensorialSunsets","description":"Saviez-vous qu'il y a des colonnes de basalte \u00e0 San Ram\u00f3n ? Lisez cet article pour en savoir plus sur cet endroit.","robots":{"index":"index","follow":"follow","max-snippet":"max-snippet:-1","max-image-preview":"max-image-preview:large","max-video-preview":"max-video-preview:-1"},"canonical":"https:\/\/www.sensorialsunsets.com\/fr\/les-colonnes-basaltiques-de-san-ramon-costa-rica\/","og_locale":"fr_FR","og_type":"article","og_title":"Les colonnes basaltiques de San Ram\u00f3n Costa Rica - SensorialSunsets","og_description":"Saviez-vous qu'il y a des colonnes de basalte \u00e0 San Ram\u00f3n ? Lisez cet article pour en savoir plus sur cet endroit.","og_url":"https:\/\/www.sensorialsunsets.com\/fr\/les-colonnes-basaltiques-de-san-ramon-costa-rica\/","og_site_name":"SensorialSunsets","article_publisher":"https:\/\/www.facebook.com\/Sensorial-Sunsets-109180614715562","article_published_time":"2022-09-28T21:09:01+00:00","og_image":[{"width":2560,"height":1810,"url":"https:\/\/www.sensorialsunsets.com\/wp-content\/uploads\/2022\/09\/jonathan-larson-li9Zr9Ft99Y-unsplash-scaled.jpg","type":"image\/jpeg"}],"author":"Sensorial Sunsets","twitter_card":"summary_large_image","twitter_misc":{"\u00c9crit par":"Sensorial Sunsets","Dur\u00e9e de lecture estim\u00e9e":"1 minute"},"schema":{"@context":"https:\/\/schema.org","@graph":[{"@type":"Article","@id":"https:\/\/www.sensorialsunsets.com\/fr\/les-colonnes-basaltiques-de-san-ramon-costa-rica\/#article","isPartOf":{"@id":"https:\/\/www.sensorialsunsets.com\/fr\/les-colonnes-basaltiques-de-san-ramon-costa-rica\/"},"author":{"name":"Sensorial Sunsets","@id":"https:\/\/www.sensorialsunsets.com\/fr\/#\/schema\/person\/77e2fa594135aa94024c47e281d8a94d"},"headline":"Les colonnes basaltiques de San Ram\u00f3n Costa Rica","datePublished":"2022-09-28T21:09:01+00:00","mainEntityOfPage":{"@id":"https:\/\/www.sensorialsunsets.com\/fr\/les-colonnes-basaltiques-de-san-ramon-costa-rica\/"},"wordCount":238,"publisher":{"@id":"https:\/\/www.sensorialsunsets.com\/fr\/#organization"},"image":{"@id":"https:\/\/www.sensorialsunsets.com\/fr\/les-colonnes-basaltiques-de-san-ramon-costa-rica\/#primaryimage"},"thumbnailUrl":"https:\/\/www.sensorialsunsets.com\/wp-content\/uploads\/2022\/09\/jonathan-larson-li9Zr9Ft99Y-unsplash-scaled.jpg","articleSection":["Tourisme","Vivez le Costa Rica"],"inLanguage":"fr-FR"},{"@type":"WebPage","@id":"https:\/\/www.sensorialsunsets.com\/fr\/les-colonnes-basaltiques-de-san-ramon-costa-rica\/","url":"https:\/\/www.sensorialsunsets.com\/fr\/les-colonnes-basaltiques-de-san-ramon-costa-rica\/","name":"Les colonnes basaltiques de San Ram\u00f3n Costa Rica - SensorialSunsets","isPartOf":{"@id":"https:\/\/www.sensorialsunsets.com\/fr\/#website"},"primaryImageOfPage":{"@id":"https:\/\/www.sensorialsunsets.com\/fr\/les-colonnes-basaltiques-de-san-ramon-costa-rica\/#primaryimage"},"image":{"@id":"https:\/\/www.sensorialsunsets.com\/fr\/les-colonnes-basaltiques-de-san-ramon-costa-rica\/#primaryimage"},"thumbnailUrl":"https:\/\/www.sensorialsunsets.com\/wp-content\/uploads\/2022\/09\/jonathan-larson-li9Zr9Ft99Y-unsplash-scaled.jpg","datePublished":"2022-09-28T21:09:01+00:00","description":"Saviez-vous qu'il y a des colonnes de basalte \u00e0 San Ram\u00f3n ? Lisez cet article pour en savoir plus sur cet endroit.","inLanguage":"fr-FR","potentialAction":[{"@type":"ReadAction","target":["https:\/\/www.sensorialsunsets.com\/fr\/les-colonnes-basaltiques-de-san-ramon-costa-rica\/"]}]},{"@type":"ImageObject","inLanguage":"fr-FR","@id":"https:\/\/www.sensorialsunsets.com\/fr\/les-colonnes-basaltiques-de-san-ramon-costa-rica\/#primaryimage","url":"https:\/\/www.sensorialsunsets.com\/wp-content\/uploads\/2022\/09\/jonathan-larson-li9Zr9Ft99Y-unsplash-scaled.jpg","contentUrl":"https:\/\/www.sensorialsunsets.com\/wp-content\/uploads\/2022\/09\/jonathan-larson-li9Zr9Ft99Y-unsplash-scaled.jpg","width":2560,"height":1810,"caption":"Columnas bas\u00e1lticas"},{"@type":"WebSite","@id":"https:\/\/www.sensorialsunsets.com\/fr\/#website","url":"https:\/\/www.sensorialsunsets.com\/fr\/","name":"SensorialSunsets.com","description":"D\u00e9couvrez la culture et la soci\u00e9t\u00e9 du Costa Rica sur notre blog. Explorez des articles captivants et partagez le contenu.","publisher":{"@id":"https:\/\/www.sensorialsunsets.com\/fr\/#organization"},"alternateName":"Costa Rica Live Blog","potentialAction":[{"@type":"SearchAction","target":{"@type":"EntryPoint","urlTemplate":"https:\/\/www.sensorialsunsets.com\/fr\/?s={search_term_string}"},"query-input":{"@type":"PropertyValueSpecification","valueRequired":true,"valueName":"search_term_string"}}],"inLanguage":"fr-FR"},{"@type":"Organization","@id":"https:\/\/www.sensorialsunsets.com\/fr\/#organization","name":"SensorialSunsets","url":"https:\/\/www.sensorialsunsets.com\/fr\/","logo":{"@type":"ImageObject","inLanguage":"fr-FR","@id":"https:\/\/www.sensorialsunsets.com\/fr\/#\/schema\/logo\/image\/","url":"https:\/\/www.sensorialsunsets.com\/wp-content\/uploads\/2023\/04\/Logo_base_line_fond_clair.svg","contentUrl":"https:\/\/www.sensorialsunsets.com\/wp-content\/uploads\/2023\/04\/Logo_base_line_fond_clair.svg","width":"1024","height":"1024","caption":"SensorialSunsets"},"image":{"@id":"https:\/\/www.sensorialsunsets.com\/fr\/#\/schema\/logo\/image\/"},"sameAs":["https:\/\/www.facebook.com\/Sensorial-Sunsets-109180614715562","https:\/\/www.instagram.com\/sensorialsunsets\/"]},{"@type":"Person","@id":"https:\/\/www.sensorialsunsets.com\/fr\/#\/schema\/person\/77e2fa594135aa94024c47e281d8a94d","name":"Sensorial Sunsets","image":{"@type":"ImageObject","inLanguage":"fr-FR","@id":"https:\/\/secure.gravatar.com\/avatar\/5f2d62681b1dad94c28f1500d4fc75582acdfd32b55fd1acce0a36a3c487eabe?s=96&d=mm&r=g","url":"https:\/\/secure.gravatar.com\/avatar\/5f2d62681b1dad94c28f1500d4fc75582acdfd32b55fd1acce0a36a3c487eabe?s=96&d=mm&r=g","contentUrl":"https:\/\/secure.gravatar.com\/avatar\/5f2d62681b1dad94c28f1500d4fc75582acdfd32b55fd1acce0a36a3c487eabe?s=96&d=mm&r=g","caption":"Sensorial Sunsets"},"url":"https:\/\/www.sensorialsunsets.com\/fr\/author\/asistentes-sensorial-sunsets\/"}]}},"_links":{"self":[{"href":"https:\/\/www.sensorialsunsets.com\/fr\/wp-json\/wp\/v2\/posts\/3840","targetHints":{"allow":["GET"]}}],"collection":[{"href":"https:\/\/www.sensorialsunsets.com\/fr\/wp-json\/wp\/v2\/posts"}],"about":[{"href":"https:\/\/www.sensorialsunsets.com\/fr\/wp-json\/wp\/v2\/types\/post"}],"author":[{"embeddable":true,"href":"https:\/\/www.sensorialsunsets.com\/fr\/wp-json\/wp\/v2\/users\/4"}],"replies":[{"embeddable":true,"href":"https:\/\/www.sensorialsunsets.com\/fr\/wp-json\/wp\/v2\/comments?post=3840"}],"version-history":[{"count":0,"href":"https:\/\/www.sensorialsunsets.com\/fr\/wp-json\/wp\/v2\/posts\/3840\/revisions"}],"wp:featuredmedia":[{"embeddable":true,"href":"https:\/\/www.sensorialsunsets.com\/fr\/wp-json\/wp\/v2\/media\/3811"}],"wp:attachment":[{"href":"https:\/\/www.sensorialsunsets.com\/fr\/wp-json\/wp\/v2\/media?parent=3840"}],"wp:term":[{"taxonomy":"category","embeddable":true,"href":"https:\/\/www.sensorialsunsets.com\/fr\/wp-json\/wp\/v2\/categories?post=3840"},{"taxonomy":"post_tag","embeddable":true,"href":"https:\/\/www.sensorialsunsets.com\/fr\/wp-json\/wp\/v2\/tags?post=3840"}],"curies":[{"name":"wp","href":"https:\/\/api.w.org\/{rel}","templated":true}]}}