{"id":3889,"date":"2022-10-04T17:36:34","date_gmt":"2022-10-04T17:36:34","guid":{"rendered":"https:\/\/www.sensorialsunsets.com\/la-classe-moyenne-au-costa-rica\/"},"modified":"2022-10-04T17:36:34","modified_gmt":"2022-10-04T17:36:34","slug":"la-classe-moyenne-au-costa-rica","status":"publish","type":"post","link":"https:\/\/www.sensorialsunsets.com\/fr\/la-classe-moyenne-au-costa-rica\/","title":{"rendered":"La classe moyenne au Costa Rica"},"content":{"rendered":"\n<p>L&rsquo;Institut national des statistiques et du recensement (INEC) a publi\u00e9 en 2021 le niveau d&rsquo;in\u00e9galit\u00e9 \u00e9conomique au Costa Rica. Selon cette \u00e9tude, pour atteindre le niveau de revenu d&rsquo;une personne de la classe sup\u00e9rieure (quintile I), il faudrait le salaire de 18 personnes \u00e0 faible revenu (quintile V) ou de 5 personnes de la classe moyenne (quintile III). Les richesses sont de plus en plus concentr\u00e9es dans un nombre r\u00e9duit de mains et la classe moyenne du Costa Rica se r\u00e9duit, tandis que la classe d\u00e9favoris\u00e9e augmente.<\/p>\n\n<h2 class=\"wp-block-heading\"><strong>Quelle est la classe moyenne au Costa Rica ?<\/strong><\/h2>\n\n<p>La classe moyenne au Costa Rica n&rsquo;a cess\u00e9 de cro\u00eetre depuis les ann\u00e9es 1990. Cela s&rsquo;explique par le fait que la soci\u00e9t\u00e9 costaricienne est pass\u00e9e par un processus de modernisation et de mondialisation.<\/p>\n\n<p>Les secteurs de l&rsquo;\u00e9conomie costaricienne sont associ\u00e9s \u00e0 leurs propres structures de classe. Par cons\u00e9quent, l&rsquo;avanc\u00e9e ou l&rsquo;involution de ces secteurs n&rsquo;est pas neutre en termes de structure sociale, puisque certaines classes s&rsquo;\u00e9tendent ou se contractent corr\u00e9lativement. L&rsquo;introduction d&rsquo;un nouveau style de d\u00e9veloppement au cours des deux derni\u00e8res d\u00e9cennies a fa\u00e7onn\u00e9 les secteurs productifs. En cons\u00e9quence, les services de soutien ont \u00e9t\u00e9 modernis\u00e9s, favorisant l&rsquo;expansion des secteurs interm\u00e9diaires.<\/p>\n\n<p>Sur la base des donn\u00e9es de l&rsquo;enqu\u00eate nationale sur les m\u00e9nages 2021 de l&rsquo;Institut national des statistiques et des recensements (INEC), les m\u00e9nages ayant un revenu compris entre 433 000 et 1 080 000 \u00a2 appartiennent \u00e0 la strate moyenne.\u00a0<\/p>\n\n<figure class=\"wp-block-image size-large\"><img loading=\"lazy\" decoding=\"async\" width=\"1024\" height=\"683\" src=\"https:\/\/www.sensorialsunsets.com\/wp-content\/uploads\/2022\/10\/money-sensorial-sunsets-1024x683.jpg\" alt=\"argent-sensorial-sunsets\" class=\"wp-image-3865\" srcset=\"https:\/\/www.sensorialsunsets.com\/wp-content\/uploads\/2022\/10\/money-sensorial-sunsets-1024x683.jpg 1024w, https:\/\/www.sensorialsunsets.com\/wp-content\/uploads\/2022\/10\/money-sensorial-sunsets-300x200.jpg 300w, https:\/\/www.sensorialsunsets.com\/wp-content\/uploads\/2022\/10\/money-sensorial-sunsets-768x512.jpg 768w, https:\/\/www.sensorialsunsets.com\/wp-content\/uploads\/2022\/10\/money-sensorial-sunsets-1536x1024.jpg 1536w, https:\/\/www.sensorialsunsets.com\/wp-content\/uploads\/2022\/10\/money-sensorial-sunsets-2048x1365.jpg 2048w, https:\/\/www.sensorialsunsets.com\/wp-content\/uploads\/2022\/10\/money-sensorial-sunsets-334x222.jpg 334w, https:\/\/www.sensorialsunsets.com\/wp-content\/uploads\/2022\/10\/money-sensorial-sunsets-1320x880.jpg 1320w\" sizes=\"auto, (max-width: 1024px) 100vw, 1024px\" \/><figcaption>argent<\/figcaption><\/figure>\n\n<h2 class=\"wp-block-heading\"><strong>Croissance de la classe moyenne au cours des ann\u00e9es pr\u00e9c\u00e9dentes<\/strong><\/h2>\n\n<p>La classe moyenne du Costa Rica s&rsquo;est syst\u00e9matiquement d\u00e9velopp\u00e9e au cours des 14 derni\u00e8res ann\u00e9es, mais malgr\u00e9 cette augmentation, les in\u00e9galit\u00e9s n&rsquo;ont pas cess\u00e9.<\/p>\n\n<p>Telle est la conclusion de l&rsquo;\u00e9tude La Equidad de Costa Rica. Ceci, gr\u00e2ce \u00e0 l&rsquo;Incidencia de la Pol\u00edtica Social y la Pol\u00edtica Fiscal, pr\u00e9sent\u00e9e par le Programme des Nations Unies pour le d\u00e9veloppement (PNUD) en conjonction avec le projet Commitment to Equity de l&rsquo;Universit\u00e9 de Tulane.<\/p>\n\n<p>Selon le rapport, le pays est pass\u00e9 d&rsquo;une classe moyenne de 18 % en 1992 \u00e0 environ 31 % en 2002 et 40 % en 2009. Cela place le Costa Rica au quatri\u00e8me rang des pays d&rsquo;Am\u00e9rique latine pour le pourcentage de la classe moyenne. La classe moyenne est d\u00e9finie comme la population dont le revenu par habitant se situe entre 10 et 50 dollars par jour.<\/p>\n\n<h2 class=\"wp-block-heading\">Mais&#8230; les  in\u00e9galit\u00e9s sont en hausse<\/h2>\n\n<p>Malgr\u00e9 ce que disent certains experts fiscaux et \u00e9conomistes, la taxe sur la valeur ajout\u00e9e (TVA) n&rsquo;affecte pas beaucoup la classe moyenne et les pauvres, ce qui s&rsquo;est pass\u00e9 avec l&rsquo;application de cette taxe montre le contraire. En fait, des mesures affectant la classe moyenne sont encore prises dans le cadre de la loi sur le renforcement des finances publiques. Cela affecte \u00e9galement le niveau des salaires des employ\u00e9s publics et la TVA qui a \u00e9t\u00e9 \u00e9tablie pour tous les services.<\/p>\n\n<p>En outre, la loi sur l&#8217;emploi public restreint les salaires en \u00e9tablissant un salaire unique. Nous sommes conscients qu&rsquo;une telle mesure est n\u00e9cessaire, compte tenu du d\u00e9ficit budg\u00e9taire auquel le pays est confront\u00e9, qui n&rsquo;a cess\u00e9 de cro\u00eetre et qui, en 2019, a cl\u00f4tur\u00e9 avec un d\u00e9ficit de 8,2 % du PIB et du niveau d&rsquo;endettement.<\/p>\n\n<p>Ces derni\u00e8res ann\u00e9es, en commen\u00e7ant par le plan fiscal de 2018 puis, sous l&rsquo;effet de la pand\u00e9mie, la situation s&rsquo;est aggrav\u00e9e et le Costa Rica est pass\u00e9 d&rsquo;un taux historique de 22 % de personnes vivant dans la pauvret\u00e9 \u00e0 30,5 %, selon le rapport de l&rsquo;INEC de 2020. Pour cette ann\u00e9e-l\u00e0, en additionnant la pauvret\u00e9 g\u00e9n\u00e9rale et l&rsquo;extr\u00eame pauvret\u00e9, pr\u00e8s d&rsquo;un Costaricien sur trois \u00e9tait pauvre et plus de 1,1 million de personnes vivaient en moyenne avec moins de 2 000 \u00a2 par jour.<\/p>\n\n<p>Selon les donn\u00e9es de l&rsquo;Organisation de coop\u00e9ration et de d\u00e9veloppement \u00e9conomiques, les in\u00e9galit\u00e9s dans notre pays sont sup\u00e9rieures \u00e0 la moyenne des pays de ce groupe, et elles ne font qu&rsquo;augmenter.<\/p>\n\n<p><strong>Auteure<\/strong> Zelda Walters pour Sensorial Sunsets<\/p>\n\n<h2 class=\"wp-block-heading\">Sources<\/h2>\n\n<p><a href=\"https:\/\/repositorio.conare.ac.cr\/bitstream\/handle\/20.500.12337\/905\/Cap\">https:\/\/repositorio.conare.ac.cr\/bitstream\/handle\/20.500.12337\/905\/Cap<\/a><\/p>\n\n<p><a href=\"https:\/\/www.elfinancierocr.com\/economia-y-politica\/quien-es-de-clase-media-en-costa-rica-esto-indican\/\">https:\/\/www.elfinancierocr.com\/economia-y-politica\/quien-es-de-clase-media-en-costa-rica-esto-indican\/<\/a><\/p>\n\n<p><a href=\"https:\/\/editorial.ucr.ac.cr\/ciencias-sociales\/item\/2619-formaci%C3%B3n-de-la-clase-media-en-costa-rica-econom%C3%ADa,-sociabilidades-y-discursos-pol%C3%ADticos-1890-1950.html\">https:\/\/editorial.ucr.ac.cr\/ciencias-sociales\/item\/2619-formaci%C3%B3n-de-la-clase-media-en-costa-rica-econom%C3%ADa,-sociabilidades-y-discursos-pol%C3%ADticos-1890-1950.html<\/a><\/p>\n\n<p><a href=\"https:\/\/www.crhoy.com\/economia\/desigualdad-una-sola-persona-de-clase-alta-gana-lo-que-reciben-18-de-bajos-ingresos\/\">https:\/\/www.crhoy.com\/economia\/desigualdad-una-sola-persona-de-clase-alta-gana-lo-que-reciben-18-de-bajos-ingresos\/<\/a><\/p>\n","protected":false},"excerpt":{"rendered":"<p>L&rsquo;Institut national des statistiques et du recensement (INEC) a publi\u00e9 en 2021 le niveau d&rsquo;in\u00e9galit\u00e9 \u00e9conomique au Costa Rica. Selon cette \u00e9tude, pour atteindre le niveau de revenu d&rsquo;une personne de la classe sup\u00e9rieure (quintile I), il faudrait le salaire de 18 personnes \u00e0 faible revenu (quintile V) ou de 5 personnes de la classe [&hellip;]<\/p>\n","protected":false},"author":5,"featured_media":16461,"comment_status":"closed","ping_status":"closed","sticky":false,"template":"","format":"standard","meta":{"_acf_changed":false,"inline_featured_image":false,"_monsterinsights_skip_tracking":false,"_monsterinsights_sitenote_active":false,"_monsterinsights_sitenote_note":"","_monsterinsights_sitenote_category":0,"footnotes":""},"categories":[100,109],"tags":[],"class_list":["post-3889","post","type-post","status-publish","format-standard","has-post-thumbnail","hentry","category-costa-rica-fr","category-economie-fr"],"acf":[],"yoast_head":"<!-- This site is optimized with the Yoast SEO plugin v27.4 - https:\/\/yoast.com\/product\/yoast-seo-wordpress\/ -->\n<title>La classe moyenne au Costa Rica - SensorialSunsets<\/title>\n<meta name=\"description\" content=\"La classe moyenne au Costa Rica n&#039;a cess\u00e9 d&#039;augmenter. Toutefois, les in\u00e9galit\u00e9s se sont accrues.\" \/>\n<meta name=\"robots\" content=\"index, follow, max-snippet:-1, max-image-preview:large, max-video-preview:-1\" \/>\n<link rel=\"canonical\" href=\"https:\/\/www.sensorialsunsets.com\/fr\/la-classe-moyenne-au-costa-rica\/\" \/>\n<meta property=\"og:locale\" content=\"fr_FR\" \/>\n<meta property=\"og:type\" content=\"article\" \/>\n<meta property=\"og:title\" content=\"La classe moyenne au Costa Rica - SensorialSunsets\" \/>\n<meta property=\"og:description\" content=\"La classe moyenne au Costa Rica n&#039;a cess\u00e9 d&#039;augmenter. Toutefois, les in\u00e9galit\u00e9s se sont accrues.\" \/>\n<meta property=\"og:url\" content=\"https:\/\/www.sensorialsunsets.com\/fr\/la-classe-moyenne-au-costa-rica\/\" \/>\n<meta property=\"og:site_name\" content=\"SensorialSunsets\" \/>\n<meta property=\"article:publisher\" content=\"https:\/\/www.facebook.com\/Sensorial-Sunsets-109180614715562\" \/>\n<meta property=\"article:published_time\" content=\"2022-10-04T17:36:34+00:00\" \/>\n<meta property=\"og:image\" content=\"https:\/\/www.sensorialsunsets.com\/wp-content\/uploads\/2022\/10\/dinero-sensorial-sunsets-1024x768.jpg\" \/>\n\t<meta property=\"og:image:width\" content=\"1024\" \/>\n\t<meta property=\"og:image:height\" content=\"768\" \/>\n\t<meta property=\"og:image:type\" content=\"image\/jpeg\" \/>\n<meta name=\"author\" content=\"Marian Barrantes\" \/>\n<meta name=\"twitter:card\" content=\"summary_large_image\" \/>\n<meta name=\"twitter:label1\" content=\"\u00c9crit par\" \/>\n\t<meta name=\"twitter:data1\" content=\"Marian Barrantes\" \/>\n\t<meta name=\"twitter:label2\" content=\"Dur\u00e9e de lecture estim\u00e9e\" \/>\n\t<meta name=\"twitter:data2\" content=\"4 minutes\" \/>\n<script type=\"application\/ld+json\" class=\"yoast-schema-graph\">{\"@context\":\"https:\\\/\\\/schema.org\",\"@graph\":[{\"@type\":\"Article\",\"@id\":\"https:\\\/\\\/www.sensorialsunsets.com\\\/fr\\\/la-classe-moyenne-au-costa-rica\\\/#article\",\"isPartOf\":{\"@id\":\"https:\\\/\\\/www.sensorialsunsets.com\\\/fr\\\/la-classe-moyenne-au-costa-rica\\\/\"},\"author\":{\"name\":\"Marian Barrantes\",\"@id\":\"https:\\\/\\\/www.sensorialsunsets.com\\\/fr\\\/#\\\/schema\\\/person\\\/a8336a4dbeee633f087a194db2ca482f\"},\"headline\":\"La classe moyenne au Costa Rica\",\"datePublished\":\"2022-10-04T17:36:34+00:00\",\"mainEntityOfPage\":{\"@id\":\"https:\\\/\\\/www.sensorialsunsets.com\\\/fr\\\/la-classe-moyenne-au-costa-rica\\\/\"},\"wordCount\":760,\"publisher\":{\"@id\":\"https:\\\/\\\/www.sensorialsunsets.com\\\/fr\\\/#organization\"},\"image\":{\"@id\":\"https:\\\/\\\/www.sensorialsunsets.com\\\/fr\\\/la-classe-moyenne-au-costa-rica\\\/#primaryimage\"},\"thumbnailUrl\":\"https:\\\/\\\/www.sensorialsunsets.com\\\/wp-content\\\/uploads\\\/2022\\\/10\\\/costa_rica.jpg_1102185208.webp\",\"articleSection\":[\"Costa Rica\",\"Economie\"],\"inLanguage\":\"fr-FR\"},{\"@type\":\"WebPage\",\"@id\":\"https:\\\/\\\/www.sensorialsunsets.com\\\/fr\\\/la-classe-moyenne-au-costa-rica\\\/\",\"url\":\"https:\\\/\\\/www.sensorialsunsets.com\\\/fr\\\/la-classe-moyenne-au-costa-rica\\\/\",\"name\":\"La classe moyenne au Costa Rica - SensorialSunsets\",\"isPartOf\":{\"@id\":\"https:\\\/\\\/www.sensorialsunsets.com\\\/fr\\\/#website\"},\"primaryImageOfPage\":{\"@id\":\"https:\\\/\\\/www.sensorialsunsets.com\\\/fr\\\/la-classe-moyenne-au-costa-rica\\\/#primaryimage\"},\"image\":{\"@id\":\"https:\\\/\\\/www.sensorialsunsets.com\\\/fr\\\/la-classe-moyenne-au-costa-rica\\\/#primaryimage\"},\"thumbnailUrl\":\"https:\\\/\\\/www.sensorialsunsets.com\\\/wp-content\\\/uploads\\\/2022\\\/10\\\/costa_rica.jpg_1102185208.webp\",\"datePublished\":\"2022-10-04T17:36:34+00:00\",\"description\":\"La classe moyenne au Costa Rica n'a cess\u00e9 d'augmenter. Toutefois, les in\u00e9galit\u00e9s se sont accrues.\",\"inLanguage\":\"fr-FR\",\"potentialAction\":[{\"@type\":\"ReadAction\",\"target\":[\"https:\\\/\\\/www.sensorialsunsets.com\\\/fr\\\/la-classe-moyenne-au-costa-rica\\\/\"]}]},{\"@type\":\"ImageObject\",\"inLanguage\":\"fr-FR\",\"@id\":\"https:\\\/\\\/www.sensorialsunsets.com\\\/fr\\\/la-classe-moyenne-au-costa-rica\\\/#primaryimage\",\"url\":\"https:\\\/\\\/www.sensorialsunsets.com\\\/wp-content\\\/uploads\\\/2022\\\/10\\\/costa_rica.jpg_1102185208.webp\",\"contentUrl\":\"https:\\\/\\\/www.sensorialsunsets.com\\\/wp-content\\\/uploads\\\/2022\\\/10\\\/costa_rica.jpg_1102185208.webp\",\"width\":690,\"height\":460},{\"@type\":\"WebSite\",\"@id\":\"https:\\\/\\\/www.sensorialsunsets.com\\\/fr\\\/#website\",\"url\":\"https:\\\/\\\/www.sensorialsunsets.com\\\/fr\\\/\",\"name\":\"SensorialSunsets.com\",\"description\":\"D\u00e9couvrez la culture et la soci\u00e9t\u00e9 du Costa Rica sur notre blog. Explorez des articles captivants et partagez le contenu.\",\"publisher\":{\"@id\":\"https:\\\/\\\/www.sensorialsunsets.com\\\/fr\\\/#organization\"},\"alternateName\":\"Costa Rica Live Blog\",\"potentialAction\":[{\"@type\":\"SearchAction\",\"target\":{\"@type\":\"EntryPoint\",\"urlTemplate\":\"https:\\\/\\\/www.sensorialsunsets.com\\\/fr\\\/?s={search_term_string}\"},\"query-input\":{\"@type\":\"PropertyValueSpecification\",\"valueRequired\":true,\"valueName\":\"search_term_string\"}}],\"inLanguage\":\"fr-FR\"},{\"@type\":\"Organization\",\"@id\":\"https:\\\/\\\/www.sensorialsunsets.com\\\/fr\\\/#organization\",\"name\":\"SensorialSunsets\",\"url\":\"https:\\\/\\\/www.sensorialsunsets.com\\\/fr\\\/\",\"logo\":{\"@type\":\"ImageObject\",\"inLanguage\":\"fr-FR\",\"@id\":\"https:\\\/\\\/www.sensorialsunsets.com\\\/fr\\\/#\\\/schema\\\/logo\\\/image\\\/\",\"url\":\"https:\\\/\\\/www.sensorialsunsets.com\\\/wp-content\\\/uploads\\\/2023\\\/04\\\/Logo_base_line_fond_clair.svg\",\"contentUrl\":\"https:\\\/\\\/www.sensorialsunsets.com\\\/wp-content\\\/uploads\\\/2023\\\/04\\\/Logo_base_line_fond_clair.svg\",\"width\":\"1024\",\"height\":\"1024\",\"caption\":\"SensorialSunsets\"},\"image\":{\"@id\":\"https:\\\/\\\/www.sensorialsunsets.com\\\/fr\\\/#\\\/schema\\\/logo\\\/image\\\/\"},\"sameAs\":[\"https:\\\/\\\/www.facebook.com\\\/Sensorial-Sunsets-109180614715562\",\"https:\\\/\\\/www.instagram.com\\\/sensorialsunsets\\\/\"]},{\"@type\":\"Person\",\"@id\":\"https:\\\/\\\/www.sensorialsunsets.com\\\/fr\\\/#\\\/schema\\\/person\\\/a8336a4dbeee633f087a194db2ca482f\",\"name\":\"Marian Barrantes\",\"image\":{\"@type\":\"ImageObject\",\"inLanguage\":\"fr-FR\",\"@id\":\"https:\\\/\\\/secure.gravatar.com\\\/avatar\\\/fafbfab67eb28029818d03f44e3037bd798e04434d8d5c0cfc2eea8ec2882a22?s=96&d=mm&r=g\",\"url\":\"https:\\\/\\\/secure.gravatar.com\\\/avatar\\\/fafbfab67eb28029818d03f44e3037bd798e04434d8d5c0cfc2eea8ec2882a22?s=96&d=mm&r=g\",\"contentUrl\":\"https:\\\/\\\/secure.gravatar.com\\\/avatar\\\/fafbfab67eb28029818d03f44e3037bd798e04434d8d5c0cfc2eea8ec2882a22?s=96&d=mm&r=g\",\"caption\":\"Marian Barrantes\"},\"sameAs\":[\"https:\\\/\\\/www.sensorialsunsets.com\"],\"url\":\"https:\\\/\\\/www.sensorialsunsets.com\\\/fr\\\/author\\\/mbarrantes\\\/\"}]}<\/script>\n<!-- \/ Yoast SEO plugin. -->","yoast_head_json":{"title":"La classe moyenne au Costa Rica - SensorialSunsets","description":"La classe moyenne au Costa Rica n'a cess\u00e9 d'augmenter. Toutefois, les in\u00e9galit\u00e9s se sont accrues.","robots":{"index":"index","follow":"follow","max-snippet":"max-snippet:-1","max-image-preview":"max-image-preview:large","max-video-preview":"max-video-preview:-1"},"canonical":"https:\/\/www.sensorialsunsets.com\/fr\/la-classe-moyenne-au-costa-rica\/","og_locale":"fr_FR","og_type":"article","og_title":"La classe moyenne au Costa Rica - SensorialSunsets","og_description":"La classe moyenne au Costa Rica n'a cess\u00e9 d'augmenter. Toutefois, les in\u00e9galit\u00e9s se sont accrues.","og_url":"https:\/\/www.sensorialsunsets.com\/fr\/la-classe-moyenne-au-costa-rica\/","og_site_name":"SensorialSunsets","article_publisher":"https:\/\/www.facebook.com\/Sensorial-Sunsets-109180614715562","article_published_time":"2022-10-04T17:36:34+00:00","og_image":[{"width":1024,"height":768,"url":"https:\/\/www.sensorialsunsets.com\/wp-content\/uploads\/2022\/10\/dinero-sensorial-sunsets-1024x768.jpg","type":"image\/jpeg"}],"author":"Marian Barrantes","twitter_card":"summary_large_image","twitter_misc":{"\u00c9crit par":"Marian Barrantes","Dur\u00e9e de lecture estim\u00e9e":"4 minutes"},"schema":{"@context":"https:\/\/schema.org","@graph":[{"@type":"Article","@id":"https:\/\/www.sensorialsunsets.com\/fr\/la-classe-moyenne-au-costa-rica\/#article","isPartOf":{"@id":"https:\/\/www.sensorialsunsets.com\/fr\/la-classe-moyenne-au-costa-rica\/"},"author":{"name":"Marian Barrantes","@id":"https:\/\/www.sensorialsunsets.com\/fr\/#\/schema\/person\/a8336a4dbeee633f087a194db2ca482f"},"headline":"La classe moyenne au Costa Rica","datePublished":"2022-10-04T17:36:34+00:00","mainEntityOfPage":{"@id":"https:\/\/www.sensorialsunsets.com\/fr\/la-classe-moyenne-au-costa-rica\/"},"wordCount":760,"publisher":{"@id":"https:\/\/www.sensorialsunsets.com\/fr\/#organization"},"image":{"@id":"https:\/\/www.sensorialsunsets.com\/fr\/la-classe-moyenne-au-costa-rica\/#primaryimage"},"thumbnailUrl":"https:\/\/www.sensorialsunsets.com\/wp-content\/uploads\/2022\/10\/costa_rica.jpg_1102185208.webp","articleSection":["Costa Rica","Economie"],"inLanguage":"fr-FR"},{"@type":"WebPage","@id":"https:\/\/www.sensorialsunsets.com\/fr\/la-classe-moyenne-au-costa-rica\/","url":"https:\/\/www.sensorialsunsets.com\/fr\/la-classe-moyenne-au-costa-rica\/","name":"La classe moyenne au Costa Rica - SensorialSunsets","isPartOf":{"@id":"https:\/\/www.sensorialsunsets.com\/fr\/#website"},"primaryImageOfPage":{"@id":"https:\/\/www.sensorialsunsets.com\/fr\/la-classe-moyenne-au-costa-rica\/#primaryimage"},"image":{"@id":"https:\/\/www.sensorialsunsets.com\/fr\/la-classe-moyenne-au-costa-rica\/#primaryimage"},"thumbnailUrl":"https:\/\/www.sensorialsunsets.com\/wp-content\/uploads\/2022\/10\/costa_rica.jpg_1102185208.webp","datePublished":"2022-10-04T17:36:34+00:00","description":"La classe moyenne au Costa Rica n'a cess\u00e9 d'augmenter. Toutefois, les in\u00e9galit\u00e9s se sont accrues.","inLanguage":"fr-FR","potentialAction":[{"@type":"ReadAction","target":["https:\/\/www.sensorialsunsets.com\/fr\/la-classe-moyenne-au-costa-rica\/"]}]},{"@type":"ImageObject","inLanguage":"fr-FR","@id":"https:\/\/www.sensorialsunsets.com\/fr\/la-classe-moyenne-au-costa-rica\/#primaryimage","url":"https:\/\/www.sensorialsunsets.com\/wp-content\/uploads\/2022\/10\/costa_rica.jpg_1102185208.webp","contentUrl":"https:\/\/www.sensorialsunsets.com\/wp-content\/uploads\/2022\/10\/costa_rica.jpg_1102185208.webp","width":690,"height":460},{"@type":"WebSite","@id":"https:\/\/www.sensorialsunsets.com\/fr\/#website","url":"https:\/\/www.sensorialsunsets.com\/fr\/","name":"SensorialSunsets.com","description":"D\u00e9couvrez la culture et la soci\u00e9t\u00e9 du Costa Rica sur notre blog. Explorez des articles captivants et partagez le contenu.","publisher":{"@id":"https:\/\/www.sensorialsunsets.com\/fr\/#organization"},"alternateName":"Costa Rica Live Blog","potentialAction":[{"@type":"SearchAction","target":{"@type":"EntryPoint","urlTemplate":"https:\/\/www.sensorialsunsets.com\/fr\/?s={search_term_string}"},"query-input":{"@type":"PropertyValueSpecification","valueRequired":true,"valueName":"search_term_string"}}],"inLanguage":"fr-FR"},{"@type":"Organization","@id":"https:\/\/www.sensorialsunsets.com\/fr\/#organization","name":"SensorialSunsets","url":"https:\/\/www.sensorialsunsets.com\/fr\/","logo":{"@type":"ImageObject","inLanguage":"fr-FR","@id":"https:\/\/www.sensorialsunsets.com\/fr\/#\/schema\/logo\/image\/","url":"https:\/\/www.sensorialsunsets.com\/wp-content\/uploads\/2023\/04\/Logo_base_line_fond_clair.svg","contentUrl":"https:\/\/www.sensorialsunsets.com\/wp-content\/uploads\/2023\/04\/Logo_base_line_fond_clair.svg","width":"1024","height":"1024","caption":"SensorialSunsets"},"image":{"@id":"https:\/\/www.sensorialsunsets.com\/fr\/#\/schema\/logo\/image\/"},"sameAs":["https:\/\/www.facebook.com\/Sensorial-Sunsets-109180614715562","https:\/\/www.instagram.com\/sensorialsunsets\/"]},{"@type":"Person","@id":"https:\/\/www.sensorialsunsets.com\/fr\/#\/schema\/person\/a8336a4dbeee633f087a194db2ca482f","name":"Marian Barrantes","image":{"@type":"ImageObject","inLanguage":"fr-FR","@id":"https:\/\/secure.gravatar.com\/avatar\/fafbfab67eb28029818d03f44e3037bd798e04434d8d5c0cfc2eea8ec2882a22?s=96&d=mm&r=g","url":"https:\/\/secure.gravatar.com\/avatar\/fafbfab67eb28029818d03f44e3037bd798e04434d8d5c0cfc2eea8ec2882a22?s=96&d=mm&r=g","contentUrl":"https:\/\/secure.gravatar.com\/avatar\/fafbfab67eb28029818d03f44e3037bd798e04434d8d5c0cfc2eea8ec2882a22?s=96&d=mm&r=g","caption":"Marian Barrantes"},"sameAs":["https:\/\/www.sensorialsunsets.com"],"url":"https:\/\/www.sensorialsunsets.com\/fr\/author\/mbarrantes\/"}]}},"_links":{"self":[{"href":"https:\/\/www.sensorialsunsets.com\/fr\/wp-json\/wp\/v2\/posts\/3889","targetHints":{"allow":["GET"]}}],"collection":[{"href":"https:\/\/www.sensorialsunsets.com\/fr\/wp-json\/wp\/v2\/posts"}],"about":[{"href":"https:\/\/www.sensorialsunsets.com\/fr\/wp-json\/wp\/v2\/types\/post"}],"author":[{"embeddable":true,"href":"https:\/\/www.sensorialsunsets.com\/fr\/wp-json\/wp\/v2\/users\/5"}],"replies":[{"embeddable":true,"href":"https:\/\/www.sensorialsunsets.com\/fr\/wp-json\/wp\/v2\/comments?post=3889"}],"version-history":[{"count":0,"href":"https:\/\/www.sensorialsunsets.com\/fr\/wp-json\/wp\/v2\/posts\/3889\/revisions"}],"wp:featuredmedia":[{"embeddable":true,"href":"https:\/\/www.sensorialsunsets.com\/fr\/wp-json\/wp\/v2\/media\/16461"}],"wp:attachment":[{"href":"https:\/\/www.sensorialsunsets.com\/fr\/wp-json\/wp\/v2\/media?parent=3889"}],"wp:term":[{"taxonomy":"category","embeddable":true,"href":"https:\/\/www.sensorialsunsets.com\/fr\/wp-json\/wp\/v2\/categories?post=3889"},{"taxonomy":"post_tag","embeddable":true,"href":"https:\/\/www.sensorialsunsets.com\/fr\/wp-json\/wp\/v2\/tags?post=3889"}],"curies":[{"name":"wp","href":"https:\/\/api.w.org\/{rel}","templated":true}]}}