{"id":3891,"date":"2022-10-05T03:00:52","date_gmt":"2022-10-05T03:00:52","guid":{"rendered":"https:\/\/www.sensorialsunsets.com\/le-port-darmes-au-costa-rica\/"},"modified":"2022-10-05T03:00:52","modified_gmt":"2022-10-05T03:00:52","slug":"le-port-darmes-au-costa-rica","status":"publish","type":"post","link":"https:\/\/www.sensorialsunsets.com\/fr\/le-port-darmes-au-costa-rica\/","title":{"rendered":"Le port d&rsquo;armes au Costa Rica"},"content":{"rendered":"\n<p>Au Costa Rica, il existe des lois strictes sur le port d&rsquo;armes. D&rsquo;une mani\u00e8re g\u00e9n\u00e9rale, il est interdit de porter toute arme qui n&rsquo;est pas express\u00e9ment autoris\u00e9e par la loi.<\/p>\n\n<h2 class=\"wp-block-heading\"><p><strong>L\u00e9gislation sur les armes<\/strong><\/p><\/h2>\n\n<p>Le Costa Rica est un pays d&rsquo;Am\u00e9rique centrale dont la population est de 4,8 millions d&rsquo;habitants. Elle a connu une augmentation du nombre d&rsquo;armes \u00e0 feu port\u00e9es par le public au cours des derni\u00e8res d\u00e9cennies. Cela est principalement d\u00fb \u00e0 la loi autorisant le port d&rsquo;armes \u00e0 feu pour la l\u00e9gitime d\u00e9fense, qui a \u00e9t\u00e9 promulgu\u00e9e en 2002.<\/p>\n\n<p>La loi \u00e9tablit que tout citoyen costaricien a le droit de porter et d&rsquo;utiliser des armes \u00e0 feu \u00e0 des fins de d\u00e9fense et de s\u00e9curit\u00e9 personnelles, \u00e0 condition de respecter certaines restrictions telles que l&rsquo;interdiction de les porter dans des b\u00e2timents publics ou \u00e0 proximit\u00e9 d&rsquo;\u00e9coles, l&rsquo;interdiction de les porter sous l&rsquo;influence de l&rsquo;alcool ou de drogues, et la possession d&rsquo;un permis \u00e0 cet effet.<\/p>\n\n<p>Cependant, en d\u00e9cembre 2019, la r\u00e9forme de la loi sur les armes et les explosifs est entr\u00e9e en vigueur. Selon lequel une personne ne peut avoir que deux armes \u00e0 feu enregistr\u00e9es au Costa Rica.<\/p>\n\n<p>Le nouveau r\u00e8glement \u00e9tablit que les organes de l&rsquo;\u00c9tat, les institutions autonomes et semi-autonomes, les entreprises publiques et les municipalit\u00e9s seront autoris\u00e9s \u00e0 poss\u00e9der des armes. En plus des soci\u00e9t\u00e9s de s\u00e9curit\u00e9 priv\u00e9es et des entreprises. Ceux-ci, lorsqu&rsquo;ils sont en possession d&rsquo;armes, doivent informer tous les six mois le minist\u00e8re de la s\u00e9curit\u00e9 de la quantit\u00e9, du type, du num\u00e9ro de s\u00e9rie et du lieu o\u00f9 se trouvent les armes dont ils ont la garde.<\/p>\n\n<figure class=\"wp-block-image size-large\"><img loading=\"lazy\" decoding=\"async\" width=\"1024\" height=\"683\" src=\"https:\/\/www.sensorialsunsets.com\/wp-content\/uploads\/2022\/10\/armas-sensorial-sunsets-1024x683.jpg\" alt=\"armes-sensorial-sunsets\" class=\"wp-image-3854\" srcset=\"https:\/\/www.sensorialsunsets.com\/wp-content\/uploads\/2022\/10\/armas-sensorial-sunsets-1024x683.jpg 1024w, https:\/\/www.sensorialsunsets.com\/wp-content\/uploads\/2022\/10\/armas-sensorial-sunsets-300x200.jpg 300w, https:\/\/www.sensorialsunsets.com\/wp-content\/uploads\/2022\/10\/armas-sensorial-sunsets-768x512.jpg 768w, https:\/\/www.sensorialsunsets.com\/wp-content\/uploads\/2022\/10\/armas-sensorial-sunsets-1536x1024.jpg 1536w, https:\/\/www.sensorialsunsets.com\/wp-content\/uploads\/2022\/10\/armas-sensorial-sunsets-2048x1365.jpg 2048w, https:\/\/www.sensorialsunsets.com\/wp-content\/uploads\/2022\/10\/armas-sensorial-sunsets-334x222.jpg 334w, https:\/\/www.sensorialsunsets.com\/wp-content\/uploads\/2022\/10\/armas-sensorial-sunsets-1320x880.jpg 1320w\" sizes=\"auto, (max-width: 1024px) 100vw, 1024px\" \/><figcaption>Armes<\/figcaption><\/figure>\n\n<h2 class=\"wp-block-heading\"><strong>Qui ne peut pas d\u00e9tenir d&rsquo;armes dans le pays ?<\/strong><\/h2>\n\n<p>\u00bfQui\u00e9n no puede tener armas en el pa\u00eds?<\/p>\n\n<ul class=\"wp-block-list\"><li>Personnes condamn\u00e9es \u00e0 une peine de privation de libert\u00e9 ex\u00e9cutant leur peine, en milieu ouvert et ferm\u00e9.<\/li><li>Les personnes qui ont \u00e9t\u00e9 jug\u00e9es pour des d\u00e9lits contre la libert\u00e9, des d\u00e9lits sexuels et des infractions \u00e0 la loi sur les stup\u00e9fiants, les substances psychotropes, les drogues \u00e0 usage non autoris\u00e9 et les activit\u00e9s connexes, la criminalit\u00e9 organis\u00e9e et tout autre d\u00e9lit impliquant la violence.<\/li><li>Personnes \u00e2g\u00e9es de moins de 18 ans. Toutefois, les personnes \u00e2g\u00e9es de plus de 14 ans sont exempt\u00e9es de cette interdiction, dans le cas d&rsquo;armes \u00e0 feu utilis\u00e9es pour des activit\u00e9s sportives. Dans ce cas, l&rsquo;utilisation d&rsquo;armes \u00e0 feu est autoris\u00e9e pour autant qu&rsquo;elles soient d\u00fbment autoris\u00e9es par l&rsquo;organisation et uniquement dans les lieux autoris\u00e9s pour cette pratique. Sous la tutelle du repr\u00e9sentant l\u00e9gal.<\/li><li>Les personnes souffrant d&rsquo;un handicap mental ou physique d\u00fbment d\u00e9clar\u00e9 par une autorit\u00e9 m\u00e9dicale comp\u00e9tente.\u00a0<\/li><li>Les personnes ayant un casier judiciaire pour des d\u00e9lits contre la propri\u00e9t\u00e9, la violence domestique, les d\u00e9lits sexuels, les d\u00e9lits contre la vie, les d\u00e9lits contre la libert\u00e9 et les infractions \u00e0 la loi sur les stup\u00e9fiants, les substances psychotropes, les drogues \u00e0 usage non autoris\u00e9 et les activit\u00e9s connexes, le crime organis\u00e9 et tout autre d\u00e9lit impliquant la violence.<\/li><li>Ceux qui ont fait l&rsquo;objet de mesures de protection en cas de violence domestique, conform\u00e9ment \u00e0 la loi n\u00b0 7586, loi contre la violence domestique du 10 avril 1996.<\/li><\/ul>\n\n<h2 class=\"wp-block-heading\"><strong>Armes et soci\u00e9t\u00e9<\/strong><\/h2>\n\n<p>Les armes font partie int\u00e9grante de notre soci\u00e9t\u00e9. Ils existent depuis que l&rsquo;homme est sur terre. Ils sont utilis\u00e9s pour la guerre, la chasse et l&rsquo;autod\u00e9fense. Les lois r\u00e9gissant les armes \u00e0 feu varient d&rsquo;un pays \u00e0 l&rsquo;autre, il est donc important de conna\u00eetre les lois de votre pays avant de poss\u00e9der une arme. Poss\u00e9der une arme \u00e0 feu pr\u00e9sente de nombreux avantages et inconv\u00e9nients, mais tout d\u00e9pend de votre point de vue et de la fa\u00e7on dont vous comptez l&rsquo;utiliser.<\/p>\n\n<p>En 2020, 570 victimes d&rsquo;homicide volontaire ont \u00e9t\u00e9 enregistr\u00e9es au Costa Rica. Selon le type d&rsquo;arme utilis\u00e9e pour commettre l&rsquo;homicide, 405 (71%) des d\u00e9c\u00e8s ont \u00e9t\u00e9 caus\u00e9s par une arme \u00e0 feu, 80 (14%) par un couteau et 85 (15%) par un autre type d&rsquo;arme.<\/p>\n\n<p>Il y a beaucoup de peur autour des armes \u00e0 feu parce qu&rsquo;elles peuvent \u00eatre utilis\u00e9es pour nuire ou se d\u00e9fendre. Les armes \u00e0 feu sont l&rsquo;une des armes les plus courantes dans le monde d&rsquo;aujourd&rsquo;hui car elles sont faciles \u00e0 trouver et \u00e0 utiliser, mais elles causent \u00e9galement de nombreux d\u00e9c\u00e8s chaque ann\u00e9e en raison d&rsquo;accidents ou d&rsquo;une mauvaise utilisation.<\/p>\n\n<p><strong>Auteure:<\/strong> Zelda Walters pour Sensorial Sunsets<\/p>\n\n<h2 class=\"wp-block-heading\">Sources<\/h2>\n\n<p><a href=\"https:\/\/delfino.cr\/2019\/12\/entra-a-regir-ley-que-reduce-a-2-las-armas-permitidas-por-persona-en-costa-rica\">https:\/\/delfino.cr\/2019\/12\/entra-a-regir-ley-que-reduce-a-2-las-armas-permitidas-por-persona-en-costa-rica<\/a><\/p>\n\n<p><a href=\"http:\/\/www.pgrweb.go.cr\/scij\/Busqueda\/Normativa\/Normas\/nrm_texto_completo.aspx?param1=NRTC&amp;nValor1=1&amp;nValor2=26048&amp;nValor3=84992\">http:\/\/www.pgrweb.go.cr\/scij\/Busqueda\/Normativa\/Normas\/nrm_texto_completo.aspx?param1=NRTC&amp;nValor1=1&amp;nValor2=26048&amp;nValor3=84992<\/a><\/p>\n\n<p><a href=\"https:\/\/www.controlpas.go.cr\/Inicio\/RequisitosPermisosPortacionArmasFuego\">https:\/\/www.controlpas.go.cr\/Inicio\/RequisitosPermisosPortacionArmasFuego<\/a><\/p>\n\n<p><a href=\"https:\/\/infosegura.org\/wp-content\/uploads\/2021\/03\/Costa-Rica-SC-ene-a-dic-2020.pdf\">https:\/\/infosegura.org\/wp-content\/uploads\/2021\/03\/Costa-Rica-SC-ene-a-dic-2020.pdf<\/a><\/p>\n","protected":false},"excerpt":{"rendered":"<p>Au Costa Rica, il existe des lois strictes sur le port d&rsquo;armes. D&rsquo;une mani\u00e8re g\u00e9n\u00e9rale, il est interdit de porter toute arme qui n&rsquo;est pas express\u00e9ment autoris\u00e9e par la loi. L\u00e9gislation sur les armes Le Costa Rica est un pays d&rsquo;Am\u00e9rique centrale dont la population est de 4,8 millions d&rsquo;habitants. Elle a connu une augmentation [&hellip;]<\/p>\n","protected":false},"author":5,"featured_media":3853,"comment_status":"closed","ping_status":"closed","sticky":false,"template":"","format":"standard","meta":{"_acf_changed":false,"inline_featured_image":false,"_monsterinsights_skip_tracking":false,"_monsterinsights_sitenote_active":false,"_monsterinsights_sitenote_note":"","_monsterinsights_sitenote_category":0,"footnotes":""},"categories":[100,102],"tags":[],"class_list":["post-3891","post","type-post","status-publish","format-standard","has-post-thumbnail","hentry","category-costa-rica-fr","category-societe-fr"],"acf":[],"yoast_head":"<!-- This site is optimized with the Yoast SEO plugin v27.4 - https:\/\/yoast.com\/product\/yoast-seo-wordpress\/ -->\n<title>Le port d&#039;armes au Costa Rica - SensorialSunsets<\/title>\n<meta name=\"description\" content=\"Au Costa Rica, le port d&#039;armes qui ne sont pas express\u00e9ment autoris\u00e9es par la loi est interdit. Il y a des exceptions.\" \/>\n<meta name=\"robots\" content=\"index, follow, max-snippet:-1, max-image-preview:large, max-video-preview:-1\" \/>\n<link rel=\"canonical\" href=\"https:\/\/www.sensorialsunsets.com\/fr\/le-port-darmes-au-costa-rica\/\" \/>\n<meta property=\"og:locale\" content=\"fr_FR\" \/>\n<meta property=\"og:type\" content=\"article\" \/>\n<meta property=\"og:title\" content=\"Le port d&#039;armes au Costa Rica - SensorialSunsets\" \/>\n<meta property=\"og:description\" content=\"Au Costa Rica, le port d&#039;armes qui ne sont pas express\u00e9ment autoris\u00e9es par la loi est interdit. Il y a des exceptions.\" \/>\n<meta property=\"og:url\" content=\"https:\/\/www.sensorialsunsets.com\/fr\/le-port-darmes-au-costa-rica\/\" \/>\n<meta property=\"og:site_name\" content=\"SensorialSunsets\" \/>\n<meta property=\"article:publisher\" content=\"https:\/\/www.facebook.com\/Sensorial-Sunsets-109180614715562\" \/>\n<meta property=\"article:published_time\" content=\"2022-10-05T03:00:52+00:00\" \/>\n<meta property=\"og:image\" content=\"https:\/\/www.sensorialsunsets.com\/wp-content\/uploads\/2022\/10\/guns-sensorial-sunsets-scaled.jpg\" \/>\n\t<meta property=\"og:image:width\" content=\"2560\" \/>\n\t<meta property=\"og:image:height\" content=\"1503\" \/>\n\t<meta property=\"og:image:type\" content=\"image\/jpeg\" \/>\n<meta name=\"author\" content=\"Marian Barrantes\" \/>\n<meta name=\"twitter:card\" content=\"summary_large_image\" \/>\n<meta name=\"twitter:label1\" content=\"\u00c9crit par\" \/>\n\t<meta name=\"twitter:data1\" content=\"Marian Barrantes\" \/>\n\t<meta name=\"twitter:label2\" content=\"Dur\u00e9e de lecture estim\u00e9e\" \/>\n\t<meta name=\"twitter:data2\" content=\"4 minutes\" \/>\n<script type=\"application\/ld+json\" class=\"yoast-schema-graph\">{\"@context\":\"https:\\\/\\\/schema.org\",\"@graph\":[{\"@type\":\"Article\",\"@id\":\"https:\\\/\\\/www.sensorialsunsets.com\\\/fr\\\/le-port-darmes-au-costa-rica\\\/#article\",\"isPartOf\":{\"@id\":\"https:\\\/\\\/www.sensorialsunsets.com\\\/fr\\\/le-port-darmes-au-costa-rica\\\/\"},\"author\":{\"name\":\"Marian Barrantes\",\"@id\":\"https:\\\/\\\/www.sensorialsunsets.com\\\/fr\\\/#\\\/schema\\\/person\\\/a8336a4dbeee633f087a194db2ca482f\"},\"headline\":\"Le port d&rsquo;armes au Costa Rica\",\"datePublished\":\"2022-10-05T03:00:52+00:00\",\"mainEntityOfPage\":{\"@id\":\"https:\\\/\\\/www.sensorialsunsets.com\\\/fr\\\/le-port-darmes-au-costa-rica\\\/\"},\"wordCount\":851,\"publisher\":{\"@id\":\"https:\\\/\\\/www.sensorialsunsets.com\\\/fr\\\/#organization\"},\"image\":{\"@id\":\"https:\\\/\\\/www.sensorialsunsets.com\\\/fr\\\/le-port-darmes-au-costa-rica\\\/#primaryimage\"},\"thumbnailUrl\":\"https:\\\/\\\/www.sensorialsunsets.com\\\/wp-content\\\/uploads\\\/2022\\\/10\\\/guns-sensorial-sunsets-scaled.jpg\",\"articleSection\":[\"Costa Rica\",\"Soci\u00e9t\u00e9\"],\"inLanguage\":\"fr-FR\"},{\"@type\":\"WebPage\",\"@id\":\"https:\\\/\\\/www.sensorialsunsets.com\\\/fr\\\/le-port-darmes-au-costa-rica\\\/\",\"url\":\"https:\\\/\\\/www.sensorialsunsets.com\\\/fr\\\/le-port-darmes-au-costa-rica\\\/\",\"name\":\"Le port d'armes au Costa Rica - SensorialSunsets\",\"isPartOf\":{\"@id\":\"https:\\\/\\\/www.sensorialsunsets.com\\\/fr\\\/#website\"},\"primaryImageOfPage\":{\"@id\":\"https:\\\/\\\/www.sensorialsunsets.com\\\/fr\\\/le-port-darmes-au-costa-rica\\\/#primaryimage\"},\"image\":{\"@id\":\"https:\\\/\\\/www.sensorialsunsets.com\\\/fr\\\/le-port-darmes-au-costa-rica\\\/#primaryimage\"},\"thumbnailUrl\":\"https:\\\/\\\/www.sensorialsunsets.com\\\/wp-content\\\/uploads\\\/2022\\\/10\\\/guns-sensorial-sunsets-scaled.jpg\",\"datePublished\":\"2022-10-05T03:00:52+00:00\",\"description\":\"Au Costa Rica, le port d'armes qui ne sont pas express\u00e9ment autoris\u00e9es par la loi est interdit. Il y a des exceptions.\",\"inLanguage\":\"fr-FR\",\"potentialAction\":[{\"@type\":\"ReadAction\",\"target\":[\"https:\\\/\\\/www.sensorialsunsets.com\\\/fr\\\/le-port-darmes-au-costa-rica\\\/\"]}]},{\"@type\":\"ImageObject\",\"inLanguage\":\"fr-FR\",\"@id\":\"https:\\\/\\\/www.sensorialsunsets.com\\\/fr\\\/le-port-darmes-au-costa-rica\\\/#primaryimage\",\"url\":\"https:\\\/\\\/www.sensorialsunsets.com\\\/wp-content\\\/uploads\\\/2022\\\/10\\\/guns-sensorial-sunsets-scaled.jpg\",\"contentUrl\":\"https:\\\/\\\/www.sensorialsunsets.com\\\/wp-content\\\/uploads\\\/2022\\\/10\\\/guns-sensorial-sunsets-scaled.jpg\",\"width\":2560,\"height\":1503},{\"@type\":\"WebSite\",\"@id\":\"https:\\\/\\\/www.sensorialsunsets.com\\\/fr\\\/#website\",\"url\":\"https:\\\/\\\/www.sensorialsunsets.com\\\/fr\\\/\",\"name\":\"SensorialSunsets.com\",\"description\":\"D\u00e9couvrez la culture et la soci\u00e9t\u00e9 du Costa Rica sur notre blog. Explorez des articles captivants et partagez le contenu.\",\"publisher\":{\"@id\":\"https:\\\/\\\/www.sensorialsunsets.com\\\/fr\\\/#organization\"},\"alternateName\":\"Costa Rica Live Blog\",\"potentialAction\":[{\"@type\":\"SearchAction\",\"target\":{\"@type\":\"EntryPoint\",\"urlTemplate\":\"https:\\\/\\\/www.sensorialsunsets.com\\\/fr\\\/?s={search_term_string}\"},\"query-input\":{\"@type\":\"PropertyValueSpecification\",\"valueRequired\":true,\"valueName\":\"search_term_string\"}}],\"inLanguage\":\"fr-FR\"},{\"@type\":\"Organization\",\"@id\":\"https:\\\/\\\/www.sensorialsunsets.com\\\/fr\\\/#organization\",\"name\":\"SensorialSunsets\",\"url\":\"https:\\\/\\\/www.sensorialsunsets.com\\\/fr\\\/\",\"logo\":{\"@type\":\"ImageObject\",\"inLanguage\":\"fr-FR\",\"@id\":\"https:\\\/\\\/www.sensorialsunsets.com\\\/fr\\\/#\\\/schema\\\/logo\\\/image\\\/\",\"url\":\"https:\\\/\\\/www.sensorialsunsets.com\\\/wp-content\\\/uploads\\\/2023\\\/04\\\/Logo_base_line_fond_clair.svg\",\"contentUrl\":\"https:\\\/\\\/www.sensorialsunsets.com\\\/wp-content\\\/uploads\\\/2023\\\/04\\\/Logo_base_line_fond_clair.svg\",\"width\":\"1024\",\"height\":\"1024\",\"caption\":\"SensorialSunsets\"},\"image\":{\"@id\":\"https:\\\/\\\/www.sensorialsunsets.com\\\/fr\\\/#\\\/schema\\\/logo\\\/image\\\/\"},\"sameAs\":[\"https:\\\/\\\/www.facebook.com\\\/Sensorial-Sunsets-109180614715562\",\"https:\\\/\\\/www.instagram.com\\\/sensorialsunsets\\\/\"]},{\"@type\":\"Person\",\"@id\":\"https:\\\/\\\/www.sensorialsunsets.com\\\/fr\\\/#\\\/schema\\\/person\\\/a8336a4dbeee633f087a194db2ca482f\",\"name\":\"Marian Barrantes\",\"image\":{\"@type\":\"ImageObject\",\"inLanguage\":\"fr-FR\",\"@id\":\"https:\\\/\\\/secure.gravatar.com\\\/avatar\\\/fafbfab67eb28029818d03f44e3037bd798e04434d8d5c0cfc2eea8ec2882a22?s=96&d=mm&r=g\",\"url\":\"https:\\\/\\\/secure.gravatar.com\\\/avatar\\\/fafbfab67eb28029818d03f44e3037bd798e04434d8d5c0cfc2eea8ec2882a22?s=96&d=mm&r=g\",\"contentUrl\":\"https:\\\/\\\/secure.gravatar.com\\\/avatar\\\/fafbfab67eb28029818d03f44e3037bd798e04434d8d5c0cfc2eea8ec2882a22?s=96&d=mm&r=g\",\"caption\":\"Marian Barrantes\"},\"sameAs\":[\"https:\\\/\\\/www.sensorialsunsets.com\"],\"url\":\"https:\\\/\\\/www.sensorialsunsets.com\\\/fr\\\/author\\\/mbarrantes\\\/\"}]}<\/script>\n<!-- \/ Yoast SEO plugin. -->","yoast_head_json":{"title":"Le port d'armes au Costa Rica - SensorialSunsets","description":"Au Costa Rica, le port d'armes qui ne sont pas express\u00e9ment autoris\u00e9es par la loi est interdit. Il y a des exceptions.","robots":{"index":"index","follow":"follow","max-snippet":"max-snippet:-1","max-image-preview":"max-image-preview:large","max-video-preview":"max-video-preview:-1"},"canonical":"https:\/\/www.sensorialsunsets.com\/fr\/le-port-darmes-au-costa-rica\/","og_locale":"fr_FR","og_type":"article","og_title":"Le port d'armes au Costa Rica - SensorialSunsets","og_description":"Au Costa Rica, le port d'armes qui ne sont pas express\u00e9ment autoris\u00e9es par la loi est interdit. Il y a des exceptions.","og_url":"https:\/\/www.sensorialsunsets.com\/fr\/le-port-darmes-au-costa-rica\/","og_site_name":"SensorialSunsets","article_publisher":"https:\/\/www.facebook.com\/Sensorial-Sunsets-109180614715562","article_published_time":"2022-10-05T03:00:52+00:00","og_image":[{"width":2560,"height":1503,"url":"https:\/\/www.sensorialsunsets.com\/wp-content\/uploads\/2022\/10\/guns-sensorial-sunsets-scaled.jpg","type":"image\/jpeg"}],"author":"Marian Barrantes","twitter_card":"summary_large_image","twitter_misc":{"\u00c9crit par":"Marian Barrantes","Dur\u00e9e de lecture estim\u00e9e":"4 minutes"},"schema":{"@context":"https:\/\/schema.org","@graph":[{"@type":"Article","@id":"https:\/\/www.sensorialsunsets.com\/fr\/le-port-darmes-au-costa-rica\/#article","isPartOf":{"@id":"https:\/\/www.sensorialsunsets.com\/fr\/le-port-darmes-au-costa-rica\/"},"author":{"name":"Marian Barrantes","@id":"https:\/\/www.sensorialsunsets.com\/fr\/#\/schema\/person\/a8336a4dbeee633f087a194db2ca482f"},"headline":"Le port d&rsquo;armes au Costa Rica","datePublished":"2022-10-05T03:00:52+00:00","mainEntityOfPage":{"@id":"https:\/\/www.sensorialsunsets.com\/fr\/le-port-darmes-au-costa-rica\/"},"wordCount":851,"publisher":{"@id":"https:\/\/www.sensorialsunsets.com\/fr\/#organization"},"image":{"@id":"https:\/\/www.sensorialsunsets.com\/fr\/le-port-darmes-au-costa-rica\/#primaryimage"},"thumbnailUrl":"https:\/\/www.sensorialsunsets.com\/wp-content\/uploads\/2022\/10\/guns-sensorial-sunsets-scaled.jpg","articleSection":["Costa Rica","Soci\u00e9t\u00e9"],"inLanguage":"fr-FR"},{"@type":"WebPage","@id":"https:\/\/www.sensorialsunsets.com\/fr\/le-port-darmes-au-costa-rica\/","url":"https:\/\/www.sensorialsunsets.com\/fr\/le-port-darmes-au-costa-rica\/","name":"Le port d'armes au Costa Rica - SensorialSunsets","isPartOf":{"@id":"https:\/\/www.sensorialsunsets.com\/fr\/#website"},"primaryImageOfPage":{"@id":"https:\/\/www.sensorialsunsets.com\/fr\/le-port-darmes-au-costa-rica\/#primaryimage"},"image":{"@id":"https:\/\/www.sensorialsunsets.com\/fr\/le-port-darmes-au-costa-rica\/#primaryimage"},"thumbnailUrl":"https:\/\/www.sensorialsunsets.com\/wp-content\/uploads\/2022\/10\/guns-sensorial-sunsets-scaled.jpg","datePublished":"2022-10-05T03:00:52+00:00","description":"Au Costa Rica, le port d'armes qui ne sont pas express\u00e9ment autoris\u00e9es par la loi est interdit. Il y a des exceptions.","inLanguage":"fr-FR","potentialAction":[{"@type":"ReadAction","target":["https:\/\/www.sensorialsunsets.com\/fr\/le-port-darmes-au-costa-rica\/"]}]},{"@type":"ImageObject","inLanguage":"fr-FR","@id":"https:\/\/www.sensorialsunsets.com\/fr\/le-port-darmes-au-costa-rica\/#primaryimage","url":"https:\/\/www.sensorialsunsets.com\/wp-content\/uploads\/2022\/10\/guns-sensorial-sunsets-scaled.jpg","contentUrl":"https:\/\/www.sensorialsunsets.com\/wp-content\/uploads\/2022\/10\/guns-sensorial-sunsets-scaled.jpg","width":2560,"height":1503},{"@type":"WebSite","@id":"https:\/\/www.sensorialsunsets.com\/fr\/#website","url":"https:\/\/www.sensorialsunsets.com\/fr\/","name":"SensorialSunsets.com","description":"D\u00e9couvrez la culture et la soci\u00e9t\u00e9 du Costa Rica sur notre blog. Explorez des articles captivants et partagez le contenu.","publisher":{"@id":"https:\/\/www.sensorialsunsets.com\/fr\/#organization"},"alternateName":"Costa Rica Live Blog","potentialAction":[{"@type":"SearchAction","target":{"@type":"EntryPoint","urlTemplate":"https:\/\/www.sensorialsunsets.com\/fr\/?s={search_term_string}"},"query-input":{"@type":"PropertyValueSpecification","valueRequired":true,"valueName":"search_term_string"}}],"inLanguage":"fr-FR"},{"@type":"Organization","@id":"https:\/\/www.sensorialsunsets.com\/fr\/#organization","name":"SensorialSunsets","url":"https:\/\/www.sensorialsunsets.com\/fr\/","logo":{"@type":"ImageObject","inLanguage":"fr-FR","@id":"https:\/\/www.sensorialsunsets.com\/fr\/#\/schema\/logo\/image\/","url":"https:\/\/www.sensorialsunsets.com\/wp-content\/uploads\/2023\/04\/Logo_base_line_fond_clair.svg","contentUrl":"https:\/\/www.sensorialsunsets.com\/wp-content\/uploads\/2023\/04\/Logo_base_line_fond_clair.svg","width":"1024","height":"1024","caption":"SensorialSunsets"},"image":{"@id":"https:\/\/www.sensorialsunsets.com\/fr\/#\/schema\/logo\/image\/"},"sameAs":["https:\/\/www.facebook.com\/Sensorial-Sunsets-109180614715562","https:\/\/www.instagram.com\/sensorialsunsets\/"]},{"@type":"Person","@id":"https:\/\/www.sensorialsunsets.com\/fr\/#\/schema\/person\/a8336a4dbeee633f087a194db2ca482f","name":"Marian Barrantes","image":{"@type":"ImageObject","inLanguage":"fr-FR","@id":"https:\/\/secure.gravatar.com\/avatar\/fafbfab67eb28029818d03f44e3037bd798e04434d8d5c0cfc2eea8ec2882a22?s=96&d=mm&r=g","url":"https:\/\/secure.gravatar.com\/avatar\/fafbfab67eb28029818d03f44e3037bd798e04434d8d5c0cfc2eea8ec2882a22?s=96&d=mm&r=g","contentUrl":"https:\/\/secure.gravatar.com\/avatar\/fafbfab67eb28029818d03f44e3037bd798e04434d8d5c0cfc2eea8ec2882a22?s=96&d=mm&r=g","caption":"Marian Barrantes"},"sameAs":["https:\/\/www.sensorialsunsets.com"],"url":"https:\/\/www.sensorialsunsets.com\/fr\/author\/mbarrantes\/"}]}},"_links":{"self":[{"href":"https:\/\/www.sensorialsunsets.com\/fr\/wp-json\/wp\/v2\/posts\/3891","targetHints":{"allow":["GET"]}}],"collection":[{"href":"https:\/\/www.sensorialsunsets.com\/fr\/wp-json\/wp\/v2\/posts"}],"about":[{"href":"https:\/\/www.sensorialsunsets.com\/fr\/wp-json\/wp\/v2\/types\/post"}],"author":[{"embeddable":true,"href":"https:\/\/www.sensorialsunsets.com\/fr\/wp-json\/wp\/v2\/users\/5"}],"replies":[{"embeddable":true,"href":"https:\/\/www.sensorialsunsets.com\/fr\/wp-json\/wp\/v2\/comments?post=3891"}],"version-history":[{"count":0,"href":"https:\/\/www.sensorialsunsets.com\/fr\/wp-json\/wp\/v2\/posts\/3891\/revisions"}],"wp:featuredmedia":[{"embeddable":true,"href":"https:\/\/www.sensorialsunsets.com\/fr\/wp-json\/wp\/v2\/media\/3853"}],"wp:attachment":[{"href":"https:\/\/www.sensorialsunsets.com\/fr\/wp-json\/wp\/v2\/media?parent=3891"}],"wp:term":[{"taxonomy":"category","embeddable":true,"href":"https:\/\/www.sensorialsunsets.com\/fr\/wp-json\/wp\/v2\/categories?post=3891"},{"taxonomy":"post_tag","embeddable":true,"href":"https:\/\/www.sensorialsunsets.com\/fr\/wp-json\/wp\/v2\/tags?post=3891"}],"curies":[{"name":"wp","href":"https:\/\/api.w.org\/{rel}","templated":true}]}}