{"id":3895,"date":"2022-10-05T03:08:28","date_gmt":"2022-10-05T03:08:28","guid":{"rendered":"https:\/\/www.sensorialsunsets.com\/cafe-du-costa-rica\/"},"modified":"2022-10-05T03:08:28","modified_gmt":"2022-10-05T03:08:28","slug":"cafe-du-costa-rica","status":"publish","type":"post","link":"https:\/\/www.sensorialsunsets.com\/fr\/cafe-du-costa-rica\/","title":{"rendered":"<strong>Caf\u00e9 du Costa Rica<\/strong>"},"content":{"rendered":"\n<p>L&rsquo;industrie du caf\u00e9 est le principal produit d&rsquo;exportation du Costa Rica depuis le XIXe si\u00e8cle et constitue aujourd&rsquo;hui l&rsquo;une des principales sources de revenus du pays. Elle est le deuxi\u00e8me producteur de caf\u00e9 d&rsquo;Am\u00e9rique latine et le quatri\u00e8me au monde.\u00a0<\/p>\n\n<h2 class=\"wp-block-heading\"><strong>Plantations de caf\u00e9<\/strong><\/h2>\n\n<p>La premi\u00e8re plantation de caf\u00e9 se trouvait \u00e0 100 m\u00e8tres au nord de la cath\u00e9drale m\u00e9tropolitaine, \u00e0 l&rsquo;intersection de Central Avenue et de Zero Street. Cependant, un certain nombre de facteurs ont favoris\u00e9 l&rsquo;\u00e9tablissement de la  \u00ab\u00a0graine d&rsquo;or\u00a0\u00bb.\u00a0 Par exemple, les sites autour desquels les premi\u00e8res plantations ont \u00e9t\u00e9 r\u00e9alis\u00e9es \u00e9taient caract\u00e9ris\u00e9s par des sols volcaniques extr\u00eamement fertiles. De plus, comme il y a une saison des pluies et une saison s\u00e8che, les temp\u00e9ratures sont relativement uniformes et favorables tout au long de l&rsquo;ann\u00e9e pour le d\u00e9veloppement de la plante.<\/p>\n\n<p>Apr\u00e8s l&rsquo;ind\u00e9pendance en 1821, les gouvernements municipaux ont \u00e9t\u00e9 les premiers \u00e0 encourager cette culture. Ceci, gr\u00e2ce aux nouvelles politiques de fourniture d&rsquo;usines et d&rsquo;octroi de terrains aux personnes int\u00e9ress\u00e9es par cette entreprise. La municipalit\u00e9 de Josefina, pr\u00e9curseur de cet effort, a rapidement \u00e9t\u00e9 imit\u00e9e par les organes administratifs d&rsquo;autres localit\u00e9s : Cartago et Tres Rios.<\/p>\n\n<p>Les premiers plants de caf\u00e9 ont \u00e9t\u00e9 apport\u00e9s de Guyane fran\u00e7aise et plant\u00e9s pr\u00e8s du lac Arenal en 1808. L&rsquo;industrie s&rsquo;est d\u00e9velopp\u00e9e rapidement, mais ce n&rsquo;est qu&rsquo;en 1853 qu&rsquo;une loi a \u00e9t\u00e9 adopt\u00e9e exigeant que tous les haricots export\u00e9s soient cultiv\u00e9s dans des plantations et non sur des arbres sauvages.<\/p>\n\n<figure class=\"wp-block-image size-large is-resized\"><img loading=\"lazy\" decoding=\"async\" src=\"https:\/\/www.sensorialsunsets.com\/wp-content\/uploads\/2022\/09\/clint-mckoy-h28p96ICizo-unsplash-1024x683.jpg\" alt=\"\" class=\"wp-image-3779\" width=\"733\" height=\"489\" srcset=\"https:\/\/www.sensorialsunsets.com\/wp-content\/uploads\/2022\/09\/clint-mckoy-h28p96ICizo-unsplash-1024x683.jpg 1024w, https:\/\/www.sensorialsunsets.com\/wp-content\/uploads\/2022\/09\/clint-mckoy-h28p96ICizo-unsplash-300x200.jpg 300w, https:\/\/www.sensorialsunsets.com\/wp-content\/uploads\/2022\/09\/clint-mckoy-h28p96ICizo-unsplash-768x512.jpg 768w, https:\/\/www.sensorialsunsets.com\/wp-content\/uploads\/2022\/09\/clint-mckoy-h28p96ICizo-unsplash-1536x1025.jpg 1536w, https:\/\/www.sensorialsunsets.com\/wp-content\/uploads\/2022\/09\/clint-mckoy-h28p96ICizo-unsplash-334x222.jpg 334w, https:\/\/www.sensorialsunsets.com\/wp-content\/uploads\/2022\/09\/clint-mckoy-h28p96ICizo-unsplash-1320x880.jpg 1320w\" sizes=\"auto, (max-width: 733px) 100vw, 733px\" \/><\/figure>\n\n<h2 class=\"wp-block-heading\"><strong>Introduction au march\u00e9<\/strong><\/h2>\n\n<p>Le caf\u00e9 du Costa Rica est un produit qui est cultiv\u00e9 depuis plus de 150 ans. C&rsquo;est-\u00e0-dire qu&rsquo;il est export\u00e9 depuis plus de 100 ans. Le pays a pu produire un caf\u00e9 de grande qualit\u00e9 gr\u00e2ce \u00e0 ses terres fertiles, \u00e0 la richesse de son sol volcanique et \u00e0 ses conditions climatiques.<\/p>\n\n<p>Le Costa Rica a commenc\u00e9 \u00e0 exporter du caf\u00e9 en 1824, lorsqu&rsquo;il a envoy\u00e9 sa premi\u00e8re cargaison en Europe. En 1885, le caf\u00e9 costaricien \u00e9tait devenu l&rsquo;une des principales exportations du pays, avec une production annuelle d&rsquo;environ 400 tonnes de grains verts par an.<\/p>\n\n<p>En fait, le caf\u00e9 costaricien \u00e9tait export\u00e9 sous des marques r\u00e9put\u00e9es qui nommaient leur propre produit en fonction de leur go\u00fbt.\u00a0 Les haricots \u00e9taient d&rsquo;une telle qualit\u00e9 qu&rsquo;ils n&rsquo;avaient pas besoin de grandes promotions pour \u00eatre mis sur les march\u00e9s. Cette excellence provenait d&rsquo;une am\u00e9lioration continue des techniques des b\u00e9n\u00e9ficiaires et de l&rsquo;introduction ininterrompue de m\u00e9canismes dont l&rsquo;effet b\u00e9n\u00e9fique sur la qualit\u00e9 du caf\u00e9 \u00e9tait connu. Ainsi, la mise en \u0153uvre de nouvelles techniques dans le b\u00e9n\u00e9ficiaire a co\u00efncid\u00e9 avec la consolidation du march\u00e9 europ\u00e9en de la consommation de caf\u00e9 costaricien.<\/p>\n\n<p>D&rsquo;autre part, la production de caf\u00e9 au Costa Rica remonte \u00e0 1808, lorsque les premiers plants ont \u00e9t\u00e9 introduits dans le pays par le botaniste fran\u00e7ais Jean Baptiste Pierre, Comte de Buffon. En 1822, Juan Francisco de Le\u00f3n introduit d&rsquo;autres plantes et cr\u00e9e la premi\u00e8re plantation de caf\u00e9.<\/p>\n\n<p>Par la suite, l&rsquo;Institut costaricien du caf\u00e9 (ICAFE) a \u00e9t\u00e9 cr\u00e9\u00e9 en 1991 afin de promouvoir les normes de qualit\u00e9 du caf\u00e9 produit dans le pays et de certifier ses produits d&rsquo;exportation en tant que caf\u00e9s \u00ab\u00a0tico\u00a0\u00bb authentiques. Cet institut a jou\u00e9 un r\u00f4le d\u00e9terminant dans la promotion des caf\u00e9s costariciens dans le monde et les a aid\u00e9s \u00e0 atteindre un haut niveau de reconnaissance pour leur qualit\u00e9 et leur go\u00fbt.\u00a0<\/p>\n\n<h2 class=\"wp-block-heading\"><strong>Auteure<\/strong><\/h2>\n\n<p><strong>Zelda Walters pour Sensorial Sunsets<\/strong><\/p>\n\n<h2 class=\"wp-block-heading\"><strong>Sources<\/strong><\/h2>\n\n<p><a href=\"http:\/\/www.icafe.cr\/nuestro-cafe\/historia\/\"><strong>http:\/\/www.icafe.cr\/nuestro-cafe\/historia\/<\/strong><\/a><strong>\u00a0<\/strong><\/p>\n\n<p><a href=\"https:\/\/fincarosablanca.com\/es\/cafe-de-costa-rica\/\">https:\/\/fincarosablanca.com\/es\/cafe-de-costa-rica\/<\/a><\/p>\n\n<p><a href=\"https:\/\/www.larepublica.net\/noticia\/cafe-costarricense-se-distingue-entre-los-mejores-del-mundo\">https:\/\/www.larepublica.net\/noticia\/cafe-costarricense-se-distingue-entre-los-mejores-del-mundo<\/a><\/p>\n","protected":false},"excerpt":{"rendered":"<p>L&rsquo;industrie du caf\u00e9 est le principal produit d&rsquo;exportation du Costa Rica depuis le XIXe si\u00e8cle et constitue aujourd&rsquo;hui l&rsquo;une des principales sources de revenus du pays. Elle est le deuxi\u00e8me producteur de caf\u00e9 d&rsquo;Am\u00e9rique latine et le quatri\u00e8me au monde.\u00a0 Plantations de caf\u00e9 La premi\u00e8re plantation de caf\u00e9 se trouvait \u00e0 100 m\u00e8tres au nord [&hellip;]<\/p>\n","protected":false},"author":4,"featured_media":3775,"comment_status":"closed","ping_status":"closed","sticky":false,"template":"","format":"standard","meta":{"_acf_changed":false,"inline_featured_image":false,"_monsterinsights_skip_tracking":false,"_monsterinsights_sitenote_active":false,"_monsterinsights_sitenote_note":"","_monsterinsights_sitenote_category":0,"footnotes":""},"categories":[1],"tags":[],"class_list":["post-3895","post","type-post","status-publish","format-standard","has-post-thumbnail","hentry","category-non-classifiee"],"acf":[],"yoast_head":"<!-- This site is optimized with the Yoast SEO plugin v27.4 - https:\/\/yoast.com\/product\/yoast-seo-wordpress\/ -->\n<title>Caf\u00e9 du Costa Rica - SensorialSunsets<\/title>\n<meta name=\"description\" content=\"Qu&#039;y a-t-il de mieux qu&#039;une bonne tasse de caf\u00e9 ? Cliquez ici pour en savoir plus sur le caf\u00e9 du Costa Rica, un caf\u00e9 de qualit\u00e9.\" \/>\n<meta name=\"robots\" content=\"index, follow, max-snippet:-1, max-image-preview:large, max-video-preview:-1\" \/>\n<link rel=\"canonical\" href=\"https:\/\/www.sensorialsunsets.com\/fr\/cafe-du-costa-rica\/\" \/>\n<meta property=\"og:locale\" content=\"fr_FR\" \/>\n<meta property=\"og:type\" content=\"article\" \/>\n<meta property=\"og:title\" content=\"Caf\u00e9 du Costa Rica - SensorialSunsets\" \/>\n<meta property=\"og:description\" content=\"Qu&#039;y a-t-il de mieux qu&#039;une bonne tasse de caf\u00e9 ? Cliquez ici pour en savoir plus sur le caf\u00e9 du Costa Rica, un caf\u00e9 de qualit\u00e9.\" \/>\n<meta property=\"og:url\" content=\"https:\/\/www.sensorialsunsets.com\/fr\/cafe-du-costa-rica\/\" \/>\n<meta property=\"og:site_name\" content=\"SensorialSunsets\" \/>\n<meta property=\"article:publisher\" content=\"https:\/\/www.facebook.com\/Sensorial-Sunsets-109180614715562\" \/>\n<meta property=\"article:published_time\" content=\"2022-10-05T03:08:28+00:00\" \/>\n<meta property=\"og:image\" content=\"https:\/\/www.sensorialsunsets.com\/wp-content\/uploads\/2022\/09\/joshua-newton-XpyD7z6AP4g-unsplash-scaled.jpg\" \/>\n\t<meta property=\"og:image:width\" content=\"2560\" \/>\n\t<meta property=\"og:image:height\" content=\"1708\" \/>\n\t<meta property=\"og:image:type\" content=\"image\/jpeg\" \/>\n<meta name=\"author\" content=\"Sensorial Sunsets\" \/>\n<meta name=\"twitter:card\" content=\"summary_large_image\" \/>\n<meta name=\"twitter:label1\" content=\"\u00c9crit par\" \/>\n\t<meta name=\"twitter:data1\" content=\"Sensorial Sunsets\" \/>\n\t<meta name=\"twitter:label2\" content=\"Dur\u00e9e de lecture estim\u00e9e\" \/>\n\t<meta name=\"twitter:data2\" content=\"3 minutes\" \/>\n<script type=\"application\/ld+json\" class=\"yoast-schema-graph\">{\"@context\":\"https:\\\/\\\/schema.org\",\"@graph\":[{\"@type\":\"Article\",\"@id\":\"https:\\\/\\\/www.sensorialsunsets.com\\\/fr\\\/cafe-du-costa-rica\\\/#article\",\"isPartOf\":{\"@id\":\"https:\\\/\\\/www.sensorialsunsets.com\\\/fr\\\/cafe-du-costa-rica\\\/\"},\"author\":{\"name\":\"Sensorial Sunsets\",\"@id\":\"https:\\\/\\\/www.sensorialsunsets.com\\\/fr\\\/#\\\/schema\\\/person\\\/77e2fa594135aa94024c47e281d8a94d\"},\"headline\":\"Caf\u00e9 du Costa Rica\",\"datePublished\":\"2022-10-05T03:08:28+00:00\",\"mainEntityOfPage\":{\"@id\":\"https:\\\/\\\/www.sensorialsunsets.com\\\/fr\\\/cafe-du-costa-rica\\\/\"},\"wordCount\":649,\"publisher\":{\"@id\":\"https:\\\/\\\/www.sensorialsunsets.com\\\/fr\\\/#organization\"},\"image\":{\"@id\":\"https:\\\/\\\/www.sensorialsunsets.com\\\/fr\\\/cafe-du-costa-rica\\\/#primaryimage\"},\"thumbnailUrl\":\"https:\\\/\\\/www.sensorialsunsets.com\\\/wp-content\\\/uploads\\\/2022\\\/09\\\/joshua-newton-XpyD7z6AP4g-unsplash-scaled.jpg\",\"articleSection\":[\"Non classifi\u00e9(e)\"],\"inLanguage\":\"fr-FR\"},{\"@type\":\"WebPage\",\"@id\":\"https:\\\/\\\/www.sensorialsunsets.com\\\/fr\\\/cafe-du-costa-rica\\\/\",\"url\":\"https:\\\/\\\/www.sensorialsunsets.com\\\/fr\\\/cafe-du-costa-rica\\\/\",\"name\":\"Caf\u00e9 du Costa Rica - SensorialSunsets\",\"isPartOf\":{\"@id\":\"https:\\\/\\\/www.sensorialsunsets.com\\\/fr\\\/#website\"},\"primaryImageOfPage\":{\"@id\":\"https:\\\/\\\/www.sensorialsunsets.com\\\/fr\\\/cafe-du-costa-rica\\\/#primaryimage\"},\"image\":{\"@id\":\"https:\\\/\\\/www.sensorialsunsets.com\\\/fr\\\/cafe-du-costa-rica\\\/#primaryimage\"},\"thumbnailUrl\":\"https:\\\/\\\/www.sensorialsunsets.com\\\/wp-content\\\/uploads\\\/2022\\\/09\\\/joshua-newton-XpyD7z6AP4g-unsplash-scaled.jpg\",\"datePublished\":\"2022-10-05T03:08:28+00:00\",\"description\":\"Qu'y a-t-il de mieux qu'une bonne tasse de caf\u00e9 ? Cliquez ici pour en savoir plus sur le caf\u00e9 du Costa Rica, un caf\u00e9 de qualit\u00e9.\",\"inLanguage\":\"fr-FR\",\"potentialAction\":[{\"@type\":\"ReadAction\",\"target\":[\"https:\\\/\\\/www.sensorialsunsets.com\\\/fr\\\/cafe-du-costa-rica\\\/\"]}]},{\"@type\":\"ImageObject\",\"inLanguage\":\"fr-FR\",\"@id\":\"https:\\\/\\\/www.sensorialsunsets.com\\\/fr\\\/cafe-du-costa-rica\\\/#primaryimage\",\"url\":\"https:\\\/\\\/www.sensorialsunsets.com\\\/wp-content\\\/uploads\\\/2022\\\/09\\\/joshua-newton-XpyD7z6AP4g-unsplash-scaled.jpg\",\"contentUrl\":\"https:\\\/\\\/www.sensorialsunsets.com\\\/wp-content\\\/uploads\\\/2022\\\/09\\\/joshua-newton-XpyD7z6AP4g-unsplash-scaled.jpg\",\"width\":2560,\"height\":1708},{\"@type\":\"WebSite\",\"@id\":\"https:\\\/\\\/www.sensorialsunsets.com\\\/fr\\\/#website\",\"url\":\"https:\\\/\\\/www.sensorialsunsets.com\\\/fr\\\/\",\"name\":\"SensorialSunsets.com\",\"description\":\"D\u00e9couvrez la culture et la soci\u00e9t\u00e9 du Costa Rica sur notre blog. Explorez des articles captivants et partagez le contenu.\",\"publisher\":{\"@id\":\"https:\\\/\\\/www.sensorialsunsets.com\\\/fr\\\/#organization\"},\"alternateName\":\"Costa Rica Live Blog\",\"potentialAction\":[{\"@type\":\"SearchAction\",\"target\":{\"@type\":\"EntryPoint\",\"urlTemplate\":\"https:\\\/\\\/www.sensorialsunsets.com\\\/fr\\\/?s={search_term_string}\"},\"query-input\":{\"@type\":\"PropertyValueSpecification\",\"valueRequired\":true,\"valueName\":\"search_term_string\"}}],\"inLanguage\":\"fr-FR\"},{\"@type\":\"Organization\",\"@id\":\"https:\\\/\\\/www.sensorialsunsets.com\\\/fr\\\/#organization\",\"name\":\"SensorialSunsets\",\"url\":\"https:\\\/\\\/www.sensorialsunsets.com\\\/fr\\\/\",\"logo\":{\"@type\":\"ImageObject\",\"inLanguage\":\"fr-FR\",\"@id\":\"https:\\\/\\\/www.sensorialsunsets.com\\\/fr\\\/#\\\/schema\\\/logo\\\/image\\\/\",\"url\":\"https:\\\/\\\/www.sensorialsunsets.com\\\/wp-content\\\/uploads\\\/2023\\\/04\\\/Logo_base_line_fond_clair.svg\",\"contentUrl\":\"https:\\\/\\\/www.sensorialsunsets.com\\\/wp-content\\\/uploads\\\/2023\\\/04\\\/Logo_base_line_fond_clair.svg\",\"width\":\"1024\",\"height\":\"1024\",\"caption\":\"SensorialSunsets\"},\"image\":{\"@id\":\"https:\\\/\\\/www.sensorialsunsets.com\\\/fr\\\/#\\\/schema\\\/logo\\\/image\\\/\"},\"sameAs\":[\"https:\\\/\\\/www.facebook.com\\\/Sensorial-Sunsets-109180614715562\",\"https:\\\/\\\/www.instagram.com\\\/sensorialsunsets\\\/\"]},{\"@type\":\"Person\",\"@id\":\"https:\\\/\\\/www.sensorialsunsets.com\\\/fr\\\/#\\\/schema\\\/person\\\/77e2fa594135aa94024c47e281d8a94d\",\"name\":\"Sensorial Sunsets\",\"image\":{\"@type\":\"ImageObject\",\"inLanguage\":\"fr-FR\",\"@id\":\"https:\\\/\\\/secure.gravatar.com\\\/avatar\\\/5f2d62681b1dad94c28f1500d4fc75582acdfd32b55fd1acce0a36a3c487eabe?s=96&d=mm&r=g\",\"url\":\"https:\\\/\\\/secure.gravatar.com\\\/avatar\\\/5f2d62681b1dad94c28f1500d4fc75582acdfd32b55fd1acce0a36a3c487eabe?s=96&d=mm&r=g\",\"contentUrl\":\"https:\\\/\\\/secure.gravatar.com\\\/avatar\\\/5f2d62681b1dad94c28f1500d4fc75582acdfd32b55fd1acce0a36a3c487eabe?s=96&d=mm&r=g\",\"caption\":\"Sensorial Sunsets\"},\"url\":\"https:\\\/\\\/www.sensorialsunsets.com\\\/fr\\\/author\\\/asistentes-sensorial-sunsets\\\/\"}]}<\/script>\n<!-- \/ Yoast SEO plugin. -->","yoast_head_json":{"title":"Caf\u00e9 du Costa Rica - SensorialSunsets","description":"Qu'y a-t-il de mieux qu'une bonne tasse de caf\u00e9 ? Cliquez ici pour en savoir plus sur le caf\u00e9 du Costa Rica, un caf\u00e9 de qualit\u00e9.","robots":{"index":"index","follow":"follow","max-snippet":"max-snippet:-1","max-image-preview":"max-image-preview:large","max-video-preview":"max-video-preview:-1"},"canonical":"https:\/\/www.sensorialsunsets.com\/fr\/cafe-du-costa-rica\/","og_locale":"fr_FR","og_type":"article","og_title":"Caf\u00e9 du Costa Rica - SensorialSunsets","og_description":"Qu'y a-t-il de mieux qu'une bonne tasse de caf\u00e9 ? Cliquez ici pour en savoir plus sur le caf\u00e9 du Costa Rica, un caf\u00e9 de qualit\u00e9.","og_url":"https:\/\/www.sensorialsunsets.com\/fr\/cafe-du-costa-rica\/","og_site_name":"SensorialSunsets","article_publisher":"https:\/\/www.facebook.com\/Sensorial-Sunsets-109180614715562","article_published_time":"2022-10-05T03:08:28+00:00","og_image":[{"width":2560,"height":1708,"url":"https:\/\/www.sensorialsunsets.com\/wp-content\/uploads\/2022\/09\/joshua-newton-XpyD7z6AP4g-unsplash-scaled.jpg","type":"image\/jpeg"}],"author":"Sensorial Sunsets","twitter_card":"summary_large_image","twitter_misc":{"\u00c9crit par":"Sensorial Sunsets","Dur\u00e9e de lecture estim\u00e9e":"3 minutes"},"schema":{"@context":"https:\/\/schema.org","@graph":[{"@type":"Article","@id":"https:\/\/www.sensorialsunsets.com\/fr\/cafe-du-costa-rica\/#article","isPartOf":{"@id":"https:\/\/www.sensorialsunsets.com\/fr\/cafe-du-costa-rica\/"},"author":{"name":"Sensorial Sunsets","@id":"https:\/\/www.sensorialsunsets.com\/fr\/#\/schema\/person\/77e2fa594135aa94024c47e281d8a94d"},"headline":"Caf\u00e9 du Costa Rica","datePublished":"2022-10-05T03:08:28+00:00","mainEntityOfPage":{"@id":"https:\/\/www.sensorialsunsets.com\/fr\/cafe-du-costa-rica\/"},"wordCount":649,"publisher":{"@id":"https:\/\/www.sensorialsunsets.com\/fr\/#organization"},"image":{"@id":"https:\/\/www.sensorialsunsets.com\/fr\/cafe-du-costa-rica\/#primaryimage"},"thumbnailUrl":"https:\/\/www.sensorialsunsets.com\/wp-content\/uploads\/2022\/09\/joshua-newton-XpyD7z6AP4g-unsplash-scaled.jpg","articleSection":["Non classifi\u00e9(e)"],"inLanguage":"fr-FR"},{"@type":"WebPage","@id":"https:\/\/www.sensorialsunsets.com\/fr\/cafe-du-costa-rica\/","url":"https:\/\/www.sensorialsunsets.com\/fr\/cafe-du-costa-rica\/","name":"Caf\u00e9 du Costa Rica - SensorialSunsets","isPartOf":{"@id":"https:\/\/www.sensorialsunsets.com\/fr\/#website"},"primaryImageOfPage":{"@id":"https:\/\/www.sensorialsunsets.com\/fr\/cafe-du-costa-rica\/#primaryimage"},"image":{"@id":"https:\/\/www.sensorialsunsets.com\/fr\/cafe-du-costa-rica\/#primaryimage"},"thumbnailUrl":"https:\/\/www.sensorialsunsets.com\/wp-content\/uploads\/2022\/09\/joshua-newton-XpyD7z6AP4g-unsplash-scaled.jpg","datePublished":"2022-10-05T03:08:28+00:00","description":"Qu'y a-t-il de mieux qu'une bonne tasse de caf\u00e9 ? Cliquez ici pour en savoir plus sur le caf\u00e9 du Costa Rica, un caf\u00e9 de qualit\u00e9.","inLanguage":"fr-FR","potentialAction":[{"@type":"ReadAction","target":["https:\/\/www.sensorialsunsets.com\/fr\/cafe-du-costa-rica\/"]}]},{"@type":"ImageObject","inLanguage":"fr-FR","@id":"https:\/\/www.sensorialsunsets.com\/fr\/cafe-du-costa-rica\/#primaryimage","url":"https:\/\/www.sensorialsunsets.com\/wp-content\/uploads\/2022\/09\/joshua-newton-XpyD7z6AP4g-unsplash-scaled.jpg","contentUrl":"https:\/\/www.sensorialsunsets.com\/wp-content\/uploads\/2022\/09\/joshua-newton-XpyD7z6AP4g-unsplash-scaled.jpg","width":2560,"height":1708},{"@type":"WebSite","@id":"https:\/\/www.sensorialsunsets.com\/fr\/#website","url":"https:\/\/www.sensorialsunsets.com\/fr\/","name":"SensorialSunsets.com","description":"D\u00e9couvrez la culture et la soci\u00e9t\u00e9 du Costa Rica sur notre blog. Explorez des articles captivants et partagez le contenu.","publisher":{"@id":"https:\/\/www.sensorialsunsets.com\/fr\/#organization"},"alternateName":"Costa Rica Live Blog","potentialAction":[{"@type":"SearchAction","target":{"@type":"EntryPoint","urlTemplate":"https:\/\/www.sensorialsunsets.com\/fr\/?s={search_term_string}"},"query-input":{"@type":"PropertyValueSpecification","valueRequired":true,"valueName":"search_term_string"}}],"inLanguage":"fr-FR"},{"@type":"Organization","@id":"https:\/\/www.sensorialsunsets.com\/fr\/#organization","name":"SensorialSunsets","url":"https:\/\/www.sensorialsunsets.com\/fr\/","logo":{"@type":"ImageObject","inLanguage":"fr-FR","@id":"https:\/\/www.sensorialsunsets.com\/fr\/#\/schema\/logo\/image\/","url":"https:\/\/www.sensorialsunsets.com\/wp-content\/uploads\/2023\/04\/Logo_base_line_fond_clair.svg","contentUrl":"https:\/\/www.sensorialsunsets.com\/wp-content\/uploads\/2023\/04\/Logo_base_line_fond_clair.svg","width":"1024","height":"1024","caption":"SensorialSunsets"},"image":{"@id":"https:\/\/www.sensorialsunsets.com\/fr\/#\/schema\/logo\/image\/"},"sameAs":["https:\/\/www.facebook.com\/Sensorial-Sunsets-109180614715562","https:\/\/www.instagram.com\/sensorialsunsets\/"]},{"@type":"Person","@id":"https:\/\/www.sensorialsunsets.com\/fr\/#\/schema\/person\/77e2fa594135aa94024c47e281d8a94d","name":"Sensorial Sunsets","image":{"@type":"ImageObject","inLanguage":"fr-FR","@id":"https:\/\/secure.gravatar.com\/avatar\/5f2d62681b1dad94c28f1500d4fc75582acdfd32b55fd1acce0a36a3c487eabe?s=96&d=mm&r=g","url":"https:\/\/secure.gravatar.com\/avatar\/5f2d62681b1dad94c28f1500d4fc75582acdfd32b55fd1acce0a36a3c487eabe?s=96&d=mm&r=g","contentUrl":"https:\/\/secure.gravatar.com\/avatar\/5f2d62681b1dad94c28f1500d4fc75582acdfd32b55fd1acce0a36a3c487eabe?s=96&d=mm&r=g","caption":"Sensorial Sunsets"},"url":"https:\/\/www.sensorialsunsets.com\/fr\/author\/asistentes-sensorial-sunsets\/"}]}},"_links":{"self":[{"href":"https:\/\/www.sensorialsunsets.com\/fr\/wp-json\/wp\/v2\/posts\/3895","targetHints":{"allow":["GET"]}}],"collection":[{"href":"https:\/\/www.sensorialsunsets.com\/fr\/wp-json\/wp\/v2\/posts"}],"about":[{"href":"https:\/\/www.sensorialsunsets.com\/fr\/wp-json\/wp\/v2\/types\/post"}],"author":[{"embeddable":true,"href":"https:\/\/www.sensorialsunsets.com\/fr\/wp-json\/wp\/v2\/users\/4"}],"replies":[{"embeddable":true,"href":"https:\/\/www.sensorialsunsets.com\/fr\/wp-json\/wp\/v2\/comments?post=3895"}],"version-history":[{"count":0,"href":"https:\/\/www.sensorialsunsets.com\/fr\/wp-json\/wp\/v2\/posts\/3895\/revisions"}],"wp:featuredmedia":[{"embeddable":true,"href":"https:\/\/www.sensorialsunsets.com\/fr\/wp-json\/wp\/v2\/media\/3775"}],"wp:attachment":[{"href":"https:\/\/www.sensorialsunsets.com\/fr\/wp-json\/wp\/v2\/media?parent=3895"}],"wp:term":[{"taxonomy":"category","embeddable":true,"href":"https:\/\/www.sensorialsunsets.com\/fr\/wp-json\/wp\/v2\/categories?post=3895"},{"taxonomy":"post_tag","embeddable":true,"href":"https:\/\/www.sensorialsunsets.com\/fr\/wp-json\/wp\/v2\/tags?post=3895"}],"curies":[{"name":"wp","href":"https:\/\/api.w.org\/{rel}","templated":true}]}}