{"id":3986,"date":"2022-10-12T17:10:40","date_gmt":"2022-10-12T17:10:40","guid":{"rendered":"https:\/\/www.sensorialsunsets.com\/le-singe-titi-ou-singe-ecureuil\/"},"modified":"2022-10-12T17:10:40","modified_gmt":"2022-10-12T17:10:40","slug":"le-singe-titi-ou-singe-ecureuil","status":"publish","type":"post","link":"https:\/\/www.sensorialsunsets.com\/fr\/le-singe-titi-ou-singe-ecureuil\/","title":{"rendered":"Le singe Tit\u00ed ou singe Ecureuil"},"content":{"rendered":"\n<h3 class=\"wp-block-heading\" id=\"block-eca726a0-56c2-4069-bcae-60ea2fd94a22\"><strong>Singe \u00e9cureuil ou Tit\u00ed<\/strong>&#13;\n<strong>Saimiri oerstedii<\/strong><\/h3>\n\n<p>Le Titi ou singe \u00e9cureuil est le plus petit singe du Costa Rica (il mesure 40 cm) et c&rsquo;est aussi le plus menac\u00e9. Il existe actuellement deux sous-esp\u00e8ces, la premi\u00e8re et la plus menac\u00e9e se trouve dans la r\u00e9gion de Parrita, Quepos et Potrero Grande de Buenos Aires, l&rsquo;autre sous-esp\u00e8ce se trouve dans le sud du pays, principalement dans la p\u00e9ninsule d&rsquo;Osa. Il est distribu\u00e9 du niveau de la mer \u00e0 500 m au-dessus du niveau de la mer. <\/p>\n\n<p><\/p>\n\n<h3 class=\"wp-block-heading\">Comportement du singe Tit\u00ed<\/h3>\n\n<p>Ils se d\u00e9placent g\u00e9n\u00e9ralement en groupes de 10 \u00e0 60 personnes, dont plusieurs m\u00e2les adultes, un plus petit nombre de femelles et encore moins de petits.<\/p>\n\n<p>La p\u00e9riode d&rsquo;accouplement a lieu en septembre et, en f\u00e9vrier et mars, on peut voir les jeunes sur le dos de leur m\u00e8re. Parce qu&rsquo;ils sont si petits, ils sont des proies faciles pour les serpents, les oiseaux et les chats.<\/p>\n\n<p><\/p>\n\n<h3 class=\"wp-block-heading\"><strong>Caract\u00e9ristiques du singe Tit\u00ed<\/strong><\/h3>\n\n<p>Il est de petite taille, pesant moins de 1 kg. Son pelage est court et de couleur jaune olive, son dos et ses membres sont orange, la cr\u00eate de sa t\u00eate, son museau et ses yeux sont noirs, ses joues et son nez sont de couleur peau. Il se d\u00e9place rapidement entre les branches en produisant un sifflement aigu. Contrairement aux autres singes, l&rsquo;\u00e9cureuil n&rsquo;a pas de queue pr\u00e9hensile pour l&rsquo;aider \u00e0 s&rsquo;accrocher aux arbres lorsqu&rsquo;il chasse.<\/p>\n\n<p>Actuellement, on ne les trouve que sur la p\u00e9ninsule d&rsquo;Osa, dans le parc national Manuel Antonio \u00e0 Quepos.<\/p>\n\n<h2 class=\"wp-block-heading\"><strong>Alimentation<\/strong><\/h2>\n\n<p>Comme la plupart des primates, l&rsquo;\u00e9cureuil est omnivore et son r\u00e9gime alimentaire comprend des racines, des c\u00e9r\u00e9ales, des fruits, des insectes, des vers, des petites grenouilles et des l\u00e9zards. Le singe ouistiti passe beaucoup de temps \u00e0 se d\u00e9placer et \u00e0 chercher de la nourriture dans la for\u00eat. <\/p>\n\n<p><\/p>\n\n<p>M. Barrantes &#8211; Sensorial Sunsets<\/p>\n\n<h2 class=\"wp-block-heading\"><strong>Sources<\/strong><\/h2>\n\n<p><br\/><br\/>https:\/\/es.wikipedia.org\/wiki\/Saimiri_oerstedii<\/p>\n\n<p><\/p>\n","protected":false},"excerpt":{"rendered":"<p>Singe \u00e9cureuil ou Tit\u00ed&#13; Saimiri oerstedii Le Titi ou singe \u00e9cureuil est le plus petit singe du Costa Rica (il mesure 40 cm) et c&rsquo;est aussi le plus menac\u00e9. Il existe actuellement deux sous-esp\u00e8ces, la premi\u00e8re et la plus menac\u00e9e se trouve dans la r\u00e9gion de Parrita, Quepos et Potrero Grande de Buenos Aires, l&rsquo;autre [&hellip;]<\/p>\n","protected":false},"author":5,"featured_media":3984,"comment_status":"closed","ping_status":"closed","sticky":false,"template":"","format":"standard","meta":{"_acf_changed":false,"inline_featured_image":false,"_monsterinsights_skip_tracking":false,"_monsterinsights_sitenote_active":false,"_monsterinsights_sitenote_note":"","_monsterinsights_sitenote_category":0,"footnotes":""},"categories":[100,111,168],"tags":[],"class_list":["post-3986","post","type-post","status-publish","format-standard","has-post-thumbnail","hentry","category-costa-rica-fr","category-ecologie-fr","category-actualites"],"acf":[],"yoast_head":"<!-- This site is optimized with the Yoast SEO plugin v27.4 - https:\/\/yoast.com\/product\/yoast-seo-wordpress\/ -->\n<title>Le singe Tit\u00ed ou singe Ecureuil - SensorialSunsets<\/title>\n<meta name=\"description\" content=\"Le Titi ou singe \u00e9cureuil est le plus petit singe du Costa Rica et aussi le plus menac\u00e9. Il p\u00e8se moins d&#039;un kilo.\" \/>\n<meta name=\"robots\" content=\"index, follow, max-snippet:-1, max-image-preview:large, max-video-preview:-1\" \/>\n<link rel=\"canonical\" href=\"https:\/\/www.sensorialsunsets.com\/fr\/le-singe-titi-ou-singe-ecureuil\/\" \/>\n<meta property=\"og:locale\" content=\"fr_FR\" \/>\n<meta property=\"og:type\" content=\"article\" \/>\n<meta property=\"og:title\" content=\"Le singe Tit\u00ed ou singe Ecureuil - SensorialSunsets\" \/>\n<meta property=\"og:description\" content=\"Le Titi ou singe \u00e9cureuil est le plus petit singe du Costa Rica et aussi le plus menac\u00e9. Il p\u00e8se moins d&#039;un kilo.\" \/>\n<meta property=\"og:url\" content=\"https:\/\/www.sensorialsunsets.com\/fr\/le-singe-titi-ou-singe-ecureuil\/\" \/>\n<meta property=\"og:site_name\" content=\"SensorialSunsets\" \/>\n<meta property=\"article:publisher\" content=\"https:\/\/www.facebook.com\/Sensorial-Sunsets-109180614715562\" \/>\n<meta property=\"article:published_time\" content=\"2022-10-12T17:10:40+00:00\" \/>\n<meta property=\"og:image\" content=\"https:\/\/www.sensorialsunsets.com\/wp-content\/uploads\/2022\/10\/Mono_Titi_Sensorial_Sunsets.jpg\" \/>\n\t<meta property=\"og:image:width\" content=\"345\" \/>\n\t<meta property=\"og:image:height\" content=\"302\" \/>\n\t<meta property=\"og:image:type\" content=\"image\/jpeg\" \/>\n<meta name=\"author\" content=\"Marian Barrantes\" \/>\n<meta name=\"twitter:card\" content=\"summary_large_image\" \/>\n<meta name=\"twitter:label1\" content=\"\u00c9crit par\" \/>\n\t<meta name=\"twitter:data1\" content=\"Marian Barrantes\" \/>\n\t<meta name=\"twitter:label2\" content=\"Dur\u00e9e de lecture estim\u00e9e\" \/>\n\t<meta name=\"twitter:data2\" content=\"2 minutes\" \/>\n<script type=\"application\/ld+json\" class=\"yoast-schema-graph\">{\"@context\":\"https:\\\/\\\/schema.org\",\"@graph\":[{\"@type\":\"Article\",\"@id\":\"https:\\\/\\\/www.sensorialsunsets.com\\\/fr\\\/le-singe-titi-ou-singe-ecureuil\\\/#article\",\"isPartOf\":{\"@id\":\"https:\\\/\\\/www.sensorialsunsets.com\\\/fr\\\/le-singe-titi-ou-singe-ecureuil\\\/\"},\"author\":{\"name\":\"Marian Barrantes\",\"@id\":\"https:\\\/\\\/www.sensorialsunsets.com\\\/fr\\\/#\\\/schema\\\/person\\\/a8336a4dbeee633f087a194db2ca482f\"},\"headline\":\"Le singe Tit\u00ed ou singe Ecureuil\",\"datePublished\":\"2022-10-12T17:10:40+00:00\",\"mainEntityOfPage\":{\"@id\":\"https:\\\/\\\/www.sensorialsunsets.com\\\/fr\\\/le-singe-titi-ou-singe-ecureuil\\\/\"},\"wordCount\":349,\"publisher\":{\"@id\":\"https:\\\/\\\/www.sensorialsunsets.com\\\/fr\\\/#organization\"},\"image\":{\"@id\":\"https:\\\/\\\/www.sensorialsunsets.com\\\/fr\\\/le-singe-titi-ou-singe-ecureuil\\\/#primaryimage\"},\"thumbnailUrl\":\"https:\\\/\\\/www.sensorialsunsets.com\\\/wp-content\\\/uploads\\\/2022\\\/10\\\/Mono_Titi_Sensorial_Sunsets.jpg\",\"articleSection\":[\"Costa Rica\",\"Ecologie\",\"Vivez le Costa Rica\"],\"inLanguage\":\"fr-FR\"},{\"@type\":\"WebPage\",\"@id\":\"https:\\\/\\\/www.sensorialsunsets.com\\\/fr\\\/le-singe-titi-ou-singe-ecureuil\\\/\",\"url\":\"https:\\\/\\\/www.sensorialsunsets.com\\\/fr\\\/le-singe-titi-ou-singe-ecureuil\\\/\",\"name\":\"Le singe Tit\u00ed ou singe Ecureuil - SensorialSunsets\",\"isPartOf\":{\"@id\":\"https:\\\/\\\/www.sensorialsunsets.com\\\/fr\\\/#website\"},\"primaryImageOfPage\":{\"@id\":\"https:\\\/\\\/www.sensorialsunsets.com\\\/fr\\\/le-singe-titi-ou-singe-ecureuil\\\/#primaryimage\"},\"image\":{\"@id\":\"https:\\\/\\\/www.sensorialsunsets.com\\\/fr\\\/le-singe-titi-ou-singe-ecureuil\\\/#primaryimage\"},\"thumbnailUrl\":\"https:\\\/\\\/www.sensorialsunsets.com\\\/wp-content\\\/uploads\\\/2022\\\/10\\\/Mono_Titi_Sensorial_Sunsets.jpg\",\"datePublished\":\"2022-10-12T17:10:40+00:00\",\"description\":\"Le Titi ou singe \u00e9cureuil est le plus petit singe du Costa Rica et aussi le plus menac\u00e9. Il p\u00e8se moins d'un kilo.\",\"inLanguage\":\"fr-FR\",\"potentialAction\":[{\"@type\":\"ReadAction\",\"target\":[\"https:\\\/\\\/www.sensorialsunsets.com\\\/fr\\\/le-singe-titi-ou-singe-ecureuil\\\/\"]}]},{\"@type\":\"ImageObject\",\"inLanguage\":\"fr-FR\",\"@id\":\"https:\\\/\\\/www.sensorialsunsets.com\\\/fr\\\/le-singe-titi-ou-singe-ecureuil\\\/#primaryimage\",\"url\":\"https:\\\/\\\/www.sensorialsunsets.com\\\/wp-content\\\/uploads\\\/2022\\\/10\\\/Mono_Titi_Sensorial_Sunsets.jpg\",\"contentUrl\":\"https:\\\/\\\/www.sensorialsunsets.com\\\/wp-content\\\/uploads\\\/2022\\\/10\\\/Mono_Titi_Sensorial_Sunsets.jpg\",\"width\":345,\"height\":302},{\"@type\":\"WebSite\",\"@id\":\"https:\\\/\\\/www.sensorialsunsets.com\\\/fr\\\/#website\",\"url\":\"https:\\\/\\\/www.sensorialsunsets.com\\\/fr\\\/\",\"name\":\"SensorialSunsets.com\",\"description\":\"D\u00e9couvrez la culture et la soci\u00e9t\u00e9 du Costa Rica sur notre blog. Explorez des articles captivants et partagez le contenu.\",\"publisher\":{\"@id\":\"https:\\\/\\\/www.sensorialsunsets.com\\\/fr\\\/#organization\"},\"alternateName\":\"Costa Rica Live Blog\",\"potentialAction\":[{\"@type\":\"SearchAction\",\"target\":{\"@type\":\"EntryPoint\",\"urlTemplate\":\"https:\\\/\\\/www.sensorialsunsets.com\\\/fr\\\/?s={search_term_string}\"},\"query-input\":{\"@type\":\"PropertyValueSpecification\",\"valueRequired\":true,\"valueName\":\"search_term_string\"}}],\"inLanguage\":\"fr-FR\"},{\"@type\":\"Organization\",\"@id\":\"https:\\\/\\\/www.sensorialsunsets.com\\\/fr\\\/#organization\",\"name\":\"SensorialSunsets\",\"url\":\"https:\\\/\\\/www.sensorialsunsets.com\\\/fr\\\/\",\"logo\":{\"@type\":\"ImageObject\",\"inLanguage\":\"fr-FR\",\"@id\":\"https:\\\/\\\/www.sensorialsunsets.com\\\/fr\\\/#\\\/schema\\\/logo\\\/image\\\/\",\"url\":\"https:\\\/\\\/www.sensorialsunsets.com\\\/wp-content\\\/uploads\\\/2023\\\/04\\\/Logo_base_line_fond_clair.svg\",\"contentUrl\":\"https:\\\/\\\/www.sensorialsunsets.com\\\/wp-content\\\/uploads\\\/2023\\\/04\\\/Logo_base_line_fond_clair.svg\",\"width\":\"1024\",\"height\":\"1024\",\"caption\":\"SensorialSunsets\"},\"image\":{\"@id\":\"https:\\\/\\\/www.sensorialsunsets.com\\\/fr\\\/#\\\/schema\\\/logo\\\/image\\\/\"},\"sameAs\":[\"https:\\\/\\\/www.facebook.com\\\/Sensorial-Sunsets-109180614715562\",\"https:\\\/\\\/www.instagram.com\\\/sensorialsunsets\\\/\"]},{\"@type\":\"Person\",\"@id\":\"https:\\\/\\\/www.sensorialsunsets.com\\\/fr\\\/#\\\/schema\\\/person\\\/a8336a4dbeee633f087a194db2ca482f\",\"name\":\"Marian Barrantes\",\"image\":{\"@type\":\"ImageObject\",\"inLanguage\":\"fr-FR\",\"@id\":\"https:\\\/\\\/secure.gravatar.com\\\/avatar\\\/fafbfab67eb28029818d03f44e3037bd798e04434d8d5c0cfc2eea8ec2882a22?s=96&d=mm&r=g\",\"url\":\"https:\\\/\\\/secure.gravatar.com\\\/avatar\\\/fafbfab67eb28029818d03f44e3037bd798e04434d8d5c0cfc2eea8ec2882a22?s=96&d=mm&r=g\",\"contentUrl\":\"https:\\\/\\\/secure.gravatar.com\\\/avatar\\\/fafbfab67eb28029818d03f44e3037bd798e04434d8d5c0cfc2eea8ec2882a22?s=96&d=mm&r=g\",\"caption\":\"Marian Barrantes\"},\"sameAs\":[\"https:\\\/\\\/www.sensorialsunsets.com\"],\"url\":\"https:\\\/\\\/www.sensorialsunsets.com\\\/fr\\\/author\\\/mbarrantes\\\/\"}]}<\/script>\n<!-- \/ Yoast SEO plugin. -->","yoast_head_json":{"title":"Le singe Tit\u00ed ou singe Ecureuil - SensorialSunsets","description":"Le Titi ou singe \u00e9cureuil est le plus petit singe du Costa Rica et aussi le plus menac\u00e9. Il p\u00e8se moins d'un kilo.","robots":{"index":"index","follow":"follow","max-snippet":"max-snippet:-1","max-image-preview":"max-image-preview:large","max-video-preview":"max-video-preview:-1"},"canonical":"https:\/\/www.sensorialsunsets.com\/fr\/le-singe-titi-ou-singe-ecureuil\/","og_locale":"fr_FR","og_type":"article","og_title":"Le singe Tit\u00ed ou singe Ecureuil - SensorialSunsets","og_description":"Le Titi ou singe \u00e9cureuil est le plus petit singe du Costa Rica et aussi le plus menac\u00e9. Il p\u00e8se moins d'un kilo.","og_url":"https:\/\/www.sensorialsunsets.com\/fr\/le-singe-titi-ou-singe-ecureuil\/","og_site_name":"SensorialSunsets","article_publisher":"https:\/\/www.facebook.com\/Sensorial-Sunsets-109180614715562","article_published_time":"2022-10-12T17:10:40+00:00","og_image":[{"width":345,"height":302,"url":"https:\/\/www.sensorialsunsets.com\/wp-content\/uploads\/2022\/10\/Mono_Titi_Sensorial_Sunsets.jpg","type":"image\/jpeg"}],"author":"Marian Barrantes","twitter_card":"summary_large_image","twitter_misc":{"\u00c9crit par":"Marian Barrantes","Dur\u00e9e de lecture estim\u00e9e":"2 minutes"},"schema":{"@context":"https:\/\/schema.org","@graph":[{"@type":"Article","@id":"https:\/\/www.sensorialsunsets.com\/fr\/le-singe-titi-ou-singe-ecureuil\/#article","isPartOf":{"@id":"https:\/\/www.sensorialsunsets.com\/fr\/le-singe-titi-ou-singe-ecureuil\/"},"author":{"name":"Marian Barrantes","@id":"https:\/\/www.sensorialsunsets.com\/fr\/#\/schema\/person\/a8336a4dbeee633f087a194db2ca482f"},"headline":"Le singe Tit\u00ed ou singe Ecureuil","datePublished":"2022-10-12T17:10:40+00:00","mainEntityOfPage":{"@id":"https:\/\/www.sensorialsunsets.com\/fr\/le-singe-titi-ou-singe-ecureuil\/"},"wordCount":349,"publisher":{"@id":"https:\/\/www.sensorialsunsets.com\/fr\/#organization"},"image":{"@id":"https:\/\/www.sensorialsunsets.com\/fr\/le-singe-titi-ou-singe-ecureuil\/#primaryimage"},"thumbnailUrl":"https:\/\/www.sensorialsunsets.com\/wp-content\/uploads\/2022\/10\/Mono_Titi_Sensorial_Sunsets.jpg","articleSection":["Costa Rica","Ecologie","Vivez le Costa Rica"],"inLanguage":"fr-FR"},{"@type":"WebPage","@id":"https:\/\/www.sensorialsunsets.com\/fr\/le-singe-titi-ou-singe-ecureuil\/","url":"https:\/\/www.sensorialsunsets.com\/fr\/le-singe-titi-ou-singe-ecureuil\/","name":"Le singe Tit\u00ed ou singe Ecureuil - SensorialSunsets","isPartOf":{"@id":"https:\/\/www.sensorialsunsets.com\/fr\/#website"},"primaryImageOfPage":{"@id":"https:\/\/www.sensorialsunsets.com\/fr\/le-singe-titi-ou-singe-ecureuil\/#primaryimage"},"image":{"@id":"https:\/\/www.sensorialsunsets.com\/fr\/le-singe-titi-ou-singe-ecureuil\/#primaryimage"},"thumbnailUrl":"https:\/\/www.sensorialsunsets.com\/wp-content\/uploads\/2022\/10\/Mono_Titi_Sensorial_Sunsets.jpg","datePublished":"2022-10-12T17:10:40+00:00","description":"Le Titi ou singe \u00e9cureuil est le plus petit singe du Costa Rica et aussi le plus menac\u00e9. Il p\u00e8se moins d'un kilo.","inLanguage":"fr-FR","potentialAction":[{"@type":"ReadAction","target":["https:\/\/www.sensorialsunsets.com\/fr\/le-singe-titi-ou-singe-ecureuil\/"]}]},{"@type":"ImageObject","inLanguage":"fr-FR","@id":"https:\/\/www.sensorialsunsets.com\/fr\/le-singe-titi-ou-singe-ecureuil\/#primaryimage","url":"https:\/\/www.sensorialsunsets.com\/wp-content\/uploads\/2022\/10\/Mono_Titi_Sensorial_Sunsets.jpg","contentUrl":"https:\/\/www.sensorialsunsets.com\/wp-content\/uploads\/2022\/10\/Mono_Titi_Sensorial_Sunsets.jpg","width":345,"height":302},{"@type":"WebSite","@id":"https:\/\/www.sensorialsunsets.com\/fr\/#website","url":"https:\/\/www.sensorialsunsets.com\/fr\/","name":"SensorialSunsets.com","description":"D\u00e9couvrez la culture et la soci\u00e9t\u00e9 du Costa Rica sur notre blog. Explorez des articles captivants et partagez le contenu.","publisher":{"@id":"https:\/\/www.sensorialsunsets.com\/fr\/#organization"},"alternateName":"Costa Rica Live Blog","potentialAction":[{"@type":"SearchAction","target":{"@type":"EntryPoint","urlTemplate":"https:\/\/www.sensorialsunsets.com\/fr\/?s={search_term_string}"},"query-input":{"@type":"PropertyValueSpecification","valueRequired":true,"valueName":"search_term_string"}}],"inLanguage":"fr-FR"},{"@type":"Organization","@id":"https:\/\/www.sensorialsunsets.com\/fr\/#organization","name":"SensorialSunsets","url":"https:\/\/www.sensorialsunsets.com\/fr\/","logo":{"@type":"ImageObject","inLanguage":"fr-FR","@id":"https:\/\/www.sensorialsunsets.com\/fr\/#\/schema\/logo\/image\/","url":"https:\/\/www.sensorialsunsets.com\/wp-content\/uploads\/2023\/04\/Logo_base_line_fond_clair.svg","contentUrl":"https:\/\/www.sensorialsunsets.com\/wp-content\/uploads\/2023\/04\/Logo_base_line_fond_clair.svg","width":"1024","height":"1024","caption":"SensorialSunsets"},"image":{"@id":"https:\/\/www.sensorialsunsets.com\/fr\/#\/schema\/logo\/image\/"},"sameAs":["https:\/\/www.facebook.com\/Sensorial-Sunsets-109180614715562","https:\/\/www.instagram.com\/sensorialsunsets\/"]},{"@type":"Person","@id":"https:\/\/www.sensorialsunsets.com\/fr\/#\/schema\/person\/a8336a4dbeee633f087a194db2ca482f","name":"Marian Barrantes","image":{"@type":"ImageObject","inLanguage":"fr-FR","@id":"https:\/\/secure.gravatar.com\/avatar\/fafbfab67eb28029818d03f44e3037bd798e04434d8d5c0cfc2eea8ec2882a22?s=96&d=mm&r=g","url":"https:\/\/secure.gravatar.com\/avatar\/fafbfab67eb28029818d03f44e3037bd798e04434d8d5c0cfc2eea8ec2882a22?s=96&d=mm&r=g","contentUrl":"https:\/\/secure.gravatar.com\/avatar\/fafbfab67eb28029818d03f44e3037bd798e04434d8d5c0cfc2eea8ec2882a22?s=96&d=mm&r=g","caption":"Marian Barrantes"},"sameAs":["https:\/\/www.sensorialsunsets.com"],"url":"https:\/\/www.sensorialsunsets.com\/fr\/author\/mbarrantes\/"}]}},"_links":{"self":[{"href":"https:\/\/www.sensorialsunsets.com\/fr\/wp-json\/wp\/v2\/posts\/3986","targetHints":{"allow":["GET"]}}],"collection":[{"href":"https:\/\/www.sensorialsunsets.com\/fr\/wp-json\/wp\/v2\/posts"}],"about":[{"href":"https:\/\/www.sensorialsunsets.com\/fr\/wp-json\/wp\/v2\/types\/post"}],"author":[{"embeddable":true,"href":"https:\/\/www.sensorialsunsets.com\/fr\/wp-json\/wp\/v2\/users\/5"}],"replies":[{"embeddable":true,"href":"https:\/\/www.sensorialsunsets.com\/fr\/wp-json\/wp\/v2\/comments?post=3986"}],"version-history":[{"count":0,"href":"https:\/\/www.sensorialsunsets.com\/fr\/wp-json\/wp\/v2\/posts\/3986\/revisions"}],"wp:featuredmedia":[{"embeddable":true,"href":"https:\/\/www.sensorialsunsets.com\/fr\/wp-json\/wp\/v2\/media\/3984"}],"wp:attachment":[{"href":"https:\/\/www.sensorialsunsets.com\/fr\/wp-json\/wp\/v2\/media?parent=3986"}],"wp:term":[{"taxonomy":"category","embeddable":true,"href":"https:\/\/www.sensorialsunsets.com\/fr\/wp-json\/wp\/v2\/categories?post=3986"},{"taxonomy":"post_tag","embeddable":true,"href":"https:\/\/www.sensorialsunsets.com\/fr\/wp-json\/wp\/v2\/tags?post=3986"}],"curies":[{"name":"wp","href":"https:\/\/api.w.org\/{rel}","templated":true}]}}