{"id":4160,"date":"2022-11-07T14:04:33","date_gmt":"2022-11-07T20:04:33","guid":{"rendered":"https:\/\/www.sensorialsunsets.com\/?p=4160"},"modified":"2022-12-02T16:20:24","modified_gmt":"2022-12-02T22:20:24","slug":"developpement-historique-des-droits-de-lhomme-les-femmes","status":"publish","type":"post","link":"https:\/\/www.sensorialsunsets.com\/fr\/developpement-historique-des-droits-de-lhomme-les-femmes\/","title":{"rendered":"D\u00e9veloppement historique des droits de l&rsquo;homme : les femmes"},"content":{"rendered":"\n<p>Histoire de l&rsquo;\u00e9volution historique des droits de l&rsquo;homme et du r\u00f4le des femmes \u00e0 travers l&rsquo;histoire.<\/p>\n\n<figure class=\"wp-block-image size-full is-resized\"><img loading=\"lazy\" decoding=\"async\" src=\"https:\/\/www.sensorialsunsets.com\/wp-content\/uploads\/2022\/11\/image.png\" alt=\"les droits humains et le r&#xF4;le des femmes\" class=\"wp-image-4130\" width=\"394\" height=\"447\" srcset=\"https:\/\/www.sensorialsunsets.com\/wp-content\/uploads\/2022\/11\/image.png 788w, https:\/\/www.sensorialsunsets.com\/wp-content\/uploads\/2022\/11\/image-264x300.png 264w, https:\/\/www.sensorialsunsets.com\/wp-content\/uploads\/2022\/11\/image-768x871.png 768w\" sizes=\"auto, (max-width: 394px) 100vw, 394px\" \/><\/figure>\n\n<h2 class=\"wp-block-heading\">Quel a \u00e9t\u00e9 le r\u00f4le des femmes dans celles-ci ?<\/h2>\n\n<p>La vaste trajectoire historique sur les fondements des droits de l&rsquo;homme (DH), \u00e0 partir de ses diff\u00e9rentes visions, a \u00e9t\u00e9 fortement subjugu\u00e9e par les discours pr\u00e9dominants des soci\u00e9t\u00e9s. C&rsquo;est pr\u00e9cis\u00e9ment en raison de ces voix pr\u00e9pond\u00e9rantes que les voix des diff\u00e9rents groupes repr\u00e9sentatifs qui n&rsquo;ont pas trouv\u00e9 leur place, par exemple les femmes, les afro-descendants, les autochtones, les personnes ayant une orientation sexuelle diff\u00e9rente, et d&rsquo;autres encore, ont \u00e9t\u00e9 minimis\u00e9es.<\/p>\n\n<p>En d&rsquo;autres termes, ceux qui ne se conformaient pas aux st\u00e9r\u00e9otypes r\u00e9glement\u00e9s par le patriarcat h\u00e9t\u00e9ronormatif, raciste et sexiste (quiconque n&rsquo;\u00e9tait pas un homme blanc, de classe sup\u00e9rieure et cisgenre), n&rsquo;\u00e9taient pas n\u00e9cessairement pris en compte par les structures sociales, y compris la loi. Ainsi, c&rsquo;est gr\u00e2ce aux nombreuses luttes sociales men\u00e9es tout au long de l&rsquo;histoire de l&rsquo;humanit\u00e9 que, petit \u00e0 petit, cette fixation syst\u00e9matique de la discrimination et de l&rsquo;in\u00e9galit\u00e9 commence \u00e0 \u00eatre bris\u00e9e afin de construire des soci\u00e9t\u00e9s et des structures plus \u00e9quitables, libres, \u00e9galitaires et, surtout, dignes.\u00a0<\/p>\n\n<h2 class=\"wp-block-heading\">Qu&rsquo;est-ce qu&rsquo;un droit humain ?<\/h2>\n\n<p>Il existe diverses d\u00e9finitions de ce que peut constituer un \u00ab\u00a0droit de l\u2019homme\u00a0\u00bb; et m\u00eame, certaines g\u00e9n\u00e9rations de droits de l\u2019homme ont \u00e9t\u00e9 d\u00e9termin\u00e9es au niveau de la doctrine, en fonction des contextes particuliers. En utilisant les mots de Pacheco Gomez (s.f.)\u00a0:<\/p>\n\n<p>Toute personne humaine poss\u00e8de des droits en tant que tels et ceux-ci doivent \u00eatre reconnus et garantis par l\u2019\u00c9tat sans aucune discrimination sociale, \u00e9conomique, juridique, politique, id\u00e9ologique, culturelle ou sexuelle. Mais, en m\u00eame temps, je voudrais souligner que ces droits sont fondamentaux, c\u2019est-\u00e0-dire qu\u2019ils sont li\u00e9s \u00e0 l\u2019id\u00e9e de dignit\u00e9 de la personne humaine.<\/p>\n\n<p>Par cons\u00e9quent, on peut comprendre qu&rsquo;il n&rsquo;y a pas eu, et qu&rsquo;il n&rsquo;y aura jamais, une conception univoque des droits de l&rsquo;homme et de tout ce qu&rsquo;ils impliquent. Comme le mentionne Bobbio (1964) : \u00ab\u00a0Il ne faut pas parler d&rsquo;un fondement unique, mais de fondements des droits de l&rsquo;homme, de fondements diff\u00e9rents\u00a0\u00bb.<\/p>\n\n<p>En d&rsquo;autres termes, c&rsquo;est le progr\u00e8s de la dignit\u00e9 humaine qui a manifest\u00e9 ce qui est consid\u00e9r\u00e9 comme le droit de toute personne, de tout \u00eatre humain. Celle-ci, \u00e0 travers les relations politiques, \u00e9conomiques, religieuses et autres, dessine l&rsquo;existence des droits de l&rsquo;homme de mani\u00e8re dynamique.<\/p>\n\n<p>On peut donc comprendre que l&rsquo;\u00e9volution normative et doctrinale des Droits de l&rsquo;Homme (DH) n&rsquo;a pas n\u00e9cessairement envisag\u00e9 des figures diff\u00e9rentes de l&rsquo;homme blanc cisgenre ; au contraire, ces sujets, ignor\u00e9s au d\u00e9part, ont d\u00fb \u00eatre inclus tr\u00e8s r\u00e9cemment dans les r\u00e9glementations sur les DH et dans les instruments internationaux.\u00a0<\/p>\n\n<p>Elle a presque \u00ab\u00a0forc\u00e9\u00a0\u00bb l&rsquo;analyse des lacunes et des \u00e9checs de l&rsquo;inclusion historique. En effet, le concept original de \u00ab\u00a0dignit\u00e9 humaine\u00a0\u00bb se rapportait au droit des hommes, cr\u00e9\u00e9 par les hommes et pour les hommes. C&rsquo;est ainsi que le concept primordial de \u00ab\u00a0droit de l&rsquo;homme\u00a0\u00bb a \u00e9t\u00e9 appel\u00e9 \u00ab\u00a0droit de l&rsquo;homme\u00a0\u00bb ; aujourd&rsquo;hui encore, certains appellent les droits de l&rsquo;homme \u00ab\u00a0droits de l&rsquo;homme\u00a0\u00bb en raison de cette notion historique.<\/p>\n\n<h2 class=\"wp-block-heading\">Comment les femmes ont-elles \u00e9t\u00e9 exclues de l\u2019histoire \u00e9volutive des Droits de l\u2019Homme ?<\/h2>\n\n<p>Selon Peces Barba (n.d.) : \u00a0\u00bb Toute tentative de fondation rationnelle des droits doit tenir compte de ce point de d\u00e9part historique, de la dissidence, avec la situation juridique et politique de l&rsquo;\u00c9tat absolu \u00ab\u00a0. Ainsi, parler de l&rsquo;\u00e9volution des Droits de l&rsquo;Homme est indissociable du contexte historique, nid d&rsquo;id\u00e9ologies politico-philosophiques, \u00e9conomiques et culturelles qui circonscrivent les DH.<\/p>\n\n<p>Tout d&rsquo;abord, si l&rsquo;on se place \u00e0 l&rsquo;\u00e9poque romaine, en raison de la culture profond\u00e9ment enracin\u00e9e de limitation des femmes, qui ne sont m\u00eame pas consid\u00e9r\u00e9es comme des personnes capables de penser ou de sentir, de faire les m\u00eames choses qu&rsquo;un homme, et d&rsquo;autres id\u00e9es, la possibilit\u00e9 de les fonder comme : droits de l&rsquo;homme libre est r\u00e9duite. En l&rsquo;occurrence, il s&rsquo;agit des patres (patriciens ou patriarches) de Rome, qui ont m\u00eame donn\u00e9 naissance \u00e0 la notion de patriarcat (pouvoir entre les mains des patres).<\/p>\n\n<p>Plus tard, \u00e0 l&rsquo;\u00e9poque du f\u00e9odalisme, les droits des seigneurs (fiefs), non seulement constituent la notion m\u00eame d'\u00a0\u00bbhommes au pouvoir\u00a0\u00bb, mais la tenure \u00e9conomique est mise en avant (g\u00e9n\u00e9rant un patriarcat de classe). Si l&rsquo;on remonte quelques si\u00e8cles plus loin, l&rsquo;une des r\u00e9volutions les plus radicales (la R\u00e9volution fran\u00e7aise) a abouti \u00e0 la D\u00e9claration des droits de l&rsquo;homme et du citoyen (1789), l&rsquo;une des plus anciennes r\u00e9glementations o\u00f9 les droits de l&rsquo;homme sont circonscrits ou \u00ab\u00a0positiv\u00e9s\u00a0\u00bb.\u00a0<\/p>\n\n<p>Ce texte normatif classique, qui a jet\u00e9 les bases de nombreux droits adopt\u00e9s globalement par les \u00c9tats modernes, exclut tacitement les femmes. Comment ? Cette d\u00e9claration fait r\u00e9f\u00e9rence aux droits de tous les hommes (bien que cela soit \u00e9galement discutable en raison de l&rsquo;exclusion des hommes noirs) et, en g\u00e9n\u00e9ral, aux droits des citoyens ; dans aucune de ces deux hypoth\u00e8ses (homme et citoyen), les femmes ne trouvent leur place.\u00a0<\/p>\n\n<figure class=\"wp-block-image size-full\"><img loading=\"lazy\" decoding=\"async\" width=\"612\" height=\"410\" src=\"https:\/\/www.sensorialsunsets.com\/wp-content\/uploads\/2022\/11\/istockphoto-1372357290-612x612-1.jpg\" alt=\"Lever le poing violet d'une femme pour la journ&#xE9;e internationale de la femme et le mouvement f&#xE9;ministe. 8 mars pour le f&#xE9;minisme, l'ind&#xE9;pendance, la libert&#xE9;, l'autonomisation et le militantisme pour les droits des femmes.\" class=\"wp-image-4125\" srcset=\"https:\/\/www.sensorialsunsets.com\/wp-content\/uploads\/2022\/11\/istockphoto-1372357290-612x612-1.jpg 612w, https:\/\/www.sensorialsunsets.com\/wp-content\/uploads\/2022\/11\/istockphoto-1372357290-612x612-1-300x201.jpg 300w\" sizes=\"auto, (max-width: 612px) 100vw, 612px\" \/><figcaption class=\"wp-element-caption\">Lever le poing violet d&rsquo;une femme pour la journ\u00e9e internationale de la femme et le mouvement f\u00e9ministe. 8 mars pour le f\u00e9minisme, l&rsquo;ind\u00e9pendance, la libert\u00e9, l&rsquo;autonomisation et le militantisme pour les droits des femmes.<\/figcaption><\/figure>\n\n<p>Pour contrer la critique selon laquelle \u00ab\u00a0c&rsquo;est l&rsquo;usage du langage\u00a0\u00bb, dans ce contexte pr\u00e9cis, les femmes n&rsquo;\u00e9taient pas vraiment incluses du tout, et il ne s&rsquo;agissait pas d&rsquo;un simple usage du langage. Il ne s&rsquo;agit donc pas de l&rsquo;utilisation sexiste du langage, mais bien de l&rsquo;exclusion r\u00e9elle des femmes ; malgr\u00e9, m\u00eame, l&rsquo;aide que beaucoup ont apport\u00e9e aux hommes pendant la R\u00e9volution, comme Jeanne d&rsquo;Arc.\u00a0<\/p>\n\n<p>Par cons\u00e9quent, cet autre exemple montre bien que l&rsquo;\u00e9volution des droits de l&rsquo;homme ne fait rien d&rsquo;autre que de contempler les voix du pouvoir et de la domination, et que si l&rsquo;id\u00e9ologie pr\u00e9dominante sur la dignit\u00e9, qui dans ce cas est celle qui s&rsquo;est r\u00e9pandue sous le slogan de \u00ab\u00a0libert\u00e9, \u00e9galit\u00e9 et fraternit\u00e9\u00a0\u00bb, excluait d\u00e9lib\u00e9r\u00e9ment certains groupes pour des raisons sexistes et racistes, les droits seraient positiv\u00e9s en fonction de ces id\u00e9aux.<\/p>\n\n<h2 class=\"wp-block-heading\">La D\u00e9claration a manifest\u00e9 la culture profond\u00e9ment enracin\u00e9e du patriarcat.<\/h2>\n\n<p>Au point de n\u00e9gliger le combat des femmes aux c\u00f4t\u00e9s des hommes et aussi de faire taire ceux qui en ont pris conscience (en les envoyant \u00e0 la guillotine). La figure d&rsquo;Olympe de Gouges, qui a d\u00e9cid\u00e9 d&rsquo;aller \u00e0 l&rsquo;encontre de cette structure patriarcale et de r\u00e9diger la m\u00eame d\u00e9claration mais du point de vue de la dignit\u00e9 des femmes, est particuli\u00e8rement remarquable, obtenant ce r\u00e9sultat dans son assassinat.\u00a0<\/p>\n\n<p>\u00a0\u00bb Olympe a sans doute \u00e9t\u00e9 un pr\u00e9curseur pr\u00e9matur\u00e9 de la cat\u00e9gorie de genre, mais son combat a \u00e9t\u00e9 la d\u00e9fense des droits politiques des femmes \u00a0\u00bb (Gloria Ram\u00edrez, p.4, 2015). Comme Olympe, les femmes, dans diff\u00e9rents mouvements sociaux, se sont battues pour r\u00e9cup\u00e9rer cette dignit\u00e9 correspondante que la plupart des hommes feignaient d&rsquo;ignorer.<\/p>\n\n<p>Un autre exemple, plus proche du contexte actuel, est celui des suffragettes en Europe et en Oc\u00e9anie (les premiers endroits o\u00f9 les luttes f\u00e9ministes dans plusieurs pays ont r\u00e9ussi \u00e0 obtenir le suffrage des femmes) ; le droit de vote et, en soi, le pouvoir du suffrage comme droit humain de nature civile et politique, n&rsquo;\u00e9tait pas non plus envisag\u00e9 comme un droit fondamental pour les minorit\u00e9s (femmes, hommes asservis, indig\u00e8nes&#8230;).<\/p>\n\n<blockquote class=\"wp-block-quote is-layout-flow wp-block-quote-is-layout-flow\">\n<p>\u00ab\u00a0Il ne s&rsquo;agit donc pas d&rsquo;exigences \u00e9ternelles, mais seulement de droits historiques, de manifestations des besoins de telle ou telle \u00e9poque, et de tentatives de satisfaire ces besoins\u00a0\u00bb (Benedetto Croce, p.143, 1976). En d&rsquo;autres termes, les transformations socio-historiques seront celles qui refl\u00e8tent la n\u00e9cessit\u00e9 de corriger les lacunes fournies par les structures dominantes du moment dans lequel un certain droit est fourni. C&rsquo;est ici qu&rsquo;intervient la prise en compte des DH des femmes, mais plus seulement des femmes blanches, europ\u00e9ennes ou de classe sup\u00e9rieure, mais de toutes les femmes, m\u00eame au-del\u00e0 de la consid\u00e9ration du sexe biologique (femmes trans).<\/p>\n<\/blockquote>\n\n<blockquote class=\"wp-block-quote is-layout-flow wp-block-quote-is-layout-flow\">\n<figure class=\"wp-block-table\"><table><tbody><tr><td>\u00ab\u00a0Toute tentative de fondation rationnelle des droits doit tenir compte de ce point de d\u00e9part historique, de la dissidence, avec la situation juridique et politique de l&rsquo;\u00c9tat absolu\u00a0\u00bb.<\/td><\/tr><\/tbody><\/table><\/figure>\n\n\n\n<figure class=\"wp-block-table\"><table><tbody><tr><td>\u00ab\u00a0Il ne s&rsquo;agit donc pas de revendications \u00e9ternelles, mais seulement de droits historiques, de manifestations des besoins de telle ou telle \u00e9poque, et de tentatives de satisfaction de ces besoins\u00a0\u00bb.<\/td><\/tr><\/tbody><\/table><\/figure>\n<\/blockquote>\n\n<h2 class=\"wp-block-heading\">Le futur paysage des droits humains des femmes<\/h2>\n\n<p>Dans divers ouvrages, H\u00e9l\u00e8ne Cixous a exprim\u00e9 la n\u00e9cessit\u00e9 de la reconnaissance des femmes dans les textes historiques et la doctrine dans tous les domaines : droit, \u00e9conomie, politique, science, technologie, entre autres. \u00ab\u00a0Les femmes, prenant pour elles-m\u00eames la possibilit\u00e9 de parler (&#8230;) peuvent entrer dans l&rsquo;histoire (&#8230;) \u00e0 part enti\u00e8re, dans tous les syst\u00e8mes symboliques et les processus politiques\u00a0\u00bb. C&rsquo;est ainsi que la lutte pour les droits de l&rsquo;homme, notamment ceux des femmes et d&rsquo;autres groupes, s&rsquo;est refl\u00e9t\u00e9e.<\/p>\n\n<p>Aujourd&rsquo;hui, davantage de femmes se joignent \u00e0 la demande d&rsquo;espaces politiques et de droits de l&rsquo;homme, comme en t\u00e9moigne la cr\u00e9ation d&rsquo;ONU Femmes en juillet 2010. De plus en plus de femmes prennent le pouvoir dans diverses sph\u00e8res de la vie, et des normes internationales ont \u00e9t\u00e9 cr\u00e9\u00e9es qui indiquent l&rsquo;importance de la protection et de la reconnaissance des droits humains des femmes.\u00a0<\/p>\n\n<h2 class=\"wp-block-heading\">Il existe diff\u00e9rentes Conventions\/Trait\u00e9s, Organisations et autres qui ont mis l&rsquo;accent sur les droits des femmes. Pour n&rsquo;en citer que quelques-uns, voici quelques exemples :<\/h2>\n\n<ul class=\"wp-block-list\">\n<li>Convention sur les droits politiques des femmes (1952)<\/li>\n\n\n\n<li>Convention sur l&rsquo;\u00e9limination de toutes les formes de discrimination \u00e0 l&rsquo;\u00e9gard des femmes (CEDAW) (1979)<\/li>\n\n\n\n<li>Convention interam\u00e9ricaine sur la pr\u00e9vention, la sanction et l&rsquo;\u00e9limination de la violence contre la femme (Belem do Para, 1994).<\/li>\n<\/ul>\n\n<p>\u00ab\u00a0Les droits de l&rsquo;homme existent et sont poss\u00e9d\u00e9s par le sujet ind\u00e9pendamment du fait qu&rsquo;ils soient ou non reconnus par le droit positif\u00a0\u00bb, (Fern\u00e1ndez-Galiano, p.150). C&rsquo;est pourquoi il existe des normes sp\u00e9cialis\u00e9es pour la protection de certains droits de l&rsquo;homme, car m\u00eame s&rsquo;ils n&rsquo;ont pas \u00e9t\u00e9 envisag\u00e9s dans les droits de l&rsquo;homme ou les lois nationales initiales, cela ne signifie pas qu&rsquo;ils n&rsquo;existent pas.<\/p>\n\n<p>Lorsqu&rsquo;un droit individuel est transpos\u00e9 au niveau collectif, la reconnaissance formelle de la r\u00e9alit\u00e9 respective de ce droit devient plus r\u00e9alisable. Ainsi, le fait de continuer \u00e0 reconna\u00eetre les particularit\u00e9s des femmes dont les droits sont ignor\u00e9s, ainsi que d&rsquo;autres groupes vuln\u00e9rables, permettra de poursuivre le d\u00e9veloppement des droits de l&rsquo;homme et des m\u00e9canismes de nature globale qui soutiennent cette protection et cette garantie.<\/p>\n\n<p> Il est toujours n\u00e9cessaire de lutter dans une perspective d&rsquo;intersectionnalit\u00e9, en reconnaissant toutes les femmes et leurs d\u00e9fis respectifs, par exemple pour les femmes noires, indig\u00e8nes, orientales, trans et queer, afin de continuer \u00e0 d\u00e9velopper les droits humains de chaque personne.\u00a0<\/p>\n\n<figure class=\"wp-block-pullquote has-text-align-left\"><blockquote><p>R\u00c9SUM\u00c9 DES POINTS IMPORTANTS&#13;\n&#13;\nIl n&rsquo;existe pas de concept unique des droits de l&rsquo;homme, car il r\u00e9pond \u00e0 des r\u00e9alit\u00e9s historiques et adopte une conceptualisation diff\u00e9rente selon les paradigmes sociaux. Les premi\u00e8res notions des droits de l&rsquo;homme \u00e9taient sp\u00e9cifiquement masculines (surtout blanches et de la classe sup\u00e9rieure), ce qui a influenc\u00e9 la positivisation ou la formalisation des droits des hommes et des citoyens sur la base de ce st\u00e9r\u00e9otype, laissant ainsi de c\u00f4t\u00e9 les autres hommes, les femmes et ceux qui ne r\u00e9pondaient pas aux exigences raciales ou \u00e9conomiques. Aujourd&rsquo;hui, de nombreuses femmes continuent de lutter pour s&rsquo;ins\u00e9rer dans tous les domaines et pour revendiquer leurs droits et ceux de toutes les femmes. Diff\u00e9rents trait\u00e9s et organisations internationales ont positiv\u00e9 la n\u00e9cessit\u00e9 de reconna\u00eetre, prot\u00e9ger et surveiller les droits des femmes. Cependant, la lutte doit continuer, et surtout, dans la perspective de l&rsquo;intersectionnalit\u00e9.<\/p><\/blockquote><\/figure>\n\n<p>Auteur. Sof\u00eda Poveda Garro<\/p>\n\n<p>\u00c9tudiant en droit &#8211; Universit\u00e9 du Costa Rica&#13;\nsofiapovedagarro@gmail.com \/ sofia.poveda@ucr.ac.cr<\/p>\n","protected":false},"excerpt":{"rendered":"<p>Histoire de l&rsquo;\u00e9volution historique des droits de l&rsquo;homme et du r\u00f4le des femmes \u00e0 travers l&rsquo;histoire. Quel a \u00e9t\u00e9 le r\u00f4le des femmes dans celles-ci ? La vaste trajectoire historique sur les fondements des droits de l&rsquo;homme (DH), \u00e0 partir de ses diff\u00e9rentes visions, a \u00e9t\u00e9 fortement subjugu\u00e9e par les discours pr\u00e9dominants des soci\u00e9t\u00e9s. C&rsquo;est [&hellip;]<\/p>\n","protected":false},"author":4,"featured_media":4166,"comment_status":"closed","ping_status":"closed","sticky":false,"template":"","format":"standard","meta":{"_acf_changed":false,"inline_featured_image":false,"_monsterinsights_skip_tracking":false,"_monsterinsights_sitenote_active":false,"_monsterinsights_sitenote_note":"","_monsterinsights_sitenote_category":0,"footnotes":""},"categories":[1],"tags":[],"class_list":["post-4160","post","type-post","status-publish","format-standard","has-post-thumbnail","hentry","category-non-classifiee"],"acf":[],"yoast_head":"<!-- This site is optimized with the Yoast SEO plugin v27.4 - https:\/\/yoast.com\/product\/yoast-seo-wordpress\/ -->\n<title>D\u00e9veloppement historique des droits de l&#039;homme : les femmes<\/title>\n<meta name=\"description\" content=\"L&#039;\u00e9volution historique des droits de l&#039;homme : les femmes. Sa trajectoire historique g\u00e9n\u00e9rale et sa raison d&#039;\u00eatre.\" \/>\n<meta name=\"robots\" content=\"index, follow, max-snippet:-1, max-image-preview:large, max-video-preview:-1\" \/>\n<link rel=\"canonical\" href=\"https:\/\/www.sensorialsunsets.com\/fr\/developpement-historique-des-droits-de-lhomme-les-femmes\/\" \/>\n<meta property=\"og:locale\" content=\"fr_FR\" \/>\n<meta property=\"og:type\" content=\"article\" \/>\n<meta property=\"og:title\" content=\"D\u00e9veloppement historique des droits de l&#039;homme : les femmes\" \/>\n<meta property=\"og:description\" content=\"L&#039;\u00e9volution historique des droits de l&#039;homme : les femmes. Sa trajectoire historique g\u00e9n\u00e9rale et sa raison d&#039;\u00eatre.\" \/>\n<meta property=\"og:url\" content=\"https:\/\/www.sensorialsunsets.com\/fr\/developpement-historique-des-droits-de-lhomme-les-femmes\/\" \/>\n<meta property=\"og:site_name\" content=\"SensorialSunsets\" \/>\n<meta property=\"article:publisher\" content=\"https:\/\/www.facebook.com\/Sensorial-Sunsets-109180614715562\" \/>\n<meta property=\"article:published_time\" content=\"2022-11-07T20:04:33+00:00\" \/>\n<meta property=\"article:modified_time\" content=\"2022-12-02T22:20:24+00:00\" \/>\n<meta property=\"og:image\" content=\"https:\/\/www.sensorialsunsets.com\/wp-content\/uploads\/2022\/11\/istockphoto-1021562696-612x612-1.jpg\" \/>\n\t<meta property=\"og:image:width\" content=\"612\" \/>\n\t<meta property=\"og:image:height\" content=\"408\" \/>\n\t<meta property=\"og:image:type\" content=\"image\/jpeg\" \/>\n<meta name=\"author\" content=\"Sensorial Sunsets\" \/>\n<meta name=\"twitter:card\" content=\"summary_large_image\" \/>\n<meta name=\"twitter:label1\" content=\"\u00c9crit par\" \/>\n\t<meta name=\"twitter:data1\" content=\"Sensorial Sunsets\" \/>\n\t<meta name=\"twitter:label2\" content=\"Dur\u00e9e de lecture estim\u00e9e\" \/>\n\t<meta name=\"twitter:data2\" content=\"10 minutes\" \/>\n<script type=\"application\/ld+json\" class=\"yoast-schema-graph\">{\"@context\":\"https:\\\/\\\/schema.org\",\"@graph\":[{\"@type\":\"Article\",\"@id\":\"https:\\\/\\\/www.sensorialsunsets.com\\\/fr\\\/developpement-historique-des-droits-de-lhomme-les-femmes\\\/#article\",\"isPartOf\":{\"@id\":\"https:\\\/\\\/www.sensorialsunsets.com\\\/fr\\\/developpement-historique-des-droits-de-lhomme-les-femmes\\\/\"},\"author\":{\"name\":\"Sensorial Sunsets\",\"@id\":\"https:\\\/\\\/www.sensorialsunsets.com\\\/fr\\\/#\\\/schema\\\/person\\\/77e2fa594135aa94024c47e281d8a94d\"},\"headline\":\"D\u00e9veloppement historique des droits de l&rsquo;homme : les femmes\",\"datePublished\":\"2022-11-07T20:04:33+00:00\",\"dateModified\":\"2022-12-02T22:20:24+00:00\",\"mainEntityOfPage\":{\"@id\":\"https:\\\/\\\/www.sensorialsunsets.com\\\/fr\\\/developpement-historique-des-droits-de-lhomme-les-femmes\\\/\"},\"wordCount\":2174,\"publisher\":{\"@id\":\"https:\\\/\\\/www.sensorialsunsets.com\\\/fr\\\/#organization\"},\"image\":{\"@id\":\"https:\\\/\\\/www.sensorialsunsets.com\\\/fr\\\/developpement-historique-des-droits-de-lhomme-les-femmes\\\/#primaryimage\"},\"thumbnailUrl\":\"https:\\\/\\\/www.sensorialsunsets.com\\\/wp-content\\\/uploads\\\/2022\\\/11\\\/istockphoto-1021562696-612x612-1.jpg\",\"articleSection\":[\"Non classifi\u00e9(e)\"],\"inLanguage\":\"fr-FR\"},{\"@type\":\"WebPage\",\"@id\":\"https:\\\/\\\/www.sensorialsunsets.com\\\/fr\\\/developpement-historique-des-droits-de-lhomme-les-femmes\\\/\",\"url\":\"https:\\\/\\\/www.sensorialsunsets.com\\\/fr\\\/developpement-historique-des-droits-de-lhomme-les-femmes\\\/\",\"name\":\"D\u00e9veloppement historique des droits de l'homme : les femmes\",\"isPartOf\":{\"@id\":\"https:\\\/\\\/www.sensorialsunsets.com\\\/fr\\\/#website\"},\"primaryImageOfPage\":{\"@id\":\"https:\\\/\\\/www.sensorialsunsets.com\\\/fr\\\/developpement-historique-des-droits-de-lhomme-les-femmes\\\/#primaryimage\"},\"image\":{\"@id\":\"https:\\\/\\\/www.sensorialsunsets.com\\\/fr\\\/developpement-historique-des-droits-de-lhomme-les-femmes\\\/#primaryimage\"},\"thumbnailUrl\":\"https:\\\/\\\/www.sensorialsunsets.com\\\/wp-content\\\/uploads\\\/2022\\\/11\\\/istockphoto-1021562696-612x612-1.jpg\",\"datePublished\":\"2022-11-07T20:04:33+00:00\",\"dateModified\":\"2022-12-02T22:20:24+00:00\",\"description\":\"L'\u00e9volution historique des droits de l'homme : les femmes. Sa trajectoire historique g\u00e9n\u00e9rale et sa raison d'\u00eatre.\",\"inLanguage\":\"fr-FR\",\"potentialAction\":[{\"@type\":\"ReadAction\",\"target\":[\"https:\\\/\\\/www.sensorialsunsets.com\\\/fr\\\/developpement-historique-des-droits-de-lhomme-les-femmes\\\/\"]}]},{\"@type\":\"ImageObject\",\"inLanguage\":\"fr-FR\",\"@id\":\"https:\\\/\\\/www.sensorialsunsets.com\\\/fr\\\/developpement-historique-des-droits-de-lhomme-les-femmes\\\/#primaryimage\",\"url\":\"https:\\\/\\\/www.sensorialsunsets.com\\\/wp-content\\\/uploads\\\/2022\\\/11\\\/istockphoto-1021562696-612x612-1.jpg\",\"contentUrl\":\"https:\\\/\\\/www.sensorialsunsets.com\\\/wp-content\\\/uploads\\\/2022\\\/11\\\/istockphoto-1021562696-612x612-1.jpg\",\"width\":612,\"height\":408,\"caption\":\"African woman holding a banner and laughing during women march. Group of female demonstrating outdoors with placards.\"},{\"@type\":\"WebSite\",\"@id\":\"https:\\\/\\\/www.sensorialsunsets.com\\\/fr\\\/#website\",\"url\":\"https:\\\/\\\/www.sensorialsunsets.com\\\/fr\\\/\",\"name\":\"SensorialSunsets.com\",\"description\":\"D\u00e9couvrez la culture et la soci\u00e9t\u00e9 du Costa Rica sur notre blog. Explorez des articles captivants et partagez le contenu.\",\"publisher\":{\"@id\":\"https:\\\/\\\/www.sensorialsunsets.com\\\/fr\\\/#organization\"},\"alternateName\":\"Costa Rica Live Blog\",\"potentialAction\":[{\"@type\":\"SearchAction\",\"target\":{\"@type\":\"EntryPoint\",\"urlTemplate\":\"https:\\\/\\\/www.sensorialsunsets.com\\\/fr\\\/?s={search_term_string}\"},\"query-input\":{\"@type\":\"PropertyValueSpecification\",\"valueRequired\":true,\"valueName\":\"search_term_string\"}}],\"inLanguage\":\"fr-FR\"},{\"@type\":\"Organization\",\"@id\":\"https:\\\/\\\/www.sensorialsunsets.com\\\/fr\\\/#organization\",\"name\":\"SensorialSunsets\",\"url\":\"https:\\\/\\\/www.sensorialsunsets.com\\\/fr\\\/\",\"logo\":{\"@type\":\"ImageObject\",\"inLanguage\":\"fr-FR\",\"@id\":\"https:\\\/\\\/www.sensorialsunsets.com\\\/fr\\\/#\\\/schema\\\/logo\\\/image\\\/\",\"url\":\"https:\\\/\\\/www.sensorialsunsets.com\\\/wp-content\\\/uploads\\\/2023\\\/04\\\/Logo_base_line_fond_clair.svg\",\"contentUrl\":\"https:\\\/\\\/www.sensorialsunsets.com\\\/wp-content\\\/uploads\\\/2023\\\/04\\\/Logo_base_line_fond_clair.svg\",\"width\":\"1024\",\"height\":\"1024\",\"caption\":\"SensorialSunsets\"},\"image\":{\"@id\":\"https:\\\/\\\/www.sensorialsunsets.com\\\/fr\\\/#\\\/schema\\\/logo\\\/image\\\/\"},\"sameAs\":[\"https:\\\/\\\/www.facebook.com\\\/Sensorial-Sunsets-109180614715562\",\"https:\\\/\\\/www.instagram.com\\\/sensorialsunsets\\\/\"]},{\"@type\":\"Person\",\"@id\":\"https:\\\/\\\/www.sensorialsunsets.com\\\/fr\\\/#\\\/schema\\\/person\\\/77e2fa594135aa94024c47e281d8a94d\",\"name\":\"Sensorial Sunsets\",\"image\":{\"@type\":\"ImageObject\",\"inLanguage\":\"fr-FR\",\"@id\":\"https:\\\/\\\/secure.gravatar.com\\\/avatar\\\/5f2d62681b1dad94c28f1500d4fc75582acdfd32b55fd1acce0a36a3c487eabe?s=96&d=mm&r=g\",\"url\":\"https:\\\/\\\/secure.gravatar.com\\\/avatar\\\/5f2d62681b1dad94c28f1500d4fc75582acdfd32b55fd1acce0a36a3c487eabe?s=96&d=mm&r=g\",\"contentUrl\":\"https:\\\/\\\/secure.gravatar.com\\\/avatar\\\/5f2d62681b1dad94c28f1500d4fc75582acdfd32b55fd1acce0a36a3c487eabe?s=96&d=mm&r=g\",\"caption\":\"Sensorial Sunsets\"},\"url\":\"https:\\\/\\\/www.sensorialsunsets.com\\\/fr\\\/author\\\/asistentes-sensorial-sunsets\\\/\"}]}<\/script>\n<!-- \/ Yoast SEO plugin. -->","yoast_head_json":{"title":"D\u00e9veloppement historique des droits de l'homme : les femmes","description":"L'\u00e9volution historique des droits de l'homme : les femmes. Sa trajectoire historique g\u00e9n\u00e9rale et sa raison d'\u00eatre.","robots":{"index":"index","follow":"follow","max-snippet":"max-snippet:-1","max-image-preview":"max-image-preview:large","max-video-preview":"max-video-preview:-1"},"canonical":"https:\/\/www.sensorialsunsets.com\/fr\/developpement-historique-des-droits-de-lhomme-les-femmes\/","og_locale":"fr_FR","og_type":"article","og_title":"D\u00e9veloppement historique des droits de l'homme : les femmes","og_description":"L'\u00e9volution historique des droits de l'homme : les femmes. Sa trajectoire historique g\u00e9n\u00e9rale et sa raison d'\u00eatre.","og_url":"https:\/\/www.sensorialsunsets.com\/fr\/developpement-historique-des-droits-de-lhomme-les-femmes\/","og_site_name":"SensorialSunsets","article_publisher":"https:\/\/www.facebook.com\/Sensorial-Sunsets-109180614715562","article_published_time":"2022-11-07T20:04:33+00:00","article_modified_time":"2022-12-02T22:20:24+00:00","og_image":[{"width":612,"height":408,"url":"https:\/\/www.sensorialsunsets.com\/wp-content\/uploads\/2022\/11\/istockphoto-1021562696-612x612-1.jpg","type":"image\/jpeg"}],"author":"Sensorial Sunsets","twitter_card":"summary_large_image","twitter_misc":{"\u00c9crit par":"Sensorial Sunsets","Dur\u00e9e de lecture estim\u00e9e":"10 minutes"},"schema":{"@context":"https:\/\/schema.org","@graph":[{"@type":"Article","@id":"https:\/\/www.sensorialsunsets.com\/fr\/developpement-historique-des-droits-de-lhomme-les-femmes\/#article","isPartOf":{"@id":"https:\/\/www.sensorialsunsets.com\/fr\/developpement-historique-des-droits-de-lhomme-les-femmes\/"},"author":{"name":"Sensorial Sunsets","@id":"https:\/\/www.sensorialsunsets.com\/fr\/#\/schema\/person\/77e2fa594135aa94024c47e281d8a94d"},"headline":"D\u00e9veloppement historique des droits de l&rsquo;homme : les femmes","datePublished":"2022-11-07T20:04:33+00:00","dateModified":"2022-12-02T22:20:24+00:00","mainEntityOfPage":{"@id":"https:\/\/www.sensorialsunsets.com\/fr\/developpement-historique-des-droits-de-lhomme-les-femmes\/"},"wordCount":2174,"publisher":{"@id":"https:\/\/www.sensorialsunsets.com\/fr\/#organization"},"image":{"@id":"https:\/\/www.sensorialsunsets.com\/fr\/developpement-historique-des-droits-de-lhomme-les-femmes\/#primaryimage"},"thumbnailUrl":"https:\/\/www.sensorialsunsets.com\/wp-content\/uploads\/2022\/11\/istockphoto-1021562696-612x612-1.jpg","articleSection":["Non classifi\u00e9(e)"],"inLanguage":"fr-FR"},{"@type":"WebPage","@id":"https:\/\/www.sensorialsunsets.com\/fr\/developpement-historique-des-droits-de-lhomme-les-femmes\/","url":"https:\/\/www.sensorialsunsets.com\/fr\/developpement-historique-des-droits-de-lhomme-les-femmes\/","name":"D\u00e9veloppement historique des droits de l'homme : les femmes","isPartOf":{"@id":"https:\/\/www.sensorialsunsets.com\/fr\/#website"},"primaryImageOfPage":{"@id":"https:\/\/www.sensorialsunsets.com\/fr\/developpement-historique-des-droits-de-lhomme-les-femmes\/#primaryimage"},"image":{"@id":"https:\/\/www.sensorialsunsets.com\/fr\/developpement-historique-des-droits-de-lhomme-les-femmes\/#primaryimage"},"thumbnailUrl":"https:\/\/www.sensorialsunsets.com\/wp-content\/uploads\/2022\/11\/istockphoto-1021562696-612x612-1.jpg","datePublished":"2022-11-07T20:04:33+00:00","dateModified":"2022-12-02T22:20:24+00:00","description":"L'\u00e9volution historique des droits de l'homme : les femmes. Sa trajectoire historique g\u00e9n\u00e9rale et sa raison d'\u00eatre.","inLanguage":"fr-FR","potentialAction":[{"@type":"ReadAction","target":["https:\/\/www.sensorialsunsets.com\/fr\/developpement-historique-des-droits-de-lhomme-les-femmes\/"]}]},{"@type":"ImageObject","inLanguage":"fr-FR","@id":"https:\/\/www.sensorialsunsets.com\/fr\/developpement-historique-des-droits-de-lhomme-les-femmes\/#primaryimage","url":"https:\/\/www.sensorialsunsets.com\/wp-content\/uploads\/2022\/11\/istockphoto-1021562696-612x612-1.jpg","contentUrl":"https:\/\/www.sensorialsunsets.com\/wp-content\/uploads\/2022\/11\/istockphoto-1021562696-612x612-1.jpg","width":612,"height":408,"caption":"African woman holding a banner and laughing during women march. Group of female demonstrating outdoors with placards."},{"@type":"WebSite","@id":"https:\/\/www.sensorialsunsets.com\/fr\/#website","url":"https:\/\/www.sensorialsunsets.com\/fr\/","name":"SensorialSunsets.com","description":"D\u00e9couvrez la culture et la soci\u00e9t\u00e9 du Costa Rica sur notre blog. Explorez des articles captivants et partagez le contenu.","publisher":{"@id":"https:\/\/www.sensorialsunsets.com\/fr\/#organization"},"alternateName":"Costa Rica Live Blog","potentialAction":[{"@type":"SearchAction","target":{"@type":"EntryPoint","urlTemplate":"https:\/\/www.sensorialsunsets.com\/fr\/?s={search_term_string}"},"query-input":{"@type":"PropertyValueSpecification","valueRequired":true,"valueName":"search_term_string"}}],"inLanguage":"fr-FR"},{"@type":"Organization","@id":"https:\/\/www.sensorialsunsets.com\/fr\/#organization","name":"SensorialSunsets","url":"https:\/\/www.sensorialsunsets.com\/fr\/","logo":{"@type":"ImageObject","inLanguage":"fr-FR","@id":"https:\/\/www.sensorialsunsets.com\/fr\/#\/schema\/logo\/image\/","url":"https:\/\/www.sensorialsunsets.com\/wp-content\/uploads\/2023\/04\/Logo_base_line_fond_clair.svg","contentUrl":"https:\/\/www.sensorialsunsets.com\/wp-content\/uploads\/2023\/04\/Logo_base_line_fond_clair.svg","width":"1024","height":"1024","caption":"SensorialSunsets"},"image":{"@id":"https:\/\/www.sensorialsunsets.com\/fr\/#\/schema\/logo\/image\/"},"sameAs":["https:\/\/www.facebook.com\/Sensorial-Sunsets-109180614715562","https:\/\/www.instagram.com\/sensorialsunsets\/"]},{"@type":"Person","@id":"https:\/\/www.sensorialsunsets.com\/fr\/#\/schema\/person\/77e2fa594135aa94024c47e281d8a94d","name":"Sensorial Sunsets","image":{"@type":"ImageObject","inLanguage":"fr-FR","@id":"https:\/\/secure.gravatar.com\/avatar\/5f2d62681b1dad94c28f1500d4fc75582acdfd32b55fd1acce0a36a3c487eabe?s=96&d=mm&r=g","url":"https:\/\/secure.gravatar.com\/avatar\/5f2d62681b1dad94c28f1500d4fc75582acdfd32b55fd1acce0a36a3c487eabe?s=96&d=mm&r=g","contentUrl":"https:\/\/secure.gravatar.com\/avatar\/5f2d62681b1dad94c28f1500d4fc75582acdfd32b55fd1acce0a36a3c487eabe?s=96&d=mm&r=g","caption":"Sensorial Sunsets"},"url":"https:\/\/www.sensorialsunsets.com\/fr\/author\/asistentes-sensorial-sunsets\/"}]}},"_links":{"self":[{"href":"https:\/\/www.sensorialsunsets.com\/fr\/wp-json\/wp\/v2\/posts\/4160","targetHints":{"allow":["GET"]}}],"collection":[{"href":"https:\/\/www.sensorialsunsets.com\/fr\/wp-json\/wp\/v2\/posts"}],"about":[{"href":"https:\/\/www.sensorialsunsets.com\/fr\/wp-json\/wp\/v2\/types\/post"}],"author":[{"embeddable":true,"href":"https:\/\/www.sensorialsunsets.com\/fr\/wp-json\/wp\/v2\/users\/4"}],"replies":[{"embeddable":true,"href":"https:\/\/www.sensorialsunsets.com\/fr\/wp-json\/wp\/v2\/comments?post=4160"}],"version-history":[{"count":0,"href":"https:\/\/www.sensorialsunsets.com\/fr\/wp-json\/wp\/v2\/posts\/4160\/revisions"}],"wp:featuredmedia":[{"embeddable":true,"href":"https:\/\/www.sensorialsunsets.com\/fr\/wp-json\/wp\/v2\/media\/4166"}],"wp:attachment":[{"href":"https:\/\/www.sensorialsunsets.com\/fr\/wp-json\/wp\/v2\/media?parent=4160"}],"wp:term":[{"taxonomy":"category","embeddable":true,"href":"https:\/\/www.sensorialsunsets.com\/fr\/wp-json\/wp\/v2\/categories?post=4160"},{"taxonomy":"post_tag","embeddable":true,"href":"https:\/\/www.sensorialsunsets.com\/fr\/wp-json\/wp\/v2\/tags?post=4160"}],"curies":[{"name":"wp","href":"https:\/\/api.w.org\/{rel}","templated":true}]}}