{"id":4209,"date":"2022-11-11T14:27:16","date_gmt":"2022-11-11T20:27:16","guid":{"rendered":"https:\/\/www.sensorialsunsets.com\/sabaneros-identite-regionale\/"},"modified":"2022-11-11T14:42:48","modified_gmt":"2022-11-11T20:42:48","slug":"sabaneros-identite-regionale","status":"publish","type":"post","link":"https:\/\/www.sensorialsunsets.com\/fr\/sabaneros-identite-regionale\/","title":{"rendered":"Sabaneros : identit\u00e9 r\u00e9gionale"},"content":{"rendered":"\n<p><span style=\"font-weight: 400;\">Les \u00ab\u00a0sabaneros\u00a0\u00bb sont un symbole de l&rsquo;identit\u00e9 de Guanacaste. Ils montent \u00e0 cheval, cultivent les champs et leur chapeau caract\u00e9ristique les prot\u00e8ge du soleil des plaines et de la pluie. Lors de toutes les manifestations civiques, les enfants et les gar\u00e7ons portent leur costume de sabanero pour rendre hommage \u00e0 cette population costaricienne. Mais d&rsquo;o\u00f9 vient la culture sabanero et pourquoi est-elle consid\u00e9r\u00e9e comme si importante au Costa Rica ? Dans cet article, nous allons parler un peu de la cr\u00e9ation de cette identit\u00e9 r\u00e9gionale.\u00a0<\/span><\/p>\n\n<p>L&rsquo;identit\u00e9 a \u00e9t\u00e9 consid\u00e9r\u00e9e apr\u00e8s la Seconde Guerre mondiale comme l&rsquo;essence d&rsquo;un individu ou un caract\u00e8re exceptionnel partag\u00e9 par un groupe. Cependant, au fil des ann\u00e9es, les diff\u00e9rents mouvements raciaux et ethniques ont commenc\u00e9 \u00e0 remettre en question cette d\u00e9finition, qui \u00e9tait statique et essentielle. Il \u00e9tait alors consid\u00e9r\u00e9 comme acquis que l&rsquo;identit\u00e9 est fluide, multiple, instable et, tr\u00e8s important, construite.<\/p>\n\n<p>La recherche historique sur les r\u00e9gions et les identit\u00e9s r\u00e9gionales a montr\u00e9 comment les histoires, les identit\u00e9s r\u00e9gionales et les r\u00e9gionalismes sont le produit du processus de construction de discours de pouvoir.<\/p>\n\n<p>Dans le cas du Costa Rica, la province de Guanacaste a \u00e9t\u00e9 racialis\u00e9e comme la r\u00e9gion m\u00e9tisse du pays et imagin\u00e9e comme une nation blanche et homog\u00e8ne. Cela a \u00e9t\u00e9 renforc\u00e9 par les manuels scolaires et les voyageurs \u00e9trangers visitant le Costa Rica. Mais c&rsquo;est dans les ann\u00e9es 1930 que les images de la culture populaire de Guanacaste ont commenc\u00e9 \u00e0 montrer le sabanero comme la repr\u00e9sentation officielle de toute la province, un produit du discours r\u00e9gional qui cherchait \u00e0 unifier les classes sociales en une seule.<\/p>\n\n<p><span style=\"font-weight: 400;\">Selon le journal r\u00e9gionaliste El Guanacaste dans sa rubrique Letan\u00edas, le Guanacasteco exemplaire devait \u00eatre humble, sans grands d\u00e9sirs, dominer ses passions et \u00e9liminer l&rsquo;hypocrisie ; de plus, le bonheur devait \u00eatre gagn\u00e9 par ses propres moyens et \u00eatre toujours satisfait de sa vie. En outre, la colonne Letan\u00edas a demand\u00e9 aux villageois de cultiver la terre, d&rsquo;\u00eatre de bons cavaliers et des personnes instruites et de promouvoir leur folklore.\u00a0<\/span><\/p>\n\n<p>La figure du sabanero \u00e9tant devenue un symbole de Guanacaste, des \u00e9tudes \u00e0 son sujet ont commenc\u00e9 \u00e0 voir le jour. Pour Marc Edelman, le culte du sabanero a \u00e9t\u00e9 cr\u00e9\u00e9 pour encourager les paysans \u00e0 travailler sur leurs haciendas, car c&rsquo;\u00e9tait le seul moyen de garder les travailleurs sur leurs exploitations et de surmonter la crise des ann\u00e9es 30.<\/p>\n\n<p>Alors oui, la figure du sabanero est un symbole de Guanacaste qui s&rsquo;est maintenu jusqu&rsquo;\u00e0 ce jour avec les m\u00eames valeurs et coutumes. Nous le voyons dans des s\u00e9ries t\u00e9l\u00e9vis\u00e9es nationales, dans des pi\u00e8ces de th\u00e9\u00e2tre, dans la litt\u00e9rature, dans des chansons et m\u00eame dans des publicit\u00e9s. Mais quelle part de notre identit\u00e9 nationale et r\u00e9gionale est naturelle et quelle part est forc\u00e9e ?<\/p>\n\n<p><span style=\"font-weight: 400;\">Auteur : M\u00f3nica Gallardo pour Sensorial Sunsets<\/span><\/p>\n\n<p><\/p>\n","protected":false},"excerpt":{"rendered":"<p>Les \u00ab\u00a0sabaneros\u00a0\u00bb sont un symbole de l&rsquo;identit\u00e9 de Guanacaste. Ils montent \u00e0 cheval, cultivent les champs et leur chapeau caract\u00e9ristique les prot\u00e8ge du soleil des plaines et de la pluie. Lors de toutes les manifestations civiques, les enfants et les gar\u00e7ons portent leur costume de sabanero pour rendre hommage \u00e0 cette population costaricienne. Mais d&rsquo;o\u00f9 [&hellip;]<\/p>\n","protected":false},"author":4,"featured_media":4194,"comment_status":"closed","ping_status":"closed","sticky":false,"template":"","format":"standard","meta":{"_acf_changed":false,"inline_featured_image":false,"_monsterinsights_skip_tracking":false,"_monsterinsights_sitenote_active":false,"_monsterinsights_sitenote_note":"","_monsterinsights_sitenote_category":0,"footnotes":""},"categories":[104,120],"tags":[],"class_list":["post-4209","post","type-post","status-publish","format-standard","has-post-thumbnail","hentry","category-culture-fr","category-histoire"],"acf":[],"yoast_head":"<!-- This site is optimized with the Yoast SEO plugin v27.4 - https:\/\/yoast.com\/product\/yoast-seo-wordpress\/ -->\n<title>Sabaneros : identit\u00e9 r\u00e9gionale - SensorialSunsets<\/title>\n<meta name=\"description\" content=\"Le sabanero est un symbole de Guanacaste depuis les ann\u00e9es 1930. Apprenez-en plus sur ce personnage mythique dans cet article.\" \/>\n<meta name=\"robots\" content=\"index, follow, max-snippet:-1, max-image-preview:large, max-video-preview:-1\" \/>\n<link rel=\"canonical\" href=\"https:\/\/www.sensorialsunsets.com\/fr\/sabaneros-identite-regionale\/\" \/>\n<meta property=\"og:locale\" content=\"fr_FR\" \/>\n<meta property=\"og:type\" content=\"article\" \/>\n<meta property=\"og:title\" content=\"Sabaneros : identit\u00e9 r\u00e9gionale - SensorialSunsets\" \/>\n<meta property=\"og:description\" content=\"Le sabanero est un symbole de Guanacaste depuis les ann\u00e9es 1930. Apprenez-en plus sur ce personnage mythique dans cet article.\" \/>\n<meta property=\"og:url\" content=\"https:\/\/www.sensorialsunsets.com\/fr\/sabaneros-identite-regionale\/\" \/>\n<meta property=\"og:site_name\" content=\"SensorialSunsets\" \/>\n<meta property=\"article:publisher\" content=\"https:\/\/www.facebook.com\/Sensorial-Sunsets-109180614715562\" \/>\n<meta property=\"article:published_time\" content=\"2022-11-11T20:27:16+00:00\" \/>\n<meta property=\"article:modified_time\" content=\"2022-11-11T20:42:48+00:00\" \/>\n<meta property=\"og:image\" content=\"https:\/\/www.sensorialsunsets.com\/wp-content\/uploads\/2022\/11\/pexels-samuel-sweet-6270198-scaled.jpg\" \/>\n\t<meta property=\"og:image:width\" content=\"2560\" \/>\n\t<meta property=\"og:image:height\" content=\"1590\" \/>\n\t<meta property=\"og:image:type\" content=\"image\/jpeg\" \/>\n<meta name=\"author\" content=\"Sensorial Sunsets\" \/>\n<meta name=\"twitter:card\" content=\"summary_large_image\" \/>\n<meta name=\"twitter:label1\" content=\"\u00c9crit par\" \/>\n\t<meta name=\"twitter:data1\" content=\"Sensorial Sunsets\" \/>\n\t<meta name=\"twitter:label2\" content=\"Dur\u00e9e de lecture estim\u00e9e\" \/>\n\t<meta name=\"twitter:data2\" content=\"3 minutes\" \/>\n<script type=\"application\/ld+json\" class=\"yoast-schema-graph\">{\"@context\":\"https:\\\/\\\/schema.org\",\"@graph\":[{\"@type\":\"Article\",\"@id\":\"https:\\\/\\\/www.sensorialsunsets.com\\\/fr\\\/sabaneros-identite-regionale\\\/#article\",\"isPartOf\":{\"@id\":\"https:\\\/\\\/www.sensorialsunsets.com\\\/fr\\\/sabaneros-identite-regionale\\\/\"},\"author\":{\"name\":\"Sensorial Sunsets\",\"@id\":\"https:\\\/\\\/www.sensorialsunsets.com\\\/fr\\\/#\\\/schema\\\/person\\\/77e2fa594135aa94024c47e281d8a94d\"},\"headline\":\"Sabaneros : identit\u00e9 r\u00e9gionale\",\"datePublished\":\"2022-11-11T20:27:16+00:00\",\"dateModified\":\"2022-11-11T20:42:48+00:00\",\"mainEntityOfPage\":{\"@id\":\"https:\\\/\\\/www.sensorialsunsets.com\\\/fr\\\/sabaneros-identite-regionale\\\/\"},\"wordCount\":515,\"publisher\":{\"@id\":\"https:\\\/\\\/www.sensorialsunsets.com\\\/fr\\\/#organization\"},\"image\":{\"@id\":\"https:\\\/\\\/www.sensorialsunsets.com\\\/fr\\\/sabaneros-identite-regionale\\\/#primaryimage\"},\"thumbnailUrl\":\"https:\\\/\\\/www.sensorialsunsets.com\\\/wp-content\\\/uploads\\\/2022\\\/11\\\/pexels-samuel-sweet-6270198-scaled.jpg\",\"articleSection\":[\"Culture\",\"Histoire\"],\"inLanguage\":\"fr-FR\"},{\"@type\":\"WebPage\",\"@id\":\"https:\\\/\\\/www.sensorialsunsets.com\\\/fr\\\/sabaneros-identite-regionale\\\/\",\"url\":\"https:\\\/\\\/www.sensorialsunsets.com\\\/fr\\\/sabaneros-identite-regionale\\\/\",\"name\":\"Sabaneros : identit\u00e9 r\u00e9gionale - SensorialSunsets\",\"isPartOf\":{\"@id\":\"https:\\\/\\\/www.sensorialsunsets.com\\\/fr\\\/#website\"},\"primaryImageOfPage\":{\"@id\":\"https:\\\/\\\/www.sensorialsunsets.com\\\/fr\\\/sabaneros-identite-regionale\\\/#primaryimage\"},\"image\":{\"@id\":\"https:\\\/\\\/www.sensorialsunsets.com\\\/fr\\\/sabaneros-identite-regionale\\\/#primaryimage\"},\"thumbnailUrl\":\"https:\\\/\\\/www.sensorialsunsets.com\\\/wp-content\\\/uploads\\\/2022\\\/11\\\/pexels-samuel-sweet-6270198-scaled.jpg\",\"datePublished\":\"2022-11-11T20:27:16+00:00\",\"dateModified\":\"2022-11-11T20:42:48+00:00\",\"description\":\"Le sabanero est un symbole de Guanacaste depuis les ann\u00e9es 1930. Apprenez-en plus sur ce personnage mythique dans cet article.\",\"inLanguage\":\"fr-FR\",\"potentialAction\":[{\"@type\":\"ReadAction\",\"target\":[\"https:\\\/\\\/www.sensorialsunsets.com\\\/fr\\\/sabaneros-identite-regionale\\\/\"]}]},{\"@type\":\"ImageObject\",\"inLanguage\":\"fr-FR\",\"@id\":\"https:\\\/\\\/www.sensorialsunsets.com\\\/fr\\\/sabaneros-identite-regionale\\\/#primaryimage\",\"url\":\"https:\\\/\\\/www.sensorialsunsets.com\\\/wp-content\\\/uploads\\\/2022\\\/11\\\/pexels-samuel-sweet-6270198-scaled.jpg\",\"contentUrl\":\"https:\\\/\\\/www.sensorialsunsets.com\\\/wp-content\\\/uploads\\\/2022\\\/11\\\/pexels-samuel-sweet-6270198-scaled.jpg\",\"width\":2560,\"height\":1590},{\"@type\":\"WebSite\",\"@id\":\"https:\\\/\\\/www.sensorialsunsets.com\\\/fr\\\/#website\",\"url\":\"https:\\\/\\\/www.sensorialsunsets.com\\\/fr\\\/\",\"name\":\"SensorialSunsets.com\",\"description\":\"D\u00e9couvrez la culture et la soci\u00e9t\u00e9 du Costa Rica sur notre blog. Explorez des articles captivants et partagez le contenu.\",\"publisher\":{\"@id\":\"https:\\\/\\\/www.sensorialsunsets.com\\\/fr\\\/#organization\"},\"alternateName\":\"Costa Rica Live Blog\",\"potentialAction\":[{\"@type\":\"SearchAction\",\"target\":{\"@type\":\"EntryPoint\",\"urlTemplate\":\"https:\\\/\\\/www.sensorialsunsets.com\\\/fr\\\/?s={search_term_string}\"},\"query-input\":{\"@type\":\"PropertyValueSpecification\",\"valueRequired\":true,\"valueName\":\"search_term_string\"}}],\"inLanguage\":\"fr-FR\"},{\"@type\":\"Organization\",\"@id\":\"https:\\\/\\\/www.sensorialsunsets.com\\\/fr\\\/#organization\",\"name\":\"SensorialSunsets\",\"url\":\"https:\\\/\\\/www.sensorialsunsets.com\\\/fr\\\/\",\"logo\":{\"@type\":\"ImageObject\",\"inLanguage\":\"fr-FR\",\"@id\":\"https:\\\/\\\/www.sensorialsunsets.com\\\/fr\\\/#\\\/schema\\\/logo\\\/image\\\/\",\"url\":\"https:\\\/\\\/www.sensorialsunsets.com\\\/wp-content\\\/uploads\\\/2023\\\/04\\\/Logo_base_line_fond_clair.svg\",\"contentUrl\":\"https:\\\/\\\/www.sensorialsunsets.com\\\/wp-content\\\/uploads\\\/2023\\\/04\\\/Logo_base_line_fond_clair.svg\",\"width\":\"1024\",\"height\":\"1024\",\"caption\":\"SensorialSunsets\"},\"image\":{\"@id\":\"https:\\\/\\\/www.sensorialsunsets.com\\\/fr\\\/#\\\/schema\\\/logo\\\/image\\\/\"},\"sameAs\":[\"https:\\\/\\\/www.facebook.com\\\/Sensorial-Sunsets-109180614715562\",\"https:\\\/\\\/www.instagram.com\\\/sensorialsunsets\\\/\"]},{\"@type\":\"Person\",\"@id\":\"https:\\\/\\\/www.sensorialsunsets.com\\\/fr\\\/#\\\/schema\\\/person\\\/77e2fa594135aa94024c47e281d8a94d\",\"name\":\"Sensorial Sunsets\",\"image\":{\"@type\":\"ImageObject\",\"inLanguage\":\"fr-FR\",\"@id\":\"https:\\\/\\\/secure.gravatar.com\\\/avatar\\\/5f2d62681b1dad94c28f1500d4fc75582acdfd32b55fd1acce0a36a3c487eabe?s=96&d=mm&r=g\",\"url\":\"https:\\\/\\\/secure.gravatar.com\\\/avatar\\\/5f2d62681b1dad94c28f1500d4fc75582acdfd32b55fd1acce0a36a3c487eabe?s=96&d=mm&r=g\",\"contentUrl\":\"https:\\\/\\\/secure.gravatar.com\\\/avatar\\\/5f2d62681b1dad94c28f1500d4fc75582acdfd32b55fd1acce0a36a3c487eabe?s=96&d=mm&r=g\",\"caption\":\"Sensorial Sunsets\"},\"url\":\"https:\\\/\\\/www.sensorialsunsets.com\\\/fr\\\/author\\\/asistentes-sensorial-sunsets\\\/\"}]}<\/script>\n<!-- \/ Yoast SEO plugin. -->","yoast_head_json":{"title":"Sabaneros : identit\u00e9 r\u00e9gionale - SensorialSunsets","description":"Le sabanero est un symbole de Guanacaste depuis les ann\u00e9es 1930. Apprenez-en plus sur ce personnage mythique dans cet article.","robots":{"index":"index","follow":"follow","max-snippet":"max-snippet:-1","max-image-preview":"max-image-preview:large","max-video-preview":"max-video-preview:-1"},"canonical":"https:\/\/www.sensorialsunsets.com\/fr\/sabaneros-identite-regionale\/","og_locale":"fr_FR","og_type":"article","og_title":"Sabaneros : identit\u00e9 r\u00e9gionale - SensorialSunsets","og_description":"Le sabanero est un symbole de Guanacaste depuis les ann\u00e9es 1930. Apprenez-en plus sur ce personnage mythique dans cet article.","og_url":"https:\/\/www.sensorialsunsets.com\/fr\/sabaneros-identite-regionale\/","og_site_name":"SensorialSunsets","article_publisher":"https:\/\/www.facebook.com\/Sensorial-Sunsets-109180614715562","article_published_time":"2022-11-11T20:27:16+00:00","article_modified_time":"2022-11-11T20:42:48+00:00","og_image":[{"width":2560,"height":1590,"url":"https:\/\/www.sensorialsunsets.com\/wp-content\/uploads\/2022\/11\/pexels-samuel-sweet-6270198-scaled.jpg","type":"image\/jpeg"}],"author":"Sensorial Sunsets","twitter_card":"summary_large_image","twitter_misc":{"\u00c9crit par":"Sensorial Sunsets","Dur\u00e9e de lecture estim\u00e9e":"3 minutes"},"schema":{"@context":"https:\/\/schema.org","@graph":[{"@type":"Article","@id":"https:\/\/www.sensorialsunsets.com\/fr\/sabaneros-identite-regionale\/#article","isPartOf":{"@id":"https:\/\/www.sensorialsunsets.com\/fr\/sabaneros-identite-regionale\/"},"author":{"name":"Sensorial Sunsets","@id":"https:\/\/www.sensorialsunsets.com\/fr\/#\/schema\/person\/77e2fa594135aa94024c47e281d8a94d"},"headline":"Sabaneros : identit\u00e9 r\u00e9gionale","datePublished":"2022-11-11T20:27:16+00:00","dateModified":"2022-11-11T20:42:48+00:00","mainEntityOfPage":{"@id":"https:\/\/www.sensorialsunsets.com\/fr\/sabaneros-identite-regionale\/"},"wordCount":515,"publisher":{"@id":"https:\/\/www.sensorialsunsets.com\/fr\/#organization"},"image":{"@id":"https:\/\/www.sensorialsunsets.com\/fr\/sabaneros-identite-regionale\/#primaryimage"},"thumbnailUrl":"https:\/\/www.sensorialsunsets.com\/wp-content\/uploads\/2022\/11\/pexels-samuel-sweet-6270198-scaled.jpg","articleSection":["Culture","Histoire"],"inLanguage":"fr-FR"},{"@type":"WebPage","@id":"https:\/\/www.sensorialsunsets.com\/fr\/sabaneros-identite-regionale\/","url":"https:\/\/www.sensorialsunsets.com\/fr\/sabaneros-identite-regionale\/","name":"Sabaneros : identit\u00e9 r\u00e9gionale - SensorialSunsets","isPartOf":{"@id":"https:\/\/www.sensorialsunsets.com\/fr\/#website"},"primaryImageOfPage":{"@id":"https:\/\/www.sensorialsunsets.com\/fr\/sabaneros-identite-regionale\/#primaryimage"},"image":{"@id":"https:\/\/www.sensorialsunsets.com\/fr\/sabaneros-identite-regionale\/#primaryimage"},"thumbnailUrl":"https:\/\/www.sensorialsunsets.com\/wp-content\/uploads\/2022\/11\/pexels-samuel-sweet-6270198-scaled.jpg","datePublished":"2022-11-11T20:27:16+00:00","dateModified":"2022-11-11T20:42:48+00:00","description":"Le sabanero est un symbole de Guanacaste depuis les ann\u00e9es 1930. Apprenez-en plus sur ce personnage mythique dans cet article.","inLanguage":"fr-FR","potentialAction":[{"@type":"ReadAction","target":["https:\/\/www.sensorialsunsets.com\/fr\/sabaneros-identite-regionale\/"]}]},{"@type":"ImageObject","inLanguage":"fr-FR","@id":"https:\/\/www.sensorialsunsets.com\/fr\/sabaneros-identite-regionale\/#primaryimage","url":"https:\/\/www.sensorialsunsets.com\/wp-content\/uploads\/2022\/11\/pexels-samuel-sweet-6270198-scaled.jpg","contentUrl":"https:\/\/www.sensorialsunsets.com\/wp-content\/uploads\/2022\/11\/pexels-samuel-sweet-6270198-scaled.jpg","width":2560,"height":1590},{"@type":"WebSite","@id":"https:\/\/www.sensorialsunsets.com\/fr\/#website","url":"https:\/\/www.sensorialsunsets.com\/fr\/","name":"SensorialSunsets.com","description":"D\u00e9couvrez la culture et la soci\u00e9t\u00e9 du Costa Rica sur notre blog. Explorez des articles captivants et partagez le contenu.","publisher":{"@id":"https:\/\/www.sensorialsunsets.com\/fr\/#organization"},"alternateName":"Costa Rica Live Blog","potentialAction":[{"@type":"SearchAction","target":{"@type":"EntryPoint","urlTemplate":"https:\/\/www.sensorialsunsets.com\/fr\/?s={search_term_string}"},"query-input":{"@type":"PropertyValueSpecification","valueRequired":true,"valueName":"search_term_string"}}],"inLanguage":"fr-FR"},{"@type":"Organization","@id":"https:\/\/www.sensorialsunsets.com\/fr\/#organization","name":"SensorialSunsets","url":"https:\/\/www.sensorialsunsets.com\/fr\/","logo":{"@type":"ImageObject","inLanguage":"fr-FR","@id":"https:\/\/www.sensorialsunsets.com\/fr\/#\/schema\/logo\/image\/","url":"https:\/\/www.sensorialsunsets.com\/wp-content\/uploads\/2023\/04\/Logo_base_line_fond_clair.svg","contentUrl":"https:\/\/www.sensorialsunsets.com\/wp-content\/uploads\/2023\/04\/Logo_base_line_fond_clair.svg","width":"1024","height":"1024","caption":"SensorialSunsets"},"image":{"@id":"https:\/\/www.sensorialsunsets.com\/fr\/#\/schema\/logo\/image\/"},"sameAs":["https:\/\/www.facebook.com\/Sensorial-Sunsets-109180614715562","https:\/\/www.instagram.com\/sensorialsunsets\/"]},{"@type":"Person","@id":"https:\/\/www.sensorialsunsets.com\/fr\/#\/schema\/person\/77e2fa594135aa94024c47e281d8a94d","name":"Sensorial Sunsets","image":{"@type":"ImageObject","inLanguage":"fr-FR","@id":"https:\/\/secure.gravatar.com\/avatar\/5f2d62681b1dad94c28f1500d4fc75582acdfd32b55fd1acce0a36a3c487eabe?s=96&d=mm&r=g","url":"https:\/\/secure.gravatar.com\/avatar\/5f2d62681b1dad94c28f1500d4fc75582acdfd32b55fd1acce0a36a3c487eabe?s=96&d=mm&r=g","contentUrl":"https:\/\/secure.gravatar.com\/avatar\/5f2d62681b1dad94c28f1500d4fc75582acdfd32b55fd1acce0a36a3c487eabe?s=96&d=mm&r=g","caption":"Sensorial Sunsets"},"url":"https:\/\/www.sensorialsunsets.com\/fr\/author\/asistentes-sensorial-sunsets\/"}]}},"_links":{"self":[{"href":"https:\/\/www.sensorialsunsets.com\/fr\/wp-json\/wp\/v2\/posts\/4209","targetHints":{"allow":["GET"]}}],"collection":[{"href":"https:\/\/www.sensorialsunsets.com\/fr\/wp-json\/wp\/v2\/posts"}],"about":[{"href":"https:\/\/www.sensorialsunsets.com\/fr\/wp-json\/wp\/v2\/types\/post"}],"author":[{"embeddable":true,"href":"https:\/\/www.sensorialsunsets.com\/fr\/wp-json\/wp\/v2\/users\/4"}],"replies":[{"embeddable":true,"href":"https:\/\/www.sensorialsunsets.com\/fr\/wp-json\/wp\/v2\/comments?post=4209"}],"version-history":[{"count":0,"href":"https:\/\/www.sensorialsunsets.com\/fr\/wp-json\/wp\/v2\/posts\/4209\/revisions"}],"wp:featuredmedia":[{"embeddable":true,"href":"https:\/\/www.sensorialsunsets.com\/fr\/wp-json\/wp\/v2\/media\/4194"}],"wp:attachment":[{"href":"https:\/\/www.sensorialsunsets.com\/fr\/wp-json\/wp\/v2\/media?parent=4209"}],"wp:term":[{"taxonomy":"category","embeddable":true,"href":"https:\/\/www.sensorialsunsets.com\/fr\/wp-json\/wp\/v2\/categories?post=4209"},{"taxonomy":"post_tag","embeddable":true,"href":"https:\/\/www.sensorialsunsets.com\/fr\/wp-json\/wp\/v2\/tags?post=4209"}],"curies":[{"name":"wp","href":"https:\/\/api.w.org\/{rel}","templated":true}]}}