{"id":4332,"date":"2022-11-18T14:04:29","date_gmt":"2022-11-18T20:04:29","guid":{"rendered":"https:\/\/www.sensorialsunsets.com\/?p=4332"},"modified":"2022-12-02T16:19:27","modified_gmt":"2022-12-02T22:19:27","slug":"un-reve-qui-se-realise-par-steven-cubillo","status":"publish","type":"post","link":"https:\/\/www.sensorialsunsets.com\/fr\/un-reve-qui-se-realise-par-steven-cubillo\/","title":{"rendered":"Un r\u00eave qui se r\u00e9alise"},"content":{"rendered":"\n<p>Ce mardi, nous avons appris la nouvelle du d\u00e9c\u00e8s du romancier costaricien Jos\u00e9 Le\u00f3n S\u00e1nchez, qui a laiss\u00e9 son empreinte non seulement dans le c\u0153ur de ses lecteurs, mais aussi dans l&rsquo;histoire de la litt\u00e9rature nationale et internationale.  En hommage, en souvenir et en reconnaissance envers lui, envers sa personne et envers son aide constante, son soutien et sa collaboration avec les jeunes auteurs \u00e9mergents, nous pr\u00e9sentons ce chapitre du roman : \u00ab P\u00e1jaros de ciudad \u00bb, o\u00f9 l&rsquo;auteur, Steven Cubillo, raconte la premi\u00e8re fois qu&rsquo;il l&rsquo;a rencontr\u00e9 et toute l&rsquo;aide et l&rsquo;humanit\u00e9 qu&rsquo;il a re\u00e7ues de lui :<\/p>\n\n\n\n<div class=\"wp-block-group is-vertical is-layout-flex wp-container-core-group-is-layout-8cf370e7 wp-block-group-is-layout-flex\">\n<p><em><strong>Un r\u00eave qui se r\u00e9alise <\/strong><\/em><\/p>\n\n\n\n<p>J&rsquo;\u00e9tais arriv\u00e9 une demi-heure plus t\u00f4t et je me tenais debout, h\u00e9sitant, devant une porte ancienne et basse. Je me suis demand\u00e9 si je devais sonner la cloche ou attendre l&rsquo;heure pr\u00e9vue. Pendant que je me d\u00e9cidais, je me suis amus\u00e9 \u00e0 appr\u00e9cier son jardin, o\u00f9 les gard\u00e9nias et les jasmins rivalisaient de blancheur, couronnant arbustes et haies. Mon regard s&rsquo;est ensuite port\u00e9 sur une petite fontaine \u00e9l\u00e9gante au milieu du jardin potager, o\u00f9 un ange de b\u00e9ton joufflu dispensait de sa bouche un jet d&rsquo;eau qui tombait sous pression sur des poissons dodus et gracieusement moustachus qui, avec un enthousiasme presque enfantin, pointaient leur dos lumineux \u00e0 la surface. La porte de la maison s&rsquo;ouvrit et, par-dessus le portail, apparut celui qui je d\u00e9sirais tant voir :  <\/p>\n\n\n\n<p>\u2013 Gentil Basti\u00e1n, bienvenue dans ma demeure. Entrez, a-t-il dit en me d\u00e9couvrant, alors que je mourais de honte d&rsquo;avoir \u00e9t\u00e9 pris trop t\u00f4t. J&rsquo;ai ouvert le parapet en fer de la petite porte et je suis entr\u00e9, en essayant de ne pas le laisser remarquer ma nervosit\u00e9. Je l&rsquo;ai suivi dans un passage sans porte et, ce faisant, j&rsquo;ai remarqu\u00e9 qu&rsquo;il \u00e9tait plus petit qu&rsquo;il n&rsquo;apparaissait \u00e0 la t\u00e9l\u00e9vision, ce qui contrastait avec sa stature et sa puissante voix de g\u00e9ant. Nous sommes arriv\u00e9s dans une cour avec un jardin de tabacs qui brillaient de la s\u00e9r\u00e9nit\u00e9 de la nuit pr\u00e9c\u00e9dente, et nous avons pris place \u00e0 une table, l&rsquo;un en face de l&rsquo;autre.  <\/p>\n\n\n\n<p>Ses yeux fatigu\u00e9s sont cach\u00e9s derri\u00e8re les deux \u00e9normes verres de ses lunettes, qui reposent sur son nez plat. Je pensais conna\u00eetre sa vie gr\u00e2ce aux nombreuses biographies et reportages que j&rsquo;avais vus et lus sur lui et sa carri\u00e8re d&rsquo;\u00e9crivain, mais maintenant que j&rsquo;\u00e9tais face \u00e0 lui, je me suis rendu compte que mon seul avantage \u00e9tait de conna\u00eetre sa douleur. <\/p>\n\n\n\n<p>\u2013 Vous buvez de l&rsquo;alcool ?, il m&rsquo;a demand\u00e9 et j&rsquo;ai hoch\u00e9 la t\u00eate, pensant, vu l&rsquo;\u00e9l\u00e9gance de sa maison, qu&rsquo;il allait m&rsquo;offrir un verre de vin ostentatoire, mais \u00e0 ma grande surprise, il a sorti une bouteille de tequila. <\/p>\n\n\n\n<p>\u2013 Cette tequila a \u00e9t\u00e9 vieillie six ans dans des f\u00fbts de ch\u00eane, je l&rsquo;ai fait venir du Mexique, dit-il de sa voix ferme qui \u00e9tait bien loin de ses mains vibrantes qui versaient avec beaucoup de difficult\u00e9 un shot. <\/p>\n\n\n\n<p>\u2013 Le Mexique te manque-t-il ?, j&rsquo;ai demand\u00e9, sachant que c&rsquo;\u00e9tait sa maison depuis de nombreuses ann\u00e9es. <\/p>\n\n\n\n<p>\u2013 Il me manque terriblement, Basti\u00e1n, a-t-il dit franchement. Quand le Costa Rica nous faisait mourir de faim, moi et ma famille, le Mexique nous a nourris et \u00e9duqu\u00e9s. <\/p>\n\n\n\n<p>\u2013 Pensez-vous qu&rsquo;il soit n\u00e9cessaire de migrer pour \u00eatre un artiste ?, j\u2019 ai demand\u00e9 sinc\u00e8rement, car j&rsquo;envisageais cette possibilit\u00e9 depuis plusieurs ann\u00e9es, et il a proclam\u00e9 d&rsquo;une voix moralisatrice. <\/p>\n\n\n\n<p>\u2013 Au Costa Rica, il y a un probl\u00e8me&#8230; les Ticos ont besoin qu&rsquo;un artiste soit approuv\u00e9 \u00e0 l&rsquo;\u00e9tranger pour pouvoir le valoriser \u00e0 son retour. <\/p>\n\n\n\n<p>\u2013 Je l&rsquo;ai remarqu\u00e9, mais&#8230; Pourquoi cela se produit-il ? <\/p>\n\n\n\n<p>\u2013 Gentil Basti\u00e1n, l&rsquo;estime de soi de nos compatriotes a \u00e9t\u00e9 tellement diminu\u00e9e qu&rsquo;ils ne se sentent pas capables de juger par eux-m\u00eames&#8230;.. Moi, par exemple, j&rsquo;ai d\u00fb prouver mon talent au Mexique pour \u00eatre respect\u00e9 ici. Regardez le cas de Chavela Vargas, il y a beaucoup d&rsquo;autres exemples. <\/p>\n\n\n\n<p>Ses mots \u00e9taient teint\u00e9s de malheur. Pendant que nous parlions, j&rsquo;ai pr\u00eat\u00e9 attention \u00e0 son visage vieilli et terni par le soleil : ses yeux \u00e9taient enracin\u00e9s par des vaisseaux sanguins rougis et sa moustache blanche et broussailleuse restait inanim\u00e9e malgr\u00e9 la mobilit\u00e9 de sa bouche. Sans nous en rendre compte, nous avons saut\u00e9 de sujet en sujet. <\/p>\n\n\n\n<p>Il m&rsquo;a racont\u00e9 son enfance inconvenante dans une r\u00e9serve indig\u00e8ne, des anecdotes de ses d\u00e9buts au Mexique, son admiration pour les \u00e9crivains Carlos Fuentes, Juan Rulfo et Carlos Luis Fallas. Mes r\u00e9ponses, bien que timides, semblaient nous rapprocher, car nous \u00e9tions voisins d&rsquo;un pass\u00e9 de p\u00e9nurie dont je n&rsquo;\u00e9tais pas encore sorti, jusqu&rsquo;\u00e0 ce qu&rsquo;il dise :  <\/p>\n\n\n\n<p>\u2013 Mon premier livre, je l&rsquo;ai \u00e9crit sur des bouts de papier provenant de sacs de ciment que je ramassais dans les ordures, \u00e0 l&rsquo;\u00e9poque o\u00f9 je n&rsquo;avais pas oubli\u00e9 comment pleurer.  <\/p>\n\n\n\n<p>\u2013 Tu ne pleures plus ?  <\/p>\n\n\n\n<p>\u2013 J&rsquo;ai promis d&rsquo;oublier comment pleurer depuis que j&rsquo;ai retrouv\u00e9 ma libert\u00e9, mais parfois ce que j&rsquo;oublie, c&rsquo;est la promesse. Il garda le silence et remplit nos verres de tequila avec une maladresse d\u00e9sesp\u00e9r\u00e9e comme il s&rsquo;en souvenait, mais ce souvenir sembla le rendre furieux car, en posant la bouteille sur la table, il eut un acc\u00e8s de col\u00e8re et d\u00e9boutonna rageusement les boutons sup\u00e9rieurs de sa chemise et me montra une cicatrice en forme d&rsquo;\u00e9toile sur sa poitrine :  <\/p>\n\n\n\n<p>\u2013 Tu vois cette cicatrice ? Je ne m\u00e9ritais pas cette balle, je ne la m\u00e9ritais pas, et encore moins autant d&rsquo;ann\u00e9es d&rsquo;enfermement&#8230;.. J&rsquo;avais seulement envie d&rsquo;\u00eatre libre ! Dans ses paroles, on pouvait d\u00e9celer une terrible col\u00e8re, intensifi\u00e9e par la fa\u00e7on dont il frappait la blessure avec son poing, comme s&rsquo;il d\u00e9testait cette partie de son corps. Au moment o\u00f9 cette balle a ouvert ma chair, la p\u00e9riode la plus am\u00e8re de ma vie a commenc\u00e9.  <\/p>\n\n\n\n<p>Une fois calm\u00e9, il a bu son verre sans sourciller et s&rsquo;en est servi un autre. En gros, il l&rsquo;a soulev\u00e9 et a port\u00e9 un toast :  <\/p>\n\n\n\n<p>\u2013 A la vie, putain !  J&rsquo;avais encore une chance compl\u00e8te, alors je l&rsquo;ai rejoint et je me suis senti mal de me r\u00e9jouir du miracle inimaginable d&rsquo;une telle intimit\u00e9 avec mon h\u00e9ros litt\u00e9raire. Bien que je ne me sois pas tromp\u00e9 au point de croire que nous avions nou\u00e9 une amiti\u00e9.  <\/p>\n\n\n\n<p>Il me montrait l&rsquo;\u00e9corce d&rsquo;un arbre sans feuilles qui, malgr\u00e9 ses mis\u00e8res, s&rsquo;\u00e9tait toujours tenu droit et, avec un caract\u00e8re digne, continuait \u00e0 donner des fleurs avec ce qui lui restait de vitalit\u00e9. Je savais que sous cette carapace se cachait une \u00e2me de po\u00e8te, aiguis\u00e9e par la douleur. Chaque mot de sa bouche \u00e9tait une \u00e9treinte paternelle.<\/p>\n\n\n\n<p>\u2013 J&rsquo;ai lu ton livre ! a-t-il dit, en changeant radicalement de sujet, suivi d&rsquo;un silence intraduisible. <\/p>\n\n\n\n<p>\u2013 Qu&rsquo;est-ce que tu en as pens\u00e9 ? j\u2019ai demand\u00e9, conscient que sa r\u00e9ponse d\u00e9terminerait si je devais abandonner mon r\u00eave de devenir \u00e9crivain ou continuer \u00e0 me battre.  <\/p>\n\n\n\n<p>\u2013 Gentil Bastian, je suis ravi que tu ne te contentes pas d&rsquo;\u00e9crire une litt\u00e9rature qui r\u00e9pond \u00e0 des exigences stylistiques et techniques, mais qu&rsquo;avec ta sensibilit\u00e9 tu parviennes \u00e0 donner \u00e0 chaque texte une finalit\u00e9 d\u00e9di\u00e9e \u00e0 l&rsquo;humanit\u00e9. J&rsquo;avais l&rsquo;impression d&rsquo;\u00eatre un pion battant tous les rois du monde \u00e0 la fois et une larme de fiert\u00e9 voulait appara\u00eetre, mais je me suis retenu en jonglant avec toutes mes \u00e9motions. Mais je savais aussi qu&rsquo;il me disait peut-\u00eatre ce que j&rsquo;avais besoin d&rsquo;entendre pour tirer le meilleur de moi.  <\/p>\n\n\n\n<p>\u2013 Un conseil ? j\u2019ai demand\u00e9, pr\u00eat \u00e0 lui ob\u00e9ir.  <\/p>\n\n\n\n<p>\u2013 Soyez reconnaissant envers la source de votre douleur, mais ne vous y accrochez pas trop fort&#8230;&#8230; Vous devez faire quelques tr\u00eaves avec l&rsquo;ego. \u00c9crivez pour vous explorer et n&rsquo;essayez jamais de comprendre l&rsquo;art, sinon vous deviendrez fou ; contentez-vous de le servir.  <\/p>\n\n\n\n<p>\u2013 J&rsquo;ai parfois l&rsquo;impression de ne pas savoir o\u00f9 je vais avec mes romans.  <\/p>\n\n\n\n<p>\u2013 Si c&rsquo;est le cas, vous \u00eates sur la bonne voie. On n&rsquo;\u00e9crit pas pour dire quelque chose, on \u00e9crit pour trouver quelque chose. Si, en tant qu&rsquo;\u00e9crivain, vous savez \u00e0 l&rsquo;avance ce que vous allez trouver dans votre travail, alors pourquoi gaspiller l&rsquo;effort ? Si vous \u00e9crivez pour que les autres pensent comme vous ou pour les impressionner, vous faites fausse route. Ce n&rsquo;est pas un roman, je ne sais pas si c&rsquo;est un pamphlet politique ou un rapport d&rsquo;histoire, mais vous n&rsquo;avez pas le droit de l&rsquo;appeler un roman. Celui qui \u00e9crit ne doit pas enseigner, il doit explorer.  <\/p>\n\n\n\n<p>\u2013 Qu&rsquo;est-ce que je dois explorer ?  <\/p>\n\n\n\n<p>\u2013 Votre plus grand doute, ce que vous avez toujours voulu comprendre, mais que ni la science ni la philosophie n&rsquo;ont pu expliquer. Explorez la vie elle-m\u00eame et tous les concepts humains que nous avons cr\u00e9\u00e9s pour nous divertir. N&rsquo;avez-vous pas quelque chose \u00e0 comprendre, mais vous n&rsquo;avez pas trouv\u00e9 comment ?  <\/p>\n\n\n\n<p>\u2013 L&rsquo;essence des choses, surtout l&rsquo;essence humaine\u00a0\u00bb, ai-je dit timidement.  <\/p>\n\n\n\n<p>\u2013 C&rsquo;est un merveilleux exemple. Quelles questions avez-vous \u00e0 ce sujet ? <\/p>\n\n\n\n<p>\u2013 Je suis intrigu\u00e9 de savoir ce que je suis vraiment et ce qu&rsquo;est un agr\u00e9gat. Je me demande \u00e9galement : les animaux, les choses et l&rsquo;univers ont-ils une essence propre, ou est-ce la m\u00eame essence qui se colle \u00e0 nous et nous anime en tant qu&rsquo;individus ?   <\/p>\n\n\n\n<p>\u2013 Et bien, c&rsquo;est ce que vous devez explorer : vos doutes. Il faut comprendre le roman comme un t\u00e9lescope, un appareil gigantesque qui est la propri\u00e9t\u00e9 de l&rsquo;humanit\u00e9 et que l&rsquo;on emprunte pour mettre sous sa puissante loupe un objet que l&rsquo;on souhaite diss\u00e9quer.  <\/p>\n\n\n\n<p>\u2013 Une loupe ?  <\/p>\n\n\n\n<p>\u2013 Oui, une loupe qui permet de voir le plus gigantesque, mais aussi le plus petit. Une loupe qui simule la vie, mais qui en m\u00eame temps ne se limite pas \u00e0 la vision de la r\u00e9alit\u00e9, mais observe aussi la posture du monde des r\u00eaves, montrant la supra-r\u00e9alit\u00e9 dans laquelle nous vivons. Vous n&rsquo;avez pas id\u00e9e de tout ce que vous allez clarifier en utilisant cet objectif, m\u00eame si je vous pr\u00e9viens que vous aurez plus de doutes que de r\u00e9ponses. Mais croyez-moi, vous ne le regretterez pas.  <\/p>\n\n\n\n<p>\u2013 Vous pensez que ce que j&rsquo;ai \u00e9crit peut \u00eatre publi\u00e9 ?<\/p>\n\n\n\n<p>\u2013 Je pense qu&rsquo;il le m\u00e9rite. Mais je suis s\u00fbr que ce ne sera pas votre meilleur travail.  <\/p>\n\n\n\n<p>\u2013 J&rsquo;aimerais que les \u00e9diteurs du pays pensent de m\u00eame, cela fait des mois que j&rsquo;essaie de le faire publier.  \u2013 C&rsquo;est aussi de \u00e7a que je voulais te parler. Je l&rsquo;ai envoy\u00e9 \u00e0 un ami \u00e9diteur et lui ai dit que je vous recommanderais et vous parrainerais en tout. Il n&rsquo;en a lu que la moiti\u00e9, mais il a ador\u00e9 ; il veut le publier. <\/p>\n\n\n\n<p>Nous avons port\u00e9 un dernier toast pour f\u00eater. <\/p>\n<\/div>\n\n\n\n<p><strong>Auteur:<\/strong> Steven Cubillo<\/p>\n","protected":false},"excerpt":{"rendered":"<p>Ce mardi, nous avons appris la nouvelle du d\u00e9c\u00e8s du romancier costaricien Jos\u00e9 Le\u00f3n S\u00e1nchez, qui a laiss\u00e9 son empreinte non seulement dans le c\u0153ur de ses lecteurs, mais aussi dans l&rsquo;histoire de la litt\u00e9rature nationale et internationale. En hommage, en souvenir et en reconnaissance envers lui, envers sa personne et envers son aide constante, [&hellip;]<\/p>\n","protected":false},"author":4,"featured_media":4325,"comment_status":"closed","ping_status":"closed","sticky":false,"template":"","format":"standard","meta":{"_acf_changed":false,"inline_featured_image":false,"_monsterinsights_skip_tracking":false,"_monsterinsights_sitenote_active":false,"_monsterinsights_sitenote_note":"","_monsterinsights_sitenote_category":0,"footnotes":""},"categories":[153],"tags":[],"class_list":["post-4332","post","type-post","status-publish","format-standard","has-post-thumbnail","hentry","category-litterature-fr"],"acf":[],"yoast_head":"<!-- This site is optimized with the Yoast SEO plugin v27.4 - https:\/\/yoast.com\/product\/yoast-seo-wordpress\/ -->\n<title>Un r\u00eave qui se r\u00e9alise - SensorialSunsets<\/title>\n<meta name=\"description\" content=\"En hommage, en m\u00e9moire et en reconnaissance \u00e0 Jos\u00e9 Le\u00f3n S\u00e1nchez, nous pr\u00e9sentons ce chapitre du roman : P\u00e1jaros de ciudad par Steven Cubillo.\" \/>\n<meta name=\"robots\" content=\"index, follow, max-snippet:-1, max-image-preview:large, max-video-preview:-1\" \/>\n<link rel=\"canonical\" href=\"https:\/\/www.sensorialsunsets.com\/fr\/un-reve-qui-se-realise-par-steven-cubillo\/\" \/>\n<meta property=\"og:locale\" content=\"fr_FR\" \/>\n<meta property=\"og:type\" content=\"article\" \/>\n<meta property=\"og:title\" content=\"Un r\u00eave qui se r\u00e9alise - SensorialSunsets\" \/>\n<meta property=\"og:description\" content=\"En hommage, en m\u00e9moire et en reconnaissance \u00e0 Jos\u00e9 Le\u00f3n S\u00e1nchez, nous pr\u00e9sentons ce chapitre du roman : P\u00e1jaros de ciudad par Steven Cubillo.\" \/>\n<meta property=\"og:url\" content=\"https:\/\/www.sensorialsunsets.com\/fr\/un-reve-qui-se-realise-par-steven-cubillo\/\" \/>\n<meta property=\"og:site_name\" content=\"SensorialSunsets\" \/>\n<meta property=\"article:publisher\" content=\"https:\/\/www.facebook.com\/Sensorial-Sunsets-109180614715562\" \/>\n<meta property=\"article:published_time\" content=\"2022-11-18T20:04:29+00:00\" \/>\n<meta property=\"article:modified_time\" content=\"2022-12-02T22:19:27+00:00\" \/>\n<meta property=\"og:image\" content=\"https:\/\/www.sensorialsunsets.com\/wp-content\/uploads\/2022\/11\/timothy-eberly-S5r1Ya5LPig-unsplash-scaled.jpg\" \/>\n\t<meta property=\"og:image:width\" content=\"2560\" \/>\n\t<meta property=\"og:image:height\" content=\"1707\" \/>\n\t<meta property=\"og:image:type\" content=\"image\/jpeg\" \/>\n<meta name=\"author\" content=\"Sensorial Sunsets\" \/>\n<meta name=\"twitter:card\" content=\"summary_large_image\" \/>\n<meta name=\"twitter:label1\" content=\"\u00c9crit par\" \/>\n\t<meta name=\"twitter:data1\" content=\"Sensorial Sunsets\" \/>\n\t<meta name=\"twitter:label2\" content=\"Dur\u00e9e de lecture estim\u00e9e\" \/>\n\t<meta name=\"twitter:data2\" content=\"9 minutes\" \/>\n<script type=\"application\/ld+json\" class=\"yoast-schema-graph\">{\"@context\":\"https:\\\/\\\/schema.org\",\"@graph\":[{\"@type\":\"Article\",\"@id\":\"https:\\\/\\\/www.sensorialsunsets.com\\\/fr\\\/un-reve-qui-se-realise-par-steven-cubillo\\\/#article\",\"isPartOf\":{\"@id\":\"https:\\\/\\\/www.sensorialsunsets.com\\\/fr\\\/un-reve-qui-se-realise-par-steven-cubillo\\\/\"},\"author\":{\"name\":\"Sensorial Sunsets\",\"@id\":\"https:\\\/\\\/www.sensorialsunsets.com\\\/fr\\\/#\\\/schema\\\/person\\\/77e2fa594135aa94024c47e281d8a94d\"},\"headline\":\"Un r\u00eave qui se r\u00e9alise\",\"datePublished\":\"2022-11-18T20:04:29+00:00\",\"dateModified\":\"2022-12-02T22:19:27+00:00\",\"mainEntityOfPage\":{\"@id\":\"https:\\\/\\\/www.sensorialsunsets.com\\\/fr\\\/un-reve-qui-se-realise-par-steven-cubillo\\\/\"},\"wordCount\":1934,\"publisher\":{\"@id\":\"https:\\\/\\\/www.sensorialsunsets.com\\\/fr\\\/#organization\"},\"image\":{\"@id\":\"https:\\\/\\\/www.sensorialsunsets.com\\\/fr\\\/un-reve-qui-se-realise-par-steven-cubillo\\\/#primaryimage\"},\"thumbnailUrl\":\"https:\\\/\\\/www.sensorialsunsets.com\\\/wp-content\\\/uploads\\\/2022\\\/11\\\/timothy-eberly-S5r1Ya5LPig-unsplash-scaled.jpg\",\"articleSection\":[\"Litt\u00e9rature\"],\"inLanguage\":\"fr-FR\"},{\"@type\":\"WebPage\",\"@id\":\"https:\\\/\\\/www.sensorialsunsets.com\\\/fr\\\/un-reve-qui-se-realise-par-steven-cubillo\\\/\",\"url\":\"https:\\\/\\\/www.sensorialsunsets.com\\\/fr\\\/un-reve-qui-se-realise-par-steven-cubillo\\\/\",\"name\":\"Un r\u00eave qui se r\u00e9alise - SensorialSunsets\",\"isPartOf\":{\"@id\":\"https:\\\/\\\/www.sensorialsunsets.com\\\/fr\\\/#website\"},\"primaryImageOfPage\":{\"@id\":\"https:\\\/\\\/www.sensorialsunsets.com\\\/fr\\\/un-reve-qui-se-realise-par-steven-cubillo\\\/#primaryimage\"},\"image\":{\"@id\":\"https:\\\/\\\/www.sensorialsunsets.com\\\/fr\\\/un-reve-qui-se-realise-par-steven-cubillo\\\/#primaryimage\"},\"thumbnailUrl\":\"https:\\\/\\\/www.sensorialsunsets.com\\\/wp-content\\\/uploads\\\/2022\\\/11\\\/timothy-eberly-S5r1Ya5LPig-unsplash-scaled.jpg\",\"datePublished\":\"2022-11-18T20:04:29+00:00\",\"dateModified\":\"2022-12-02T22:19:27+00:00\",\"description\":\"En hommage, en m\u00e9moire et en reconnaissance \u00e0 Jos\u00e9 Le\u00f3n S\u00e1nchez, nous pr\u00e9sentons ce chapitre du roman : P\u00e1jaros de ciudad par Steven Cubillo.\",\"inLanguage\":\"fr-FR\",\"potentialAction\":[{\"@type\":\"ReadAction\",\"target\":[\"https:\\\/\\\/www.sensorialsunsets.com\\\/fr\\\/un-reve-qui-se-realise-par-steven-cubillo\\\/\"]}]},{\"@type\":\"ImageObject\",\"inLanguage\":\"fr-FR\",\"@id\":\"https:\\\/\\\/www.sensorialsunsets.com\\\/fr\\\/un-reve-qui-se-realise-par-steven-cubillo\\\/#primaryimage\",\"url\":\"https:\\\/\\\/www.sensorialsunsets.com\\\/wp-content\\\/uploads\\\/2022\\\/11\\\/timothy-eberly-S5r1Ya5LPig-unsplash-scaled.jpg\",\"contentUrl\":\"https:\\\/\\\/www.sensorialsunsets.com\\\/wp-content\\\/uploads\\\/2022\\\/11\\\/timothy-eberly-S5r1Ya5LPig-unsplash-scaled.jpg\",\"width\":2560,\"height\":1707},{\"@type\":\"WebSite\",\"@id\":\"https:\\\/\\\/www.sensorialsunsets.com\\\/fr\\\/#website\",\"url\":\"https:\\\/\\\/www.sensorialsunsets.com\\\/fr\\\/\",\"name\":\"SensorialSunsets.com\",\"description\":\"D\u00e9couvrez la culture et la soci\u00e9t\u00e9 du Costa Rica sur notre blog. Explorez des articles captivants et partagez le contenu.\",\"publisher\":{\"@id\":\"https:\\\/\\\/www.sensorialsunsets.com\\\/fr\\\/#organization\"},\"alternateName\":\"Costa Rica Live Blog\",\"potentialAction\":[{\"@type\":\"SearchAction\",\"target\":{\"@type\":\"EntryPoint\",\"urlTemplate\":\"https:\\\/\\\/www.sensorialsunsets.com\\\/fr\\\/?s={search_term_string}\"},\"query-input\":{\"@type\":\"PropertyValueSpecification\",\"valueRequired\":true,\"valueName\":\"search_term_string\"}}],\"inLanguage\":\"fr-FR\"},{\"@type\":\"Organization\",\"@id\":\"https:\\\/\\\/www.sensorialsunsets.com\\\/fr\\\/#organization\",\"name\":\"SensorialSunsets\",\"url\":\"https:\\\/\\\/www.sensorialsunsets.com\\\/fr\\\/\",\"logo\":{\"@type\":\"ImageObject\",\"inLanguage\":\"fr-FR\",\"@id\":\"https:\\\/\\\/www.sensorialsunsets.com\\\/fr\\\/#\\\/schema\\\/logo\\\/image\\\/\",\"url\":\"https:\\\/\\\/www.sensorialsunsets.com\\\/wp-content\\\/uploads\\\/2023\\\/04\\\/Logo_base_line_fond_clair.svg\",\"contentUrl\":\"https:\\\/\\\/www.sensorialsunsets.com\\\/wp-content\\\/uploads\\\/2023\\\/04\\\/Logo_base_line_fond_clair.svg\",\"width\":\"1024\",\"height\":\"1024\",\"caption\":\"SensorialSunsets\"},\"image\":{\"@id\":\"https:\\\/\\\/www.sensorialsunsets.com\\\/fr\\\/#\\\/schema\\\/logo\\\/image\\\/\"},\"sameAs\":[\"https:\\\/\\\/www.facebook.com\\\/Sensorial-Sunsets-109180614715562\",\"https:\\\/\\\/www.instagram.com\\\/sensorialsunsets\\\/\"]},{\"@type\":\"Person\",\"@id\":\"https:\\\/\\\/www.sensorialsunsets.com\\\/fr\\\/#\\\/schema\\\/person\\\/77e2fa594135aa94024c47e281d8a94d\",\"name\":\"Sensorial Sunsets\",\"image\":{\"@type\":\"ImageObject\",\"inLanguage\":\"fr-FR\",\"@id\":\"https:\\\/\\\/secure.gravatar.com\\\/avatar\\\/5f2d62681b1dad94c28f1500d4fc75582acdfd32b55fd1acce0a36a3c487eabe?s=96&d=mm&r=g\",\"url\":\"https:\\\/\\\/secure.gravatar.com\\\/avatar\\\/5f2d62681b1dad94c28f1500d4fc75582acdfd32b55fd1acce0a36a3c487eabe?s=96&d=mm&r=g\",\"contentUrl\":\"https:\\\/\\\/secure.gravatar.com\\\/avatar\\\/5f2d62681b1dad94c28f1500d4fc75582acdfd32b55fd1acce0a36a3c487eabe?s=96&d=mm&r=g\",\"caption\":\"Sensorial Sunsets\"},\"url\":\"https:\\\/\\\/www.sensorialsunsets.com\\\/fr\\\/author\\\/asistentes-sensorial-sunsets\\\/\"}]}<\/script>\n<!-- \/ Yoast SEO plugin. -->","yoast_head_json":{"title":"Un r\u00eave qui se r\u00e9alise - SensorialSunsets","description":"En hommage, en m\u00e9moire et en reconnaissance \u00e0 Jos\u00e9 Le\u00f3n S\u00e1nchez, nous pr\u00e9sentons ce chapitre du roman : P\u00e1jaros de ciudad par Steven Cubillo.","robots":{"index":"index","follow":"follow","max-snippet":"max-snippet:-1","max-image-preview":"max-image-preview:large","max-video-preview":"max-video-preview:-1"},"canonical":"https:\/\/www.sensorialsunsets.com\/fr\/un-reve-qui-se-realise-par-steven-cubillo\/","og_locale":"fr_FR","og_type":"article","og_title":"Un r\u00eave qui se r\u00e9alise - SensorialSunsets","og_description":"En hommage, en m\u00e9moire et en reconnaissance \u00e0 Jos\u00e9 Le\u00f3n S\u00e1nchez, nous pr\u00e9sentons ce chapitre du roman : P\u00e1jaros de ciudad par Steven Cubillo.","og_url":"https:\/\/www.sensorialsunsets.com\/fr\/un-reve-qui-se-realise-par-steven-cubillo\/","og_site_name":"SensorialSunsets","article_publisher":"https:\/\/www.facebook.com\/Sensorial-Sunsets-109180614715562","article_published_time":"2022-11-18T20:04:29+00:00","article_modified_time":"2022-12-02T22:19:27+00:00","og_image":[{"width":2560,"height":1707,"url":"https:\/\/www.sensorialsunsets.com\/wp-content\/uploads\/2022\/11\/timothy-eberly-S5r1Ya5LPig-unsplash-scaled.jpg","type":"image\/jpeg"}],"author":"Sensorial Sunsets","twitter_card":"summary_large_image","twitter_misc":{"\u00c9crit par":"Sensorial Sunsets","Dur\u00e9e de lecture estim\u00e9e":"9 minutes"},"schema":{"@context":"https:\/\/schema.org","@graph":[{"@type":"Article","@id":"https:\/\/www.sensorialsunsets.com\/fr\/un-reve-qui-se-realise-par-steven-cubillo\/#article","isPartOf":{"@id":"https:\/\/www.sensorialsunsets.com\/fr\/un-reve-qui-se-realise-par-steven-cubillo\/"},"author":{"name":"Sensorial Sunsets","@id":"https:\/\/www.sensorialsunsets.com\/fr\/#\/schema\/person\/77e2fa594135aa94024c47e281d8a94d"},"headline":"Un r\u00eave qui se r\u00e9alise","datePublished":"2022-11-18T20:04:29+00:00","dateModified":"2022-12-02T22:19:27+00:00","mainEntityOfPage":{"@id":"https:\/\/www.sensorialsunsets.com\/fr\/un-reve-qui-se-realise-par-steven-cubillo\/"},"wordCount":1934,"publisher":{"@id":"https:\/\/www.sensorialsunsets.com\/fr\/#organization"},"image":{"@id":"https:\/\/www.sensorialsunsets.com\/fr\/un-reve-qui-se-realise-par-steven-cubillo\/#primaryimage"},"thumbnailUrl":"https:\/\/www.sensorialsunsets.com\/wp-content\/uploads\/2022\/11\/timothy-eberly-S5r1Ya5LPig-unsplash-scaled.jpg","articleSection":["Litt\u00e9rature"],"inLanguage":"fr-FR"},{"@type":"WebPage","@id":"https:\/\/www.sensorialsunsets.com\/fr\/un-reve-qui-se-realise-par-steven-cubillo\/","url":"https:\/\/www.sensorialsunsets.com\/fr\/un-reve-qui-se-realise-par-steven-cubillo\/","name":"Un r\u00eave qui se r\u00e9alise - SensorialSunsets","isPartOf":{"@id":"https:\/\/www.sensorialsunsets.com\/fr\/#website"},"primaryImageOfPage":{"@id":"https:\/\/www.sensorialsunsets.com\/fr\/un-reve-qui-se-realise-par-steven-cubillo\/#primaryimage"},"image":{"@id":"https:\/\/www.sensorialsunsets.com\/fr\/un-reve-qui-se-realise-par-steven-cubillo\/#primaryimage"},"thumbnailUrl":"https:\/\/www.sensorialsunsets.com\/wp-content\/uploads\/2022\/11\/timothy-eberly-S5r1Ya5LPig-unsplash-scaled.jpg","datePublished":"2022-11-18T20:04:29+00:00","dateModified":"2022-12-02T22:19:27+00:00","description":"En hommage, en m\u00e9moire et en reconnaissance \u00e0 Jos\u00e9 Le\u00f3n S\u00e1nchez, nous pr\u00e9sentons ce chapitre du roman : P\u00e1jaros de ciudad par Steven Cubillo.","inLanguage":"fr-FR","potentialAction":[{"@type":"ReadAction","target":["https:\/\/www.sensorialsunsets.com\/fr\/un-reve-qui-se-realise-par-steven-cubillo\/"]}]},{"@type":"ImageObject","inLanguage":"fr-FR","@id":"https:\/\/www.sensorialsunsets.com\/fr\/un-reve-qui-se-realise-par-steven-cubillo\/#primaryimage","url":"https:\/\/www.sensorialsunsets.com\/wp-content\/uploads\/2022\/11\/timothy-eberly-S5r1Ya5LPig-unsplash-scaled.jpg","contentUrl":"https:\/\/www.sensorialsunsets.com\/wp-content\/uploads\/2022\/11\/timothy-eberly-S5r1Ya5LPig-unsplash-scaled.jpg","width":2560,"height":1707},{"@type":"WebSite","@id":"https:\/\/www.sensorialsunsets.com\/fr\/#website","url":"https:\/\/www.sensorialsunsets.com\/fr\/","name":"SensorialSunsets.com","description":"D\u00e9couvrez la culture et la soci\u00e9t\u00e9 du Costa Rica sur notre blog. Explorez des articles captivants et partagez le contenu.","publisher":{"@id":"https:\/\/www.sensorialsunsets.com\/fr\/#organization"},"alternateName":"Costa Rica Live Blog","potentialAction":[{"@type":"SearchAction","target":{"@type":"EntryPoint","urlTemplate":"https:\/\/www.sensorialsunsets.com\/fr\/?s={search_term_string}"},"query-input":{"@type":"PropertyValueSpecification","valueRequired":true,"valueName":"search_term_string"}}],"inLanguage":"fr-FR"},{"@type":"Organization","@id":"https:\/\/www.sensorialsunsets.com\/fr\/#organization","name":"SensorialSunsets","url":"https:\/\/www.sensorialsunsets.com\/fr\/","logo":{"@type":"ImageObject","inLanguage":"fr-FR","@id":"https:\/\/www.sensorialsunsets.com\/fr\/#\/schema\/logo\/image\/","url":"https:\/\/www.sensorialsunsets.com\/wp-content\/uploads\/2023\/04\/Logo_base_line_fond_clair.svg","contentUrl":"https:\/\/www.sensorialsunsets.com\/wp-content\/uploads\/2023\/04\/Logo_base_line_fond_clair.svg","width":"1024","height":"1024","caption":"SensorialSunsets"},"image":{"@id":"https:\/\/www.sensorialsunsets.com\/fr\/#\/schema\/logo\/image\/"},"sameAs":["https:\/\/www.facebook.com\/Sensorial-Sunsets-109180614715562","https:\/\/www.instagram.com\/sensorialsunsets\/"]},{"@type":"Person","@id":"https:\/\/www.sensorialsunsets.com\/fr\/#\/schema\/person\/77e2fa594135aa94024c47e281d8a94d","name":"Sensorial Sunsets","image":{"@type":"ImageObject","inLanguage":"fr-FR","@id":"https:\/\/secure.gravatar.com\/avatar\/5f2d62681b1dad94c28f1500d4fc75582acdfd32b55fd1acce0a36a3c487eabe?s=96&d=mm&r=g","url":"https:\/\/secure.gravatar.com\/avatar\/5f2d62681b1dad94c28f1500d4fc75582acdfd32b55fd1acce0a36a3c487eabe?s=96&d=mm&r=g","contentUrl":"https:\/\/secure.gravatar.com\/avatar\/5f2d62681b1dad94c28f1500d4fc75582acdfd32b55fd1acce0a36a3c487eabe?s=96&d=mm&r=g","caption":"Sensorial Sunsets"},"url":"https:\/\/www.sensorialsunsets.com\/fr\/author\/asistentes-sensorial-sunsets\/"}]}},"_links":{"self":[{"href":"https:\/\/www.sensorialsunsets.com\/fr\/wp-json\/wp\/v2\/posts\/4332","targetHints":{"allow":["GET"]}}],"collection":[{"href":"https:\/\/www.sensorialsunsets.com\/fr\/wp-json\/wp\/v2\/posts"}],"about":[{"href":"https:\/\/www.sensorialsunsets.com\/fr\/wp-json\/wp\/v2\/types\/post"}],"author":[{"embeddable":true,"href":"https:\/\/www.sensorialsunsets.com\/fr\/wp-json\/wp\/v2\/users\/4"}],"replies":[{"embeddable":true,"href":"https:\/\/www.sensorialsunsets.com\/fr\/wp-json\/wp\/v2\/comments?post=4332"}],"version-history":[{"count":0,"href":"https:\/\/www.sensorialsunsets.com\/fr\/wp-json\/wp\/v2\/posts\/4332\/revisions"}],"wp:featuredmedia":[{"embeddable":true,"href":"https:\/\/www.sensorialsunsets.com\/fr\/wp-json\/wp\/v2\/media\/4325"}],"wp:attachment":[{"href":"https:\/\/www.sensorialsunsets.com\/fr\/wp-json\/wp\/v2\/media?parent=4332"}],"wp:term":[{"taxonomy":"category","embeddable":true,"href":"https:\/\/www.sensorialsunsets.com\/fr\/wp-json\/wp\/v2\/categories?post=4332"},{"taxonomy":"post_tag","embeddable":true,"href":"https:\/\/www.sensorialsunsets.com\/fr\/wp-json\/wp\/v2\/tags?post=4332"}],"curies":[{"name":"wp","href":"https:\/\/api.w.org\/{rel}","templated":true}]}}