{"id":4399,"date":"2022-11-29T15:03:26","date_gmt":"2022-11-29T21:03:26","guid":{"rendered":"https:\/\/www.sensorialsunsets.com\/?p=4399"},"modified":"2022-12-02T15:18:56","modified_gmt":"2022-12-02T21:18:56","slug":"alamo-location-de-voitures-et-une-alternative-ecologique","status":"publish","type":"post","link":"https:\/\/www.sensorialsunsets.com\/fr\/alamo-location-de-voitures-et-une-alternative-ecologique\/","title":{"rendered":"<strong>Alamo\u00a0: location de voitures et une alternative \u00e9cologique<\/strong>"},"content":{"rendered":"\n<p>Il existe de nombreuses fa\u00e7ons de se d\u00e9placer dans une ville, mais la fa\u00e7on la plus populaire est en voiture. Les voitures sont pratiques et rapides, mais elles \u00e9mettent aussi beaucoup de polluants dans l\u2019air. Ce n\u2019est pas bon pour l\u2019environnement, ni pour notre sant\u00e9.<\/p>\n\n\n\n<h2 class=\"wp-block-heading\"><strong>Le renting et l\u2019environnement<\/strong><\/h2>\n\n\n\n<p>Le mod\u00e8le de tourisme durable est un moyen de r\u00e9soudre ce probl\u00e8me. Il encourage les touristes \u00e0 utiliser les transports en commun ou \u00e0 marcher plut\u00f4t que d\u2019utiliser des voitures. Cela contribuera \u00e0 r\u00e9duire la pollution dans la ville et \u00e0 la rendre plus durable pour les g\u00e9n\u00e9rations futures. Par exemple, l\u2019Association Espagnole de Renting (AER) assure que le renting contribue \u00e0 l\u2019am\u00e9lioration du trafic gr\u00e2ce \u00e0 l\u2019\u00e9quipement t\u00e9l\u00e9matique de ses v\u00e9hicules, et qu\u2019il est un alli\u00e9 contre la pollution, Les contrats sont conclus pour une dur\u00e9e moyenne de 4 ans et 90% des voitures sont conformes \u00e0 la norme Euro 6.<\/p>\n\n\n\n<p>Pour le Groupe ANC en tant que leader de la location de voitures en Am\u00e9rique latine et dans les Cara\u00efbes, le d\u00e9veloppement durable fait partie int\u00e9grante du mod\u00e8le d\u2019entreprise, c\u2019est-\u00e0-dire qu\u2019il nous pousse \u00e0 \u00eatre une organisation ax\u00e9e sur l\u2019efficacit\u00e9 et l\u2019am\u00e9lioration continue de tous les processus.&nbsp;<\/p>\n\n\n\n<p>\u00ab Nous avons constat\u00e9 au fil des ans qu\u2019un mod\u00e8le de tourisme durable est la voie qui nous pousse \u00e0 atteindre les Objectifs de d\u00e9veloppement durable que le Costa Rica s\u2019est propos\u00e9 pour parvenir \u00e0 un d\u00e9veloppement inclusif, durable avec l\u2019environnement et garantissant la fermeture des lacunes en mati\u00e8re de droits de l\u2019homme. \u00bb<\/p>\n\n\n\n<p>Les voitures sont un facteur important de la pollution atmosph\u00e9rique. En cons\u00e9quence, il est n\u00e9cessaire que les constructeurs automobiles d\u00e9veloppent des moteurs et des technologies plus efficaces qui contribuent \u00e0 r\u00e9duire les \u00e9missions de carbone. Les avantages de la location dans ce domaine sont \u00e9vidents, car elle permet aux citoyens d\u2019acqu\u00e9rir des voitures \u00e9lectriques, qui \u00e9mettent moins de gaz \u00e0 effet de serre que les voitures fonctionnant uniquement avec des moteurs \u00e0 combustion interne.<\/p>\n\n\n\n<figure class=\"wp-block-image size-large\"><img loading=\"lazy\" decoding=\"async\" width=\"1024\" height=\"683\" src=\"https:\/\/www.sensorialsunsets.com\/wp-content\/uploads\/2022\/11\/pexels-athena-3550658-1024x683.jpg\" alt=\"\" class=\"wp-image-4350\" srcset=\"https:\/\/www.sensorialsunsets.com\/wp-content\/uploads\/2022\/11\/pexels-athena-3550658-1024x683.jpg 1024w, https:\/\/www.sensorialsunsets.com\/wp-content\/uploads\/2022\/11\/pexels-athena-3550658-300x200.jpg 300w, https:\/\/www.sensorialsunsets.com\/wp-content\/uploads\/2022\/11\/pexels-athena-3550658-768x512.jpg 768w, https:\/\/www.sensorialsunsets.com\/wp-content\/uploads\/2022\/11\/pexels-athena-3550658-1536x1024.jpg 1536w, https:\/\/www.sensorialsunsets.com\/wp-content\/uploads\/2022\/11\/pexels-athena-3550658-2048x1365.jpg 2048w, https:\/\/www.sensorialsunsets.com\/wp-content\/uploads\/2022\/11\/pexels-athena-3550658-334x222.jpg 334w, https:\/\/www.sensorialsunsets.com\/wp-content\/uploads\/2022\/11\/pexels-athena-3550658-1320x880.jpg 1320w\" sizes=\"auto, (max-width: 1024px) 100vw, 1024px\" \/><\/figure>\n\n\n\n<h2 class=\"wp-block-heading\"><strong>mMbilit\u00e9 durable<\/strong><\/h2>\n\n\n\n<p>En tant que leader de la mobilit\u00e9 dans le secteur du tourisme, nous comprenons les besoins de nos clients pour explorer le Costa Rica en recevant un excellent service \u00e0 la client\u00e8le, mais nous sommes \u00e9galement enthousiastes \u00e0 l\u2019id\u00e9e de d\u00e9velopper des op\u00e9rations bas\u00e9es sur un mod\u00e8le certifi\u00e9 de durabilit\u00e9 et d\u2019int\u00e9grer nos clients. C\u2019est pourquoi ils mettent en \u0153uvre des projets environnementaux qui nous poussent \u00e0 atteindre nos objectifs de durabilit\u00e9, parmi lesquels&nbsp;:<\/p>\n\n\n\n<ul class=\"wp-block-list\">\n<li>Collecte de l\u2019eau de pluie pour le lavage des v\u00e9hicules qui permet une \u00e9conomie annuelle de 1,2&nbsp;millions de litres.<\/li>\n\n\n\n<li>Syst\u00e8me de recyclage de l\u2019eau qui nous permet de r\u00e9utiliser 60% de cette ressource dans nos bureaux centraux.<\/li>\n\n\n\n<li>Utilisation de produits biod\u00e9gradables pour le lavage \u00e0 sec des v\u00e9hicules g\u00e9n\u00e9rant des \u00e9conomies de 482mil litres par an<\/li>\n\n\n\n<li>Projets de panneaux solaires nous permet d\u2019\u00e9viter chaque ann\u00e9e 15.7 tonnes de CO2e<\/li>\n\n\n\n<li>Les v\u00e9hicules \u00e9lectriques \u00e0 \u00e9nergie solaire nous permettent d\u2019offrir \u00e0 nos clients une exp\u00e9rience totalement neutre en carbone.<\/li>\n\n\n\n<li>Nous faisons partie du Fonds national de financement des for\u00eats.<\/li>\n\n\n\n<li>Nous faisons partie du projet Mobilit\u00e9 durable des entreprises Bethl\u00e9em<\/li>\n\n\n\n<li>Une partie de nos d\u00e9chets est destin\u00e9e \u00e0 des projets de responsabilit\u00e9 sociale.<\/li>\n<\/ul>\n\n\n\n<p>Dit dans ses propres mots \u00ab\u00a0En Grupo ANC nous sommes ravis d\u2019offrir une excellente exp\u00e9rience de service \u00e0 tous nos clients et aussi \u00eatre impliqu\u00e9s dans un d\u00e9veloppement durable plein d\u2019espoir pour tous\u00a0\u00bb.<\/p>\n\n\n\n<p>C\u2019est-\u00e0-dire, pour r\u00e9duire le probl\u00e8me des \u00e9missions v\u00e9hiculaires, <a href=\"https:\/\/www.adobecar.com\/com\/adobe-rent-a-car-recib-nuevamente-certificacion-verde\/\" target=\"\u0438blank\" rel=\"noreferrer noopener\"> Alamo<\/a> compte avec des mod\u00e8les r\u00e9cents et \u00e9valu\u00e9s par des experts, qui \u00e9vitent l\u2019exc\u00e8s de gaz toxiques. La technologie de ces unit\u00e9s permet de d\u00e9tecter les d\u00e9fauts qui peuvent entra\u00eener une contamination, mais il y a plus d\u2019avantages \u00e0 louer des flottes de v\u00e9hicules.<\/p>\n\n\n\n<p><strong>&nbsp; (Gestionnaire Qualit\u00e9 et Environnement) du Groupe ANC<\/strong> <strong>en collaboration avec Sensorial Sunsets<\/strong>.<\/p>\n","protected":false},"excerpt":{"rendered":"<p>Il existe de nombreuses fa\u00e7ons de se d\u00e9placer dans une ville, mais la fa\u00e7on la plus populaire est en voiture. Les voitures sont pratiques et rapides, mais elles \u00e9mettent aussi beaucoup de polluants dans l\u2019air. Ce n\u2019est pas bon pour l\u2019environnement, ni pour notre sant\u00e9. Le renting et l\u2019environnement Le mod\u00e8le de tourisme durable est [&hellip;]<\/p>\n","protected":false},"author":4,"featured_media":4349,"comment_status":"closed","ping_status":"closed","sticky":false,"template":"","format":"standard","meta":{"_acf_changed":false,"inline_featured_image":false,"_monsterinsights_skip_tracking":false,"_monsterinsights_sitenote_active":false,"_monsterinsights_sitenote_note":"","_monsterinsights_sitenote_category":0,"footnotes":""},"categories":[111],"tags":[],"class_list":["post-4399","post","type-post","status-publish","format-standard","has-post-thumbnail","hentry","category-ecologie-fr"],"acf":[],"yoast_head":"<!-- This site is optimized with the Yoast SEO plugin v27.4 - https:\/\/yoast.com\/product\/yoast-seo-wordpress\/ -->\n<title>Alamo\u00a0: location de voitures et une alternative \u00e9cologique - SensorialSunsets<\/title>\n<meta name=\"description\" content=\"Adobe consid\u00e8re qu\u2019une entreprise doit se soucier de l\u2019environnement et faire partie de sa communaut\u00e9 dans tous les sens du terme.\" \/>\n<meta name=\"robots\" content=\"index, follow, max-snippet:-1, max-image-preview:large, max-video-preview:-1\" \/>\n<link rel=\"canonical\" href=\"https:\/\/www.sensorialsunsets.com\/fr\/alamo-location-de-voitures-et-une-alternative-ecologique\/\" \/>\n<meta property=\"og:locale\" content=\"fr_FR\" \/>\n<meta property=\"og:type\" content=\"article\" \/>\n<meta property=\"og:title\" content=\"Alamo\u00a0: location de voitures et une alternative \u00e9cologique - SensorialSunsets\" \/>\n<meta property=\"og:description\" content=\"Adobe consid\u00e8re qu\u2019une entreprise doit se soucier de l\u2019environnement et faire partie de sa communaut\u00e9 dans tous les sens du terme.\" \/>\n<meta property=\"og:url\" content=\"https:\/\/www.sensorialsunsets.com\/fr\/alamo-location-de-voitures-et-une-alternative-ecologique\/\" \/>\n<meta property=\"og:site_name\" content=\"SensorialSunsets\" \/>\n<meta property=\"article:publisher\" content=\"https:\/\/www.facebook.com\/Sensorial-Sunsets-109180614715562\" \/>\n<meta property=\"article:published_time\" content=\"2022-11-29T21:03:26+00:00\" \/>\n<meta property=\"article:modified_time\" content=\"2022-12-02T21:18:56+00:00\" \/>\n<meta property=\"og:image\" content=\"https:\/\/www.sensorialsunsets.com\/wp-content\/uploads\/2022\/11\/pexels-matheus-bertelli-799443-scaled-e1669154578964.jpg\" \/>\n\t<meta property=\"og:image:width\" content=\"1707\" \/>\n\t<meta property=\"og:image:height\" content=\"2560\" \/>\n\t<meta property=\"og:image:type\" content=\"image\/jpeg\" \/>\n<meta name=\"author\" content=\"Sensorial Sunsets\" \/>\n<meta name=\"twitter:card\" content=\"summary_large_image\" \/>\n<meta name=\"twitter:label1\" content=\"\u00c9crit par\" \/>\n\t<meta name=\"twitter:data1\" content=\"Sensorial Sunsets\" \/>\n\t<meta name=\"twitter:label2\" content=\"Dur\u00e9e de lecture estim\u00e9e\" \/>\n\t<meta name=\"twitter:data2\" content=\"3 minutes\" \/>\n<script type=\"application\/ld+json\" class=\"yoast-schema-graph\">{\"@context\":\"https:\\\/\\\/schema.org\",\"@graph\":[{\"@type\":\"Article\",\"@id\":\"https:\\\/\\\/www.sensorialsunsets.com\\\/fr\\\/alamo-location-de-voitures-et-une-alternative-ecologique\\\/#article\",\"isPartOf\":{\"@id\":\"https:\\\/\\\/www.sensorialsunsets.com\\\/fr\\\/alamo-location-de-voitures-et-une-alternative-ecologique\\\/\"},\"author\":{\"name\":\"Sensorial Sunsets\",\"@id\":\"https:\\\/\\\/www.sensorialsunsets.com\\\/fr\\\/#\\\/schema\\\/person\\\/77e2fa594135aa94024c47e281d8a94d\"},\"headline\":\"Alamo\u00a0: location de voitures et une alternative \u00e9cologique\",\"datePublished\":\"2022-11-29T21:03:26+00:00\",\"dateModified\":\"2022-12-02T21:18:56+00:00\",\"mainEntityOfPage\":{\"@id\":\"https:\\\/\\\/www.sensorialsunsets.com\\\/fr\\\/alamo-location-de-voitures-et-une-alternative-ecologique\\\/\"},\"wordCount\":705,\"publisher\":{\"@id\":\"https:\\\/\\\/www.sensorialsunsets.com\\\/fr\\\/#organization\"},\"image\":{\"@id\":\"https:\\\/\\\/www.sensorialsunsets.com\\\/fr\\\/alamo-location-de-voitures-et-une-alternative-ecologique\\\/#primaryimage\"},\"thumbnailUrl\":\"https:\\\/\\\/www.sensorialsunsets.com\\\/wp-content\\\/uploads\\\/2022\\\/11\\\/pexels-matheus-bertelli-799443-scaled-e1669154578964.jpg\",\"articleSection\":[\"Ecologie\"],\"inLanguage\":\"fr-FR\"},{\"@type\":\"WebPage\",\"@id\":\"https:\\\/\\\/www.sensorialsunsets.com\\\/fr\\\/alamo-location-de-voitures-et-une-alternative-ecologique\\\/\",\"url\":\"https:\\\/\\\/www.sensorialsunsets.com\\\/fr\\\/alamo-location-de-voitures-et-une-alternative-ecologique\\\/\",\"name\":\"Alamo\u00a0: location de voitures et une alternative \u00e9cologique - SensorialSunsets\",\"isPartOf\":{\"@id\":\"https:\\\/\\\/www.sensorialsunsets.com\\\/fr\\\/#website\"},\"primaryImageOfPage\":{\"@id\":\"https:\\\/\\\/www.sensorialsunsets.com\\\/fr\\\/alamo-location-de-voitures-et-une-alternative-ecologique\\\/#primaryimage\"},\"image\":{\"@id\":\"https:\\\/\\\/www.sensorialsunsets.com\\\/fr\\\/alamo-location-de-voitures-et-une-alternative-ecologique\\\/#primaryimage\"},\"thumbnailUrl\":\"https:\\\/\\\/www.sensorialsunsets.com\\\/wp-content\\\/uploads\\\/2022\\\/11\\\/pexels-matheus-bertelli-799443-scaled-e1669154578964.jpg\",\"datePublished\":\"2022-11-29T21:03:26+00:00\",\"dateModified\":\"2022-12-02T21:18:56+00:00\",\"description\":\"Adobe consid\u00e8re qu\u2019une entreprise doit se soucier de l\u2019environnement et faire partie de sa communaut\u00e9 dans tous les sens du terme.\",\"inLanguage\":\"fr-FR\",\"potentialAction\":[{\"@type\":\"ReadAction\",\"target\":[\"https:\\\/\\\/www.sensorialsunsets.com\\\/fr\\\/alamo-location-de-voitures-et-une-alternative-ecologique\\\/\"]}]},{\"@type\":\"ImageObject\",\"inLanguage\":\"fr-FR\",\"@id\":\"https:\\\/\\\/www.sensorialsunsets.com\\\/fr\\\/alamo-location-de-voitures-et-une-alternative-ecologique\\\/#primaryimage\",\"url\":\"https:\\\/\\\/www.sensorialsunsets.com\\\/wp-content\\\/uploads\\\/2022\\\/11\\\/pexels-matheus-bertelli-799443-scaled-e1669154578964.jpg\",\"contentUrl\":\"https:\\\/\\\/www.sensorialsunsets.com\\\/wp-content\\\/uploads\\\/2022\\\/11\\\/pexels-matheus-bertelli-799443-scaled-e1669154578964.jpg\",\"width\":1707,\"height\":2560,\"caption\":\"rent-a-car\"},{\"@type\":\"WebSite\",\"@id\":\"https:\\\/\\\/www.sensorialsunsets.com\\\/fr\\\/#website\",\"url\":\"https:\\\/\\\/www.sensorialsunsets.com\\\/fr\\\/\",\"name\":\"SensorialSunsets.com\",\"description\":\"D\u00e9couvrez la culture et la soci\u00e9t\u00e9 du Costa Rica sur notre blog. Explorez des articles captivants et partagez le contenu.\",\"publisher\":{\"@id\":\"https:\\\/\\\/www.sensorialsunsets.com\\\/fr\\\/#organization\"},\"alternateName\":\"Costa Rica Live Blog\",\"potentialAction\":[{\"@type\":\"SearchAction\",\"target\":{\"@type\":\"EntryPoint\",\"urlTemplate\":\"https:\\\/\\\/www.sensorialsunsets.com\\\/fr\\\/?s={search_term_string}\"},\"query-input\":{\"@type\":\"PropertyValueSpecification\",\"valueRequired\":true,\"valueName\":\"search_term_string\"}}],\"inLanguage\":\"fr-FR\"},{\"@type\":\"Organization\",\"@id\":\"https:\\\/\\\/www.sensorialsunsets.com\\\/fr\\\/#organization\",\"name\":\"SensorialSunsets\",\"url\":\"https:\\\/\\\/www.sensorialsunsets.com\\\/fr\\\/\",\"logo\":{\"@type\":\"ImageObject\",\"inLanguage\":\"fr-FR\",\"@id\":\"https:\\\/\\\/www.sensorialsunsets.com\\\/fr\\\/#\\\/schema\\\/logo\\\/image\\\/\",\"url\":\"https:\\\/\\\/www.sensorialsunsets.com\\\/wp-content\\\/uploads\\\/2023\\\/04\\\/Logo_base_line_fond_clair.svg\",\"contentUrl\":\"https:\\\/\\\/www.sensorialsunsets.com\\\/wp-content\\\/uploads\\\/2023\\\/04\\\/Logo_base_line_fond_clair.svg\",\"width\":\"1024\",\"height\":\"1024\",\"caption\":\"SensorialSunsets\"},\"image\":{\"@id\":\"https:\\\/\\\/www.sensorialsunsets.com\\\/fr\\\/#\\\/schema\\\/logo\\\/image\\\/\"},\"sameAs\":[\"https:\\\/\\\/www.facebook.com\\\/Sensorial-Sunsets-109180614715562\",\"https:\\\/\\\/www.instagram.com\\\/sensorialsunsets\\\/\"]},{\"@type\":\"Person\",\"@id\":\"https:\\\/\\\/www.sensorialsunsets.com\\\/fr\\\/#\\\/schema\\\/person\\\/77e2fa594135aa94024c47e281d8a94d\",\"name\":\"Sensorial Sunsets\",\"image\":{\"@type\":\"ImageObject\",\"inLanguage\":\"fr-FR\",\"@id\":\"https:\\\/\\\/secure.gravatar.com\\\/avatar\\\/5f2d62681b1dad94c28f1500d4fc75582acdfd32b55fd1acce0a36a3c487eabe?s=96&d=mm&r=g\",\"url\":\"https:\\\/\\\/secure.gravatar.com\\\/avatar\\\/5f2d62681b1dad94c28f1500d4fc75582acdfd32b55fd1acce0a36a3c487eabe?s=96&d=mm&r=g\",\"contentUrl\":\"https:\\\/\\\/secure.gravatar.com\\\/avatar\\\/5f2d62681b1dad94c28f1500d4fc75582acdfd32b55fd1acce0a36a3c487eabe?s=96&d=mm&r=g\",\"caption\":\"Sensorial Sunsets\"},\"url\":\"https:\\\/\\\/www.sensorialsunsets.com\\\/fr\\\/author\\\/asistentes-sensorial-sunsets\\\/\"}]}<\/script>\n<!-- \/ Yoast SEO plugin. -->","yoast_head_json":{"title":"Alamo\u00a0: location de voitures et une alternative \u00e9cologique - SensorialSunsets","description":"Adobe consid\u00e8re qu\u2019une entreprise doit se soucier de l\u2019environnement et faire partie de sa communaut\u00e9 dans tous les sens du terme.","robots":{"index":"index","follow":"follow","max-snippet":"max-snippet:-1","max-image-preview":"max-image-preview:large","max-video-preview":"max-video-preview:-1"},"canonical":"https:\/\/www.sensorialsunsets.com\/fr\/alamo-location-de-voitures-et-une-alternative-ecologique\/","og_locale":"fr_FR","og_type":"article","og_title":"Alamo\u00a0: location de voitures et une alternative \u00e9cologique - SensorialSunsets","og_description":"Adobe consid\u00e8re qu\u2019une entreprise doit se soucier de l\u2019environnement et faire partie de sa communaut\u00e9 dans tous les sens du terme.","og_url":"https:\/\/www.sensorialsunsets.com\/fr\/alamo-location-de-voitures-et-une-alternative-ecologique\/","og_site_name":"SensorialSunsets","article_publisher":"https:\/\/www.facebook.com\/Sensorial-Sunsets-109180614715562","article_published_time":"2022-11-29T21:03:26+00:00","article_modified_time":"2022-12-02T21:18:56+00:00","og_image":[{"width":1707,"height":2560,"url":"https:\/\/www.sensorialsunsets.com\/wp-content\/uploads\/2022\/11\/pexels-matheus-bertelli-799443-scaled-e1669154578964.jpg","type":"image\/jpeg"}],"author":"Sensorial Sunsets","twitter_card":"summary_large_image","twitter_misc":{"\u00c9crit par":"Sensorial Sunsets","Dur\u00e9e de lecture estim\u00e9e":"3 minutes"},"schema":{"@context":"https:\/\/schema.org","@graph":[{"@type":"Article","@id":"https:\/\/www.sensorialsunsets.com\/fr\/alamo-location-de-voitures-et-une-alternative-ecologique\/#article","isPartOf":{"@id":"https:\/\/www.sensorialsunsets.com\/fr\/alamo-location-de-voitures-et-une-alternative-ecologique\/"},"author":{"name":"Sensorial Sunsets","@id":"https:\/\/www.sensorialsunsets.com\/fr\/#\/schema\/person\/77e2fa594135aa94024c47e281d8a94d"},"headline":"Alamo\u00a0: location de voitures et une alternative \u00e9cologique","datePublished":"2022-11-29T21:03:26+00:00","dateModified":"2022-12-02T21:18:56+00:00","mainEntityOfPage":{"@id":"https:\/\/www.sensorialsunsets.com\/fr\/alamo-location-de-voitures-et-une-alternative-ecologique\/"},"wordCount":705,"publisher":{"@id":"https:\/\/www.sensorialsunsets.com\/fr\/#organization"},"image":{"@id":"https:\/\/www.sensorialsunsets.com\/fr\/alamo-location-de-voitures-et-une-alternative-ecologique\/#primaryimage"},"thumbnailUrl":"https:\/\/www.sensorialsunsets.com\/wp-content\/uploads\/2022\/11\/pexels-matheus-bertelli-799443-scaled-e1669154578964.jpg","articleSection":["Ecologie"],"inLanguage":"fr-FR"},{"@type":"WebPage","@id":"https:\/\/www.sensorialsunsets.com\/fr\/alamo-location-de-voitures-et-une-alternative-ecologique\/","url":"https:\/\/www.sensorialsunsets.com\/fr\/alamo-location-de-voitures-et-une-alternative-ecologique\/","name":"Alamo\u00a0: location de voitures et une alternative \u00e9cologique - SensorialSunsets","isPartOf":{"@id":"https:\/\/www.sensorialsunsets.com\/fr\/#website"},"primaryImageOfPage":{"@id":"https:\/\/www.sensorialsunsets.com\/fr\/alamo-location-de-voitures-et-une-alternative-ecologique\/#primaryimage"},"image":{"@id":"https:\/\/www.sensorialsunsets.com\/fr\/alamo-location-de-voitures-et-une-alternative-ecologique\/#primaryimage"},"thumbnailUrl":"https:\/\/www.sensorialsunsets.com\/wp-content\/uploads\/2022\/11\/pexels-matheus-bertelli-799443-scaled-e1669154578964.jpg","datePublished":"2022-11-29T21:03:26+00:00","dateModified":"2022-12-02T21:18:56+00:00","description":"Adobe consid\u00e8re qu\u2019une entreprise doit se soucier de l\u2019environnement et faire partie de sa communaut\u00e9 dans tous les sens du terme.","inLanguage":"fr-FR","potentialAction":[{"@type":"ReadAction","target":["https:\/\/www.sensorialsunsets.com\/fr\/alamo-location-de-voitures-et-une-alternative-ecologique\/"]}]},{"@type":"ImageObject","inLanguage":"fr-FR","@id":"https:\/\/www.sensorialsunsets.com\/fr\/alamo-location-de-voitures-et-une-alternative-ecologique\/#primaryimage","url":"https:\/\/www.sensorialsunsets.com\/wp-content\/uploads\/2022\/11\/pexels-matheus-bertelli-799443-scaled-e1669154578964.jpg","contentUrl":"https:\/\/www.sensorialsunsets.com\/wp-content\/uploads\/2022\/11\/pexels-matheus-bertelli-799443-scaled-e1669154578964.jpg","width":1707,"height":2560,"caption":"rent-a-car"},{"@type":"WebSite","@id":"https:\/\/www.sensorialsunsets.com\/fr\/#website","url":"https:\/\/www.sensorialsunsets.com\/fr\/","name":"SensorialSunsets.com","description":"D\u00e9couvrez la culture et la soci\u00e9t\u00e9 du Costa Rica sur notre blog. Explorez des articles captivants et partagez le contenu.","publisher":{"@id":"https:\/\/www.sensorialsunsets.com\/fr\/#organization"},"alternateName":"Costa Rica Live Blog","potentialAction":[{"@type":"SearchAction","target":{"@type":"EntryPoint","urlTemplate":"https:\/\/www.sensorialsunsets.com\/fr\/?s={search_term_string}"},"query-input":{"@type":"PropertyValueSpecification","valueRequired":true,"valueName":"search_term_string"}}],"inLanguage":"fr-FR"},{"@type":"Organization","@id":"https:\/\/www.sensorialsunsets.com\/fr\/#organization","name":"SensorialSunsets","url":"https:\/\/www.sensorialsunsets.com\/fr\/","logo":{"@type":"ImageObject","inLanguage":"fr-FR","@id":"https:\/\/www.sensorialsunsets.com\/fr\/#\/schema\/logo\/image\/","url":"https:\/\/www.sensorialsunsets.com\/wp-content\/uploads\/2023\/04\/Logo_base_line_fond_clair.svg","contentUrl":"https:\/\/www.sensorialsunsets.com\/wp-content\/uploads\/2023\/04\/Logo_base_line_fond_clair.svg","width":"1024","height":"1024","caption":"SensorialSunsets"},"image":{"@id":"https:\/\/www.sensorialsunsets.com\/fr\/#\/schema\/logo\/image\/"},"sameAs":["https:\/\/www.facebook.com\/Sensorial-Sunsets-109180614715562","https:\/\/www.instagram.com\/sensorialsunsets\/"]},{"@type":"Person","@id":"https:\/\/www.sensorialsunsets.com\/fr\/#\/schema\/person\/77e2fa594135aa94024c47e281d8a94d","name":"Sensorial Sunsets","image":{"@type":"ImageObject","inLanguage":"fr-FR","@id":"https:\/\/secure.gravatar.com\/avatar\/5f2d62681b1dad94c28f1500d4fc75582acdfd32b55fd1acce0a36a3c487eabe?s=96&d=mm&r=g","url":"https:\/\/secure.gravatar.com\/avatar\/5f2d62681b1dad94c28f1500d4fc75582acdfd32b55fd1acce0a36a3c487eabe?s=96&d=mm&r=g","contentUrl":"https:\/\/secure.gravatar.com\/avatar\/5f2d62681b1dad94c28f1500d4fc75582acdfd32b55fd1acce0a36a3c487eabe?s=96&d=mm&r=g","caption":"Sensorial Sunsets"},"url":"https:\/\/www.sensorialsunsets.com\/fr\/author\/asistentes-sensorial-sunsets\/"}]}},"_links":{"self":[{"href":"https:\/\/www.sensorialsunsets.com\/fr\/wp-json\/wp\/v2\/posts\/4399","targetHints":{"allow":["GET"]}}],"collection":[{"href":"https:\/\/www.sensorialsunsets.com\/fr\/wp-json\/wp\/v2\/posts"}],"about":[{"href":"https:\/\/www.sensorialsunsets.com\/fr\/wp-json\/wp\/v2\/types\/post"}],"author":[{"embeddable":true,"href":"https:\/\/www.sensorialsunsets.com\/fr\/wp-json\/wp\/v2\/users\/4"}],"replies":[{"embeddable":true,"href":"https:\/\/www.sensorialsunsets.com\/fr\/wp-json\/wp\/v2\/comments?post=4399"}],"version-history":[{"count":0,"href":"https:\/\/www.sensorialsunsets.com\/fr\/wp-json\/wp\/v2\/posts\/4399\/revisions"}],"wp:featuredmedia":[{"embeddable":true,"href":"https:\/\/www.sensorialsunsets.com\/fr\/wp-json\/wp\/v2\/media\/4349"}],"wp:attachment":[{"href":"https:\/\/www.sensorialsunsets.com\/fr\/wp-json\/wp\/v2\/media?parent=4399"}],"wp:term":[{"taxonomy":"category","embeddable":true,"href":"https:\/\/www.sensorialsunsets.com\/fr\/wp-json\/wp\/v2\/categories?post=4399"},{"taxonomy":"post_tag","embeddable":true,"href":"https:\/\/www.sensorialsunsets.com\/fr\/wp-json\/wp\/v2\/tags?post=4399"}],"curies":[{"name":"wp","href":"https:\/\/api.w.org\/{rel}","templated":true}]}}