{"id":474,"date":"2021-08-20T20:18:52","date_gmt":"2021-08-20T20:18:52","guid":{"rendered":"https:\/\/www.sensorialsunsets.com\/?p=474"},"modified":"2022-03-01T23:12:10","modified_gmt":"2022-03-01T23:12:10","slug":"la-psychanalyse-au-costa-rica","status":"publish","type":"post","link":"https:\/\/www.sensorialsunsets.com\/fr\/la-psychanalyse-au-costa-rica\/","title":{"rendered":"La psychanalyse au Costa Rica"},"content":{"rendered":"\n<figure class=\"wp-block-image size-large\"><img loading=\"lazy\" decoding=\"async\" width=\"522\" height=\"782\" src=\"https:\/\/www.sensorialsunsets.com\/wp-content\/uploads\/2021\/08\/image3-1.jpg\" alt=\"\" class=\"wp-image-459\" srcset=\"https:\/\/www.sensorialsunsets.com\/wp-content\/uploads\/2021\/08\/image3-1.jpg 522w, https:\/\/www.sensorialsunsets.com\/wp-content\/uploads\/2021\/08\/image3-1-200x300.jpg 200w\" sizes=\"auto, (max-width: 522px) 100vw, 522px\" \/><\/figure>\n\n\n\n<p>S&rsquo;il y a cinquante ans, quelqu&rsquo;un avait demand\u00e9 si la psychanalyse existait au Costa Rica, la r\u00e9ponse aurait \u00e9t\u00e9 qu&rsquo;elle n&rsquo;\u00e9tait pas inconnue dans les arts, la litt\u00e9rature et la philosophie. Il ne s&rsquo;agissait pas d&rsquo;une pratique mais d&rsquo;une avant-garde culturelle dont il existe m\u00eame une trace depuis 1911, dans un article en anglais d&rsquo;un journal qui circulait dans notre r\u00e9gion afro-cara\u00efb\u00e9enne.<\/p>\n\n\n\n<p>A ce jour, il n&rsquo;existe pas d&rsquo;histoire de la psychanalyse qui rende compte, avec des archives, de toutes ces traces qui coexistent avec le pr\u00e9sent et dans le parcours de chacun d&rsquo;entre nous. Cependant, il est possible de suivre ses traces dans les Sciences Sociales et sp\u00e9cifiquement dans la psychologie acad\u00e9mique, en 1976, avec l&rsquo;exil argentin, qui pendant dix ans a pos\u00e9 les bases d&rsquo;une Psychologie Dynamique, qui persistent encore. <\/p>\n\n\n\n<p><strong>La d\u00e9cennie 1986-1996<\/strong><\/p>\n\n\n\n<p>En tant que pratique, doctrine et mouvement, la d\u00e9cennie 1986-1996 a la particularit\u00e9 d&rsquo;ouvrir trois entr\u00e9es qui fondent la diversit\u00e9 de la psychanalyse depuis ses d\u00e9buts. Dans la m\u00eame ann\u00e9e convergent la th\u00e9orie herm\u00e9neutique critique, avec l&rsquo;invitation au Dr. Alfred Lorenzer, psychanalyste allemand, par Henning Jensen ; l&rsquo;ethnopsychanalyse, avec un fort accent sur le psychodrame, introduite par la psychanalyste suisse Ursula Hauser, et la clinique psychanalytique : de Freud \u00e0 Lacan, avec l&rsquo;invitation de la Cl\u00ednica de Psicolog\u00eda Din\u00e1mica \u00e0 N\u00e9stor Braunstein, psychanalyste argentin, exil\u00e9 au Mexique, coordonn\u00e9e par Ginnette Barrantes et Lilliam Garro. Heureusement, il existe des documents \u00e9crits qui consignent ces trois \u00e9tapes.<\/p>\n\n\n\n<p>\u00c0 cette \u00e9poque, il n&rsquo;y avait pas encore d&rsquo;institutions psychanalytiques, \u00e0 l&rsquo;exception de la Cl\u00ednica de Psicolog\u00eda Din\u00e1mica (1980-1993), consid\u00e9r\u00e9e comme l&rsquo;ant\u00e9c\u00e9dent du Grupo de Formaci\u00f3n Psicoanal\u00edtica, qui a invit\u00e9 en 1999 Frida Saal, psychanalyste argentine exil\u00e9e au Mexique, en mai 1989, elle devient l&rsquo;Association costaricienne pour la recherche et l&rsquo;\u00e9tude de la psychanalyse (ACIEP), o\u00f9 sont invit\u00e9s les psychanalystes argentins Mario et Judith Schumacher, qui ont r\u00e9cemment \u00e9migr\u00e9 au Costa Rica, ce que&nbsp; l&rsquo;on appelle \u00ab\u00a0la deuxi\u00e8me migration argentine\u00a0\u00bb.<\/p>\n\n\n\n<p>C&rsquo;est ainsi que la psychologie dynamique a introduit la lecture critique d&rsquo;une \u00e9cole d&rsquo;auteurs du Rio de la Plata impr\u00e9gn\u00e9e d&rsquo;une grande critique sociale freudienne-marxiste, ant\u00e9c\u00e9dent d&rsquo;un freudolacanisme tr\u00e8s actif qui comptait sur la diaspora argentine install\u00e9e dans la psychanalyse au Mexique. Peut-\u00eatre que cette p\u00e9riode intense de lacanisation, qui s&rsquo;est caract\u00e9ris\u00e9e par le d\u00e9placement de certains analystes au Mexique pour commencer ou recommencer leur analyse, a n\u00e9cessairement amen\u00e9 le contact avec d&rsquo;autres visions psychanalytiques qui n&rsquo;\u00e9taient plus seulement l&rsquo;explication d&rsquo;une psychopathologie psychanalytique, pure et simple, qui tr\u00f4nait \u00e0 travers des heures et des heures d&rsquo;explication d&rsquo;un Lacan cryptique (lacanien) pour les initi\u00e9s.&nbsp;<\/p>\n\n\n\n<p><strong><em>\u00a0\u00bb (&#8230;) recevoir la transmission d&rsquo;un disciple de Lacan nous pla\u00e7ait dans le cercle magique de ses enseignements, qui avaient \u00e9t\u00e9 re\u00e7us de mani\u00e8re active mais jamais reli\u00e9s \u00e0 cette g\u00e9n\u00e9alogie de la transmission (&#8230;) \u00ab\u00a0.<\/em><\/strong><\/p>\n\n\n\n<p><strong>\u00c9coles fran\u00e7aises<\/strong><\/p>\n\n\n\n<p>En 1996, une nouvelle p\u00e9riode s&rsquo;ouvre, o\u00f9 le contact est \u00e9tabli avec les \u00e9coles fran\u00e7aises et avec ceux qui ont eu l&rsquo;occasion de devenir lacaniens, puisqu&rsquo;ils ont re\u00e7u sa transmission par l&rsquo;analyse et par l&rsquo;\u00c9cole freudienne de Paris, fond\u00e9e par Jacques Lacan (1901-1981) et dissoute peu avant sa mort.<\/p>\n\n\n\n<figure class=\"wp-block-image\"><img decoding=\"async\" src=\"https:\/\/lh3.googleusercontent.com\/KhZ-tP6piSVPdfGzNgaHrNouR3DY2Vo2FE4uPN6upGnOB0TYHPSjVWO7s3Ov49jGmyH6RmbzVqzypa5KbH1WXUX6LpDDqFfhY0nJkRfKncbmvHywC8s48PkobdkJfKTSYZlUZek\" alt=\"\"\/><\/figure>\n\n\n\n<p>En 1992, au Mexique, <a href=\"http:\/\/www.ginnettenbarrantes.com\">GinnetteBarrantes <\/a>rencontre Hel\u00ed Morales, qui a \u00e9t\u00e9 form\u00e9 \u00e0 Paris VIII et \u00e0 l&rsquo;\u00c9cole de Hautes \u00c9tudes, et l&rsquo;invite au s\u00e9minaire \u00ab\u00a0La psychanalyse, un savoir qui a des cons\u00e9quences\u00a0\u00bb, \u00e0 l&rsquo;<a href=\"http:\/\/www.aciep.org\">ACIEP<\/a>.&nbsp; La photo montre le moment de la livraison de l&rsquo;ouvrage dans lequel le s\u00e9minaire a \u00e9t\u00e9 transcrit. Sa transmission a \u00e9t\u00e9 reconnue et valoris\u00e9e, de telle sorte qu&rsquo;elle a cr\u00e9\u00e9 un pr\u00e9c\u00e9dent. Deux ans plus tard, c&rsquo;est Hel\u00ed Morales qui invite Rafael Perez, psychanalyste argentin venu de Rosario \u00e0 Paris en 1989, o\u00f9 il rencontre Jean-Jacques Gorog, psychanalyste millerien, Juan David Nasio, psychanalyste de Rosario, Argentine, et Juan David Nasio, psychanalyste de Rosario, Argentine, fondateur des S\u00e9minaires Psychanalytiques, \u00e0 Paris, et aussi avec Jean Allouch, membre de l&rsquo;\u00c9cole Lacanienne de Psychanalyse.<\/p>\n\n\n\n<p>L\u00e0 encore, ces trois propositions sont un d\u00e9fi, car la premi\u00e8re revenait \u00e0 abandonner l&rsquo;autonomie de la fondation de l&rsquo;ACIEP pour une d\u00e9pendance tr\u00e8s juteuse \u00e0 une internationalisation de la psychanalyse. Le second fait appel \u00e0 la puissance de la psychanalyse de masse et demande une audience de masse pour sa transmission. La troisi\u00e8me, la plus difficile, a \u00e9t\u00e9 choisie. Comme on pouvait s&rsquo;y attendre, le conseil d&rsquo;administration de l&rsquo;association de l&rsquo;\u00e9poque a rejet\u00e9 les trois options, mais Mais Rafael Perez avait \u00e9t\u00e9 troubl\u00e9 par la question ironique de Jean Allouch lorsque, lui expliquant que notre association \u00e9tait ind\u00e9pendante, Allouch lui avait demand\u00e9 : \u00ab\u00a0Ind\u00e9pendant de quoi ?<\/p>\n\n\n\n<p><strong><em>\u00ab\u00a0A ce jour, il n&rsquo;existe pas d&rsquo;histoire de la psychanalyse qui rende compte, avec des archives, de toutes ces traces qui coexistent avec le pr\u00e9sent et dans le parcours de chacun d&rsquo;entre nous\u00a0\u00bb.<\/em><\/strong><\/p>\n\n\n\n<p><strong>Recherche d&rsquo;ind\u00e9pendance<\/strong><\/p>\n\n\n\n<p>Cette \u00ab\u00a0ind\u00e9pendance\u00a0\u00bb \u00e9tait si marqu\u00e9e que certains psychanalystes mettaient sans discr\u00e9tion \u00ab\u00a0psychanalyste ind\u00e9pendant\u00a0\u00bb sur leur carte de visite. Lorsque la p\u00e9tition a \u00e9t\u00e9 \u00e9cart\u00e9e du conseil d&rsquo;administration, la m\u00eame ann\u00e9e, Rafael Perez s&rsquo;est tourn\u00e9 vers Ginnette Barrantes, qui a \u00e9dit\u00e9 la premi\u00e8re revue de psychanalyse : <a href=\"https:\/\/ginettebarrantes.com\/wp-content\/uploads\/2020\/12\/Inscribir-el-Psicoanalisis-3-min.pdf\"><em>In$cribirel psicoan\u00e1lisis(In$cribingpsychoanalysis)<\/em><\/a>, dont le symbole $ n&rsquo;\u00e9tait pas celui du dollar mais du signifiant lacanien. Barrantes s&rsquo;est adress\u00e9 \u00e0 l&rsquo;ambassade de France, au minist\u00e8re de la culture, au coll\u00e8ge du Costa Rica, dirig\u00e9 par Mar\u00eda Bonilla, et \u00e0 l&rsquo;Institut culturel du Costa Rica, et l&rsquo;Institut culturel de Mexico. Gr\u00e2ce \u00e0 la confluence de plusieurs institutions, il a finalement \u00e9t\u00e9 possible d&rsquo;organiser le premier s\u00e9minaire de Jean Allouch au Costa Rica, \u00ab\u00a0L&rsquo;impossible objet du d\u00e9sir\u00a0\u00bb, et la conf\u00e9rence multitudinaire, \u00ab\u00a0Apprends-moi \u00e0 laisser ma folie derri\u00e8re moi\u00a0\u00bb.<\/p>\n\n\n\n<p><img loading=\"lazy\" decoding=\"async\" width=\"288\" height=\"266\" src=\"https:\/\/lh6.googleusercontent.com\/Igx1IpLoWzw70ytHtoZKBYCEWG4gVGn1g-w3xO_BrwISokilrDffKxLUDS78GLiG00vIPXx7qBvXENZYnDzoE3xQjCz2lhH2kU8jTD7PelpSPA2OvPlxE9osCvj6mSs2KTLCCxc\"><\/p>\n\n\n\n<p>On pourrait appeler cela la quatri\u00e8me d\u00e9cennie de la psychanalyse lacanienne, car ses difficult\u00e9s et ses cons\u00e9quences ont \u00e9t\u00e9 nombreuses. Le premier est ce contact avec la France, dont le <em>glamour <\/em>de la francit\u00e9 a \u00e9t\u00e9 not\u00e9 dans l&rsquo;affiche trompeuse qui change l&rsquo;\u00c9cole Lacanienne de Psychanalyse pour l&rsquo;\u00c9cole Lacanienne de Paris. Cette substitution met l&rsquo;accent sur Paris, et non sur la psychanalyse, comme ce sera le cas plus tard. De m\u00eame, recevoir la transmission d&rsquo;un \u00e9l\u00e8ve de Lacan nous a plac\u00e9s dans le cercle magique de ses enseignements, qui avaient \u00e9t\u00e9 activement re\u00e7us mais jamais reli\u00e9s \u00e0 cette g\u00e9n\u00e9alogie de la transmission. Enfin, l&rsquo;impact le plus douloureux a \u00e9t\u00e9 la faillite (non \u00e9conomique) de l&rsquo;Association costaricienne de recherche psychanalytique, lorsque, en 1997 et 1998, certains des membres fondateurs ont d\u00fb laisser leur place. La photo montre un moment de cette visite de Jean Allouch avec le ministre de la culture Arnoldo Mora, Mar\u00eda Bonilla directrice du Colegio de Costa Rica et le directeur du Centro Cultural de M\u00e9xico.&nbsp;&nbsp;<\/p>\n\n\n\n<p><strong>L&rsquo;\u00e8re num\u00e9rique<\/strong><\/p>\n\n\n\n<p>Encourag\u00e9 par les r\u00e9seaux sociaux, l&rsquo;\u00e8re num\u00e9rique et l&rsquo;immersion dans la r\u00e9alit\u00e9 virtuelle, il est possible d&rsquo;observer, depuis 2016, un panorama tr\u00e8s diversifi\u00e9 de groupes, d&rsquo;associations, de communaut\u00e9s, d&rsquo;institutions et une \u00e9cole lacanienne de psychanalyse, dont cinq membres r\u00e9sident au Costa Rica. Il semble que le slogan \u00ab\u00a0ind\u00e9pendant\u00a0\u00bb continue \u00e0 op\u00e9rer dans le lien \u00e0 la psychanalyse au Costa Rica. Nous ne savons pas encore si la formation acad\u00e9mique est privil\u00e9gi\u00e9e au d\u00e9triment de l&rsquo;analyse et de la pratique psychanalytique ; ce qui est certain, c&rsquo;est que dans ces divers liens avec la psychanalyse se dessine d\u00e9j\u00e0 une production \u00e9crite dans diverses revues comme la revue P\u00e1gina Literal et les cahiers psychanalytiques Claroscuro qui faisaient partie de ce parcours. Cette diversit\u00e9 coexiste dans un VivEros typique d&rsquo;un pays dont le jardin vernaculaire est constitu\u00e9 d&rsquo;une multiplicit\u00e9 o\u00f9 chacun met sa propre brindille, contrairement \u00e0 l&rsquo;ordre rationnel du jardin fran\u00e7ais. Peut-\u00eatre que la pand\u00e9mie a collabor\u00e9 pour que sur ces \u00e9crans virtuels et viraux, tous les petits \u00e9crans qui rendent visibles ces diff\u00e9rences d&rsquo;inscription, certaines nouvelles et d&rsquo;autres moins, mais qui sont recycl\u00e9es comme innovantes, comme l&rsquo;exigent les nouveaux airs du temps.&nbsp;<\/p>\n\n\n\n<p><img loading=\"lazy\" decoding=\"async\" width=\"145\" height=\"256\" src=\"https:\/\/lh4.googleusercontent.com\/72h1PHkFe4zH8dYY3JuZl2NfeFsIdmNcTkIvTyoRMGBQe--4Ub7ObRsdedUuKifL8oaZ1TslJIo2AQwwmCbAZu6OhG54ELl4TgW-zwipV_NZnLR1FTBEbW_pZowNj9q9FJx4sXE\"><\/p>\n\n\n\n<p><strong><em>\u00c0 RETENIR<\/em><\/strong><\/p>\n\n\n\n<ul class=\"wp-block-list\"><li><strong><em>La psychanalyse au Costa Rica a \u00e9t\u00e9 introduite dans la psychologie acad\u00e9mique par des exil\u00e9s argentins.<\/em><\/strong><\/li><li><strong><em>Plus tard, d&rsquo;autres institutions et des \u00e9coles fran\u00e7aises ont \u00e9t\u00e9 cr\u00e9\u00e9es.&nbsp;<\/em><\/strong><\/li><\/ul>\n\n\n\n<p><strong>Ginnette Barrantes-S\u00e1enz<\/strong><br><strong>Psychanalyste&nbsp;<\/strong><br><strong>Membre de l&rsquo;<em>\u00c9cole Lacanienne de Psychanalyse<\/em><\/strong><br><em>ginette.barrantes@gmail.com<\/em><\/p>\n\n\n\n<figure class=\"wp-block-image size-large is-resized\"><img loading=\"lazy\" decoding=\"async\" src=\"https:\/\/www.sensorialsunsets.com\/wp-content\/uploads\/2021\/09\/2C65F374-A8C2-4FCB-B41D-EF7C81ED1C2E-Ginette-Barrantes-2.jpeg\" alt=\"\" class=\"wp-image-671\" width=\"77\" height=\"77\" srcset=\"https:\/\/www.sensorialsunsets.com\/wp-content\/uploads\/2021\/09\/2C65F374-A8C2-4FCB-B41D-EF7C81ED1C2E-Ginette-Barrantes-2.jpeg 582w, https:\/\/www.sensorialsunsets.com\/wp-content\/uploads\/2021\/09\/2C65F374-A8C2-4FCB-B41D-EF7C81ED1C2E-Ginette-Barrantes-2-298x300.jpeg 298w, https:\/\/www.sensorialsunsets.com\/wp-content\/uploads\/2021\/09\/2C65F374-A8C2-4FCB-B41D-EF7C81ED1C2E-Ginette-Barrantes-2-150x150.jpeg 150w, https:\/\/www.sensorialsunsets.com\/wp-content\/uploads\/2021\/09\/2C65F374-A8C2-4FCB-B41D-EF7C81ED1C2E-Ginette-Barrantes-2-50x50.jpeg 50w, https:\/\/www.sensorialsunsets.com\/wp-content\/uploads\/2021\/09\/2C65F374-A8C2-4FCB-B41D-EF7C81ED1C2E-Ginette-Barrantes-2-117x117.jpeg 117w\" sizes=\"auto, (max-width: 77px) 100vw, 77px\" \/><\/figure>\n","protected":false},"excerpt":{"rendered":"<p>S&rsquo;il y a cinquante ans, quelqu&rsquo;un avait demand\u00e9 si la psychanalyse existait au Costa Rica, la r\u00e9ponse aurait \u00e9t\u00e9 qu&rsquo;elle n&rsquo;\u00e9tait pas inconnue dans les arts, la litt\u00e9rature et la philosophie. Il ne s&rsquo;agissait pas d&rsquo;une pratique mais d&rsquo;une avant-garde culturelle dont il existe m\u00eame une trace depuis 1911, dans un article en anglais d&rsquo;un [&hellip;]<\/p>\n","protected":false},"author":1,"featured_media":459,"comment_status":"closed","ping_status":"closed","sticky":false,"template":"","format":"standard","meta":{"_acf_changed":false,"inline_featured_image":false,"_monsterinsights_skip_tracking":false,"_monsterinsights_sitenote_active":false,"_monsterinsights_sitenote_note":"","_monsterinsights_sitenote_category":0,"footnotes":""},"categories":[28,1,29,31,30],"tags":[35,33,34,32],"class_list":["post-474","post","type-post","status-publish","format-standard","has-post-thumbnail","hentry","category-costa-rica","category-non-classifiee","category-psychanalyse","category-recherche","category-sciences-sociales","tag-aciep","tag-costa-rica","tag-lacan","tag-psychanalyse"],"acf":[],"yoast_head":"<!-- This site is optimized with the Yoast SEO plugin v27.4 - https:\/\/yoast.com\/product\/yoast-seo-wordpress\/ -->\n<title>La psychanalyse au Costa Rica - SensorialSunsets<\/title>\n<meta name=\"robots\" content=\"index, follow, max-snippet:-1, max-image-preview:large, max-video-preview:-1\" \/>\n<link rel=\"canonical\" href=\"https:\/\/www.sensorialsunsets.com\/fr\/la-psychanalyse-au-costa-rica\/\" \/>\n<meta property=\"og:locale\" content=\"fr_FR\" \/>\n<meta property=\"og:type\" content=\"article\" \/>\n<meta property=\"og:title\" content=\"La psychanalyse au Costa Rica - SensorialSunsets\" \/>\n<meta property=\"og:description\" content=\"S&rsquo;il y a cinquante ans, quelqu&rsquo;un avait demand\u00e9 si la psychanalyse existait au Costa Rica, la r\u00e9ponse aurait \u00e9t\u00e9 qu&rsquo;elle n&rsquo;\u00e9tait pas inconnue dans les arts, la litt\u00e9rature et la philosophie. Il ne s&rsquo;agissait pas d&rsquo;une pratique mais d&rsquo;une avant-garde culturelle dont il existe m\u00eame une trace depuis 1911, dans un article en anglais d&rsquo;un [&hellip;]\" \/>\n<meta property=\"og:url\" content=\"https:\/\/www.sensorialsunsets.com\/fr\/la-psychanalyse-au-costa-rica\/\" \/>\n<meta property=\"og:site_name\" content=\"SensorialSunsets\" \/>\n<meta property=\"article:publisher\" content=\"https:\/\/www.facebook.com\/Sensorial-Sunsets-109180614715562\" \/>\n<meta property=\"article:published_time\" content=\"2021-08-20T20:18:52+00:00\" \/>\n<meta property=\"article:modified_time\" content=\"2022-03-01T23:12:10+00:00\" \/>\n<meta property=\"og:image\" content=\"https:\/\/www.sensorialsunsets.com\/wp-content\/uploads\/2021\/08\/image3-1.jpg\" \/>\n\t<meta property=\"og:image:width\" content=\"522\" \/>\n\t<meta property=\"og:image:height\" content=\"782\" \/>\n\t<meta property=\"og:image:type\" content=\"image\/jpeg\" \/>\n<meta name=\"author\" content=\"admin\" \/>\n<meta name=\"twitter:card\" content=\"summary_large_image\" \/>\n<meta name=\"twitter:label1\" content=\"\u00c9crit par\" \/>\n\t<meta name=\"twitter:data1\" content=\"admin\" \/>\n\t<meta name=\"twitter:label2\" content=\"Dur\u00e9e de lecture estim\u00e9e\" \/>\n\t<meta name=\"twitter:data2\" content=\"7 minutes\" \/>\n<script type=\"application\/ld+json\" class=\"yoast-schema-graph\">{\"@context\":\"https:\\\/\\\/schema.org\",\"@graph\":[{\"@type\":\"Article\",\"@id\":\"https:\\\/\\\/www.sensorialsunsets.com\\\/fr\\\/la-psychanalyse-au-costa-rica\\\/#article\",\"isPartOf\":{\"@id\":\"https:\\\/\\\/www.sensorialsunsets.com\\\/fr\\\/la-psychanalyse-au-costa-rica\\\/\"},\"author\":{\"name\":\"admin\",\"@id\":\"https:\\\/\\\/www.sensorialsunsets.com\\\/fr\\\/#\\\/schema\\\/person\\\/738dbbb663091be189c03d8bf7f1707c\"},\"headline\":\"La psychanalyse au Costa Rica\",\"datePublished\":\"2021-08-20T20:18:52+00:00\",\"dateModified\":\"2022-03-01T23:12:10+00:00\",\"mainEntityOfPage\":{\"@id\":\"https:\\\/\\\/www.sensorialsunsets.com\\\/fr\\\/la-psychanalyse-au-costa-rica\\\/\"},\"wordCount\":1508,\"publisher\":{\"@id\":\"https:\\\/\\\/www.sensorialsunsets.com\\\/fr\\\/#organization\"},\"image\":{\"@id\":\"https:\\\/\\\/www.sensorialsunsets.com\\\/fr\\\/la-psychanalyse-au-costa-rica\\\/#primaryimage\"},\"thumbnailUrl\":\"https:\\\/\\\/www.sensorialsunsets.com\\\/wp-content\\\/uploads\\\/2021\\\/08\\\/image3-1.jpg\",\"keywords\":[\"ACIEP\",\"Costa Rica\",\"Lacan\",\"Psychanalyse\"],\"articleSection\":[\"Costa Rica\",\"Non classifi\u00e9(e)\",\"Psychanalyse\",\"Recherche\",\"Sciences Sociales\"],\"inLanguage\":\"fr-FR\"},{\"@type\":\"WebPage\",\"@id\":\"https:\\\/\\\/www.sensorialsunsets.com\\\/fr\\\/la-psychanalyse-au-costa-rica\\\/\",\"url\":\"https:\\\/\\\/www.sensorialsunsets.com\\\/fr\\\/la-psychanalyse-au-costa-rica\\\/\",\"name\":\"La psychanalyse au Costa Rica - SensorialSunsets\",\"isPartOf\":{\"@id\":\"https:\\\/\\\/www.sensorialsunsets.com\\\/fr\\\/#website\"},\"primaryImageOfPage\":{\"@id\":\"https:\\\/\\\/www.sensorialsunsets.com\\\/fr\\\/la-psychanalyse-au-costa-rica\\\/#primaryimage\"},\"image\":{\"@id\":\"https:\\\/\\\/www.sensorialsunsets.com\\\/fr\\\/la-psychanalyse-au-costa-rica\\\/#primaryimage\"},\"thumbnailUrl\":\"https:\\\/\\\/www.sensorialsunsets.com\\\/wp-content\\\/uploads\\\/2021\\\/08\\\/image3-1.jpg\",\"datePublished\":\"2021-08-20T20:18:52+00:00\",\"dateModified\":\"2022-03-01T23:12:10+00:00\",\"inLanguage\":\"fr-FR\",\"potentialAction\":[{\"@type\":\"ReadAction\",\"target\":[\"https:\\\/\\\/www.sensorialsunsets.com\\\/fr\\\/la-psychanalyse-au-costa-rica\\\/\"]}]},{\"@type\":\"ImageObject\",\"inLanguage\":\"fr-FR\",\"@id\":\"https:\\\/\\\/www.sensorialsunsets.com\\\/fr\\\/la-psychanalyse-au-costa-rica\\\/#primaryimage\",\"url\":\"https:\\\/\\\/www.sensorialsunsets.com\\\/wp-content\\\/uploads\\\/2021\\\/08\\\/image3-1.jpg\",\"contentUrl\":\"https:\\\/\\\/www.sensorialsunsets.com\\\/wp-content\\\/uploads\\\/2021\\\/08\\\/image3-1.jpg\",\"width\":522,\"height\":782},{\"@type\":\"WebSite\",\"@id\":\"https:\\\/\\\/www.sensorialsunsets.com\\\/fr\\\/#website\",\"url\":\"https:\\\/\\\/www.sensorialsunsets.com\\\/fr\\\/\",\"name\":\"SensorialSunsets.com\",\"description\":\"D\u00e9couvrez la culture et la soci\u00e9t\u00e9 du Costa Rica sur notre blog. Explorez des articles captivants et partagez le contenu.\",\"publisher\":{\"@id\":\"https:\\\/\\\/www.sensorialsunsets.com\\\/fr\\\/#organization\"},\"alternateName\":\"Costa Rica Live Blog\",\"potentialAction\":[{\"@type\":\"SearchAction\",\"target\":{\"@type\":\"EntryPoint\",\"urlTemplate\":\"https:\\\/\\\/www.sensorialsunsets.com\\\/fr\\\/?s={search_term_string}\"},\"query-input\":{\"@type\":\"PropertyValueSpecification\",\"valueRequired\":true,\"valueName\":\"search_term_string\"}}],\"inLanguage\":\"fr-FR\"},{\"@type\":\"Organization\",\"@id\":\"https:\\\/\\\/www.sensorialsunsets.com\\\/fr\\\/#organization\",\"name\":\"SensorialSunsets\",\"url\":\"https:\\\/\\\/www.sensorialsunsets.com\\\/fr\\\/\",\"logo\":{\"@type\":\"ImageObject\",\"inLanguage\":\"fr-FR\",\"@id\":\"https:\\\/\\\/www.sensorialsunsets.com\\\/fr\\\/#\\\/schema\\\/logo\\\/image\\\/\",\"url\":\"https:\\\/\\\/www.sensorialsunsets.com\\\/wp-content\\\/uploads\\\/2023\\\/04\\\/Logo_base_line_fond_clair.svg\",\"contentUrl\":\"https:\\\/\\\/www.sensorialsunsets.com\\\/wp-content\\\/uploads\\\/2023\\\/04\\\/Logo_base_line_fond_clair.svg\",\"width\":\"1024\",\"height\":\"1024\",\"caption\":\"SensorialSunsets\"},\"image\":{\"@id\":\"https:\\\/\\\/www.sensorialsunsets.com\\\/fr\\\/#\\\/schema\\\/logo\\\/image\\\/\"},\"sameAs\":[\"https:\\\/\\\/www.facebook.com\\\/Sensorial-Sunsets-109180614715562\",\"https:\\\/\\\/www.instagram.com\\\/sensorialsunsets\\\/\"]},{\"@type\":\"Person\",\"@id\":\"https:\\\/\\\/www.sensorialsunsets.com\\\/fr\\\/#\\\/schema\\\/person\\\/738dbbb663091be189c03d8bf7f1707c\",\"name\":\"admin\",\"image\":{\"@type\":\"ImageObject\",\"inLanguage\":\"fr-FR\",\"@id\":\"https:\\\/\\\/secure.gravatar.com\\\/avatar\\\/7e6ea62ad413e64265919670246b2992f4d15ca38b994c27298b63a588dd8ba8?s=96&d=mm&r=g\",\"url\":\"https:\\\/\\\/secure.gravatar.com\\\/avatar\\\/7e6ea62ad413e64265919670246b2992f4d15ca38b994c27298b63a588dd8ba8?s=96&d=mm&r=g\",\"contentUrl\":\"https:\\\/\\\/secure.gravatar.com\\\/avatar\\\/7e6ea62ad413e64265919670246b2992f4d15ca38b994c27298b63a588dd8ba8?s=96&d=mm&r=g\",\"caption\":\"admin\"},\"sameAs\":[\"https:\\\/\\\/www.sensorialsunsets.com\"],\"url\":\"https:\\\/\\\/www.sensorialsunsets.com\\\/fr\\\/author\\\/admin\\\/\"}]}<\/script>\n<!-- \/ Yoast SEO plugin. -->","yoast_head_json":{"title":"La psychanalyse au Costa Rica - SensorialSunsets","robots":{"index":"index","follow":"follow","max-snippet":"max-snippet:-1","max-image-preview":"max-image-preview:large","max-video-preview":"max-video-preview:-1"},"canonical":"https:\/\/www.sensorialsunsets.com\/fr\/la-psychanalyse-au-costa-rica\/","og_locale":"fr_FR","og_type":"article","og_title":"La psychanalyse au Costa Rica - SensorialSunsets","og_description":"S&rsquo;il y a cinquante ans, quelqu&rsquo;un avait demand\u00e9 si la psychanalyse existait au Costa Rica, la r\u00e9ponse aurait \u00e9t\u00e9 qu&rsquo;elle n&rsquo;\u00e9tait pas inconnue dans les arts, la litt\u00e9rature et la philosophie. Il ne s&rsquo;agissait pas d&rsquo;une pratique mais d&rsquo;une avant-garde culturelle dont il existe m\u00eame une trace depuis 1911, dans un article en anglais d&rsquo;un [&hellip;]","og_url":"https:\/\/www.sensorialsunsets.com\/fr\/la-psychanalyse-au-costa-rica\/","og_site_name":"SensorialSunsets","article_publisher":"https:\/\/www.facebook.com\/Sensorial-Sunsets-109180614715562","article_published_time":"2021-08-20T20:18:52+00:00","article_modified_time":"2022-03-01T23:12:10+00:00","og_image":[{"width":522,"height":782,"url":"https:\/\/www.sensorialsunsets.com\/wp-content\/uploads\/2021\/08\/image3-1.jpg","type":"image\/jpeg"}],"author":"admin","twitter_card":"summary_large_image","twitter_misc":{"\u00c9crit par":"admin","Dur\u00e9e de lecture estim\u00e9e":"7 minutes"},"schema":{"@context":"https:\/\/schema.org","@graph":[{"@type":"Article","@id":"https:\/\/www.sensorialsunsets.com\/fr\/la-psychanalyse-au-costa-rica\/#article","isPartOf":{"@id":"https:\/\/www.sensorialsunsets.com\/fr\/la-psychanalyse-au-costa-rica\/"},"author":{"name":"admin","@id":"https:\/\/www.sensorialsunsets.com\/fr\/#\/schema\/person\/738dbbb663091be189c03d8bf7f1707c"},"headline":"La psychanalyse au Costa Rica","datePublished":"2021-08-20T20:18:52+00:00","dateModified":"2022-03-01T23:12:10+00:00","mainEntityOfPage":{"@id":"https:\/\/www.sensorialsunsets.com\/fr\/la-psychanalyse-au-costa-rica\/"},"wordCount":1508,"publisher":{"@id":"https:\/\/www.sensorialsunsets.com\/fr\/#organization"},"image":{"@id":"https:\/\/www.sensorialsunsets.com\/fr\/la-psychanalyse-au-costa-rica\/#primaryimage"},"thumbnailUrl":"https:\/\/www.sensorialsunsets.com\/wp-content\/uploads\/2021\/08\/image3-1.jpg","keywords":["ACIEP","Costa Rica","Lacan","Psychanalyse"],"articleSection":["Costa Rica","Non classifi\u00e9(e)","Psychanalyse","Recherche","Sciences Sociales"],"inLanguage":"fr-FR"},{"@type":"WebPage","@id":"https:\/\/www.sensorialsunsets.com\/fr\/la-psychanalyse-au-costa-rica\/","url":"https:\/\/www.sensorialsunsets.com\/fr\/la-psychanalyse-au-costa-rica\/","name":"La psychanalyse au Costa Rica - SensorialSunsets","isPartOf":{"@id":"https:\/\/www.sensorialsunsets.com\/fr\/#website"},"primaryImageOfPage":{"@id":"https:\/\/www.sensorialsunsets.com\/fr\/la-psychanalyse-au-costa-rica\/#primaryimage"},"image":{"@id":"https:\/\/www.sensorialsunsets.com\/fr\/la-psychanalyse-au-costa-rica\/#primaryimage"},"thumbnailUrl":"https:\/\/www.sensorialsunsets.com\/wp-content\/uploads\/2021\/08\/image3-1.jpg","datePublished":"2021-08-20T20:18:52+00:00","dateModified":"2022-03-01T23:12:10+00:00","inLanguage":"fr-FR","potentialAction":[{"@type":"ReadAction","target":["https:\/\/www.sensorialsunsets.com\/fr\/la-psychanalyse-au-costa-rica\/"]}]},{"@type":"ImageObject","inLanguage":"fr-FR","@id":"https:\/\/www.sensorialsunsets.com\/fr\/la-psychanalyse-au-costa-rica\/#primaryimage","url":"https:\/\/www.sensorialsunsets.com\/wp-content\/uploads\/2021\/08\/image3-1.jpg","contentUrl":"https:\/\/www.sensorialsunsets.com\/wp-content\/uploads\/2021\/08\/image3-1.jpg","width":522,"height":782},{"@type":"WebSite","@id":"https:\/\/www.sensorialsunsets.com\/fr\/#website","url":"https:\/\/www.sensorialsunsets.com\/fr\/","name":"SensorialSunsets.com","description":"D\u00e9couvrez la culture et la soci\u00e9t\u00e9 du Costa Rica sur notre blog. Explorez des articles captivants et partagez le contenu.","publisher":{"@id":"https:\/\/www.sensorialsunsets.com\/fr\/#organization"},"alternateName":"Costa Rica Live Blog","potentialAction":[{"@type":"SearchAction","target":{"@type":"EntryPoint","urlTemplate":"https:\/\/www.sensorialsunsets.com\/fr\/?s={search_term_string}"},"query-input":{"@type":"PropertyValueSpecification","valueRequired":true,"valueName":"search_term_string"}}],"inLanguage":"fr-FR"},{"@type":"Organization","@id":"https:\/\/www.sensorialsunsets.com\/fr\/#organization","name":"SensorialSunsets","url":"https:\/\/www.sensorialsunsets.com\/fr\/","logo":{"@type":"ImageObject","inLanguage":"fr-FR","@id":"https:\/\/www.sensorialsunsets.com\/fr\/#\/schema\/logo\/image\/","url":"https:\/\/www.sensorialsunsets.com\/wp-content\/uploads\/2023\/04\/Logo_base_line_fond_clair.svg","contentUrl":"https:\/\/www.sensorialsunsets.com\/wp-content\/uploads\/2023\/04\/Logo_base_line_fond_clair.svg","width":"1024","height":"1024","caption":"SensorialSunsets"},"image":{"@id":"https:\/\/www.sensorialsunsets.com\/fr\/#\/schema\/logo\/image\/"},"sameAs":["https:\/\/www.facebook.com\/Sensorial-Sunsets-109180614715562","https:\/\/www.instagram.com\/sensorialsunsets\/"]},{"@type":"Person","@id":"https:\/\/www.sensorialsunsets.com\/fr\/#\/schema\/person\/738dbbb663091be189c03d8bf7f1707c","name":"admin","image":{"@type":"ImageObject","inLanguage":"fr-FR","@id":"https:\/\/secure.gravatar.com\/avatar\/7e6ea62ad413e64265919670246b2992f4d15ca38b994c27298b63a588dd8ba8?s=96&d=mm&r=g","url":"https:\/\/secure.gravatar.com\/avatar\/7e6ea62ad413e64265919670246b2992f4d15ca38b994c27298b63a588dd8ba8?s=96&d=mm&r=g","contentUrl":"https:\/\/secure.gravatar.com\/avatar\/7e6ea62ad413e64265919670246b2992f4d15ca38b994c27298b63a588dd8ba8?s=96&d=mm&r=g","caption":"admin"},"sameAs":["https:\/\/www.sensorialsunsets.com"],"url":"https:\/\/www.sensorialsunsets.com\/fr\/author\/admin\/"}]}},"_links":{"self":[{"href":"https:\/\/www.sensorialsunsets.com\/fr\/wp-json\/wp\/v2\/posts\/474","targetHints":{"allow":["GET"]}}],"collection":[{"href":"https:\/\/www.sensorialsunsets.com\/fr\/wp-json\/wp\/v2\/posts"}],"about":[{"href":"https:\/\/www.sensorialsunsets.com\/fr\/wp-json\/wp\/v2\/types\/post"}],"author":[{"embeddable":true,"href":"https:\/\/www.sensorialsunsets.com\/fr\/wp-json\/wp\/v2\/users\/1"}],"replies":[{"embeddable":true,"href":"https:\/\/www.sensorialsunsets.com\/fr\/wp-json\/wp\/v2\/comments?post=474"}],"version-history":[{"count":0,"href":"https:\/\/www.sensorialsunsets.com\/fr\/wp-json\/wp\/v2\/posts\/474\/revisions"}],"wp:featuredmedia":[{"embeddable":true,"href":"https:\/\/www.sensorialsunsets.com\/fr\/wp-json\/wp\/v2\/media\/459"}],"wp:attachment":[{"href":"https:\/\/www.sensorialsunsets.com\/fr\/wp-json\/wp\/v2\/media?parent=474"}],"wp:term":[{"taxonomy":"category","embeddable":true,"href":"https:\/\/www.sensorialsunsets.com\/fr\/wp-json\/wp\/v2\/categories?post=474"},{"taxonomy":"post_tag","embeddable":true,"href":"https:\/\/www.sensorialsunsets.com\/fr\/wp-json\/wp\/v2\/tags?post=474"}],"curies":[{"name":"wp","href":"https:\/\/api.w.org\/{rel}","templated":true}]}}