{"id":4773,"date":"2023-01-02T14:38:56","date_gmt":"2023-01-02T20:38:56","guid":{"rendered":"https:\/\/www.sensorialsunsets.com\/?p=4773"},"modified":"2023-01-02T14:39:09","modified_gmt":"2023-01-02T20:39:09","slug":"le-calendrier-des-fruits-de-saison-au-costa-rica","status":"publish","type":"post","link":"https:\/\/www.sensorialsunsets.com\/fr\/le-calendrier-des-fruits-de-saison-au-costa-rica\/","title":{"rendered":"Le calendrier des fruits de saison au Costa Rica"},"content":{"rendered":"\n<p>La disponibilit\u00e9 de fruits et l\u00e9gumes import\u00e9s n&rsquo;est pas un probl\u00e8me. Dans les supermarch\u00e9s, et m\u00eame chez les marchands de fruits et l\u00e9gumes locaux, on trouve des aliments qui ne correspondent pas \u00e0 la saison. Cependant, la consommation de fruits et l\u00e9gumes de saison pr\u00e9sente de grands avantages.&#13;\n<\/p>\n\n<p>En termes \u00e9conomiques, la consommation de fruits de saison repr\u00e9sente une \u00e9conomie, car les fruits import\u00e9s ou non saisonniers sont g\u00e9n\u00e9ralement plus chers. <\/p>\n\n<figure class=\"wp-block-image size-large\"><img loading=\"lazy\" decoding=\"async\" width=\"2560\" height=\"1440\" src=\"https:\/\/www.sensorialsunsets.com\/wp-content\/uploads\/2023\/01\/pexels-vo-thuy-tien-4054850-edited-scaled.jpg\" alt=\"\" class=\"wp-image-4765\" srcset=\"https:\/\/www.sensorialsunsets.com\/wp-content\/uploads\/2023\/01\/pexels-vo-thuy-tien-4054850-edited-scaled.jpg 2560w, https:\/\/www.sensorialsunsets.com\/wp-content\/uploads\/2023\/01\/pexels-vo-thuy-tien-4054850-edited-300x169.jpg 300w, https:\/\/www.sensorialsunsets.com\/wp-content\/uploads\/2023\/01\/pexels-vo-thuy-tien-4054850-edited-1024x576.jpg 1024w, https:\/\/www.sensorialsunsets.com\/wp-content\/uploads\/2023\/01\/pexels-vo-thuy-tien-4054850-edited-768x432.jpg 768w, https:\/\/www.sensorialsunsets.com\/wp-content\/uploads\/2023\/01\/pexels-vo-thuy-tien-4054850-edited-1536x864.jpg 1536w, https:\/\/www.sensorialsunsets.com\/wp-content\/uploads\/2023\/01\/pexels-vo-thuy-tien-4054850-edited-2048x1152.jpg 2048w, https:\/\/www.sensorialsunsets.com\/wp-content\/uploads\/2023\/01\/pexels-vo-thuy-tien-4054850-edited-1320x743.jpg 1320w\" sizes=\"auto, (max-width: 2560px) 100vw, 2560px\" \/><\/figure>\n\n<h2 class=\"wp-block-heading\">Quels aliments sont cultiv\u00e9s en janvier ?&#13;\n<\/h2>\n\n<p>Les citriques sont au meilleur de leur forme au d\u00e9but de l&rsquo;ann\u00e9e. En outre, de nombreux fruits de la saison s\u00e8che peuvent encore \u00eatre d\u00e9gust\u00e9s. En f\u00e9vrier, avec l&rsquo;hiver, la nature reste inactive, mais \u00e0 la fin du mois, les premi\u00e8res asperges commencent \u00e0 sortir.&#13;\n<\/p>\n\n<p>Janvier est un bon mois pour les l\u00e9gumes \u00e0 racines et les l\u00e9gumes \u00e0 feuilles, en particulier les laitues am\u00e8res et les l\u00e9gumes \u00e0 feuilles. Il s&rsquo;agit des fruits et l\u00e9gumes de janvier qui sont r\u00e9colt\u00e9s \u00e0 leur saison naturelle :  &#13;\n<\/p>\n\n<h2 class=\"wp-block-heading\">Fruits<\/h2>\n\n<ul class=\"wp-block-list\">\n<li>En saison optimale : avocat national, datte, kiwi, citron, mandarine, mangue, pomme, orange, papaye, poire, ananas, banane, pamplemousse, tomate d\u2019arbre, tomate Raf, melon, m\u00fbre, orange et past\u00e8que.&#13;\n<\/li>\n\n\n\n<li>En bonne saison : kaki, ch\u00e2taigne, chirimoya, grenade.&#13;\n<\/li>\n<\/ul>\n\n<h2 class=\"wp-block-heading\">L\u00e9gumes <\/h2>\n\n<ul class=\"wp-block-list\">\n<li>En saison optimale : bette, chicor\u00e9e, artichaut, c\u00e9leri, bourrache, brocoli, citrouille, chanoines, chardon, oignon, panais, choux-feuilles, endives, chou-fleur, scarole, \u00e9pinards, gr\u00e8s, haricot tendre, fenouil, gingembre, laitue d\u2019hiver, poireau, betterave.&#13;\n<\/li>\n\n\n\n<li>En bonne saison : cresson, champignon, pommes de terre, carottes.&#13;\n<\/li>\n<\/ul>\n\n<p>C&rsquo;est \u00e9galement un mois id\u00e9al pour d\u00e9guster la premi\u00e8re huile d&rsquo;olive de l&rsquo;ann\u00e9e. Aussi bien l&rsquo;offre que le volume des r\u00e9coltes fluctuent naturellement et de mani\u00e8re saisonni\u00e8re. Les conditions m\u00e9t\u00e9orologiques peuvent entra\u00eener des changements dans les dates et les quantit\u00e9s des cultures.&#13;\n<\/p>\n","protected":false},"excerpt":{"rendered":"<p>La disponibilit\u00e9 de fruits et l\u00e9gumes import\u00e9s n&rsquo;est pas un probl\u00e8me. Dans les supermarch\u00e9s, et m\u00eame chez les marchands de fruits et l\u00e9gumes locaux, on trouve des aliments qui ne correspondent pas \u00e0 la saison. Cependant, la consommation de fruits et l\u00e9gumes de saison pr\u00e9sente de grands avantages.&#13; En termes \u00e9conomiques, la consommation de fruits [&hellip;]<\/p>\n","protected":false},"author":4,"featured_media":4761,"comment_status":"closed","ping_status":"closed","sticky":false,"template":"","format":"standard","meta":{"_acf_changed":false,"inline_featured_image":false,"_monsterinsights_skip_tracking":false,"_monsterinsights_sitenote_active":false,"_monsterinsights_sitenote_note":"","_monsterinsights_sitenote_category":0,"footnotes":""},"categories":[1],"tags":[],"class_list":["post-4773","post","type-post","status-publish","format-standard","has-post-thumbnail","hentry","category-non-classifiee"],"acf":[],"yoast_head":"<!-- This site is optimized with the Yoast SEO plugin v27.4 - https:\/\/yoast.com\/product\/yoast-seo-wordpress\/ -->\n<title>Le calendrier des fruits de saison au Costa Rica - SensorialSunsets<\/title>\n<meta name=\"description\" content=\"La disponibilit\u00e9 de fruits et l\u00e9gumes import\u00e9s n&#039;est pas un probl\u00e8me. Dans les supermarch\u00e9s, et m\u00eame chez les marchands de fruits et l\u00e9gumes locaux, on trouve des aliments qui ne correspondent pas \u00e0 la saison. Cependant, la consommation de fruits et l\u00e9gumes de saison pr\u00e9sente de grands avantages.\" \/>\n<meta name=\"robots\" content=\"index, follow, max-snippet:-1, max-image-preview:large, max-video-preview:-1\" \/>\n<link rel=\"canonical\" href=\"https:\/\/www.sensorialsunsets.com\/fr\/le-calendrier-des-fruits-de-saison-au-costa-rica\/\" \/>\n<meta property=\"og:locale\" content=\"fr_FR\" \/>\n<meta property=\"og:type\" content=\"article\" \/>\n<meta property=\"og:title\" content=\"Le calendrier des fruits de saison au Costa Rica - SensorialSunsets\" \/>\n<meta property=\"og:description\" content=\"La disponibilit\u00e9 de fruits et l\u00e9gumes import\u00e9s n&#039;est pas un probl\u00e8me. Dans les supermarch\u00e9s, et m\u00eame chez les marchands de fruits et l\u00e9gumes locaux, on trouve des aliments qui ne correspondent pas \u00e0 la saison. Cependant, la consommation de fruits et l\u00e9gumes de saison pr\u00e9sente de grands avantages.\" \/>\n<meta property=\"og:url\" content=\"https:\/\/www.sensorialsunsets.com\/fr\/le-calendrier-des-fruits-de-saison-au-costa-rica\/\" \/>\n<meta property=\"og:site_name\" content=\"SensorialSunsets\" \/>\n<meta property=\"article:publisher\" content=\"https:\/\/www.facebook.com\/Sensorial-Sunsets-109180614715562\" \/>\n<meta property=\"article:published_time\" content=\"2023-01-02T20:38:56+00:00\" \/>\n<meta property=\"article:modified_time\" content=\"2023-01-02T20:39:09+00:00\" \/>\n<meta property=\"og:image\" content=\"https:\/\/www.sensorialsunsets.com\/wp-content\/uploads\/2023\/01\/pexels-darya-sannikova-2209509-scaled.jpg\" \/>\n\t<meta property=\"og:image:width\" content=\"2560\" \/>\n\t<meta property=\"og:image:height\" content=\"1681\" \/>\n\t<meta property=\"og:image:type\" content=\"image\/jpeg\" \/>\n<meta name=\"author\" content=\"Sensorial Sunsets\" \/>\n<meta name=\"twitter:card\" content=\"summary_large_image\" \/>\n<meta name=\"twitter:label1\" content=\"\u00c9crit par\" \/>\n\t<meta name=\"twitter:data1\" content=\"Sensorial Sunsets\" \/>\n\t<meta name=\"twitter:label2\" content=\"Dur\u00e9e de lecture estim\u00e9e\" \/>\n\t<meta name=\"twitter:data2\" content=\"2 minutes\" \/>\n<script type=\"application\/ld+json\" class=\"yoast-schema-graph\">{\"@context\":\"https:\\\/\\\/schema.org\",\"@graph\":[{\"@type\":\"Article\",\"@id\":\"https:\\\/\\\/www.sensorialsunsets.com\\\/fr\\\/le-calendrier-des-fruits-de-saison-au-costa-rica\\\/#article\",\"isPartOf\":{\"@id\":\"https:\\\/\\\/www.sensorialsunsets.com\\\/fr\\\/le-calendrier-des-fruits-de-saison-au-costa-rica\\\/\"},\"author\":{\"name\":\"Sensorial Sunsets\",\"@id\":\"https:\\\/\\\/www.sensorialsunsets.com\\\/fr\\\/#\\\/schema\\\/person\\\/77e2fa594135aa94024c47e281d8a94d\"},\"headline\":\"Le calendrier des fruits de saison au Costa Rica\",\"datePublished\":\"2023-01-02T20:38:56+00:00\",\"dateModified\":\"2023-01-02T20:39:09+00:00\",\"mainEntityOfPage\":{\"@id\":\"https:\\\/\\\/www.sensorialsunsets.com\\\/fr\\\/le-calendrier-des-fruits-de-saison-au-costa-rica\\\/\"},\"wordCount\":333,\"publisher\":{\"@id\":\"https:\\\/\\\/www.sensorialsunsets.com\\\/fr\\\/#organization\"},\"image\":{\"@id\":\"https:\\\/\\\/www.sensorialsunsets.com\\\/fr\\\/le-calendrier-des-fruits-de-saison-au-costa-rica\\\/#primaryimage\"},\"thumbnailUrl\":\"https:\\\/\\\/www.sensorialsunsets.com\\\/wp-content\\\/uploads\\\/2023\\\/01\\\/pexels-darya-sannikova-2209509-scaled.jpg\",\"articleSection\":[\"Non classifi\u00e9(e)\"],\"inLanguage\":\"fr-FR\"},{\"@type\":\"WebPage\",\"@id\":\"https:\\\/\\\/www.sensorialsunsets.com\\\/fr\\\/le-calendrier-des-fruits-de-saison-au-costa-rica\\\/\",\"url\":\"https:\\\/\\\/www.sensorialsunsets.com\\\/fr\\\/le-calendrier-des-fruits-de-saison-au-costa-rica\\\/\",\"name\":\"Le calendrier des fruits de saison au Costa Rica - SensorialSunsets\",\"isPartOf\":{\"@id\":\"https:\\\/\\\/www.sensorialsunsets.com\\\/fr\\\/#website\"},\"primaryImageOfPage\":{\"@id\":\"https:\\\/\\\/www.sensorialsunsets.com\\\/fr\\\/le-calendrier-des-fruits-de-saison-au-costa-rica\\\/#primaryimage\"},\"image\":{\"@id\":\"https:\\\/\\\/www.sensorialsunsets.com\\\/fr\\\/le-calendrier-des-fruits-de-saison-au-costa-rica\\\/#primaryimage\"},\"thumbnailUrl\":\"https:\\\/\\\/www.sensorialsunsets.com\\\/wp-content\\\/uploads\\\/2023\\\/01\\\/pexels-darya-sannikova-2209509-scaled.jpg\",\"datePublished\":\"2023-01-02T20:38:56+00:00\",\"dateModified\":\"2023-01-02T20:39:09+00:00\",\"description\":\"La disponibilit\u00e9 de fruits et l\u00e9gumes import\u00e9s n'est pas un probl\u00e8me. Dans les supermarch\u00e9s, et m\u00eame chez les marchands de fruits et l\u00e9gumes locaux, on trouve des aliments qui ne correspondent pas \u00e0 la saison. Cependant, la consommation de fruits et l\u00e9gumes de saison pr\u00e9sente de grands avantages.\",\"inLanguage\":\"fr-FR\",\"potentialAction\":[{\"@type\":\"ReadAction\",\"target\":[\"https:\\\/\\\/www.sensorialsunsets.com\\\/fr\\\/le-calendrier-des-fruits-de-saison-au-costa-rica\\\/\"]}]},{\"@type\":\"ImageObject\",\"inLanguage\":\"fr-FR\",\"@id\":\"https:\\\/\\\/www.sensorialsunsets.com\\\/fr\\\/le-calendrier-des-fruits-de-saison-au-costa-rica\\\/#primaryimage\",\"url\":\"https:\\\/\\\/www.sensorialsunsets.com\\\/wp-content\\\/uploads\\\/2023\\\/01\\\/pexels-darya-sannikova-2209509-scaled.jpg\",\"contentUrl\":\"https:\\\/\\\/www.sensorialsunsets.com\\\/wp-content\\\/uploads\\\/2023\\\/01\\\/pexels-darya-sannikova-2209509-scaled.jpg\",\"width\":2560,\"height\":1681},{\"@type\":\"WebSite\",\"@id\":\"https:\\\/\\\/www.sensorialsunsets.com\\\/fr\\\/#website\",\"url\":\"https:\\\/\\\/www.sensorialsunsets.com\\\/fr\\\/\",\"name\":\"SensorialSunsets.com\",\"description\":\"D\u00e9couvrez la culture et la soci\u00e9t\u00e9 du Costa Rica sur notre blog. Explorez des articles captivants et partagez le contenu.\",\"publisher\":{\"@id\":\"https:\\\/\\\/www.sensorialsunsets.com\\\/fr\\\/#organization\"},\"alternateName\":\"Costa Rica Live Blog\",\"potentialAction\":[{\"@type\":\"SearchAction\",\"target\":{\"@type\":\"EntryPoint\",\"urlTemplate\":\"https:\\\/\\\/www.sensorialsunsets.com\\\/fr\\\/?s={search_term_string}\"},\"query-input\":{\"@type\":\"PropertyValueSpecification\",\"valueRequired\":true,\"valueName\":\"search_term_string\"}}],\"inLanguage\":\"fr-FR\"},{\"@type\":\"Organization\",\"@id\":\"https:\\\/\\\/www.sensorialsunsets.com\\\/fr\\\/#organization\",\"name\":\"SensorialSunsets\",\"url\":\"https:\\\/\\\/www.sensorialsunsets.com\\\/fr\\\/\",\"logo\":{\"@type\":\"ImageObject\",\"inLanguage\":\"fr-FR\",\"@id\":\"https:\\\/\\\/www.sensorialsunsets.com\\\/fr\\\/#\\\/schema\\\/logo\\\/image\\\/\",\"url\":\"https:\\\/\\\/www.sensorialsunsets.com\\\/wp-content\\\/uploads\\\/2023\\\/04\\\/Logo_base_line_fond_clair.svg\",\"contentUrl\":\"https:\\\/\\\/www.sensorialsunsets.com\\\/wp-content\\\/uploads\\\/2023\\\/04\\\/Logo_base_line_fond_clair.svg\",\"width\":\"1024\",\"height\":\"1024\",\"caption\":\"SensorialSunsets\"},\"image\":{\"@id\":\"https:\\\/\\\/www.sensorialsunsets.com\\\/fr\\\/#\\\/schema\\\/logo\\\/image\\\/\"},\"sameAs\":[\"https:\\\/\\\/www.facebook.com\\\/Sensorial-Sunsets-109180614715562\",\"https:\\\/\\\/www.instagram.com\\\/sensorialsunsets\\\/\"]},{\"@type\":\"Person\",\"@id\":\"https:\\\/\\\/www.sensorialsunsets.com\\\/fr\\\/#\\\/schema\\\/person\\\/77e2fa594135aa94024c47e281d8a94d\",\"name\":\"Sensorial Sunsets\",\"image\":{\"@type\":\"ImageObject\",\"inLanguage\":\"fr-FR\",\"@id\":\"https:\\\/\\\/secure.gravatar.com\\\/avatar\\\/5f2d62681b1dad94c28f1500d4fc75582acdfd32b55fd1acce0a36a3c487eabe?s=96&d=mm&r=g\",\"url\":\"https:\\\/\\\/secure.gravatar.com\\\/avatar\\\/5f2d62681b1dad94c28f1500d4fc75582acdfd32b55fd1acce0a36a3c487eabe?s=96&d=mm&r=g\",\"contentUrl\":\"https:\\\/\\\/secure.gravatar.com\\\/avatar\\\/5f2d62681b1dad94c28f1500d4fc75582acdfd32b55fd1acce0a36a3c487eabe?s=96&d=mm&r=g\",\"caption\":\"Sensorial Sunsets\"},\"url\":\"https:\\\/\\\/www.sensorialsunsets.com\\\/fr\\\/author\\\/asistentes-sensorial-sunsets\\\/\"}]}<\/script>\n<!-- \/ Yoast SEO plugin. -->","yoast_head_json":{"title":"Le calendrier des fruits de saison au Costa Rica - SensorialSunsets","description":"La disponibilit\u00e9 de fruits et l\u00e9gumes import\u00e9s n'est pas un probl\u00e8me. Dans les supermarch\u00e9s, et m\u00eame chez les marchands de fruits et l\u00e9gumes locaux, on trouve des aliments qui ne correspondent pas \u00e0 la saison. Cependant, la consommation de fruits et l\u00e9gumes de saison pr\u00e9sente de grands avantages.","robots":{"index":"index","follow":"follow","max-snippet":"max-snippet:-1","max-image-preview":"max-image-preview:large","max-video-preview":"max-video-preview:-1"},"canonical":"https:\/\/www.sensorialsunsets.com\/fr\/le-calendrier-des-fruits-de-saison-au-costa-rica\/","og_locale":"fr_FR","og_type":"article","og_title":"Le calendrier des fruits de saison au Costa Rica - SensorialSunsets","og_description":"La disponibilit\u00e9 de fruits et l\u00e9gumes import\u00e9s n'est pas un probl\u00e8me. Dans les supermarch\u00e9s, et m\u00eame chez les marchands de fruits et l\u00e9gumes locaux, on trouve des aliments qui ne correspondent pas \u00e0 la saison. Cependant, la consommation de fruits et l\u00e9gumes de saison pr\u00e9sente de grands avantages.","og_url":"https:\/\/www.sensorialsunsets.com\/fr\/le-calendrier-des-fruits-de-saison-au-costa-rica\/","og_site_name":"SensorialSunsets","article_publisher":"https:\/\/www.facebook.com\/Sensorial-Sunsets-109180614715562","article_published_time":"2023-01-02T20:38:56+00:00","article_modified_time":"2023-01-02T20:39:09+00:00","og_image":[{"width":2560,"height":1681,"url":"https:\/\/www.sensorialsunsets.com\/wp-content\/uploads\/2023\/01\/pexels-darya-sannikova-2209509-scaled.jpg","type":"image\/jpeg"}],"author":"Sensorial Sunsets","twitter_card":"summary_large_image","twitter_misc":{"\u00c9crit par":"Sensorial Sunsets","Dur\u00e9e de lecture estim\u00e9e":"2 minutes"},"schema":{"@context":"https:\/\/schema.org","@graph":[{"@type":"Article","@id":"https:\/\/www.sensorialsunsets.com\/fr\/le-calendrier-des-fruits-de-saison-au-costa-rica\/#article","isPartOf":{"@id":"https:\/\/www.sensorialsunsets.com\/fr\/le-calendrier-des-fruits-de-saison-au-costa-rica\/"},"author":{"name":"Sensorial Sunsets","@id":"https:\/\/www.sensorialsunsets.com\/fr\/#\/schema\/person\/77e2fa594135aa94024c47e281d8a94d"},"headline":"Le calendrier des fruits de saison au Costa Rica","datePublished":"2023-01-02T20:38:56+00:00","dateModified":"2023-01-02T20:39:09+00:00","mainEntityOfPage":{"@id":"https:\/\/www.sensorialsunsets.com\/fr\/le-calendrier-des-fruits-de-saison-au-costa-rica\/"},"wordCount":333,"publisher":{"@id":"https:\/\/www.sensorialsunsets.com\/fr\/#organization"},"image":{"@id":"https:\/\/www.sensorialsunsets.com\/fr\/le-calendrier-des-fruits-de-saison-au-costa-rica\/#primaryimage"},"thumbnailUrl":"https:\/\/www.sensorialsunsets.com\/wp-content\/uploads\/2023\/01\/pexels-darya-sannikova-2209509-scaled.jpg","articleSection":["Non classifi\u00e9(e)"],"inLanguage":"fr-FR"},{"@type":"WebPage","@id":"https:\/\/www.sensorialsunsets.com\/fr\/le-calendrier-des-fruits-de-saison-au-costa-rica\/","url":"https:\/\/www.sensorialsunsets.com\/fr\/le-calendrier-des-fruits-de-saison-au-costa-rica\/","name":"Le calendrier des fruits de saison au Costa Rica - SensorialSunsets","isPartOf":{"@id":"https:\/\/www.sensorialsunsets.com\/fr\/#website"},"primaryImageOfPage":{"@id":"https:\/\/www.sensorialsunsets.com\/fr\/le-calendrier-des-fruits-de-saison-au-costa-rica\/#primaryimage"},"image":{"@id":"https:\/\/www.sensorialsunsets.com\/fr\/le-calendrier-des-fruits-de-saison-au-costa-rica\/#primaryimage"},"thumbnailUrl":"https:\/\/www.sensorialsunsets.com\/wp-content\/uploads\/2023\/01\/pexels-darya-sannikova-2209509-scaled.jpg","datePublished":"2023-01-02T20:38:56+00:00","dateModified":"2023-01-02T20:39:09+00:00","description":"La disponibilit\u00e9 de fruits et l\u00e9gumes import\u00e9s n'est pas un probl\u00e8me. Dans les supermarch\u00e9s, et m\u00eame chez les marchands de fruits et l\u00e9gumes locaux, on trouve des aliments qui ne correspondent pas \u00e0 la saison. Cependant, la consommation de fruits et l\u00e9gumes de saison pr\u00e9sente de grands avantages.","inLanguage":"fr-FR","potentialAction":[{"@type":"ReadAction","target":["https:\/\/www.sensorialsunsets.com\/fr\/le-calendrier-des-fruits-de-saison-au-costa-rica\/"]}]},{"@type":"ImageObject","inLanguage":"fr-FR","@id":"https:\/\/www.sensorialsunsets.com\/fr\/le-calendrier-des-fruits-de-saison-au-costa-rica\/#primaryimage","url":"https:\/\/www.sensorialsunsets.com\/wp-content\/uploads\/2023\/01\/pexels-darya-sannikova-2209509-scaled.jpg","contentUrl":"https:\/\/www.sensorialsunsets.com\/wp-content\/uploads\/2023\/01\/pexels-darya-sannikova-2209509-scaled.jpg","width":2560,"height":1681},{"@type":"WebSite","@id":"https:\/\/www.sensorialsunsets.com\/fr\/#website","url":"https:\/\/www.sensorialsunsets.com\/fr\/","name":"SensorialSunsets.com","description":"D\u00e9couvrez la culture et la soci\u00e9t\u00e9 du Costa Rica sur notre blog. Explorez des articles captivants et partagez le contenu.","publisher":{"@id":"https:\/\/www.sensorialsunsets.com\/fr\/#organization"},"alternateName":"Costa Rica Live Blog","potentialAction":[{"@type":"SearchAction","target":{"@type":"EntryPoint","urlTemplate":"https:\/\/www.sensorialsunsets.com\/fr\/?s={search_term_string}"},"query-input":{"@type":"PropertyValueSpecification","valueRequired":true,"valueName":"search_term_string"}}],"inLanguage":"fr-FR"},{"@type":"Organization","@id":"https:\/\/www.sensorialsunsets.com\/fr\/#organization","name":"SensorialSunsets","url":"https:\/\/www.sensorialsunsets.com\/fr\/","logo":{"@type":"ImageObject","inLanguage":"fr-FR","@id":"https:\/\/www.sensorialsunsets.com\/fr\/#\/schema\/logo\/image\/","url":"https:\/\/www.sensorialsunsets.com\/wp-content\/uploads\/2023\/04\/Logo_base_line_fond_clair.svg","contentUrl":"https:\/\/www.sensorialsunsets.com\/wp-content\/uploads\/2023\/04\/Logo_base_line_fond_clair.svg","width":"1024","height":"1024","caption":"SensorialSunsets"},"image":{"@id":"https:\/\/www.sensorialsunsets.com\/fr\/#\/schema\/logo\/image\/"},"sameAs":["https:\/\/www.facebook.com\/Sensorial-Sunsets-109180614715562","https:\/\/www.instagram.com\/sensorialsunsets\/"]},{"@type":"Person","@id":"https:\/\/www.sensorialsunsets.com\/fr\/#\/schema\/person\/77e2fa594135aa94024c47e281d8a94d","name":"Sensorial Sunsets","image":{"@type":"ImageObject","inLanguage":"fr-FR","@id":"https:\/\/secure.gravatar.com\/avatar\/5f2d62681b1dad94c28f1500d4fc75582acdfd32b55fd1acce0a36a3c487eabe?s=96&d=mm&r=g","url":"https:\/\/secure.gravatar.com\/avatar\/5f2d62681b1dad94c28f1500d4fc75582acdfd32b55fd1acce0a36a3c487eabe?s=96&d=mm&r=g","contentUrl":"https:\/\/secure.gravatar.com\/avatar\/5f2d62681b1dad94c28f1500d4fc75582acdfd32b55fd1acce0a36a3c487eabe?s=96&d=mm&r=g","caption":"Sensorial Sunsets"},"url":"https:\/\/www.sensorialsunsets.com\/fr\/author\/asistentes-sensorial-sunsets\/"}]}},"_links":{"self":[{"href":"https:\/\/www.sensorialsunsets.com\/fr\/wp-json\/wp\/v2\/posts\/4773","targetHints":{"allow":["GET"]}}],"collection":[{"href":"https:\/\/www.sensorialsunsets.com\/fr\/wp-json\/wp\/v2\/posts"}],"about":[{"href":"https:\/\/www.sensorialsunsets.com\/fr\/wp-json\/wp\/v2\/types\/post"}],"author":[{"embeddable":true,"href":"https:\/\/www.sensorialsunsets.com\/fr\/wp-json\/wp\/v2\/users\/4"}],"replies":[{"embeddable":true,"href":"https:\/\/www.sensorialsunsets.com\/fr\/wp-json\/wp\/v2\/comments?post=4773"}],"version-history":[{"count":0,"href":"https:\/\/www.sensorialsunsets.com\/fr\/wp-json\/wp\/v2\/posts\/4773\/revisions"}],"wp:featuredmedia":[{"embeddable":true,"href":"https:\/\/www.sensorialsunsets.com\/fr\/wp-json\/wp\/v2\/media\/4761"}],"wp:attachment":[{"href":"https:\/\/www.sensorialsunsets.com\/fr\/wp-json\/wp\/v2\/media?parent=4773"}],"wp:term":[{"taxonomy":"category","embeddable":true,"href":"https:\/\/www.sensorialsunsets.com\/fr\/wp-json\/wp\/v2\/categories?post=4773"},{"taxonomy":"post_tag","embeddable":true,"href":"https:\/\/www.sensorialsunsets.com\/fr\/wp-json\/wp\/v2\/tags?post=4773"}],"curies":[{"name":"wp","href":"https:\/\/api.w.org\/{rel}","templated":true}]}}