{"id":4920,"date":"2023-01-04T15:14:10","date_gmt":"2023-01-04T21:14:10","guid":{"rendered":"https:\/\/www.sensorialsunsets.com\/?p=4920"},"modified":"2023-01-04T15:14:11","modified_gmt":"2023-01-04T21:14:11","slug":"introduction-des-premiers-groupes-humains-sur-le-territoire-actuel-du-costa-rica-12-000-1000-av-j-c","status":"publish","type":"post","link":"https:\/\/www.sensorialsunsets.com\/fr\/introduction-des-premiers-groupes-humains-sur-le-territoire-actuel-du-costa-rica-12-000-1000-av-j-c\/","title":{"rendered":"Introduction des premiers groupes humains sur le territoire actuel du Costa Rica (12 000-1000 av. J.-C.)"},"content":{"rendered":"\n<p>Lorsque les Espagnols sont arriv\u00e9s en Am\u00e9rique en 1492 &#8211; et au Costa Rica en 1502 &#8211; ils ont constat\u00e9 qu&rsquo;il y avait des populations indig\u00e8nes install\u00e9es. Par cons\u00e9quent, d&rsquo;o\u00f9 venaient ces groupes humains, quand sont-ils arriv\u00e9s, qui ont \u00e9t\u00e9 les premiers \u00e0 habiter le territoire connu aujourd&rsquo;hui sous le nom de Costa Rica des si\u00e8cles avant l&rsquo;arriv\u00e9e des Espagnols, et comment s&rsquo;est d\u00e9roul\u00e9 le processus de consolidation culturelle de ces premiers habitants ?<\/p>\n\n\n\n<p>De m\u00eame, il faut tenir compte du fait que, pour ces temps anciens, le nom du pays actuel &#8211; Costa Rica &#8211; n&rsquo;existe pas pour faire r\u00e9f\u00e9rence \u00e0 ce territoire, et qu&rsquo;il n&rsquo;avait pas non plus de fronti\u00e8res politiques comme celles d&rsquo;aujourd&rsquo;hui, mais qu&rsquo;il s&rsquo;agissait plut\u00f4t de fronti\u00e8res culturelles. Dans le cas du Costa Rica, l&rsquo;influence des r\u00e9gions culturelles m\u00e9so-am\u00e9ricaines et interm\u00e9diaires \u00e9tait pr\u00e9dominante.<\/p>\n\n\n\n<p><strong>Introduction des premiers groupes humains sur le territoire actuel du Costa Rica (12 000-1000 av. J.-C.)<\/strong>\r\n<\/p>\n\n\n\n<p>Lorsque les Espagnols sont arriv\u00e9s en Am\u00e9rique en 1492 &#8211; et au Costa Rica en 1502 &#8211; ils ont constat\u00e9 qu&rsquo;il y avait des populations indig\u00e8nes install\u00e9es. Par cons\u00e9quent, d&rsquo;o\u00f9 venaient ces groupes humains, quand sont-ils arriv\u00e9s, qui ont \u00e9t\u00e9 les premiers \u00e0 habiter le territoire connu aujourd&rsquo;hui sous le nom de Costa Rica des si\u00e8cles avant l&rsquo;arriv\u00e9e des Espagnols, et comment s&rsquo;est d\u00e9roul\u00e9 le processus de consolidation culturelle de ces premiers habitants ?<\/p>\n\n\n\n<p>De m\u00eame, il faut tenir compte du fait que, pour ces temps anciens, le nom du pays actuel &#8211; Costa Rica &#8211; n&rsquo;existe pas pour faire r\u00e9f\u00e9rence \u00e0 ce territoire, et qu&rsquo;il n&rsquo;avait pas non plus de fronti\u00e8res politiques comme celles d&rsquo;aujourd&rsquo;hui, mais qu&rsquo;il s&rsquo;agissait plut\u00f4t de fronti\u00e8res culturelles. Dans le cas du Costa Rica, l&rsquo;influence des r\u00e9gions culturelles m\u00e9so-am\u00e9ricaines et interm\u00e9diaires \u00e9tait pr\u00e9dominante.<\/p>\n\n\n\n<figure class=\"wp-block-image is-resized\"><img loading=\"lazy\" decoding=\"async\" src=\"https:\/\/lh5.googleusercontent.com\/ryiq9tCBZokHSYiTblY0amFMbqUnPKTByxlqnK5cPkkdNifN_QzA6O3iYPwTf47aSE2MC1PokGnSzHgaLZSKPWfvdIX9r9-tFcdX9BeZsVllqRzOwksWt0YFYqTnmvccRzGD3pK3JoJYKKJ2lyxudEgzsPb_l0V6JB8qbF91ltIZfIxuFu5yyOROcinbcw\" alt=\"Tema 1. Las sociedades abor\u00edgenes costarricenses: evoluci\u00f3n y legado. - PDF  Descargar libre\" width=\"378\" height=\"395\"\/><figcaption class=\"wp-element-caption\">Source: DocPlayer. <\/figcaption><\/figure>\n\n\n\n<p><strong>Un processus complexe<\/strong><\/p>\n\n\n\n<p>Avant de commenter l&rsquo;origine de ces groupes, il est important de pr\u00e9ciser ce qui suit : l&rsquo;histoire n&rsquo;est pas une mati\u00e8re lin\u00e9aire ou statique, o\u00f9 des changements se produisent d&rsquo;un jour \u00e0 l&rsquo;autre ; on peut donc affirmer que l&rsquo;histoire consiste en une s\u00e9rie de processus constitu\u00e9s de structures culturelles, telles que la religion, l&rsquo;\u00e9conomie, le commerce, les arts, la politique, l&rsquo;architecture, l&rsquo;agriculture, la vision du monde, les connaissances scientifiques, entre autres.<\/p>\n\n\n\n<p>D&rsquo;apr\u00e8s ce qui pr\u00e9c\u00e8de, nous pouvons comprendre que cette introduction des premiers groupes humains sur le territoire actuel que nous appelons \u00ab\u00a0Am\u00e9rique\u00a0\u00bb est un processus, et qu&rsquo;il ne s&rsquo;agissait pas d&rsquo;une seule introduction, mais de plusieurs introductions par plus d&rsquo;une voie et de motivations ; et non pas d&rsquo;un seul groupe, mais de plusieurs groupes humains, o\u00f9 il y a eu \u00e9galement un processus non seulement de transition ou de transfert g\u00e9ographique, mais aussi d&rsquo;adaptation aux divers environnements qui composent la masse continentale am\u00e9ricaine.<\/p>\n\n\n\n<p>De m\u00eame, les diff\u00e9rentes cultures se sont adapt\u00e9es et consolid\u00e9es au fur et \u00e0 mesure de leur d\u00e9veloppement dans les activit\u00e9s de subsistance des diff\u00e9rentes r\u00e9gions du continent. En d&rsquo;autres termes, les civilisations indig\u00e8nes que les envahisseurs espagnols ont vues \u00e9taient le r\u00e9sultat de milliers d&rsquo;ann\u00e9es de d\u00e9veloppement de soci\u00e9t\u00e9s plus anciennes. Apr\u00e8s avoir compris que ces processus sont complexes et non \u00e9pisodiques, nous allons maintenant nous pencher sur l&rsquo;origine des premiers peuplements en g\u00e9n\u00e9ral sur le continent, car pour comprendre ce processus &#8211; sp\u00e9cifiquement au Costa Rica &#8211; il faut comprendre le processus g\u00e9n\u00e9ralis\u00e9 \u00e0 toute la masse continentale am\u00e9ricaine.<\/p>\n\n\n\n<p><strong>L&rsquo;origine de ces premiers groupes humains sur le continent<\/strong><\/p>\n\n\n\n<p>Lorsque les Espagnols sont arriv\u00e9s sur le continent am\u00e9ricain et qu&rsquo;ils se sont rendu compte qu&rsquo;ils n&rsquo;\u00e9taient pas arriv\u00e9s en Inde, comme le pensait Christophe Colomb, des voix se sont \u00e9lev\u00e9es pour expliquer pourquoi ce territoire, jusqu&rsquo;alors inconnu des Europ\u00e9ens, \u00e9tait peupl\u00e9 d&rsquo;\u00eatres humains dont la Bible ne fait pas mention, car pour eux ce livre et la religion du christianisme \u00e9taient tr\u00e8s importants pour comprendre tous les aspects de la vie quotidienne et ses explications. Pendant ce temps, des personnes comme Juan Gin\u00e9s de Sep\u00falveda, affirmaient que ces civilisations indig\u00e8nes ne devaient pas \u00eatre consid\u00e9r\u00e9es comme des \u00eatres humains car elles n&rsquo;\u00e9taient pas mentionn\u00e9es dans les \u00c9critures jud\u00e9o-chr\u00e9tiennes (1).<\/p>\n\n\n\n<p>Cependant, le pape L\u00e9on X, en 1512, a soutenu en contradiction avec l&rsquo;affirmation ci-dessus, puisque toute l&rsquo;humanit\u00e9 descendait d&rsquo;Adam et Eve, ces peuples en Am\u00e9rique avaient la m\u00eame origine que le reste de l&rsquo;humanit\u00e9, donc pour expliquer leur s\u00e9jour dans ce territoire, une justification possible \u00e9tait le fait qu&rsquo;ils ont \u00e9t\u00e9 forc\u00e9s de migrer pour une raison quelconque jusqu&rsquo;\u00e0 ce qu&rsquo;ils atteignent le nouveau continent (2).<\/p>\n\n\n\n<p>Certains ont pr\u00e9tendu que les indig\u00e8nes d&rsquo;Am\u00e9rique \u00e9taient les descendants d&rsquo;une tribu d&rsquo;Isra\u00ebl, des Anglais, des Fran\u00e7ais, des Romains, des Grecs, et on a m\u00eame pr\u00e9tendu qu&rsquo;ils venaient de l&rsquo;Atlantide. Cependant, des personnes comme le j\u00e9suite Jos\u00e9 de Acosta en 1590 et l&rsquo;Anglais Edward Brerewood en 1614 ont \u00e9voqu\u00e9 la possibilit\u00e9 que cette migration se fasse par le biais d&rsquo;une connexion entre l&rsquo;Asie et l&rsquo;Am\u00e9rique, o\u00f9 une sorte de pont facilitait le processus de transition d&rsquo;un territoire \u00e0 l&rsquo;autre par ces groupes nomades.<\/p>\n\n\n\n<figure class=\"wp-block-image\"><img decoding=\"async\" src=\"https:\/\/lh4.googleusercontent.com\/l3rzwHb193s1nzNVOjs2EL-SSJmjplbDGLoRt-Vo64YwbGN-BQqZN19EngVjRwFkzL_LmnOf7-pPTdnxQr3WJ9V4FKX1KfBqMS5fou9aF8gtSBfqAKWIJoFBD9ENAz3hF7Y4mQ9NnPksp80CDQtha3dOPDR5QENfUVZlg_2TRwB2Vob_a4jPuk_Xh6iiFQ\" alt=\"El corredor de Bering estuvo abierto desde hace 13.000 a\u00f1os, pero hasta varios cientos de a\u00f1os m\u00e1s tarde no fue posible utilizarlo.\"\/><figcaption class=\"wp-element-caption\">Source: Rtve.es<\/figcaption><\/figure>\n\n\n\n<p>D&rsquo;apr\u00e8s ce qui pr\u00e9c\u00e8de, la th\u00e9orie la plus largement accept\u00e9e est que les premiers humains sont apparus en Afrique il y a environ 100 000 ans. Et il y a environ 40 000 \u00e0 20 000 ans, des groupes humains provenant de l&rsquo;extr\u00e9mit\u00e9 nord-est du continent asiatique ont commenc\u00e9 \u00e0 se d\u00e9placer de la Sib\u00e9rie vers le territoire actuel appel\u00e9 Alaska, car les deux territoires \u00e9taient reli\u00e9s par une masse terrestre, appel\u00e9e B\u00e9ringie, depuis la fin de la derni\u00e8re p\u00e9riode glaciaire (la glaciation dite du Wisconsin). C&rsquo;est ainsi que les premiers humains de ce nouveau territoire ont commenc\u00e9 \u00e0 domestiquer les plantes et les animaux indig\u00e8nes, pratiquement \u00e0 partir de z\u00e9ro.<\/p>\n\n\n\n<p>C&rsquo;est \u00e0 partir de ce processus d&rsquo;adaptation au milieu, \u00e0 la nature et \u00e0 la g\u00e9ographie que ces soci\u00e9t\u00e9s ont commenc\u00e9 \u00e0 consolider leur organisation sociale, \u00e9conomique, politique et religieuse. Ces adaptations ont donn\u00e9 naissance \u00e0 des soci\u00e9t\u00e9s aux structures de plus en plus complexes.<\/p>\n\n\n\n<figure class=\"wp-block-image\"><img decoding=\"async\" src=\"https:\/\/lh5.googleusercontent.com\/bQ3XxdqtcMaEHbLpIMQ4z7p4Vx8OS7DQ2iWKtlfJbnIrhgbuUPzjc0Q-Inn7MiDh8Sh926xZp-dtH3J1l05Yd__dUaHz-S8aH-FKcy7OJRdBCSHsejliyuCRvnVaUdEm-3TbZZt7s3U8VATMWSafaLNBpkU16XEA-5_mO0dstlrfyTpA_6Uh9uteXCWo7g\" alt=\"Divulgaci\u00f3n \u00ab Museo Nacional de Costa Rica\"\/><figcaption class=\"wp-element-caption\">Source: National Museum of Costa Rica<\/figcaption><\/figure>\n\n\n\n<p>En ce qui concerne la r\u00e9partition organisationnelle du territoire, une fois arriv\u00e9s en Alaska et alors que le d\u00e9troit de B\u00e9ring \u00e9tait en train de fondre, ces groupes ont \u00e9t\u00e9 progressivement r\u00e9partis le long du continent par la route de la c\u00f4te nord-ouest du Pacifique, o\u00f9 les premiers humains ont commenc\u00e9 \u00e0 pratiquer la p\u00eache et la chasse, puisque la production autonome d&rsquo;aliments n&rsquo;\u00e9tait pas encore \u00e0 leur port\u00e9e et que leurs activit\u00e9s de subsistance n&rsquo;\u00e9taient pas tr\u00e8s sp\u00e9cialis\u00e9es. En outre, la r\u00e9partition du travail dans la vie quotidienne ne se limitait pas aux r\u00f4les li\u00e9s au sexe ou \u00e0 l&rsquo;\u00e2ge.<\/p>\n\n\n\n<p><strong>Arriv\u00e9e et installation sp\u00e9cifique au Costa Rica<\/strong><\/p>\n\n\n\n<p>Les premiers humains \u00e0 occuper le territoire de l&rsquo;actuel Costa Rica \u00e9taient des nomades qui se d\u00e9pla\u00e7aient en petites bandes familiales, entre 12 000 et 8 000 ans avant J\u00e9sus-Christ. Ils habitaient des esp\u00e8ces tropicales telles que les mastodontes, les paresseux g\u00e9ants, les chevaux et les cam\u00e9lid\u00e9s, et le paysage \u00e9tait caract\u00e9ris\u00e9 par des montagnes et des for\u00eats tropicales (3). Sa position g\u00e9ographique isthmique et son climat ont favoris\u00e9 le processus de d\u00e9veloppement de ces peuples qui se sont progressivement install\u00e9s (4).<\/p>\n\n\n\n<p>En r\u00e9sum\u00e9, ce n&rsquo;est que vers 8000 et 4000 avant J.-C. que ces populations ont adopt\u00e9 la s\u00e9dentarisation et la domestication des aliments ; de m\u00eame, elles ont progressivement s\u00e9lectionn\u00e9 la flore et la faune susceptibles d&rsquo;\u00eatre consomm\u00e9es, et ont \u00e9galement adapt\u00e9 divers m\u00e9canismes tels que les outils de chasse et la construction de radeaux pour se d\u00e9placer le long des voies navigables.<\/p>\n\n\n\n<figure class=\"wp-block-image\"><img decoding=\"async\" src=\"https:\/\/lh6.googleusercontent.com\/Rlmo1Kdmllu6PazmMAh5xbZ6Bigme-EDFVg81RXjQ1jqO0BEq4EAgYkEVkmiQg16rVirXpbbwGmLVDTl0WhRZATyq_2Fo9cJ2AvzrkQA7-MbsF6OcMROaQFAPYCkzO-YHIt9Ri4BwjdRbPj4gyh6NvsOXF_uBxqRbiT5yzffM-zhHUapK7CvWcb7lmNwvw\" alt=\"Dibujo animado de un personaje con la boca abierta&#13;&#10;&#13;&#10;Descripci&#xF3;n generada autom&#xE1;ticamente con confianza baja\"\/><figcaption class=\"wp-element-caption\">Source: surcosdigital.com<\/figcaption><\/figure>\n\n\n\n<p>Avec une pratique de l&rsquo;agriculture qui se d\u00e9veloppe progressivement, datant d&rsquo;environ 4000 \u00e0 1000 av. J.-C., ces populations se sont sp\u00e9cialis\u00e9es dans les produits agricoles qu&rsquo;elles semaient, tels que le manioc, la patate douce, le ma\u00efs et les haricots ; cependant, les c\u00e9r\u00e9ales \u00e9taient majoritaires dans les r\u00e9gions du Pacifique Nord et de la vall\u00e9e centrale, tandis que dans la zone du versant cara\u00efbe, la culture des tubercules pr\u00e9dominait.<\/p>\n\n\n\n<p>En outre, il est important de mentionner que ces groupes s\u00e9dentaires \u00e9taient issus de la famille Chibcha, qui se composait d&rsquo;une mosa\u00efque de cultures le long de l&rsquo;extension g\u00e9ographique du Nicaragua \u00e0 l&rsquo;\u00c9quateur. Par cons\u00e9quent, le Costa Rica a subi une grande influence de ces cultures et de ces langues, car il faisait historiquement partie de toute cette r\u00e9gion domin\u00e9e par les familles Chibcha (6).<\/p>\n\n\n\n<p>Le Costa Rica faisait partie d&rsquo;une r\u00e9gion de passage pour les groupes nomades voyageant du nord au sud. Certains de ces groupes ont fini par s&rsquo;installer dans une partie de la r\u00e9gion qui est aujourd&rsquo;hui l&rsquo;Am\u00e9rique centrale, la Colombie, le Venezuela et l&rsquo;\u00c9quateur. Le Costa Rica a \u00e9galement connu son propre d\u00e9veloppement d&rsquo;\u00e9tablissements humains, mais a en m\u00eame temps interagi avec d&rsquo;autres groupes voisins situ\u00e9s \u00e0 tous les points cardinaux. Cette r\u00e9gion interm\u00e9diaire partageait certaines caract\u00e9ristiques culturelles similaires, comme des aspects linguistiques et g\u00e9n\u00e9tiques.<\/p>\n\n\n\n<p>En conclusion, on peut affirmer que les premi\u00e8res installations des premiers habitants du Costa Rica sont dues \u00e0 des facteurs tels que la richesse productive du sol, la vari\u00e9t\u00e9 des climats et des reliefs, la pr\u00e9sence d&rsquo;une flore et d&rsquo;une faune propres \u00e0 la consommation humaine, et la n\u00e9cessit\u00e9 biologique de s&rsquo;installer pour consolider les soci\u00e9t\u00e9s sur un territoire donn\u00e9, en perfectionnant les m\u00e9canismes de survie tels que les outils de chasse, de cueillette et &#8211; plus tard &#8211; d&rsquo;agriculture, y compris la construction de maisons, qui fait partie d&rsquo;une s\u00e9rie de r\u00e9percussions qui accompagnent l&rsquo;installation sur un territoire. <\/p>\n\n\n\n<p>Tout cela dans le cadre de la compr\u00e9hension du fait que cela ne s&rsquo;est pas produit du jour au lendemain, mais qu&rsquo;il s&rsquo;agissait d&rsquo;un processus graduel jusqu&rsquo;\u00e0 l&rsquo;apparition de soci\u00e9t\u00e9s culturellement complexes. Enfin, la p\u00e9riode comprise entre environ 12 000 et 1 000 avant J.-C. couvre les processus allant de l&rsquo;arriv\u00e9e des bandes nomades \u00e0 l&rsquo;adaptation progressive de l&rsquo;agriculture et \u00e0 la s\u00e9dentarisation.<\/p>\n\n\n\n<hr class=\"wp-block-separator has-alpha-channel-opacity\"\/>\n\n\n\n<ol class=\"wp-block-list\">\n<li>Juan Carlos Sol\u00f3rzano Fonseca, <em>Am\u00e9rica Antigua. Los pueblos precolombinos desde el poblamiento original hasta los inicios de la conquista espa\u00f1ola <\/em>(San Jos\u00e9: Editorial de la Universidad de Costa Rica, 2011), 51.<\/li>\n\n\n\n<li>Ib\u00edd.<\/li>\n\n\n\n<li>Iv\u00e1n Molina Jim\u00e9nez y Steven Palmer, <em>Historia de Costa Rica <\/em>(San Jos\u00e9: Editorial de la Universidad de Costa Rica, 2017), 1-2.<\/li>\n\n\n\n<li>\u00d3scar Fonseca Zamora, <em>Historia antigua de Costa Rica: surgimiento y caracterizaci\u00f3n de la primera civilizaci\u00f3n costarricense <\/em>(San Jos\u00e9: Editorial de la Universidad de Costa Rica, 1996), 33-35.<\/li>\n\n\n\n<li>Molina y Palmer, <em>Historia de Costa Rica<\/em>, 2-3.<\/li>\n\n\n\n<li>Fonseca Zamora, <em>Historia antigua de Costa Rica<\/em>\u2026, 23-28.<\/li>\n<\/ol>\n","protected":false},"excerpt":{"rendered":"<p>Lorsque les Espagnols sont arriv\u00e9s en Am\u00e9rique en 1492 &#8211; et au Costa Rica en 1502 &#8211; ils ont constat\u00e9 qu&rsquo;il y avait des populations indig\u00e8nes install\u00e9es. Par cons\u00e9quent, d&rsquo;o\u00f9 venaient ces groupes humains, quand sont-ils arriv\u00e9s, qui ont \u00e9t\u00e9 les premiers \u00e0 habiter le territoire connu aujourd&rsquo;hui sous le nom de Costa Rica des [&hellip;]<\/p>\n","protected":false},"author":4,"featured_media":4859,"comment_status":"closed","ping_status":"closed","sticky":false,"template":"","format":"standard","meta":{"_acf_changed":false,"inline_featured_image":false,"_monsterinsights_skip_tracking":false,"_monsterinsights_sitenote_active":false,"_monsterinsights_sitenote_note":"","_monsterinsights_sitenote_category":0,"footnotes":""},"categories":[120],"tags":[],"class_list":["post-4920","post","type-post","status-publish","format-standard","has-post-thumbnail","hentry","category-histoire"],"acf":[],"yoast_head":"<!-- This site is optimized with the Yoast SEO plugin v27.4 - https:\/\/yoast.com\/product\/yoast-seo-wordpress\/ -->\n<title>Introduction des premiers groupes humains sur le territoire actuel du Costa Rica (12 000-1000 av. J.-C.) - SensorialSunsets<\/title>\n<meta name=\"description\" content=\"D&#039;o\u00f9 viennent-ils et quand sont-ils arriv\u00e9s ? Apprenez-en un peu plus sur les premiers colons de l&#039;actuel territoire du Costa Rica dans cet article.\" \/>\n<meta name=\"robots\" content=\"index, follow, max-snippet:-1, max-image-preview:large, max-video-preview:-1\" \/>\n<link rel=\"canonical\" href=\"https:\/\/www.sensorialsunsets.com\/fr\/introduction-des-premiers-groupes-humains-sur-le-territoire-actuel-du-costa-rica-12-000-1000-av-j-c\/\" \/>\n<meta property=\"og:locale\" content=\"fr_FR\" \/>\n<meta property=\"og:type\" content=\"article\" \/>\n<meta property=\"og:title\" content=\"Introduction des premiers groupes humains sur le territoire actuel du Costa Rica (12 000-1000 av. J.-C.) - SensorialSunsets\" \/>\n<meta property=\"og:description\" content=\"D&#039;o\u00f9 viennent-ils et quand sont-ils arriv\u00e9s ? Apprenez-en un peu plus sur les premiers colons de l&#039;actuel territoire du Costa Rica dans cet article.\" \/>\n<meta property=\"og:url\" content=\"https:\/\/www.sensorialsunsets.com\/fr\/introduction-des-premiers-groupes-humains-sur-le-territoire-actuel-du-costa-rica-12-000-1000-av-j-c\/\" \/>\n<meta property=\"og:site_name\" content=\"SensorialSunsets\" \/>\n<meta property=\"article:publisher\" content=\"https:\/\/www.facebook.com\/Sensorial-Sunsets-109180614715562\" \/>\n<meta property=\"article:published_time\" content=\"2023-01-04T21:14:10+00:00\" \/>\n<meta property=\"article:modified_time\" content=\"2023-01-04T21:14:11+00:00\" \/>\n<meta property=\"og:image\" content=\"https:\/\/www.sensorialsunsets.com\/wp-content\/uploads\/2023\/01\/leon-overweel-iYajrYkW0Vw-unsplash-1-scaled.jpg\" \/>\n\t<meta property=\"og:image:width\" content=\"2560\" \/>\n\t<meta property=\"og:image:height\" content=\"1707\" \/>\n\t<meta property=\"og:image:type\" content=\"image\/jpeg\" \/>\n<meta name=\"author\" content=\"Sensorial Sunsets\" \/>\n<meta name=\"twitter:card\" content=\"summary_large_image\" \/>\n<meta name=\"twitter:label1\" content=\"\u00c9crit par\" \/>\n\t<meta name=\"twitter:data1\" content=\"Sensorial Sunsets\" \/>\n\t<meta name=\"twitter:label2\" content=\"Dur\u00e9e de lecture estim\u00e9e\" \/>\n\t<meta name=\"twitter:data2\" content=\"9 minutes\" \/>\n<script type=\"application\/ld+json\" class=\"yoast-schema-graph\">{\"@context\":\"https:\\\/\\\/schema.org\",\"@graph\":[{\"@type\":\"Article\",\"@id\":\"https:\\\/\\\/www.sensorialsunsets.com\\\/fr\\\/introduction-des-premiers-groupes-humains-sur-le-territoire-actuel-du-costa-rica-12-000-1000-av-j-c\\\/#article\",\"isPartOf\":{\"@id\":\"https:\\\/\\\/www.sensorialsunsets.com\\\/fr\\\/introduction-des-premiers-groupes-humains-sur-le-territoire-actuel-du-costa-rica-12-000-1000-av-j-c\\\/\"},\"author\":{\"name\":\"Sensorial Sunsets\",\"@id\":\"https:\\\/\\\/www.sensorialsunsets.com\\\/fr\\\/#\\\/schema\\\/person\\\/77e2fa594135aa94024c47e281d8a94d\"},\"headline\":\"Introduction des premiers groupes humains sur le territoire actuel du Costa Rica (12 000-1000 av. J.-C.)\",\"datePublished\":\"2023-01-04T21:14:10+00:00\",\"dateModified\":\"2023-01-04T21:14:11+00:00\",\"mainEntityOfPage\":{\"@id\":\"https:\\\/\\\/www.sensorialsunsets.com\\\/fr\\\/introduction-des-premiers-groupes-humains-sur-le-territoire-actuel-du-costa-rica-12-000-1000-av-j-c\\\/\"},\"wordCount\":1983,\"publisher\":{\"@id\":\"https:\\\/\\\/www.sensorialsunsets.com\\\/fr\\\/#organization\"},\"image\":{\"@id\":\"https:\\\/\\\/www.sensorialsunsets.com\\\/fr\\\/introduction-des-premiers-groupes-humains-sur-le-territoire-actuel-du-costa-rica-12-000-1000-av-j-c\\\/#primaryimage\"},\"thumbnailUrl\":\"https:\\\/\\\/www.sensorialsunsets.com\\\/wp-content\\\/uploads\\\/2023\\\/01\\\/leon-overweel-iYajrYkW0Vw-unsplash-1-scaled.jpg\",\"articleSection\":[\"Histoire\"],\"inLanguage\":\"fr-FR\"},{\"@type\":\"WebPage\",\"@id\":\"https:\\\/\\\/www.sensorialsunsets.com\\\/fr\\\/introduction-des-premiers-groupes-humains-sur-le-territoire-actuel-du-costa-rica-12-000-1000-av-j-c\\\/\",\"url\":\"https:\\\/\\\/www.sensorialsunsets.com\\\/fr\\\/introduction-des-premiers-groupes-humains-sur-le-territoire-actuel-du-costa-rica-12-000-1000-av-j-c\\\/\",\"name\":\"Introduction des premiers groupes humains sur le territoire actuel du Costa Rica (12 000-1000 av. J.-C.) - SensorialSunsets\",\"isPartOf\":{\"@id\":\"https:\\\/\\\/www.sensorialsunsets.com\\\/fr\\\/#website\"},\"primaryImageOfPage\":{\"@id\":\"https:\\\/\\\/www.sensorialsunsets.com\\\/fr\\\/introduction-des-premiers-groupes-humains-sur-le-territoire-actuel-du-costa-rica-12-000-1000-av-j-c\\\/#primaryimage\"},\"image\":{\"@id\":\"https:\\\/\\\/www.sensorialsunsets.com\\\/fr\\\/introduction-des-premiers-groupes-humains-sur-le-territoire-actuel-du-costa-rica-12-000-1000-av-j-c\\\/#primaryimage\"},\"thumbnailUrl\":\"https:\\\/\\\/www.sensorialsunsets.com\\\/wp-content\\\/uploads\\\/2023\\\/01\\\/leon-overweel-iYajrYkW0Vw-unsplash-1-scaled.jpg\",\"datePublished\":\"2023-01-04T21:14:10+00:00\",\"dateModified\":\"2023-01-04T21:14:11+00:00\",\"description\":\"D'o\u00f9 viennent-ils et quand sont-ils arriv\u00e9s ? Apprenez-en un peu plus sur les premiers colons de l'actuel territoire du Costa Rica dans cet article.\",\"inLanguage\":\"fr-FR\",\"potentialAction\":[{\"@type\":\"ReadAction\",\"target\":[\"https:\\\/\\\/www.sensorialsunsets.com\\\/fr\\\/introduction-des-premiers-groupes-humains-sur-le-territoire-actuel-du-costa-rica-12-000-1000-av-j-c\\\/\"]}]},{\"@type\":\"ImageObject\",\"inLanguage\":\"fr-FR\",\"@id\":\"https:\\\/\\\/www.sensorialsunsets.com\\\/fr\\\/introduction-des-premiers-groupes-humains-sur-le-territoire-actuel-du-costa-rica-12-000-1000-av-j-c\\\/#primaryimage\",\"url\":\"https:\\\/\\\/www.sensorialsunsets.com\\\/wp-content\\\/uploads\\\/2023\\\/01\\\/leon-overweel-iYajrYkW0Vw-unsplash-1-scaled.jpg\",\"contentUrl\":\"https:\\\/\\\/www.sensorialsunsets.com\\\/wp-content\\\/uploads\\\/2023\\\/01\\\/leon-overweel-iYajrYkW0Vw-unsplash-1-scaled.jpg\",\"width\":2560,\"height\":1707},{\"@type\":\"WebSite\",\"@id\":\"https:\\\/\\\/www.sensorialsunsets.com\\\/fr\\\/#website\",\"url\":\"https:\\\/\\\/www.sensorialsunsets.com\\\/fr\\\/\",\"name\":\"SensorialSunsets.com\",\"description\":\"D\u00e9couvrez la culture et la soci\u00e9t\u00e9 du Costa Rica sur notre blog. Explorez des articles captivants et partagez le contenu.\",\"publisher\":{\"@id\":\"https:\\\/\\\/www.sensorialsunsets.com\\\/fr\\\/#organization\"},\"alternateName\":\"Costa Rica Live Blog\",\"potentialAction\":[{\"@type\":\"SearchAction\",\"target\":{\"@type\":\"EntryPoint\",\"urlTemplate\":\"https:\\\/\\\/www.sensorialsunsets.com\\\/fr\\\/?s={search_term_string}\"},\"query-input\":{\"@type\":\"PropertyValueSpecification\",\"valueRequired\":true,\"valueName\":\"search_term_string\"}}],\"inLanguage\":\"fr-FR\"},{\"@type\":\"Organization\",\"@id\":\"https:\\\/\\\/www.sensorialsunsets.com\\\/fr\\\/#organization\",\"name\":\"SensorialSunsets\",\"url\":\"https:\\\/\\\/www.sensorialsunsets.com\\\/fr\\\/\",\"logo\":{\"@type\":\"ImageObject\",\"inLanguage\":\"fr-FR\",\"@id\":\"https:\\\/\\\/www.sensorialsunsets.com\\\/fr\\\/#\\\/schema\\\/logo\\\/image\\\/\",\"url\":\"https:\\\/\\\/www.sensorialsunsets.com\\\/wp-content\\\/uploads\\\/2023\\\/04\\\/Logo_base_line_fond_clair.svg\",\"contentUrl\":\"https:\\\/\\\/www.sensorialsunsets.com\\\/wp-content\\\/uploads\\\/2023\\\/04\\\/Logo_base_line_fond_clair.svg\",\"width\":\"1024\",\"height\":\"1024\",\"caption\":\"SensorialSunsets\"},\"image\":{\"@id\":\"https:\\\/\\\/www.sensorialsunsets.com\\\/fr\\\/#\\\/schema\\\/logo\\\/image\\\/\"},\"sameAs\":[\"https:\\\/\\\/www.facebook.com\\\/Sensorial-Sunsets-109180614715562\",\"https:\\\/\\\/www.instagram.com\\\/sensorialsunsets\\\/\"]},{\"@type\":\"Person\",\"@id\":\"https:\\\/\\\/www.sensorialsunsets.com\\\/fr\\\/#\\\/schema\\\/person\\\/77e2fa594135aa94024c47e281d8a94d\",\"name\":\"Sensorial Sunsets\",\"image\":{\"@type\":\"ImageObject\",\"inLanguage\":\"fr-FR\",\"@id\":\"https:\\\/\\\/secure.gravatar.com\\\/avatar\\\/5f2d62681b1dad94c28f1500d4fc75582acdfd32b55fd1acce0a36a3c487eabe?s=96&d=mm&r=g\",\"url\":\"https:\\\/\\\/secure.gravatar.com\\\/avatar\\\/5f2d62681b1dad94c28f1500d4fc75582acdfd32b55fd1acce0a36a3c487eabe?s=96&d=mm&r=g\",\"contentUrl\":\"https:\\\/\\\/secure.gravatar.com\\\/avatar\\\/5f2d62681b1dad94c28f1500d4fc75582acdfd32b55fd1acce0a36a3c487eabe?s=96&d=mm&r=g\",\"caption\":\"Sensorial Sunsets\"},\"url\":\"https:\\\/\\\/www.sensorialsunsets.com\\\/fr\\\/author\\\/asistentes-sensorial-sunsets\\\/\"}]}<\/script>\n<!-- \/ Yoast SEO plugin. -->","yoast_head_json":{"title":"Introduction des premiers groupes humains sur le territoire actuel du Costa Rica (12 000-1000 av. J.-C.) - SensorialSunsets","description":"D'o\u00f9 viennent-ils et quand sont-ils arriv\u00e9s ? Apprenez-en un peu plus sur les premiers colons de l'actuel territoire du Costa Rica dans cet article.","robots":{"index":"index","follow":"follow","max-snippet":"max-snippet:-1","max-image-preview":"max-image-preview:large","max-video-preview":"max-video-preview:-1"},"canonical":"https:\/\/www.sensorialsunsets.com\/fr\/introduction-des-premiers-groupes-humains-sur-le-territoire-actuel-du-costa-rica-12-000-1000-av-j-c\/","og_locale":"fr_FR","og_type":"article","og_title":"Introduction des premiers groupes humains sur le territoire actuel du Costa Rica (12 000-1000 av. J.-C.) - SensorialSunsets","og_description":"D'o\u00f9 viennent-ils et quand sont-ils arriv\u00e9s ? Apprenez-en un peu plus sur les premiers colons de l'actuel territoire du Costa Rica dans cet article.","og_url":"https:\/\/www.sensorialsunsets.com\/fr\/introduction-des-premiers-groupes-humains-sur-le-territoire-actuel-du-costa-rica-12-000-1000-av-j-c\/","og_site_name":"SensorialSunsets","article_publisher":"https:\/\/www.facebook.com\/Sensorial-Sunsets-109180614715562","article_published_time":"2023-01-04T21:14:10+00:00","article_modified_time":"2023-01-04T21:14:11+00:00","og_image":[{"width":2560,"height":1707,"url":"https:\/\/www.sensorialsunsets.com\/wp-content\/uploads\/2023\/01\/leon-overweel-iYajrYkW0Vw-unsplash-1-scaled.jpg","type":"image\/jpeg"}],"author":"Sensorial Sunsets","twitter_card":"summary_large_image","twitter_misc":{"\u00c9crit par":"Sensorial Sunsets","Dur\u00e9e de lecture estim\u00e9e":"9 minutes"},"schema":{"@context":"https:\/\/schema.org","@graph":[{"@type":"Article","@id":"https:\/\/www.sensorialsunsets.com\/fr\/introduction-des-premiers-groupes-humains-sur-le-territoire-actuel-du-costa-rica-12-000-1000-av-j-c\/#article","isPartOf":{"@id":"https:\/\/www.sensorialsunsets.com\/fr\/introduction-des-premiers-groupes-humains-sur-le-territoire-actuel-du-costa-rica-12-000-1000-av-j-c\/"},"author":{"name":"Sensorial Sunsets","@id":"https:\/\/www.sensorialsunsets.com\/fr\/#\/schema\/person\/77e2fa594135aa94024c47e281d8a94d"},"headline":"Introduction des premiers groupes humains sur le territoire actuel du Costa Rica (12 000-1000 av. J.-C.)","datePublished":"2023-01-04T21:14:10+00:00","dateModified":"2023-01-04T21:14:11+00:00","mainEntityOfPage":{"@id":"https:\/\/www.sensorialsunsets.com\/fr\/introduction-des-premiers-groupes-humains-sur-le-territoire-actuel-du-costa-rica-12-000-1000-av-j-c\/"},"wordCount":1983,"publisher":{"@id":"https:\/\/www.sensorialsunsets.com\/fr\/#organization"},"image":{"@id":"https:\/\/www.sensorialsunsets.com\/fr\/introduction-des-premiers-groupes-humains-sur-le-territoire-actuel-du-costa-rica-12-000-1000-av-j-c\/#primaryimage"},"thumbnailUrl":"https:\/\/www.sensorialsunsets.com\/wp-content\/uploads\/2023\/01\/leon-overweel-iYajrYkW0Vw-unsplash-1-scaled.jpg","articleSection":["Histoire"],"inLanguage":"fr-FR"},{"@type":"WebPage","@id":"https:\/\/www.sensorialsunsets.com\/fr\/introduction-des-premiers-groupes-humains-sur-le-territoire-actuel-du-costa-rica-12-000-1000-av-j-c\/","url":"https:\/\/www.sensorialsunsets.com\/fr\/introduction-des-premiers-groupes-humains-sur-le-territoire-actuel-du-costa-rica-12-000-1000-av-j-c\/","name":"Introduction des premiers groupes humains sur le territoire actuel du Costa Rica (12 000-1000 av. J.-C.) - SensorialSunsets","isPartOf":{"@id":"https:\/\/www.sensorialsunsets.com\/fr\/#website"},"primaryImageOfPage":{"@id":"https:\/\/www.sensorialsunsets.com\/fr\/introduction-des-premiers-groupes-humains-sur-le-territoire-actuel-du-costa-rica-12-000-1000-av-j-c\/#primaryimage"},"image":{"@id":"https:\/\/www.sensorialsunsets.com\/fr\/introduction-des-premiers-groupes-humains-sur-le-territoire-actuel-du-costa-rica-12-000-1000-av-j-c\/#primaryimage"},"thumbnailUrl":"https:\/\/www.sensorialsunsets.com\/wp-content\/uploads\/2023\/01\/leon-overweel-iYajrYkW0Vw-unsplash-1-scaled.jpg","datePublished":"2023-01-04T21:14:10+00:00","dateModified":"2023-01-04T21:14:11+00:00","description":"D'o\u00f9 viennent-ils et quand sont-ils arriv\u00e9s ? Apprenez-en un peu plus sur les premiers colons de l'actuel territoire du Costa Rica dans cet article.","inLanguage":"fr-FR","potentialAction":[{"@type":"ReadAction","target":["https:\/\/www.sensorialsunsets.com\/fr\/introduction-des-premiers-groupes-humains-sur-le-territoire-actuel-du-costa-rica-12-000-1000-av-j-c\/"]}]},{"@type":"ImageObject","inLanguage":"fr-FR","@id":"https:\/\/www.sensorialsunsets.com\/fr\/introduction-des-premiers-groupes-humains-sur-le-territoire-actuel-du-costa-rica-12-000-1000-av-j-c\/#primaryimage","url":"https:\/\/www.sensorialsunsets.com\/wp-content\/uploads\/2023\/01\/leon-overweel-iYajrYkW0Vw-unsplash-1-scaled.jpg","contentUrl":"https:\/\/www.sensorialsunsets.com\/wp-content\/uploads\/2023\/01\/leon-overweel-iYajrYkW0Vw-unsplash-1-scaled.jpg","width":2560,"height":1707},{"@type":"WebSite","@id":"https:\/\/www.sensorialsunsets.com\/fr\/#website","url":"https:\/\/www.sensorialsunsets.com\/fr\/","name":"SensorialSunsets.com","description":"D\u00e9couvrez la culture et la soci\u00e9t\u00e9 du Costa Rica sur notre blog. Explorez des articles captivants et partagez le contenu.","publisher":{"@id":"https:\/\/www.sensorialsunsets.com\/fr\/#organization"},"alternateName":"Costa Rica Live Blog","potentialAction":[{"@type":"SearchAction","target":{"@type":"EntryPoint","urlTemplate":"https:\/\/www.sensorialsunsets.com\/fr\/?s={search_term_string}"},"query-input":{"@type":"PropertyValueSpecification","valueRequired":true,"valueName":"search_term_string"}}],"inLanguage":"fr-FR"},{"@type":"Organization","@id":"https:\/\/www.sensorialsunsets.com\/fr\/#organization","name":"SensorialSunsets","url":"https:\/\/www.sensorialsunsets.com\/fr\/","logo":{"@type":"ImageObject","inLanguage":"fr-FR","@id":"https:\/\/www.sensorialsunsets.com\/fr\/#\/schema\/logo\/image\/","url":"https:\/\/www.sensorialsunsets.com\/wp-content\/uploads\/2023\/04\/Logo_base_line_fond_clair.svg","contentUrl":"https:\/\/www.sensorialsunsets.com\/wp-content\/uploads\/2023\/04\/Logo_base_line_fond_clair.svg","width":"1024","height":"1024","caption":"SensorialSunsets"},"image":{"@id":"https:\/\/www.sensorialsunsets.com\/fr\/#\/schema\/logo\/image\/"},"sameAs":["https:\/\/www.facebook.com\/Sensorial-Sunsets-109180614715562","https:\/\/www.instagram.com\/sensorialsunsets\/"]},{"@type":"Person","@id":"https:\/\/www.sensorialsunsets.com\/fr\/#\/schema\/person\/77e2fa594135aa94024c47e281d8a94d","name":"Sensorial Sunsets","image":{"@type":"ImageObject","inLanguage":"fr-FR","@id":"https:\/\/secure.gravatar.com\/avatar\/5f2d62681b1dad94c28f1500d4fc75582acdfd32b55fd1acce0a36a3c487eabe?s=96&d=mm&r=g","url":"https:\/\/secure.gravatar.com\/avatar\/5f2d62681b1dad94c28f1500d4fc75582acdfd32b55fd1acce0a36a3c487eabe?s=96&d=mm&r=g","contentUrl":"https:\/\/secure.gravatar.com\/avatar\/5f2d62681b1dad94c28f1500d4fc75582acdfd32b55fd1acce0a36a3c487eabe?s=96&d=mm&r=g","caption":"Sensorial Sunsets"},"url":"https:\/\/www.sensorialsunsets.com\/fr\/author\/asistentes-sensorial-sunsets\/"}]}},"_links":{"self":[{"href":"https:\/\/www.sensorialsunsets.com\/fr\/wp-json\/wp\/v2\/posts\/4920","targetHints":{"allow":["GET"]}}],"collection":[{"href":"https:\/\/www.sensorialsunsets.com\/fr\/wp-json\/wp\/v2\/posts"}],"about":[{"href":"https:\/\/www.sensorialsunsets.com\/fr\/wp-json\/wp\/v2\/types\/post"}],"author":[{"embeddable":true,"href":"https:\/\/www.sensorialsunsets.com\/fr\/wp-json\/wp\/v2\/users\/4"}],"replies":[{"embeddable":true,"href":"https:\/\/www.sensorialsunsets.com\/fr\/wp-json\/wp\/v2\/comments?post=4920"}],"version-history":[{"count":0,"href":"https:\/\/www.sensorialsunsets.com\/fr\/wp-json\/wp\/v2\/posts\/4920\/revisions"}],"wp:featuredmedia":[{"embeddable":true,"href":"https:\/\/www.sensorialsunsets.com\/fr\/wp-json\/wp\/v2\/media\/4859"}],"wp:attachment":[{"href":"https:\/\/www.sensorialsunsets.com\/fr\/wp-json\/wp\/v2\/media?parent=4920"}],"wp:term":[{"taxonomy":"category","embeddable":true,"href":"https:\/\/www.sensorialsunsets.com\/fr\/wp-json\/wp\/v2\/categories?post=4920"},{"taxonomy":"post_tag","embeddable":true,"href":"https:\/\/www.sensorialsunsets.com\/fr\/wp-json\/wp\/v2\/tags?post=4920"}],"curies":[{"name":"wp","href":"https:\/\/api.w.org\/{rel}","templated":true}]}}