{"id":4946,"date":"2023-01-10T10:22:55","date_gmt":"2023-01-10T16:22:55","guid":{"rendered":"https:\/\/www.sensorialsunsets.com\/?p=4946"},"modified":"2023-01-10T10:22:56","modified_gmt":"2023-01-10T16:22:56","slug":"le-top-5-des-films-costariciens-dignes-dinteret","status":"publish","type":"post","link":"https:\/\/www.sensorialsunsets.com\/fr\/le-top-5-des-films-costariciens-dignes-dinteret\/","title":{"rendered":"Le top 5 des films costariciens dignes d&rsquo;int\u00e9r\u00eat"},"content":{"rendered":"\n<p>Bien que la production cin\u00e9matographique au Costa Rica soit rare, elle se d\u00e9veloppe et \u00e9volue. C&rsquo;est pourquoi nous vous proposons une liste de films auxquels nous pensons que vous devriez pr\u00eater attention pendant ces vacances de d\u00e9but d&rsquo;ann\u00e9e : <\/p>\n\n\n\n<p><strong>5. Violeta al fin (2017)<\/strong><\/p>\n\n\n\n<p>\u00c0 72 ans, Violeta vient de divorcer et vit seule dans la maison de son enfance. Lorsqu&rsquo;elle d\u00e9couvre que la banque veut lui prendre sa propri\u00e9t\u00e9, elle est pr\u00eate \u00e0 enfreindre toutes les r\u00e8gles pour d\u00e9fendre sa maison et son ind\u00e9pendance.<\/p>\n\n\n\n<p>Film r\u00e9alis\u00e9 par Hilda Hidalgo Xirinachs. Il s&rsquo;agit d&rsquo;une coproduction du Costa Rica et du Mexique par l&rsquo;interm\u00e9diaire de Cacerola Films et Producciones La Tiorba et a \u00e9t\u00e9 projet\u00e9 au 21e Festival du film de Malaga. <\/p>\n\n\n\n<figure class=\"wp-block-embed is-type-video is-provider-youtube wp-block-embed-youtube wp-embed-aspect-16-9 wp-has-aspect-ratio\"><div class=\"wp-block-embed__wrapper\">\n<iframe loading=\"lazy\" title=\"Violeta Al Fin - Trailer Oficial\" width=\"900\" height=\"506\" src=\"https:\/\/www.youtube.com\/embed\/kGqnATWRu5c?feature=oembed\" frameborder=\"0\" allow=\"accelerometer; autoplay; clipboard-write; encrypted-media; gyroscope; picture-in-picture; web-share\" allowfullscreen><\/iframe>\n<\/div><\/figure>\n\n\n\n<p><strong>4. Medea (2017)<\/strong><\/p>\n\n\n\n<p>R\u00e9alis\u00e9 par Alexandra Latishev Salazar, il a \u00e9t\u00e9 pr\u00e9s\u00e9lectionn\u00e9 pour le meilleur film en langue \u00e9trang\u00e8re lors de la 91e c\u00e9r\u00e9monie des Oscars.<\/p>\n\n\n\n<p>Il raconte l&rsquo;histoire de Mar\u00eda Jos\u00e9, 25 ans, qui joue au rugby et m\u00e8ne une vie intense, vivant une sexualit\u00e9 sans beaucoup de restrictions. Elle est \u00e0 un stade avanc\u00e9 de sa grossesse, mais elle est dans le d\u00e9ni et personne ne le sait.<\/p>\n\n\n\n<figure class=\"wp-block-embed is-type-video is-provider-youtube wp-block-embed-youtube wp-embed-aspect-16-9 wp-has-aspect-ratio\"><div class=\"wp-block-embed__wrapper\">\n<iframe loading=\"lazy\" title=\"Medea Trailer\" width=\"900\" height=\"506\" src=\"https:\/\/www.youtube.com\/embed\/uYzPCYaq9sE?start=28&#038;feature=oembed\" frameborder=\"0\" allow=\"accelerometer; autoplay; clipboard-write; encrypted-media; gyroscope; picture-in-picture; web-share\" allowfullscreen><\/iframe>\n<\/div><\/figure>\n\n\n\n<p><strong>3. De l&rsquo;amour et autres d\u00e9mons (2009)<\/strong><\/p>\n\n\n\n<p>Il a \u00e9t\u00e9 s\u00e9lectionn\u00e9 pour le meilleur film en langue \u00e9trang\u00e8re lors de la 83e c\u00e9r\u00e9monie des Oscars. Il est bas\u00e9 sur le roman du m\u00eame nom \u00e9crit par Gabriel Garc\u00eda M\u00e1rquez.<\/p>\n\n\n\n<figure class=\"wp-block-embed is-type-video is-provider-youtube wp-block-embed-youtube wp-embed-aspect-4-3 wp-has-aspect-ratio\"><div class=\"wp-block-embed__wrapper\">\n<iframe loading=\"lazy\" title=\"Trailer Del Amor y Otros Demonios\" width=\"900\" height=\"675\" src=\"https:\/\/www.youtube.com\/embed\/k_0SN7fPugs?start=61&#038;feature=oembed\" frameborder=\"0\" allow=\"accelerometer; autoplay; clipboard-write; encrypted-media; gyroscope; picture-in-picture; web-share\" allowfullscreen><\/iframe>\n<\/div><\/figure>\n\n\n\n<p><strong>2. I Have Electric Dreams (2022)<\/strong><\/p>\n\n\n\n<p>R\u00e9alis\u00e9 par Valentina Maurel et laur\u00e9at du Festival international du film de Saint-S\u00e9bastien.<\/p>\n\n\n\n<p>Eva ne supporte pas que sa m\u00e8re veuille r\u00e9nover la maison et se d\u00e9barrasser du chat qui, d\u00e9sorient\u00e9 depuis le divorce de ses parents, fait pipi partout. Elle veut partir et vivre avec son p\u00e8re, qui vit une seconde adolescence. Eva le suit alors qu&rsquo;il tente de renouer avec son d\u00e9sir de devenir artiste et de retrouver l&rsquo;amour. Mais, comme quelqu&rsquo;un qui traverse un oc\u00e9an d&rsquo;adultes sans savoir nager, Eva va aussi d\u00e9couvrir la rage qui la ronge, et qu&rsquo;elle a h\u00e9rit\u00e9e de lui sans le savoir.<\/p>\n\n\n\n<figure class=\"wp-block-embed is-type-video is-provider-youtube wp-block-embed-youtube wp-embed-aspect-16-9 wp-has-aspect-ratio\"><div class=\"wp-block-embed__wrapper\">\n<iframe loading=\"lazy\" title=\"Tengo sue\u00f1os el\u00e9ctricos || Trailer Oficial #1\" width=\"900\" height=\"506\" src=\"https:\/\/www.youtube.com\/embed\/SMHEpQcYz7M?feature=oembed\" frameborder=\"0\" allow=\"accelerometer; autoplay; clipboard-write; encrypted-media; gyroscope; picture-in-picture; web-share\" allowfullscreen><\/iframe>\n<\/div><\/figure>\n\n\n\n<p><strong>1. Domingo y la niebla (2022)<\/strong><\/p>\n\n\n\n<p>Il a \u00e9t\u00e9 pr\u00e9sent\u00e9 en premi\u00e8re mondiale lors de la 75e \u00e9dition du Festival international du film de Cannes, \u00e9tant le seul film costaricien et centram\u00e9ricain \u00e0 concourir pour le prix Un certain regard. Il a \u00e9galement \u00e9t\u00e9 s\u00e9lectionn\u00e9 comme meilleur film international lors de la 95e c\u00e9r\u00e9monie des Oscars.<\/p>\n\n\n\n<p>La maison de Domingo, dans les montagnes du Costa Rica, est sur le point d&rsquo;\u00eatre expropri\u00e9e en raison de la construction d&rsquo;une autoroute. Mais sa terre cache un secret : le fant\u00f4me de sa femme d\u00e9c\u00e9d\u00e9e lui rend visite dans le brouillard. Domingo est d\u00e9termin\u00e9 : il n&rsquo;abandonnera jamais ses terres, m\u00eame s&rsquo;il doit recourir \u00e0 la violence.<\/p>\n\n\n\n<figure class=\"wp-block-embed is-type-video is-provider-youtube wp-block-embed-youtube wp-embed-aspect-16-9 wp-has-aspect-ratio\"><div class=\"wp-block-embed__wrapper\">\n<iframe loading=\"lazy\" title=\"DOMINGO Y LA NIEBLA - Bande-annonce\" width=\"900\" height=\"506\" src=\"https:\/\/www.youtube.com\/embed\/Jng0W5boryY?feature=oembed\" frameborder=\"0\" allow=\"accelerometer; autoplay; clipboard-write; encrypted-media; gyroscope; picture-in-picture; web-share\" allowfullscreen><\/iframe>\n<\/div><\/figure>\n","protected":false},"excerpt":{"rendered":"<p>Bien que la production cin\u00e9matographique au Costa Rica soit rare, elle se d\u00e9veloppe et \u00e9volue. C&rsquo;est pourquoi nous vous proposons une liste de films auxquels nous pensons que vous devriez pr\u00eater attention pendant ces vacances de d\u00e9but d&rsquo;ann\u00e9e : 5. Violeta al fin (2017) \u00c0 72 ans, Violeta vient de divorcer et vit seule dans [&hellip;]<\/p>\n","protected":false},"author":4,"featured_media":4939,"comment_status":"closed","ping_status":"closed","sticky":false,"template":"","format":"standard","meta":{"_acf_changed":false,"inline_featured_image":false,"_monsterinsights_skip_tracking":false,"_monsterinsights_sitenote_active":false,"_monsterinsights_sitenote_note":"","_monsterinsights_sitenote_category":0,"footnotes":""},"categories":[104,1],"tags":[],"class_list":["post-4946","post","type-post","status-publish","format-standard","has-post-thumbnail","hentry","category-culture-fr","category-non-classifiee"],"acf":[],"yoast_head":"<!-- This site is optimized with the Yoast SEO plugin v27.4 - https:\/\/yoast.com\/product\/yoast-seo-wordpress\/ -->\n<title>Le top 5 des films costariciens dignes d&#039;int\u00e9r\u00eat - SensorialSunsets<\/title>\n<meta name=\"description\" content=\"Nous vous proposons un top 5 des films costariciens \u00e0 appr\u00e9cier en ce d\u00e9but d&#039;ann\u00e9e.\" \/>\n<meta name=\"robots\" content=\"index, follow, max-snippet:-1, max-image-preview:large, max-video-preview:-1\" \/>\n<link rel=\"canonical\" href=\"https:\/\/www.sensorialsunsets.com\/fr\/le-top-5-des-films-costariciens-dignes-dinteret\/\" \/>\n<meta property=\"og:locale\" content=\"fr_FR\" \/>\n<meta property=\"og:type\" content=\"article\" \/>\n<meta property=\"og:title\" content=\"Le top 5 des films costariciens dignes d&#039;int\u00e9r\u00eat - SensorialSunsets\" \/>\n<meta property=\"og:description\" content=\"Nous vous proposons un top 5 des films costariciens \u00e0 appr\u00e9cier en ce d\u00e9but d&#039;ann\u00e9e.\" \/>\n<meta property=\"og:url\" content=\"https:\/\/www.sensorialsunsets.com\/fr\/le-top-5-des-films-costariciens-dignes-dinteret\/\" \/>\n<meta property=\"og:site_name\" content=\"SensorialSunsets\" \/>\n<meta property=\"article:publisher\" content=\"https:\/\/www.facebook.com\/Sensorial-Sunsets-109180614715562\" \/>\n<meta property=\"article:published_time\" content=\"2023-01-10T16:22:55+00:00\" \/>\n<meta property=\"article:modified_time\" content=\"2023-01-10T16:22:56+00:00\" \/>\n<meta property=\"og:image\" content=\"https:\/\/www.sensorialsunsets.com\/wp-content\/uploads\/2023\/01\/kushagra-kevat-8cYwYgasSis-unsplash-scaled.jpg\" \/>\n\t<meta property=\"og:image:width\" content=\"2560\" \/>\n\t<meta property=\"og:image:height\" content=\"1440\" \/>\n\t<meta property=\"og:image:type\" content=\"image\/jpeg\" \/>\n<meta name=\"author\" content=\"Sensorial Sunsets\" \/>\n<meta name=\"twitter:card\" content=\"summary_large_image\" \/>\n<meta name=\"twitter:label1\" content=\"\u00c9crit par\" \/>\n\t<meta name=\"twitter:data1\" content=\"Sensorial Sunsets\" \/>\n\t<meta name=\"twitter:label2\" content=\"Dur\u00e9e de lecture estim\u00e9e\" \/>\n\t<meta name=\"twitter:data2\" content=\"3 minutes\" \/>\n<script type=\"application\/ld+json\" class=\"yoast-schema-graph\">{\"@context\":\"https:\\\/\\\/schema.org\",\"@graph\":[{\"@type\":\"Article\",\"@id\":\"https:\\\/\\\/www.sensorialsunsets.com\\\/fr\\\/le-top-5-des-films-costariciens-dignes-dinteret\\\/#article\",\"isPartOf\":{\"@id\":\"https:\\\/\\\/www.sensorialsunsets.com\\\/fr\\\/le-top-5-des-films-costariciens-dignes-dinteret\\\/\"},\"author\":{\"name\":\"Sensorial Sunsets\",\"@id\":\"https:\\\/\\\/www.sensorialsunsets.com\\\/fr\\\/#\\\/schema\\\/person\\\/77e2fa594135aa94024c47e281d8a94d\"},\"headline\":\"Le top 5 des films costariciens dignes d&rsquo;int\u00e9r\u00eat\",\"datePublished\":\"2023-01-10T16:22:55+00:00\",\"dateModified\":\"2023-01-10T16:22:56+00:00\",\"mainEntityOfPage\":{\"@id\":\"https:\\\/\\\/www.sensorialsunsets.com\\\/fr\\\/le-top-5-des-films-costariciens-dignes-dinteret\\\/\"},\"wordCount\":561,\"publisher\":{\"@id\":\"https:\\\/\\\/www.sensorialsunsets.com\\\/fr\\\/#organization\"},\"image\":{\"@id\":\"https:\\\/\\\/www.sensorialsunsets.com\\\/fr\\\/le-top-5-des-films-costariciens-dignes-dinteret\\\/#primaryimage\"},\"thumbnailUrl\":\"https:\\\/\\\/www.sensorialsunsets.com\\\/wp-content\\\/uploads\\\/2023\\\/01\\\/kushagra-kevat-8cYwYgasSis-unsplash-scaled.jpg\",\"articleSection\":[\"Culture\",\"Non classifi\u00e9(e)\"],\"inLanguage\":\"fr-FR\"},{\"@type\":\"WebPage\",\"@id\":\"https:\\\/\\\/www.sensorialsunsets.com\\\/fr\\\/le-top-5-des-films-costariciens-dignes-dinteret\\\/\",\"url\":\"https:\\\/\\\/www.sensorialsunsets.com\\\/fr\\\/le-top-5-des-films-costariciens-dignes-dinteret\\\/\",\"name\":\"Le top 5 des films costariciens dignes d'int\u00e9r\u00eat - SensorialSunsets\",\"isPartOf\":{\"@id\":\"https:\\\/\\\/www.sensorialsunsets.com\\\/fr\\\/#website\"},\"primaryImageOfPage\":{\"@id\":\"https:\\\/\\\/www.sensorialsunsets.com\\\/fr\\\/le-top-5-des-films-costariciens-dignes-dinteret\\\/#primaryimage\"},\"image\":{\"@id\":\"https:\\\/\\\/www.sensorialsunsets.com\\\/fr\\\/le-top-5-des-films-costariciens-dignes-dinteret\\\/#primaryimage\"},\"thumbnailUrl\":\"https:\\\/\\\/www.sensorialsunsets.com\\\/wp-content\\\/uploads\\\/2023\\\/01\\\/kushagra-kevat-8cYwYgasSis-unsplash-scaled.jpg\",\"datePublished\":\"2023-01-10T16:22:55+00:00\",\"dateModified\":\"2023-01-10T16:22:56+00:00\",\"description\":\"Nous vous proposons un top 5 des films costariciens \u00e0 appr\u00e9cier en ce d\u00e9but d'ann\u00e9e.\",\"inLanguage\":\"fr-FR\",\"potentialAction\":[{\"@type\":\"ReadAction\",\"target\":[\"https:\\\/\\\/www.sensorialsunsets.com\\\/fr\\\/le-top-5-des-films-costariciens-dignes-dinteret\\\/\"]}]},{\"@type\":\"ImageObject\",\"inLanguage\":\"fr-FR\",\"@id\":\"https:\\\/\\\/www.sensorialsunsets.com\\\/fr\\\/le-top-5-des-films-costariciens-dignes-dinteret\\\/#primaryimage\",\"url\":\"https:\\\/\\\/www.sensorialsunsets.com\\\/wp-content\\\/uploads\\\/2023\\\/01\\\/kushagra-kevat-8cYwYgasSis-unsplash-scaled.jpg\",\"contentUrl\":\"https:\\\/\\\/www.sensorialsunsets.com\\\/wp-content\\\/uploads\\\/2023\\\/01\\\/kushagra-kevat-8cYwYgasSis-unsplash-scaled.jpg\",\"width\":2560,\"height\":1440},{\"@type\":\"WebSite\",\"@id\":\"https:\\\/\\\/www.sensorialsunsets.com\\\/fr\\\/#website\",\"url\":\"https:\\\/\\\/www.sensorialsunsets.com\\\/fr\\\/\",\"name\":\"SensorialSunsets.com\",\"description\":\"D\u00e9couvrez la culture et la soci\u00e9t\u00e9 du Costa Rica sur notre blog. Explorez des articles captivants et partagez le contenu.\",\"publisher\":{\"@id\":\"https:\\\/\\\/www.sensorialsunsets.com\\\/fr\\\/#organization\"},\"alternateName\":\"Costa Rica Live Blog\",\"potentialAction\":[{\"@type\":\"SearchAction\",\"target\":{\"@type\":\"EntryPoint\",\"urlTemplate\":\"https:\\\/\\\/www.sensorialsunsets.com\\\/fr\\\/?s={search_term_string}\"},\"query-input\":{\"@type\":\"PropertyValueSpecification\",\"valueRequired\":true,\"valueName\":\"search_term_string\"}}],\"inLanguage\":\"fr-FR\"},{\"@type\":\"Organization\",\"@id\":\"https:\\\/\\\/www.sensorialsunsets.com\\\/fr\\\/#organization\",\"name\":\"SensorialSunsets\",\"url\":\"https:\\\/\\\/www.sensorialsunsets.com\\\/fr\\\/\",\"logo\":{\"@type\":\"ImageObject\",\"inLanguage\":\"fr-FR\",\"@id\":\"https:\\\/\\\/www.sensorialsunsets.com\\\/fr\\\/#\\\/schema\\\/logo\\\/image\\\/\",\"url\":\"https:\\\/\\\/www.sensorialsunsets.com\\\/wp-content\\\/uploads\\\/2023\\\/04\\\/Logo_base_line_fond_clair.svg\",\"contentUrl\":\"https:\\\/\\\/www.sensorialsunsets.com\\\/wp-content\\\/uploads\\\/2023\\\/04\\\/Logo_base_line_fond_clair.svg\",\"width\":\"1024\",\"height\":\"1024\",\"caption\":\"SensorialSunsets\"},\"image\":{\"@id\":\"https:\\\/\\\/www.sensorialsunsets.com\\\/fr\\\/#\\\/schema\\\/logo\\\/image\\\/\"},\"sameAs\":[\"https:\\\/\\\/www.facebook.com\\\/Sensorial-Sunsets-109180614715562\",\"https:\\\/\\\/www.instagram.com\\\/sensorialsunsets\\\/\"]},{\"@type\":\"Person\",\"@id\":\"https:\\\/\\\/www.sensorialsunsets.com\\\/fr\\\/#\\\/schema\\\/person\\\/77e2fa594135aa94024c47e281d8a94d\",\"name\":\"Sensorial Sunsets\",\"image\":{\"@type\":\"ImageObject\",\"inLanguage\":\"fr-FR\",\"@id\":\"https:\\\/\\\/secure.gravatar.com\\\/avatar\\\/5f2d62681b1dad94c28f1500d4fc75582acdfd32b55fd1acce0a36a3c487eabe?s=96&d=mm&r=g\",\"url\":\"https:\\\/\\\/secure.gravatar.com\\\/avatar\\\/5f2d62681b1dad94c28f1500d4fc75582acdfd32b55fd1acce0a36a3c487eabe?s=96&d=mm&r=g\",\"contentUrl\":\"https:\\\/\\\/secure.gravatar.com\\\/avatar\\\/5f2d62681b1dad94c28f1500d4fc75582acdfd32b55fd1acce0a36a3c487eabe?s=96&d=mm&r=g\",\"caption\":\"Sensorial Sunsets\"},\"url\":\"https:\\\/\\\/www.sensorialsunsets.com\\\/fr\\\/author\\\/asistentes-sensorial-sunsets\\\/\"}]}<\/script>\n<!-- \/ Yoast SEO plugin. -->","yoast_head_json":{"title":"Le top 5 des films costariciens dignes d'int\u00e9r\u00eat - SensorialSunsets","description":"Nous vous proposons un top 5 des films costariciens \u00e0 appr\u00e9cier en ce d\u00e9but d'ann\u00e9e.","robots":{"index":"index","follow":"follow","max-snippet":"max-snippet:-1","max-image-preview":"max-image-preview:large","max-video-preview":"max-video-preview:-1"},"canonical":"https:\/\/www.sensorialsunsets.com\/fr\/le-top-5-des-films-costariciens-dignes-dinteret\/","og_locale":"fr_FR","og_type":"article","og_title":"Le top 5 des films costariciens dignes d'int\u00e9r\u00eat - SensorialSunsets","og_description":"Nous vous proposons un top 5 des films costariciens \u00e0 appr\u00e9cier en ce d\u00e9but d'ann\u00e9e.","og_url":"https:\/\/www.sensorialsunsets.com\/fr\/le-top-5-des-films-costariciens-dignes-dinteret\/","og_site_name":"SensorialSunsets","article_publisher":"https:\/\/www.facebook.com\/Sensorial-Sunsets-109180614715562","article_published_time":"2023-01-10T16:22:55+00:00","article_modified_time":"2023-01-10T16:22:56+00:00","og_image":[{"width":2560,"height":1440,"url":"https:\/\/www.sensorialsunsets.com\/wp-content\/uploads\/2023\/01\/kushagra-kevat-8cYwYgasSis-unsplash-scaled.jpg","type":"image\/jpeg"}],"author":"Sensorial Sunsets","twitter_card":"summary_large_image","twitter_misc":{"\u00c9crit par":"Sensorial Sunsets","Dur\u00e9e de lecture estim\u00e9e":"3 minutes"},"schema":{"@context":"https:\/\/schema.org","@graph":[{"@type":"Article","@id":"https:\/\/www.sensorialsunsets.com\/fr\/le-top-5-des-films-costariciens-dignes-dinteret\/#article","isPartOf":{"@id":"https:\/\/www.sensorialsunsets.com\/fr\/le-top-5-des-films-costariciens-dignes-dinteret\/"},"author":{"name":"Sensorial Sunsets","@id":"https:\/\/www.sensorialsunsets.com\/fr\/#\/schema\/person\/77e2fa594135aa94024c47e281d8a94d"},"headline":"Le top 5 des films costariciens dignes d&rsquo;int\u00e9r\u00eat","datePublished":"2023-01-10T16:22:55+00:00","dateModified":"2023-01-10T16:22:56+00:00","mainEntityOfPage":{"@id":"https:\/\/www.sensorialsunsets.com\/fr\/le-top-5-des-films-costariciens-dignes-dinteret\/"},"wordCount":561,"publisher":{"@id":"https:\/\/www.sensorialsunsets.com\/fr\/#organization"},"image":{"@id":"https:\/\/www.sensorialsunsets.com\/fr\/le-top-5-des-films-costariciens-dignes-dinteret\/#primaryimage"},"thumbnailUrl":"https:\/\/www.sensorialsunsets.com\/wp-content\/uploads\/2023\/01\/kushagra-kevat-8cYwYgasSis-unsplash-scaled.jpg","articleSection":["Culture","Non classifi\u00e9(e)"],"inLanguage":"fr-FR"},{"@type":"WebPage","@id":"https:\/\/www.sensorialsunsets.com\/fr\/le-top-5-des-films-costariciens-dignes-dinteret\/","url":"https:\/\/www.sensorialsunsets.com\/fr\/le-top-5-des-films-costariciens-dignes-dinteret\/","name":"Le top 5 des films costariciens dignes d'int\u00e9r\u00eat - SensorialSunsets","isPartOf":{"@id":"https:\/\/www.sensorialsunsets.com\/fr\/#website"},"primaryImageOfPage":{"@id":"https:\/\/www.sensorialsunsets.com\/fr\/le-top-5-des-films-costariciens-dignes-dinteret\/#primaryimage"},"image":{"@id":"https:\/\/www.sensorialsunsets.com\/fr\/le-top-5-des-films-costariciens-dignes-dinteret\/#primaryimage"},"thumbnailUrl":"https:\/\/www.sensorialsunsets.com\/wp-content\/uploads\/2023\/01\/kushagra-kevat-8cYwYgasSis-unsplash-scaled.jpg","datePublished":"2023-01-10T16:22:55+00:00","dateModified":"2023-01-10T16:22:56+00:00","description":"Nous vous proposons un top 5 des films costariciens \u00e0 appr\u00e9cier en ce d\u00e9but d'ann\u00e9e.","inLanguage":"fr-FR","potentialAction":[{"@type":"ReadAction","target":["https:\/\/www.sensorialsunsets.com\/fr\/le-top-5-des-films-costariciens-dignes-dinteret\/"]}]},{"@type":"ImageObject","inLanguage":"fr-FR","@id":"https:\/\/www.sensorialsunsets.com\/fr\/le-top-5-des-films-costariciens-dignes-dinteret\/#primaryimage","url":"https:\/\/www.sensorialsunsets.com\/wp-content\/uploads\/2023\/01\/kushagra-kevat-8cYwYgasSis-unsplash-scaled.jpg","contentUrl":"https:\/\/www.sensorialsunsets.com\/wp-content\/uploads\/2023\/01\/kushagra-kevat-8cYwYgasSis-unsplash-scaled.jpg","width":2560,"height":1440},{"@type":"WebSite","@id":"https:\/\/www.sensorialsunsets.com\/fr\/#website","url":"https:\/\/www.sensorialsunsets.com\/fr\/","name":"SensorialSunsets.com","description":"D\u00e9couvrez la culture et la soci\u00e9t\u00e9 du Costa Rica sur notre blog. Explorez des articles captivants et partagez le contenu.","publisher":{"@id":"https:\/\/www.sensorialsunsets.com\/fr\/#organization"},"alternateName":"Costa Rica Live Blog","potentialAction":[{"@type":"SearchAction","target":{"@type":"EntryPoint","urlTemplate":"https:\/\/www.sensorialsunsets.com\/fr\/?s={search_term_string}"},"query-input":{"@type":"PropertyValueSpecification","valueRequired":true,"valueName":"search_term_string"}}],"inLanguage":"fr-FR"},{"@type":"Organization","@id":"https:\/\/www.sensorialsunsets.com\/fr\/#organization","name":"SensorialSunsets","url":"https:\/\/www.sensorialsunsets.com\/fr\/","logo":{"@type":"ImageObject","inLanguage":"fr-FR","@id":"https:\/\/www.sensorialsunsets.com\/fr\/#\/schema\/logo\/image\/","url":"https:\/\/www.sensorialsunsets.com\/wp-content\/uploads\/2023\/04\/Logo_base_line_fond_clair.svg","contentUrl":"https:\/\/www.sensorialsunsets.com\/wp-content\/uploads\/2023\/04\/Logo_base_line_fond_clair.svg","width":"1024","height":"1024","caption":"SensorialSunsets"},"image":{"@id":"https:\/\/www.sensorialsunsets.com\/fr\/#\/schema\/logo\/image\/"},"sameAs":["https:\/\/www.facebook.com\/Sensorial-Sunsets-109180614715562","https:\/\/www.instagram.com\/sensorialsunsets\/"]},{"@type":"Person","@id":"https:\/\/www.sensorialsunsets.com\/fr\/#\/schema\/person\/77e2fa594135aa94024c47e281d8a94d","name":"Sensorial Sunsets","image":{"@type":"ImageObject","inLanguage":"fr-FR","@id":"https:\/\/secure.gravatar.com\/avatar\/5f2d62681b1dad94c28f1500d4fc75582acdfd32b55fd1acce0a36a3c487eabe?s=96&d=mm&r=g","url":"https:\/\/secure.gravatar.com\/avatar\/5f2d62681b1dad94c28f1500d4fc75582acdfd32b55fd1acce0a36a3c487eabe?s=96&d=mm&r=g","contentUrl":"https:\/\/secure.gravatar.com\/avatar\/5f2d62681b1dad94c28f1500d4fc75582acdfd32b55fd1acce0a36a3c487eabe?s=96&d=mm&r=g","caption":"Sensorial Sunsets"},"url":"https:\/\/www.sensorialsunsets.com\/fr\/author\/asistentes-sensorial-sunsets\/"}]}},"_links":{"self":[{"href":"https:\/\/www.sensorialsunsets.com\/fr\/wp-json\/wp\/v2\/posts\/4946","targetHints":{"allow":["GET"]}}],"collection":[{"href":"https:\/\/www.sensorialsunsets.com\/fr\/wp-json\/wp\/v2\/posts"}],"about":[{"href":"https:\/\/www.sensorialsunsets.com\/fr\/wp-json\/wp\/v2\/types\/post"}],"author":[{"embeddable":true,"href":"https:\/\/www.sensorialsunsets.com\/fr\/wp-json\/wp\/v2\/users\/4"}],"replies":[{"embeddable":true,"href":"https:\/\/www.sensorialsunsets.com\/fr\/wp-json\/wp\/v2\/comments?post=4946"}],"version-history":[{"count":0,"href":"https:\/\/www.sensorialsunsets.com\/fr\/wp-json\/wp\/v2\/posts\/4946\/revisions"}],"wp:featuredmedia":[{"embeddable":true,"href":"https:\/\/www.sensorialsunsets.com\/fr\/wp-json\/wp\/v2\/media\/4939"}],"wp:attachment":[{"href":"https:\/\/www.sensorialsunsets.com\/fr\/wp-json\/wp\/v2\/media?parent=4946"}],"wp:term":[{"taxonomy":"category","embeddable":true,"href":"https:\/\/www.sensorialsunsets.com\/fr\/wp-json\/wp\/v2\/categories?post=4946"},{"taxonomy":"post_tag","embeddable":true,"href":"https:\/\/www.sensorialsunsets.com\/fr\/wp-json\/wp\/v2\/tags?post=4946"}],"curies":[{"name":"wp","href":"https:\/\/api.w.org\/{rel}","templated":true}]}}