{"id":5014,"date":"2023-01-10T15:48:46","date_gmt":"2023-01-10T21:48:46","guid":{"rendered":"https:\/\/www.sensorialsunsets.com\/?p=5014"},"modified":"2023-01-10T15:49:15","modified_gmt":"2023-01-10T21:49:15","slug":"foire-verte","status":"publish","type":"post","link":"https:\/\/www.sensorialsunsets.com\/fr\/foire-verte\/","title":{"rendered":"<strong>Foire Verte<\/strong>"},"content":{"rendered":"\n<p>Le Costa Rica compte de nombreux march\u00e9s agricoles.<\/p>\n\n<p>C&rsquo;est-\u00e0-dire que des dizaines de villages partout au pays ont des march\u00e9s de week-end ou des foires agricoles. De cette fa\u00e7on, les agriculteurs vendent des fruits et l\u00e9gumes frais \u00e0 un prix raisonnable. Il s&rsquo;agit d&rsquo;une mani\u00e8re traditionnelle d&rsquo;acheter au Costa Rica.&#13;\n<\/p>\n\n<h2 class=\"wp-block-heading\"><strong>Foire Verte est une communaut\u00e9&#13;\n<\/strong><\/h2>\n\n<p>La Foire Verte est organis\u00e9e par l\u2019Association des Amateurs de l\u2019Organique (AAMOR) et a commenc\u00e9 au Centre Sportif dans le Quartier Aranjuez, juste \u00e0 l\u2019est du centre-ville de San Jos\u00e9, en 2010. En 2015 a \u00e9t\u00e9 inaugur\u00e9e l\u2019\u00e9dition de Ciudad Col\u00f3n.&#13;\n<\/p>\n\n<p>Par ailleurs, elle est plus qu&rsquo;une destination unique pour les fruits et l\u00e9gumes et peut-\u00eatre un peu trop cher \u00e0 acheter chaque semaine. En fait, \u00e7a ressemble plus \u00e0 un \u00e9v\u00e9nement. Il offre des concerts, des chariots et des fournisseurs qui offrent tout, du fromage frais aux bijoux, savons naturels et pots personnalis\u00e9s.&#13;\n<\/p>\n\n<p>L\u2019objectif est de promouvoir la sant\u00e9, la durabilit\u00e9 et les soins \u00e0 long terme pour nos syst\u00e8mes alimentaires et nos communaut\u00e9s au Costa Rica. Le salon vise \u00e0 \u00eatre un point de rencontre inclusif, afin que les personnes de toutes origines puissent cr\u00e9er de nouvelles connexions et se d\u00e9velopper dans un environnement sain et amical. Un point de rencontre entre amis, producteurs et consommateurs.&#13;\n<\/p>\n<div class=\"wp-block-image\">\n<figure class=\"aligncenter size-large\"><img loading=\"lazy\" decoding=\"async\" width=\"1200\" height=\"675\" src=\"https:\/\/www.sensorialsunsets.com\/wp-content\/uploads\/2023\/01\/productos-agricolas-procesados-edited.jpg\" alt=\"\" class=\"wp-image-4985\" srcset=\"https:\/\/www.sensorialsunsets.com\/wp-content\/uploads\/2023\/01\/productos-agricolas-procesados-edited.jpg 1200w, https:\/\/www.sensorialsunsets.com\/wp-content\/uploads\/2023\/01\/productos-agricolas-procesados-edited-300x169.jpg 300w, https:\/\/www.sensorialsunsets.com\/wp-content\/uploads\/2023\/01\/productos-agricolas-procesados-edited-1024x576.jpg 1024w, https:\/\/www.sensorialsunsets.com\/wp-content\/uploads\/2023\/01\/productos-agricolas-procesados-edited-768x432.jpg 768w\" sizes=\"auto, (max-width: 1200px) 100vw, 1200px\" \/><figcaption class=\"wp-element-caption\">Image extraite de: www.facebook.com\/FeriaVerde<\/figcaption><\/figure>\n<\/div>\n<h2 class=\"wp-block-heading\"><strong>Produits agricoles frais et naturels \u00a0<\/strong><\/h2>\n\n<p>Tous les samedis au centre sportif d\u2019Aranjuez \u00e0 partir de 7h00 &#8211; 12h00 md. <\/p>\n\n<p>Ici, vous trouverez un menu vari\u00e9 pour le petit d\u00e9jeuner en compagnie de musique nationale et profiter des matins chauds d\u2019\u00e9t\u00e9. Chaque stand a \u00e9t\u00e9 soumis \u00e0 un processus de s\u00e9lection rigoureux. Ce processus comprend des visites sur les exploitations agricoles, des certificats de production biologique, des tests d\u2019aliments pr\u00e9par\u00e9s, entre autres exigences. Selon le type d\u2019offre pour assurer au consommateur que les achats effectu\u00e9s sont en effet des produits biologiques et d\u2019origine durable.&#13;\n<\/p>\n","protected":false},"excerpt":{"rendered":"<p>Le Costa Rica compte de nombreux march\u00e9s agricoles. C&rsquo;est-\u00e0-dire que des dizaines de villages partout au pays ont des march\u00e9s de week-end ou des foires agricoles. De cette fa\u00e7on, les agriculteurs vendent des fruits et l\u00e9gumes frais \u00e0 un prix raisonnable. Il s&rsquo;agit d&rsquo;une mani\u00e8re traditionnelle d&rsquo;acheter au Costa Rica.&#13; Foire Verte est une communaut\u00e9&#13; [&hellip;]<\/p>\n","protected":false},"author":4,"featured_media":4990,"comment_status":"closed","ping_status":"closed","sticky":false,"template":"","format":"standard","meta":{"_acf_changed":false,"inline_featured_image":false,"_monsterinsights_skip_tracking":false,"_monsterinsights_sitenote_active":false,"_monsterinsights_sitenote_note":"","_monsterinsights_sitenote_category":0,"footnotes":""},"categories":[100,104],"tags":[],"class_list":["post-5014","post","type-post","status-publish","format-standard","has-post-thumbnail","hentry","category-costa-rica-fr","category-culture-fr"],"acf":[],"yoast_head":"<!-- This site is optimized with the Yoast SEO plugin v27.4 - https:\/\/yoast.com\/product\/yoast-seo-wordpress\/ -->\n<title>Foire Verte - SensorialSunsets<\/title>\n<meta name=\"description\" content=\"Le Costa Rica compte de nombreux march\u00e9s agricoles. C&#039;est-\u00e0-dire que des dizaines de villages partout au pays ont des march\u00e9s de week-end ou des foires agricoles. De cette fa\u00e7on, les agriculteurs vendent des fruits et l\u00e9gumes frais \u00e0 un prix raisonnable. Il s&#039;agit d&#039;une mani\u00e8re traditionnelle d&#039;acheter au Costa Rica.\" \/>\n<meta name=\"robots\" content=\"index, follow, max-snippet:-1, max-image-preview:large, max-video-preview:-1\" \/>\n<link rel=\"canonical\" href=\"https:\/\/www.sensorialsunsets.com\/fr\/foire-verte\/\" \/>\n<meta property=\"og:locale\" content=\"fr_FR\" \/>\n<meta property=\"og:type\" content=\"article\" \/>\n<meta property=\"og:title\" content=\"Foire Verte - SensorialSunsets\" \/>\n<meta property=\"og:description\" content=\"Le Costa Rica compte de nombreux march\u00e9s agricoles. C&#039;est-\u00e0-dire que des dizaines de villages partout au pays ont des march\u00e9s de week-end ou des foires agricoles. De cette fa\u00e7on, les agriculteurs vendent des fruits et l\u00e9gumes frais \u00e0 un prix raisonnable. Il s&#039;agit d&#039;une mani\u00e8re traditionnelle d&#039;acheter au Costa Rica.\" \/>\n<meta property=\"og:url\" content=\"https:\/\/www.sensorialsunsets.com\/fr\/foire-verte\/\" \/>\n<meta property=\"og:site_name\" content=\"SensorialSunsets\" \/>\n<meta property=\"article:publisher\" content=\"https:\/\/www.facebook.com\/Sensorial-Sunsets-109180614715562\" \/>\n<meta property=\"article:published_time\" content=\"2023-01-10T21:48:46+00:00\" \/>\n<meta property=\"article:modified_time\" content=\"2023-01-10T21:49:15+00:00\" \/>\n<meta property=\"og:image\" content=\"https:\/\/www.sensorialsunsets.com\/wp-content\/uploads\/2023\/01\/FV4.jpg\" \/>\n\t<meta property=\"og:image:width\" content=\"1500\" \/>\n\t<meta property=\"og:image:height\" content=\"1000\" \/>\n\t<meta property=\"og:image:type\" content=\"image\/jpeg\" \/>\n<meta name=\"author\" content=\"Sensorial Sunsets\" \/>\n<meta name=\"twitter:card\" content=\"summary_large_image\" \/>\n<meta name=\"twitter:label1\" content=\"\u00c9crit par\" \/>\n\t<meta name=\"twitter:data1\" content=\"Sensorial Sunsets\" \/>\n\t<meta name=\"twitter:label2\" content=\"Dur\u00e9e de lecture estim\u00e9e\" \/>\n\t<meta name=\"twitter:data2\" content=\"2 minutes\" \/>\n<script type=\"application\/ld+json\" class=\"yoast-schema-graph\">{\"@context\":\"https:\\\/\\\/schema.org\",\"@graph\":[{\"@type\":\"Article\",\"@id\":\"https:\\\/\\\/www.sensorialsunsets.com\\\/fr\\\/foire-verte\\\/#article\",\"isPartOf\":{\"@id\":\"https:\\\/\\\/www.sensorialsunsets.com\\\/fr\\\/foire-verte\\\/\"},\"author\":{\"name\":\"Sensorial Sunsets\",\"@id\":\"https:\\\/\\\/www.sensorialsunsets.com\\\/fr\\\/#\\\/schema\\\/person\\\/77e2fa594135aa94024c47e281d8a94d\"},\"headline\":\"Foire Verte\",\"datePublished\":\"2023-01-10T21:48:46+00:00\",\"dateModified\":\"2023-01-10T21:49:15+00:00\",\"mainEntityOfPage\":{\"@id\":\"https:\\\/\\\/www.sensorialsunsets.com\\\/fr\\\/foire-verte\\\/\"},\"wordCount\":342,\"publisher\":{\"@id\":\"https:\\\/\\\/www.sensorialsunsets.com\\\/fr\\\/#organization\"},\"image\":{\"@id\":\"https:\\\/\\\/www.sensorialsunsets.com\\\/fr\\\/foire-verte\\\/#primaryimage\"},\"thumbnailUrl\":\"https:\\\/\\\/www.sensorialsunsets.com\\\/wp-content\\\/uploads\\\/2023\\\/01\\\/FV4.jpg\",\"articleSection\":[\"Costa Rica\",\"Culture\"],\"inLanguage\":\"fr-FR\"},{\"@type\":\"WebPage\",\"@id\":\"https:\\\/\\\/www.sensorialsunsets.com\\\/fr\\\/foire-verte\\\/\",\"url\":\"https:\\\/\\\/www.sensorialsunsets.com\\\/fr\\\/foire-verte\\\/\",\"name\":\"Foire Verte - SensorialSunsets\",\"isPartOf\":{\"@id\":\"https:\\\/\\\/www.sensorialsunsets.com\\\/fr\\\/#website\"},\"primaryImageOfPage\":{\"@id\":\"https:\\\/\\\/www.sensorialsunsets.com\\\/fr\\\/foire-verte\\\/#primaryimage\"},\"image\":{\"@id\":\"https:\\\/\\\/www.sensorialsunsets.com\\\/fr\\\/foire-verte\\\/#primaryimage\"},\"thumbnailUrl\":\"https:\\\/\\\/www.sensorialsunsets.com\\\/wp-content\\\/uploads\\\/2023\\\/01\\\/FV4.jpg\",\"datePublished\":\"2023-01-10T21:48:46+00:00\",\"dateModified\":\"2023-01-10T21:49:15+00:00\",\"description\":\"Le Costa Rica compte de nombreux march\u00e9s agricoles. C'est-\u00e0-dire que des dizaines de villages partout au pays ont des march\u00e9s de week-end ou des foires agricoles. De cette fa\u00e7on, les agriculteurs vendent des fruits et l\u00e9gumes frais \u00e0 un prix raisonnable. Il s'agit d'une mani\u00e8re traditionnelle d'acheter au Costa Rica.\",\"inLanguage\":\"fr-FR\",\"potentialAction\":[{\"@type\":\"ReadAction\",\"target\":[\"https:\\\/\\\/www.sensorialsunsets.com\\\/fr\\\/foire-verte\\\/\"]}]},{\"@type\":\"ImageObject\",\"inLanguage\":\"fr-FR\",\"@id\":\"https:\\\/\\\/www.sensorialsunsets.com\\\/fr\\\/foire-verte\\\/#primaryimage\",\"url\":\"https:\\\/\\\/www.sensorialsunsets.com\\\/wp-content\\\/uploads\\\/2023\\\/01\\\/FV4.jpg\",\"contentUrl\":\"https:\\\/\\\/www.sensorialsunsets.com\\\/wp-content\\\/uploads\\\/2023\\\/01\\\/FV4.jpg\",\"width\":1500,\"height\":1000},{\"@type\":\"WebSite\",\"@id\":\"https:\\\/\\\/www.sensorialsunsets.com\\\/fr\\\/#website\",\"url\":\"https:\\\/\\\/www.sensorialsunsets.com\\\/fr\\\/\",\"name\":\"SensorialSunsets.com\",\"description\":\"D\u00e9couvrez la culture et la soci\u00e9t\u00e9 du Costa Rica sur notre blog. Explorez des articles captivants et partagez le contenu.\",\"publisher\":{\"@id\":\"https:\\\/\\\/www.sensorialsunsets.com\\\/fr\\\/#organization\"},\"alternateName\":\"Costa Rica Live Blog\",\"potentialAction\":[{\"@type\":\"SearchAction\",\"target\":{\"@type\":\"EntryPoint\",\"urlTemplate\":\"https:\\\/\\\/www.sensorialsunsets.com\\\/fr\\\/?s={search_term_string}\"},\"query-input\":{\"@type\":\"PropertyValueSpecification\",\"valueRequired\":true,\"valueName\":\"search_term_string\"}}],\"inLanguage\":\"fr-FR\"},{\"@type\":\"Organization\",\"@id\":\"https:\\\/\\\/www.sensorialsunsets.com\\\/fr\\\/#organization\",\"name\":\"SensorialSunsets\",\"url\":\"https:\\\/\\\/www.sensorialsunsets.com\\\/fr\\\/\",\"logo\":{\"@type\":\"ImageObject\",\"inLanguage\":\"fr-FR\",\"@id\":\"https:\\\/\\\/www.sensorialsunsets.com\\\/fr\\\/#\\\/schema\\\/logo\\\/image\\\/\",\"url\":\"https:\\\/\\\/www.sensorialsunsets.com\\\/wp-content\\\/uploads\\\/2023\\\/04\\\/Logo_base_line_fond_clair.svg\",\"contentUrl\":\"https:\\\/\\\/www.sensorialsunsets.com\\\/wp-content\\\/uploads\\\/2023\\\/04\\\/Logo_base_line_fond_clair.svg\",\"width\":\"1024\",\"height\":\"1024\",\"caption\":\"SensorialSunsets\"},\"image\":{\"@id\":\"https:\\\/\\\/www.sensorialsunsets.com\\\/fr\\\/#\\\/schema\\\/logo\\\/image\\\/\"},\"sameAs\":[\"https:\\\/\\\/www.facebook.com\\\/Sensorial-Sunsets-109180614715562\",\"https:\\\/\\\/www.instagram.com\\\/sensorialsunsets\\\/\"]},{\"@type\":\"Person\",\"@id\":\"https:\\\/\\\/www.sensorialsunsets.com\\\/fr\\\/#\\\/schema\\\/person\\\/77e2fa594135aa94024c47e281d8a94d\",\"name\":\"Sensorial Sunsets\",\"image\":{\"@type\":\"ImageObject\",\"inLanguage\":\"fr-FR\",\"@id\":\"https:\\\/\\\/secure.gravatar.com\\\/avatar\\\/5f2d62681b1dad94c28f1500d4fc75582acdfd32b55fd1acce0a36a3c487eabe?s=96&d=mm&r=g\",\"url\":\"https:\\\/\\\/secure.gravatar.com\\\/avatar\\\/5f2d62681b1dad94c28f1500d4fc75582acdfd32b55fd1acce0a36a3c487eabe?s=96&d=mm&r=g\",\"contentUrl\":\"https:\\\/\\\/secure.gravatar.com\\\/avatar\\\/5f2d62681b1dad94c28f1500d4fc75582acdfd32b55fd1acce0a36a3c487eabe?s=96&d=mm&r=g\",\"caption\":\"Sensorial Sunsets\"},\"url\":\"https:\\\/\\\/www.sensorialsunsets.com\\\/fr\\\/author\\\/asistentes-sensorial-sunsets\\\/\"}]}<\/script>\n<!-- \/ Yoast SEO plugin. -->","yoast_head_json":{"title":"Foire Verte - SensorialSunsets","description":"Le Costa Rica compte de nombreux march\u00e9s agricoles. C'est-\u00e0-dire que des dizaines de villages partout au pays ont des march\u00e9s de week-end ou des foires agricoles. De cette fa\u00e7on, les agriculteurs vendent des fruits et l\u00e9gumes frais \u00e0 un prix raisonnable. Il s'agit d'une mani\u00e8re traditionnelle d'acheter au Costa Rica.","robots":{"index":"index","follow":"follow","max-snippet":"max-snippet:-1","max-image-preview":"max-image-preview:large","max-video-preview":"max-video-preview:-1"},"canonical":"https:\/\/www.sensorialsunsets.com\/fr\/foire-verte\/","og_locale":"fr_FR","og_type":"article","og_title":"Foire Verte - SensorialSunsets","og_description":"Le Costa Rica compte de nombreux march\u00e9s agricoles. C'est-\u00e0-dire que des dizaines de villages partout au pays ont des march\u00e9s de week-end ou des foires agricoles. De cette fa\u00e7on, les agriculteurs vendent des fruits et l\u00e9gumes frais \u00e0 un prix raisonnable. Il s'agit d'une mani\u00e8re traditionnelle d'acheter au Costa Rica.","og_url":"https:\/\/www.sensorialsunsets.com\/fr\/foire-verte\/","og_site_name":"SensorialSunsets","article_publisher":"https:\/\/www.facebook.com\/Sensorial-Sunsets-109180614715562","article_published_time":"2023-01-10T21:48:46+00:00","article_modified_time":"2023-01-10T21:49:15+00:00","og_image":[{"width":1500,"height":1000,"url":"https:\/\/www.sensorialsunsets.com\/wp-content\/uploads\/2023\/01\/FV4.jpg","type":"image\/jpeg"}],"author":"Sensorial Sunsets","twitter_card":"summary_large_image","twitter_misc":{"\u00c9crit par":"Sensorial Sunsets","Dur\u00e9e de lecture estim\u00e9e":"2 minutes"},"schema":{"@context":"https:\/\/schema.org","@graph":[{"@type":"Article","@id":"https:\/\/www.sensorialsunsets.com\/fr\/foire-verte\/#article","isPartOf":{"@id":"https:\/\/www.sensorialsunsets.com\/fr\/foire-verte\/"},"author":{"name":"Sensorial Sunsets","@id":"https:\/\/www.sensorialsunsets.com\/fr\/#\/schema\/person\/77e2fa594135aa94024c47e281d8a94d"},"headline":"Foire Verte","datePublished":"2023-01-10T21:48:46+00:00","dateModified":"2023-01-10T21:49:15+00:00","mainEntityOfPage":{"@id":"https:\/\/www.sensorialsunsets.com\/fr\/foire-verte\/"},"wordCount":342,"publisher":{"@id":"https:\/\/www.sensorialsunsets.com\/fr\/#organization"},"image":{"@id":"https:\/\/www.sensorialsunsets.com\/fr\/foire-verte\/#primaryimage"},"thumbnailUrl":"https:\/\/www.sensorialsunsets.com\/wp-content\/uploads\/2023\/01\/FV4.jpg","articleSection":["Costa Rica","Culture"],"inLanguage":"fr-FR"},{"@type":"WebPage","@id":"https:\/\/www.sensorialsunsets.com\/fr\/foire-verte\/","url":"https:\/\/www.sensorialsunsets.com\/fr\/foire-verte\/","name":"Foire Verte - SensorialSunsets","isPartOf":{"@id":"https:\/\/www.sensorialsunsets.com\/fr\/#website"},"primaryImageOfPage":{"@id":"https:\/\/www.sensorialsunsets.com\/fr\/foire-verte\/#primaryimage"},"image":{"@id":"https:\/\/www.sensorialsunsets.com\/fr\/foire-verte\/#primaryimage"},"thumbnailUrl":"https:\/\/www.sensorialsunsets.com\/wp-content\/uploads\/2023\/01\/FV4.jpg","datePublished":"2023-01-10T21:48:46+00:00","dateModified":"2023-01-10T21:49:15+00:00","description":"Le Costa Rica compte de nombreux march\u00e9s agricoles. C'est-\u00e0-dire que des dizaines de villages partout au pays ont des march\u00e9s de week-end ou des foires agricoles. De cette fa\u00e7on, les agriculteurs vendent des fruits et l\u00e9gumes frais \u00e0 un prix raisonnable. Il s'agit d'une mani\u00e8re traditionnelle d'acheter au Costa Rica.","inLanguage":"fr-FR","potentialAction":[{"@type":"ReadAction","target":["https:\/\/www.sensorialsunsets.com\/fr\/foire-verte\/"]}]},{"@type":"ImageObject","inLanguage":"fr-FR","@id":"https:\/\/www.sensorialsunsets.com\/fr\/foire-verte\/#primaryimage","url":"https:\/\/www.sensorialsunsets.com\/wp-content\/uploads\/2023\/01\/FV4.jpg","contentUrl":"https:\/\/www.sensorialsunsets.com\/wp-content\/uploads\/2023\/01\/FV4.jpg","width":1500,"height":1000},{"@type":"WebSite","@id":"https:\/\/www.sensorialsunsets.com\/fr\/#website","url":"https:\/\/www.sensorialsunsets.com\/fr\/","name":"SensorialSunsets.com","description":"D\u00e9couvrez la culture et la soci\u00e9t\u00e9 du Costa Rica sur notre blog. Explorez des articles captivants et partagez le contenu.","publisher":{"@id":"https:\/\/www.sensorialsunsets.com\/fr\/#organization"},"alternateName":"Costa Rica Live Blog","potentialAction":[{"@type":"SearchAction","target":{"@type":"EntryPoint","urlTemplate":"https:\/\/www.sensorialsunsets.com\/fr\/?s={search_term_string}"},"query-input":{"@type":"PropertyValueSpecification","valueRequired":true,"valueName":"search_term_string"}}],"inLanguage":"fr-FR"},{"@type":"Organization","@id":"https:\/\/www.sensorialsunsets.com\/fr\/#organization","name":"SensorialSunsets","url":"https:\/\/www.sensorialsunsets.com\/fr\/","logo":{"@type":"ImageObject","inLanguage":"fr-FR","@id":"https:\/\/www.sensorialsunsets.com\/fr\/#\/schema\/logo\/image\/","url":"https:\/\/www.sensorialsunsets.com\/wp-content\/uploads\/2023\/04\/Logo_base_line_fond_clair.svg","contentUrl":"https:\/\/www.sensorialsunsets.com\/wp-content\/uploads\/2023\/04\/Logo_base_line_fond_clair.svg","width":"1024","height":"1024","caption":"SensorialSunsets"},"image":{"@id":"https:\/\/www.sensorialsunsets.com\/fr\/#\/schema\/logo\/image\/"},"sameAs":["https:\/\/www.facebook.com\/Sensorial-Sunsets-109180614715562","https:\/\/www.instagram.com\/sensorialsunsets\/"]},{"@type":"Person","@id":"https:\/\/www.sensorialsunsets.com\/fr\/#\/schema\/person\/77e2fa594135aa94024c47e281d8a94d","name":"Sensorial Sunsets","image":{"@type":"ImageObject","inLanguage":"fr-FR","@id":"https:\/\/secure.gravatar.com\/avatar\/5f2d62681b1dad94c28f1500d4fc75582acdfd32b55fd1acce0a36a3c487eabe?s=96&d=mm&r=g","url":"https:\/\/secure.gravatar.com\/avatar\/5f2d62681b1dad94c28f1500d4fc75582acdfd32b55fd1acce0a36a3c487eabe?s=96&d=mm&r=g","contentUrl":"https:\/\/secure.gravatar.com\/avatar\/5f2d62681b1dad94c28f1500d4fc75582acdfd32b55fd1acce0a36a3c487eabe?s=96&d=mm&r=g","caption":"Sensorial Sunsets"},"url":"https:\/\/www.sensorialsunsets.com\/fr\/author\/asistentes-sensorial-sunsets\/"}]}},"_links":{"self":[{"href":"https:\/\/www.sensorialsunsets.com\/fr\/wp-json\/wp\/v2\/posts\/5014","targetHints":{"allow":["GET"]}}],"collection":[{"href":"https:\/\/www.sensorialsunsets.com\/fr\/wp-json\/wp\/v2\/posts"}],"about":[{"href":"https:\/\/www.sensorialsunsets.com\/fr\/wp-json\/wp\/v2\/types\/post"}],"author":[{"embeddable":true,"href":"https:\/\/www.sensorialsunsets.com\/fr\/wp-json\/wp\/v2\/users\/4"}],"replies":[{"embeddable":true,"href":"https:\/\/www.sensorialsunsets.com\/fr\/wp-json\/wp\/v2\/comments?post=5014"}],"version-history":[{"count":0,"href":"https:\/\/www.sensorialsunsets.com\/fr\/wp-json\/wp\/v2\/posts\/5014\/revisions"}],"wp:featuredmedia":[{"embeddable":true,"href":"https:\/\/www.sensorialsunsets.com\/fr\/wp-json\/wp\/v2\/media\/4990"}],"wp:attachment":[{"href":"https:\/\/www.sensorialsunsets.com\/fr\/wp-json\/wp\/v2\/media?parent=5014"}],"wp:term":[{"taxonomy":"category","embeddable":true,"href":"https:\/\/www.sensorialsunsets.com\/fr\/wp-json\/wp\/v2\/categories?post=5014"},{"taxonomy":"post_tag","embeddable":true,"href":"https:\/\/www.sensorialsunsets.com\/fr\/wp-json\/wp\/v2\/tags?post=5014"}],"curies":[{"name":"wp","href":"https:\/\/api.w.org\/{rel}","templated":true}]}}