{"id":504,"date":"2021-08-23T18:10:35","date_gmt":"2021-08-23T18:10:35","guid":{"rendered":"https:\/\/www.sensorialsunsets.com\/?p=504"},"modified":"2022-05-03T20:55:22","modified_gmt":"2022-05-03T20:55:22","slug":"le-costa-rica-un-pont-gastronomique","status":"publish","type":"post","link":"https:\/\/www.sensorialsunsets.com\/fr\/le-costa-rica-un-pont-gastronomique\/","title":{"rendered":"Le Costa Rica, un pont gastronomique"},"content":{"rendered":"\n<p><strong>Position privil\u00e9gi\u00e9e.<\/strong> Avec une position g\u00e9ographique privil\u00e9gi\u00e9e, le Costa Rica est un pont biologique et culturel qui a permis, pendant des milliers d&rsquo;ann\u00e9es, le passage et la rencontre d&rsquo;esp\u00e8ces foresti\u00e8res et animales, ainsi que de cultures du nord et du sud du continent, en ajoutant, bien s\u00fbr, le choc des cultures qui s&rsquo;est produit en 1492.<\/p>\n\n\n\n<p><strong><\/strong>\u00ab\u00a0Bien que le pays soit petit et ne couvre que 0,03% de la surface de la plan\u00e8te, il a le privil\u00e8ge d&rsquo;\u00eatre l&rsquo;habitat de 5% de la biodiversit\u00e9 existante dans le monde. 25,58 % de son territoire est prot\u00e9g\u00e9 sous diverses formes de conservation\u00a0\u00bb, d\u00e9crit l&rsquo;Organisation des Nations unies pour l&rsquo;alimentation et l&rsquo;agriculture (FAO).<\/p>\n\n\n\n<p>Cela est synonyme d&rsquo;une grande vari\u00e9t\u00e9 d&rsquo;aliments. Allant des fruits et l\u00e9gumes aux viandes et fruits de mer. Il en r\u00e9sulte la pr\u00e9sence de quatre r\u00e9gions culinaires bien d\u00e9finies par leur g\u00e9ographie et leur d\u00e9veloppement culturel : 1- la Vall\u00e9e Centrale Occidentale et Orientale, 2- Guanacaste et la zone nord, 3- Puntarenas et 4- Lim\u00f3n.<\/p>\n\n\n\n<figure class=\"wp-block-image size-large\"><img loading=\"lazy\" decoding=\"async\" width=\"395\" height=\"1024\" src=\"https:\/\/www.sensorialsunsets.com\/wp-content\/uploads\/2021\/08\/puente-1-395x1024.jpg\" alt=\"\" class=\"wp-image-505\" srcset=\"https:\/\/www.sensorialsunsets.com\/wp-content\/uploads\/2021\/08\/puente-1-395x1024.jpg 395w, https:\/\/www.sensorialsunsets.com\/wp-content\/uploads\/2021\/08\/puente-1-116x300.jpg 116w, https:\/\/www.sensorialsunsets.com\/wp-content\/uploads\/2021\/08\/puente-1.jpg 425w\" sizes=\"auto, (max-width: 395px) 100vw, 395px\" \/><\/figure>\n\n\n\n<p><strong>Mosa\u00efque culturelle.<\/strong> L&rsquo;histoire du Costa Rica est marqu\u00e9e par l&rsquo;influence de diff\u00e9rents groupes culturels : des populations indig\u00e8nes appartenant \u00e0 la zone m\u00e9soam\u00e9ricaine et \u00e0 la zone interm\u00e9diaire, avec de fortes influences carib\u00e9ennes, et \u00e0 l&rsquo;arriv\u00e9e des Espagnols, qui ont \u00e0 leur tour apport\u00e9 des influences s\u00e9pharades et africaines.<\/p>\n\n\n\n<p>Ce m\u00e9tissage se refl\u00e9tait dans l&rsquo;alimentation : tant dans la vari\u00e9t\u00e9 des produits que dans leur \u00e9laboration. Les indig\u00e8nes utilisaient principalement le ma\u00efs, les haricots, les tubercules (pomme de terre, yucca, \u00f1amp\u00ed&#8230;) et les potirons ; tandis qu&rsquo;avec les Espagnols sont arriv\u00e9s le lait, la cr\u00e8me, le beurre, le fromage, le riz, le bl\u00e9, la canne \u00e0 sucre et de nouveaux animaux.<\/p>\n\n\n\n<figure class=\"wp-block-table\"><table><tbody><tr><td><strong><em>\u00ab\u00a0Bien que le pays soit petit et ne couvre que 0,03% de la surface de la plan\u00e8te, il a le privil\u00e8ge d&rsquo;\u00eatre l&rsquo;habitat de 5% de la biodiversit\u00e9 existante dans le monde. 25,58 % de son territoire est prot\u00e9g\u00e9 sous diverses formes de conservation\u00a0\u00bb, d\u00e9crit l&rsquo;Organisation des Nations unies pour l&rsquo;alimentation et l&rsquo;agriculture.<\/em><\/strong><\/td><\/tr><\/tbody><\/table><\/figure>\n\n\n\n<p>Plus tard, gr\u00e2ce \u00e0 la grande production de caf\u00e9 au milieu du XIXe si\u00e8cle, de nombreux immigrants sont arriv\u00e9s dans le pays au cours des 100 ann\u00e9es suivantes (Espagnols, Italiens, Syriens, Grecs, Libanais, Turcs, Fran\u00e7ais du Sud, Am\u00e9ricains, Jama\u00efcains, Arubains et Bahamiens, Allemands, Britanniques, Suisses et Polonais, Asiatiques et, dans une moindre mesure, Mexicains, Nicaraguayens, Panam\u00e9ens, Cubains, Colombiens, P\u00e9ruviens et Argentins), forgeant le multiculturalisme de la gastronomie costaricienne, qui s&rsquo;est diversifi\u00e9e depuis la pr\u00e9-colonisation.<\/p>\n\n\n\n<figure class=\"wp-block-image size-large\"><img loading=\"lazy\" decoding=\"async\" width=\"419\" height=\"559\" src=\"https:\/\/www.sensorialsunsets.com\/wp-content\/uploads\/2021\/08\/puente-2.jpg\" alt=\"\" class=\"wp-image-508\" srcset=\"https:\/\/www.sensorialsunsets.com\/wp-content\/uploads\/2021\/08\/puente-2.jpg 419w, https:\/\/www.sensorialsunsets.com\/wp-content\/uploads\/2021\/08\/puente-2-225x300.jpg 225w\" sizes=\"auto, (max-width: 419px) 100vw, 419px\" \/><\/figure>\n\n\n\n<p><strong>La gastronomie autochtone.<\/strong> Tout ce m\u00e9tissage a cr\u00e9\u00e9 une base commune \u00e0 tout le pays, compos\u00e9e principalement de pr\u00e9parations telles que le \u00ab&nbsp;gallo pinto&nbsp;\u00bb, le \u00ab&nbsp;casado&nbsp;\u00bb, les \u00ab&nbsp;picadillos&nbsp;\u00bb, la \u00ab&nbsp;olla de carne&nbsp;\u00bb, les \u00ab&nbsp;gallos&nbsp;\u00bb, les \u00ab&nbsp;empanadas&nbsp;\u00bb, les \u00ab&nbsp;tamales&nbsp;\u00bb, les fruits frais et le caf\u00e9.<\/p>\n\n\n\n<p>Bien s\u00fbr, chaque zone a ses propres caract\u00e9ristiques, principalement guid\u00e9es par la pr\u00e9sence de produits sp\u00e9cifiques et d&rsquo;influences culturelles. Les Cara\u00efbes, par exemple, se caract\u00e9risent par des saveurs fortes, avec des notes \u00e9pic\u00e9es et sucr\u00e9es, guid\u00e9es par la noix de coco, le gingembre, le piment panam\u00e9en, la banane, etc., formant le \u00ab&nbsp;rice &amp; beans&nbsp;\u00bb, la tarte \u00e0 la banane plantain, le \u00ab&nbsp;rond\u00f3n&nbsp;\u00bb, le \u00ab&nbsp;pat\u00ed&nbsp;\u00bb, entre autres.<\/p>\n\n\n\n<p>Par contre, dans le Guanacaste, vous avez le riz, le ma\u00efs, la viande, les ferments et le four en argile, avec des pr\u00e9parations telles que les \u00ab&nbsp;tanelas&nbsp;\u00bb, les \u00ab&nbsp;chichas&nbsp;\u00bb et le \u00ab&nbsp;pozol&nbsp;\u00bb.<\/p>\n\n\n\n<p>Puntarenas, en revanche, se distingue par sa fra\u00eecheur et son acidit\u00e9 : avec les \u00ab&nbsp;ceviches&nbsp;\u00bb, le \u00ab&nbsp;vigor\u00f3n&nbsp;\u00bb, le \u00ab&nbsp;churchill&nbsp;\u00bb.<\/p>\n\n\n\n<p><strong><\/strong>Au centre, enfin, on trouve les produits de saison comme le \u00ab&nbsp;pejibaye&nbsp;\u00bb, la fleur \u00ab&nbsp;d&rsquo;itabo&nbsp;\u00bb et le \u00ab&nbsp;chiverre&nbsp;\u00bb, qui s&rsquo;entrem\u00ealent avec le ma\u00efs, le riz, les haricots, les \u0153ufs, les viandes, les pommes de terre, etc. pour pr\u00e9aprer les \u00ab&nbsp;casados&nbsp;\u00bb, les \u00ab&nbsp;empanadas&nbsp;\u00bb, les \u00ab&nbsp;gallos&nbsp;\u00bb, les soupes, entre autres.<\/p>\n\n\n\n<p>Toute cette polyvalence nous am\u00e8ne au pr\u00e9sent.<\/p>\n\n\n\n<figure class=\"wp-block-image size-large\"><img loading=\"lazy\" decoding=\"async\" width=\"628\" height=\"784\" src=\"https:\/\/www.sensorialsunsets.com\/wp-content\/uploads\/2021\/08\/puente-3.jpg\" alt=\"\" class=\"wp-image-511\" srcset=\"https:\/\/www.sensorialsunsets.com\/wp-content\/uploads\/2021\/08\/puente-3.jpg 628w, https:\/\/www.sensorialsunsets.com\/wp-content\/uploads\/2021\/08\/puente-3-240x300.jpg 240w\" sizes=\"auto, (max-width: 628px) 100vw, 628px\" \/><\/figure>\n\n\n\n<p><strong><\/strong><strong>Cuisine contemporaine.<\/strong>&nbsp;<\/p>\n\n\n\n<p>Bien qu&rsquo;ayant, comme nous l&rsquo;avons d\u00e9j\u00e0 vu, un grand h\u00e9ritage culinaire, les restaurants de cuisine costaricienne ne sont pas nombreux. Mais ne confondons pas la nourriture typique dont nous avons parl\u00e9 plus haut (honor\u00e9e par les milliers de \u00ab&nbsp;sodas&nbsp;\u00bb et de restaurants typiques dans tout le pays) avec les restaurants qui cherchent \u00e0 r\u00e9interpr\u00e9ter, main dans la main avec les produits locaux, les traditions, en misant sur la cr\u00e9ativit\u00e9 et l&rsquo;exp\u00e9rience.<\/p>\n\n\n\n<p>Cependant, ces derni\u00e8res ann\u00e9es, des propositions int\u00e9ressantes ont vu le jour dans tout le pays. Joan Roca, l&rsquo;un des meilleurs chefs du monde, a d\u00e9clar\u00e9 en juillet 2020 que \u00ab\u00a0nous devons commencer \u00e0 penser avec une conscience plus durable. Recycler, r\u00e9utiliser, ne pas gaspiller autant de nourriture. Cela am\u00e8nera les gens \u00e0 faire des propositions authentiques, \u00e0 partir de leur culture, de leur terre, en valorisant ce qu&rsquo;ils ont. Et si tous les chefs commencent \u00e0 \u00eatre clairs \u00e0 ce sujet, ce sera une tendance : \u00eatre authentique et cuisiner ce qui est proche de soi. Diff\u00e9renciez-vous des autres en faisant votre propre truc, non seulement de votre r\u00e9gion, mais aussi de votre propre fa\u00e7on de comprendre votre cuisine\u00a0\u00bb.<\/p>\n\n\n\n<p>Au Costa Rica, peu \u00e0 peu, cette tendance se d\u00e9veloppe de plus en plus. De la main des restaurants et des fournisseurs et producteurs m\u00eames, qui cherchent \u00e0 g\u00e9n\u00e9rer des b\u00e9n\u00e9fices \u00e0 un niveau g\u00e9n\u00e9ral, avec une vision holistique, au-del\u00e0 du commercial. Ils cherchent \u00e0 ce que leur produit se distingue par ce qu&rsquo;il repr\u00e9sente, par les liens qu&rsquo;il a g\u00e9n\u00e9r\u00e9s et par le processus cr\u00e9atif qui a \u00e9t\u00e9 men\u00e9 \u00e0 bien pour donner le produit final.<\/p>\n\n\n\n<p>Il en r\u00e9sulte de meilleurs produits avec des processus plus sains, formant une synergie entre le cuisinier et le producteur, permettant une plus grande cr\u00e9ativit\u00e9 et int\u00e9gration.<\/p>\n\n\n\n<figure class=\"wp-block-table\"><table><tbody><tr><td><br><strong><em>\u00ab\u00a0Mais ne confondons pas la nourriture typique (&#8230;) avec les restaurants qui cherchent \u00e0 r\u00e9interpr\u00e9ter, main dans la main avec les produits locaux, les traditions, en misant sur la cr\u00e9ativit\u00e9 et l&rsquo;exp\u00e9rience.\u00a0\u00bb<\/em><\/strong><\/td><\/tr><\/tbody><\/table><\/figure>\n\n\n\n<p>Il est essentiel de comprendre le produit pour savoir comment l&rsquo;utiliser en cuisine. Par exemple, le \u00ab&nbsp;cas&nbsp;\u00bb, un fruit tr\u00e8s embl\u00e9matique de notre pays, caract\u00e9ristique pour \u00eatre rafra\u00eechissant, aigre et doux \u00e0 la fois, nous pouvons le comparer \u00e0 un citron et l&rsquo;introduire dans les \u00ab&nbsp;ceviches&nbsp;\u00bb, le m\u00e9langer avec des fruits de mer ou m\u00eame avec des prot\u00e9ines grasses comme le porc, faire un barbecue de \u00ab&nbsp;cas&nbsp;\u00bb, par exemple.<\/p>\n\n\n\n<p>Cette tendance est en train d&rsquo;\u00e9merger dans notre pays et nous sommes tous responsables de sa mont\u00e9e en puissance. Nous pouvons le faire en soutenant les petits producteurs, en visitant les entreprises locales et en encourageant ceux qui cherchent, dans ce cas \u00e0 travers la gastronomie, \u00e0 faire quelque chose de diff\u00e9rent, en mettant en valeur le produit national.<\/p>\n\n\n\n<p><strong><em>\u00c0 RETENIR<\/em><\/strong><\/p>\n\n\n\n<ul class=\"wp-block-list\"><li><em>Avec plus de 5 % de la biodiversit\u00e9 mondiale, le Costa Rica poss\u00e8de une grande vari\u00e9t\u00e9 d&rsquo;aliments.<\/em><\/li><li><em>Au Costa Rica, la tendance \u00e0 explorer de nouvelles recettes \u00e0 partir d&rsquo;ingr\u00e9dients traditionnels est en hausse.<\/em><\/li><li><em>Ne confondons pas la \u00ab\u00a0nourriture typique\u00a0\u00bb avec les restaurants qui cherchent \u00e0 r\u00e9interpr\u00e9ter la cuisine costaricienne.<\/em><\/li><\/ul>\n\n\n\n<p>&nbsp;<\/p>\n\n\n\n<p><strong>Fabi\u00e1n Romero Jara<\/strong><br><strong><em>Entrepreneur, administrateur et Chef cuisinier du Restaurant 11.47&nbsp;<\/em><\/strong><em><br><\/em><strong>IG <\/strong>: 11.47Aranjuez<\/p>\n","protected":false},"excerpt":{"rendered":"<p>Position privil\u00e9gi\u00e9e. Avec une position g\u00e9ographique privil\u00e9gi\u00e9e, le Costa Rica est un pont biologique et culturel qui a permis, pendant des milliers d&rsquo;ann\u00e9es, le passage et la rencontre d&rsquo;esp\u00e8ces foresti\u00e8res et animales, ainsi que de cultures du nord et du sud du continent, en ajoutant, bien s\u00fbr, le choc des cultures qui s&rsquo;est produit en [&hellip;]<\/p>\n","protected":false},"author":1,"featured_media":508,"comment_status":"closed","ping_status":"closed","sticky":false,"template":"","format":"standard","meta":{"_acf_changed":false,"inline_featured_image":false,"_monsterinsights_skip_tracking":false,"_monsterinsights_sitenote_active":false,"_monsterinsights_sitenote_note":"","_monsterinsights_sitenote_category":0,"footnotes":""},"categories":[28,27,26],"tags":[],"class_list":["post-504","post","type-post","status-publish","format-standard","has-post-thumbnail","hentry","category-costa-rica","category-culture","category-gastronomie"],"acf":[],"yoast_head":"<!-- This site is optimized with the Yoast SEO plugin v27.4 - https:\/\/yoast.com\/product\/yoast-seo-wordpress\/ -->\n<title>Le Costa Rica, un pont gastronomique - SensorialSunsets<\/title>\n<meta name=\"description\" content=\"Au Costa Rica, la tendance \u00e0 explorer de nouvelles recettes \u00e0 partir d&#039;ingr\u00e9dients traditionnels est en augmentation. Il y a de plus en plus de restaurants qui cherchent \u00e0 r\u00e9interpr\u00e9ter la cuisine costaricienne en utilisant des produits locaux et traditionnels pour cr\u00e9er de nouvelles recettes.\" \/>\n<meta name=\"robots\" content=\"index, follow, max-snippet:-1, max-image-preview:large, max-video-preview:-1\" \/>\n<link rel=\"canonical\" href=\"https:\/\/www.sensorialsunsets.com\/fr\/le-costa-rica-un-pont-gastronomique\/\" \/>\n<meta property=\"og:locale\" content=\"fr_FR\" \/>\n<meta property=\"og:type\" content=\"article\" \/>\n<meta property=\"og:title\" content=\"Le Costa Rica, un pont gastronomique - SensorialSunsets\" \/>\n<meta property=\"og:description\" content=\"Au Costa Rica, la tendance \u00e0 explorer de nouvelles recettes \u00e0 partir d&#039;ingr\u00e9dients traditionnels est en augmentation. Il y a de plus en plus de restaurants qui cherchent \u00e0 r\u00e9interpr\u00e9ter la cuisine costaricienne en utilisant des produits locaux et traditionnels pour cr\u00e9er de nouvelles recettes.\" \/>\n<meta property=\"og:url\" content=\"https:\/\/www.sensorialsunsets.com\/fr\/le-costa-rica-un-pont-gastronomique\/\" \/>\n<meta property=\"og:site_name\" content=\"SensorialSunsets\" \/>\n<meta property=\"article:publisher\" content=\"https:\/\/www.facebook.com\/Sensorial-Sunsets-109180614715562\" \/>\n<meta property=\"article:published_time\" content=\"2021-08-23T18:10:35+00:00\" \/>\n<meta property=\"article:modified_time\" content=\"2022-05-03T20:55:22+00:00\" \/>\n<meta property=\"og:image\" content=\"https:\/\/www.sensorialsunsets.com\/wp-content\/uploads\/2021\/08\/puente-2.jpg\" \/>\n\t<meta property=\"og:image:width\" content=\"419\" \/>\n\t<meta property=\"og:image:height\" content=\"559\" \/>\n\t<meta property=\"og:image:type\" content=\"image\/jpeg\" \/>\n<meta name=\"author\" content=\"admin\" \/>\n<meta name=\"twitter:card\" content=\"summary_large_image\" \/>\n<meta name=\"twitter:label1\" content=\"\u00c9crit par\" \/>\n\t<meta name=\"twitter:data1\" content=\"admin\" \/>\n\t<meta name=\"twitter:label2\" content=\"Dur\u00e9e de lecture estim\u00e9e\" \/>\n\t<meta name=\"twitter:data2\" content=\"6 minutes\" \/>\n<script type=\"application\/ld+json\" class=\"yoast-schema-graph\">{\"@context\":\"https:\\\/\\\/schema.org\",\"@graph\":[{\"@type\":\"Article\",\"@id\":\"https:\\\/\\\/www.sensorialsunsets.com\\\/fr\\\/le-costa-rica-un-pont-gastronomique\\\/#article\",\"isPartOf\":{\"@id\":\"https:\\\/\\\/www.sensorialsunsets.com\\\/fr\\\/le-costa-rica-un-pont-gastronomique\\\/\"},\"author\":{\"name\":\"admin\",\"@id\":\"https:\\\/\\\/www.sensorialsunsets.com\\\/fr\\\/#\\\/schema\\\/person\\\/738dbbb663091be189c03d8bf7f1707c\"},\"headline\":\"Le Costa Rica, un pont gastronomique\",\"datePublished\":\"2021-08-23T18:10:35+00:00\",\"dateModified\":\"2022-05-03T20:55:22+00:00\",\"mainEntityOfPage\":{\"@id\":\"https:\\\/\\\/www.sensorialsunsets.com\\\/fr\\\/le-costa-rica-un-pont-gastronomique\\\/\"},\"wordCount\":1319,\"publisher\":{\"@id\":\"https:\\\/\\\/www.sensorialsunsets.com\\\/fr\\\/#organization\"},\"image\":{\"@id\":\"https:\\\/\\\/www.sensorialsunsets.com\\\/fr\\\/le-costa-rica-un-pont-gastronomique\\\/#primaryimage\"},\"thumbnailUrl\":\"https:\\\/\\\/www.sensorialsunsets.com\\\/wp-content\\\/uploads\\\/2021\\\/08\\\/puente-2.jpg\",\"articleSection\":[\"Costa Rica\",\"Culture\",\"Gastronomie\"],\"inLanguage\":\"fr-FR\"},{\"@type\":\"WebPage\",\"@id\":\"https:\\\/\\\/www.sensorialsunsets.com\\\/fr\\\/le-costa-rica-un-pont-gastronomique\\\/\",\"url\":\"https:\\\/\\\/www.sensorialsunsets.com\\\/fr\\\/le-costa-rica-un-pont-gastronomique\\\/\",\"name\":\"Le Costa Rica, un pont gastronomique - SensorialSunsets\",\"isPartOf\":{\"@id\":\"https:\\\/\\\/www.sensorialsunsets.com\\\/fr\\\/#website\"},\"primaryImageOfPage\":{\"@id\":\"https:\\\/\\\/www.sensorialsunsets.com\\\/fr\\\/le-costa-rica-un-pont-gastronomique\\\/#primaryimage\"},\"image\":{\"@id\":\"https:\\\/\\\/www.sensorialsunsets.com\\\/fr\\\/le-costa-rica-un-pont-gastronomique\\\/#primaryimage\"},\"thumbnailUrl\":\"https:\\\/\\\/www.sensorialsunsets.com\\\/wp-content\\\/uploads\\\/2021\\\/08\\\/puente-2.jpg\",\"datePublished\":\"2021-08-23T18:10:35+00:00\",\"dateModified\":\"2022-05-03T20:55:22+00:00\",\"description\":\"Au Costa Rica, la tendance \u00e0 explorer de nouvelles recettes \u00e0 partir d'ingr\u00e9dients traditionnels est en augmentation. Il y a de plus en plus de restaurants qui cherchent \u00e0 r\u00e9interpr\u00e9ter la cuisine costaricienne en utilisant des produits locaux et traditionnels pour cr\u00e9er de nouvelles recettes.\",\"inLanguage\":\"fr-FR\",\"potentialAction\":[{\"@type\":\"ReadAction\",\"target\":[\"https:\\\/\\\/www.sensorialsunsets.com\\\/fr\\\/le-costa-rica-un-pont-gastronomique\\\/\"]}]},{\"@type\":\"ImageObject\",\"inLanguage\":\"fr-FR\",\"@id\":\"https:\\\/\\\/www.sensorialsunsets.com\\\/fr\\\/le-costa-rica-un-pont-gastronomique\\\/#primaryimage\",\"url\":\"https:\\\/\\\/www.sensorialsunsets.com\\\/wp-content\\\/uploads\\\/2021\\\/08\\\/puente-2.jpg\",\"contentUrl\":\"https:\\\/\\\/www.sensorialsunsets.com\\\/wp-content\\\/uploads\\\/2021\\\/08\\\/puente-2.jpg\",\"width\":419,\"height\":559},{\"@type\":\"WebSite\",\"@id\":\"https:\\\/\\\/www.sensorialsunsets.com\\\/fr\\\/#website\",\"url\":\"https:\\\/\\\/www.sensorialsunsets.com\\\/fr\\\/\",\"name\":\"SensorialSunsets.com\",\"description\":\"D\u00e9couvrez la culture et la soci\u00e9t\u00e9 du Costa Rica sur notre blog. Explorez des articles captivants et partagez le contenu.\",\"publisher\":{\"@id\":\"https:\\\/\\\/www.sensorialsunsets.com\\\/fr\\\/#organization\"},\"alternateName\":\"Costa Rica Live Blog\",\"potentialAction\":[{\"@type\":\"SearchAction\",\"target\":{\"@type\":\"EntryPoint\",\"urlTemplate\":\"https:\\\/\\\/www.sensorialsunsets.com\\\/fr\\\/?s={search_term_string}\"},\"query-input\":{\"@type\":\"PropertyValueSpecification\",\"valueRequired\":true,\"valueName\":\"search_term_string\"}}],\"inLanguage\":\"fr-FR\"},{\"@type\":\"Organization\",\"@id\":\"https:\\\/\\\/www.sensorialsunsets.com\\\/fr\\\/#organization\",\"name\":\"SensorialSunsets\",\"url\":\"https:\\\/\\\/www.sensorialsunsets.com\\\/fr\\\/\",\"logo\":{\"@type\":\"ImageObject\",\"inLanguage\":\"fr-FR\",\"@id\":\"https:\\\/\\\/www.sensorialsunsets.com\\\/fr\\\/#\\\/schema\\\/logo\\\/image\\\/\",\"url\":\"https:\\\/\\\/www.sensorialsunsets.com\\\/wp-content\\\/uploads\\\/2023\\\/04\\\/Logo_base_line_fond_clair.svg\",\"contentUrl\":\"https:\\\/\\\/www.sensorialsunsets.com\\\/wp-content\\\/uploads\\\/2023\\\/04\\\/Logo_base_line_fond_clair.svg\",\"width\":\"1024\",\"height\":\"1024\",\"caption\":\"SensorialSunsets\"},\"image\":{\"@id\":\"https:\\\/\\\/www.sensorialsunsets.com\\\/fr\\\/#\\\/schema\\\/logo\\\/image\\\/\"},\"sameAs\":[\"https:\\\/\\\/www.facebook.com\\\/Sensorial-Sunsets-109180614715562\",\"https:\\\/\\\/www.instagram.com\\\/sensorialsunsets\\\/\"]},{\"@type\":\"Person\",\"@id\":\"https:\\\/\\\/www.sensorialsunsets.com\\\/fr\\\/#\\\/schema\\\/person\\\/738dbbb663091be189c03d8bf7f1707c\",\"name\":\"admin\",\"image\":{\"@type\":\"ImageObject\",\"inLanguage\":\"fr-FR\",\"@id\":\"https:\\\/\\\/secure.gravatar.com\\\/avatar\\\/7e6ea62ad413e64265919670246b2992f4d15ca38b994c27298b63a588dd8ba8?s=96&d=mm&r=g\",\"url\":\"https:\\\/\\\/secure.gravatar.com\\\/avatar\\\/7e6ea62ad413e64265919670246b2992f4d15ca38b994c27298b63a588dd8ba8?s=96&d=mm&r=g\",\"contentUrl\":\"https:\\\/\\\/secure.gravatar.com\\\/avatar\\\/7e6ea62ad413e64265919670246b2992f4d15ca38b994c27298b63a588dd8ba8?s=96&d=mm&r=g\",\"caption\":\"admin\"},\"sameAs\":[\"https:\\\/\\\/www.sensorialsunsets.com\"],\"url\":\"https:\\\/\\\/www.sensorialsunsets.com\\\/fr\\\/author\\\/admin\\\/\"}]}<\/script>\n<!-- \/ Yoast SEO plugin. -->","yoast_head_json":{"title":"Le Costa Rica, un pont gastronomique - SensorialSunsets","description":"Au Costa Rica, la tendance \u00e0 explorer de nouvelles recettes \u00e0 partir d'ingr\u00e9dients traditionnels est en augmentation. Il y a de plus en plus de restaurants qui cherchent \u00e0 r\u00e9interpr\u00e9ter la cuisine costaricienne en utilisant des produits locaux et traditionnels pour cr\u00e9er de nouvelles recettes.","robots":{"index":"index","follow":"follow","max-snippet":"max-snippet:-1","max-image-preview":"max-image-preview:large","max-video-preview":"max-video-preview:-1"},"canonical":"https:\/\/www.sensorialsunsets.com\/fr\/le-costa-rica-un-pont-gastronomique\/","og_locale":"fr_FR","og_type":"article","og_title":"Le Costa Rica, un pont gastronomique - SensorialSunsets","og_description":"Au Costa Rica, la tendance \u00e0 explorer de nouvelles recettes \u00e0 partir d'ingr\u00e9dients traditionnels est en augmentation. Il y a de plus en plus de restaurants qui cherchent \u00e0 r\u00e9interpr\u00e9ter la cuisine costaricienne en utilisant des produits locaux et traditionnels pour cr\u00e9er de nouvelles recettes.","og_url":"https:\/\/www.sensorialsunsets.com\/fr\/le-costa-rica-un-pont-gastronomique\/","og_site_name":"SensorialSunsets","article_publisher":"https:\/\/www.facebook.com\/Sensorial-Sunsets-109180614715562","article_published_time":"2021-08-23T18:10:35+00:00","article_modified_time":"2022-05-03T20:55:22+00:00","og_image":[{"width":419,"height":559,"url":"https:\/\/www.sensorialsunsets.com\/wp-content\/uploads\/2021\/08\/puente-2.jpg","type":"image\/jpeg"}],"author":"admin","twitter_card":"summary_large_image","twitter_misc":{"\u00c9crit par":"admin","Dur\u00e9e de lecture estim\u00e9e":"6 minutes"},"schema":{"@context":"https:\/\/schema.org","@graph":[{"@type":"Article","@id":"https:\/\/www.sensorialsunsets.com\/fr\/le-costa-rica-un-pont-gastronomique\/#article","isPartOf":{"@id":"https:\/\/www.sensorialsunsets.com\/fr\/le-costa-rica-un-pont-gastronomique\/"},"author":{"name":"admin","@id":"https:\/\/www.sensorialsunsets.com\/fr\/#\/schema\/person\/738dbbb663091be189c03d8bf7f1707c"},"headline":"Le Costa Rica, un pont gastronomique","datePublished":"2021-08-23T18:10:35+00:00","dateModified":"2022-05-03T20:55:22+00:00","mainEntityOfPage":{"@id":"https:\/\/www.sensorialsunsets.com\/fr\/le-costa-rica-un-pont-gastronomique\/"},"wordCount":1319,"publisher":{"@id":"https:\/\/www.sensorialsunsets.com\/fr\/#organization"},"image":{"@id":"https:\/\/www.sensorialsunsets.com\/fr\/le-costa-rica-un-pont-gastronomique\/#primaryimage"},"thumbnailUrl":"https:\/\/www.sensorialsunsets.com\/wp-content\/uploads\/2021\/08\/puente-2.jpg","articleSection":["Costa Rica","Culture","Gastronomie"],"inLanguage":"fr-FR"},{"@type":"WebPage","@id":"https:\/\/www.sensorialsunsets.com\/fr\/le-costa-rica-un-pont-gastronomique\/","url":"https:\/\/www.sensorialsunsets.com\/fr\/le-costa-rica-un-pont-gastronomique\/","name":"Le Costa Rica, un pont gastronomique - SensorialSunsets","isPartOf":{"@id":"https:\/\/www.sensorialsunsets.com\/fr\/#website"},"primaryImageOfPage":{"@id":"https:\/\/www.sensorialsunsets.com\/fr\/le-costa-rica-un-pont-gastronomique\/#primaryimage"},"image":{"@id":"https:\/\/www.sensorialsunsets.com\/fr\/le-costa-rica-un-pont-gastronomique\/#primaryimage"},"thumbnailUrl":"https:\/\/www.sensorialsunsets.com\/wp-content\/uploads\/2021\/08\/puente-2.jpg","datePublished":"2021-08-23T18:10:35+00:00","dateModified":"2022-05-03T20:55:22+00:00","description":"Au Costa Rica, la tendance \u00e0 explorer de nouvelles recettes \u00e0 partir d'ingr\u00e9dients traditionnels est en augmentation. Il y a de plus en plus de restaurants qui cherchent \u00e0 r\u00e9interpr\u00e9ter la cuisine costaricienne en utilisant des produits locaux et traditionnels pour cr\u00e9er de nouvelles recettes.","inLanguage":"fr-FR","potentialAction":[{"@type":"ReadAction","target":["https:\/\/www.sensorialsunsets.com\/fr\/le-costa-rica-un-pont-gastronomique\/"]}]},{"@type":"ImageObject","inLanguage":"fr-FR","@id":"https:\/\/www.sensorialsunsets.com\/fr\/le-costa-rica-un-pont-gastronomique\/#primaryimage","url":"https:\/\/www.sensorialsunsets.com\/wp-content\/uploads\/2021\/08\/puente-2.jpg","contentUrl":"https:\/\/www.sensorialsunsets.com\/wp-content\/uploads\/2021\/08\/puente-2.jpg","width":419,"height":559},{"@type":"WebSite","@id":"https:\/\/www.sensorialsunsets.com\/fr\/#website","url":"https:\/\/www.sensorialsunsets.com\/fr\/","name":"SensorialSunsets.com","description":"D\u00e9couvrez la culture et la soci\u00e9t\u00e9 du Costa Rica sur notre blog. Explorez des articles captivants et partagez le contenu.","publisher":{"@id":"https:\/\/www.sensorialsunsets.com\/fr\/#organization"},"alternateName":"Costa Rica Live Blog","potentialAction":[{"@type":"SearchAction","target":{"@type":"EntryPoint","urlTemplate":"https:\/\/www.sensorialsunsets.com\/fr\/?s={search_term_string}"},"query-input":{"@type":"PropertyValueSpecification","valueRequired":true,"valueName":"search_term_string"}}],"inLanguage":"fr-FR"},{"@type":"Organization","@id":"https:\/\/www.sensorialsunsets.com\/fr\/#organization","name":"SensorialSunsets","url":"https:\/\/www.sensorialsunsets.com\/fr\/","logo":{"@type":"ImageObject","inLanguage":"fr-FR","@id":"https:\/\/www.sensorialsunsets.com\/fr\/#\/schema\/logo\/image\/","url":"https:\/\/www.sensorialsunsets.com\/wp-content\/uploads\/2023\/04\/Logo_base_line_fond_clair.svg","contentUrl":"https:\/\/www.sensorialsunsets.com\/wp-content\/uploads\/2023\/04\/Logo_base_line_fond_clair.svg","width":"1024","height":"1024","caption":"SensorialSunsets"},"image":{"@id":"https:\/\/www.sensorialsunsets.com\/fr\/#\/schema\/logo\/image\/"},"sameAs":["https:\/\/www.facebook.com\/Sensorial-Sunsets-109180614715562","https:\/\/www.instagram.com\/sensorialsunsets\/"]},{"@type":"Person","@id":"https:\/\/www.sensorialsunsets.com\/fr\/#\/schema\/person\/738dbbb663091be189c03d8bf7f1707c","name":"admin","image":{"@type":"ImageObject","inLanguage":"fr-FR","@id":"https:\/\/secure.gravatar.com\/avatar\/7e6ea62ad413e64265919670246b2992f4d15ca38b994c27298b63a588dd8ba8?s=96&d=mm&r=g","url":"https:\/\/secure.gravatar.com\/avatar\/7e6ea62ad413e64265919670246b2992f4d15ca38b994c27298b63a588dd8ba8?s=96&d=mm&r=g","contentUrl":"https:\/\/secure.gravatar.com\/avatar\/7e6ea62ad413e64265919670246b2992f4d15ca38b994c27298b63a588dd8ba8?s=96&d=mm&r=g","caption":"admin"},"sameAs":["https:\/\/www.sensorialsunsets.com"],"url":"https:\/\/www.sensorialsunsets.com\/fr\/author\/admin\/"}]}},"_links":{"self":[{"href":"https:\/\/www.sensorialsunsets.com\/fr\/wp-json\/wp\/v2\/posts\/504","targetHints":{"allow":["GET"]}}],"collection":[{"href":"https:\/\/www.sensorialsunsets.com\/fr\/wp-json\/wp\/v2\/posts"}],"about":[{"href":"https:\/\/www.sensorialsunsets.com\/fr\/wp-json\/wp\/v2\/types\/post"}],"author":[{"embeddable":true,"href":"https:\/\/www.sensorialsunsets.com\/fr\/wp-json\/wp\/v2\/users\/1"}],"replies":[{"embeddable":true,"href":"https:\/\/www.sensorialsunsets.com\/fr\/wp-json\/wp\/v2\/comments?post=504"}],"version-history":[{"count":0,"href":"https:\/\/www.sensorialsunsets.com\/fr\/wp-json\/wp\/v2\/posts\/504\/revisions"}],"wp:featuredmedia":[{"embeddable":true,"href":"https:\/\/www.sensorialsunsets.com\/fr\/wp-json\/wp\/v2\/media\/508"}],"wp:attachment":[{"href":"https:\/\/www.sensorialsunsets.com\/fr\/wp-json\/wp\/v2\/media?parent=504"}],"wp:term":[{"taxonomy":"category","embeddable":true,"href":"https:\/\/www.sensorialsunsets.com\/fr\/wp-json\/wp\/v2\/categories?post=504"},{"taxonomy":"post_tag","embeddable":true,"href":"https:\/\/www.sensorialsunsets.com\/fr\/wp-json\/wp\/v2\/tags?post=504"}],"curies":[{"name":"wp","href":"https:\/\/api.w.org\/{rel}","templated":true}]}}